{"id":254074,"date":"2024-02-15T06:28:22","date_gmt":"2024-02-15T09:28:22","guid":{"rendered":"https:\/\/diariotextual.com\/inicio\/?p=254074"},"modified":"2024-02-15T19:13:32","modified_gmt":"2024-02-15T22:13:32","slug":"milei-voy-a-eliminar-todas-las-cajas-negras-de-la-politica","status":"publish","type":"post","link":"https:\/\/diariotextual.com\/inicio\/index.php\/2024\/02\/15\/milei-voy-a-eliminar-todas-las-cajas-negras-de-la-politica\/","title":{"rendered":"Milei: \u201cVoy a eliminar todas las cajas negras de la pol\u00edtica\u201d"},"content":{"rendered":"\n<p>Luego de que <strong>Cristina Fern\u00e1ndez de Kirchner<\/strong> publicara un extenso texto con duras cr\u00edticas a su gobierno, el presidente <strong>Javier Milei l<\/strong>e respondi\u00f3. \u201cCometi\u00f3 muchos errores en su carta\u201d, dijo. \u201cIgnora cuestiones b\u00e1sicas de la econom\u00eda\u201d, sostuvo.<\/p>\n\n\n\n<p>Tambi\u00e9n apunt\u00f3 contra un sector de la oposici\u00f3n que no acompa\u00f1\u00f3 la ley \u00f3mnibus en el Congreso y acus\u00f3 a algunos diputados de \u201cdelincuentes\u201d. En ese sentido, confirm\u00f3 que va a eliminar todos los fideicomisos mediante un decreto, aunque no adelant\u00f3 cu\u00e1ndo avanzar\u00eda con la medida.<\/p>\n\n\n\n<p><strong>\u201cVoy a eliminar todas las cajas negras de la pol\u00edtica. \u00bfTen\u00e9s alguna duda que yo voy a hacer el decreto que los limpie (los fideicomisos)? Si los tengo a tiro de un decreto, \u00a1anot\u00e1los!\u201d<\/strong>, lanz\u00f3. \u201cHay m\u00e1s curros de los que imaginaba\u201d, dispar\u00f3.<\/p>\n\n\n\n<p>En ese sentido, el l\u00edder de La Libertad Avanza dijo que \u201chay diputados que se disfrazan de ovejas y son lobos\u201d, en un mensaje a los de Juntos por el Cambio. \u201cEs bueno que se sepa qui\u00e9nes votaron a favor y en contra del proyecto\u201d, dijo, en una forma de defender la lista de \u201ctraidores\u201d que comparti\u00f3 en redes sociales.<\/p>\n\n\n\n<p>\u201cLo m\u00e1s maravilloso que paso con la ley fue que cuando la desguazaron, dejaron en evidencia quienes estaban sucios y quienes no. Mostr\u00f3 quienes quieren mantener privilegios. Por eso retir\u00e9 la ley. Logr\u00e9 mi objetivo de que la gente sepa qui\u00e9nes son los delincuentes que votaron a favor de los curros\u201d, insisti\u00f3. \u201cQuedaron con los dedos sucios ante la gente. En 2025 no los van a votar\u201d, advirti\u00f3.<\/p>\n","protected":false},"excerpt":{"rendered":"<p>Luego de que Cristina Fern\u00e1ndez de Kirchner publicara un extenso texto con duras cr\u00edticas a su gobierno, el presidente Javier Milei le respondi\u00f3. \u201cCometi\u00f3 muchos errores en su carta\u201d, dijo.&hellip;<\/p>\n","protected":false},"author":3,"featured_media":248673,"comment_status":"closed","ping_status":"open","sticky":false,"template":"","format":"standard","meta":{"_acf_changed":false,"footnotes":""},"categories":[1,8],"tags":[],"class_list":["post-254074","post","type-post","status-publish","format-standard","has-post-thumbnail","hentry","category-es-noticia","category-politica"],"acf":[],"yoast_head":"<!-- This site is optimized with the Yoast SEO plugin v27.5 - https:\/\/yoast.com\/product\/yoast-seo-wordpress\/ -->\n<title>Milei: \u201cVoy a eliminar todas las cajas negras de la pol\u00edtica\u201d - Diario Textual<\/title>\n<meta name=\"robots\" content=\"index, follow, max-snippet:-1, max-image-preview:large, max-video-preview:-1\" \/>\n<link rel=\"canonical\" href=\"https:\/\/diariotextual.com\/inicio\/index.php\/2024\/02\/15\/milei-voy-a-eliminar-todas-las-cajas-negras-de-la-politica\/\" \/>\n<meta property=\"og:locale\" content=\"es_ES\" \/>\n<meta property=\"og:type\" content=\"article\" \/>\n<meta property=\"og:title\" content=\"Milei: \u201cVoy a eliminar todas las cajas negras de la pol\u00edtica\u201d - Diario Textual\" \/>\n<meta property=\"og:description\" content=\"Luego de que Cristina Fern\u00e1ndez de Kirchner publicara un extenso texto con duras cr\u00edticas a su gobierno, el presidente Javier Milei le respondi\u00f3. \u201cCometi\u00f3 muchos errores en su carta\u201d, dijo.&hellip;\" \/>\n<meta property=\"og:url\" content=\"https:\/\/diariotextual.com\/inicio\/index.php\/2024\/02\/15\/milei-voy-a-eliminar-todas-las-cajas-negras-de-la-politica\/\" \/>\n<meta property=\"og:site_name\" content=\"Diario Textual\" \/>\n<meta property=\"article:publisher\" content=\"https:\/\/www.facebook.com\/eltextual\" \/>\n<meta property=\"article:published_time\" content=\"2024-02-15T09:28:22+00:00\" \/>\n<meta property=\"article:modified_time\" content=\"2024-02-15T22:13:32+00:00\" \/>\n<meta property=\"og:image\" content=\"https:\/\/diariotextual.com\/inicio\/wp-content\/uploads\/2023\/12\/mileijavierdespacho2023-1.jpg\" \/>\n\t<meta property=\"og:image:width\" content=\"1200\" \/>\n\t<meta property=\"og:image:height\" content=\"675\" \/>\n\t<meta property=\"og:image:type\" content=\"image\/jpeg\" \/>\n<meta name=\"author\" content=\"Diario1 Diario1\" \/>\n<meta name=\"twitter:card\" content=\"summary_large_image\" \/>\n<meta name=\"twitter:creator\" content=\"@eltextual\" \/>\n<meta name=\"twitter:site\" content=\"@eltextual\" \/>\n<meta name=\"twitter:label1\" content=\"Escrito por\" \/>\n\t<meta name=\"twitter:data1\" content=\"Diario1 Diario1\" \/>\n\t<meta name=\"twitter:label2\" content=\"Tiempo de lectura\" \/>\n\t<meta name=\"twitter:data2\" content=\"2 minutos\" \/>\n<script type=\"application\/ld+json\" class=\"yoast-schema-graph\">{\"@context\":\"https:\\\/\\\/schema.org\",\"@graph\":[{\"@type\":\"Article\",\"@id\":\"https:\\\/\\\/diariotextual.com\\\/inicio\\\/index.php\\\/2024\\\/02\\\/15\\\/milei-voy-a-eliminar-todas-las-cajas-negras-de-la-politica\\\/#article\",\"isPartOf\":{\"@id\":\"https:\\\/\\\/diariotextual.com\\\/inicio\\\/index.php\\\/2024\\\/02\\\/15\\\/milei-voy-a-eliminar-todas-las-cajas-negras-de-la-politica\\\/\"},\"author\":{\"name\":\"Diario1 Diario1\",\"@id\":\"https:\\\/\\\/diariotextual.com\\\/inicio\\\/#\\\/schema\\\/person\\\/418fc4093c33e86ed41562db3508f958\"},\"headline\":\"Milei: \u201cVoy a eliminar todas las cajas negras de la pol\u00edtica\u201d\",\"datePublished\":\"2024-02-15T09:28:22+00:00\",\"dateModified\":\"2024-02-15T22:13:32+00:00\",\"mainEntityOfPage\":{\"@id\":\"https:\\\/\\\/diariotextual.com\\\/inicio\\\/index.php\\\/2024\\\/02\\\/15\\\/milei-voy-a-eliminar-todas-las-cajas-negras-de-la-politica\\\/\"},\"wordCount\":281,\"publisher\":{\"@id\":\"https:\\\/\\\/diariotextual.com\\\/inicio\\\/#organization\"},\"image\":{\"@id\":\"https:\\\/\\\/diariotextual.com\\\/inicio\\\/index.php\\\/2024\\\/02\\\/15\\\/milei-voy-a-eliminar-todas-las-cajas-negras-de-la-politica\\\/#primaryimage\"},\"thumbnailUrl\":\"https:\\\/\\\/diariotextual.com\\\/inicio\\\/wp-content\\\/uploads\\\/2023\\\/12\\\/mileijavierdespacho2023-1.jpg\",\"articleSection\":[\"A - ES NOTICIA (van abajo)\",\"POLITICA\"],\"inLanguage\":\"es\"},{\"@type\":\"WebPage\",\"@id\":\"https:\\\/\\\/diariotextual.com\\\/inicio\\\/index.php\\\/2024\\\/02\\\/15\\\/milei-voy-a-eliminar-todas-las-cajas-negras-de-la-politica\\\/\",\"url\":\"https:\\\/\\\/diariotextual.com\\\/inicio\\\/index.php\\\/2024\\\/02\\\/15\\\/milei-voy-a-eliminar-todas-las-cajas-negras-de-la-politica\\\/\",\"name\":\"Milei: \u201cVoy a eliminar todas las cajas negras de la pol\u00edtica\u201d - Diario Textual\",\"isPartOf\":{\"@id\":\"https:\\\/\\\/diariotextual.com\\\/inicio\\\/#website\"},\"primaryImageOfPage\":{\"@id\":\"https:\\\/\\\/diariotextual.com\\\/inicio\\\/index.php\\\/2024\\\/02\\\/15\\\/milei-voy-a-eliminar-todas-las-cajas-negras-de-la-politica\\\/#primaryimage\"},\"image\":{\"@id\":\"https:\\\/\\\/diariotextual.com\\\/inicio\\\/index.php\\\/2024\\\/02\\\/15\\\/milei-voy-a-eliminar-todas-las-cajas-negras-de-la-politica\\\/#primaryimage\"},\"thumbnailUrl\":\"https:\\\/\\\/diariotextual.com\\\/inicio\\\/wp-content\\\/uploads\\\/2023\\\/12\\\/mileijavierdespacho2023-1.jpg\",\"datePublished\":\"2024-02-15T09:28:22+00:00\",\"dateModified\":\"2024-02-15T22:13:32+00:00\",\"breadcrumb\":{\"@id\":\"https:\\\/\\\/diariotextual.com\\\/inicio\\\/index.php\\\/2024\\\/02\\\/15\\\/milei-voy-a-eliminar-todas-las-cajas-negras-de-la-politica\\\/#breadcrumb\"},\"inLanguage\":\"es\",\"potentialAction\":[{\"@type\":\"ReadAction\",\"target\":[\"https:\\\/\\\/diariotextual.com\\\/inicio\\\/index.php\\\/2024\\\/02\\\/15\\\/milei-voy-a-eliminar-todas-las-cajas-negras-de-la-politica\\\/\"]}]},{\"@type\":\"ImageObject\",\"inLanguage\":\"es\",\"@id\":\"https:\\\/\\\/diariotextual.com\\\/inicio\\\/index.php\\\/2024\\\/02\\\/15\\\/milei-voy-a-eliminar-todas-las-cajas-negras-de-la-politica\\\/#primaryimage\",\"url\":\"https:\\\/\\\/diariotextual.com\\\/inicio\\\/wp-content\\\/uploads\\\/2023\\\/12\\\/mileijavierdespacho2023-1.jpg\",\"contentUrl\":\"https:\\\/\\\/diariotextual.com\\\/inicio\\\/wp-content\\\/uploads\\\/2023\\\/12\\\/mileijavierdespacho2023-1.jpg\",\"width\":1200,\"height\":675},{\"@type\":\"BreadcrumbList\",\"@id\":\"https:\\\/\\\/diariotextual.com\\\/inicio\\\/index.php\\\/2024\\\/02\\\/15\\\/milei-voy-a-eliminar-todas-las-cajas-negras-de-la-politica\\\/#breadcrumb\",\"itemListElement\":[{\"@type\":\"ListItem\",\"position\":1,\"name\":\"Portada\",\"item\":\"https:\\\/\\\/diariotextual.com\\\/inicio\\\/\"},{\"@type\":\"ListItem\",\"position\":2,\"name\":\"Milei: \u201cVoy a eliminar todas las cajas negras de la pol\u00edtica\u201d\"}]},{\"@type\":\"WebSite\",\"@id\":\"https:\\\/\\\/diariotextual.com\\\/inicio\\\/#website\",\"url\":\"https:\\\/\\\/diariotextual.com\\\/inicio\\\/\",\"name\":\"Diario Textual\",\"description\":\"\",\"publisher\":{\"@id\":\"https:\\\/\\\/diariotextual.com\\\/inicio\\\/#organization\"},\"potentialAction\":[{\"@type\":\"SearchAction\",\"target\":{\"@type\":\"EntryPoint\",\"urlTemplate\":\"https:\\\/\\\/diariotextual.com\\\/inicio\\\/?s={search_term_string}\"},\"query-input\":{\"@type\":\"PropertyValueSpecification\",\"valueRequired\":true,\"valueName\":\"search_term_string\"}}],\"inLanguage\":\"es\"},{\"@type\":\"Organization\",\"@id\":\"https:\\\/\\\/diariotextual.com\\\/inicio\\\/#organization\",\"name\":\"Diario Textual\",\"url\":\"https:\\\/\\\/diariotextual.com\\\/inicio\\\/\",\"logo\":{\"@type\":\"ImageObject\",\"inLanguage\":\"es\",\"@id\":\"https:\\\/\\\/diariotextual.com\\\/inicio\\\/#\\\/schema\\\/logo\\\/image\\\/\",\"url\":\"https:\\\/\\\/diariotextual.com\\\/inicio\\\/wp-content\\\/uploads\\\/2023\\\/05\\\/logotextual1.jpg\",\"contentUrl\":\"https:\\\/\\\/diariotextual.com\\\/inicio\\\/wp-content\\\/uploads\\\/2023\\\/05\\\/logotextual1.jpg\",\"width\":516,\"height\":76,\"caption\":\"Diario Textual\"},\"image\":{\"@id\":\"https:\\\/\\\/diariotextual.com\\\/inicio\\\/#\\\/schema\\\/logo\\\/image\\\/\"},\"sameAs\":[\"https:\\\/\\\/www.facebook.com\\\/eltextual\",\"https:\\\/\\\/x.com\\\/eltextual\",\"http:\\\/\\\/www.instagram.com\\\/eltextual\"]},{\"@type\":\"Person\",\"@id\":\"https:\\\/\\\/diariotextual.com\\\/inicio\\\/#\\\/schema\\\/person\\\/418fc4093c33e86ed41562db3508f958\",\"name\":\"Diario1 Diario1\",\"image\":{\"@type\":\"ImageObject\",\"inLanguage\":\"es\",\"@id\":\"https:\\\/\\\/secure.gravatar.com\\\/avatar\\\/9167d280179c85bc18be67aa7eda765854300033af4896dd779b608640f2ef7a?s=96&d=mm&r=g\",\"url\":\"https:\\\/\\\/secure.gravatar.com\\\/avatar\\\/9167d280179c85bc18be67aa7eda765854300033af4896dd779b608640f2ef7a?s=96&d=mm&r=g\",\"contentUrl\":\"https:\\\/\\\/secure.gravatar.com\\\/avatar\\\/9167d280179c85bc18be67aa7eda765854300033af4896dd779b608640f2ef7a?s=96&d=mm&r=g\",\"caption\":\"Diario1 Diario1\"},\"url\":\"https:\\\/\\\/diariotextual.com\\\/inicio\\\/index.php\\\/author\\\/diario1\\\/\"}]}<\/script>\n<!-- \/ Yoast SEO plugin. -->","yoast_head_json":{"title":"Milei: \u201cVoy a eliminar todas las cajas negras de la pol\u00edtica\u201d - Diario Textual","robots":{"index":"index","follow":"follow","max-snippet":"max-snippet:-1","max-image-preview":"max-image-preview:large","max-video-preview":"max-video-preview:-1"},"canonical":"https:\/\/diariotextual.com\/inicio\/index.php\/2024\/02\/15\/milei-voy-a-eliminar-todas-las-cajas-negras-de-la-politica\/","og_locale":"es_ES","og_type":"article","og_title":"Milei: \u201cVoy a eliminar todas las cajas negras de la pol\u00edtica\u201d - Diario Textual","og_description":"Luego de que Cristina Fern\u00e1ndez de Kirchner publicara un extenso texto con duras cr\u00edticas a su gobierno, el presidente Javier Milei le respondi\u00f3. \u201cCometi\u00f3 muchos errores en su carta\u201d, dijo.&hellip;","og_url":"https:\/\/diariotextual.com\/inicio\/index.php\/2024\/02\/15\/milei-voy-a-eliminar-todas-las-cajas-negras-de-la-politica\/","og_site_name":"Diario Textual","article_publisher":"https:\/\/www.facebook.com\/eltextual","article_published_time":"2024-02-15T09:28:22+00:00","article_modified_time":"2024-02-15T22:13:32+00:00","og_image":[{"width":1200,"height":675,"url":"https:\/\/diariotextual.com\/inicio\/wp-content\/uploads\/2023\/12\/mileijavierdespacho2023-1.jpg","type":"image\/jpeg"}],"author":"Diario1 Diario1","twitter_card":"summary_large_image","twitter_creator":"@eltextual","twitter_site":"@eltextual","twitter_misc":{"Escrito por":"Diario1 Diario1","Tiempo de lectura":"2 minutos"},"schema":{"@context":"https:\/\/schema.org","@graph":[{"@type":"Article","@id":"https:\/\/diariotextual.com\/inicio\/index.php\/2024\/02\/15\/milei-voy-a-eliminar-todas-las-cajas-negras-de-la-politica\/#article","isPartOf":{"@id":"https:\/\/diariotextual.com\/inicio\/index.php\/2024\/02\/15\/milei-voy-a-eliminar-todas-las-cajas-negras-de-la-politica\/"},"author":{"name":"Diario1 Diario1","@id":"https:\/\/diariotextual.com\/inicio\/#\/schema\/person\/418fc4093c33e86ed41562db3508f958"},"headline":"Milei: \u201cVoy a eliminar todas las cajas negras de la pol\u00edtica\u201d","datePublished":"2024-02-15T09:28:22+00:00","dateModified":"2024-02-15T22:13:32+00:00","mainEntityOfPage":{"@id":"https:\/\/diariotextual.com\/inicio\/index.php\/2024\/02\/15\/milei-voy-a-eliminar-todas-las-cajas-negras-de-la-politica\/"},"wordCount":281,"publisher":{"@id":"https:\/\/diariotextual.com\/inicio\/#organization"},"image":{"@id":"https:\/\/diariotextual.com\/inicio\/index.php\/2024\/02\/15\/milei-voy-a-eliminar-todas-las-cajas-negras-de-la-politica\/#primaryimage"},"thumbnailUrl":"https:\/\/diariotextual.com\/inicio\/wp-content\/uploads\/2023\/12\/mileijavierdespacho2023-1.jpg","articleSection":["A - ES NOTICIA (van abajo)","POLITICA"],"inLanguage":"es"},{"@type":"WebPage","@id":"https:\/\/diariotextual.com\/inicio\/index.php\/2024\/02\/15\/milei-voy-a-eliminar-todas-las-cajas-negras-de-la-politica\/","url":"https:\/\/diariotextual.com\/inicio\/index.php\/2024\/02\/15\/milei-voy-a-eliminar-todas-las-cajas-negras-de-la-politica\/","name":"Milei: \u201cVoy a eliminar todas las cajas negras de la pol\u00edtica\u201d - Diario Textual","isPartOf":{"@id":"https:\/\/diariotextual.com\/inicio\/#website"},"primaryImageOfPage":{"@id":"https:\/\/diariotextual.com\/inicio\/index.php\/2024\/02\/15\/milei-voy-a-eliminar-todas-las-cajas-negras-de-la-politica\/#primaryimage"},"image":{"@id":"https:\/\/diariotextual.com\/inicio\/index.php\/2024\/02\/15\/milei-voy-a-eliminar-todas-las-cajas-negras-de-la-politica\/#primaryimage"},"thumbnailUrl":"https:\/\/diariotextual.com\/inicio\/wp-content\/uploads\/2023\/12\/mileijavierdespacho2023-1.jpg","datePublished":"2024-02-15T09:28:22+00:00","dateModified":"2024-02-15T22:13:32+00:00","breadcrumb":{"@id":"https:\/\/diariotextual.com\/inicio\/index.php\/2024\/02\/15\/milei-voy-a-eliminar-todas-las-cajas-negras-de-la-politica\/#breadcrumb"},"inLanguage":"es","potentialAction":[{"@type":"ReadAction","target":["https:\/\/diariotextual.com\/inicio\/index.php\/2024\/02\/15\/milei-voy-a-eliminar-todas-las-cajas-negras-de-la-politica\/"]}]},{"@type":"ImageObject","inLanguage":"es","@id":"https:\/\/diariotextual.com\/inicio\/index.php\/2024\/02\/15\/milei-voy-a-eliminar-todas-las-cajas-negras-de-la-politica\/#primaryimage","url":"https:\/\/diariotextual.com\/inicio\/wp-content\/uploads\/2023\/12\/mileijavierdespacho2023-1.jpg","contentUrl":"https:\/\/diariotextual.com\/inicio\/wp-content\/uploads\/2023\/12\/mileijavierdespacho2023-1.jpg","width":1200,"height":675},{"@type":"BreadcrumbList","@id":"https:\/\/diariotextual.com\/inicio\/index.php\/2024\/02\/15\/milei-voy-a-eliminar-todas-las-cajas-negras-de-la-politica\/#breadcrumb","itemListElement":[{"@type":"ListItem","position":1,"name":"Portada","item":"https:\/\/diariotextual.com\/inicio\/"},{"@type":"ListItem","position":2,"name":"Milei: \u201cVoy a eliminar todas las cajas negras de la pol\u00edtica\u201d"}]},{"@type":"WebSite","@id":"https:\/\/diariotextual.com\/inicio\/#website","url":"https:\/\/diariotextual.com\/inicio\/","name":"Diario Textual","description":"","publisher":{"@id":"https:\/\/diariotextual.com\/inicio\/#organization"},"potentialAction":[{"@type":"SearchAction","target":{"@type":"EntryPoint","urlTemplate":"https:\/\/diariotextual.com\/inicio\/?s={search_term_string}"},"query-input":{"@type":"PropertyValueSpecification","valueRequired":true,"valueName":"search_term_string"}}],"inLanguage":"es"},{"@type":"Organization","@id":"https:\/\/diariotextual.com\/inicio\/#organization","name":"Diario Textual","url":"https:\/\/diariotextual.com\/inicio\/","logo":{"@type":"ImageObject","inLanguage":"es","@id":"https:\/\/diariotextual.com\/inicio\/#\/schema\/logo\/image\/","url":"https:\/\/diariotextual.com\/inicio\/wp-content\/uploads\/2023\/05\/logotextual1.jpg","contentUrl":"https:\/\/diariotextual.com\/inicio\/wp-content\/uploads\/2023\/05\/logotextual1.jpg","width":516,"height":76,"caption":"Diario Textual"},"image":{"@id":"https:\/\/diariotextual.com\/inicio\/#\/schema\/logo\/image\/"},"sameAs":["https:\/\/www.facebook.com\/eltextual","https:\/\/x.com\/eltextual","http:\/\/www.instagram.com\/eltextual"]},{"@type":"Person","@id":"https:\/\/diariotextual.com\/inicio\/#\/schema\/person\/418fc4093c33e86ed41562db3508f958","name":"Diario1 Diario1","image":{"@type":"ImageObject","inLanguage":"es","@id":"https:\/\/secure.gravatar.com\/avatar\/9167d280179c85bc18be67aa7eda765854300033af4896dd779b608640f2ef7a?s=96&d=mm&r=g","url":"https:\/\/secure.gravatar.com\/avatar\/9167d280179c85bc18be67aa7eda765854300033af4896dd779b608640f2ef7a?s=96&d=mm&r=g","contentUrl":"https:\/\/secure.gravatar.com\/avatar\/9167d280179c85bc18be67aa7eda765854300033af4896dd779b608640f2ef7a?s=96&d=mm&r=g","caption":"Diario1 Diario1"},"url":"https:\/\/diariotextual.com\/inicio\/index.php\/author\/diario1\/"}]}},"_links":{"self":[{"href":"https:\/\/diariotextual.com\/inicio\/index.php\/wp-json\/wp\/v2\/posts\/254074","targetHints":{"allow":["GET"]}}],"collection":[{"href":"https:\/\/diariotextual.com\/inicio\/index.php\/wp-json\/wp\/v2\/posts"}],"about":[{"href":"https:\/\/diariotextual.com\/inicio\/index.php\/wp-json\/wp\/v2\/types\/post"}],"author":[{"embeddable":true,"href":"https:\/\/diariotextual.com\/inicio\/index.php\/wp-json\/wp\/v2\/users\/3"}],"replies":[{"embeddable":true,"href":"https:\/\/diariotextual.com\/inicio\/index.php\/wp-json\/wp\/v2\/comments?post=254074"}],"version-history":[{"count":1,"href":"https:\/\/diariotextual.com\/inicio\/index.php\/wp-json\/wp\/v2\/posts\/254074\/revisions"}],"predecessor-version":[{"id":254075,"href":"https:\/\/diariotextual.com\/inicio\/index.php\/wp-json\/wp\/v2\/posts\/254074\/revisions\/254075"}],"wp:featuredmedia":[{"embeddable":true,"href":"https:\/\/diariotextual.com\/inicio\/index.php\/wp-json\/wp\/v2\/media\/248673"}],"wp:attachment":[{"href":"https:\/\/diariotextual.com\/inicio\/index.php\/wp-json\/wp\/v2\/media?parent=254074"}],"wp:term":[{"taxonomy":"category","embeddable":true,"href":"https:\/\/diariotextual.com\/inicio\/index.php\/wp-json\/wp\/v2\/categories?post=254074"},{"taxonomy":"post_tag","embeddable":true,"href":"https:\/\/diariotextual.com\/inicio\/index.php\/wp-json\/wp\/v2\/tags?post=254074"}],"curies":[{"name":"wp","href":"https:\/\/api.w.org\/{rel}","templated":true}]}}