{"id":254120,"date":"2024-02-15T18:43:59","date_gmt":"2024-02-15T21:43:59","guid":{"rendered":"https:\/\/diariotextual.com\/inicio\/?p=254120"},"modified":"2024-02-16T07:48:00","modified_gmt":"2024-02-16T10:48:00","slug":"bullrich-a-mauricio-macri-el-cambio-hay-que-apoyarlo-sin-especular","status":"publish","type":"post","link":"https:\/\/diariotextual.com\/inicio\/index.php\/2024\/02\/15\/bullrich-a-mauricio-macri-el-cambio-hay-que-apoyarlo-sin-especular\/","title":{"rendered":"Bullrich a Mauricio Macri: \u201cEl cambio hay que apoyarlo sin especular\u201d"},"content":{"rendered":"\n<p>La ministra de Seguridad, Patricia Bullrich, se diferenci\u00f3 hoy del expresidente Mauricio Macri y asegur\u00f3 que <strong>las repercusiones por la alianza entre el PRO y La Libertad Avanza (LLA) son \u201cespuma\u201d<\/strong>, dado que en la pr\u00e1ctica eso ya ocurre.<\/p>\n\n\n\n<p>\u201cEl acuerdo ha marchado, por eso el PRO vot\u00f3 masivamente la ley (\u00f3mnibus), en particular y en general\u201d, afirm\u00f3 Bullrich respecto de la posible fusi\u00f3n entre el partido que preside y el oficialismo.<\/p>\n\n\n\n<p>En esa l\u00ednea, la funcionaria rememor\u00f3 el conflicto que ese acercamiento gener\u00f3 en \u201csectores\u201d de Juntos por el Cambio que fueron \u201creacios a acompa\u00f1ar un cambio\u201d, lo que provoc\u00f3 \u201cuna crisis\u201d en la alianza que gobern\u00f3 el pa\u00eds entre 2016 y 2019.<\/p>\n\n\n\n<p>Con relaci\u00f3n a la alianza con LLA, Bullrich le baj\u00f3 el tono a las repercusiones que se generaron ente la eventual fusi\u00f3n con el oficialismo y apunt\u00f3 contra Macri y su potencial candidatura a presidir el partido amarillo.&nbsp;<\/p>\n\n\n\n<p>\u201c<strong>Toda esta espuma de que el PRO est\u00e1 aline\u00e1ndose, me parece que hay m\u00e1s espuma que otra cosa<\/strong>. O quiz\u00e1s tiene que ver con que el 19 de marzo hay elecciones internas en el PRO y va a cambiar el presidente\u201d, consider\u00f3 la ministra en declaraciones radiales.<\/p>\n\n\n\n<p>Cuando se refiri\u00f3 a la figura del ex mandatario, la titular de la cartera de Seguridad dijo que \u201cpuede presentarse con una lista\u201d, pero se neg\u00f3 a hablar en su nombre, inform\u00f3 la agencia de noticias NA.<\/p>\n\n\n\n<p>En tanto, Bullrich habl\u00f3 de los problemas que tuvo con el ex jefe de Estado cuando acept\u00f3 formar parte del Gabinete del presidente, Javier Milei, y manifest\u00f3 que no es un \u201cproblema de tironeo\u201d.<\/p>\n\n\n\n<p>\u201c<strong>El cambio hay que apoyarlo sin especulaciones. De frente. Yo soy m\u00e1s directa y no tengo que pedirle permiso a nadie<\/strong>. Lo que hago es coherente con lo que hicimos cuando salimos a apoyar a (Javier) Milei en la segunda vuelta\u201d, explic\u00f3.<\/p>\n\n\n\n<p>En este sentido, la integrante del Gabinete presidencial, afirm\u00f3: <strong>\u201cYo represento a una parte mayoritaria del PRO, por eso cuando nadie lo pensaba logr\u00e9 ganar la interna. <\/strong>Mostr\u00e9 que el pensamiento que ten\u00eda era el dominante en el partido y en la gente, porque no fue una interna cerrada\u201d.<\/p>\n\n\n\n<p>Las declaraciones de Bullrich ocurrieron mientras LLA y el PRO est\u00e1n llevando adelante negociaciones para converger en un s\u00f3lo partido que le de mayor volumen pol\u00edtico al oficialismo.<\/p>\n\n\n\n<p>A su vez, los dichos de la ministra se dieron en medio de la interna de cara a las elecciones en el partido amarillo que ocurrir\u00e1n en marzo.<\/p>\n","protected":false},"excerpt":{"rendered":"<p>La ministra de Seguridad, Patricia Bullrich, se diferenci\u00f3 hoy del expresidente Mauricio Macri y asegur\u00f3 que las repercusiones por la alianza entre el PRO y La Libertad Avanza (LLA) son&hellip;<\/p>\n","protected":false},"author":5,"featured_media":254121,"comment_status":"closed","ping_status":"open","sticky":false,"template":"","format":"standard","meta":{"_acf_changed":false,"footnotes":""},"categories":[1,8],"tags":[],"class_list":["post-254120","post","type-post","status-publish","format-standard","has-post-thumbnail","hentry","category-es-noticia","category-politica"],"acf":[],"yoast_head":"<!-- This site is optimized with the Yoast SEO plugin v27.5 - https:\/\/yoast.com\/product\/yoast-seo-wordpress\/ -->\n<title>Bullrich a Mauricio Macri: \u201cEl cambio hay que apoyarlo sin especular\u201d - Diario Textual<\/title>\n<meta name=\"robots\" content=\"index, follow, max-snippet:-1, max-image-preview:large, max-video-preview:-1\" \/>\n<link rel=\"canonical\" href=\"https:\/\/diariotextual.com\/inicio\/index.php\/2024\/02\/15\/bullrich-a-mauricio-macri-el-cambio-hay-que-apoyarlo-sin-especular\/\" \/>\n<meta property=\"og:locale\" content=\"es_ES\" \/>\n<meta property=\"og:type\" content=\"article\" \/>\n<meta property=\"og:title\" content=\"Bullrich a Mauricio Macri: \u201cEl cambio hay que apoyarlo sin especular\u201d - Diario Textual\" \/>\n<meta property=\"og:description\" content=\"La ministra de Seguridad, Patricia Bullrich, se diferenci\u00f3 hoy del expresidente Mauricio Macri y asegur\u00f3 que las repercusiones por la alianza entre el PRO y La Libertad Avanza (LLA) son&hellip;\" \/>\n<meta property=\"og:url\" content=\"https:\/\/diariotextual.com\/inicio\/index.php\/2024\/02\/15\/bullrich-a-mauricio-macri-el-cambio-hay-que-apoyarlo-sin-especular\/\" \/>\n<meta property=\"og:site_name\" content=\"Diario Textual\" \/>\n<meta property=\"article:publisher\" content=\"https:\/\/www.facebook.com\/eltextual\" \/>\n<meta property=\"article:published_time\" content=\"2024-02-15T21:43:59+00:00\" \/>\n<meta property=\"article:modified_time\" content=\"2024-02-16T10:48:00+00:00\" \/>\n<meta property=\"og:image\" content=\"https:\/\/diariotextual.com\/inicio\/wp-content\/uploads\/2024\/02\/bullrichmacri2024.jpg\" \/>\n\t<meta property=\"og:image:width\" content=\"1200\" \/>\n\t<meta property=\"og:image:height\" content=\"1050\" \/>\n\t<meta property=\"og:image:type\" content=\"image\/jpeg\" \/>\n<meta name=\"author\" content=\"diario3\" \/>\n<meta name=\"twitter:card\" content=\"summary_large_image\" \/>\n<meta name=\"twitter:creator\" content=\"@eltextual\" \/>\n<meta name=\"twitter:site\" content=\"@eltextual\" \/>\n<meta name=\"twitter:label1\" content=\"Escrito por\" \/>\n\t<meta name=\"twitter:data1\" content=\"diario3\" \/>\n\t<meta name=\"twitter:label2\" content=\"Tiempo de lectura\" \/>\n\t<meta name=\"twitter:data2\" content=\"3 minutos\" \/>\n<script type=\"application\/ld+json\" class=\"yoast-schema-graph\">{\"@context\":\"https:\\\/\\\/schema.org\",\"@graph\":[{\"@type\":\"Article\",\"@id\":\"https:\\\/\\\/diariotextual.com\\\/inicio\\\/index.php\\\/2024\\\/02\\\/15\\\/bullrich-a-mauricio-macri-el-cambio-hay-que-apoyarlo-sin-especular\\\/#article\",\"isPartOf\":{\"@id\":\"https:\\\/\\\/diariotextual.com\\\/inicio\\\/index.php\\\/2024\\\/02\\\/15\\\/bullrich-a-mauricio-macri-el-cambio-hay-que-apoyarlo-sin-especular\\\/\"},\"author\":{\"name\":\"diario3\",\"@id\":\"https:\\\/\\\/diariotextual.com\\\/inicio\\\/#\\\/schema\\\/person\\\/a1b6f563e0ee944c60f98119389a4d9f\"},\"headline\":\"Bullrich a Mauricio Macri: \u201cEl cambio hay que apoyarlo sin especular\u201d\",\"datePublished\":\"2024-02-15T21:43:59+00:00\",\"dateModified\":\"2024-02-16T10:48:00+00:00\",\"mainEntityOfPage\":{\"@id\":\"https:\\\/\\\/diariotextual.com\\\/inicio\\\/index.php\\\/2024\\\/02\\\/15\\\/bullrich-a-mauricio-macri-el-cambio-hay-que-apoyarlo-sin-especular\\\/\"},\"wordCount\":442,\"publisher\":{\"@id\":\"https:\\\/\\\/diariotextual.com\\\/inicio\\\/#organization\"},\"image\":{\"@id\":\"https:\\\/\\\/diariotextual.com\\\/inicio\\\/index.php\\\/2024\\\/02\\\/15\\\/bullrich-a-mauricio-macri-el-cambio-hay-que-apoyarlo-sin-especular\\\/#primaryimage\"},\"thumbnailUrl\":\"https:\\\/\\\/diariotextual.com\\\/inicio\\\/wp-content\\\/uploads\\\/2024\\\/02\\\/bullrichmacri2024.jpg\",\"articleSection\":[\"A - ES NOTICIA (van abajo)\",\"POLITICA\"],\"inLanguage\":\"es\"},{\"@type\":\"WebPage\",\"@id\":\"https:\\\/\\\/diariotextual.com\\\/inicio\\\/index.php\\\/2024\\\/02\\\/15\\\/bullrich-a-mauricio-macri-el-cambio-hay-que-apoyarlo-sin-especular\\\/\",\"url\":\"https:\\\/\\\/diariotextual.com\\\/inicio\\\/index.php\\\/2024\\\/02\\\/15\\\/bullrich-a-mauricio-macri-el-cambio-hay-que-apoyarlo-sin-especular\\\/\",\"name\":\"Bullrich a Mauricio Macri: \u201cEl cambio hay que apoyarlo sin especular\u201d - Diario Textual\",\"isPartOf\":{\"@id\":\"https:\\\/\\\/diariotextual.com\\\/inicio\\\/#website\"},\"primaryImageOfPage\":{\"@id\":\"https:\\\/\\\/diariotextual.com\\\/inicio\\\/index.php\\\/2024\\\/02\\\/15\\\/bullrich-a-mauricio-macri-el-cambio-hay-que-apoyarlo-sin-especular\\\/#primaryimage\"},\"image\":{\"@id\":\"https:\\\/\\\/diariotextual.com\\\/inicio\\\/index.php\\\/2024\\\/02\\\/15\\\/bullrich-a-mauricio-macri-el-cambio-hay-que-apoyarlo-sin-especular\\\/#primaryimage\"},\"thumbnailUrl\":\"https:\\\/\\\/diariotextual.com\\\/inicio\\\/wp-content\\\/uploads\\\/2024\\\/02\\\/bullrichmacri2024.jpg\",\"datePublished\":\"2024-02-15T21:43:59+00:00\",\"dateModified\":\"2024-02-16T10:48:00+00:00\",\"breadcrumb\":{\"@id\":\"https:\\\/\\\/diariotextual.com\\\/inicio\\\/index.php\\\/2024\\\/02\\\/15\\\/bullrich-a-mauricio-macri-el-cambio-hay-que-apoyarlo-sin-especular\\\/#breadcrumb\"},\"inLanguage\":\"es\",\"potentialAction\":[{\"@type\":\"ReadAction\",\"target\":[\"https:\\\/\\\/diariotextual.com\\\/inicio\\\/index.php\\\/2024\\\/02\\\/15\\\/bullrich-a-mauricio-macri-el-cambio-hay-que-apoyarlo-sin-especular\\\/\"]}]},{\"@type\":\"ImageObject\",\"inLanguage\":\"es\",\"@id\":\"https:\\\/\\\/diariotextual.com\\\/inicio\\\/index.php\\\/2024\\\/02\\\/15\\\/bullrich-a-mauricio-macri-el-cambio-hay-que-apoyarlo-sin-especular\\\/#primaryimage\",\"url\":\"https:\\\/\\\/diariotextual.com\\\/inicio\\\/wp-content\\\/uploads\\\/2024\\\/02\\\/bullrichmacri2024.jpg\",\"contentUrl\":\"https:\\\/\\\/diariotextual.com\\\/inicio\\\/wp-content\\\/uploads\\\/2024\\\/02\\\/bullrichmacri2024.jpg\",\"width\":1200,\"height\":1050},{\"@type\":\"BreadcrumbList\",\"@id\":\"https:\\\/\\\/diariotextual.com\\\/inicio\\\/index.php\\\/2024\\\/02\\\/15\\\/bullrich-a-mauricio-macri-el-cambio-hay-que-apoyarlo-sin-especular\\\/#breadcrumb\",\"itemListElement\":[{\"@type\":\"ListItem\",\"position\":1,\"name\":\"Portada\",\"item\":\"https:\\\/\\\/diariotextual.com\\\/inicio\\\/\"},{\"@type\":\"ListItem\",\"position\":2,\"name\":\"Bullrich a Mauricio Macri: \u201cEl cambio hay que apoyarlo sin especular\u201d\"}]},{\"@type\":\"WebSite\",\"@id\":\"https:\\\/\\\/diariotextual.com\\\/inicio\\\/#website\",\"url\":\"https:\\\/\\\/diariotextual.com\\\/inicio\\\/\",\"name\":\"Diario Textual\",\"description\":\"\",\"publisher\":{\"@id\":\"https:\\\/\\\/diariotextual.com\\\/inicio\\\/#organization\"},\"potentialAction\":[{\"@type\":\"SearchAction\",\"target\":{\"@type\":\"EntryPoint\",\"urlTemplate\":\"https:\\\/\\\/diariotextual.com\\\/inicio\\\/?s={search_term_string}\"},\"query-input\":{\"@type\":\"PropertyValueSpecification\",\"valueRequired\":true,\"valueName\":\"search_term_string\"}}],\"inLanguage\":\"es\"},{\"@type\":\"Organization\",\"@id\":\"https:\\\/\\\/diariotextual.com\\\/inicio\\\/#organization\",\"name\":\"Diario Textual\",\"url\":\"https:\\\/\\\/diariotextual.com\\\/inicio\\\/\",\"logo\":{\"@type\":\"ImageObject\",\"inLanguage\":\"es\",\"@id\":\"https:\\\/\\\/diariotextual.com\\\/inicio\\\/#\\\/schema\\\/logo\\\/image\\\/\",\"url\":\"https:\\\/\\\/diariotextual.com\\\/inicio\\\/wp-content\\\/uploads\\\/2023\\\/05\\\/logotextual1.jpg\",\"contentUrl\":\"https:\\\/\\\/diariotextual.com\\\/inicio\\\/wp-content\\\/uploads\\\/2023\\\/05\\\/logotextual1.jpg\",\"width\":516,\"height\":76,\"caption\":\"Diario Textual\"},\"image\":{\"@id\":\"https:\\\/\\\/diariotextual.com\\\/inicio\\\/#\\\/schema\\\/logo\\\/image\\\/\"},\"sameAs\":[\"https:\\\/\\\/www.facebook.com\\\/eltextual\",\"https:\\\/\\\/x.com\\\/eltextual\",\"http:\\\/\\\/www.instagram.com\\\/eltextual\"]},{\"@type\":\"Person\",\"@id\":\"https:\\\/\\\/diariotextual.com\\\/inicio\\\/#\\\/schema\\\/person\\\/a1b6f563e0ee944c60f98119389a4d9f\",\"name\":\"diario3\",\"image\":{\"@type\":\"ImageObject\",\"inLanguage\":\"es\",\"@id\":\"https:\\\/\\\/secure.gravatar.com\\\/avatar\\\/5e7ee62c82fc04d9dd79d746a390d93c69c43223e5faeeb3ea9461ef752bfc5d?s=96&d=mm&r=g\",\"url\":\"https:\\\/\\\/secure.gravatar.com\\\/avatar\\\/5e7ee62c82fc04d9dd79d746a390d93c69c43223e5faeeb3ea9461ef752bfc5d?s=96&d=mm&r=g\",\"contentUrl\":\"https:\\\/\\\/secure.gravatar.com\\\/avatar\\\/5e7ee62c82fc04d9dd79d746a390d93c69c43223e5faeeb3ea9461ef752bfc5d?s=96&d=mm&r=g\",\"caption\":\"diario3\"},\"url\":\"https:\\\/\\\/diariotextual.com\\\/inicio\\\/index.php\\\/author\\\/diario3\\\/\"}]}<\/script>\n<!-- \/ Yoast SEO plugin. -->","yoast_head_json":{"title":"Bullrich a Mauricio Macri: \u201cEl cambio hay que apoyarlo sin especular\u201d - Diario Textual","robots":{"index":"index","follow":"follow","max-snippet":"max-snippet:-1","max-image-preview":"max-image-preview:large","max-video-preview":"max-video-preview:-1"},"canonical":"https:\/\/diariotextual.com\/inicio\/index.php\/2024\/02\/15\/bullrich-a-mauricio-macri-el-cambio-hay-que-apoyarlo-sin-especular\/","og_locale":"es_ES","og_type":"article","og_title":"Bullrich a Mauricio Macri: \u201cEl cambio hay que apoyarlo sin especular\u201d - Diario Textual","og_description":"La ministra de Seguridad, Patricia Bullrich, se diferenci\u00f3 hoy del expresidente Mauricio Macri y asegur\u00f3 que las repercusiones por la alianza entre el PRO y La Libertad Avanza (LLA) son&hellip;","og_url":"https:\/\/diariotextual.com\/inicio\/index.php\/2024\/02\/15\/bullrich-a-mauricio-macri-el-cambio-hay-que-apoyarlo-sin-especular\/","og_site_name":"Diario Textual","article_publisher":"https:\/\/www.facebook.com\/eltextual","article_published_time":"2024-02-15T21:43:59+00:00","article_modified_time":"2024-02-16T10:48:00+00:00","og_image":[{"width":1200,"height":1050,"url":"https:\/\/diariotextual.com\/inicio\/wp-content\/uploads\/2024\/02\/bullrichmacri2024.jpg","type":"image\/jpeg"}],"author":"diario3","twitter_card":"summary_large_image","twitter_creator":"@eltextual","twitter_site":"@eltextual","twitter_misc":{"Escrito por":"diario3","Tiempo de lectura":"3 minutos"},"schema":{"@context":"https:\/\/schema.org","@graph":[{"@type":"Article","@id":"https:\/\/diariotextual.com\/inicio\/index.php\/2024\/02\/15\/bullrich-a-mauricio-macri-el-cambio-hay-que-apoyarlo-sin-especular\/#article","isPartOf":{"@id":"https:\/\/diariotextual.com\/inicio\/index.php\/2024\/02\/15\/bullrich-a-mauricio-macri-el-cambio-hay-que-apoyarlo-sin-especular\/"},"author":{"name":"diario3","@id":"https:\/\/diariotextual.com\/inicio\/#\/schema\/person\/a1b6f563e0ee944c60f98119389a4d9f"},"headline":"Bullrich a Mauricio Macri: \u201cEl cambio hay que apoyarlo sin especular\u201d","datePublished":"2024-02-15T21:43:59+00:00","dateModified":"2024-02-16T10:48:00+00:00","mainEntityOfPage":{"@id":"https:\/\/diariotextual.com\/inicio\/index.php\/2024\/02\/15\/bullrich-a-mauricio-macri-el-cambio-hay-que-apoyarlo-sin-especular\/"},"wordCount":442,"publisher":{"@id":"https:\/\/diariotextual.com\/inicio\/#organization"},"image":{"@id":"https:\/\/diariotextual.com\/inicio\/index.php\/2024\/02\/15\/bullrich-a-mauricio-macri-el-cambio-hay-que-apoyarlo-sin-especular\/#primaryimage"},"thumbnailUrl":"https:\/\/diariotextual.com\/inicio\/wp-content\/uploads\/2024\/02\/bullrichmacri2024.jpg","articleSection":["A - ES NOTICIA (van abajo)","POLITICA"],"inLanguage":"es"},{"@type":"WebPage","@id":"https:\/\/diariotextual.com\/inicio\/index.php\/2024\/02\/15\/bullrich-a-mauricio-macri-el-cambio-hay-que-apoyarlo-sin-especular\/","url":"https:\/\/diariotextual.com\/inicio\/index.php\/2024\/02\/15\/bullrich-a-mauricio-macri-el-cambio-hay-que-apoyarlo-sin-especular\/","name":"Bullrich a Mauricio Macri: \u201cEl cambio hay que apoyarlo sin especular\u201d - Diario Textual","isPartOf":{"@id":"https:\/\/diariotextual.com\/inicio\/#website"},"primaryImageOfPage":{"@id":"https:\/\/diariotextual.com\/inicio\/index.php\/2024\/02\/15\/bullrich-a-mauricio-macri-el-cambio-hay-que-apoyarlo-sin-especular\/#primaryimage"},"image":{"@id":"https:\/\/diariotextual.com\/inicio\/index.php\/2024\/02\/15\/bullrich-a-mauricio-macri-el-cambio-hay-que-apoyarlo-sin-especular\/#primaryimage"},"thumbnailUrl":"https:\/\/diariotextual.com\/inicio\/wp-content\/uploads\/2024\/02\/bullrichmacri2024.jpg","datePublished":"2024-02-15T21:43:59+00:00","dateModified":"2024-02-16T10:48:00+00:00","breadcrumb":{"@id":"https:\/\/diariotextual.com\/inicio\/index.php\/2024\/02\/15\/bullrich-a-mauricio-macri-el-cambio-hay-que-apoyarlo-sin-especular\/#breadcrumb"},"inLanguage":"es","potentialAction":[{"@type":"ReadAction","target":["https:\/\/diariotextual.com\/inicio\/index.php\/2024\/02\/15\/bullrich-a-mauricio-macri-el-cambio-hay-que-apoyarlo-sin-especular\/"]}]},{"@type":"ImageObject","inLanguage":"es","@id":"https:\/\/diariotextual.com\/inicio\/index.php\/2024\/02\/15\/bullrich-a-mauricio-macri-el-cambio-hay-que-apoyarlo-sin-especular\/#primaryimage","url":"https:\/\/diariotextual.com\/inicio\/wp-content\/uploads\/2024\/02\/bullrichmacri2024.jpg","contentUrl":"https:\/\/diariotextual.com\/inicio\/wp-content\/uploads\/2024\/02\/bullrichmacri2024.jpg","width":1200,"height":1050},{"@type":"BreadcrumbList","@id":"https:\/\/diariotextual.com\/inicio\/index.php\/2024\/02\/15\/bullrich-a-mauricio-macri-el-cambio-hay-que-apoyarlo-sin-especular\/#breadcrumb","itemListElement":[{"@type":"ListItem","position":1,"name":"Portada","item":"https:\/\/diariotextual.com\/inicio\/"},{"@type":"ListItem","position":2,"name":"Bullrich a Mauricio Macri: \u201cEl cambio hay que apoyarlo sin especular\u201d"}]},{"@type":"WebSite","@id":"https:\/\/diariotextual.com\/inicio\/#website","url":"https:\/\/diariotextual.com\/inicio\/","name":"Diario Textual","description":"","publisher":{"@id":"https:\/\/diariotextual.com\/inicio\/#organization"},"potentialAction":[{"@type":"SearchAction","target":{"@type":"EntryPoint","urlTemplate":"https:\/\/diariotextual.com\/inicio\/?s={search_term_string}"},"query-input":{"@type":"PropertyValueSpecification","valueRequired":true,"valueName":"search_term_string"}}],"inLanguage":"es"},{"@type":"Organization","@id":"https:\/\/diariotextual.com\/inicio\/#organization","name":"Diario Textual","url":"https:\/\/diariotextual.com\/inicio\/","logo":{"@type":"ImageObject","inLanguage":"es","@id":"https:\/\/diariotextual.com\/inicio\/#\/schema\/logo\/image\/","url":"https:\/\/diariotextual.com\/inicio\/wp-content\/uploads\/2023\/05\/logotextual1.jpg","contentUrl":"https:\/\/diariotextual.com\/inicio\/wp-content\/uploads\/2023\/05\/logotextual1.jpg","width":516,"height":76,"caption":"Diario Textual"},"image":{"@id":"https:\/\/diariotextual.com\/inicio\/#\/schema\/logo\/image\/"},"sameAs":["https:\/\/www.facebook.com\/eltextual","https:\/\/x.com\/eltextual","http:\/\/www.instagram.com\/eltextual"]},{"@type":"Person","@id":"https:\/\/diariotextual.com\/inicio\/#\/schema\/person\/a1b6f563e0ee944c60f98119389a4d9f","name":"diario3","image":{"@type":"ImageObject","inLanguage":"es","@id":"https:\/\/secure.gravatar.com\/avatar\/5e7ee62c82fc04d9dd79d746a390d93c69c43223e5faeeb3ea9461ef752bfc5d?s=96&d=mm&r=g","url":"https:\/\/secure.gravatar.com\/avatar\/5e7ee62c82fc04d9dd79d746a390d93c69c43223e5faeeb3ea9461ef752bfc5d?s=96&d=mm&r=g","contentUrl":"https:\/\/secure.gravatar.com\/avatar\/5e7ee62c82fc04d9dd79d746a390d93c69c43223e5faeeb3ea9461ef752bfc5d?s=96&d=mm&r=g","caption":"diario3"},"url":"https:\/\/diariotextual.com\/inicio\/index.php\/author\/diario3\/"}]}},"_links":{"self":[{"href":"https:\/\/diariotextual.com\/inicio\/index.php\/wp-json\/wp\/v2\/posts\/254120","targetHints":{"allow":["GET"]}}],"collection":[{"href":"https:\/\/diariotextual.com\/inicio\/index.php\/wp-json\/wp\/v2\/posts"}],"about":[{"href":"https:\/\/diariotextual.com\/inicio\/index.php\/wp-json\/wp\/v2\/types\/post"}],"author":[{"embeddable":true,"href":"https:\/\/diariotextual.com\/inicio\/index.php\/wp-json\/wp\/v2\/users\/5"}],"replies":[{"embeddable":true,"href":"https:\/\/diariotextual.com\/inicio\/index.php\/wp-json\/wp\/v2\/comments?post=254120"}],"version-history":[{"count":1,"href":"https:\/\/diariotextual.com\/inicio\/index.php\/wp-json\/wp\/v2\/posts\/254120\/revisions"}],"predecessor-version":[{"id":254122,"href":"https:\/\/diariotextual.com\/inicio\/index.php\/wp-json\/wp\/v2\/posts\/254120\/revisions\/254122"}],"wp:featuredmedia":[{"embeddable":true,"href":"https:\/\/diariotextual.com\/inicio\/index.php\/wp-json\/wp\/v2\/media\/254121"}],"wp:attachment":[{"href":"https:\/\/diariotextual.com\/inicio\/index.php\/wp-json\/wp\/v2\/media?parent=254120"}],"wp:term":[{"taxonomy":"category","embeddable":true,"href":"https:\/\/diariotextual.com\/inicio\/index.php\/wp-json\/wp\/v2\/categories?post=254120"},{"taxonomy":"post_tag","embeddable":true,"href":"https:\/\/diariotextual.com\/inicio\/index.php\/wp-json\/wp\/v2\/tags?post=254120"}],"curies":[{"name":"wp","href":"https:\/\/api.w.org\/{rel}","templated":true}]}}