{"id":254148,"date":"2024-02-16T07:28:11","date_gmt":"2024-02-16T10:28:11","guid":{"rendered":"https:\/\/diariotextual.com\/inicio\/?p=254148"},"modified":"2024-02-16T08:36:49","modified_gmt":"2024-02-16T11:36:49","slug":"lousteau-le-apunto-a-milei-por-las-criticas-a-lali-esposito-tiene-doble-vara","status":"publish","type":"post","link":"https:\/\/diariotextual.com\/inicio\/index.php\/2024\/02\/16\/lousteau-le-apunto-a-milei-por-las-criticas-a-lali-esposito-tiene-doble-vara\/","title":{"rendered":"Lousteau le apunt\u00f3 a Milei por las cr\u00edticas a Lali Esp\u00f3sito: \u201cTiene doble vara\u201d"},"content":{"rendered":"\n<p><strong>Mart\u00edn Lousteau <\/strong>cuestion\u00f3 a<strong> Javier Milei <\/strong>por los duros dichos contra<strong> Lali Esp\u00f3sito<\/strong> y asegur\u00f3 que tiene una \u201cdoble vara\u201d con los artistas.<strong> \u201cTrata muy bien a otros artistas que hacen lo mismo\u201d,<\/strong> dijo.<\/p>\n\n\n\n<p>\u201cEs un presidente muy propenso a los excesos\u201d, sostuvo. \u201cNo le gusta que alguien opine distinto. Ella le contest\u00f3 con mucha altura y le dio una salida (del conflicto). Vamos a ver si el presidente la toma. Si pide disculpas o reduce el nivel de confrontaci\u00f3n\u201d, agreg\u00f3.<\/p>\n\n\n\n<p>En comunicaci\u00f3n por TN, el presidente de la Uni\u00f3n C\u00edvica Radical cuestion\u00f3 la actitud del mandatario hacia la artista y lo atribuy\u00f3 m\u00e1s a \u201cun error que a una estrategia\u201d del Gobierno.<\/p>\n\n\n\n<p>\u201cSolo se\u00f1ala a aquellos que no piensan como \u00e9l. Su propia novia (F\u00e1tima Fl\u00f3rez) hizo un mont\u00f3n de shows municipales y provinciales. Pero claro, no piensa en contra suyo. Igual que un mont\u00f3n de otros artistas, periodistas, comunicadores que hacen lo mismo, pero que lo tratan muy bien. Entonces hay una doble vara evidente. Selecciona a una casta y no a otra\u201d, dispar\u00f3.<\/p>\n\n\n\n<p>Asimismo, tild\u00f3 a Milei de mentiroso. \u201cDice datos falsos muy seguido\u201d, sostuvo. \u201cEs como cuando dice cu\u00e1nto cuesta el festival de Cosqu\u00edn, con Lali, o cuando dice que \u00edbamos a 15.000% de inflaci\u00f3n anual. Dice datos falsos muy seguido. No es una buena calidad del debate andar mintiendo con los datos\u201d, recalc\u00f3.<\/p>\n\n\n\n<p>Por \u00faltimo, insinu\u00f3 que el presidente \u201ctiene un trato preferencial\u201d con Cristina Kirchner. \u201cY por otro lado, tiene excesos y exabruptos con un mont\u00f3n de otra gente. Todav\u00eda tiene, no s\u00e9 si por decisi\u00f3n, por incapacidad, por falta de cuadros, o por alg\u00fan tipo de acuerdo, un mont\u00f3n de funcionarios del Gobierno anterior dando vueltas\u201d, cerr\u00f3.<\/p>\n\n\n\n<figure class=\"wp-block-embed is-type-wp-embed is-provider-diario-textual wp-block-embed-diario-textual\"><div class=\"wp-block-embed__wrapper\">\n<blockquote class=\"wp-embedded-content\" data-secret=\"zLWkt0r3Yg\"><a href=\"https:\/\/diariotextual.com\/inicio\/index.php\/2024\/02\/15\/lali-esposito-le-contesto-al-presidente-y-lo-invito-a-su-proximo-espectaculo\/\">Lali Esp\u00f3sito le contest\u00f3 al presidente y lo invit\u00f3 a su pr\u00f3ximo espect\u00e1culo<\/a><\/blockquote><iframe class=\"wp-embedded-content\" sandbox=\"allow-scripts\" security=\"restricted\" style=\"position: absolute; clip: rect(1px, 1px, 1px, 1px);\" title=\"\u00abLali Esp\u00f3sito le contest\u00f3 al presidente y lo invit\u00f3 a su pr\u00f3ximo espect\u00e1culo\u00bb \u2014 Diario Textual\" src=\"https:\/\/diariotextual.com\/inicio\/index.php\/2024\/02\/15\/lali-esposito-le-contesto-al-presidente-y-lo-invito-a-su-proximo-espectaculo\/embed\/#?secret=6bauiova1r#?secret=zLWkt0r3Yg\" data-secret=\"zLWkt0r3Yg\" width=\"600\" height=\"338\" frameborder=\"0\" marginwidth=\"0\" marginheight=\"0\" scrolling=\"no\"><\/iframe>\n<\/div><\/figure>\n","protected":false},"excerpt":{"rendered":"<p>Mart\u00edn Lousteau cuestion\u00f3 a Javier Milei por los duros dichos contra Lali Esp\u00f3sito y asegur\u00f3 que tiene una \u201cdoble vara\u201d con los artistas. \u201cTrata muy bien a otros artistas que&hellip;<\/p>\n","protected":false},"author":3,"featured_media":251474,"comment_status":"closed","ping_status":"open","sticky":false,"template":"","format":"standard","meta":{"_acf_changed":false,"footnotes":""},"categories":[1,8],"tags":[],"class_list":["post-254148","post","type-post","status-publish","format-standard","has-post-thumbnail","hentry","category-es-noticia","category-politica"],"acf":[],"yoast_head":"<!-- This site is optimized with the Yoast SEO plugin v27.5 - https:\/\/yoast.com\/product\/yoast-seo-wordpress\/ -->\n<title>Lousteau le apunt\u00f3 a Milei por las cr\u00edticas a Lali Esp\u00f3sito: \u201cTiene doble vara\u201d - Diario Textual<\/title>\n<meta name=\"robots\" content=\"index, follow, max-snippet:-1, max-image-preview:large, max-video-preview:-1\" \/>\n<link rel=\"canonical\" href=\"https:\/\/diariotextual.com\/inicio\/index.php\/2024\/02\/16\/lousteau-le-apunto-a-milei-por-las-criticas-a-lali-esposito-tiene-doble-vara\/\" \/>\n<meta property=\"og:locale\" content=\"es_ES\" \/>\n<meta property=\"og:type\" content=\"article\" \/>\n<meta property=\"og:title\" content=\"Lousteau le apunt\u00f3 a Milei por las cr\u00edticas a Lali Esp\u00f3sito: \u201cTiene doble vara\u201d - Diario Textual\" \/>\n<meta property=\"og:description\" content=\"Mart\u00edn Lousteau cuestion\u00f3 a Javier Milei por los duros dichos contra Lali Esp\u00f3sito y asegur\u00f3 que tiene una \u201cdoble vara\u201d con los artistas. \u201cTrata muy bien a otros artistas que&hellip;\" \/>\n<meta property=\"og:url\" content=\"https:\/\/diariotextual.com\/inicio\/index.php\/2024\/02\/16\/lousteau-le-apunto-a-milei-por-las-criticas-a-lali-esposito-tiene-doble-vara\/\" \/>\n<meta property=\"og:site_name\" content=\"Diario Textual\" \/>\n<meta property=\"article:publisher\" content=\"https:\/\/www.facebook.com\/eltextual\" \/>\n<meta property=\"article:published_time\" content=\"2024-02-16T10:28:11+00:00\" \/>\n<meta property=\"article:modified_time\" content=\"2024-02-16T11:36:49+00:00\" \/>\n<meta property=\"og:image\" content=\"https:\/\/diariotextual.com\/inicio\/wp-content\/uploads\/2024\/01\/losteaumartin2024-6.jpg\" \/>\n\t<meta property=\"og:image:width\" content=\"1200\" \/>\n\t<meta property=\"og:image:height\" content=\"675\" \/>\n\t<meta property=\"og:image:type\" content=\"image\/jpeg\" \/>\n<meta name=\"author\" content=\"Diario1 Diario1\" \/>\n<meta name=\"twitter:card\" content=\"summary_large_image\" \/>\n<meta name=\"twitter:creator\" content=\"@eltextual\" \/>\n<meta name=\"twitter:site\" content=\"@eltextual\" \/>\n<meta name=\"twitter:label1\" content=\"Escrito por\" \/>\n\t<meta name=\"twitter:data1\" content=\"Diario1 Diario1\" \/>\n\t<meta name=\"twitter:label2\" content=\"Tiempo de lectura\" \/>\n\t<meta name=\"twitter:data2\" content=\"2 minutos\" \/>\n<script type=\"application\/ld+json\" class=\"yoast-schema-graph\">{\"@context\":\"https:\\\/\\\/schema.org\",\"@graph\":[{\"@type\":\"Article\",\"@id\":\"https:\\\/\\\/diariotextual.com\\\/inicio\\\/index.php\\\/2024\\\/02\\\/16\\\/lousteau-le-apunto-a-milei-por-las-criticas-a-lali-esposito-tiene-doble-vara\\\/#article\",\"isPartOf\":{\"@id\":\"https:\\\/\\\/diariotextual.com\\\/inicio\\\/index.php\\\/2024\\\/02\\\/16\\\/lousteau-le-apunto-a-milei-por-las-criticas-a-lali-esposito-tiene-doble-vara\\\/\"},\"author\":{\"name\":\"Diario1 Diario1\",\"@id\":\"https:\\\/\\\/diariotextual.com\\\/inicio\\\/#\\\/schema\\\/person\\\/418fc4093c33e86ed41562db3508f958\"},\"headline\":\"Lousteau le apunt\u00f3 a Milei por las cr\u00edticas a Lali Esp\u00f3sito: \u201cTiene doble vara\u201d\",\"datePublished\":\"2024-02-16T10:28:11+00:00\",\"dateModified\":\"2024-02-16T11:36:49+00:00\",\"mainEntityOfPage\":{\"@id\":\"https:\\\/\\\/diariotextual.com\\\/inicio\\\/index.php\\\/2024\\\/02\\\/16\\\/lousteau-le-apunto-a-milei-por-las-criticas-a-lali-esposito-tiene-doble-vara\\\/\"},\"wordCount\":326,\"publisher\":{\"@id\":\"https:\\\/\\\/diariotextual.com\\\/inicio\\\/#organization\"},\"image\":{\"@id\":\"https:\\\/\\\/diariotextual.com\\\/inicio\\\/index.php\\\/2024\\\/02\\\/16\\\/lousteau-le-apunto-a-milei-por-las-criticas-a-lali-esposito-tiene-doble-vara\\\/#primaryimage\"},\"thumbnailUrl\":\"https:\\\/\\\/diariotextual.com\\\/inicio\\\/wp-content\\\/uploads\\\/2024\\\/01\\\/losteaumartin2024-6.jpg\",\"articleSection\":[\"A - ES NOTICIA (van abajo)\",\"POLITICA\"],\"inLanguage\":\"es\"},{\"@type\":\"WebPage\",\"@id\":\"https:\\\/\\\/diariotextual.com\\\/inicio\\\/index.php\\\/2024\\\/02\\\/16\\\/lousteau-le-apunto-a-milei-por-las-criticas-a-lali-esposito-tiene-doble-vara\\\/\",\"url\":\"https:\\\/\\\/diariotextual.com\\\/inicio\\\/index.php\\\/2024\\\/02\\\/16\\\/lousteau-le-apunto-a-milei-por-las-criticas-a-lali-esposito-tiene-doble-vara\\\/\",\"name\":\"Lousteau le apunt\u00f3 a Milei por las cr\u00edticas a Lali Esp\u00f3sito: \u201cTiene doble vara\u201d - Diario Textual\",\"isPartOf\":{\"@id\":\"https:\\\/\\\/diariotextual.com\\\/inicio\\\/#website\"},\"primaryImageOfPage\":{\"@id\":\"https:\\\/\\\/diariotextual.com\\\/inicio\\\/index.php\\\/2024\\\/02\\\/16\\\/lousteau-le-apunto-a-milei-por-las-criticas-a-lali-esposito-tiene-doble-vara\\\/#primaryimage\"},\"image\":{\"@id\":\"https:\\\/\\\/diariotextual.com\\\/inicio\\\/index.php\\\/2024\\\/02\\\/16\\\/lousteau-le-apunto-a-milei-por-las-criticas-a-lali-esposito-tiene-doble-vara\\\/#primaryimage\"},\"thumbnailUrl\":\"https:\\\/\\\/diariotextual.com\\\/inicio\\\/wp-content\\\/uploads\\\/2024\\\/01\\\/losteaumartin2024-6.jpg\",\"datePublished\":\"2024-02-16T10:28:11+00:00\",\"dateModified\":\"2024-02-16T11:36:49+00:00\",\"breadcrumb\":{\"@id\":\"https:\\\/\\\/diariotextual.com\\\/inicio\\\/index.php\\\/2024\\\/02\\\/16\\\/lousteau-le-apunto-a-milei-por-las-criticas-a-lali-esposito-tiene-doble-vara\\\/#breadcrumb\"},\"inLanguage\":\"es\",\"potentialAction\":[{\"@type\":\"ReadAction\",\"target\":[\"https:\\\/\\\/diariotextual.com\\\/inicio\\\/index.php\\\/2024\\\/02\\\/16\\\/lousteau-le-apunto-a-milei-por-las-criticas-a-lali-esposito-tiene-doble-vara\\\/\"]}]},{\"@type\":\"ImageObject\",\"inLanguage\":\"es\",\"@id\":\"https:\\\/\\\/diariotextual.com\\\/inicio\\\/index.php\\\/2024\\\/02\\\/16\\\/lousteau-le-apunto-a-milei-por-las-criticas-a-lali-esposito-tiene-doble-vara\\\/#primaryimage\",\"url\":\"https:\\\/\\\/diariotextual.com\\\/inicio\\\/wp-content\\\/uploads\\\/2024\\\/01\\\/losteaumartin2024-6.jpg\",\"contentUrl\":\"https:\\\/\\\/diariotextual.com\\\/inicio\\\/wp-content\\\/uploads\\\/2024\\\/01\\\/losteaumartin2024-6.jpg\",\"width\":1200,\"height\":675},{\"@type\":\"BreadcrumbList\",\"@id\":\"https:\\\/\\\/diariotextual.com\\\/inicio\\\/index.php\\\/2024\\\/02\\\/16\\\/lousteau-le-apunto-a-milei-por-las-criticas-a-lali-esposito-tiene-doble-vara\\\/#breadcrumb\",\"itemListElement\":[{\"@type\":\"ListItem\",\"position\":1,\"name\":\"Portada\",\"item\":\"https:\\\/\\\/diariotextual.com\\\/inicio\\\/\"},{\"@type\":\"ListItem\",\"position\":2,\"name\":\"Lousteau le apunt\u00f3 a Milei por las cr\u00edticas a Lali Esp\u00f3sito: \u201cTiene doble vara\u201d\"}]},{\"@type\":\"WebSite\",\"@id\":\"https:\\\/\\\/diariotextual.com\\\/inicio\\\/#website\",\"url\":\"https:\\\/\\\/diariotextual.com\\\/inicio\\\/\",\"name\":\"Diario Textual\",\"description\":\"\",\"publisher\":{\"@id\":\"https:\\\/\\\/diariotextual.com\\\/inicio\\\/#organization\"},\"potentialAction\":[{\"@type\":\"SearchAction\",\"target\":{\"@type\":\"EntryPoint\",\"urlTemplate\":\"https:\\\/\\\/diariotextual.com\\\/inicio\\\/?s={search_term_string}\"},\"query-input\":{\"@type\":\"PropertyValueSpecification\",\"valueRequired\":true,\"valueName\":\"search_term_string\"}}],\"inLanguage\":\"es\"},{\"@type\":\"Organization\",\"@id\":\"https:\\\/\\\/diariotextual.com\\\/inicio\\\/#organization\",\"name\":\"Diario Textual\",\"url\":\"https:\\\/\\\/diariotextual.com\\\/inicio\\\/\",\"logo\":{\"@type\":\"ImageObject\",\"inLanguage\":\"es\",\"@id\":\"https:\\\/\\\/diariotextual.com\\\/inicio\\\/#\\\/schema\\\/logo\\\/image\\\/\",\"url\":\"https:\\\/\\\/diariotextual.com\\\/inicio\\\/wp-content\\\/uploads\\\/2023\\\/05\\\/logotextual1.jpg\",\"contentUrl\":\"https:\\\/\\\/diariotextual.com\\\/inicio\\\/wp-content\\\/uploads\\\/2023\\\/05\\\/logotextual1.jpg\",\"width\":516,\"height\":76,\"caption\":\"Diario Textual\"},\"image\":{\"@id\":\"https:\\\/\\\/diariotextual.com\\\/inicio\\\/#\\\/schema\\\/logo\\\/image\\\/\"},\"sameAs\":[\"https:\\\/\\\/www.facebook.com\\\/eltextual\",\"https:\\\/\\\/x.com\\\/eltextual\",\"http:\\\/\\\/www.instagram.com\\\/eltextual\"]},{\"@type\":\"Person\",\"@id\":\"https:\\\/\\\/diariotextual.com\\\/inicio\\\/#\\\/schema\\\/person\\\/418fc4093c33e86ed41562db3508f958\",\"name\":\"Diario1 Diario1\",\"image\":{\"@type\":\"ImageObject\",\"inLanguage\":\"es\",\"@id\":\"https:\\\/\\\/secure.gravatar.com\\\/avatar\\\/9167d280179c85bc18be67aa7eda765854300033af4896dd779b608640f2ef7a?s=96&d=mm&r=g\",\"url\":\"https:\\\/\\\/secure.gravatar.com\\\/avatar\\\/9167d280179c85bc18be67aa7eda765854300033af4896dd779b608640f2ef7a?s=96&d=mm&r=g\",\"contentUrl\":\"https:\\\/\\\/secure.gravatar.com\\\/avatar\\\/9167d280179c85bc18be67aa7eda765854300033af4896dd779b608640f2ef7a?s=96&d=mm&r=g\",\"caption\":\"Diario1 Diario1\"},\"url\":\"https:\\\/\\\/diariotextual.com\\\/inicio\\\/index.php\\\/author\\\/diario1\\\/\"}]}<\/script>\n<!-- \/ Yoast SEO plugin. -->","yoast_head_json":{"title":"Lousteau le apunt\u00f3 a Milei por las cr\u00edticas a Lali Esp\u00f3sito: \u201cTiene doble vara\u201d - Diario Textual","robots":{"index":"index","follow":"follow","max-snippet":"max-snippet:-1","max-image-preview":"max-image-preview:large","max-video-preview":"max-video-preview:-1"},"canonical":"https:\/\/diariotextual.com\/inicio\/index.php\/2024\/02\/16\/lousteau-le-apunto-a-milei-por-las-criticas-a-lali-esposito-tiene-doble-vara\/","og_locale":"es_ES","og_type":"article","og_title":"Lousteau le apunt\u00f3 a Milei por las cr\u00edticas a Lali Esp\u00f3sito: \u201cTiene doble vara\u201d - Diario Textual","og_description":"Mart\u00edn Lousteau cuestion\u00f3 a Javier Milei por los duros dichos contra Lali Esp\u00f3sito y asegur\u00f3 que tiene una \u201cdoble vara\u201d con los artistas. \u201cTrata muy bien a otros artistas que&hellip;","og_url":"https:\/\/diariotextual.com\/inicio\/index.php\/2024\/02\/16\/lousteau-le-apunto-a-milei-por-las-criticas-a-lali-esposito-tiene-doble-vara\/","og_site_name":"Diario Textual","article_publisher":"https:\/\/www.facebook.com\/eltextual","article_published_time":"2024-02-16T10:28:11+00:00","article_modified_time":"2024-02-16T11:36:49+00:00","og_image":[{"width":1200,"height":675,"url":"https:\/\/diariotextual.com\/inicio\/wp-content\/uploads\/2024\/01\/losteaumartin2024-6.jpg","type":"image\/jpeg"}],"author":"Diario1 Diario1","twitter_card":"summary_large_image","twitter_creator":"@eltextual","twitter_site":"@eltextual","twitter_misc":{"Escrito por":"Diario1 Diario1","Tiempo de lectura":"2 minutos"},"schema":{"@context":"https:\/\/schema.org","@graph":[{"@type":"Article","@id":"https:\/\/diariotextual.com\/inicio\/index.php\/2024\/02\/16\/lousteau-le-apunto-a-milei-por-las-criticas-a-lali-esposito-tiene-doble-vara\/#article","isPartOf":{"@id":"https:\/\/diariotextual.com\/inicio\/index.php\/2024\/02\/16\/lousteau-le-apunto-a-milei-por-las-criticas-a-lali-esposito-tiene-doble-vara\/"},"author":{"name":"Diario1 Diario1","@id":"https:\/\/diariotextual.com\/inicio\/#\/schema\/person\/418fc4093c33e86ed41562db3508f958"},"headline":"Lousteau le apunt\u00f3 a Milei por las cr\u00edticas a Lali Esp\u00f3sito: \u201cTiene doble vara\u201d","datePublished":"2024-02-16T10:28:11+00:00","dateModified":"2024-02-16T11:36:49+00:00","mainEntityOfPage":{"@id":"https:\/\/diariotextual.com\/inicio\/index.php\/2024\/02\/16\/lousteau-le-apunto-a-milei-por-las-criticas-a-lali-esposito-tiene-doble-vara\/"},"wordCount":326,"publisher":{"@id":"https:\/\/diariotextual.com\/inicio\/#organization"},"image":{"@id":"https:\/\/diariotextual.com\/inicio\/index.php\/2024\/02\/16\/lousteau-le-apunto-a-milei-por-las-criticas-a-lali-esposito-tiene-doble-vara\/#primaryimage"},"thumbnailUrl":"https:\/\/diariotextual.com\/inicio\/wp-content\/uploads\/2024\/01\/losteaumartin2024-6.jpg","articleSection":["A - ES NOTICIA (van abajo)","POLITICA"],"inLanguage":"es"},{"@type":"WebPage","@id":"https:\/\/diariotextual.com\/inicio\/index.php\/2024\/02\/16\/lousteau-le-apunto-a-milei-por-las-criticas-a-lali-esposito-tiene-doble-vara\/","url":"https:\/\/diariotextual.com\/inicio\/index.php\/2024\/02\/16\/lousteau-le-apunto-a-milei-por-las-criticas-a-lali-esposito-tiene-doble-vara\/","name":"Lousteau le apunt\u00f3 a Milei por las cr\u00edticas a Lali Esp\u00f3sito: \u201cTiene doble vara\u201d - Diario Textual","isPartOf":{"@id":"https:\/\/diariotextual.com\/inicio\/#website"},"primaryImageOfPage":{"@id":"https:\/\/diariotextual.com\/inicio\/index.php\/2024\/02\/16\/lousteau-le-apunto-a-milei-por-las-criticas-a-lali-esposito-tiene-doble-vara\/#primaryimage"},"image":{"@id":"https:\/\/diariotextual.com\/inicio\/index.php\/2024\/02\/16\/lousteau-le-apunto-a-milei-por-las-criticas-a-lali-esposito-tiene-doble-vara\/#primaryimage"},"thumbnailUrl":"https:\/\/diariotextual.com\/inicio\/wp-content\/uploads\/2024\/01\/losteaumartin2024-6.jpg","datePublished":"2024-02-16T10:28:11+00:00","dateModified":"2024-02-16T11:36:49+00:00","breadcrumb":{"@id":"https:\/\/diariotextual.com\/inicio\/index.php\/2024\/02\/16\/lousteau-le-apunto-a-milei-por-las-criticas-a-lali-esposito-tiene-doble-vara\/#breadcrumb"},"inLanguage":"es","potentialAction":[{"@type":"ReadAction","target":["https:\/\/diariotextual.com\/inicio\/index.php\/2024\/02\/16\/lousteau-le-apunto-a-milei-por-las-criticas-a-lali-esposito-tiene-doble-vara\/"]}]},{"@type":"ImageObject","inLanguage":"es","@id":"https:\/\/diariotextual.com\/inicio\/index.php\/2024\/02\/16\/lousteau-le-apunto-a-milei-por-las-criticas-a-lali-esposito-tiene-doble-vara\/#primaryimage","url":"https:\/\/diariotextual.com\/inicio\/wp-content\/uploads\/2024\/01\/losteaumartin2024-6.jpg","contentUrl":"https:\/\/diariotextual.com\/inicio\/wp-content\/uploads\/2024\/01\/losteaumartin2024-6.jpg","width":1200,"height":675},{"@type":"BreadcrumbList","@id":"https:\/\/diariotextual.com\/inicio\/index.php\/2024\/02\/16\/lousteau-le-apunto-a-milei-por-las-criticas-a-lali-esposito-tiene-doble-vara\/#breadcrumb","itemListElement":[{"@type":"ListItem","position":1,"name":"Portada","item":"https:\/\/diariotextual.com\/inicio\/"},{"@type":"ListItem","position":2,"name":"Lousteau le apunt\u00f3 a Milei por las cr\u00edticas a Lali Esp\u00f3sito: \u201cTiene doble vara\u201d"}]},{"@type":"WebSite","@id":"https:\/\/diariotextual.com\/inicio\/#website","url":"https:\/\/diariotextual.com\/inicio\/","name":"Diario Textual","description":"","publisher":{"@id":"https:\/\/diariotextual.com\/inicio\/#organization"},"potentialAction":[{"@type":"SearchAction","target":{"@type":"EntryPoint","urlTemplate":"https:\/\/diariotextual.com\/inicio\/?s={search_term_string}"},"query-input":{"@type":"PropertyValueSpecification","valueRequired":true,"valueName":"search_term_string"}}],"inLanguage":"es"},{"@type":"Organization","@id":"https:\/\/diariotextual.com\/inicio\/#organization","name":"Diario Textual","url":"https:\/\/diariotextual.com\/inicio\/","logo":{"@type":"ImageObject","inLanguage":"es","@id":"https:\/\/diariotextual.com\/inicio\/#\/schema\/logo\/image\/","url":"https:\/\/diariotextual.com\/inicio\/wp-content\/uploads\/2023\/05\/logotextual1.jpg","contentUrl":"https:\/\/diariotextual.com\/inicio\/wp-content\/uploads\/2023\/05\/logotextual1.jpg","width":516,"height":76,"caption":"Diario Textual"},"image":{"@id":"https:\/\/diariotextual.com\/inicio\/#\/schema\/logo\/image\/"},"sameAs":["https:\/\/www.facebook.com\/eltextual","https:\/\/x.com\/eltextual","http:\/\/www.instagram.com\/eltextual"]},{"@type":"Person","@id":"https:\/\/diariotextual.com\/inicio\/#\/schema\/person\/418fc4093c33e86ed41562db3508f958","name":"Diario1 Diario1","image":{"@type":"ImageObject","inLanguage":"es","@id":"https:\/\/secure.gravatar.com\/avatar\/9167d280179c85bc18be67aa7eda765854300033af4896dd779b608640f2ef7a?s=96&d=mm&r=g","url":"https:\/\/secure.gravatar.com\/avatar\/9167d280179c85bc18be67aa7eda765854300033af4896dd779b608640f2ef7a?s=96&d=mm&r=g","contentUrl":"https:\/\/secure.gravatar.com\/avatar\/9167d280179c85bc18be67aa7eda765854300033af4896dd779b608640f2ef7a?s=96&d=mm&r=g","caption":"Diario1 Diario1"},"url":"https:\/\/diariotextual.com\/inicio\/index.php\/author\/diario1\/"}]}},"_links":{"self":[{"href":"https:\/\/diariotextual.com\/inicio\/index.php\/wp-json\/wp\/v2\/posts\/254148","targetHints":{"allow":["GET"]}}],"collection":[{"href":"https:\/\/diariotextual.com\/inicio\/index.php\/wp-json\/wp\/v2\/posts"}],"about":[{"href":"https:\/\/diariotextual.com\/inicio\/index.php\/wp-json\/wp\/v2\/types\/post"}],"author":[{"embeddable":true,"href":"https:\/\/diariotextual.com\/inicio\/index.php\/wp-json\/wp\/v2\/users\/3"}],"replies":[{"embeddable":true,"href":"https:\/\/diariotextual.com\/inicio\/index.php\/wp-json\/wp\/v2\/comments?post=254148"}],"version-history":[{"count":1,"href":"https:\/\/diariotextual.com\/inicio\/index.php\/wp-json\/wp\/v2\/posts\/254148\/revisions"}],"predecessor-version":[{"id":254150,"href":"https:\/\/diariotextual.com\/inicio\/index.php\/wp-json\/wp\/v2\/posts\/254148\/revisions\/254150"}],"wp:featuredmedia":[{"embeddable":true,"href":"https:\/\/diariotextual.com\/inicio\/index.php\/wp-json\/wp\/v2\/media\/251474"}],"wp:attachment":[{"href":"https:\/\/diariotextual.com\/inicio\/index.php\/wp-json\/wp\/v2\/media?parent=254148"}],"wp:term":[{"taxonomy":"category","embeddable":true,"href":"https:\/\/diariotextual.com\/inicio\/index.php\/wp-json\/wp\/v2\/categories?post=254148"},{"taxonomy":"post_tag","embeddable":true,"href":"https:\/\/diariotextual.com\/inicio\/index.php\/wp-json\/wp\/v2\/tags?post=254148"}],"curies":[{"name":"wp","href":"https:\/\/api.w.org\/{rel}","templated":true}]}}