{"id":254293,"date":"2024-02-17T17:32:47","date_gmt":"2024-02-17T20:32:47","guid":{"rendered":"https:\/\/diariotextual.com\/inicio\/?p=254293"},"modified":"2024-02-17T21:20:28","modified_gmt":"2024-02-18T00:20:28","slug":"ritondo-juntos-por-el-cambio-como-se-conocio-no-existe-mas","status":"publish","type":"post","link":"https:\/\/diariotextual.com\/inicio\/index.php\/2024\/02\/17\/ritondo-juntos-por-el-cambio-como-se-conocio-no-existe-mas\/","title":{"rendered":"Ritondo: \u201cJuntos por el Cambio como se conoci\u00f3 no existe m\u00e1s\u201d"},"content":{"rendered":"\n<p>El diputado nacional del PRO Cristian Ritondo afirm\u00f3 hoy que&nbsp;<strong>la alianza Juntos por el Cambio \u201cno existe m\u00e1s\u201d<\/strong>, aunque dijo que su partido puede tener \u201cestrategias en com\u00fan\u201d con el radicalismo, la Coalici\u00f3n C\u00edvica y el resto de los bloques dialoguistas.&nbsp;<\/p>\n\n\n\n<p>\u201cJuntos por el Cambio como se conoci\u00f3 no existe m\u00e1s. Podemos tener una buena relaci\u00f3n en el Congreso. De hecho, no somos un interbloque con el radicalismo y la Coalici\u00f3n C\u00edvica. Podemos tener estrategias en com\u00fan y compartirlas, pero hoy nos identificamos de distinta forma\u201d, afirm\u00f3 Ritondo en di\u00e1logo con Radio Rivadavia AM630.<\/p>\n\n\n\n<p>A su vez, el presidente del bloque PRO en Diputados habl\u00f3 acerca de la posible<strong>&nbsp;fusi\u00f3n entre el partido amarillo y La Libertad Avanza,<\/strong>&nbsp;y consider\u00f3 que&nbsp;<strong>esa situaci\u00f3n ya existe en la pr\u00e1ctica.<\/strong><\/p>\n\n\n\n<p>\u201cHoy eso est\u00e1 saliendo de hecho. Despu\u00e9s uno lo puede instrumentar de una u otra forma. En el debate de la Ley \u00d3mnibus contaron con los 37 votos del PRO, despu\u00e9s en la forma que se aplique en el resultado es lo mismo\u201d, se\u00f1al\u00f3.<\/p>\n\n\n\n<p>En esa l\u00ednea, Ritondo afirm\u00f3 que lo importante es que&nbsp;<strong>esa \u201cvoluntad pol\u00edtica\u201d que conforman con el oficialismo pueda ampliarse<\/strong>. \u201cHay que trabajar para incorporar m\u00e1s voces y volumen pol\u00edtico que haga que las leyes que necesita el gobierno salgan\u201d, dijo el diputado.&nbsp;<\/p>\n\n\n\n<p>Adem\u00e1s, el legislador ratific\u00f3 la cercan\u00eda ideol\u00f3gica del bloque PRO con LLA.<strong>&nbsp;\u201cSi hubi\u00e9ramos sido gobierno propondr\u00edamos el 90% de las cosas que est\u00e1n en el DNU y la Ley \u00d3mnibus\u201d. expres\u00f3.&nbsp;<\/strong><\/p>\n\n\n\n<p>\u201cEstuvieron en nuestras propuestas de campa\u00f1a cuando Patricia (Bullrich) era candidata a presidenta. Votar lo que nosotros mismos propusimos, no era algo dif\u00edcil\u201d, dijo.<\/p>\n\n\n\n<p>Por \u00faltimo, el diputado se refiri\u00f3 a las elecciones internas que se aproximan en el partido amarillo y afirm\u00f3 que el ex presidente Mauricio Macri debe retomar el liderazgo formal del espacio.\u00a0 \u201cSoy de los que creen que (Mauricio) Macri tiene que retomar el liderazgo formal del PRO. Es el mejor que puede interpretar la relaci\u00f3n del partido con el presidente\u201d, subray\u00f3 Ritondo.\u00a0<\/p>\n\n\n\n<p><\/p>\n","protected":false},"excerpt":{"rendered":"<p>El diputado nacional del PRO Cristian Ritondo afirm\u00f3 hoy que&nbsp;la alianza Juntos por el Cambio \u201cno existe m\u00e1s\u201d, aunque dijo que su partido puede tener \u201cestrategias en com\u00fan\u201d con el&hellip;<\/p>\n","protected":false},"author":3,"featured_media":233924,"comment_status":"closed","ping_status":"open","sticky":false,"template":"","format":"standard","meta":{"_acf_changed":false,"footnotes":""},"categories":[1,8],"tags":[],"class_list":["post-254293","post","type-post","status-publish","format-standard","has-post-thumbnail","hentry","category-es-noticia","category-politica"],"acf":[],"yoast_head":"<!-- This site is optimized with the Yoast SEO plugin v27.5 - https:\/\/yoast.com\/product\/yoast-seo-wordpress\/ -->\n<title>Ritondo: \u201cJuntos por el Cambio como se conoci\u00f3 no existe m\u00e1s\u201d - Diario Textual<\/title>\n<meta name=\"robots\" content=\"index, follow, max-snippet:-1, max-image-preview:large, max-video-preview:-1\" \/>\n<link rel=\"canonical\" href=\"https:\/\/diariotextual.com\/inicio\/index.php\/2024\/02\/17\/ritondo-juntos-por-el-cambio-como-se-conocio-no-existe-mas\/\" \/>\n<meta property=\"og:locale\" content=\"es_ES\" \/>\n<meta property=\"og:type\" content=\"article\" \/>\n<meta property=\"og:title\" content=\"Ritondo: \u201cJuntos por el Cambio como se conoci\u00f3 no existe m\u00e1s\u201d - Diario Textual\" \/>\n<meta property=\"og:description\" content=\"El diputado nacional del PRO Cristian Ritondo afirm\u00f3 hoy que&nbsp;la alianza Juntos por el Cambio \u201cno existe m\u00e1s\u201d, aunque dijo que su partido puede tener \u201cestrategias en com\u00fan\u201d con el&hellip;\" \/>\n<meta property=\"og:url\" content=\"https:\/\/diariotextual.com\/inicio\/index.php\/2024\/02\/17\/ritondo-juntos-por-el-cambio-como-se-conocio-no-existe-mas\/\" \/>\n<meta property=\"og:site_name\" content=\"Diario Textual\" \/>\n<meta property=\"article:publisher\" content=\"https:\/\/www.facebook.com\/eltextual\" \/>\n<meta property=\"article:published_time\" content=\"2024-02-17T20:32:47+00:00\" \/>\n<meta property=\"article:modified_time\" content=\"2024-02-18T00:20:28+00:00\" \/>\n<meta property=\"og:image\" content=\"https:\/\/diariotextual.com\/inicio\/wp-content\/uploads\/2023\/08\/juntosporelcambiolapampa2023-99.jpeg\" \/>\n\t<meta property=\"og:image:width\" content=\"1483\" \/>\n\t<meta property=\"og:image:height\" content=\"1023\" \/>\n\t<meta property=\"og:image:type\" content=\"image\/jpeg\" \/>\n<meta name=\"author\" content=\"Diario1 Diario1\" \/>\n<meta name=\"twitter:card\" content=\"summary_large_image\" \/>\n<meta name=\"twitter:creator\" content=\"@eltextual\" \/>\n<meta name=\"twitter:site\" content=\"@eltextual\" \/>\n<meta name=\"twitter:label1\" content=\"Escrito por\" \/>\n\t<meta name=\"twitter:data1\" content=\"Diario1 Diario1\" \/>\n\t<meta name=\"twitter:label2\" content=\"Tiempo de lectura\" \/>\n\t<meta name=\"twitter:data2\" content=\"2 minutos\" \/>\n<script type=\"application\/ld+json\" class=\"yoast-schema-graph\">{\"@context\":\"https:\\\/\\\/schema.org\",\"@graph\":[{\"@type\":\"Article\",\"@id\":\"https:\\\/\\\/diariotextual.com\\\/inicio\\\/index.php\\\/2024\\\/02\\\/17\\\/ritondo-juntos-por-el-cambio-como-se-conocio-no-existe-mas\\\/#article\",\"isPartOf\":{\"@id\":\"https:\\\/\\\/diariotextual.com\\\/inicio\\\/index.php\\\/2024\\\/02\\\/17\\\/ritondo-juntos-por-el-cambio-como-se-conocio-no-existe-mas\\\/\"},\"author\":{\"name\":\"Diario1 Diario1\",\"@id\":\"https:\\\/\\\/diariotextual.com\\\/inicio\\\/#\\\/schema\\\/person\\\/418fc4093c33e86ed41562db3508f958\"},\"headline\":\"Ritondo: \u201cJuntos por el Cambio como se conoci\u00f3 no existe m\u00e1s\u201d\",\"datePublished\":\"2024-02-17T20:32:47+00:00\",\"dateModified\":\"2024-02-18T00:20:28+00:00\",\"mainEntityOfPage\":{\"@id\":\"https:\\\/\\\/diariotextual.com\\\/inicio\\\/index.php\\\/2024\\\/02\\\/17\\\/ritondo-juntos-por-el-cambio-como-se-conocio-no-existe-mas\\\/\"},\"wordCount\":383,\"publisher\":{\"@id\":\"https:\\\/\\\/diariotextual.com\\\/inicio\\\/#organization\"},\"image\":{\"@id\":\"https:\\\/\\\/diariotextual.com\\\/inicio\\\/index.php\\\/2024\\\/02\\\/17\\\/ritondo-juntos-por-el-cambio-como-se-conocio-no-existe-mas\\\/#primaryimage\"},\"thumbnailUrl\":\"https:\\\/\\\/diariotextual.com\\\/inicio\\\/wp-content\\\/uploads\\\/2023\\\/08\\\/juntosporelcambiolapampa2023-99.jpeg\",\"articleSection\":[\"A - ES NOTICIA (van abajo)\",\"POLITICA\"],\"inLanguage\":\"es\"},{\"@type\":\"WebPage\",\"@id\":\"https:\\\/\\\/diariotextual.com\\\/inicio\\\/index.php\\\/2024\\\/02\\\/17\\\/ritondo-juntos-por-el-cambio-como-se-conocio-no-existe-mas\\\/\",\"url\":\"https:\\\/\\\/diariotextual.com\\\/inicio\\\/index.php\\\/2024\\\/02\\\/17\\\/ritondo-juntos-por-el-cambio-como-se-conocio-no-existe-mas\\\/\",\"name\":\"Ritondo: \u201cJuntos por el Cambio como se conoci\u00f3 no existe m\u00e1s\u201d - Diario Textual\",\"isPartOf\":{\"@id\":\"https:\\\/\\\/diariotextual.com\\\/inicio\\\/#website\"},\"primaryImageOfPage\":{\"@id\":\"https:\\\/\\\/diariotextual.com\\\/inicio\\\/index.php\\\/2024\\\/02\\\/17\\\/ritondo-juntos-por-el-cambio-como-se-conocio-no-existe-mas\\\/#primaryimage\"},\"image\":{\"@id\":\"https:\\\/\\\/diariotextual.com\\\/inicio\\\/index.php\\\/2024\\\/02\\\/17\\\/ritondo-juntos-por-el-cambio-como-se-conocio-no-existe-mas\\\/#primaryimage\"},\"thumbnailUrl\":\"https:\\\/\\\/diariotextual.com\\\/inicio\\\/wp-content\\\/uploads\\\/2023\\\/08\\\/juntosporelcambiolapampa2023-99.jpeg\",\"datePublished\":\"2024-02-17T20:32:47+00:00\",\"dateModified\":\"2024-02-18T00:20:28+00:00\",\"breadcrumb\":{\"@id\":\"https:\\\/\\\/diariotextual.com\\\/inicio\\\/index.php\\\/2024\\\/02\\\/17\\\/ritondo-juntos-por-el-cambio-como-se-conocio-no-existe-mas\\\/#breadcrumb\"},\"inLanguage\":\"es\",\"potentialAction\":[{\"@type\":\"ReadAction\",\"target\":[\"https:\\\/\\\/diariotextual.com\\\/inicio\\\/index.php\\\/2024\\\/02\\\/17\\\/ritondo-juntos-por-el-cambio-como-se-conocio-no-existe-mas\\\/\"]}]},{\"@type\":\"ImageObject\",\"inLanguage\":\"es\",\"@id\":\"https:\\\/\\\/diariotextual.com\\\/inicio\\\/index.php\\\/2024\\\/02\\\/17\\\/ritondo-juntos-por-el-cambio-como-se-conocio-no-existe-mas\\\/#primaryimage\",\"url\":\"https:\\\/\\\/diariotextual.com\\\/inicio\\\/wp-content\\\/uploads\\\/2023\\\/08\\\/juntosporelcambiolapampa2023-99.jpeg\",\"contentUrl\":\"https:\\\/\\\/diariotextual.com\\\/inicio\\\/wp-content\\\/uploads\\\/2023\\\/08\\\/juntosporelcambiolapampa2023-99.jpeg\",\"width\":1483,\"height\":1023},{\"@type\":\"BreadcrumbList\",\"@id\":\"https:\\\/\\\/diariotextual.com\\\/inicio\\\/index.php\\\/2024\\\/02\\\/17\\\/ritondo-juntos-por-el-cambio-como-se-conocio-no-existe-mas\\\/#breadcrumb\",\"itemListElement\":[{\"@type\":\"ListItem\",\"position\":1,\"name\":\"Portada\",\"item\":\"https:\\\/\\\/diariotextual.com\\\/inicio\\\/\"},{\"@type\":\"ListItem\",\"position\":2,\"name\":\"Ritondo: \u201cJuntos por el Cambio como se conoci\u00f3 no existe m\u00e1s\u201d\"}]},{\"@type\":\"WebSite\",\"@id\":\"https:\\\/\\\/diariotextual.com\\\/inicio\\\/#website\",\"url\":\"https:\\\/\\\/diariotextual.com\\\/inicio\\\/\",\"name\":\"Diario Textual\",\"description\":\"\",\"publisher\":{\"@id\":\"https:\\\/\\\/diariotextual.com\\\/inicio\\\/#organization\"},\"potentialAction\":[{\"@type\":\"SearchAction\",\"target\":{\"@type\":\"EntryPoint\",\"urlTemplate\":\"https:\\\/\\\/diariotextual.com\\\/inicio\\\/?s={search_term_string}\"},\"query-input\":{\"@type\":\"PropertyValueSpecification\",\"valueRequired\":true,\"valueName\":\"search_term_string\"}}],\"inLanguage\":\"es\"},{\"@type\":\"Organization\",\"@id\":\"https:\\\/\\\/diariotextual.com\\\/inicio\\\/#organization\",\"name\":\"Diario Textual\",\"url\":\"https:\\\/\\\/diariotextual.com\\\/inicio\\\/\",\"logo\":{\"@type\":\"ImageObject\",\"inLanguage\":\"es\",\"@id\":\"https:\\\/\\\/diariotextual.com\\\/inicio\\\/#\\\/schema\\\/logo\\\/image\\\/\",\"url\":\"https:\\\/\\\/diariotextual.com\\\/inicio\\\/wp-content\\\/uploads\\\/2023\\\/05\\\/logotextual1.jpg\",\"contentUrl\":\"https:\\\/\\\/diariotextual.com\\\/inicio\\\/wp-content\\\/uploads\\\/2023\\\/05\\\/logotextual1.jpg\",\"width\":516,\"height\":76,\"caption\":\"Diario Textual\"},\"image\":{\"@id\":\"https:\\\/\\\/diariotextual.com\\\/inicio\\\/#\\\/schema\\\/logo\\\/image\\\/\"},\"sameAs\":[\"https:\\\/\\\/www.facebook.com\\\/eltextual\",\"https:\\\/\\\/x.com\\\/eltextual\",\"http:\\\/\\\/www.instagram.com\\\/eltextual\"]},{\"@type\":\"Person\",\"@id\":\"https:\\\/\\\/diariotextual.com\\\/inicio\\\/#\\\/schema\\\/person\\\/418fc4093c33e86ed41562db3508f958\",\"name\":\"Diario1 Diario1\",\"image\":{\"@type\":\"ImageObject\",\"inLanguage\":\"es\",\"@id\":\"https:\\\/\\\/secure.gravatar.com\\\/avatar\\\/9167d280179c85bc18be67aa7eda765854300033af4896dd779b608640f2ef7a?s=96&d=mm&r=g\",\"url\":\"https:\\\/\\\/secure.gravatar.com\\\/avatar\\\/9167d280179c85bc18be67aa7eda765854300033af4896dd779b608640f2ef7a?s=96&d=mm&r=g\",\"contentUrl\":\"https:\\\/\\\/secure.gravatar.com\\\/avatar\\\/9167d280179c85bc18be67aa7eda765854300033af4896dd779b608640f2ef7a?s=96&d=mm&r=g\",\"caption\":\"Diario1 Diario1\"},\"url\":\"https:\\\/\\\/diariotextual.com\\\/inicio\\\/index.php\\\/author\\\/diario1\\\/\"}]}<\/script>\n<!-- \/ Yoast SEO plugin. -->","yoast_head_json":{"title":"Ritondo: \u201cJuntos por el Cambio como se conoci\u00f3 no existe m\u00e1s\u201d - Diario Textual","robots":{"index":"index","follow":"follow","max-snippet":"max-snippet:-1","max-image-preview":"max-image-preview:large","max-video-preview":"max-video-preview:-1"},"canonical":"https:\/\/diariotextual.com\/inicio\/index.php\/2024\/02\/17\/ritondo-juntos-por-el-cambio-como-se-conocio-no-existe-mas\/","og_locale":"es_ES","og_type":"article","og_title":"Ritondo: \u201cJuntos por el Cambio como se conoci\u00f3 no existe m\u00e1s\u201d - Diario Textual","og_description":"El diputado nacional del PRO Cristian Ritondo afirm\u00f3 hoy que&nbsp;la alianza Juntos por el Cambio \u201cno existe m\u00e1s\u201d, aunque dijo que su partido puede tener \u201cestrategias en com\u00fan\u201d con el&hellip;","og_url":"https:\/\/diariotextual.com\/inicio\/index.php\/2024\/02\/17\/ritondo-juntos-por-el-cambio-como-se-conocio-no-existe-mas\/","og_site_name":"Diario Textual","article_publisher":"https:\/\/www.facebook.com\/eltextual","article_published_time":"2024-02-17T20:32:47+00:00","article_modified_time":"2024-02-18T00:20:28+00:00","og_image":[{"width":1483,"height":1023,"url":"https:\/\/diariotextual.com\/inicio\/wp-content\/uploads\/2023\/08\/juntosporelcambiolapampa2023-99.jpeg","type":"image\/jpeg"}],"author":"Diario1 Diario1","twitter_card":"summary_large_image","twitter_creator":"@eltextual","twitter_site":"@eltextual","twitter_misc":{"Escrito por":"Diario1 Diario1","Tiempo de lectura":"2 minutos"},"schema":{"@context":"https:\/\/schema.org","@graph":[{"@type":"Article","@id":"https:\/\/diariotextual.com\/inicio\/index.php\/2024\/02\/17\/ritondo-juntos-por-el-cambio-como-se-conocio-no-existe-mas\/#article","isPartOf":{"@id":"https:\/\/diariotextual.com\/inicio\/index.php\/2024\/02\/17\/ritondo-juntos-por-el-cambio-como-se-conocio-no-existe-mas\/"},"author":{"name":"Diario1 Diario1","@id":"https:\/\/diariotextual.com\/inicio\/#\/schema\/person\/418fc4093c33e86ed41562db3508f958"},"headline":"Ritondo: \u201cJuntos por el Cambio como se conoci\u00f3 no existe m\u00e1s\u201d","datePublished":"2024-02-17T20:32:47+00:00","dateModified":"2024-02-18T00:20:28+00:00","mainEntityOfPage":{"@id":"https:\/\/diariotextual.com\/inicio\/index.php\/2024\/02\/17\/ritondo-juntos-por-el-cambio-como-se-conocio-no-existe-mas\/"},"wordCount":383,"publisher":{"@id":"https:\/\/diariotextual.com\/inicio\/#organization"},"image":{"@id":"https:\/\/diariotextual.com\/inicio\/index.php\/2024\/02\/17\/ritondo-juntos-por-el-cambio-como-se-conocio-no-existe-mas\/#primaryimage"},"thumbnailUrl":"https:\/\/diariotextual.com\/inicio\/wp-content\/uploads\/2023\/08\/juntosporelcambiolapampa2023-99.jpeg","articleSection":["A - ES NOTICIA (van abajo)","POLITICA"],"inLanguage":"es"},{"@type":"WebPage","@id":"https:\/\/diariotextual.com\/inicio\/index.php\/2024\/02\/17\/ritondo-juntos-por-el-cambio-como-se-conocio-no-existe-mas\/","url":"https:\/\/diariotextual.com\/inicio\/index.php\/2024\/02\/17\/ritondo-juntos-por-el-cambio-como-se-conocio-no-existe-mas\/","name":"Ritondo: \u201cJuntos por el Cambio como se conoci\u00f3 no existe m\u00e1s\u201d - Diario Textual","isPartOf":{"@id":"https:\/\/diariotextual.com\/inicio\/#website"},"primaryImageOfPage":{"@id":"https:\/\/diariotextual.com\/inicio\/index.php\/2024\/02\/17\/ritondo-juntos-por-el-cambio-como-se-conocio-no-existe-mas\/#primaryimage"},"image":{"@id":"https:\/\/diariotextual.com\/inicio\/index.php\/2024\/02\/17\/ritondo-juntos-por-el-cambio-como-se-conocio-no-existe-mas\/#primaryimage"},"thumbnailUrl":"https:\/\/diariotextual.com\/inicio\/wp-content\/uploads\/2023\/08\/juntosporelcambiolapampa2023-99.jpeg","datePublished":"2024-02-17T20:32:47+00:00","dateModified":"2024-02-18T00:20:28+00:00","breadcrumb":{"@id":"https:\/\/diariotextual.com\/inicio\/index.php\/2024\/02\/17\/ritondo-juntos-por-el-cambio-como-se-conocio-no-existe-mas\/#breadcrumb"},"inLanguage":"es","potentialAction":[{"@type":"ReadAction","target":["https:\/\/diariotextual.com\/inicio\/index.php\/2024\/02\/17\/ritondo-juntos-por-el-cambio-como-se-conocio-no-existe-mas\/"]}]},{"@type":"ImageObject","inLanguage":"es","@id":"https:\/\/diariotextual.com\/inicio\/index.php\/2024\/02\/17\/ritondo-juntos-por-el-cambio-como-se-conocio-no-existe-mas\/#primaryimage","url":"https:\/\/diariotextual.com\/inicio\/wp-content\/uploads\/2023\/08\/juntosporelcambiolapampa2023-99.jpeg","contentUrl":"https:\/\/diariotextual.com\/inicio\/wp-content\/uploads\/2023\/08\/juntosporelcambiolapampa2023-99.jpeg","width":1483,"height":1023},{"@type":"BreadcrumbList","@id":"https:\/\/diariotextual.com\/inicio\/index.php\/2024\/02\/17\/ritondo-juntos-por-el-cambio-como-se-conocio-no-existe-mas\/#breadcrumb","itemListElement":[{"@type":"ListItem","position":1,"name":"Portada","item":"https:\/\/diariotextual.com\/inicio\/"},{"@type":"ListItem","position":2,"name":"Ritondo: \u201cJuntos por el Cambio como se conoci\u00f3 no existe m\u00e1s\u201d"}]},{"@type":"WebSite","@id":"https:\/\/diariotextual.com\/inicio\/#website","url":"https:\/\/diariotextual.com\/inicio\/","name":"Diario Textual","description":"","publisher":{"@id":"https:\/\/diariotextual.com\/inicio\/#organization"},"potentialAction":[{"@type":"SearchAction","target":{"@type":"EntryPoint","urlTemplate":"https:\/\/diariotextual.com\/inicio\/?s={search_term_string}"},"query-input":{"@type":"PropertyValueSpecification","valueRequired":true,"valueName":"search_term_string"}}],"inLanguage":"es"},{"@type":"Organization","@id":"https:\/\/diariotextual.com\/inicio\/#organization","name":"Diario Textual","url":"https:\/\/diariotextual.com\/inicio\/","logo":{"@type":"ImageObject","inLanguage":"es","@id":"https:\/\/diariotextual.com\/inicio\/#\/schema\/logo\/image\/","url":"https:\/\/diariotextual.com\/inicio\/wp-content\/uploads\/2023\/05\/logotextual1.jpg","contentUrl":"https:\/\/diariotextual.com\/inicio\/wp-content\/uploads\/2023\/05\/logotextual1.jpg","width":516,"height":76,"caption":"Diario Textual"},"image":{"@id":"https:\/\/diariotextual.com\/inicio\/#\/schema\/logo\/image\/"},"sameAs":["https:\/\/www.facebook.com\/eltextual","https:\/\/x.com\/eltextual","http:\/\/www.instagram.com\/eltextual"]},{"@type":"Person","@id":"https:\/\/diariotextual.com\/inicio\/#\/schema\/person\/418fc4093c33e86ed41562db3508f958","name":"Diario1 Diario1","image":{"@type":"ImageObject","inLanguage":"es","@id":"https:\/\/secure.gravatar.com\/avatar\/9167d280179c85bc18be67aa7eda765854300033af4896dd779b608640f2ef7a?s=96&d=mm&r=g","url":"https:\/\/secure.gravatar.com\/avatar\/9167d280179c85bc18be67aa7eda765854300033af4896dd779b608640f2ef7a?s=96&d=mm&r=g","contentUrl":"https:\/\/secure.gravatar.com\/avatar\/9167d280179c85bc18be67aa7eda765854300033af4896dd779b608640f2ef7a?s=96&d=mm&r=g","caption":"Diario1 Diario1"},"url":"https:\/\/diariotextual.com\/inicio\/index.php\/author\/diario1\/"}]}},"_links":{"self":[{"href":"https:\/\/diariotextual.com\/inicio\/index.php\/wp-json\/wp\/v2\/posts\/254293","targetHints":{"allow":["GET"]}}],"collection":[{"href":"https:\/\/diariotextual.com\/inicio\/index.php\/wp-json\/wp\/v2\/posts"}],"about":[{"href":"https:\/\/diariotextual.com\/inicio\/index.php\/wp-json\/wp\/v2\/types\/post"}],"author":[{"embeddable":true,"href":"https:\/\/diariotextual.com\/inicio\/index.php\/wp-json\/wp\/v2\/users\/3"}],"replies":[{"embeddable":true,"href":"https:\/\/diariotextual.com\/inicio\/index.php\/wp-json\/wp\/v2\/comments?post=254293"}],"version-history":[{"count":1,"href":"https:\/\/diariotextual.com\/inicio\/index.php\/wp-json\/wp\/v2\/posts\/254293\/revisions"}],"predecessor-version":[{"id":254294,"href":"https:\/\/diariotextual.com\/inicio\/index.php\/wp-json\/wp\/v2\/posts\/254293\/revisions\/254294"}],"wp:featuredmedia":[{"embeddable":true,"href":"https:\/\/diariotextual.com\/inicio\/index.php\/wp-json\/wp\/v2\/media\/233924"}],"wp:attachment":[{"href":"https:\/\/diariotextual.com\/inicio\/index.php\/wp-json\/wp\/v2\/media?parent=254293"}],"wp:term":[{"taxonomy":"category","embeddable":true,"href":"https:\/\/diariotextual.com\/inicio\/index.php\/wp-json\/wp\/v2\/categories?post=254293"},{"taxonomy":"post_tag","embeddable":true,"href":"https:\/\/diariotextual.com\/inicio\/index.php\/wp-json\/wp\/v2\/tags?post=254293"}],"curies":[{"name":"wp","href":"https:\/\/api.w.org\/{rel}","templated":true}]}}