{"id":254313,"date":"2024-02-17T22:18:56","date_gmt":"2024-02-18T01:18:56","guid":{"rendered":"https:\/\/diariotextual.com\/inicio\/?p=254313"},"modified":"2024-02-18T16:44:49","modified_gmt":"2024-02-18T19:44:49","slug":"milei-la-medicion-de-la-uca-que-ubica-la-pobreza-en-574-es-herencia-del-modelo-de-la-casta","status":"publish","type":"post","link":"https:\/\/diariotextual.com\/inicio\/index.php\/2024\/02\/17\/milei-la-medicion-de-la-uca-que-ubica-la-pobreza-en-574-es-herencia-del-modelo-de-la-casta\/","title":{"rendered":"Milei: la medici\u00f3n de la UCA que ubica la pobreza en 57,4% es \u201cherencia del modelo de la casta\u201d"},"content":{"rendered":"\n<p>El presidente\u00a0<strong>Javier Milei<\/strong>\u00a0afirm\u00f3 este s\u00e1bado que la proyecci\u00f3n que sit\u00faa la\u00a0<strong>pobreza en un 57,4% en enero de este a\u00f1o<\/strong>, realizada por el Observatorio de la Deuda Social de la Universidad Cat\u00f3lica Argentina (UCA), es \u201c<strong>la verdadera herencia del modelo de la casta<\/strong>\u201d en su cuenta de\u00a0<em>X<\/em>.<\/p>\n\n\n\n<p>El presidente se deslig\u00f3 de tener cualquier tipo de responsabilidad en la subida del \u00edndice de pobreza que, seg\u00fan el instituto de la UCA, aument\u00f3 en m\u00e1s de un 10% desde el \u00faltimo dato consolidado de 2023, que fue\u00a0<strong>de 44,7%<\/strong>. El Observatorio de la UCA todav\u00eda no cuenta con el dato cerrado para el a\u00f1o pasado, pero proyecta un\u00a0<strong>49,5% para diciembre<\/strong>.<\/p>\n\n\n\n<p>\u201cLa destrucci\u00f3n de los \u00faltimos cien a\u00f1os<strong>\u00a0no tiene parag\u00f3n en la historia de Occidente<\/strong>. Los pol\u00edticos tienen que entender que la gente vot\u00f3 un cambio y que nosotros vamos a dar la vida para llevarlo adelante. No vinimos a jugar al juego mediocre de la pol\u00edtica.\u00a0<strong>Vinimos a cambiar el pa\u00eds<\/strong>\u201d, sostuvo el mandatario en\u00a0<em>X<\/em>\u00a0al hacer referencia al informe del Observatorio de la UCA.<\/p>\n\n\n\n<blockquote class=\"twitter-tweet\"><p lang=\"es\" dir=\"ltr\">Tras m\u00e1s de dos d\u00e9cadas de vigencia de un r\u00e9gimen inflacionario, de empobrecimiento y aumento de los programas sociales, al que se le suma un nuevo programa econ\u00f3mico de ajuste ortodoxo, la pobreza sigue aumentando a pesar de la asistencia p\u00fablica. &#x1f447;<\/p>&mdash; Observatorio de la Deuda Social Argentina (UCA) (@ODSAUCA) <a href=\"https:\/\/twitter.com\/ODSAUCA\/status\/1758593784701473015?ref_src=twsrc%5Etfw\">February 16, 2024<\/a><\/blockquote> <script async src=\"https:\/\/platform.twitter.com\/widgets.js\" charset=\"utf-8\"><\/script>\n\n\n\n<p><\/p>\n","protected":false},"excerpt":{"rendered":"<p>El presidente\u00a0Javier Milei\u00a0afirm\u00f3 este s\u00e1bado que la proyecci\u00f3n que sit\u00faa la\u00a0pobreza en un 57,4% en enero de este a\u00f1o, realizada por el Observatorio de la Deuda Social de la Universidad&hellip;<\/p>\n","protected":false},"author":3,"featured_media":248673,"comment_status":"closed","ping_status":"open","sticky":false,"template":"","format":"standard","meta":{"_acf_changed":false,"footnotes":""},"categories":[1,8],"tags":[],"class_list":["post-254313","post","type-post","status-publish","format-standard","has-post-thumbnail","hentry","category-es-noticia","category-politica"],"acf":[],"yoast_head":"<!-- This site is optimized with the Yoast SEO plugin v27.5 - https:\/\/yoast.com\/product\/yoast-seo-wordpress\/ -->\n<title>Milei: la medici\u00f3n de la UCA que ubica la pobreza en 57,4% es \u201cherencia del modelo de la casta\u201d - Diario Textual<\/title>\n<meta name=\"robots\" content=\"index, follow, max-snippet:-1, max-image-preview:large, max-video-preview:-1\" \/>\n<link rel=\"canonical\" href=\"https:\/\/diariotextual.com\/inicio\/index.php\/2024\/02\/17\/milei-la-medicion-de-la-uca-que-ubica-la-pobreza-en-574-es-herencia-del-modelo-de-la-casta\/\" \/>\n<meta property=\"og:locale\" content=\"es_ES\" \/>\n<meta property=\"og:type\" content=\"article\" \/>\n<meta property=\"og:title\" content=\"Milei: la medici\u00f3n de la UCA que ubica la pobreza en 57,4% es \u201cherencia del modelo de la casta\u201d - Diario Textual\" \/>\n<meta property=\"og:description\" content=\"El presidente\u00a0Javier Milei\u00a0afirm\u00f3 este s\u00e1bado que la proyecci\u00f3n que sit\u00faa la\u00a0pobreza en un 57,4% en enero de este a\u00f1o, realizada por el Observatorio de la Deuda Social de la Universidad&hellip;\" \/>\n<meta property=\"og:url\" content=\"https:\/\/diariotextual.com\/inicio\/index.php\/2024\/02\/17\/milei-la-medicion-de-la-uca-que-ubica-la-pobreza-en-574-es-herencia-del-modelo-de-la-casta\/\" \/>\n<meta property=\"og:site_name\" content=\"Diario Textual\" \/>\n<meta property=\"article:publisher\" content=\"https:\/\/www.facebook.com\/eltextual\" \/>\n<meta property=\"article:published_time\" content=\"2024-02-18T01:18:56+00:00\" \/>\n<meta property=\"article:modified_time\" content=\"2024-02-18T19:44:49+00:00\" \/>\n<meta property=\"og:image\" content=\"https:\/\/diariotextual.com\/inicio\/wp-content\/uploads\/2023\/12\/mileijavierdespacho2023-1.jpg\" \/>\n\t<meta property=\"og:image:width\" content=\"1200\" \/>\n\t<meta property=\"og:image:height\" content=\"675\" \/>\n\t<meta property=\"og:image:type\" content=\"image\/jpeg\" \/>\n<meta name=\"author\" content=\"Diario1 Diario1\" \/>\n<meta name=\"twitter:card\" content=\"summary_large_image\" \/>\n<meta name=\"twitter:creator\" content=\"@eltextual\" \/>\n<meta name=\"twitter:site\" content=\"@eltextual\" \/>\n<meta name=\"twitter:label1\" content=\"Escrito por\" \/>\n\t<meta name=\"twitter:data1\" content=\"Diario1 Diario1\" \/>\n\t<meta name=\"twitter:label2\" content=\"Tiempo de lectura\" \/>\n\t<meta name=\"twitter:data2\" content=\"2 minutos\" \/>\n<script type=\"application\/ld+json\" class=\"yoast-schema-graph\">{\"@context\":\"https:\\\/\\\/schema.org\",\"@graph\":[{\"@type\":\"Article\",\"@id\":\"https:\\\/\\\/diariotextual.com\\\/inicio\\\/index.php\\\/2024\\\/02\\\/17\\\/milei-la-medicion-de-la-uca-que-ubica-la-pobreza-en-574-es-herencia-del-modelo-de-la-casta\\\/#article\",\"isPartOf\":{\"@id\":\"https:\\\/\\\/diariotextual.com\\\/inicio\\\/index.php\\\/2024\\\/02\\\/17\\\/milei-la-medicion-de-la-uca-que-ubica-la-pobreza-en-574-es-herencia-del-modelo-de-la-casta\\\/\"},\"author\":{\"name\":\"Diario1 Diario1\",\"@id\":\"https:\\\/\\\/diariotextual.com\\\/inicio\\\/#\\\/schema\\\/person\\\/418fc4093c33e86ed41562db3508f958\"},\"headline\":\"Milei: la medici\u00f3n de la UCA que ubica la pobreza en 57,4% es \u201cherencia del modelo de la casta\u201d\",\"datePublished\":\"2024-02-18T01:18:56+00:00\",\"dateModified\":\"2024-02-18T19:44:49+00:00\",\"mainEntityOfPage\":{\"@id\":\"https:\\\/\\\/diariotextual.com\\\/inicio\\\/index.php\\\/2024\\\/02\\\/17\\\/milei-la-medicion-de-la-uca-que-ubica-la-pobreza-en-574-es-herencia-del-modelo-de-la-casta\\\/\"},\"wordCount\":267,\"publisher\":{\"@id\":\"https:\\\/\\\/diariotextual.com\\\/inicio\\\/#organization\"},\"image\":{\"@id\":\"https:\\\/\\\/diariotextual.com\\\/inicio\\\/index.php\\\/2024\\\/02\\\/17\\\/milei-la-medicion-de-la-uca-que-ubica-la-pobreza-en-574-es-herencia-del-modelo-de-la-casta\\\/#primaryimage\"},\"thumbnailUrl\":\"https:\\\/\\\/diariotextual.com\\\/inicio\\\/wp-content\\\/uploads\\\/2023\\\/12\\\/mileijavierdespacho2023-1.jpg\",\"articleSection\":[\"A - ES NOTICIA (van abajo)\",\"POLITICA\"],\"inLanguage\":\"es\"},{\"@type\":\"WebPage\",\"@id\":\"https:\\\/\\\/diariotextual.com\\\/inicio\\\/index.php\\\/2024\\\/02\\\/17\\\/milei-la-medicion-de-la-uca-que-ubica-la-pobreza-en-574-es-herencia-del-modelo-de-la-casta\\\/\",\"url\":\"https:\\\/\\\/diariotextual.com\\\/inicio\\\/index.php\\\/2024\\\/02\\\/17\\\/milei-la-medicion-de-la-uca-que-ubica-la-pobreza-en-574-es-herencia-del-modelo-de-la-casta\\\/\",\"name\":\"Milei: la medici\u00f3n de la UCA que ubica la pobreza en 57,4% es \u201cherencia del modelo de la casta\u201d - Diario Textual\",\"isPartOf\":{\"@id\":\"https:\\\/\\\/diariotextual.com\\\/inicio\\\/#website\"},\"primaryImageOfPage\":{\"@id\":\"https:\\\/\\\/diariotextual.com\\\/inicio\\\/index.php\\\/2024\\\/02\\\/17\\\/milei-la-medicion-de-la-uca-que-ubica-la-pobreza-en-574-es-herencia-del-modelo-de-la-casta\\\/#primaryimage\"},\"image\":{\"@id\":\"https:\\\/\\\/diariotextual.com\\\/inicio\\\/index.php\\\/2024\\\/02\\\/17\\\/milei-la-medicion-de-la-uca-que-ubica-la-pobreza-en-574-es-herencia-del-modelo-de-la-casta\\\/#primaryimage\"},\"thumbnailUrl\":\"https:\\\/\\\/diariotextual.com\\\/inicio\\\/wp-content\\\/uploads\\\/2023\\\/12\\\/mileijavierdespacho2023-1.jpg\",\"datePublished\":\"2024-02-18T01:18:56+00:00\",\"dateModified\":\"2024-02-18T19:44:49+00:00\",\"breadcrumb\":{\"@id\":\"https:\\\/\\\/diariotextual.com\\\/inicio\\\/index.php\\\/2024\\\/02\\\/17\\\/milei-la-medicion-de-la-uca-que-ubica-la-pobreza-en-574-es-herencia-del-modelo-de-la-casta\\\/#breadcrumb\"},\"inLanguage\":\"es\",\"potentialAction\":[{\"@type\":\"ReadAction\",\"target\":[\"https:\\\/\\\/diariotextual.com\\\/inicio\\\/index.php\\\/2024\\\/02\\\/17\\\/milei-la-medicion-de-la-uca-que-ubica-la-pobreza-en-574-es-herencia-del-modelo-de-la-casta\\\/\"]}]},{\"@type\":\"ImageObject\",\"inLanguage\":\"es\",\"@id\":\"https:\\\/\\\/diariotextual.com\\\/inicio\\\/index.php\\\/2024\\\/02\\\/17\\\/milei-la-medicion-de-la-uca-que-ubica-la-pobreza-en-574-es-herencia-del-modelo-de-la-casta\\\/#primaryimage\",\"url\":\"https:\\\/\\\/diariotextual.com\\\/inicio\\\/wp-content\\\/uploads\\\/2023\\\/12\\\/mileijavierdespacho2023-1.jpg\",\"contentUrl\":\"https:\\\/\\\/diariotextual.com\\\/inicio\\\/wp-content\\\/uploads\\\/2023\\\/12\\\/mileijavierdespacho2023-1.jpg\",\"width\":1200,\"height\":675},{\"@type\":\"BreadcrumbList\",\"@id\":\"https:\\\/\\\/diariotextual.com\\\/inicio\\\/index.php\\\/2024\\\/02\\\/17\\\/milei-la-medicion-de-la-uca-que-ubica-la-pobreza-en-574-es-herencia-del-modelo-de-la-casta\\\/#breadcrumb\",\"itemListElement\":[{\"@type\":\"ListItem\",\"position\":1,\"name\":\"Portada\",\"item\":\"https:\\\/\\\/diariotextual.com\\\/inicio\\\/\"},{\"@type\":\"ListItem\",\"position\":2,\"name\":\"Milei: la medici\u00f3n de la UCA que ubica la pobreza en 57,4% es \u201cherencia del modelo de la casta\u201d\"}]},{\"@type\":\"WebSite\",\"@id\":\"https:\\\/\\\/diariotextual.com\\\/inicio\\\/#website\",\"url\":\"https:\\\/\\\/diariotextual.com\\\/inicio\\\/\",\"name\":\"Diario Textual\",\"description\":\"\",\"publisher\":{\"@id\":\"https:\\\/\\\/diariotextual.com\\\/inicio\\\/#organization\"},\"potentialAction\":[{\"@type\":\"SearchAction\",\"target\":{\"@type\":\"EntryPoint\",\"urlTemplate\":\"https:\\\/\\\/diariotextual.com\\\/inicio\\\/?s={search_term_string}\"},\"query-input\":{\"@type\":\"PropertyValueSpecification\",\"valueRequired\":true,\"valueName\":\"search_term_string\"}}],\"inLanguage\":\"es\"},{\"@type\":\"Organization\",\"@id\":\"https:\\\/\\\/diariotextual.com\\\/inicio\\\/#organization\",\"name\":\"Diario Textual\",\"url\":\"https:\\\/\\\/diariotextual.com\\\/inicio\\\/\",\"logo\":{\"@type\":\"ImageObject\",\"inLanguage\":\"es\",\"@id\":\"https:\\\/\\\/diariotextual.com\\\/inicio\\\/#\\\/schema\\\/logo\\\/image\\\/\",\"url\":\"https:\\\/\\\/diariotextual.com\\\/inicio\\\/wp-content\\\/uploads\\\/2023\\\/05\\\/logotextual1.jpg\",\"contentUrl\":\"https:\\\/\\\/diariotextual.com\\\/inicio\\\/wp-content\\\/uploads\\\/2023\\\/05\\\/logotextual1.jpg\",\"width\":516,\"height\":76,\"caption\":\"Diario Textual\"},\"image\":{\"@id\":\"https:\\\/\\\/diariotextual.com\\\/inicio\\\/#\\\/schema\\\/logo\\\/image\\\/\"},\"sameAs\":[\"https:\\\/\\\/www.facebook.com\\\/eltextual\",\"https:\\\/\\\/x.com\\\/eltextual\",\"http:\\\/\\\/www.instagram.com\\\/eltextual\"]},{\"@type\":\"Person\",\"@id\":\"https:\\\/\\\/diariotextual.com\\\/inicio\\\/#\\\/schema\\\/person\\\/418fc4093c33e86ed41562db3508f958\",\"name\":\"Diario1 Diario1\",\"image\":{\"@type\":\"ImageObject\",\"inLanguage\":\"es\",\"@id\":\"https:\\\/\\\/secure.gravatar.com\\\/avatar\\\/9167d280179c85bc18be67aa7eda765854300033af4896dd779b608640f2ef7a?s=96&d=mm&r=g\",\"url\":\"https:\\\/\\\/secure.gravatar.com\\\/avatar\\\/9167d280179c85bc18be67aa7eda765854300033af4896dd779b608640f2ef7a?s=96&d=mm&r=g\",\"contentUrl\":\"https:\\\/\\\/secure.gravatar.com\\\/avatar\\\/9167d280179c85bc18be67aa7eda765854300033af4896dd779b608640f2ef7a?s=96&d=mm&r=g\",\"caption\":\"Diario1 Diario1\"},\"url\":\"https:\\\/\\\/diariotextual.com\\\/inicio\\\/index.php\\\/author\\\/diario1\\\/\"}]}<\/script>\n<!-- \/ Yoast SEO plugin. -->","yoast_head_json":{"title":"Milei: la medici\u00f3n de la UCA que ubica la pobreza en 57,4% es \u201cherencia del modelo de la casta\u201d - Diario Textual","robots":{"index":"index","follow":"follow","max-snippet":"max-snippet:-1","max-image-preview":"max-image-preview:large","max-video-preview":"max-video-preview:-1"},"canonical":"https:\/\/diariotextual.com\/inicio\/index.php\/2024\/02\/17\/milei-la-medicion-de-la-uca-que-ubica-la-pobreza-en-574-es-herencia-del-modelo-de-la-casta\/","og_locale":"es_ES","og_type":"article","og_title":"Milei: la medici\u00f3n de la UCA que ubica la pobreza en 57,4% es \u201cherencia del modelo de la casta\u201d - Diario Textual","og_description":"El presidente\u00a0Javier Milei\u00a0afirm\u00f3 este s\u00e1bado que la proyecci\u00f3n que sit\u00faa la\u00a0pobreza en un 57,4% en enero de este a\u00f1o, realizada por el Observatorio de la Deuda Social de la Universidad&hellip;","og_url":"https:\/\/diariotextual.com\/inicio\/index.php\/2024\/02\/17\/milei-la-medicion-de-la-uca-que-ubica-la-pobreza-en-574-es-herencia-del-modelo-de-la-casta\/","og_site_name":"Diario Textual","article_publisher":"https:\/\/www.facebook.com\/eltextual","article_published_time":"2024-02-18T01:18:56+00:00","article_modified_time":"2024-02-18T19:44:49+00:00","og_image":[{"width":1200,"height":675,"url":"https:\/\/diariotextual.com\/inicio\/wp-content\/uploads\/2023\/12\/mileijavierdespacho2023-1.jpg","type":"image\/jpeg"}],"author":"Diario1 Diario1","twitter_card":"summary_large_image","twitter_creator":"@eltextual","twitter_site":"@eltextual","twitter_misc":{"Escrito por":"Diario1 Diario1","Tiempo de lectura":"2 minutos"},"schema":{"@context":"https:\/\/schema.org","@graph":[{"@type":"Article","@id":"https:\/\/diariotextual.com\/inicio\/index.php\/2024\/02\/17\/milei-la-medicion-de-la-uca-que-ubica-la-pobreza-en-574-es-herencia-del-modelo-de-la-casta\/#article","isPartOf":{"@id":"https:\/\/diariotextual.com\/inicio\/index.php\/2024\/02\/17\/milei-la-medicion-de-la-uca-que-ubica-la-pobreza-en-574-es-herencia-del-modelo-de-la-casta\/"},"author":{"name":"Diario1 Diario1","@id":"https:\/\/diariotextual.com\/inicio\/#\/schema\/person\/418fc4093c33e86ed41562db3508f958"},"headline":"Milei: la medici\u00f3n de la UCA que ubica la pobreza en 57,4% es \u201cherencia del modelo de la casta\u201d","datePublished":"2024-02-18T01:18:56+00:00","dateModified":"2024-02-18T19:44:49+00:00","mainEntityOfPage":{"@id":"https:\/\/diariotextual.com\/inicio\/index.php\/2024\/02\/17\/milei-la-medicion-de-la-uca-que-ubica-la-pobreza-en-574-es-herencia-del-modelo-de-la-casta\/"},"wordCount":267,"publisher":{"@id":"https:\/\/diariotextual.com\/inicio\/#organization"},"image":{"@id":"https:\/\/diariotextual.com\/inicio\/index.php\/2024\/02\/17\/milei-la-medicion-de-la-uca-que-ubica-la-pobreza-en-574-es-herencia-del-modelo-de-la-casta\/#primaryimage"},"thumbnailUrl":"https:\/\/diariotextual.com\/inicio\/wp-content\/uploads\/2023\/12\/mileijavierdespacho2023-1.jpg","articleSection":["A - ES NOTICIA (van abajo)","POLITICA"],"inLanguage":"es"},{"@type":"WebPage","@id":"https:\/\/diariotextual.com\/inicio\/index.php\/2024\/02\/17\/milei-la-medicion-de-la-uca-que-ubica-la-pobreza-en-574-es-herencia-del-modelo-de-la-casta\/","url":"https:\/\/diariotextual.com\/inicio\/index.php\/2024\/02\/17\/milei-la-medicion-de-la-uca-que-ubica-la-pobreza-en-574-es-herencia-del-modelo-de-la-casta\/","name":"Milei: la medici\u00f3n de la UCA que ubica la pobreza en 57,4% es \u201cherencia del modelo de la casta\u201d - Diario Textual","isPartOf":{"@id":"https:\/\/diariotextual.com\/inicio\/#website"},"primaryImageOfPage":{"@id":"https:\/\/diariotextual.com\/inicio\/index.php\/2024\/02\/17\/milei-la-medicion-de-la-uca-que-ubica-la-pobreza-en-574-es-herencia-del-modelo-de-la-casta\/#primaryimage"},"image":{"@id":"https:\/\/diariotextual.com\/inicio\/index.php\/2024\/02\/17\/milei-la-medicion-de-la-uca-que-ubica-la-pobreza-en-574-es-herencia-del-modelo-de-la-casta\/#primaryimage"},"thumbnailUrl":"https:\/\/diariotextual.com\/inicio\/wp-content\/uploads\/2023\/12\/mileijavierdespacho2023-1.jpg","datePublished":"2024-02-18T01:18:56+00:00","dateModified":"2024-02-18T19:44:49+00:00","breadcrumb":{"@id":"https:\/\/diariotextual.com\/inicio\/index.php\/2024\/02\/17\/milei-la-medicion-de-la-uca-que-ubica-la-pobreza-en-574-es-herencia-del-modelo-de-la-casta\/#breadcrumb"},"inLanguage":"es","potentialAction":[{"@type":"ReadAction","target":["https:\/\/diariotextual.com\/inicio\/index.php\/2024\/02\/17\/milei-la-medicion-de-la-uca-que-ubica-la-pobreza-en-574-es-herencia-del-modelo-de-la-casta\/"]}]},{"@type":"ImageObject","inLanguage":"es","@id":"https:\/\/diariotextual.com\/inicio\/index.php\/2024\/02\/17\/milei-la-medicion-de-la-uca-que-ubica-la-pobreza-en-574-es-herencia-del-modelo-de-la-casta\/#primaryimage","url":"https:\/\/diariotextual.com\/inicio\/wp-content\/uploads\/2023\/12\/mileijavierdespacho2023-1.jpg","contentUrl":"https:\/\/diariotextual.com\/inicio\/wp-content\/uploads\/2023\/12\/mileijavierdespacho2023-1.jpg","width":1200,"height":675},{"@type":"BreadcrumbList","@id":"https:\/\/diariotextual.com\/inicio\/index.php\/2024\/02\/17\/milei-la-medicion-de-la-uca-que-ubica-la-pobreza-en-574-es-herencia-del-modelo-de-la-casta\/#breadcrumb","itemListElement":[{"@type":"ListItem","position":1,"name":"Portada","item":"https:\/\/diariotextual.com\/inicio\/"},{"@type":"ListItem","position":2,"name":"Milei: la medici\u00f3n de la UCA que ubica la pobreza en 57,4% es \u201cherencia del modelo de la casta\u201d"}]},{"@type":"WebSite","@id":"https:\/\/diariotextual.com\/inicio\/#website","url":"https:\/\/diariotextual.com\/inicio\/","name":"Diario Textual","description":"","publisher":{"@id":"https:\/\/diariotextual.com\/inicio\/#organization"},"potentialAction":[{"@type":"SearchAction","target":{"@type":"EntryPoint","urlTemplate":"https:\/\/diariotextual.com\/inicio\/?s={search_term_string}"},"query-input":{"@type":"PropertyValueSpecification","valueRequired":true,"valueName":"search_term_string"}}],"inLanguage":"es"},{"@type":"Organization","@id":"https:\/\/diariotextual.com\/inicio\/#organization","name":"Diario Textual","url":"https:\/\/diariotextual.com\/inicio\/","logo":{"@type":"ImageObject","inLanguage":"es","@id":"https:\/\/diariotextual.com\/inicio\/#\/schema\/logo\/image\/","url":"https:\/\/diariotextual.com\/inicio\/wp-content\/uploads\/2023\/05\/logotextual1.jpg","contentUrl":"https:\/\/diariotextual.com\/inicio\/wp-content\/uploads\/2023\/05\/logotextual1.jpg","width":516,"height":76,"caption":"Diario Textual"},"image":{"@id":"https:\/\/diariotextual.com\/inicio\/#\/schema\/logo\/image\/"},"sameAs":["https:\/\/www.facebook.com\/eltextual","https:\/\/x.com\/eltextual","http:\/\/www.instagram.com\/eltextual"]},{"@type":"Person","@id":"https:\/\/diariotextual.com\/inicio\/#\/schema\/person\/418fc4093c33e86ed41562db3508f958","name":"Diario1 Diario1","image":{"@type":"ImageObject","inLanguage":"es","@id":"https:\/\/secure.gravatar.com\/avatar\/9167d280179c85bc18be67aa7eda765854300033af4896dd779b608640f2ef7a?s=96&d=mm&r=g","url":"https:\/\/secure.gravatar.com\/avatar\/9167d280179c85bc18be67aa7eda765854300033af4896dd779b608640f2ef7a?s=96&d=mm&r=g","contentUrl":"https:\/\/secure.gravatar.com\/avatar\/9167d280179c85bc18be67aa7eda765854300033af4896dd779b608640f2ef7a?s=96&d=mm&r=g","caption":"Diario1 Diario1"},"url":"https:\/\/diariotextual.com\/inicio\/index.php\/author\/diario1\/"}]}},"_links":{"self":[{"href":"https:\/\/diariotextual.com\/inicio\/index.php\/wp-json\/wp\/v2\/posts\/254313","targetHints":{"allow":["GET"]}}],"collection":[{"href":"https:\/\/diariotextual.com\/inicio\/index.php\/wp-json\/wp\/v2\/posts"}],"about":[{"href":"https:\/\/diariotextual.com\/inicio\/index.php\/wp-json\/wp\/v2\/types\/post"}],"author":[{"embeddable":true,"href":"https:\/\/diariotextual.com\/inicio\/index.php\/wp-json\/wp\/v2\/users\/3"}],"replies":[{"embeddable":true,"href":"https:\/\/diariotextual.com\/inicio\/index.php\/wp-json\/wp\/v2\/comments?post=254313"}],"version-history":[{"count":3,"href":"https:\/\/diariotextual.com\/inicio\/index.php\/wp-json\/wp\/v2\/posts\/254313\/revisions"}],"predecessor-version":[{"id":254317,"href":"https:\/\/diariotextual.com\/inicio\/index.php\/wp-json\/wp\/v2\/posts\/254313\/revisions\/254317"}],"wp:featuredmedia":[{"embeddable":true,"href":"https:\/\/diariotextual.com\/inicio\/index.php\/wp-json\/wp\/v2\/media\/248673"}],"wp:attachment":[{"href":"https:\/\/diariotextual.com\/inicio\/index.php\/wp-json\/wp\/v2\/media?parent=254313"}],"wp:term":[{"taxonomy":"category","embeddable":true,"href":"https:\/\/diariotextual.com\/inicio\/index.php\/wp-json\/wp\/v2\/categories?post=254313"},{"taxonomy":"post_tag","embeddable":true,"href":"https:\/\/diariotextual.com\/inicio\/index.php\/wp-json\/wp\/v2\/tags?post=254313"}],"curies":[{"name":"wp","href":"https:\/\/api.w.org\/{rel}","templated":true}]}}