{"id":254402,"date":"2024-02-19T07:15:54","date_gmt":"2024-02-19T10:15:54","guid":{"rendered":"https:\/\/diariotextual.com\/inicio\/?p=254402"},"modified":"2024-02-19T16:48:20","modified_gmt":"2024-02-19T19:48:20","slug":"ahora-cristina-cruzo-a-milei-por-la-pobreza-hoy-estamos-peor-que-en-2004","status":"publish","type":"post","link":"https:\/\/diariotextual.com\/inicio\/index.php\/2024\/02\/19\/ahora-cristina-cruzo-a-milei-por-la-pobreza-hoy-estamos-peor-que-en-2004\/","title":{"rendered":"Ahora Cristina cruz\u00f3 a Milei y a Macri por la pobreza: \u201cHoy estamos peor que en 2004\u201d"},"content":{"rendered":"\n<p>La expresidenta <strong>Cristina Fern\u00e1ndez de Kirchner <\/strong>public\u00f3 este lunes a primera hora de la ma\u00f1ana un extenso posteo en su cuenta de X (antes Twitter) en el cual critica al exmandatario Mauricio Macri y tambi\u00e9n al actual presidente, <strong>Javier Milei<\/strong>, por los datos de pobreza informados el s\u00e1bado por la Universidad Cat\u00f3lica Argentina (UCA). \u201cHoy ya estamos peor que en el a\u00f1o 2004. Sin embargo, la verdadera tragedia es que no est\u00e1n jugando un juego de mesa, sino con la mesa de los argentinos\u201d, sostuvo la exmandataria en X.<\/p>\n\n\n\n<p><\/p>\n\n\n\n<blockquote class=\"twitter-tweet\"><p lang=\"es\" dir=\"ltr\">Ayer, en una nota publicada en Perfil, cuyo t\u00edtulo es \u201cEl Informe de la UCA. Milei puso distancia del fuerte aumento de la pobreza en enero: \u201cEs la verdadera herencia del modelo de la casta\u201d &#8211; <a href=\"https:\/\/t.co\/lM6pPzI3j9\">https:\/\/t.co\/lM6pPzI3j9<\/a> -, aparece un gr\u00e1fico del Observatorio de la Deuda Social\u2026 <a href=\"https:\/\/t.co\/qOeaUZaORS\">pic.twitter.com\/qOeaUZaORS<\/a><\/p>&mdash; Cristina Kirchner (@CFKArgentina) <a href=\"https:\/\/twitter.com\/CFKArgentina\/status\/1759518278488093023?ref_src=twsrc%5Etfw\">February 19, 2024<\/a><\/blockquote> <script async src=\"https:\/\/platform.twitter.com\/widgets.js\" charset=\"utf-8\"><\/script>\n\n\n\n<p>Tal como hizo hace menos de una semana para hacer un revisionismo hist\u00f3rico sobre lo que considera que son las tres crisis de deuda que atraves\u00f3 y atraviesa la Argentina, Cristina utiliz\u00f3 sus redes sociales para enviar otro mensaje con el que busca retomar la centralidad del peronismo y de la oposici\u00f3n.<\/p>\n\n\n\n<p>En este caso, la publicaci\u00f3n tuvo que ver con el dato de pobreza informado el s\u00e1bado por la UCA, seg\u00fan el cual un 57% de los argentinos son pobres. Pero tambi\u00e9n la respuesta de Milei hacia ese informe. \u201cEs la verdadera herencia del modelo de la casta\u201d, hab\u00eda dicho el mandatario.<\/p>\n\n\n\n<p>Al respecto, Fern\u00e1ndez de Kirchner escribi\u00f3 un extenso posteo, acompa\u00f1ado de un gr\u00e1fico. \u201cAyer, en una nota publicada en Perfil, cuyo t\u00edtulo es &#8216;El Informe de la UCA. Milei puso distancia del fuerte aumento de la pobreza en enero: Es la verdadera herencia del modelo de la casta&#8217;, aparece un gr\u00e1fico del Observatorio de la Deuda Social Argentina, que comparto m\u00e1s abajo y que mide la evoluci\u00f3n de las tasas de pobreza e indigencia urbanas entre enero del 2004 y enero del 2024; o sea en los tan mentados, meneados y criticados &#8216;\u00faltimos 20 a\u00f1os&#8217;\u201d, escribi\u00f3 la expresidenta.<\/p>\n\n\n\n<p>\u201cCuando lo vi, me acorde del tercer p\u00e1rrafo, p\u00e1gina 10 del documento de trabajo &#8216;Argentina en su tercera crisis de deuda &#8211; Cuadro de Situaci\u00f3n-&#8216;, que transcribo a continuaci\u00f3n: &#8216;No pudo seguir en el Gobierno (me refiero a Macri), pero el condicionamiento estructural que significaron sus decisiones en materia de endeudamiento, tanto por la magnitud de su volumen total con bonistas privados y con el FMI, como por el retorno de ese organismo multilateral en su rol de auditor de la econom\u00eda argentina, aun persiste. Con el Gobierno de Mauricio Macri la Argentina, como en el juego de la oca, retroced\u00eda casilleros a mansalva. El Gobierno que sigui\u00f3 no pudo o no supo cortar este verdadero nudo gordiano de la econom\u00eda argentina\u201d, a\u00f1adi\u00f3, sin mencionar que el Gobierno que sigui\u00f3, como expres\u00f3, fue el que conform\u00f3 ella, como vicepresidenta, junto al entonces presidente Alberto Fern\u00e1ndez.<\/p>\n\n\n\n<p>\u201cSi fuera el Juego de la Oca -agreg\u00f3-, al mirar el gr\u00e1fico del Observatorio, m\u00e1s que un retroceso a mansalva estar\u00edamos viendo c\u00f3mo, a partir del a\u00f1o 2018 -con endeudamiento en d\u00f3lares y regreso del FMI de la mano de Mauricio Macri-, volvimos para atr\u00e1s hasta caer en el punto de partida. La realidad que muestra este trabajo es que hoy ya estamos peor que en el a\u00f1o 2004. Sin embargo, la verdadera tragedia es que no est\u00e1n jugando un juego de mesa, sino con la mesa de los argentinos\u201d.<\/p>\n\n\n\n<p><\/p>\n","protected":false},"excerpt":{"rendered":"<p>La expresidenta Cristina Fern\u00e1ndez de Kirchner public\u00f3 este lunes a primera hora de la ma\u00f1ana un extenso posteo en su cuenta de X (antes Twitter) en el cual critica al&hellip;<\/p>\n","protected":false},"author":3,"featured_media":230572,"comment_status":"closed","ping_status":"open","sticky":false,"template":"","format":"standard","meta":{"_acf_changed":false,"footnotes":""},"categories":[1,8],"tags":[],"class_list":["post-254402","post","type-post","status-publish","format-standard","has-post-thumbnail","hentry","category-es-noticia","category-politica"],"acf":[],"yoast_head":"<!-- This site is optimized with the Yoast SEO plugin v27.5 - https:\/\/yoast.com\/product\/yoast-seo-wordpress\/ -->\n<title>Ahora Cristina cruz\u00f3 a Milei y a Macri por la pobreza: \u201cHoy estamos peor que en 2004\u201d - Diario Textual<\/title>\n<meta name=\"robots\" content=\"index, follow, max-snippet:-1, max-image-preview:large, max-video-preview:-1\" \/>\n<link rel=\"canonical\" href=\"https:\/\/diariotextual.com\/inicio\/index.php\/2024\/02\/19\/ahora-cristina-cruzo-a-milei-por-la-pobreza-hoy-estamos-peor-que-en-2004\/\" \/>\n<meta property=\"og:locale\" content=\"es_ES\" \/>\n<meta property=\"og:type\" content=\"article\" \/>\n<meta property=\"og:title\" content=\"Ahora Cristina cruz\u00f3 a Milei y a Macri por la pobreza: \u201cHoy estamos peor que en 2004\u201d - Diario Textual\" \/>\n<meta property=\"og:description\" content=\"La expresidenta Cristina Fern\u00e1ndez de Kirchner public\u00f3 este lunes a primera hora de la ma\u00f1ana un extenso posteo en su cuenta de X (antes Twitter) en el cual critica al&hellip;\" \/>\n<meta property=\"og:url\" content=\"https:\/\/diariotextual.com\/inicio\/index.php\/2024\/02\/19\/ahora-cristina-cruzo-a-milei-por-la-pobreza-hoy-estamos-peor-que-en-2004\/\" \/>\n<meta property=\"og:site_name\" content=\"Diario Textual\" \/>\n<meta property=\"article:publisher\" content=\"https:\/\/www.facebook.com\/eltextual\" \/>\n<meta property=\"article:published_time\" content=\"2024-02-19T10:15:54+00:00\" \/>\n<meta property=\"article:modified_time\" content=\"2024-02-19T19:48:20+00:00\" \/>\n<meta property=\"og:image\" content=\"https:\/\/diariotextual.com\/inicio\/wp-content\/uploads\/2023\/07\/fernandezcristina2023-023.jpg\" \/>\n\t<meta property=\"og:image:width\" content=\"2048\" \/>\n\t<meta property=\"og:image:height\" content=\"1366\" \/>\n\t<meta property=\"og:image:type\" content=\"image\/jpeg\" \/>\n<meta name=\"author\" content=\"Diario1 Diario1\" \/>\n<meta name=\"twitter:card\" content=\"summary_large_image\" \/>\n<meta name=\"twitter:creator\" content=\"@eltextual\" \/>\n<meta name=\"twitter:site\" content=\"@eltextual\" \/>\n<meta name=\"twitter:label1\" content=\"Escrito por\" \/>\n\t<meta name=\"twitter:data1\" content=\"Diario1 Diario1\" \/>\n\t<meta name=\"twitter:label2\" content=\"Tiempo de lectura\" \/>\n\t<meta name=\"twitter:data2\" content=\"3 minutos\" \/>\n<script type=\"application\/ld+json\" class=\"yoast-schema-graph\">{\"@context\":\"https:\\\/\\\/schema.org\",\"@graph\":[{\"@type\":\"Article\",\"@id\":\"https:\\\/\\\/diariotextual.com\\\/inicio\\\/index.php\\\/2024\\\/02\\\/19\\\/ahora-cristina-cruzo-a-milei-por-la-pobreza-hoy-estamos-peor-que-en-2004\\\/#article\",\"isPartOf\":{\"@id\":\"https:\\\/\\\/diariotextual.com\\\/inicio\\\/index.php\\\/2024\\\/02\\\/19\\\/ahora-cristina-cruzo-a-milei-por-la-pobreza-hoy-estamos-peor-que-en-2004\\\/\"},\"author\":{\"name\":\"Diario1 Diario1\",\"@id\":\"https:\\\/\\\/diariotextual.com\\\/inicio\\\/#\\\/schema\\\/person\\\/418fc4093c33e86ed41562db3508f958\"},\"headline\":\"Ahora Cristina cruz\u00f3 a Milei y a Macri por la pobreza: \u201cHoy estamos peor que en 2004\u201d\",\"datePublished\":\"2024-02-19T10:15:54+00:00\",\"dateModified\":\"2024-02-19T19:48:20+00:00\",\"mainEntityOfPage\":{\"@id\":\"https:\\\/\\\/diariotextual.com\\\/inicio\\\/index.php\\\/2024\\\/02\\\/19\\\/ahora-cristina-cruzo-a-milei-por-la-pobreza-hoy-estamos-peor-que-en-2004\\\/\"},\"wordCount\":638,\"publisher\":{\"@id\":\"https:\\\/\\\/diariotextual.com\\\/inicio\\\/#organization\"},\"image\":{\"@id\":\"https:\\\/\\\/diariotextual.com\\\/inicio\\\/index.php\\\/2024\\\/02\\\/19\\\/ahora-cristina-cruzo-a-milei-por-la-pobreza-hoy-estamos-peor-que-en-2004\\\/#primaryimage\"},\"thumbnailUrl\":\"https:\\\/\\\/diariotextual.com\\\/inicio\\\/wp-content\\\/uploads\\\/2023\\\/07\\\/fernandezcristina2023-023.jpg\",\"articleSection\":[\"A - ES NOTICIA (van abajo)\",\"POLITICA\"],\"inLanguage\":\"es\"},{\"@type\":\"WebPage\",\"@id\":\"https:\\\/\\\/diariotextual.com\\\/inicio\\\/index.php\\\/2024\\\/02\\\/19\\\/ahora-cristina-cruzo-a-milei-por-la-pobreza-hoy-estamos-peor-que-en-2004\\\/\",\"url\":\"https:\\\/\\\/diariotextual.com\\\/inicio\\\/index.php\\\/2024\\\/02\\\/19\\\/ahora-cristina-cruzo-a-milei-por-la-pobreza-hoy-estamos-peor-que-en-2004\\\/\",\"name\":\"Ahora Cristina cruz\u00f3 a Milei y a Macri por la pobreza: \u201cHoy estamos peor que en 2004\u201d - Diario Textual\",\"isPartOf\":{\"@id\":\"https:\\\/\\\/diariotextual.com\\\/inicio\\\/#website\"},\"primaryImageOfPage\":{\"@id\":\"https:\\\/\\\/diariotextual.com\\\/inicio\\\/index.php\\\/2024\\\/02\\\/19\\\/ahora-cristina-cruzo-a-milei-por-la-pobreza-hoy-estamos-peor-que-en-2004\\\/#primaryimage\"},\"image\":{\"@id\":\"https:\\\/\\\/diariotextual.com\\\/inicio\\\/index.php\\\/2024\\\/02\\\/19\\\/ahora-cristina-cruzo-a-milei-por-la-pobreza-hoy-estamos-peor-que-en-2004\\\/#primaryimage\"},\"thumbnailUrl\":\"https:\\\/\\\/diariotextual.com\\\/inicio\\\/wp-content\\\/uploads\\\/2023\\\/07\\\/fernandezcristina2023-023.jpg\",\"datePublished\":\"2024-02-19T10:15:54+00:00\",\"dateModified\":\"2024-02-19T19:48:20+00:00\",\"breadcrumb\":{\"@id\":\"https:\\\/\\\/diariotextual.com\\\/inicio\\\/index.php\\\/2024\\\/02\\\/19\\\/ahora-cristina-cruzo-a-milei-por-la-pobreza-hoy-estamos-peor-que-en-2004\\\/#breadcrumb\"},\"inLanguage\":\"es\",\"potentialAction\":[{\"@type\":\"ReadAction\",\"target\":[\"https:\\\/\\\/diariotextual.com\\\/inicio\\\/index.php\\\/2024\\\/02\\\/19\\\/ahora-cristina-cruzo-a-milei-por-la-pobreza-hoy-estamos-peor-que-en-2004\\\/\"]}]},{\"@type\":\"ImageObject\",\"inLanguage\":\"es\",\"@id\":\"https:\\\/\\\/diariotextual.com\\\/inicio\\\/index.php\\\/2024\\\/02\\\/19\\\/ahora-cristina-cruzo-a-milei-por-la-pobreza-hoy-estamos-peor-que-en-2004\\\/#primaryimage\",\"url\":\"https:\\\/\\\/diariotextual.com\\\/inicio\\\/wp-content\\\/uploads\\\/2023\\\/07\\\/fernandezcristina2023-023.jpg\",\"contentUrl\":\"https:\\\/\\\/diariotextual.com\\\/inicio\\\/wp-content\\\/uploads\\\/2023\\\/07\\\/fernandezcristina2023-023.jpg\",\"width\":2048,\"height\":1366},{\"@type\":\"BreadcrumbList\",\"@id\":\"https:\\\/\\\/diariotextual.com\\\/inicio\\\/index.php\\\/2024\\\/02\\\/19\\\/ahora-cristina-cruzo-a-milei-por-la-pobreza-hoy-estamos-peor-que-en-2004\\\/#breadcrumb\",\"itemListElement\":[{\"@type\":\"ListItem\",\"position\":1,\"name\":\"Portada\",\"item\":\"https:\\\/\\\/diariotextual.com\\\/inicio\\\/\"},{\"@type\":\"ListItem\",\"position\":2,\"name\":\"Ahora Cristina cruz\u00f3 a Milei y a Macri por la pobreza: \u201cHoy estamos peor que en 2004\u201d\"}]},{\"@type\":\"WebSite\",\"@id\":\"https:\\\/\\\/diariotextual.com\\\/inicio\\\/#website\",\"url\":\"https:\\\/\\\/diariotextual.com\\\/inicio\\\/\",\"name\":\"Diario Textual\",\"description\":\"\",\"publisher\":{\"@id\":\"https:\\\/\\\/diariotextual.com\\\/inicio\\\/#organization\"},\"potentialAction\":[{\"@type\":\"SearchAction\",\"target\":{\"@type\":\"EntryPoint\",\"urlTemplate\":\"https:\\\/\\\/diariotextual.com\\\/inicio\\\/?s={search_term_string}\"},\"query-input\":{\"@type\":\"PropertyValueSpecification\",\"valueRequired\":true,\"valueName\":\"search_term_string\"}}],\"inLanguage\":\"es\"},{\"@type\":\"Organization\",\"@id\":\"https:\\\/\\\/diariotextual.com\\\/inicio\\\/#organization\",\"name\":\"Diario Textual\",\"url\":\"https:\\\/\\\/diariotextual.com\\\/inicio\\\/\",\"logo\":{\"@type\":\"ImageObject\",\"inLanguage\":\"es\",\"@id\":\"https:\\\/\\\/diariotextual.com\\\/inicio\\\/#\\\/schema\\\/logo\\\/image\\\/\",\"url\":\"https:\\\/\\\/diariotextual.com\\\/inicio\\\/wp-content\\\/uploads\\\/2023\\\/05\\\/logotextual1.jpg\",\"contentUrl\":\"https:\\\/\\\/diariotextual.com\\\/inicio\\\/wp-content\\\/uploads\\\/2023\\\/05\\\/logotextual1.jpg\",\"width\":516,\"height\":76,\"caption\":\"Diario Textual\"},\"image\":{\"@id\":\"https:\\\/\\\/diariotextual.com\\\/inicio\\\/#\\\/schema\\\/logo\\\/image\\\/\"},\"sameAs\":[\"https:\\\/\\\/www.facebook.com\\\/eltextual\",\"https:\\\/\\\/x.com\\\/eltextual\",\"http:\\\/\\\/www.instagram.com\\\/eltextual\"]},{\"@type\":\"Person\",\"@id\":\"https:\\\/\\\/diariotextual.com\\\/inicio\\\/#\\\/schema\\\/person\\\/418fc4093c33e86ed41562db3508f958\",\"name\":\"Diario1 Diario1\",\"image\":{\"@type\":\"ImageObject\",\"inLanguage\":\"es\",\"@id\":\"https:\\\/\\\/secure.gravatar.com\\\/avatar\\\/9167d280179c85bc18be67aa7eda765854300033af4896dd779b608640f2ef7a?s=96&d=mm&r=g\",\"url\":\"https:\\\/\\\/secure.gravatar.com\\\/avatar\\\/9167d280179c85bc18be67aa7eda765854300033af4896dd779b608640f2ef7a?s=96&d=mm&r=g\",\"contentUrl\":\"https:\\\/\\\/secure.gravatar.com\\\/avatar\\\/9167d280179c85bc18be67aa7eda765854300033af4896dd779b608640f2ef7a?s=96&d=mm&r=g\",\"caption\":\"Diario1 Diario1\"},\"url\":\"https:\\\/\\\/diariotextual.com\\\/inicio\\\/index.php\\\/author\\\/diario1\\\/\"}]}<\/script>\n<!-- \/ Yoast SEO plugin. -->","yoast_head_json":{"title":"Ahora Cristina cruz\u00f3 a Milei y a Macri por la pobreza: \u201cHoy estamos peor que en 2004\u201d - Diario Textual","robots":{"index":"index","follow":"follow","max-snippet":"max-snippet:-1","max-image-preview":"max-image-preview:large","max-video-preview":"max-video-preview:-1"},"canonical":"https:\/\/diariotextual.com\/inicio\/index.php\/2024\/02\/19\/ahora-cristina-cruzo-a-milei-por-la-pobreza-hoy-estamos-peor-que-en-2004\/","og_locale":"es_ES","og_type":"article","og_title":"Ahora Cristina cruz\u00f3 a Milei y a Macri por la pobreza: \u201cHoy estamos peor que en 2004\u201d - Diario Textual","og_description":"La expresidenta Cristina Fern\u00e1ndez de Kirchner public\u00f3 este lunes a primera hora de la ma\u00f1ana un extenso posteo en su cuenta de X (antes Twitter) en el cual critica al&hellip;","og_url":"https:\/\/diariotextual.com\/inicio\/index.php\/2024\/02\/19\/ahora-cristina-cruzo-a-milei-por-la-pobreza-hoy-estamos-peor-que-en-2004\/","og_site_name":"Diario Textual","article_publisher":"https:\/\/www.facebook.com\/eltextual","article_published_time":"2024-02-19T10:15:54+00:00","article_modified_time":"2024-02-19T19:48:20+00:00","og_image":[{"width":2048,"height":1366,"url":"https:\/\/diariotextual.com\/inicio\/wp-content\/uploads\/2023\/07\/fernandezcristina2023-023.jpg","type":"image\/jpeg"}],"author":"Diario1 Diario1","twitter_card":"summary_large_image","twitter_creator":"@eltextual","twitter_site":"@eltextual","twitter_misc":{"Escrito por":"Diario1 Diario1","Tiempo de lectura":"3 minutos"},"schema":{"@context":"https:\/\/schema.org","@graph":[{"@type":"Article","@id":"https:\/\/diariotextual.com\/inicio\/index.php\/2024\/02\/19\/ahora-cristina-cruzo-a-milei-por-la-pobreza-hoy-estamos-peor-que-en-2004\/#article","isPartOf":{"@id":"https:\/\/diariotextual.com\/inicio\/index.php\/2024\/02\/19\/ahora-cristina-cruzo-a-milei-por-la-pobreza-hoy-estamos-peor-que-en-2004\/"},"author":{"name":"Diario1 Diario1","@id":"https:\/\/diariotextual.com\/inicio\/#\/schema\/person\/418fc4093c33e86ed41562db3508f958"},"headline":"Ahora Cristina cruz\u00f3 a Milei y a Macri por la pobreza: \u201cHoy estamos peor que en 2004\u201d","datePublished":"2024-02-19T10:15:54+00:00","dateModified":"2024-02-19T19:48:20+00:00","mainEntityOfPage":{"@id":"https:\/\/diariotextual.com\/inicio\/index.php\/2024\/02\/19\/ahora-cristina-cruzo-a-milei-por-la-pobreza-hoy-estamos-peor-que-en-2004\/"},"wordCount":638,"publisher":{"@id":"https:\/\/diariotextual.com\/inicio\/#organization"},"image":{"@id":"https:\/\/diariotextual.com\/inicio\/index.php\/2024\/02\/19\/ahora-cristina-cruzo-a-milei-por-la-pobreza-hoy-estamos-peor-que-en-2004\/#primaryimage"},"thumbnailUrl":"https:\/\/diariotextual.com\/inicio\/wp-content\/uploads\/2023\/07\/fernandezcristina2023-023.jpg","articleSection":["A - ES NOTICIA (van abajo)","POLITICA"],"inLanguage":"es"},{"@type":"WebPage","@id":"https:\/\/diariotextual.com\/inicio\/index.php\/2024\/02\/19\/ahora-cristina-cruzo-a-milei-por-la-pobreza-hoy-estamos-peor-que-en-2004\/","url":"https:\/\/diariotextual.com\/inicio\/index.php\/2024\/02\/19\/ahora-cristina-cruzo-a-milei-por-la-pobreza-hoy-estamos-peor-que-en-2004\/","name":"Ahora Cristina cruz\u00f3 a Milei y a Macri por la pobreza: \u201cHoy estamos peor que en 2004\u201d - Diario Textual","isPartOf":{"@id":"https:\/\/diariotextual.com\/inicio\/#website"},"primaryImageOfPage":{"@id":"https:\/\/diariotextual.com\/inicio\/index.php\/2024\/02\/19\/ahora-cristina-cruzo-a-milei-por-la-pobreza-hoy-estamos-peor-que-en-2004\/#primaryimage"},"image":{"@id":"https:\/\/diariotextual.com\/inicio\/index.php\/2024\/02\/19\/ahora-cristina-cruzo-a-milei-por-la-pobreza-hoy-estamos-peor-que-en-2004\/#primaryimage"},"thumbnailUrl":"https:\/\/diariotextual.com\/inicio\/wp-content\/uploads\/2023\/07\/fernandezcristina2023-023.jpg","datePublished":"2024-02-19T10:15:54+00:00","dateModified":"2024-02-19T19:48:20+00:00","breadcrumb":{"@id":"https:\/\/diariotextual.com\/inicio\/index.php\/2024\/02\/19\/ahora-cristina-cruzo-a-milei-por-la-pobreza-hoy-estamos-peor-que-en-2004\/#breadcrumb"},"inLanguage":"es","potentialAction":[{"@type":"ReadAction","target":["https:\/\/diariotextual.com\/inicio\/index.php\/2024\/02\/19\/ahora-cristina-cruzo-a-milei-por-la-pobreza-hoy-estamos-peor-que-en-2004\/"]}]},{"@type":"ImageObject","inLanguage":"es","@id":"https:\/\/diariotextual.com\/inicio\/index.php\/2024\/02\/19\/ahora-cristina-cruzo-a-milei-por-la-pobreza-hoy-estamos-peor-que-en-2004\/#primaryimage","url":"https:\/\/diariotextual.com\/inicio\/wp-content\/uploads\/2023\/07\/fernandezcristina2023-023.jpg","contentUrl":"https:\/\/diariotextual.com\/inicio\/wp-content\/uploads\/2023\/07\/fernandezcristina2023-023.jpg","width":2048,"height":1366},{"@type":"BreadcrumbList","@id":"https:\/\/diariotextual.com\/inicio\/index.php\/2024\/02\/19\/ahora-cristina-cruzo-a-milei-por-la-pobreza-hoy-estamos-peor-que-en-2004\/#breadcrumb","itemListElement":[{"@type":"ListItem","position":1,"name":"Portada","item":"https:\/\/diariotextual.com\/inicio\/"},{"@type":"ListItem","position":2,"name":"Ahora Cristina cruz\u00f3 a Milei y a Macri por la pobreza: \u201cHoy estamos peor que en 2004\u201d"}]},{"@type":"WebSite","@id":"https:\/\/diariotextual.com\/inicio\/#website","url":"https:\/\/diariotextual.com\/inicio\/","name":"Diario Textual","description":"","publisher":{"@id":"https:\/\/diariotextual.com\/inicio\/#organization"},"potentialAction":[{"@type":"SearchAction","target":{"@type":"EntryPoint","urlTemplate":"https:\/\/diariotextual.com\/inicio\/?s={search_term_string}"},"query-input":{"@type":"PropertyValueSpecification","valueRequired":true,"valueName":"search_term_string"}}],"inLanguage":"es"},{"@type":"Organization","@id":"https:\/\/diariotextual.com\/inicio\/#organization","name":"Diario Textual","url":"https:\/\/diariotextual.com\/inicio\/","logo":{"@type":"ImageObject","inLanguage":"es","@id":"https:\/\/diariotextual.com\/inicio\/#\/schema\/logo\/image\/","url":"https:\/\/diariotextual.com\/inicio\/wp-content\/uploads\/2023\/05\/logotextual1.jpg","contentUrl":"https:\/\/diariotextual.com\/inicio\/wp-content\/uploads\/2023\/05\/logotextual1.jpg","width":516,"height":76,"caption":"Diario Textual"},"image":{"@id":"https:\/\/diariotextual.com\/inicio\/#\/schema\/logo\/image\/"},"sameAs":["https:\/\/www.facebook.com\/eltextual","https:\/\/x.com\/eltextual","http:\/\/www.instagram.com\/eltextual"]},{"@type":"Person","@id":"https:\/\/diariotextual.com\/inicio\/#\/schema\/person\/418fc4093c33e86ed41562db3508f958","name":"Diario1 Diario1","image":{"@type":"ImageObject","inLanguage":"es","@id":"https:\/\/secure.gravatar.com\/avatar\/9167d280179c85bc18be67aa7eda765854300033af4896dd779b608640f2ef7a?s=96&d=mm&r=g","url":"https:\/\/secure.gravatar.com\/avatar\/9167d280179c85bc18be67aa7eda765854300033af4896dd779b608640f2ef7a?s=96&d=mm&r=g","contentUrl":"https:\/\/secure.gravatar.com\/avatar\/9167d280179c85bc18be67aa7eda765854300033af4896dd779b608640f2ef7a?s=96&d=mm&r=g","caption":"Diario1 Diario1"},"url":"https:\/\/diariotextual.com\/inicio\/index.php\/author\/diario1\/"}]}},"_links":{"self":[{"href":"https:\/\/diariotextual.com\/inicio\/index.php\/wp-json\/wp\/v2\/posts\/254402","targetHints":{"allow":["GET"]}}],"collection":[{"href":"https:\/\/diariotextual.com\/inicio\/index.php\/wp-json\/wp\/v2\/posts"}],"about":[{"href":"https:\/\/diariotextual.com\/inicio\/index.php\/wp-json\/wp\/v2\/types\/post"}],"author":[{"embeddable":true,"href":"https:\/\/diariotextual.com\/inicio\/index.php\/wp-json\/wp\/v2\/users\/3"}],"replies":[{"embeddable":true,"href":"https:\/\/diariotextual.com\/inicio\/index.php\/wp-json\/wp\/v2\/comments?post=254402"}],"version-history":[{"count":5,"href":"https:\/\/diariotextual.com\/inicio\/index.php\/wp-json\/wp\/v2\/posts\/254402\/revisions"}],"predecessor-version":[{"id":254410,"href":"https:\/\/diariotextual.com\/inicio\/index.php\/wp-json\/wp\/v2\/posts\/254402\/revisions\/254410"}],"wp:featuredmedia":[{"embeddable":true,"href":"https:\/\/diariotextual.com\/inicio\/index.php\/wp-json\/wp\/v2\/media\/230572"}],"wp:attachment":[{"href":"https:\/\/diariotextual.com\/inicio\/index.php\/wp-json\/wp\/v2\/media?parent=254402"}],"wp:term":[{"taxonomy":"category","embeddable":true,"href":"https:\/\/diariotextual.com\/inicio\/index.php\/wp-json\/wp\/v2\/categories?post=254402"},{"taxonomy":"post_tag","embeddable":true,"href":"https:\/\/diariotextual.com\/inicio\/index.php\/wp-json\/wp\/v2\/tags?post=254402"}],"curies":[{"name":"wp","href":"https:\/\/api.w.org\/{rel}","templated":true}]}}