{"id":254494,"date":"2024-02-20T09:17:41","date_gmt":"2024-02-20T12:17:41","guid":{"rendered":"https:\/\/diariotextual.com\/inicio\/?p=254494"},"modified":"2024-02-20T11:06:13","modified_gmt":"2024-02-20T14:06:13","slug":"ziliotto-repudio-la-visita-de-david-cameron-a-las-islas-malvinas","status":"publish","type":"post","link":"https:\/\/diariotextual.com\/inicio\/index.php\/2024\/02\/20\/ziliotto-repudio-la-visita-de-david-cameron-a-las-islas-malvinas\/","title":{"rendered":"Ziliotto repudi\u00f3 la visita de David Cameron a las Islas Malvinas"},"content":{"rendered":"\n<p>El gobernador pampeano<strong> Sergio Ziliotto<\/strong> repudi\u00f3 la presencia del ministro de Asuntos Exteriores de Gran Breta\u00f1a,<strong> David Camer\u00f3n<\/strong>, en las Islas Malvinas.<\/p>\n\n\n\n<p><strong>\u201cCon la misma fuerza y decisi\u00f3n con la que luchamos por evitar la desmalvinizaci\u00f3n de la memoria nacional, repudiamos y rechazamos esta nueva agresi\u00f3n brit\u00e1nica que reafirma su decisi\u00f3n de seguir ocupando ilegalmente nuestras Islas Malvinas\u201d<\/strong>, expres\u00f3 Ziliotto en X.<\/p>\n\n\n\n<p>El canciller brit\u00e1nico, que lleg\u00f3 este lunes a las Islas Malvinas, afirm\u00f3 que espera que el territorio quiera seguir bajo administraci\u00f3n del Reino Unido. <strong>\u201cEspero que por mucho tiempo, posiblemente para siempre\u201d<\/strong>, expres\u00f3.<\/p>\n\n\n\n<p>En el marco de una gira por distintos pa\u00edses de Sudam\u00e9rica, Cameron desembarc\u00f3 el territorio en disputa, no sin anticipar que \u201cla soberan\u00eda no ser\u00e1 objeto de discusi\u00f3n\u201d con Argentina.<\/p>\n\n\n\n<p>Asimismo, seg\u00fan inform\u00f3 la agencia de noticias\u00a0<em>AP<\/em>, Cameron se refiri\u00f3 a los habitantes del archipi\u00e9lago. \u201c<strong>Mientras quieran ser parte del Reino Unido son absolutamente bienvenidos y los apoyaremos y ayudaremos a protegerlos y defenderlos absolutamente, en lo que a m\u00ed respecta, por el tiempo que quieran<\/strong>. Y espero que sea por mucho, mucho tiempo, posiblemente para siempre\u201d, dijo.<\/p>\n\n\n\n<p><strong>La visita del funcionario del Reino Unido a Malvinas es la primera que un canciller brit\u00e1nico realiza desde 2016<\/strong>. Se concret\u00f3 un mes despu\u00e9s de que se reuniera con Javier Milei en Suiza, durante el Foro Econ\u00f3mico Global en Davos.<\/p>\n\n\n\n<p>A diferencia de otros presidentes, Milei tiene en cuenta a los habitantes de las islas del Atl\u00e1ntico Sur que pertenecen a la Argentina. En ese contexto, <strong>el jefe de Estado propone una salida similar al acuerdo negociado por Inglaterra con China respecto a Hong Kong.<\/strong><\/p>\n\n\n\n<p>\u201cNosotros queremos ir a una soluci\u00f3n factible respecto a las Islas Malvinas. Inglaterra tuvo un conflicto parecido a este: fue con China y por el caso de Hong Kong. Nosotros proponemos una soluci\u00f3n similar, donde por la v\u00eda diplom\u00e1tica Inglaterra nos devuelva las Islas. Pero en ese proceso, usted no puede dejar de lado lo que pasa con aquellos que viven en las Islas. Es decir, usted tiene que buscar una soluci\u00f3n no solo con Inglaterra, sino que adem\u00e1s tiene que contemplar los intereses de los que viven en las Islas\u201d, argument\u00f3 Milei en su momento.<\/p>\n\n\n\n<p>La visita de Cameron gener\u00f3 fuertes repercusiones en la oposici\u00f3n peronista.\u00a0<strong>Gustavo Melella<\/strong>, gobernador de Tierra del Fuego, declar\u00f3 al Canciller como \u201cpersona non grata\u201d y calific\u00f3 el viaje como una \u201cverdadera provocaci\u00f3n\u201d contra la soberan\u00eda argentina. En ese marco, Ziliotto y otros gobernadores salieron a repudiar a Cameron y a respaldar la posici\u00f3n de Melella.<\/p>\n\n\n\n<p><\/p>\n","protected":false},"excerpt":{"rendered":"<p>El gobernador pampeano Sergio Ziliotto repudi\u00f3 la presencia del ministro de Asuntos Exteriores de Gran Breta\u00f1a, David Camer\u00f3n, en las Islas Malvinas. \u201cCon la misma fuerza y decisi\u00f3n con la&hellip;<\/p>\n","protected":false},"author":3,"featured_media":254497,"comment_status":"closed","ping_status":"open","sticky":false,"template":"","format":"standard","meta":{"_acf_changed":false,"footnotes":""},"categories":[1,8],"tags":[],"class_list":["post-254494","post","type-post","status-publish","format-standard","has-post-thumbnail","hentry","category-es-noticia","category-politica"],"acf":[],"yoast_head":"<!-- This site is optimized with the Yoast SEO plugin v27.5 - https:\/\/yoast.com\/product\/yoast-seo-wordpress\/ -->\n<title>Ziliotto repudi\u00f3 la visita de David Cameron a las Islas Malvinas - Diario Textual<\/title>\n<meta name=\"robots\" content=\"index, follow, max-snippet:-1, max-image-preview:large, max-video-preview:-1\" \/>\n<link rel=\"canonical\" href=\"https:\/\/diariotextual.com\/inicio\/index.php\/2024\/02\/20\/ziliotto-repudio-la-visita-de-david-cameron-a-las-islas-malvinas\/\" \/>\n<meta property=\"og:locale\" content=\"es_ES\" \/>\n<meta property=\"og:type\" content=\"article\" \/>\n<meta property=\"og:title\" content=\"Ziliotto repudi\u00f3 la visita de David Cameron a las Islas Malvinas - Diario Textual\" \/>\n<meta property=\"og:description\" content=\"El gobernador pampeano Sergio Ziliotto repudi\u00f3 la presencia del ministro de Asuntos Exteriores de Gran Breta\u00f1a, David Camer\u00f3n, en las Islas Malvinas. \u201cCon la misma fuerza y decisi\u00f3n con la&hellip;\" \/>\n<meta property=\"og:url\" content=\"https:\/\/diariotextual.com\/inicio\/index.php\/2024\/02\/20\/ziliotto-repudio-la-visita-de-david-cameron-a-las-islas-malvinas\/\" \/>\n<meta property=\"og:site_name\" content=\"Diario Textual\" \/>\n<meta property=\"article:publisher\" content=\"https:\/\/www.facebook.com\/eltextual\" \/>\n<meta property=\"article:published_time\" content=\"2024-02-20T12:17:41+00:00\" \/>\n<meta property=\"article:modified_time\" content=\"2024-02-20T14:06:13+00:00\" \/>\n<meta property=\"og:image\" content=\"https:\/\/diariotextual.com\/inicio\/wp-content\/uploads\/2024\/02\/camerondavidislasmalvinas2024-1.jpg\" \/>\n\t<meta property=\"og:image:width\" content=\"1024\" \/>\n\t<meta property=\"og:image:height\" content=\"682\" \/>\n\t<meta property=\"og:image:type\" content=\"image\/jpeg\" \/>\n<meta name=\"author\" content=\"Diario1 Diario1\" \/>\n<meta name=\"twitter:card\" content=\"summary_large_image\" \/>\n<meta name=\"twitter:creator\" content=\"@eltextual\" \/>\n<meta name=\"twitter:site\" content=\"@eltextual\" \/>\n<meta name=\"twitter:label1\" content=\"Escrito por\" \/>\n\t<meta name=\"twitter:data1\" content=\"Diario1 Diario1\" \/>\n\t<meta name=\"twitter:label2\" content=\"Tiempo de lectura\" \/>\n\t<meta name=\"twitter:data2\" content=\"3 minutos\" \/>\n<script type=\"application\/ld+json\" class=\"yoast-schema-graph\">{\"@context\":\"https:\\\/\\\/schema.org\",\"@graph\":[{\"@type\":\"Article\",\"@id\":\"https:\\\/\\\/diariotextual.com\\\/inicio\\\/index.php\\\/2024\\\/02\\\/20\\\/ziliotto-repudio-la-visita-de-david-cameron-a-las-islas-malvinas\\\/#article\",\"isPartOf\":{\"@id\":\"https:\\\/\\\/diariotextual.com\\\/inicio\\\/index.php\\\/2024\\\/02\\\/20\\\/ziliotto-repudio-la-visita-de-david-cameron-a-las-islas-malvinas\\\/\"},\"author\":{\"name\":\"Diario1 Diario1\",\"@id\":\"https:\\\/\\\/diariotextual.com\\\/inicio\\\/#\\\/schema\\\/person\\\/418fc4093c33e86ed41562db3508f958\"},\"headline\":\"Ziliotto repudi\u00f3 la visita de David Cameron a las Islas Malvinas\",\"datePublished\":\"2024-02-20T12:17:41+00:00\",\"dateModified\":\"2024-02-20T14:06:13+00:00\",\"mainEntityOfPage\":{\"@id\":\"https:\\\/\\\/diariotextual.com\\\/inicio\\\/index.php\\\/2024\\\/02\\\/20\\\/ziliotto-repudio-la-visita-de-david-cameron-a-las-islas-malvinas\\\/\"},\"wordCount\":460,\"publisher\":{\"@id\":\"https:\\\/\\\/diariotextual.com\\\/inicio\\\/#organization\"},\"image\":{\"@id\":\"https:\\\/\\\/diariotextual.com\\\/inicio\\\/index.php\\\/2024\\\/02\\\/20\\\/ziliotto-repudio-la-visita-de-david-cameron-a-las-islas-malvinas\\\/#primaryimage\"},\"thumbnailUrl\":\"https:\\\/\\\/diariotextual.com\\\/inicio\\\/wp-content\\\/uploads\\\/2024\\\/02\\\/camerondavidislasmalvinas2024-1.jpg\",\"articleSection\":[\"A - ES NOTICIA (van abajo)\",\"POLITICA\"],\"inLanguage\":\"es\"},{\"@type\":\"WebPage\",\"@id\":\"https:\\\/\\\/diariotextual.com\\\/inicio\\\/index.php\\\/2024\\\/02\\\/20\\\/ziliotto-repudio-la-visita-de-david-cameron-a-las-islas-malvinas\\\/\",\"url\":\"https:\\\/\\\/diariotextual.com\\\/inicio\\\/index.php\\\/2024\\\/02\\\/20\\\/ziliotto-repudio-la-visita-de-david-cameron-a-las-islas-malvinas\\\/\",\"name\":\"Ziliotto repudi\u00f3 la visita de David Cameron a las Islas Malvinas - Diario Textual\",\"isPartOf\":{\"@id\":\"https:\\\/\\\/diariotextual.com\\\/inicio\\\/#website\"},\"primaryImageOfPage\":{\"@id\":\"https:\\\/\\\/diariotextual.com\\\/inicio\\\/index.php\\\/2024\\\/02\\\/20\\\/ziliotto-repudio-la-visita-de-david-cameron-a-las-islas-malvinas\\\/#primaryimage\"},\"image\":{\"@id\":\"https:\\\/\\\/diariotextual.com\\\/inicio\\\/index.php\\\/2024\\\/02\\\/20\\\/ziliotto-repudio-la-visita-de-david-cameron-a-las-islas-malvinas\\\/#primaryimage\"},\"thumbnailUrl\":\"https:\\\/\\\/diariotextual.com\\\/inicio\\\/wp-content\\\/uploads\\\/2024\\\/02\\\/camerondavidislasmalvinas2024-1.jpg\",\"datePublished\":\"2024-02-20T12:17:41+00:00\",\"dateModified\":\"2024-02-20T14:06:13+00:00\",\"breadcrumb\":{\"@id\":\"https:\\\/\\\/diariotextual.com\\\/inicio\\\/index.php\\\/2024\\\/02\\\/20\\\/ziliotto-repudio-la-visita-de-david-cameron-a-las-islas-malvinas\\\/#breadcrumb\"},\"inLanguage\":\"es\",\"potentialAction\":[{\"@type\":\"ReadAction\",\"target\":[\"https:\\\/\\\/diariotextual.com\\\/inicio\\\/index.php\\\/2024\\\/02\\\/20\\\/ziliotto-repudio-la-visita-de-david-cameron-a-las-islas-malvinas\\\/\"]}]},{\"@type\":\"ImageObject\",\"inLanguage\":\"es\",\"@id\":\"https:\\\/\\\/diariotextual.com\\\/inicio\\\/index.php\\\/2024\\\/02\\\/20\\\/ziliotto-repudio-la-visita-de-david-cameron-a-las-islas-malvinas\\\/#primaryimage\",\"url\":\"https:\\\/\\\/diariotextual.com\\\/inicio\\\/wp-content\\\/uploads\\\/2024\\\/02\\\/camerondavidislasmalvinas2024-1.jpg\",\"contentUrl\":\"https:\\\/\\\/diariotextual.com\\\/inicio\\\/wp-content\\\/uploads\\\/2024\\\/02\\\/camerondavidislasmalvinas2024-1.jpg\",\"width\":1024,\"height\":682},{\"@type\":\"BreadcrumbList\",\"@id\":\"https:\\\/\\\/diariotextual.com\\\/inicio\\\/index.php\\\/2024\\\/02\\\/20\\\/ziliotto-repudio-la-visita-de-david-cameron-a-las-islas-malvinas\\\/#breadcrumb\",\"itemListElement\":[{\"@type\":\"ListItem\",\"position\":1,\"name\":\"Portada\",\"item\":\"https:\\\/\\\/diariotextual.com\\\/inicio\\\/\"},{\"@type\":\"ListItem\",\"position\":2,\"name\":\"Ziliotto repudi\u00f3 la visita de David Cameron a las Islas Malvinas\"}]},{\"@type\":\"WebSite\",\"@id\":\"https:\\\/\\\/diariotextual.com\\\/inicio\\\/#website\",\"url\":\"https:\\\/\\\/diariotextual.com\\\/inicio\\\/\",\"name\":\"Diario Textual\",\"description\":\"\",\"publisher\":{\"@id\":\"https:\\\/\\\/diariotextual.com\\\/inicio\\\/#organization\"},\"potentialAction\":[{\"@type\":\"SearchAction\",\"target\":{\"@type\":\"EntryPoint\",\"urlTemplate\":\"https:\\\/\\\/diariotextual.com\\\/inicio\\\/?s={search_term_string}\"},\"query-input\":{\"@type\":\"PropertyValueSpecification\",\"valueRequired\":true,\"valueName\":\"search_term_string\"}}],\"inLanguage\":\"es\"},{\"@type\":\"Organization\",\"@id\":\"https:\\\/\\\/diariotextual.com\\\/inicio\\\/#organization\",\"name\":\"Diario Textual\",\"url\":\"https:\\\/\\\/diariotextual.com\\\/inicio\\\/\",\"logo\":{\"@type\":\"ImageObject\",\"inLanguage\":\"es\",\"@id\":\"https:\\\/\\\/diariotextual.com\\\/inicio\\\/#\\\/schema\\\/logo\\\/image\\\/\",\"url\":\"https:\\\/\\\/diariotextual.com\\\/inicio\\\/wp-content\\\/uploads\\\/2023\\\/05\\\/logotextual1.jpg\",\"contentUrl\":\"https:\\\/\\\/diariotextual.com\\\/inicio\\\/wp-content\\\/uploads\\\/2023\\\/05\\\/logotextual1.jpg\",\"width\":516,\"height\":76,\"caption\":\"Diario Textual\"},\"image\":{\"@id\":\"https:\\\/\\\/diariotextual.com\\\/inicio\\\/#\\\/schema\\\/logo\\\/image\\\/\"},\"sameAs\":[\"https:\\\/\\\/www.facebook.com\\\/eltextual\",\"https:\\\/\\\/x.com\\\/eltextual\",\"http:\\\/\\\/www.instagram.com\\\/eltextual\"]},{\"@type\":\"Person\",\"@id\":\"https:\\\/\\\/diariotextual.com\\\/inicio\\\/#\\\/schema\\\/person\\\/418fc4093c33e86ed41562db3508f958\",\"name\":\"Diario1 Diario1\",\"image\":{\"@type\":\"ImageObject\",\"inLanguage\":\"es\",\"@id\":\"https:\\\/\\\/secure.gravatar.com\\\/avatar\\\/9167d280179c85bc18be67aa7eda765854300033af4896dd779b608640f2ef7a?s=96&d=mm&r=g\",\"url\":\"https:\\\/\\\/secure.gravatar.com\\\/avatar\\\/9167d280179c85bc18be67aa7eda765854300033af4896dd779b608640f2ef7a?s=96&d=mm&r=g\",\"contentUrl\":\"https:\\\/\\\/secure.gravatar.com\\\/avatar\\\/9167d280179c85bc18be67aa7eda765854300033af4896dd779b608640f2ef7a?s=96&d=mm&r=g\",\"caption\":\"Diario1 Diario1\"},\"url\":\"https:\\\/\\\/diariotextual.com\\\/inicio\\\/index.php\\\/author\\\/diario1\\\/\"}]}<\/script>\n<!-- \/ Yoast SEO plugin. -->","yoast_head_json":{"title":"Ziliotto repudi\u00f3 la visita de David Cameron a las Islas Malvinas - Diario Textual","robots":{"index":"index","follow":"follow","max-snippet":"max-snippet:-1","max-image-preview":"max-image-preview:large","max-video-preview":"max-video-preview:-1"},"canonical":"https:\/\/diariotextual.com\/inicio\/index.php\/2024\/02\/20\/ziliotto-repudio-la-visita-de-david-cameron-a-las-islas-malvinas\/","og_locale":"es_ES","og_type":"article","og_title":"Ziliotto repudi\u00f3 la visita de David Cameron a las Islas Malvinas - Diario Textual","og_description":"El gobernador pampeano Sergio Ziliotto repudi\u00f3 la presencia del ministro de Asuntos Exteriores de Gran Breta\u00f1a, David Camer\u00f3n, en las Islas Malvinas. \u201cCon la misma fuerza y decisi\u00f3n con la&hellip;","og_url":"https:\/\/diariotextual.com\/inicio\/index.php\/2024\/02\/20\/ziliotto-repudio-la-visita-de-david-cameron-a-las-islas-malvinas\/","og_site_name":"Diario Textual","article_publisher":"https:\/\/www.facebook.com\/eltextual","article_published_time":"2024-02-20T12:17:41+00:00","article_modified_time":"2024-02-20T14:06:13+00:00","og_image":[{"width":1024,"height":682,"url":"https:\/\/diariotextual.com\/inicio\/wp-content\/uploads\/2024\/02\/camerondavidislasmalvinas2024-1.jpg","type":"image\/jpeg"}],"author":"Diario1 Diario1","twitter_card":"summary_large_image","twitter_creator":"@eltextual","twitter_site":"@eltextual","twitter_misc":{"Escrito por":"Diario1 Diario1","Tiempo de lectura":"3 minutos"},"schema":{"@context":"https:\/\/schema.org","@graph":[{"@type":"Article","@id":"https:\/\/diariotextual.com\/inicio\/index.php\/2024\/02\/20\/ziliotto-repudio-la-visita-de-david-cameron-a-las-islas-malvinas\/#article","isPartOf":{"@id":"https:\/\/diariotextual.com\/inicio\/index.php\/2024\/02\/20\/ziliotto-repudio-la-visita-de-david-cameron-a-las-islas-malvinas\/"},"author":{"name":"Diario1 Diario1","@id":"https:\/\/diariotextual.com\/inicio\/#\/schema\/person\/418fc4093c33e86ed41562db3508f958"},"headline":"Ziliotto repudi\u00f3 la visita de David Cameron a las Islas Malvinas","datePublished":"2024-02-20T12:17:41+00:00","dateModified":"2024-02-20T14:06:13+00:00","mainEntityOfPage":{"@id":"https:\/\/diariotextual.com\/inicio\/index.php\/2024\/02\/20\/ziliotto-repudio-la-visita-de-david-cameron-a-las-islas-malvinas\/"},"wordCount":460,"publisher":{"@id":"https:\/\/diariotextual.com\/inicio\/#organization"},"image":{"@id":"https:\/\/diariotextual.com\/inicio\/index.php\/2024\/02\/20\/ziliotto-repudio-la-visita-de-david-cameron-a-las-islas-malvinas\/#primaryimage"},"thumbnailUrl":"https:\/\/diariotextual.com\/inicio\/wp-content\/uploads\/2024\/02\/camerondavidislasmalvinas2024-1.jpg","articleSection":["A - ES NOTICIA (van abajo)","POLITICA"],"inLanguage":"es"},{"@type":"WebPage","@id":"https:\/\/diariotextual.com\/inicio\/index.php\/2024\/02\/20\/ziliotto-repudio-la-visita-de-david-cameron-a-las-islas-malvinas\/","url":"https:\/\/diariotextual.com\/inicio\/index.php\/2024\/02\/20\/ziliotto-repudio-la-visita-de-david-cameron-a-las-islas-malvinas\/","name":"Ziliotto repudi\u00f3 la visita de David Cameron a las Islas Malvinas - Diario Textual","isPartOf":{"@id":"https:\/\/diariotextual.com\/inicio\/#website"},"primaryImageOfPage":{"@id":"https:\/\/diariotextual.com\/inicio\/index.php\/2024\/02\/20\/ziliotto-repudio-la-visita-de-david-cameron-a-las-islas-malvinas\/#primaryimage"},"image":{"@id":"https:\/\/diariotextual.com\/inicio\/index.php\/2024\/02\/20\/ziliotto-repudio-la-visita-de-david-cameron-a-las-islas-malvinas\/#primaryimage"},"thumbnailUrl":"https:\/\/diariotextual.com\/inicio\/wp-content\/uploads\/2024\/02\/camerondavidislasmalvinas2024-1.jpg","datePublished":"2024-02-20T12:17:41+00:00","dateModified":"2024-02-20T14:06:13+00:00","breadcrumb":{"@id":"https:\/\/diariotextual.com\/inicio\/index.php\/2024\/02\/20\/ziliotto-repudio-la-visita-de-david-cameron-a-las-islas-malvinas\/#breadcrumb"},"inLanguage":"es","potentialAction":[{"@type":"ReadAction","target":["https:\/\/diariotextual.com\/inicio\/index.php\/2024\/02\/20\/ziliotto-repudio-la-visita-de-david-cameron-a-las-islas-malvinas\/"]}]},{"@type":"ImageObject","inLanguage":"es","@id":"https:\/\/diariotextual.com\/inicio\/index.php\/2024\/02\/20\/ziliotto-repudio-la-visita-de-david-cameron-a-las-islas-malvinas\/#primaryimage","url":"https:\/\/diariotextual.com\/inicio\/wp-content\/uploads\/2024\/02\/camerondavidislasmalvinas2024-1.jpg","contentUrl":"https:\/\/diariotextual.com\/inicio\/wp-content\/uploads\/2024\/02\/camerondavidislasmalvinas2024-1.jpg","width":1024,"height":682},{"@type":"BreadcrumbList","@id":"https:\/\/diariotextual.com\/inicio\/index.php\/2024\/02\/20\/ziliotto-repudio-la-visita-de-david-cameron-a-las-islas-malvinas\/#breadcrumb","itemListElement":[{"@type":"ListItem","position":1,"name":"Portada","item":"https:\/\/diariotextual.com\/inicio\/"},{"@type":"ListItem","position":2,"name":"Ziliotto repudi\u00f3 la visita de David Cameron a las Islas Malvinas"}]},{"@type":"WebSite","@id":"https:\/\/diariotextual.com\/inicio\/#website","url":"https:\/\/diariotextual.com\/inicio\/","name":"Diario Textual","description":"","publisher":{"@id":"https:\/\/diariotextual.com\/inicio\/#organization"},"potentialAction":[{"@type":"SearchAction","target":{"@type":"EntryPoint","urlTemplate":"https:\/\/diariotextual.com\/inicio\/?s={search_term_string}"},"query-input":{"@type":"PropertyValueSpecification","valueRequired":true,"valueName":"search_term_string"}}],"inLanguage":"es"},{"@type":"Organization","@id":"https:\/\/diariotextual.com\/inicio\/#organization","name":"Diario Textual","url":"https:\/\/diariotextual.com\/inicio\/","logo":{"@type":"ImageObject","inLanguage":"es","@id":"https:\/\/diariotextual.com\/inicio\/#\/schema\/logo\/image\/","url":"https:\/\/diariotextual.com\/inicio\/wp-content\/uploads\/2023\/05\/logotextual1.jpg","contentUrl":"https:\/\/diariotextual.com\/inicio\/wp-content\/uploads\/2023\/05\/logotextual1.jpg","width":516,"height":76,"caption":"Diario Textual"},"image":{"@id":"https:\/\/diariotextual.com\/inicio\/#\/schema\/logo\/image\/"},"sameAs":["https:\/\/www.facebook.com\/eltextual","https:\/\/x.com\/eltextual","http:\/\/www.instagram.com\/eltextual"]},{"@type":"Person","@id":"https:\/\/diariotextual.com\/inicio\/#\/schema\/person\/418fc4093c33e86ed41562db3508f958","name":"Diario1 Diario1","image":{"@type":"ImageObject","inLanguage":"es","@id":"https:\/\/secure.gravatar.com\/avatar\/9167d280179c85bc18be67aa7eda765854300033af4896dd779b608640f2ef7a?s=96&d=mm&r=g","url":"https:\/\/secure.gravatar.com\/avatar\/9167d280179c85bc18be67aa7eda765854300033af4896dd779b608640f2ef7a?s=96&d=mm&r=g","contentUrl":"https:\/\/secure.gravatar.com\/avatar\/9167d280179c85bc18be67aa7eda765854300033af4896dd779b608640f2ef7a?s=96&d=mm&r=g","caption":"Diario1 Diario1"},"url":"https:\/\/diariotextual.com\/inicio\/index.php\/author\/diario1\/"}]}},"_links":{"self":[{"href":"https:\/\/diariotextual.com\/inicio\/index.php\/wp-json\/wp\/v2\/posts\/254494","targetHints":{"allow":["GET"]}}],"collection":[{"href":"https:\/\/diariotextual.com\/inicio\/index.php\/wp-json\/wp\/v2\/posts"}],"about":[{"href":"https:\/\/diariotextual.com\/inicio\/index.php\/wp-json\/wp\/v2\/types\/post"}],"author":[{"embeddable":true,"href":"https:\/\/diariotextual.com\/inicio\/index.php\/wp-json\/wp\/v2\/users\/3"}],"replies":[{"embeddable":true,"href":"https:\/\/diariotextual.com\/inicio\/index.php\/wp-json\/wp\/v2\/comments?post=254494"}],"version-history":[{"count":3,"href":"https:\/\/diariotextual.com\/inicio\/index.php\/wp-json\/wp\/v2\/posts\/254494\/revisions"}],"predecessor-version":[{"id":254498,"href":"https:\/\/diariotextual.com\/inicio\/index.php\/wp-json\/wp\/v2\/posts\/254494\/revisions\/254498"}],"wp:featuredmedia":[{"embeddable":true,"href":"https:\/\/diariotextual.com\/inicio\/index.php\/wp-json\/wp\/v2\/media\/254497"}],"wp:attachment":[{"href":"https:\/\/diariotextual.com\/inicio\/index.php\/wp-json\/wp\/v2\/media?parent=254494"}],"wp:term":[{"taxonomy":"category","embeddable":true,"href":"https:\/\/diariotextual.com\/inicio\/index.php\/wp-json\/wp\/v2\/categories?post=254494"},{"taxonomy":"post_tag","embeddable":true,"href":"https:\/\/diariotextual.com\/inicio\/index.php\/wp-json\/wp\/v2\/tags?post=254494"}],"curies":[{"name":"wp","href":"https:\/\/api.w.org\/{rel}","templated":true}]}}