{"id":254502,"date":"2024-02-20T09:56:32","date_gmt":"2024-02-20T12:56:32","guid":{"rendered":"https:\/\/diariotextual.com\/inicio\/?p=254502"},"modified":"2024-02-20T12:08:19","modified_gmt":"2024-02-20T15:08:19","slug":"las-causas-contra-el-estado-pampeano-se-tramitan-en-santa-rosa","status":"publish","type":"post","link":"https:\/\/diariotextual.com\/inicio\/index.php\/2024\/02\/20\/las-causas-contra-el-estado-pampeano-se-tramitan-en-santa-rosa\/","title":{"rendered":"Las causas contra el Estado pampeano se tramitan en Santa Rosa"},"content":{"rendered":"\n<p>La C\u00e1mara de Apelaciones en lo Civil, Comercial, Laboral y de Miner\u00eda de Santa Rosa, en actuaci\u00f3n unipersonal del juez Guillermo Samuel Salas, ratific\u00f3 que todas las demandas del y contra el Estado provincial se tramitan en la capital pampeana. As\u00ed lo dijo al resolver una cuesti\u00f3n de competencia entre el juez de primera instancia en lo civil de General Acha, Gerardo Bonino, y su par santarrose\u00f1a, Adriana Pascual, en una demanda por da\u00f1os y perjuicios \u2013por supuesta mala praxis\u2013 contra El Estado, un hospital y una cl\u00ednica privada.<\/p>\n\n\n\n<p>Bonino fundament\u00f3 su incompetencia \u2013y por eso envi\u00f3 la demanda a la Oficina de Gesti\u00f3n Com\u00fan Civil de la Primera Circunscripci\u00f3n\u2013 en el art\u00edculo 1\u00b0 de la Ley 888 (Org\u00e1nica de la Fiscal\u00eda de Estado y Procuraci\u00f3n de Rentas), en relaci\u00f3n con el art\u00edculo 4\u00b0 del C\u00f3digo Procesal Civil y Comercial de La Pampa. Ese art\u00edculo 1\u00b0 indica que \u201clos juicios en que la Provincia sea parte demandada deber\u00e1n promoverse y tramitarse ante los tribunales letrados de la ciudad de Santa Rosa, cualquiera fuera su monto o naturaleza\u201d; mientras que el art\u00edculo 4\u00b0 refiere a la declaraci\u00f3n de incompetencia de jueces y juezas.<\/p>\n\n\n\n<p>Por su parte, Pascual plante\u00f3 que el expediente deb\u00eda diligenciarse en General Acha \u2013cabecera de la Tercera Circunscripci\u00f3n Judicial\u2013 porque los fundamentos dados en la ley 888, sancionada en 1978, para que las causas se gestionen en Santa Rosa hoy desaparecieron.<\/p>\n\n\n\n<p>Sostuvo que en su momento se dispuso ello por \u201cmotivos pr\u00e1cticos y funcionales\u201d ya que las demandas se gestionaban en papel; pero hoy \u201ccon el avance de las tecnolog\u00edas de la informaci\u00f3n y comunicaciones (conocidas como TIC&#8217;S) y la implementaci\u00f3n del expediente electr\u00f3nico, hubo un cambio de modalidad en la tramitaci\u00f3n de los procesos; por lo que la centralizaci\u00f3n perdi\u00f3 su sentido pr\u00e1ctico y funcional ya que el sistema SIGE posibilita que todos los operadores puedan realizar el seguimiento de las causas de modo remoto sin necesidad de viajar al lugar del asiento judicial\u201d.<\/p>\n\n\n\n<p>El juez, en los fundamentos para dirimir y darle la raz\u00f3n a Bonino, manifest\u00f3 que \u201clas tecnolog\u00edas de la informaci\u00f3n, el desarrollo de las comunicaciones y las herramientas que contribuyeron localmente a la despapelizaci\u00f3n significativa de la gesti\u00f3n judicial, y con ello a la facilitaci\u00f3n de la litigaci\u00f3n e interacci\u00f3n de todos los operadores involucrados, contribuyen sin dudas a la celeridad de la respuesta jurisdiccional en todos los procesos\u201d.<\/p>\n\n\n\n<p>\u201cSin embargo \u2013agreg\u00f3\u2013 ese relevante avance no fue pensado ni dise\u00f1ado para provocar la alteraci\u00f3n de las reglas competenciales (que emanan de la voluntad expresa del legislador), en la medida que el art\u00edculo 1 de ley 888 no admite una interpretaci\u00f3n que eluda o escape al siguiente precepto: los juicios en que la Provincia es parte demandada, deber\u00e1n promoverse y tramitarse ante los tribunales letrados de la ciudad de Santa Rosa, cualquiera sea su monto o naturaleza\u201d.<\/p>\n\n\n\n<p>M\u00e1s adelante, Salas expres\u00f3 que \u201cesa previsi\u00f3n legal, por lo dem\u00e1s, se encuentra en l\u00ednea y se complementa arm\u00f3nicamente con el art\u00edculo 5\u00b0, inciso 7 del CPCC, que establece inequ\u00edvocamente la concentraci\u00f3n de los juicios de la Provincia de La Pampa y sus reparticiones aut\u00e1rquicas o descentralizadas, en los tribunales de la Primera Circunscripci\u00f3n Judicial, as\u00ed sea que en ellos se deduzca una acci\u00f3n o en su caso eventuales reconvenciones o contrademandas\u201d.<\/p>\n\n\n\n<p>Por \u00faltimo, la C\u00e1mara remarc\u00f3 que \u201csi bien dichas reglas importan una excepci\u00f3n legal a los principios generales en materia de distribuci\u00f3n de competencias, en su aplicabilidad al \u00e1mbito local resultan v\u00e1lidas en el plano constitucional y, adem\u00e1s, est\u00e1n plenamente justificadas en su operatividad; en tanto le permiten al Estado (\u2026) la razonable centralizaci\u00f3n de toda su actividad judicial\u201d.<\/p>\n\n\n\n<p><\/p>\n","protected":false},"excerpt":{"rendered":"<p>La C\u00e1mara de Apelaciones en lo Civil, Comercial, Laboral y de Miner\u00eda de Santa Rosa, en actuaci\u00f3n unipersonal del juez Guillermo Samuel Salas, ratific\u00f3 que todas las demandas del y&hellip;<\/p>\n","protected":false},"author":3,"featured_media":156418,"comment_status":"closed","ping_status":"open","sticky":false,"template":"","format":"standard","meta":{"_acf_changed":false,"footnotes":""},"categories":[1,8],"tags":[],"class_list":["post-254502","post","type-post","status-publish","format-standard","has-post-thumbnail","hentry","category-es-noticia","category-politica"],"acf":[],"yoast_head":"<!-- This site is optimized with the Yoast SEO plugin v27.5 - https:\/\/yoast.com\/product\/yoast-seo-wordpress\/ -->\n<title>Las causas contra el Estado pampeano se tramitan en Santa Rosa - Diario Textual<\/title>\n<meta name=\"robots\" content=\"index, follow, max-snippet:-1, max-image-preview:large, max-video-preview:-1\" \/>\n<link rel=\"canonical\" href=\"https:\/\/diariotextual.com\/inicio\/index.php\/2024\/02\/20\/las-causas-contra-el-estado-pampeano-se-tramitan-en-santa-rosa\/\" \/>\n<meta property=\"og:locale\" content=\"es_ES\" \/>\n<meta property=\"og:type\" content=\"article\" \/>\n<meta property=\"og:title\" content=\"Las causas contra el Estado pampeano se tramitan en Santa Rosa - Diario Textual\" \/>\n<meta property=\"og:description\" content=\"La C\u00e1mara de Apelaciones en lo Civil, Comercial, Laboral y de Miner\u00eda de Santa Rosa, en actuaci\u00f3n unipersonal del juez Guillermo Samuel Salas, ratific\u00f3 que todas las demandas del y&hellip;\" \/>\n<meta property=\"og:url\" content=\"https:\/\/diariotextual.com\/inicio\/index.php\/2024\/02\/20\/las-causas-contra-el-estado-pampeano-se-tramitan-en-santa-rosa\/\" \/>\n<meta property=\"og:site_name\" content=\"Diario Textual\" \/>\n<meta property=\"article:publisher\" content=\"https:\/\/www.facebook.com\/eltextual\" \/>\n<meta property=\"article:published_time\" content=\"2024-02-20T12:56:32+00:00\" \/>\n<meta property=\"article:modified_time\" content=\"2024-02-20T15:08:19+00:00\" \/>\n<meta property=\"og:image\" content=\"https:\/\/diariotextual.com\/inicio\/wp-content\/uploads\/2021\/08\/centrojudicialfuerocivil2021-1-scaled.jpg\" \/>\n\t<meta property=\"og:image:width\" content=\"2560\" \/>\n\t<meta property=\"og:image:height\" content=\"1920\" \/>\n\t<meta property=\"og:image:type\" content=\"image\/jpeg\" \/>\n<meta name=\"author\" content=\"Diario1 Diario1\" \/>\n<meta name=\"twitter:card\" content=\"summary_large_image\" \/>\n<meta name=\"twitter:creator\" content=\"@eltextual\" \/>\n<meta name=\"twitter:site\" content=\"@eltextual\" \/>\n<meta name=\"twitter:label1\" content=\"Escrito por\" \/>\n\t<meta name=\"twitter:data1\" content=\"Diario1 Diario1\" \/>\n\t<meta name=\"twitter:label2\" content=\"Tiempo de lectura\" \/>\n\t<meta name=\"twitter:data2\" content=\"3 minutos\" \/>\n<script type=\"application\/ld+json\" class=\"yoast-schema-graph\">{\"@context\":\"https:\\\/\\\/schema.org\",\"@graph\":[{\"@type\":\"Article\",\"@id\":\"https:\\\/\\\/diariotextual.com\\\/inicio\\\/index.php\\\/2024\\\/02\\\/20\\\/las-causas-contra-el-estado-pampeano-se-tramitan-en-santa-rosa\\\/#article\",\"isPartOf\":{\"@id\":\"https:\\\/\\\/diariotextual.com\\\/inicio\\\/index.php\\\/2024\\\/02\\\/20\\\/las-causas-contra-el-estado-pampeano-se-tramitan-en-santa-rosa\\\/\"},\"author\":{\"name\":\"Diario1 Diario1\",\"@id\":\"https:\\\/\\\/diariotextual.com\\\/inicio\\\/#\\\/schema\\\/person\\\/418fc4093c33e86ed41562db3508f958\"},\"headline\":\"Las causas contra el Estado pampeano se tramitan en Santa Rosa\",\"datePublished\":\"2024-02-20T12:56:32+00:00\",\"dateModified\":\"2024-02-20T15:08:19+00:00\",\"mainEntityOfPage\":{\"@id\":\"https:\\\/\\\/diariotextual.com\\\/inicio\\\/index.php\\\/2024\\\/02\\\/20\\\/las-causas-contra-el-estado-pampeano-se-tramitan-en-santa-rosa\\\/\"},\"wordCount\":665,\"publisher\":{\"@id\":\"https:\\\/\\\/diariotextual.com\\\/inicio\\\/#organization\"},\"image\":{\"@id\":\"https:\\\/\\\/diariotextual.com\\\/inicio\\\/index.php\\\/2024\\\/02\\\/20\\\/las-causas-contra-el-estado-pampeano-se-tramitan-en-santa-rosa\\\/#primaryimage\"},\"thumbnailUrl\":\"https:\\\/\\\/diariotextual.com\\\/inicio\\\/wp-content\\\/uploads\\\/2021\\\/08\\\/centrojudicialfuerocivil2021-1-scaled.jpg\",\"articleSection\":[\"A - ES NOTICIA (van abajo)\",\"POLITICA\"],\"inLanguage\":\"es\"},{\"@type\":\"WebPage\",\"@id\":\"https:\\\/\\\/diariotextual.com\\\/inicio\\\/index.php\\\/2024\\\/02\\\/20\\\/las-causas-contra-el-estado-pampeano-se-tramitan-en-santa-rosa\\\/\",\"url\":\"https:\\\/\\\/diariotextual.com\\\/inicio\\\/index.php\\\/2024\\\/02\\\/20\\\/las-causas-contra-el-estado-pampeano-se-tramitan-en-santa-rosa\\\/\",\"name\":\"Las causas contra el Estado pampeano se tramitan en Santa Rosa - Diario Textual\",\"isPartOf\":{\"@id\":\"https:\\\/\\\/diariotextual.com\\\/inicio\\\/#website\"},\"primaryImageOfPage\":{\"@id\":\"https:\\\/\\\/diariotextual.com\\\/inicio\\\/index.php\\\/2024\\\/02\\\/20\\\/las-causas-contra-el-estado-pampeano-se-tramitan-en-santa-rosa\\\/#primaryimage\"},\"image\":{\"@id\":\"https:\\\/\\\/diariotextual.com\\\/inicio\\\/index.php\\\/2024\\\/02\\\/20\\\/las-causas-contra-el-estado-pampeano-se-tramitan-en-santa-rosa\\\/#primaryimage\"},\"thumbnailUrl\":\"https:\\\/\\\/diariotextual.com\\\/inicio\\\/wp-content\\\/uploads\\\/2021\\\/08\\\/centrojudicialfuerocivil2021-1-scaled.jpg\",\"datePublished\":\"2024-02-20T12:56:32+00:00\",\"dateModified\":\"2024-02-20T15:08:19+00:00\",\"breadcrumb\":{\"@id\":\"https:\\\/\\\/diariotextual.com\\\/inicio\\\/index.php\\\/2024\\\/02\\\/20\\\/las-causas-contra-el-estado-pampeano-se-tramitan-en-santa-rosa\\\/#breadcrumb\"},\"inLanguage\":\"es\",\"potentialAction\":[{\"@type\":\"ReadAction\",\"target\":[\"https:\\\/\\\/diariotextual.com\\\/inicio\\\/index.php\\\/2024\\\/02\\\/20\\\/las-causas-contra-el-estado-pampeano-se-tramitan-en-santa-rosa\\\/\"]}]},{\"@type\":\"ImageObject\",\"inLanguage\":\"es\",\"@id\":\"https:\\\/\\\/diariotextual.com\\\/inicio\\\/index.php\\\/2024\\\/02\\\/20\\\/las-causas-contra-el-estado-pampeano-se-tramitan-en-santa-rosa\\\/#primaryimage\",\"url\":\"https:\\\/\\\/diariotextual.com\\\/inicio\\\/wp-content\\\/uploads\\\/2021\\\/08\\\/centrojudicialfuerocivil2021-1-scaled.jpg\",\"contentUrl\":\"https:\\\/\\\/diariotextual.com\\\/inicio\\\/wp-content\\\/uploads\\\/2021\\\/08\\\/centrojudicialfuerocivil2021-1-scaled.jpg\",\"width\":2560,\"height\":1920},{\"@type\":\"BreadcrumbList\",\"@id\":\"https:\\\/\\\/diariotextual.com\\\/inicio\\\/index.php\\\/2024\\\/02\\\/20\\\/las-causas-contra-el-estado-pampeano-se-tramitan-en-santa-rosa\\\/#breadcrumb\",\"itemListElement\":[{\"@type\":\"ListItem\",\"position\":1,\"name\":\"Portada\",\"item\":\"https:\\\/\\\/diariotextual.com\\\/inicio\\\/\"},{\"@type\":\"ListItem\",\"position\":2,\"name\":\"Las causas contra el Estado pampeano se tramitan en Santa Rosa\"}]},{\"@type\":\"WebSite\",\"@id\":\"https:\\\/\\\/diariotextual.com\\\/inicio\\\/#website\",\"url\":\"https:\\\/\\\/diariotextual.com\\\/inicio\\\/\",\"name\":\"Diario Textual\",\"description\":\"\",\"publisher\":{\"@id\":\"https:\\\/\\\/diariotextual.com\\\/inicio\\\/#organization\"},\"potentialAction\":[{\"@type\":\"SearchAction\",\"target\":{\"@type\":\"EntryPoint\",\"urlTemplate\":\"https:\\\/\\\/diariotextual.com\\\/inicio\\\/?s={search_term_string}\"},\"query-input\":{\"@type\":\"PropertyValueSpecification\",\"valueRequired\":true,\"valueName\":\"search_term_string\"}}],\"inLanguage\":\"es\"},{\"@type\":\"Organization\",\"@id\":\"https:\\\/\\\/diariotextual.com\\\/inicio\\\/#organization\",\"name\":\"Diario Textual\",\"url\":\"https:\\\/\\\/diariotextual.com\\\/inicio\\\/\",\"logo\":{\"@type\":\"ImageObject\",\"inLanguage\":\"es\",\"@id\":\"https:\\\/\\\/diariotextual.com\\\/inicio\\\/#\\\/schema\\\/logo\\\/image\\\/\",\"url\":\"https:\\\/\\\/diariotextual.com\\\/inicio\\\/wp-content\\\/uploads\\\/2023\\\/05\\\/logotextual1.jpg\",\"contentUrl\":\"https:\\\/\\\/diariotextual.com\\\/inicio\\\/wp-content\\\/uploads\\\/2023\\\/05\\\/logotextual1.jpg\",\"width\":516,\"height\":76,\"caption\":\"Diario Textual\"},\"image\":{\"@id\":\"https:\\\/\\\/diariotextual.com\\\/inicio\\\/#\\\/schema\\\/logo\\\/image\\\/\"},\"sameAs\":[\"https:\\\/\\\/www.facebook.com\\\/eltextual\",\"https:\\\/\\\/x.com\\\/eltextual\",\"http:\\\/\\\/www.instagram.com\\\/eltextual\"]},{\"@type\":\"Person\",\"@id\":\"https:\\\/\\\/diariotextual.com\\\/inicio\\\/#\\\/schema\\\/person\\\/418fc4093c33e86ed41562db3508f958\",\"name\":\"Diario1 Diario1\",\"image\":{\"@type\":\"ImageObject\",\"inLanguage\":\"es\",\"@id\":\"https:\\\/\\\/secure.gravatar.com\\\/avatar\\\/9167d280179c85bc18be67aa7eda765854300033af4896dd779b608640f2ef7a?s=96&d=mm&r=g\",\"url\":\"https:\\\/\\\/secure.gravatar.com\\\/avatar\\\/9167d280179c85bc18be67aa7eda765854300033af4896dd779b608640f2ef7a?s=96&d=mm&r=g\",\"contentUrl\":\"https:\\\/\\\/secure.gravatar.com\\\/avatar\\\/9167d280179c85bc18be67aa7eda765854300033af4896dd779b608640f2ef7a?s=96&d=mm&r=g\",\"caption\":\"Diario1 Diario1\"},\"url\":\"https:\\\/\\\/diariotextual.com\\\/inicio\\\/index.php\\\/author\\\/diario1\\\/\"}]}<\/script>\n<!-- \/ Yoast SEO plugin. -->","yoast_head_json":{"title":"Las causas contra el Estado pampeano se tramitan en Santa Rosa - Diario Textual","robots":{"index":"index","follow":"follow","max-snippet":"max-snippet:-1","max-image-preview":"max-image-preview:large","max-video-preview":"max-video-preview:-1"},"canonical":"https:\/\/diariotextual.com\/inicio\/index.php\/2024\/02\/20\/las-causas-contra-el-estado-pampeano-se-tramitan-en-santa-rosa\/","og_locale":"es_ES","og_type":"article","og_title":"Las causas contra el Estado pampeano se tramitan en Santa Rosa - Diario Textual","og_description":"La C\u00e1mara de Apelaciones en lo Civil, Comercial, Laboral y de Miner\u00eda de Santa Rosa, en actuaci\u00f3n unipersonal del juez Guillermo Samuel Salas, ratific\u00f3 que todas las demandas del y&hellip;","og_url":"https:\/\/diariotextual.com\/inicio\/index.php\/2024\/02\/20\/las-causas-contra-el-estado-pampeano-se-tramitan-en-santa-rosa\/","og_site_name":"Diario Textual","article_publisher":"https:\/\/www.facebook.com\/eltextual","article_published_time":"2024-02-20T12:56:32+00:00","article_modified_time":"2024-02-20T15:08:19+00:00","og_image":[{"width":2560,"height":1920,"url":"https:\/\/diariotextual.com\/inicio\/wp-content\/uploads\/2021\/08\/centrojudicialfuerocivil2021-1-scaled.jpg","type":"image\/jpeg"}],"author":"Diario1 Diario1","twitter_card":"summary_large_image","twitter_creator":"@eltextual","twitter_site":"@eltextual","twitter_misc":{"Escrito por":"Diario1 Diario1","Tiempo de lectura":"3 minutos"},"schema":{"@context":"https:\/\/schema.org","@graph":[{"@type":"Article","@id":"https:\/\/diariotextual.com\/inicio\/index.php\/2024\/02\/20\/las-causas-contra-el-estado-pampeano-se-tramitan-en-santa-rosa\/#article","isPartOf":{"@id":"https:\/\/diariotextual.com\/inicio\/index.php\/2024\/02\/20\/las-causas-contra-el-estado-pampeano-se-tramitan-en-santa-rosa\/"},"author":{"name":"Diario1 Diario1","@id":"https:\/\/diariotextual.com\/inicio\/#\/schema\/person\/418fc4093c33e86ed41562db3508f958"},"headline":"Las causas contra el Estado pampeano se tramitan en Santa Rosa","datePublished":"2024-02-20T12:56:32+00:00","dateModified":"2024-02-20T15:08:19+00:00","mainEntityOfPage":{"@id":"https:\/\/diariotextual.com\/inicio\/index.php\/2024\/02\/20\/las-causas-contra-el-estado-pampeano-se-tramitan-en-santa-rosa\/"},"wordCount":665,"publisher":{"@id":"https:\/\/diariotextual.com\/inicio\/#organization"},"image":{"@id":"https:\/\/diariotextual.com\/inicio\/index.php\/2024\/02\/20\/las-causas-contra-el-estado-pampeano-se-tramitan-en-santa-rosa\/#primaryimage"},"thumbnailUrl":"https:\/\/diariotextual.com\/inicio\/wp-content\/uploads\/2021\/08\/centrojudicialfuerocivil2021-1-scaled.jpg","articleSection":["A - ES NOTICIA (van abajo)","POLITICA"],"inLanguage":"es"},{"@type":"WebPage","@id":"https:\/\/diariotextual.com\/inicio\/index.php\/2024\/02\/20\/las-causas-contra-el-estado-pampeano-se-tramitan-en-santa-rosa\/","url":"https:\/\/diariotextual.com\/inicio\/index.php\/2024\/02\/20\/las-causas-contra-el-estado-pampeano-se-tramitan-en-santa-rosa\/","name":"Las causas contra el Estado pampeano se tramitan en Santa Rosa - Diario Textual","isPartOf":{"@id":"https:\/\/diariotextual.com\/inicio\/#website"},"primaryImageOfPage":{"@id":"https:\/\/diariotextual.com\/inicio\/index.php\/2024\/02\/20\/las-causas-contra-el-estado-pampeano-se-tramitan-en-santa-rosa\/#primaryimage"},"image":{"@id":"https:\/\/diariotextual.com\/inicio\/index.php\/2024\/02\/20\/las-causas-contra-el-estado-pampeano-se-tramitan-en-santa-rosa\/#primaryimage"},"thumbnailUrl":"https:\/\/diariotextual.com\/inicio\/wp-content\/uploads\/2021\/08\/centrojudicialfuerocivil2021-1-scaled.jpg","datePublished":"2024-02-20T12:56:32+00:00","dateModified":"2024-02-20T15:08:19+00:00","breadcrumb":{"@id":"https:\/\/diariotextual.com\/inicio\/index.php\/2024\/02\/20\/las-causas-contra-el-estado-pampeano-se-tramitan-en-santa-rosa\/#breadcrumb"},"inLanguage":"es","potentialAction":[{"@type":"ReadAction","target":["https:\/\/diariotextual.com\/inicio\/index.php\/2024\/02\/20\/las-causas-contra-el-estado-pampeano-se-tramitan-en-santa-rosa\/"]}]},{"@type":"ImageObject","inLanguage":"es","@id":"https:\/\/diariotextual.com\/inicio\/index.php\/2024\/02\/20\/las-causas-contra-el-estado-pampeano-se-tramitan-en-santa-rosa\/#primaryimage","url":"https:\/\/diariotextual.com\/inicio\/wp-content\/uploads\/2021\/08\/centrojudicialfuerocivil2021-1-scaled.jpg","contentUrl":"https:\/\/diariotextual.com\/inicio\/wp-content\/uploads\/2021\/08\/centrojudicialfuerocivil2021-1-scaled.jpg","width":2560,"height":1920},{"@type":"BreadcrumbList","@id":"https:\/\/diariotextual.com\/inicio\/index.php\/2024\/02\/20\/las-causas-contra-el-estado-pampeano-se-tramitan-en-santa-rosa\/#breadcrumb","itemListElement":[{"@type":"ListItem","position":1,"name":"Portada","item":"https:\/\/diariotextual.com\/inicio\/"},{"@type":"ListItem","position":2,"name":"Las causas contra el Estado pampeano se tramitan en Santa Rosa"}]},{"@type":"WebSite","@id":"https:\/\/diariotextual.com\/inicio\/#website","url":"https:\/\/diariotextual.com\/inicio\/","name":"Diario Textual","description":"","publisher":{"@id":"https:\/\/diariotextual.com\/inicio\/#organization"},"potentialAction":[{"@type":"SearchAction","target":{"@type":"EntryPoint","urlTemplate":"https:\/\/diariotextual.com\/inicio\/?s={search_term_string}"},"query-input":{"@type":"PropertyValueSpecification","valueRequired":true,"valueName":"search_term_string"}}],"inLanguage":"es"},{"@type":"Organization","@id":"https:\/\/diariotextual.com\/inicio\/#organization","name":"Diario Textual","url":"https:\/\/diariotextual.com\/inicio\/","logo":{"@type":"ImageObject","inLanguage":"es","@id":"https:\/\/diariotextual.com\/inicio\/#\/schema\/logo\/image\/","url":"https:\/\/diariotextual.com\/inicio\/wp-content\/uploads\/2023\/05\/logotextual1.jpg","contentUrl":"https:\/\/diariotextual.com\/inicio\/wp-content\/uploads\/2023\/05\/logotextual1.jpg","width":516,"height":76,"caption":"Diario Textual"},"image":{"@id":"https:\/\/diariotextual.com\/inicio\/#\/schema\/logo\/image\/"},"sameAs":["https:\/\/www.facebook.com\/eltextual","https:\/\/x.com\/eltextual","http:\/\/www.instagram.com\/eltextual"]},{"@type":"Person","@id":"https:\/\/diariotextual.com\/inicio\/#\/schema\/person\/418fc4093c33e86ed41562db3508f958","name":"Diario1 Diario1","image":{"@type":"ImageObject","inLanguage":"es","@id":"https:\/\/secure.gravatar.com\/avatar\/9167d280179c85bc18be67aa7eda765854300033af4896dd779b608640f2ef7a?s=96&d=mm&r=g","url":"https:\/\/secure.gravatar.com\/avatar\/9167d280179c85bc18be67aa7eda765854300033af4896dd779b608640f2ef7a?s=96&d=mm&r=g","contentUrl":"https:\/\/secure.gravatar.com\/avatar\/9167d280179c85bc18be67aa7eda765854300033af4896dd779b608640f2ef7a?s=96&d=mm&r=g","caption":"Diario1 Diario1"},"url":"https:\/\/diariotextual.com\/inicio\/index.php\/author\/diario1\/"}]}},"_links":{"self":[{"href":"https:\/\/diariotextual.com\/inicio\/index.php\/wp-json\/wp\/v2\/posts\/254502","targetHints":{"allow":["GET"]}}],"collection":[{"href":"https:\/\/diariotextual.com\/inicio\/index.php\/wp-json\/wp\/v2\/posts"}],"about":[{"href":"https:\/\/diariotextual.com\/inicio\/index.php\/wp-json\/wp\/v2\/types\/post"}],"author":[{"embeddable":true,"href":"https:\/\/diariotextual.com\/inicio\/index.php\/wp-json\/wp\/v2\/users\/3"}],"replies":[{"embeddable":true,"href":"https:\/\/diariotextual.com\/inicio\/index.php\/wp-json\/wp\/v2\/comments?post=254502"}],"version-history":[{"count":1,"href":"https:\/\/diariotextual.com\/inicio\/index.php\/wp-json\/wp\/v2\/posts\/254502\/revisions"}],"predecessor-version":[{"id":254503,"href":"https:\/\/diariotextual.com\/inicio\/index.php\/wp-json\/wp\/v2\/posts\/254502\/revisions\/254503"}],"wp:featuredmedia":[{"embeddable":true,"href":"https:\/\/diariotextual.com\/inicio\/index.php\/wp-json\/wp\/v2\/media\/156418"}],"wp:attachment":[{"href":"https:\/\/diariotextual.com\/inicio\/index.php\/wp-json\/wp\/v2\/media?parent=254502"}],"wp:term":[{"taxonomy":"category","embeddable":true,"href":"https:\/\/diariotextual.com\/inicio\/index.php\/wp-json\/wp\/v2\/categories?post=254502"},{"taxonomy":"post_tag","embeddable":true,"href":"https:\/\/diariotextual.com\/inicio\/index.php\/wp-json\/wp\/v2\/tags?post=254502"}],"curies":[{"name":"wp","href":"https:\/\/api.w.org\/{rel}","templated":true}]}}