{"id":254566,"date":"2024-02-20T18:57:51","date_gmt":"2024-02-20T21:57:51","guid":{"rendered":"https:\/\/diariotextual.com\/inicio\/?p=254566"},"modified":"2024-02-20T18:57:54","modified_gmt":"2024-02-20T21:57:54","slug":"valdes-contra-lousteau-me-importa-tres-carajos-lo-que-piense","status":"publish","type":"post","link":"https:\/\/diariotextual.com\/inicio\/index.php\/2024\/02\/20\/valdes-contra-lousteau-me-importa-tres-carajos-lo-que-piense\/","title":{"rendered":"Vald\u00e9s contra Lousteau: \u201cMe importa tres carajos lo que piense\u201d"},"content":{"rendered":"\n<p>El <strong>gobernador de la provincia de Corrientes, Gustavo Vald\u00e9s, apunt\u00f3 contra el presidente del Comit\u00e9 Nacional de la Uni\u00f3n C\u00edvica Radical, Mart\u00edn Lousteau<\/strong> y asegur\u00f3 que le importa \u201ctres carajos\u201d lo que piense el senador nacional respecto de su reuni\u00f3n con el presidente, Javier Milei.<\/p>\n\n\n\n<p>\u201c<strong>Yo represento a la provincia de Corrientes, cuando venga un presidente lo voy a atender. Sea de mi signo pol\u00edtico o no<\/strong>. Me importa tres carajos lo que piense (Mart\u00edn) Lousteau\u201d, asegur\u00f3 Vald\u00e9s en declaraciones radiales.<\/p>\n\n\n\n<p>En esa l\u00ednea, el gobernador correntino volvi\u00f3 a recordar el pasado del senador en el gobierno peronista. \u201c<strong>Mart\u00edn Lousteau fue ministro de Cristina Kirchner, \u00e9l no me va a venir a marcar la cancha<\/strong> dentro del radicalismo\u201d, apunt\u00f3 Vald\u00e9s.<\/p>\n\n\n\n<p>Las declaraciones del Vald\u00e9s se dieron en medio de especulaciones en la UCR respecto de que el mandatario provincial estar\u00eda intentando \u201ccortarse s\u00f3lo\u201d y romper el bloque con los gobernadores que pertenecen al partido centenario.<\/p>\n\n\n\n<p>Desde el entorno del gobernador correntino desmintieron esa versi\u00f3n y la atribuyeron a que el presidente de la UCR estar\u00eda intentando \u201csembrar discordia\u201d entre Vald\u00e9s y el resto de los mandatarios de afiliaci\u00f3n radical, inform\u00f3 la agencia Noticias Argentinas.<\/p>\n\n\n\n<p>Por esta raz\u00f3n, <strong>el mandatario correntino le respondi\u00f3 a las voces cr\u00edticas dentro del radicalismo y sali\u00f3 al cruce de Lousteau,<\/strong> con quien ya protagoniz\u00f3 chispazos p\u00fablicos cuando disput\u00f3 la conducci\u00f3n nacional del partido a principios de a\u00f1o.<\/p>\n\n\n\n<p>Con relaci\u00f3n a la figura del Presidente de la Naci\u00f3n, el gobernador mantiene una posici\u00f3n m\u00e1s conciliadora que algunos de sus pares, como es el caso del gobernador de Santa Fe, Maximiliano Pullaro, quien, en las \u00faltimas semanas, protagoniz\u00f3 varios cruces con el oficialismo por la quita de subsidios del transporte.<\/p>\n\n\n\n<p>\u201c<strong>Tenemos que darle una oportunidad al Presidente\u201d, asegur\u00f3 Vald\u00e9s <\/strong>en la misma entrevista radial y, en l\u00ednea con la posici\u00f3n del Ejecutivo, manifest\u00f3: <strong>\u201cSi no hay equilibrio fiscal es muy dif\u00edcil que la Argentina pueda salir adelante\u201d.<\/strong><\/p>\n\n\n\n<p>No obstante, sostuvo que la puja por los recursos entre las provincias y Naci\u00f3n tiene que ver con \u201cla vieja disputa de los argentinos, de unitarios y federales\u201d.<\/p>\n\n\n\n<p>\u201cEl Presidente no reconoce la plata, pero reconoce las responsabilidades de los gobernadores, pero para asumir responsabilidades uno tiene que tener solvencia\u201d, expres\u00f3 Vald\u00e9s y subray\u00f3: \u201cComo correntino, voy a pelear por los recursos de nuestra provincia\u201d.<\/p>\n","protected":false},"excerpt":{"rendered":"<p>El gobernador de la provincia de Corrientes, Gustavo Vald\u00e9s, apunt\u00f3 contra el presidente del Comit\u00e9 Nacional de la Uni\u00f3n C\u00edvica Radical, Mart\u00edn Lousteau y asegur\u00f3 que le importa \u201ctres carajos\u201d&hellip;<\/p>\n","protected":false},"author":5,"featured_media":254567,"comment_status":"closed","ping_status":"open","sticky":false,"template":"","format":"standard","meta":{"_acf_changed":false,"footnotes":""},"categories":[1,8],"tags":[6313,191],"class_list":["post-254566","post","type-post","status-publish","format-standard","has-post-thumbnail","hentry","category-es-noticia","category-politica","tag-milei","tag-ucr"],"acf":[],"yoast_head":"<!-- This site is optimized with the Yoast SEO plugin v27.5 - https:\/\/yoast.com\/product\/yoast-seo-wordpress\/ -->\n<title>Vald\u00e9s contra Lousteau: \u201cMe importa tres carajos lo que piense\u201d - Diario Textual<\/title>\n<meta name=\"robots\" content=\"index, follow, max-snippet:-1, max-image-preview:large, max-video-preview:-1\" \/>\n<link rel=\"canonical\" href=\"https:\/\/diariotextual.com\/inicio\/index.php\/2024\/02\/20\/valdes-contra-lousteau-me-importa-tres-carajos-lo-que-piense\/\" \/>\n<meta property=\"og:locale\" content=\"es_ES\" \/>\n<meta property=\"og:type\" content=\"article\" \/>\n<meta property=\"og:title\" content=\"Vald\u00e9s contra Lousteau: \u201cMe importa tres carajos lo que piense\u201d - Diario Textual\" \/>\n<meta property=\"og:description\" content=\"El gobernador de la provincia de Corrientes, Gustavo Vald\u00e9s, apunt\u00f3 contra el presidente del Comit\u00e9 Nacional de la Uni\u00f3n C\u00edvica Radical, Mart\u00edn Lousteau y asegur\u00f3 que le importa \u201ctres carajos\u201d&hellip;\" \/>\n<meta property=\"og:url\" content=\"https:\/\/diariotextual.com\/inicio\/index.php\/2024\/02\/20\/valdes-contra-lousteau-me-importa-tres-carajos-lo-que-piense\/\" \/>\n<meta property=\"og:site_name\" content=\"Diario Textual\" \/>\n<meta property=\"article:publisher\" content=\"https:\/\/www.facebook.com\/eltextual\" \/>\n<meta property=\"article:published_time\" content=\"2024-02-20T21:57:51+00:00\" \/>\n<meta property=\"article:modified_time\" content=\"2024-02-20T21:57:54+00:00\" \/>\n<meta property=\"og:image\" content=\"https:\/\/diariotextual.com\/inicio\/wp-content\/uploads\/2024\/02\/valdesmilei2024.webp\" \/>\n\t<meta property=\"og:image:width\" content=\"750\" \/>\n\t<meta property=\"og:image:height\" content=\"500\" \/>\n\t<meta property=\"og:image:type\" content=\"image\/webp\" \/>\n<meta name=\"author\" content=\"diario3\" \/>\n<meta name=\"twitter:card\" content=\"summary_large_image\" \/>\n<meta name=\"twitter:creator\" content=\"@eltextual\" \/>\n<meta name=\"twitter:site\" content=\"@eltextual\" \/>\n<meta name=\"twitter:label1\" content=\"Escrito por\" \/>\n\t<meta name=\"twitter:data1\" content=\"diario3\" \/>\n\t<meta name=\"twitter:label2\" content=\"Tiempo de lectura\" \/>\n\t<meta name=\"twitter:data2\" content=\"2 minutos\" \/>\n<script type=\"application\/ld+json\" class=\"yoast-schema-graph\">{\"@context\":\"https:\\\/\\\/schema.org\",\"@graph\":[{\"@type\":\"Article\",\"@id\":\"https:\\\/\\\/diariotextual.com\\\/inicio\\\/index.php\\\/2024\\\/02\\\/20\\\/valdes-contra-lousteau-me-importa-tres-carajos-lo-que-piense\\\/#article\",\"isPartOf\":{\"@id\":\"https:\\\/\\\/diariotextual.com\\\/inicio\\\/index.php\\\/2024\\\/02\\\/20\\\/valdes-contra-lousteau-me-importa-tres-carajos-lo-que-piense\\\/\"},\"author\":{\"name\":\"diario3\",\"@id\":\"https:\\\/\\\/diariotextual.com\\\/inicio\\\/#\\\/schema\\\/person\\\/a1b6f563e0ee944c60f98119389a4d9f\"},\"headline\":\"Vald\u00e9s contra Lousteau: \u201cMe importa tres carajos lo que piense\u201d\",\"datePublished\":\"2024-02-20T21:57:51+00:00\",\"dateModified\":\"2024-02-20T21:57:54+00:00\",\"mainEntityOfPage\":{\"@id\":\"https:\\\/\\\/diariotextual.com\\\/inicio\\\/index.php\\\/2024\\\/02\\\/20\\\/valdes-contra-lousteau-me-importa-tres-carajos-lo-que-piense\\\/\"},\"wordCount\":429,\"publisher\":{\"@id\":\"https:\\\/\\\/diariotextual.com\\\/inicio\\\/#organization\"},\"image\":{\"@id\":\"https:\\\/\\\/diariotextual.com\\\/inicio\\\/index.php\\\/2024\\\/02\\\/20\\\/valdes-contra-lousteau-me-importa-tres-carajos-lo-que-piense\\\/#primaryimage\"},\"thumbnailUrl\":\"https:\\\/\\\/diariotextual.com\\\/inicio\\\/wp-content\\\/uploads\\\/2024\\\/02\\\/valdesmilei2024.webp\",\"keywords\":[\"milei\",\"ucr\"],\"articleSection\":[\"A - ES NOTICIA (van abajo)\",\"POLITICA\"],\"inLanguage\":\"es\"},{\"@type\":\"WebPage\",\"@id\":\"https:\\\/\\\/diariotextual.com\\\/inicio\\\/index.php\\\/2024\\\/02\\\/20\\\/valdes-contra-lousteau-me-importa-tres-carajos-lo-que-piense\\\/\",\"url\":\"https:\\\/\\\/diariotextual.com\\\/inicio\\\/index.php\\\/2024\\\/02\\\/20\\\/valdes-contra-lousteau-me-importa-tres-carajos-lo-que-piense\\\/\",\"name\":\"Vald\u00e9s contra Lousteau: \u201cMe importa tres carajos lo que piense\u201d - Diario Textual\",\"isPartOf\":{\"@id\":\"https:\\\/\\\/diariotextual.com\\\/inicio\\\/#website\"},\"primaryImageOfPage\":{\"@id\":\"https:\\\/\\\/diariotextual.com\\\/inicio\\\/index.php\\\/2024\\\/02\\\/20\\\/valdes-contra-lousteau-me-importa-tres-carajos-lo-que-piense\\\/#primaryimage\"},\"image\":{\"@id\":\"https:\\\/\\\/diariotextual.com\\\/inicio\\\/index.php\\\/2024\\\/02\\\/20\\\/valdes-contra-lousteau-me-importa-tres-carajos-lo-que-piense\\\/#primaryimage\"},\"thumbnailUrl\":\"https:\\\/\\\/diariotextual.com\\\/inicio\\\/wp-content\\\/uploads\\\/2024\\\/02\\\/valdesmilei2024.webp\",\"datePublished\":\"2024-02-20T21:57:51+00:00\",\"dateModified\":\"2024-02-20T21:57:54+00:00\",\"breadcrumb\":{\"@id\":\"https:\\\/\\\/diariotextual.com\\\/inicio\\\/index.php\\\/2024\\\/02\\\/20\\\/valdes-contra-lousteau-me-importa-tres-carajos-lo-que-piense\\\/#breadcrumb\"},\"inLanguage\":\"es\",\"potentialAction\":[{\"@type\":\"ReadAction\",\"target\":[\"https:\\\/\\\/diariotextual.com\\\/inicio\\\/index.php\\\/2024\\\/02\\\/20\\\/valdes-contra-lousteau-me-importa-tres-carajos-lo-que-piense\\\/\"]}]},{\"@type\":\"ImageObject\",\"inLanguage\":\"es\",\"@id\":\"https:\\\/\\\/diariotextual.com\\\/inicio\\\/index.php\\\/2024\\\/02\\\/20\\\/valdes-contra-lousteau-me-importa-tres-carajos-lo-que-piense\\\/#primaryimage\",\"url\":\"https:\\\/\\\/diariotextual.com\\\/inicio\\\/wp-content\\\/uploads\\\/2024\\\/02\\\/valdesmilei2024.webp\",\"contentUrl\":\"https:\\\/\\\/diariotextual.com\\\/inicio\\\/wp-content\\\/uploads\\\/2024\\\/02\\\/valdesmilei2024.webp\",\"width\":750,\"height\":500},{\"@type\":\"BreadcrumbList\",\"@id\":\"https:\\\/\\\/diariotextual.com\\\/inicio\\\/index.php\\\/2024\\\/02\\\/20\\\/valdes-contra-lousteau-me-importa-tres-carajos-lo-que-piense\\\/#breadcrumb\",\"itemListElement\":[{\"@type\":\"ListItem\",\"position\":1,\"name\":\"Portada\",\"item\":\"https:\\\/\\\/diariotextual.com\\\/inicio\\\/\"},{\"@type\":\"ListItem\",\"position\":2,\"name\":\"Vald\u00e9s contra Lousteau: \u201cMe importa tres carajos lo que piense\u201d\"}]},{\"@type\":\"WebSite\",\"@id\":\"https:\\\/\\\/diariotextual.com\\\/inicio\\\/#website\",\"url\":\"https:\\\/\\\/diariotextual.com\\\/inicio\\\/\",\"name\":\"Diario Textual\",\"description\":\"\",\"publisher\":{\"@id\":\"https:\\\/\\\/diariotextual.com\\\/inicio\\\/#organization\"},\"potentialAction\":[{\"@type\":\"SearchAction\",\"target\":{\"@type\":\"EntryPoint\",\"urlTemplate\":\"https:\\\/\\\/diariotextual.com\\\/inicio\\\/?s={search_term_string}\"},\"query-input\":{\"@type\":\"PropertyValueSpecification\",\"valueRequired\":true,\"valueName\":\"search_term_string\"}}],\"inLanguage\":\"es\"},{\"@type\":\"Organization\",\"@id\":\"https:\\\/\\\/diariotextual.com\\\/inicio\\\/#organization\",\"name\":\"Diario Textual\",\"url\":\"https:\\\/\\\/diariotextual.com\\\/inicio\\\/\",\"logo\":{\"@type\":\"ImageObject\",\"inLanguage\":\"es\",\"@id\":\"https:\\\/\\\/diariotextual.com\\\/inicio\\\/#\\\/schema\\\/logo\\\/image\\\/\",\"url\":\"https:\\\/\\\/diariotextual.com\\\/inicio\\\/wp-content\\\/uploads\\\/2023\\\/05\\\/logotextual1.jpg\",\"contentUrl\":\"https:\\\/\\\/diariotextual.com\\\/inicio\\\/wp-content\\\/uploads\\\/2023\\\/05\\\/logotextual1.jpg\",\"width\":516,\"height\":76,\"caption\":\"Diario Textual\"},\"image\":{\"@id\":\"https:\\\/\\\/diariotextual.com\\\/inicio\\\/#\\\/schema\\\/logo\\\/image\\\/\"},\"sameAs\":[\"https:\\\/\\\/www.facebook.com\\\/eltextual\",\"https:\\\/\\\/x.com\\\/eltextual\",\"http:\\\/\\\/www.instagram.com\\\/eltextual\"]},{\"@type\":\"Person\",\"@id\":\"https:\\\/\\\/diariotextual.com\\\/inicio\\\/#\\\/schema\\\/person\\\/a1b6f563e0ee944c60f98119389a4d9f\",\"name\":\"diario3\",\"image\":{\"@type\":\"ImageObject\",\"inLanguage\":\"es\",\"@id\":\"https:\\\/\\\/secure.gravatar.com\\\/avatar\\\/5e7ee62c82fc04d9dd79d746a390d93c69c43223e5faeeb3ea9461ef752bfc5d?s=96&d=mm&r=g\",\"url\":\"https:\\\/\\\/secure.gravatar.com\\\/avatar\\\/5e7ee62c82fc04d9dd79d746a390d93c69c43223e5faeeb3ea9461ef752bfc5d?s=96&d=mm&r=g\",\"contentUrl\":\"https:\\\/\\\/secure.gravatar.com\\\/avatar\\\/5e7ee62c82fc04d9dd79d746a390d93c69c43223e5faeeb3ea9461ef752bfc5d?s=96&d=mm&r=g\",\"caption\":\"diario3\"},\"url\":\"https:\\\/\\\/diariotextual.com\\\/inicio\\\/index.php\\\/author\\\/diario3\\\/\"}]}<\/script>\n<!-- \/ Yoast SEO plugin. -->","yoast_head_json":{"title":"Vald\u00e9s contra Lousteau: \u201cMe importa tres carajos lo que piense\u201d - Diario Textual","robots":{"index":"index","follow":"follow","max-snippet":"max-snippet:-1","max-image-preview":"max-image-preview:large","max-video-preview":"max-video-preview:-1"},"canonical":"https:\/\/diariotextual.com\/inicio\/index.php\/2024\/02\/20\/valdes-contra-lousteau-me-importa-tres-carajos-lo-que-piense\/","og_locale":"es_ES","og_type":"article","og_title":"Vald\u00e9s contra Lousteau: \u201cMe importa tres carajos lo que piense\u201d - Diario Textual","og_description":"El gobernador de la provincia de Corrientes, Gustavo Vald\u00e9s, apunt\u00f3 contra el presidente del Comit\u00e9 Nacional de la Uni\u00f3n C\u00edvica Radical, Mart\u00edn Lousteau y asegur\u00f3 que le importa \u201ctres carajos\u201d&hellip;","og_url":"https:\/\/diariotextual.com\/inicio\/index.php\/2024\/02\/20\/valdes-contra-lousteau-me-importa-tres-carajos-lo-que-piense\/","og_site_name":"Diario Textual","article_publisher":"https:\/\/www.facebook.com\/eltextual","article_published_time":"2024-02-20T21:57:51+00:00","article_modified_time":"2024-02-20T21:57:54+00:00","og_image":[{"width":750,"height":500,"url":"https:\/\/diariotextual.com\/inicio\/wp-content\/uploads\/2024\/02\/valdesmilei2024.webp","type":"image\/webp"}],"author":"diario3","twitter_card":"summary_large_image","twitter_creator":"@eltextual","twitter_site":"@eltextual","twitter_misc":{"Escrito por":"diario3","Tiempo de lectura":"2 minutos"},"schema":{"@context":"https:\/\/schema.org","@graph":[{"@type":"Article","@id":"https:\/\/diariotextual.com\/inicio\/index.php\/2024\/02\/20\/valdes-contra-lousteau-me-importa-tres-carajos-lo-que-piense\/#article","isPartOf":{"@id":"https:\/\/diariotextual.com\/inicio\/index.php\/2024\/02\/20\/valdes-contra-lousteau-me-importa-tres-carajos-lo-que-piense\/"},"author":{"name":"diario3","@id":"https:\/\/diariotextual.com\/inicio\/#\/schema\/person\/a1b6f563e0ee944c60f98119389a4d9f"},"headline":"Vald\u00e9s contra Lousteau: \u201cMe importa tres carajos lo que piense\u201d","datePublished":"2024-02-20T21:57:51+00:00","dateModified":"2024-02-20T21:57:54+00:00","mainEntityOfPage":{"@id":"https:\/\/diariotextual.com\/inicio\/index.php\/2024\/02\/20\/valdes-contra-lousteau-me-importa-tres-carajos-lo-que-piense\/"},"wordCount":429,"publisher":{"@id":"https:\/\/diariotextual.com\/inicio\/#organization"},"image":{"@id":"https:\/\/diariotextual.com\/inicio\/index.php\/2024\/02\/20\/valdes-contra-lousteau-me-importa-tres-carajos-lo-que-piense\/#primaryimage"},"thumbnailUrl":"https:\/\/diariotextual.com\/inicio\/wp-content\/uploads\/2024\/02\/valdesmilei2024.webp","keywords":["milei","ucr"],"articleSection":["A - ES NOTICIA (van abajo)","POLITICA"],"inLanguage":"es"},{"@type":"WebPage","@id":"https:\/\/diariotextual.com\/inicio\/index.php\/2024\/02\/20\/valdes-contra-lousteau-me-importa-tres-carajos-lo-que-piense\/","url":"https:\/\/diariotextual.com\/inicio\/index.php\/2024\/02\/20\/valdes-contra-lousteau-me-importa-tres-carajos-lo-que-piense\/","name":"Vald\u00e9s contra Lousteau: \u201cMe importa tres carajos lo que piense\u201d - Diario Textual","isPartOf":{"@id":"https:\/\/diariotextual.com\/inicio\/#website"},"primaryImageOfPage":{"@id":"https:\/\/diariotextual.com\/inicio\/index.php\/2024\/02\/20\/valdes-contra-lousteau-me-importa-tres-carajos-lo-que-piense\/#primaryimage"},"image":{"@id":"https:\/\/diariotextual.com\/inicio\/index.php\/2024\/02\/20\/valdes-contra-lousteau-me-importa-tres-carajos-lo-que-piense\/#primaryimage"},"thumbnailUrl":"https:\/\/diariotextual.com\/inicio\/wp-content\/uploads\/2024\/02\/valdesmilei2024.webp","datePublished":"2024-02-20T21:57:51+00:00","dateModified":"2024-02-20T21:57:54+00:00","breadcrumb":{"@id":"https:\/\/diariotextual.com\/inicio\/index.php\/2024\/02\/20\/valdes-contra-lousteau-me-importa-tres-carajos-lo-que-piense\/#breadcrumb"},"inLanguage":"es","potentialAction":[{"@type":"ReadAction","target":["https:\/\/diariotextual.com\/inicio\/index.php\/2024\/02\/20\/valdes-contra-lousteau-me-importa-tres-carajos-lo-que-piense\/"]}]},{"@type":"ImageObject","inLanguage":"es","@id":"https:\/\/diariotextual.com\/inicio\/index.php\/2024\/02\/20\/valdes-contra-lousteau-me-importa-tres-carajos-lo-que-piense\/#primaryimage","url":"https:\/\/diariotextual.com\/inicio\/wp-content\/uploads\/2024\/02\/valdesmilei2024.webp","contentUrl":"https:\/\/diariotextual.com\/inicio\/wp-content\/uploads\/2024\/02\/valdesmilei2024.webp","width":750,"height":500},{"@type":"BreadcrumbList","@id":"https:\/\/diariotextual.com\/inicio\/index.php\/2024\/02\/20\/valdes-contra-lousteau-me-importa-tres-carajos-lo-que-piense\/#breadcrumb","itemListElement":[{"@type":"ListItem","position":1,"name":"Portada","item":"https:\/\/diariotextual.com\/inicio\/"},{"@type":"ListItem","position":2,"name":"Vald\u00e9s contra Lousteau: \u201cMe importa tres carajos lo que piense\u201d"}]},{"@type":"WebSite","@id":"https:\/\/diariotextual.com\/inicio\/#website","url":"https:\/\/diariotextual.com\/inicio\/","name":"Diario Textual","description":"","publisher":{"@id":"https:\/\/diariotextual.com\/inicio\/#organization"},"potentialAction":[{"@type":"SearchAction","target":{"@type":"EntryPoint","urlTemplate":"https:\/\/diariotextual.com\/inicio\/?s={search_term_string}"},"query-input":{"@type":"PropertyValueSpecification","valueRequired":true,"valueName":"search_term_string"}}],"inLanguage":"es"},{"@type":"Organization","@id":"https:\/\/diariotextual.com\/inicio\/#organization","name":"Diario Textual","url":"https:\/\/diariotextual.com\/inicio\/","logo":{"@type":"ImageObject","inLanguage":"es","@id":"https:\/\/diariotextual.com\/inicio\/#\/schema\/logo\/image\/","url":"https:\/\/diariotextual.com\/inicio\/wp-content\/uploads\/2023\/05\/logotextual1.jpg","contentUrl":"https:\/\/diariotextual.com\/inicio\/wp-content\/uploads\/2023\/05\/logotextual1.jpg","width":516,"height":76,"caption":"Diario Textual"},"image":{"@id":"https:\/\/diariotextual.com\/inicio\/#\/schema\/logo\/image\/"},"sameAs":["https:\/\/www.facebook.com\/eltextual","https:\/\/x.com\/eltextual","http:\/\/www.instagram.com\/eltextual"]},{"@type":"Person","@id":"https:\/\/diariotextual.com\/inicio\/#\/schema\/person\/a1b6f563e0ee944c60f98119389a4d9f","name":"diario3","image":{"@type":"ImageObject","inLanguage":"es","@id":"https:\/\/secure.gravatar.com\/avatar\/5e7ee62c82fc04d9dd79d746a390d93c69c43223e5faeeb3ea9461ef752bfc5d?s=96&d=mm&r=g","url":"https:\/\/secure.gravatar.com\/avatar\/5e7ee62c82fc04d9dd79d746a390d93c69c43223e5faeeb3ea9461ef752bfc5d?s=96&d=mm&r=g","contentUrl":"https:\/\/secure.gravatar.com\/avatar\/5e7ee62c82fc04d9dd79d746a390d93c69c43223e5faeeb3ea9461ef752bfc5d?s=96&d=mm&r=g","caption":"diario3"},"url":"https:\/\/diariotextual.com\/inicio\/index.php\/author\/diario3\/"}]}},"_links":{"self":[{"href":"https:\/\/diariotextual.com\/inicio\/index.php\/wp-json\/wp\/v2\/posts\/254566","targetHints":{"allow":["GET"]}}],"collection":[{"href":"https:\/\/diariotextual.com\/inicio\/index.php\/wp-json\/wp\/v2\/posts"}],"about":[{"href":"https:\/\/diariotextual.com\/inicio\/index.php\/wp-json\/wp\/v2\/types\/post"}],"author":[{"embeddable":true,"href":"https:\/\/diariotextual.com\/inicio\/index.php\/wp-json\/wp\/v2\/users\/5"}],"replies":[{"embeddable":true,"href":"https:\/\/diariotextual.com\/inicio\/index.php\/wp-json\/wp\/v2\/comments?post=254566"}],"version-history":[{"count":1,"href":"https:\/\/diariotextual.com\/inicio\/index.php\/wp-json\/wp\/v2\/posts\/254566\/revisions"}],"predecessor-version":[{"id":254568,"href":"https:\/\/diariotextual.com\/inicio\/index.php\/wp-json\/wp\/v2\/posts\/254566\/revisions\/254568"}],"wp:featuredmedia":[{"embeddable":true,"href":"https:\/\/diariotextual.com\/inicio\/index.php\/wp-json\/wp\/v2\/media\/254567"}],"wp:attachment":[{"href":"https:\/\/diariotextual.com\/inicio\/index.php\/wp-json\/wp\/v2\/media?parent=254566"}],"wp:term":[{"taxonomy":"category","embeddable":true,"href":"https:\/\/diariotextual.com\/inicio\/index.php\/wp-json\/wp\/v2\/categories?post=254566"},{"taxonomy":"post_tag","embeddable":true,"href":"https:\/\/diariotextual.com\/inicio\/index.php\/wp-json\/wp\/v2\/tags?post=254566"}],"curies":[{"name":"wp","href":"https:\/\/api.w.org\/{rel}","templated":true}]}}