{"id":25466,"date":"2018-10-30T17:43:34","date_gmt":"2018-10-30T20:43:34","guid":{"rendered":"http:\/\/diariotextual.com\/inicio\/?p=25466"},"modified":"2018-10-30T18:28:31","modified_gmt":"2018-10-30T21:28:31","slug":"vendedores-ambulantes-manana-deben-dejar-los-puestos-la-via-publica","status":"publish","type":"post","link":"https:\/\/diariotextual.com\/inicio\/index.php\/2018\/10\/30\/vendedores-ambulantes-manana-deben-dejar-los-puestos-la-via-publica\/","title":{"rendered":"Vendedores ambulantes: la municipalidad dice que ya deben dejar los puestos"},"content":{"rendered":"<p>Elida Deanna, directora general de Desarrollo Local de la Municipalidad de Santa Rosa, confirm\u00f3 que <strong>este mi\u00e9rcoles es el plazo que el municipio le dio a los vendedores ambulantes para que dejen los puestos instalados en el espacio p\u00fablico<\/strong>, sobre todo en el microcentro santarrose\u00f1o.<\/p>\n<p><!--more--><\/p>\n<p>Deanna hizo un repaso desde que la ordenanza est\u00e1 vigente, en junio de 2016. \u201cTuvimos muchas instancias de di\u00e1logo, algunos de los vendedores se mudaron e instalaron en locales, otros cambiaron de oficio\u201d, expres\u00f3 y record\u00f3 que <strong>en febrero hab\u00eda 19 vendedores ambulantes con permisos habilitados y en mayo para readecuarse eran 13.<\/strong><\/p>\n<p>\u201cHoy <strong>son seis u ocho los que restan adecuarse a la ordenanza y dejar el microcentro<\/strong>, ya que la habilitaci\u00f3n comercial quedar\u00e1 expirada. Espero que lo entiendan. Nosotros como Ejecutivo tenemos que hacer cumplir con la ordenanza que dict\u00f3 el concejo deliberante\u201d, agreg\u00f3 la funcionaria municipal.<\/p>\n<p>A mediados de mes, <strong><a href=\"http:\/\/diariotextual.com\/inicio\/index.php\/2018\/10\/13\/stj-ordeno-juez-analice-amparo-los-ambulantes\/\">el Superior Tribunal de Justicia (STJ) orden\u00f3 al Juzgado en lo Civil, Comercial y de Miner\u00eda N\u00b0 3 de Santa Rosa, que analice el amparo interpuesto por un grupo de vendedores ambulantes<\/a><\/strong> contra la municipalidad de Santa Rosa, por entender que se les restringi\u00f3 la libertad de trabajo y se ejerci\u00f3 un trato discriminatorio.<\/p>\n<p>El recurso no est\u00e1 firme ya que fue recurrido ante la C\u00e1mara de Apelaciones en lo Civil, Comercial, Laboral y de Miner\u00eda de Santa Rosa. La Sala C, conformada por los ministros Jos\u00e9 Roberto Sappa y Eduardo Fern\u00e1ndez Mend\u00eda, as\u00ed lo dispuso, luego de una presentaci\u00f3n de la defensora civil oficial Carina Mariana Ganuza y luego de darle vista a la Procuradur\u00eda General.<\/p>\n<p>&nbsp;<\/p>\n<p><strong>Sin di\u00e1logo<\/strong><\/p>\n<p>Elida Deanna reconoci\u00f3 que con los \u00faltimos vendedores, que a\u00fan contin\u00faan en el espacio p\u00fablico, no ha hablado en los \u00faltimos d\u00edas. \u201cNuestras puertas est\u00e1n abiertas. <strong>El municipio los puede ayudar a reconvertirse en un local comercial o darles un oficio a trav\u00e9s de la oficina de empleo<\/strong>\u201d, aclar\u00f3.<\/p>\n<p>Deanna tambi\u00e9n admiti\u00f3 que la situaci\u00f3n de los <strong>vendedores en la calle con los comercios del microcentro santarrose\u00f1o es desigual. \u201cHay peque\u00f1os comerciantes que hacen mucho esfuerzo para mantener su local en regla<\/strong>, con sus empleados o no, pero que tienen una carga fiscal importante, en contraposici\u00f3n con los vendedores que est\u00e1n en la calle\u201d, explic\u00f3.<\/p>\n<p>Finalmente, la funcionaria asegur\u00f3 que <strong>en comparaci\u00f3n con dos a\u00f1os para atr\u00e1s, el cierre o apertura de locales comerciales no ha tenido grandes variables. \u201cMedimos semestre a semestre<\/strong> y hasta ahora no hay cambios significativos con relaci\u00f3n a dos a\u00f1os atr\u00e1s\u201d, remarc\u00f3 Deanna.<\/p>\n","protected":false},"excerpt":{"rendered":"<p>Elida Deanna, directora general de Desarrollo Local de la Municipalidad de Santa Rosa, confirm\u00f3 que este mi\u00e9rcoles es el plazo que el municipio le dio a los vendedores ambulantes para&hellip;<\/p>\n","protected":false},"author":5,"featured_media":7358,"comment_status":"closed","ping_status":"open","sticky":false,"template":"","format":"standard","meta":{"_acf_changed":false,"footnotes":""},"categories":[4,12],"tags":[],"class_list":["post-25466","post","type-post","status-publish","format-standard","has-post-thumbnail","hentry","category-destacadas","category-sociedad"],"acf":[],"yoast_head":"<!-- This site is optimized with the Yoast SEO plugin v27.5 - https:\/\/yoast.com\/product\/yoast-seo-wordpress\/ -->\n<title>Vendedores ambulantes: la municipalidad dice que ya deben dejar los puestos - Diario Textual<\/title>\n<meta name=\"robots\" content=\"index, follow, max-snippet:-1, max-image-preview:large, max-video-preview:-1\" \/>\n<link rel=\"canonical\" href=\"https:\/\/diariotextual.com\/inicio\/index.php\/2018\/10\/30\/vendedores-ambulantes-manana-deben-dejar-los-puestos-la-via-publica\/\" \/>\n<meta property=\"og:locale\" content=\"es_ES\" \/>\n<meta property=\"og:type\" content=\"article\" \/>\n<meta property=\"og:title\" content=\"Vendedores ambulantes: la municipalidad dice que ya deben dejar los puestos - Diario Textual\" \/>\n<meta property=\"og:description\" content=\"Elida Deanna, directora general de Desarrollo Local de la Municipalidad de Santa Rosa, confirm\u00f3 que este mi\u00e9rcoles es el plazo que el municipio le dio a los vendedores ambulantes para&hellip;\" \/>\n<meta property=\"og:url\" content=\"https:\/\/diariotextual.com\/inicio\/index.php\/2018\/10\/30\/vendedores-ambulantes-manana-deben-dejar-los-puestos-la-via-publica\/\" \/>\n<meta property=\"og:site_name\" content=\"Diario Textual\" \/>\n<meta property=\"article:publisher\" content=\"https:\/\/www.facebook.com\/eltextual\" \/>\n<meta property=\"article:published_time\" content=\"2018-10-30T20:43:34+00:00\" \/>\n<meta property=\"article:modified_time\" content=\"2018-10-30T21:28:31+00:00\" \/>\n<meta property=\"og:image\" content=\"https:\/\/diariotextual.com\/inicio\/wp-content\/uploads\/2018\/05\/vendedoresambulantessantarosa-1-1024x576.jpg\" \/>\n\t<meta property=\"og:image:width\" content=\"1024\" \/>\n\t<meta property=\"og:image:height\" content=\"576\" \/>\n\t<meta property=\"og:image:type\" content=\"image\/jpeg\" \/>\n<meta name=\"author\" content=\"diario3\" \/>\n<meta name=\"twitter:card\" content=\"summary_large_image\" \/>\n<meta name=\"twitter:creator\" content=\"@eltextual\" \/>\n<meta name=\"twitter:site\" content=\"@eltextual\" \/>\n<meta name=\"twitter:label1\" content=\"Escrito por\" \/>\n\t<meta name=\"twitter:data1\" content=\"diario3\" \/>\n\t<meta name=\"twitter:label2\" content=\"Tiempo de lectura\" \/>\n\t<meta name=\"twitter:data2\" content=\"2 minutos\" \/>\n<script type=\"application\/ld+json\" class=\"yoast-schema-graph\">{\"@context\":\"https:\\\/\\\/schema.org\",\"@graph\":[{\"@type\":\"Article\",\"@id\":\"https:\\\/\\\/diariotextual.com\\\/inicio\\\/index.php\\\/2018\\\/10\\\/30\\\/vendedores-ambulantes-manana-deben-dejar-los-puestos-la-via-publica\\\/#article\",\"isPartOf\":{\"@id\":\"https:\\\/\\\/diariotextual.com\\\/inicio\\\/index.php\\\/2018\\\/10\\\/30\\\/vendedores-ambulantes-manana-deben-dejar-los-puestos-la-via-publica\\\/\"},\"author\":{\"name\":\"diario3\",\"@id\":\"https:\\\/\\\/diariotextual.com\\\/inicio\\\/#\\\/schema\\\/person\\\/a1b6f563e0ee944c60f98119389a4d9f\"},\"headline\":\"Vendedores ambulantes: la municipalidad dice que ya deben dejar los puestos\",\"datePublished\":\"2018-10-30T20:43:34+00:00\",\"dateModified\":\"2018-10-30T21:28:31+00:00\",\"mainEntityOfPage\":{\"@id\":\"https:\\\/\\\/diariotextual.com\\\/inicio\\\/index.php\\\/2018\\\/10\\\/30\\\/vendedores-ambulantes-manana-deben-dejar-los-puestos-la-via-publica\\\/\"},\"wordCount\":455,\"publisher\":{\"@id\":\"https:\\\/\\\/diariotextual.com\\\/inicio\\\/#organization\"},\"image\":{\"@id\":\"https:\\\/\\\/diariotextual.com\\\/inicio\\\/index.php\\\/2018\\\/10\\\/30\\\/vendedores-ambulantes-manana-deben-dejar-los-puestos-la-via-publica\\\/#primaryimage\"},\"thumbnailUrl\":\"https:\\\/\\\/diariotextual.com\\\/inicio\\\/wp-content\\\/uploads\\\/2018\\\/05\\\/vendedoresambulantessantarosa-1.jpg\",\"articleSection\":[\"A - DESTACADAS (mod 16)\",\"SOCIEDAD\"],\"inLanguage\":\"es\"},{\"@type\":\"WebPage\",\"@id\":\"https:\\\/\\\/diariotextual.com\\\/inicio\\\/index.php\\\/2018\\\/10\\\/30\\\/vendedores-ambulantes-manana-deben-dejar-los-puestos-la-via-publica\\\/\",\"url\":\"https:\\\/\\\/diariotextual.com\\\/inicio\\\/index.php\\\/2018\\\/10\\\/30\\\/vendedores-ambulantes-manana-deben-dejar-los-puestos-la-via-publica\\\/\",\"name\":\"Vendedores ambulantes: la municipalidad dice que ya deben dejar los puestos - Diario Textual\",\"isPartOf\":{\"@id\":\"https:\\\/\\\/diariotextual.com\\\/inicio\\\/#website\"},\"primaryImageOfPage\":{\"@id\":\"https:\\\/\\\/diariotextual.com\\\/inicio\\\/index.php\\\/2018\\\/10\\\/30\\\/vendedores-ambulantes-manana-deben-dejar-los-puestos-la-via-publica\\\/#primaryimage\"},\"image\":{\"@id\":\"https:\\\/\\\/diariotextual.com\\\/inicio\\\/index.php\\\/2018\\\/10\\\/30\\\/vendedores-ambulantes-manana-deben-dejar-los-puestos-la-via-publica\\\/#primaryimage\"},\"thumbnailUrl\":\"https:\\\/\\\/diariotextual.com\\\/inicio\\\/wp-content\\\/uploads\\\/2018\\\/05\\\/vendedoresambulantessantarosa-1.jpg\",\"datePublished\":\"2018-10-30T20:43:34+00:00\",\"dateModified\":\"2018-10-30T21:28:31+00:00\",\"breadcrumb\":{\"@id\":\"https:\\\/\\\/diariotextual.com\\\/inicio\\\/index.php\\\/2018\\\/10\\\/30\\\/vendedores-ambulantes-manana-deben-dejar-los-puestos-la-via-publica\\\/#breadcrumb\"},\"inLanguage\":\"es\",\"potentialAction\":[{\"@type\":\"ReadAction\",\"target\":[\"https:\\\/\\\/diariotextual.com\\\/inicio\\\/index.php\\\/2018\\\/10\\\/30\\\/vendedores-ambulantes-manana-deben-dejar-los-puestos-la-via-publica\\\/\"]}]},{\"@type\":\"ImageObject\",\"inLanguage\":\"es\",\"@id\":\"https:\\\/\\\/diariotextual.com\\\/inicio\\\/index.php\\\/2018\\\/10\\\/30\\\/vendedores-ambulantes-manana-deben-dejar-los-puestos-la-via-publica\\\/#primaryimage\",\"url\":\"https:\\\/\\\/diariotextual.com\\\/inicio\\\/wp-content\\\/uploads\\\/2018\\\/05\\\/vendedoresambulantessantarosa-1.jpg\",\"contentUrl\":\"https:\\\/\\\/diariotextual.com\\\/inicio\\\/wp-content\\\/uploads\\\/2018\\\/05\\\/vendedoresambulantessantarosa-1.jpg\",\"width\":4160,\"height\":2340},{\"@type\":\"BreadcrumbList\",\"@id\":\"https:\\\/\\\/diariotextual.com\\\/inicio\\\/index.php\\\/2018\\\/10\\\/30\\\/vendedores-ambulantes-manana-deben-dejar-los-puestos-la-via-publica\\\/#breadcrumb\",\"itemListElement\":[{\"@type\":\"ListItem\",\"position\":1,\"name\":\"Portada\",\"item\":\"https:\\\/\\\/diariotextual.com\\\/inicio\\\/\"},{\"@type\":\"ListItem\",\"position\":2,\"name\":\"Vendedores ambulantes: la municipalidad dice que ya deben dejar los puestos\"}]},{\"@type\":\"WebSite\",\"@id\":\"https:\\\/\\\/diariotextual.com\\\/inicio\\\/#website\",\"url\":\"https:\\\/\\\/diariotextual.com\\\/inicio\\\/\",\"name\":\"Diario Textual\",\"description\":\"\",\"publisher\":{\"@id\":\"https:\\\/\\\/diariotextual.com\\\/inicio\\\/#organization\"},\"potentialAction\":[{\"@type\":\"SearchAction\",\"target\":{\"@type\":\"EntryPoint\",\"urlTemplate\":\"https:\\\/\\\/diariotextual.com\\\/inicio\\\/?s={search_term_string}\"},\"query-input\":{\"@type\":\"PropertyValueSpecification\",\"valueRequired\":true,\"valueName\":\"search_term_string\"}}],\"inLanguage\":\"es\"},{\"@type\":\"Organization\",\"@id\":\"https:\\\/\\\/diariotextual.com\\\/inicio\\\/#organization\",\"name\":\"Diario Textual\",\"url\":\"https:\\\/\\\/diariotextual.com\\\/inicio\\\/\",\"logo\":{\"@type\":\"ImageObject\",\"inLanguage\":\"es\",\"@id\":\"https:\\\/\\\/diariotextual.com\\\/inicio\\\/#\\\/schema\\\/logo\\\/image\\\/\",\"url\":\"https:\\\/\\\/diariotextual.com\\\/inicio\\\/wp-content\\\/uploads\\\/2023\\\/05\\\/logotextual1.jpg\",\"contentUrl\":\"https:\\\/\\\/diariotextual.com\\\/inicio\\\/wp-content\\\/uploads\\\/2023\\\/05\\\/logotextual1.jpg\",\"width\":516,\"height\":76,\"caption\":\"Diario Textual\"},\"image\":{\"@id\":\"https:\\\/\\\/diariotextual.com\\\/inicio\\\/#\\\/schema\\\/logo\\\/image\\\/\"},\"sameAs\":[\"https:\\\/\\\/www.facebook.com\\\/eltextual\",\"https:\\\/\\\/x.com\\\/eltextual\",\"http:\\\/\\\/www.instagram.com\\\/eltextual\"]},{\"@type\":\"Person\",\"@id\":\"https:\\\/\\\/diariotextual.com\\\/inicio\\\/#\\\/schema\\\/person\\\/a1b6f563e0ee944c60f98119389a4d9f\",\"name\":\"diario3\",\"image\":{\"@type\":\"ImageObject\",\"inLanguage\":\"es\",\"@id\":\"https:\\\/\\\/secure.gravatar.com\\\/avatar\\\/5e7ee62c82fc04d9dd79d746a390d93c69c43223e5faeeb3ea9461ef752bfc5d?s=96&d=mm&r=g\",\"url\":\"https:\\\/\\\/secure.gravatar.com\\\/avatar\\\/5e7ee62c82fc04d9dd79d746a390d93c69c43223e5faeeb3ea9461ef752bfc5d?s=96&d=mm&r=g\",\"contentUrl\":\"https:\\\/\\\/secure.gravatar.com\\\/avatar\\\/5e7ee62c82fc04d9dd79d746a390d93c69c43223e5faeeb3ea9461ef752bfc5d?s=96&d=mm&r=g\",\"caption\":\"diario3\"},\"url\":\"https:\\\/\\\/diariotextual.com\\\/inicio\\\/index.php\\\/author\\\/diario3\\\/\"}]}<\/script>\n<!-- \/ Yoast SEO plugin. -->","yoast_head_json":{"title":"Vendedores ambulantes: la municipalidad dice que ya deben dejar los puestos - Diario Textual","robots":{"index":"index","follow":"follow","max-snippet":"max-snippet:-1","max-image-preview":"max-image-preview:large","max-video-preview":"max-video-preview:-1"},"canonical":"https:\/\/diariotextual.com\/inicio\/index.php\/2018\/10\/30\/vendedores-ambulantes-manana-deben-dejar-los-puestos-la-via-publica\/","og_locale":"es_ES","og_type":"article","og_title":"Vendedores ambulantes: la municipalidad dice que ya deben dejar los puestos - Diario Textual","og_description":"Elida Deanna, directora general de Desarrollo Local de la Municipalidad de Santa Rosa, confirm\u00f3 que este mi\u00e9rcoles es el plazo que el municipio le dio a los vendedores ambulantes para&hellip;","og_url":"https:\/\/diariotextual.com\/inicio\/index.php\/2018\/10\/30\/vendedores-ambulantes-manana-deben-dejar-los-puestos-la-via-publica\/","og_site_name":"Diario Textual","article_publisher":"https:\/\/www.facebook.com\/eltextual","article_published_time":"2018-10-30T20:43:34+00:00","article_modified_time":"2018-10-30T21:28:31+00:00","og_image":[{"width":1024,"height":576,"url":"https:\/\/diariotextual.com\/inicio\/wp-content\/uploads\/2018\/05\/vendedoresambulantessantarosa-1-1024x576.jpg","type":"image\/jpeg"}],"author":"diario3","twitter_card":"summary_large_image","twitter_creator":"@eltextual","twitter_site":"@eltextual","twitter_misc":{"Escrito por":"diario3","Tiempo de lectura":"2 minutos"},"schema":{"@context":"https:\/\/schema.org","@graph":[{"@type":"Article","@id":"https:\/\/diariotextual.com\/inicio\/index.php\/2018\/10\/30\/vendedores-ambulantes-manana-deben-dejar-los-puestos-la-via-publica\/#article","isPartOf":{"@id":"https:\/\/diariotextual.com\/inicio\/index.php\/2018\/10\/30\/vendedores-ambulantes-manana-deben-dejar-los-puestos-la-via-publica\/"},"author":{"name":"diario3","@id":"https:\/\/diariotextual.com\/inicio\/#\/schema\/person\/a1b6f563e0ee944c60f98119389a4d9f"},"headline":"Vendedores ambulantes: la municipalidad dice que ya deben dejar los puestos","datePublished":"2018-10-30T20:43:34+00:00","dateModified":"2018-10-30T21:28:31+00:00","mainEntityOfPage":{"@id":"https:\/\/diariotextual.com\/inicio\/index.php\/2018\/10\/30\/vendedores-ambulantes-manana-deben-dejar-los-puestos-la-via-publica\/"},"wordCount":455,"publisher":{"@id":"https:\/\/diariotextual.com\/inicio\/#organization"},"image":{"@id":"https:\/\/diariotextual.com\/inicio\/index.php\/2018\/10\/30\/vendedores-ambulantes-manana-deben-dejar-los-puestos-la-via-publica\/#primaryimage"},"thumbnailUrl":"https:\/\/diariotextual.com\/inicio\/wp-content\/uploads\/2018\/05\/vendedoresambulantessantarosa-1.jpg","articleSection":["A - DESTACADAS (mod 16)","SOCIEDAD"],"inLanguage":"es"},{"@type":"WebPage","@id":"https:\/\/diariotextual.com\/inicio\/index.php\/2018\/10\/30\/vendedores-ambulantes-manana-deben-dejar-los-puestos-la-via-publica\/","url":"https:\/\/diariotextual.com\/inicio\/index.php\/2018\/10\/30\/vendedores-ambulantes-manana-deben-dejar-los-puestos-la-via-publica\/","name":"Vendedores ambulantes: la municipalidad dice que ya deben dejar los puestos - Diario Textual","isPartOf":{"@id":"https:\/\/diariotextual.com\/inicio\/#website"},"primaryImageOfPage":{"@id":"https:\/\/diariotextual.com\/inicio\/index.php\/2018\/10\/30\/vendedores-ambulantes-manana-deben-dejar-los-puestos-la-via-publica\/#primaryimage"},"image":{"@id":"https:\/\/diariotextual.com\/inicio\/index.php\/2018\/10\/30\/vendedores-ambulantes-manana-deben-dejar-los-puestos-la-via-publica\/#primaryimage"},"thumbnailUrl":"https:\/\/diariotextual.com\/inicio\/wp-content\/uploads\/2018\/05\/vendedoresambulantessantarosa-1.jpg","datePublished":"2018-10-30T20:43:34+00:00","dateModified":"2018-10-30T21:28:31+00:00","breadcrumb":{"@id":"https:\/\/diariotextual.com\/inicio\/index.php\/2018\/10\/30\/vendedores-ambulantes-manana-deben-dejar-los-puestos-la-via-publica\/#breadcrumb"},"inLanguage":"es","potentialAction":[{"@type":"ReadAction","target":["https:\/\/diariotextual.com\/inicio\/index.php\/2018\/10\/30\/vendedores-ambulantes-manana-deben-dejar-los-puestos-la-via-publica\/"]}]},{"@type":"ImageObject","inLanguage":"es","@id":"https:\/\/diariotextual.com\/inicio\/index.php\/2018\/10\/30\/vendedores-ambulantes-manana-deben-dejar-los-puestos-la-via-publica\/#primaryimage","url":"https:\/\/diariotextual.com\/inicio\/wp-content\/uploads\/2018\/05\/vendedoresambulantessantarosa-1.jpg","contentUrl":"https:\/\/diariotextual.com\/inicio\/wp-content\/uploads\/2018\/05\/vendedoresambulantessantarosa-1.jpg","width":4160,"height":2340},{"@type":"BreadcrumbList","@id":"https:\/\/diariotextual.com\/inicio\/index.php\/2018\/10\/30\/vendedores-ambulantes-manana-deben-dejar-los-puestos-la-via-publica\/#breadcrumb","itemListElement":[{"@type":"ListItem","position":1,"name":"Portada","item":"https:\/\/diariotextual.com\/inicio\/"},{"@type":"ListItem","position":2,"name":"Vendedores ambulantes: la municipalidad dice que ya deben dejar los puestos"}]},{"@type":"WebSite","@id":"https:\/\/diariotextual.com\/inicio\/#website","url":"https:\/\/diariotextual.com\/inicio\/","name":"Diario Textual","description":"","publisher":{"@id":"https:\/\/diariotextual.com\/inicio\/#organization"},"potentialAction":[{"@type":"SearchAction","target":{"@type":"EntryPoint","urlTemplate":"https:\/\/diariotextual.com\/inicio\/?s={search_term_string}"},"query-input":{"@type":"PropertyValueSpecification","valueRequired":true,"valueName":"search_term_string"}}],"inLanguage":"es"},{"@type":"Organization","@id":"https:\/\/diariotextual.com\/inicio\/#organization","name":"Diario Textual","url":"https:\/\/diariotextual.com\/inicio\/","logo":{"@type":"ImageObject","inLanguage":"es","@id":"https:\/\/diariotextual.com\/inicio\/#\/schema\/logo\/image\/","url":"https:\/\/diariotextual.com\/inicio\/wp-content\/uploads\/2023\/05\/logotextual1.jpg","contentUrl":"https:\/\/diariotextual.com\/inicio\/wp-content\/uploads\/2023\/05\/logotextual1.jpg","width":516,"height":76,"caption":"Diario Textual"},"image":{"@id":"https:\/\/diariotextual.com\/inicio\/#\/schema\/logo\/image\/"},"sameAs":["https:\/\/www.facebook.com\/eltextual","https:\/\/x.com\/eltextual","http:\/\/www.instagram.com\/eltextual"]},{"@type":"Person","@id":"https:\/\/diariotextual.com\/inicio\/#\/schema\/person\/a1b6f563e0ee944c60f98119389a4d9f","name":"diario3","image":{"@type":"ImageObject","inLanguage":"es","@id":"https:\/\/secure.gravatar.com\/avatar\/5e7ee62c82fc04d9dd79d746a390d93c69c43223e5faeeb3ea9461ef752bfc5d?s=96&d=mm&r=g","url":"https:\/\/secure.gravatar.com\/avatar\/5e7ee62c82fc04d9dd79d746a390d93c69c43223e5faeeb3ea9461ef752bfc5d?s=96&d=mm&r=g","contentUrl":"https:\/\/secure.gravatar.com\/avatar\/5e7ee62c82fc04d9dd79d746a390d93c69c43223e5faeeb3ea9461ef752bfc5d?s=96&d=mm&r=g","caption":"diario3"},"url":"https:\/\/diariotextual.com\/inicio\/index.php\/author\/diario3\/"}]}},"_links":{"self":[{"href":"https:\/\/diariotextual.com\/inicio\/index.php\/wp-json\/wp\/v2\/posts\/25466","targetHints":{"allow":["GET"]}}],"collection":[{"href":"https:\/\/diariotextual.com\/inicio\/index.php\/wp-json\/wp\/v2\/posts"}],"about":[{"href":"https:\/\/diariotextual.com\/inicio\/index.php\/wp-json\/wp\/v2\/types\/post"}],"author":[{"embeddable":true,"href":"https:\/\/diariotextual.com\/inicio\/index.php\/wp-json\/wp\/v2\/users\/5"}],"replies":[{"embeddable":true,"href":"https:\/\/diariotextual.com\/inicio\/index.php\/wp-json\/wp\/v2\/comments?post=25466"}],"version-history":[{"count":2,"href":"https:\/\/diariotextual.com\/inicio\/index.php\/wp-json\/wp\/v2\/posts\/25466\/revisions"}],"predecessor-version":[{"id":25479,"href":"https:\/\/diariotextual.com\/inicio\/index.php\/wp-json\/wp\/v2\/posts\/25466\/revisions\/25479"}],"wp:featuredmedia":[{"embeddable":true,"href":"https:\/\/diariotextual.com\/inicio\/index.php\/wp-json\/wp\/v2\/media\/7358"}],"wp:attachment":[{"href":"https:\/\/diariotextual.com\/inicio\/index.php\/wp-json\/wp\/v2\/media?parent=25466"}],"wp:term":[{"taxonomy":"category","embeddable":true,"href":"https:\/\/diariotextual.com\/inicio\/index.php\/wp-json\/wp\/v2\/categories?post=25466"},{"taxonomy":"post_tag","embeddable":true,"href":"https:\/\/diariotextual.com\/inicio\/index.php\/wp-json\/wp\/v2\/tags?post=25466"}],"curies":[{"name":"wp","href":"https:\/\/api.w.org\/{rel}","templated":true}]}}