{"id":254709,"date":"2024-02-21T20:12:36","date_gmt":"2024-02-21T23:12:36","guid":{"rendered":"https:\/\/diariotextual.com\/inicio\/?p=254709"},"modified":"2024-02-21T20:12:39","modified_gmt":"2024-02-21T23:12:39","slug":"consejo-de-la-magistratura-de-la-pampa-asumieron-consejeros","status":"publish","type":"post","link":"https:\/\/diariotextual.com\/inicio\/index.php\/2024\/02\/21\/consejo-de-la-magistratura-de-la-pampa-asumieron-consejeros\/","title":{"rendered":"Consejo de la Magistratura de La Pampa: asumieron consejeros"},"content":{"rendered":"\n<p>En un acto realizado en la Biblioteca del Superior Tribunal de Justicia, siete nuevos representantes de los poderes Judicial, Ejecutivo y Legislativo asumieron como consejeros en el Consejo de la Magistratura. Los juramentos fueron recibidos por el presidente del cuerpo y ministro del STJ, Fabricio Luis Losi y sus mandatos se extender\u00e1n hasta fin de a\u00f1o.<\/p>\n\n\n\n<p>De acuerdo a los f\u00f3rmulas de juramento, en primer t\u00e9rmino asumieron la ministra del STJ, Mar\u00eda Ver\u00f3nica Campo \u2013quien reemplaz\u00f3 a la exministra Elena Victoria Fresco\u2013 como primera suplente por el Poder Judicial; y el diputado Hern\u00e1n P\u00e9rez Araujo, como consejero titular, y la diputada Marcela Lilia Ana P\u00e1ez, como primera suplente, por el Poder Legislativo.<\/p>\n\n\n\n<p>Luego lo hicieron Juan Mecca y Pedro Federico Ortiz Garc\u00eda como segundos suplentes por el Poder Ejecutivo y el Poder Legislativo, respectivamente; y por \u00faltimo, Guillermo Eduardo Rubano, como representante titular, y Liliana del Carmen Sierra, como primera suplente, por el Poder Ejecutivo.<\/p>\n\n\n\n<p>Losi, al hablar brevemente, remarc\u00f3: \u201cEs una tradici\u00f3n de este Consejo, desde sus inicios hace dos d\u00e9cadas, la transparencia de sus procesos. Por eso aprovecho para recordarle a la comunidad y a los cuerpos profesionales que sus coloquios son p\u00fablicos y existe absoluta libertad para asistir a ellos. Lo mismo con los ex\u00e1menes, que una vez corregidos, son subidos inmediatamente a la p\u00e1gina web del organismo\u201d.<\/p>\n\n\n\n<p>Al acto asistieron, adem\u00e1s, los ministros del STJ, Hugo Oscar D\u00edaz y Eduardo Fern\u00e1ndez Mend\u00eda; el procurador general, Mario Oscar Bongianino; el ministro de Gobierno y Asuntos Municipales, Jorge Luis Fern\u00e1ndez; y el subsecretario de Gobierno y Registros P\u00fablicos, Pablo Javier Boleas, entre otras autoridades.\u200b<\/p>\n","protected":false},"excerpt":{"rendered":"<p>En un acto realizado en la Biblioteca del Superior Tribunal de Justicia, siete nuevos representantes de los poderes Judicial, Ejecutivo y Legislativo asumieron como consejeros en el Consejo de la&hellip;<\/p>\n","protected":false},"author":5,"featured_media":254710,"comment_status":"closed","ping_status":"open","sticky":false,"template":"","format":"standard","meta":{"_acf_changed":false,"footnotes":""},"categories":[1,8],"tags":[5069],"class_list":["post-254709","post","type-post","status-publish","format-standard","has-post-thumbnail","hentry","category-es-noticia","category-politica","tag-consejo-de-la-magistratura"],"acf":[],"yoast_head":"<!-- This site is optimized with the Yoast SEO plugin v27.5 - https:\/\/yoast.com\/product\/yoast-seo-wordpress\/ -->\n<title>Consejo de la Magistratura de La Pampa: asumieron consejeros - Diario Textual<\/title>\n<meta name=\"robots\" content=\"index, follow, max-snippet:-1, max-image-preview:large, max-video-preview:-1\" \/>\n<link rel=\"canonical\" href=\"https:\/\/diariotextual.com\/inicio\/index.php\/2024\/02\/21\/consejo-de-la-magistratura-de-la-pampa-asumieron-consejeros\/\" \/>\n<meta property=\"og:locale\" content=\"es_ES\" \/>\n<meta property=\"og:type\" content=\"article\" \/>\n<meta property=\"og:title\" content=\"Consejo de la Magistratura de La Pampa: asumieron consejeros - Diario Textual\" \/>\n<meta property=\"og:description\" content=\"En un acto realizado en la Biblioteca del Superior Tribunal de Justicia, siete nuevos representantes de los poderes Judicial, Ejecutivo y Legislativo asumieron como consejeros en el Consejo de la&hellip;\" \/>\n<meta property=\"og:url\" content=\"https:\/\/diariotextual.com\/inicio\/index.php\/2024\/02\/21\/consejo-de-la-magistratura-de-la-pampa-asumieron-consejeros\/\" \/>\n<meta property=\"og:site_name\" content=\"Diario Textual\" \/>\n<meta property=\"article:publisher\" content=\"https:\/\/www.facebook.com\/eltextual\" \/>\n<meta property=\"article:published_time\" content=\"2024-02-21T23:12:36+00:00\" \/>\n<meta property=\"article:modified_time\" content=\"2024-02-21T23:12:39+00:00\" \/>\n<meta property=\"og:image\" content=\"https:\/\/diariotextual.com\/inicio\/wp-content\/uploads\/2024\/02\/consejomagistratura2024.jpg.jpeg\" \/>\n\t<meta property=\"og:image:width\" content=\"1280\" \/>\n\t<meta property=\"og:image:height\" content=\"960\" \/>\n\t<meta property=\"og:image:type\" content=\"image\/jpeg\" \/>\n<meta name=\"author\" content=\"diario3\" \/>\n<meta name=\"twitter:card\" content=\"summary_large_image\" \/>\n<meta name=\"twitter:creator\" content=\"@eltextual\" \/>\n<meta name=\"twitter:site\" content=\"@eltextual\" \/>\n<meta name=\"twitter:label1\" content=\"Escrito por\" \/>\n\t<meta name=\"twitter:data1\" content=\"diario3\" \/>\n\t<meta name=\"twitter:label2\" content=\"Tiempo de lectura\" \/>\n\t<meta name=\"twitter:data2\" content=\"2 minutos\" \/>\n<script type=\"application\/ld+json\" class=\"yoast-schema-graph\">{\"@context\":\"https:\\\/\\\/schema.org\",\"@graph\":[{\"@type\":\"Article\",\"@id\":\"https:\\\/\\\/diariotextual.com\\\/inicio\\\/index.php\\\/2024\\\/02\\\/21\\\/consejo-de-la-magistratura-de-la-pampa-asumieron-consejeros\\\/#article\",\"isPartOf\":{\"@id\":\"https:\\\/\\\/diariotextual.com\\\/inicio\\\/index.php\\\/2024\\\/02\\\/21\\\/consejo-de-la-magistratura-de-la-pampa-asumieron-consejeros\\\/\"},\"author\":{\"name\":\"diario3\",\"@id\":\"https:\\\/\\\/diariotextual.com\\\/inicio\\\/#\\\/schema\\\/person\\\/a1b6f563e0ee944c60f98119389a4d9f\"},\"headline\":\"Consejo de la Magistratura de La Pampa: asumieron consejeros\",\"datePublished\":\"2024-02-21T23:12:36+00:00\",\"dateModified\":\"2024-02-21T23:12:39+00:00\",\"mainEntityOfPage\":{\"@id\":\"https:\\\/\\\/diariotextual.com\\\/inicio\\\/index.php\\\/2024\\\/02\\\/21\\\/consejo-de-la-magistratura-de-la-pampa-asumieron-consejeros\\\/\"},\"wordCount\":296,\"publisher\":{\"@id\":\"https:\\\/\\\/diariotextual.com\\\/inicio\\\/#organization\"},\"image\":{\"@id\":\"https:\\\/\\\/diariotextual.com\\\/inicio\\\/index.php\\\/2024\\\/02\\\/21\\\/consejo-de-la-magistratura-de-la-pampa-asumieron-consejeros\\\/#primaryimage\"},\"thumbnailUrl\":\"https:\\\/\\\/diariotextual.com\\\/inicio\\\/wp-content\\\/uploads\\\/2024\\\/02\\\/consejomagistratura2024.jpg.jpeg\",\"keywords\":[\"consejo de la magistratura\"],\"articleSection\":[\"A - ES NOTICIA (van abajo)\",\"POLITICA\"],\"inLanguage\":\"es\"},{\"@type\":\"WebPage\",\"@id\":\"https:\\\/\\\/diariotextual.com\\\/inicio\\\/index.php\\\/2024\\\/02\\\/21\\\/consejo-de-la-magistratura-de-la-pampa-asumieron-consejeros\\\/\",\"url\":\"https:\\\/\\\/diariotextual.com\\\/inicio\\\/index.php\\\/2024\\\/02\\\/21\\\/consejo-de-la-magistratura-de-la-pampa-asumieron-consejeros\\\/\",\"name\":\"Consejo de la Magistratura de La Pampa: asumieron consejeros - Diario Textual\",\"isPartOf\":{\"@id\":\"https:\\\/\\\/diariotextual.com\\\/inicio\\\/#website\"},\"primaryImageOfPage\":{\"@id\":\"https:\\\/\\\/diariotextual.com\\\/inicio\\\/index.php\\\/2024\\\/02\\\/21\\\/consejo-de-la-magistratura-de-la-pampa-asumieron-consejeros\\\/#primaryimage\"},\"image\":{\"@id\":\"https:\\\/\\\/diariotextual.com\\\/inicio\\\/index.php\\\/2024\\\/02\\\/21\\\/consejo-de-la-magistratura-de-la-pampa-asumieron-consejeros\\\/#primaryimage\"},\"thumbnailUrl\":\"https:\\\/\\\/diariotextual.com\\\/inicio\\\/wp-content\\\/uploads\\\/2024\\\/02\\\/consejomagistratura2024.jpg.jpeg\",\"datePublished\":\"2024-02-21T23:12:36+00:00\",\"dateModified\":\"2024-02-21T23:12:39+00:00\",\"breadcrumb\":{\"@id\":\"https:\\\/\\\/diariotextual.com\\\/inicio\\\/index.php\\\/2024\\\/02\\\/21\\\/consejo-de-la-magistratura-de-la-pampa-asumieron-consejeros\\\/#breadcrumb\"},\"inLanguage\":\"es\",\"potentialAction\":[{\"@type\":\"ReadAction\",\"target\":[\"https:\\\/\\\/diariotextual.com\\\/inicio\\\/index.php\\\/2024\\\/02\\\/21\\\/consejo-de-la-magistratura-de-la-pampa-asumieron-consejeros\\\/\"]}]},{\"@type\":\"ImageObject\",\"inLanguage\":\"es\",\"@id\":\"https:\\\/\\\/diariotextual.com\\\/inicio\\\/index.php\\\/2024\\\/02\\\/21\\\/consejo-de-la-magistratura-de-la-pampa-asumieron-consejeros\\\/#primaryimage\",\"url\":\"https:\\\/\\\/diariotextual.com\\\/inicio\\\/wp-content\\\/uploads\\\/2024\\\/02\\\/consejomagistratura2024.jpg.jpeg\",\"contentUrl\":\"https:\\\/\\\/diariotextual.com\\\/inicio\\\/wp-content\\\/uploads\\\/2024\\\/02\\\/consejomagistratura2024.jpg.jpeg\",\"width\":1280,\"height\":960},{\"@type\":\"BreadcrumbList\",\"@id\":\"https:\\\/\\\/diariotextual.com\\\/inicio\\\/index.php\\\/2024\\\/02\\\/21\\\/consejo-de-la-magistratura-de-la-pampa-asumieron-consejeros\\\/#breadcrumb\",\"itemListElement\":[{\"@type\":\"ListItem\",\"position\":1,\"name\":\"Portada\",\"item\":\"https:\\\/\\\/diariotextual.com\\\/inicio\\\/\"},{\"@type\":\"ListItem\",\"position\":2,\"name\":\"Consejo de la Magistratura de La Pampa: asumieron consejeros\"}]},{\"@type\":\"WebSite\",\"@id\":\"https:\\\/\\\/diariotextual.com\\\/inicio\\\/#website\",\"url\":\"https:\\\/\\\/diariotextual.com\\\/inicio\\\/\",\"name\":\"Diario Textual\",\"description\":\"\",\"publisher\":{\"@id\":\"https:\\\/\\\/diariotextual.com\\\/inicio\\\/#organization\"},\"potentialAction\":[{\"@type\":\"SearchAction\",\"target\":{\"@type\":\"EntryPoint\",\"urlTemplate\":\"https:\\\/\\\/diariotextual.com\\\/inicio\\\/?s={search_term_string}\"},\"query-input\":{\"@type\":\"PropertyValueSpecification\",\"valueRequired\":true,\"valueName\":\"search_term_string\"}}],\"inLanguage\":\"es\"},{\"@type\":\"Organization\",\"@id\":\"https:\\\/\\\/diariotextual.com\\\/inicio\\\/#organization\",\"name\":\"Diario Textual\",\"url\":\"https:\\\/\\\/diariotextual.com\\\/inicio\\\/\",\"logo\":{\"@type\":\"ImageObject\",\"inLanguage\":\"es\",\"@id\":\"https:\\\/\\\/diariotextual.com\\\/inicio\\\/#\\\/schema\\\/logo\\\/image\\\/\",\"url\":\"https:\\\/\\\/diariotextual.com\\\/inicio\\\/wp-content\\\/uploads\\\/2023\\\/05\\\/logotextual1.jpg\",\"contentUrl\":\"https:\\\/\\\/diariotextual.com\\\/inicio\\\/wp-content\\\/uploads\\\/2023\\\/05\\\/logotextual1.jpg\",\"width\":516,\"height\":76,\"caption\":\"Diario Textual\"},\"image\":{\"@id\":\"https:\\\/\\\/diariotextual.com\\\/inicio\\\/#\\\/schema\\\/logo\\\/image\\\/\"},\"sameAs\":[\"https:\\\/\\\/www.facebook.com\\\/eltextual\",\"https:\\\/\\\/x.com\\\/eltextual\",\"http:\\\/\\\/www.instagram.com\\\/eltextual\"]},{\"@type\":\"Person\",\"@id\":\"https:\\\/\\\/diariotextual.com\\\/inicio\\\/#\\\/schema\\\/person\\\/a1b6f563e0ee944c60f98119389a4d9f\",\"name\":\"diario3\",\"image\":{\"@type\":\"ImageObject\",\"inLanguage\":\"es\",\"@id\":\"https:\\\/\\\/secure.gravatar.com\\\/avatar\\\/5e7ee62c82fc04d9dd79d746a390d93c69c43223e5faeeb3ea9461ef752bfc5d?s=96&d=mm&r=g\",\"url\":\"https:\\\/\\\/secure.gravatar.com\\\/avatar\\\/5e7ee62c82fc04d9dd79d746a390d93c69c43223e5faeeb3ea9461ef752bfc5d?s=96&d=mm&r=g\",\"contentUrl\":\"https:\\\/\\\/secure.gravatar.com\\\/avatar\\\/5e7ee62c82fc04d9dd79d746a390d93c69c43223e5faeeb3ea9461ef752bfc5d?s=96&d=mm&r=g\",\"caption\":\"diario3\"},\"url\":\"https:\\\/\\\/diariotextual.com\\\/inicio\\\/index.php\\\/author\\\/diario3\\\/\"}]}<\/script>\n<!-- \/ Yoast SEO plugin. -->","yoast_head_json":{"title":"Consejo de la Magistratura de La Pampa: asumieron consejeros - Diario Textual","robots":{"index":"index","follow":"follow","max-snippet":"max-snippet:-1","max-image-preview":"max-image-preview:large","max-video-preview":"max-video-preview:-1"},"canonical":"https:\/\/diariotextual.com\/inicio\/index.php\/2024\/02\/21\/consejo-de-la-magistratura-de-la-pampa-asumieron-consejeros\/","og_locale":"es_ES","og_type":"article","og_title":"Consejo de la Magistratura de La Pampa: asumieron consejeros - Diario Textual","og_description":"En un acto realizado en la Biblioteca del Superior Tribunal de Justicia, siete nuevos representantes de los poderes Judicial, Ejecutivo y Legislativo asumieron como consejeros en el Consejo de la&hellip;","og_url":"https:\/\/diariotextual.com\/inicio\/index.php\/2024\/02\/21\/consejo-de-la-magistratura-de-la-pampa-asumieron-consejeros\/","og_site_name":"Diario Textual","article_publisher":"https:\/\/www.facebook.com\/eltextual","article_published_time":"2024-02-21T23:12:36+00:00","article_modified_time":"2024-02-21T23:12:39+00:00","og_image":[{"width":1280,"height":960,"url":"https:\/\/diariotextual.com\/inicio\/wp-content\/uploads\/2024\/02\/consejomagistratura2024.jpg.jpeg","type":"image\/jpeg"}],"author":"diario3","twitter_card":"summary_large_image","twitter_creator":"@eltextual","twitter_site":"@eltextual","twitter_misc":{"Escrito por":"diario3","Tiempo de lectura":"2 minutos"},"schema":{"@context":"https:\/\/schema.org","@graph":[{"@type":"Article","@id":"https:\/\/diariotextual.com\/inicio\/index.php\/2024\/02\/21\/consejo-de-la-magistratura-de-la-pampa-asumieron-consejeros\/#article","isPartOf":{"@id":"https:\/\/diariotextual.com\/inicio\/index.php\/2024\/02\/21\/consejo-de-la-magistratura-de-la-pampa-asumieron-consejeros\/"},"author":{"name":"diario3","@id":"https:\/\/diariotextual.com\/inicio\/#\/schema\/person\/a1b6f563e0ee944c60f98119389a4d9f"},"headline":"Consejo de la Magistratura de La Pampa: asumieron consejeros","datePublished":"2024-02-21T23:12:36+00:00","dateModified":"2024-02-21T23:12:39+00:00","mainEntityOfPage":{"@id":"https:\/\/diariotextual.com\/inicio\/index.php\/2024\/02\/21\/consejo-de-la-magistratura-de-la-pampa-asumieron-consejeros\/"},"wordCount":296,"publisher":{"@id":"https:\/\/diariotextual.com\/inicio\/#organization"},"image":{"@id":"https:\/\/diariotextual.com\/inicio\/index.php\/2024\/02\/21\/consejo-de-la-magistratura-de-la-pampa-asumieron-consejeros\/#primaryimage"},"thumbnailUrl":"https:\/\/diariotextual.com\/inicio\/wp-content\/uploads\/2024\/02\/consejomagistratura2024.jpg.jpeg","keywords":["consejo de la magistratura"],"articleSection":["A - ES NOTICIA (van abajo)","POLITICA"],"inLanguage":"es"},{"@type":"WebPage","@id":"https:\/\/diariotextual.com\/inicio\/index.php\/2024\/02\/21\/consejo-de-la-magistratura-de-la-pampa-asumieron-consejeros\/","url":"https:\/\/diariotextual.com\/inicio\/index.php\/2024\/02\/21\/consejo-de-la-magistratura-de-la-pampa-asumieron-consejeros\/","name":"Consejo de la Magistratura de La Pampa: asumieron consejeros - Diario Textual","isPartOf":{"@id":"https:\/\/diariotextual.com\/inicio\/#website"},"primaryImageOfPage":{"@id":"https:\/\/diariotextual.com\/inicio\/index.php\/2024\/02\/21\/consejo-de-la-magistratura-de-la-pampa-asumieron-consejeros\/#primaryimage"},"image":{"@id":"https:\/\/diariotextual.com\/inicio\/index.php\/2024\/02\/21\/consejo-de-la-magistratura-de-la-pampa-asumieron-consejeros\/#primaryimage"},"thumbnailUrl":"https:\/\/diariotextual.com\/inicio\/wp-content\/uploads\/2024\/02\/consejomagistratura2024.jpg.jpeg","datePublished":"2024-02-21T23:12:36+00:00","dateModified":"2024-02-21T23:12:39+00:00","breadcrumb":{"@id":"https:\/\/diariotextual.com\/inicio\/index.php\/2024\/02\/21\/consejo-de-la-magistratura-de-la-pampa-asumieron-consejeros\/#breadcrumb"},"inLanguage":"es","potentialAction":[{"@type":"ReadAction","target":["https:\/\/diariotextual.com\/inicio\/index.php\/2024\/02\/21\/consejo-de-la-magistratura-de-la-pampa-asumieron-consejeros\/"]}]},{"@type":"ImageObject","inLanguage":"es","@id":"https:\/\/diariotextual.com\/inicio\/index.php\/2024\/02\/21\/consejo-de-la-magistratura-de-la-pampa-asumieron-consejeros\/#primaryimage","url":"https:\/\/diariotextual.com\/inicio\/wp-content\/uploads\/2024\/02\/consejomagistratura2024.jpg.jpeg","contentUrl":"https:\/\/diariotextual.com\/inicio\/wp-content\/uploads\/2024\/02\/consejomagistratura2024.jpg.jpeg","width":1280,"height":960},{"@type":"BreadcrumbList","@id":"https:\/\/diariotextual.com\/inicio\/index.php\/2024\/02\/21\/consejo-de-la-magistratura-de-la-pampa-asumieron-consejeros\/#breadcrumb","itemListElement":[{"@type":"ListItem","position":1,"name":"Portada","item":"https:\/\/diariotextual.com\/inicio\/"},{"@type":"ListItem","position":2,"name":"Consejo de la Magistratura de La Pampa: asumieron consejeros"}]},{"@type":"WebSite","@id":"https:\/\/diariotextual.com\/inicio\/#website","url":"https:\/\/diariotextual.com\/inicio\/","name":"Diario Textual","description":"","publisher":{"@id":"https:\/\/diariotextual.com\/inicio\/#organization"},"potentialAction":[{"@type":"SearchAction","target":{"@type":"EntryPoint","urlTemplate":"https:\/\/diariotextual.com\/inicio\/?s={search_term_string}"},"query-input":{"@type":"PropertyValueSpecification","valueRequired":true,"valueName":"search_term_string"}}],"inLanguage":"es"},{"@type":"Organization","@id":"https:\/\/diariotextual.com\/inicio\/#organization","name":"Diario Textual","url":"https:\/\/diariotextual.com\/inicio\/","logo":{"@type":"ImageObject","inLanguage":"es","@id":"https:\/\/diariotextual.com\/inicio\/#\/schema\/logo\/image\/","url":"https:\/\/diariotextual.com\/inicio\/wp-content\/uploads\/2023\/05\/logotextual1.jpg","contentUrl":"https:\/\/diariotextual.com\/inicio\/wp-content\/uploads\/2023\/05\/logotextual1.jpg","width":516,"height":76,"caption":"Diario Textual"},"image":{"@id":"https:\/\/diariotextual.com\/inicio\/#\/schema\/logo\/image\/"},"sameAs":["https:\/\/www.facebook.com\/eltextual","https:\/\/x.com\/eltextual","http:\/\/www.instagram.com\/eltextual"]},{"@type":"Person","@id":"https:\/\/diariotextual.com\/inicio\/#\/schema\/person\/a1b6f563e0ee944c60f98119389a4d9f","name":"diario3","image":{"@type":"ImageObject","inLanguage":"es","@id":"https:\/\/secure.gravatar.com\/avatar\/5e7ee62c82fc04d9dd79d746a390d93c69c43223e5faeeb3ea9461ef752bfc5d?s=96&d=mm&r=g","url":"https:\/\/secure.gravatar.com\/avatar\/5e7ee62c82fc04d9dd79d746a390d93c69c43223e5faeeb3ea9461ef752bfc5d?s=96&d=mm&r=g","contentUrl":"https:\/\/secure.gravatar.com\/avatar\/5e7ee62c82fc04d9dd79d746a390d93c69c43223e5faeeb3ea9461ef752bfc5d?s=96&d=mm&r=g","caption":"diario3"},"url":"https:\/\/diariotextual.com\/inicio\/index.php\/author\/diario3\/"}]}},"_links":{"self":[{"href":"https:\/\/diariotextual.com\/inicio\/index.php\/wp-json\/wp\/v2\/posts\/254709","targetHints":{"allow":["GET"]}}],"collection":[{"href":"https:\/\/diariotextual.com\/inicio\/index.php\/wp-json\/wp\/v2\/posts"}],"about":[{"href":"https:\/\/diariotextual.com\/inicio\/index.php\/wp-json\/wp\/v2\/types\/post"}],"author":[{"embeddable":true,"href":"https:\/\/diariotextual.com\/inicio\/index.php\/wp-json\/wp\/v2\/users\/5"}],"replies":[{"embeddable":true,"href":"https:\/\/diariotextual.com\/inicio\/index.php\/wp-json\/wp\/v2\/comments?post=254709"}],"version-history":[{"count":1,"href":"https:\/\/diariotextual.com\/inicio\/index.php\/wp-json\/wp\/v2\/posts\/254709\/revisions"}],"predecessor-version":[{"id":254711,"href":"https:\/\/diariotextual.com\/inicio\/index.php\/wp-json\/wp\/v2\/posts\/254709\/revisions\/254711"}],"wp:featuredmedia":[{"embeddable":true,"href":"https:\/\/diariotextual.com\/inicio\/index.php\/wp-json\/wp\/v2\/media\/254710"}],"wp:attachment":[{"href":"https:\/\/diariotextual.com\/inicio\/index.php\/wp-json\/wp\/v2\/media?parent=254709"}],"wp:term":[{"taxonomy":"category","embeddable":true,"href":"https:\/\/diariotextual.com\/inicio\/index.php\/wp-json\/wp\/v2\/categories?post=254709"},{"taxonomy":"post_tag","embeddable":true,"href":"https:\/\/diariotextual.com\/inicio\/index.php\/wp-json\/wp\/v2\/tags?post=254709"}],"curies":[{"name":"wp","href":"https:\/\/api.w.org\/{rel}","templated":true}]}}