{"id":254838,"date":"2024-02-22T20:48:02","date_gmt":"2024-02-22T23:48:02","guid":{"rendered":"https:\/\/diariotextual.com\/inicio\/?p=254838"},"modified":"2024-02-22T20:48:12","modified_gmt":"2024-02-22T23:48:12","slug":"daer-dijo-que-despues-del-1-de-marzo-se-analizara-un-nuevo-paro-general-de-la-cgt","status":"publish","type":"post","link":"https:\/\/diariotextual.com\/inicio\/index.php\/2024\/02\/22\/daer-dijo-que-despues-del-1-de-marzo-se-analizara-un-nuevo-paro-general-de-la-cgt\/","title":{"rendered":"Daer dijo que despu\u00e9s del 1 de marzo se analizar\u00e1 un nuevo paro general de la CGT"},"content":{"rendered":"\n<p>En medio de la medida de fuerza de 24 horas que realiza el sindicato de Sanidad, H\u00e9ctor Daer-titular del gremio y referente de la CGT- analiz\u00f3 la situaci\u00f3n econ\u00f3mica y salarial que impuls\u00f3 las huelgas y se refiri\u00f3 a la posibilidad de un nuevo paro general.<\/p>\n\n\n\n<p>Sobre el escenario general de los asalariados, Daer expres\u00f3 en C5N: \u201cEl 60% de las actividades de nuestro pa\u00eds no pudieron recomponer sus ingresos. Ni hablar de los jubilados, que fueron a los que les licuaron pr\u00e1cticamente el haber jubilatorio y las pensiones. Esto es parte del festejo de este mes de enero porque les cerraron los n\u00fameros despu\u00e9s de que no paguen nada\u201d.<\/p>\n\n\n\n<p>\u201cSum\u00e1s la inflaci\u00f3n, la falta de inyecci\u00f3n de recursos a sectores relacionados con la seguridad social y la posibilidad de recomponer ingresos, gener\u00e1s un combo de crisis social que es insostenible\u201d, analiz\u00f3.<\/p>\n\n\n\n<p>Consultado por la posibilidad de un paro general a nivel nacional, dijo: \u201cTodos los instrumentos que tiene el movimiento obrero por ley y por la Constituci\u00f3n Nacional est\u00e1n en an\u00e1lisis permanente\u201d.<\/p>\n\n\n\n<p>Asimismo, pidi\u00f3 paciencia para \u201cmirar todo el tablero y tener la estrategia precisa para tener \u00e9xito\u201d y apunt\u00f3: \u201cEl salario lo discute cada actividad. Ahora lo que la CGT tiene que tener claridad estrat\u00e9gica en la defensa del colectivo social y pol\u00edtico\u201d.<\/p>\n\n\n\n<p>En ese marco, sostuvo que aguardar\u00e1n a la apertura de Javier Milei de las sesiones ordinarias del Congreso el 1\u00b0 de marzo: \u201cA partir de all\u00ed iremos analizando las futuras acciones\u201d. Adem\u00e1s, se refiri\u00f3 al DNU 70\/2023, asegurando que est\u00e1n trabajando con diputados y senadores para que sea derogado.<\/p>\n\n\n\n<p>Durante este jueves, la Federaci\u00f3n de Asociaciones de Trabajadores de la Sanidad Argentina (FATSA) est\u00e1 llevando adelante un paro de 24 horas en donde se dispusieron guardias m\u00ednimas para cubrir emergencias y se colocaron carteles para difundir el conflicto en las salas centrales de los hospitales.<\/p>\n\n\n\n<p>Luego de puntualizar que la medida impacta en sanatorios, geri\u00e1tricos, centros de salud mental, establecimientos sin internaci\u00f3n y hospitales, H\u00e9ctor Daer -titular del FATSA- destac\u00f3 que la medida de fuerza es \u201cproducto del fracaso de las negociaciones paritarias con todo el sector asistencial\u201d.<\/p>\n\n\n\n<p>\u201cNo hemos llegado a una recomposici\u00f3n salarial ni en el mes de enero ni de febrero. Estamos con un atraso todav\u00eda para recomponer los salarios del 2023 y esto nos llev\u00f3 a tomar una medida de 24 horas\u201d, afirm\u00f3.<\/p>\n\n\n\n<p>\u201cEsto es parte de una situaci\u00f3n generada por un aceleramiento de la inflaci\u00f3n que parte de la devaluaci\u00f3n y de la liberaci\u00f3n de precios, que tiene un impacto en la actividad de la salud ya que parte de la tecnolog\u00eda m\u00e9dica es importada, por lo que la devaluaci\u00f3n genera un condicionante importante\u201d, a\u00f1adi\u00f3.<\/p>\n","protected":false},"excerpt":{"rendered":"<p>En medio de la medida de fuerza de 24 horas que realiza el sindicato de Sanidad, H\u00e9ctor Daer-titular del gremio y referente de la CGT- analiz\u00f3 la situaci\u00f3n econ\u00f3mica y&hellip;<\/p>\n","protected":false},"author":5,"featured_media":26141,"comment_status":"closed","ping_status":"open","sticky":false,"template":"","format":"standard","meta":{"_acf_changed":false,"footnotes":""},"categories":[1,8],"tags":[433,58],"class_list":["post-254838","post","type-post","status-publish","format-standard","has-post-thumbnail","hentry","category-es-noticia","category-politica","tag-cgt","tag-paro"],"acf":[],"yoast_head":"<!-- This site is optimized with the Yoast SEO plugin v27.5 - https:\/\/yoast.com\/product\/yoast-seo-wordpress\/ -->\n<title>Daer dijo que despu\u00e9s del 1 de marzo se analizar\u00e1 un nuevo paro general de la CGT - Diario Textual<\/title>\n<meta name=\"robots\" content=\"index, follow, max-snippet:-1, max-image-preview:large, max-video-preview:-1\" \/>\n<link rel=\"canonical\" href=\"https:\/\/diariotextual.com\/inicio\/index.php\/2024\/02\/22\/daer-dijo-que-despues-del-1-de-marzo-se-analizara-un-nuevo-paro-general-de-la-cgt\/\" \/>\n<meta property=\"og:locale\" content=\"es_ES\" \/>\n<meta property=\"og:type\" content=\"article\" \/>\n<meta property=\"og:title\" content=\"Daer dijo que despu\u00e9s del 1 de marzo se analizar\u00e1 un nuevo paro general de la CGT - Diario Textual\" \/>\n<meta property=\"og:description\" content=\"En medio de la medida de fuerza de 24 horas que realiza el sindicato de Sanidad, H\u00e9ctor Daer-titular del gremio y referente de la CGT- analiz\u00f3 la situaci\u00f3n econ\u00f3mica y&hellip;\" \/>\n<meta property=\"og:url\" content=\"https:\/\/diariotextual.com\/inicio\/index.php\/2024\/02\/22\/daer-dijo-que-despues-del-1-de-marzo-se-analizara-un-nuevo-paro-general-de-la-cgt\/\" \/>\n<meta property=\"og:site_name\" content=\"Diario Textual\" \/>\n<meta property=\"article:publisher\" content=\"https:\/\/www.facebook.com\/eltextual\" \/>\n<meta property=\"article:published_time\" content=\"2024-02-22T23:48:02+00:00\" \/>\n<meta property=\"article:modified_time\" content=\"2024-02-22T23:48:12+00:00\" \/>\n<meta property=\"og:image\" content=\"https:\/\/diariotextual.com\/inicio\/wp-content\/uploads\/2018\/11\/daerhectorsolo.jpg\" \/>\n\t<meta property=\"og:image:width\" content=\"700\" \/>\n\t<meta property=\"og:image:height\" content=\"449\" \/>\n\t<meta property=\"og:image:type\" content=\"image\/jpeg\" \/>\n<meta name=\"author\" content=\"diario3\" \/>\n<meta name=\"twitter:card\" content=\"summary_large_image\" \/>\n<meta name=\"twitter:creator\" content=\"@eltextual\" \/>\n<meta name=\"twitter:site\" content=\"@eltextual\" \/>\n<meta name=\"twitter:label1\" content=\"Escrito por\" \/>\n\t<meta name=\"twitter:data1\" content=\"diario3\" \/>\n\t<meta name=\"twitter:label2\" content=\"Tiempo de lectura\" \/>\n\t<meta name=\"twitter:data2\" content=\"3 minutos\" \/>\n<script type=\"application\/ld+json\" class=\"yoast-schema-graph\">{\"@context\":\"https:\\\/\\\/schema.org\",\"@graph\":[{\"@type\":\"Article\",\"@id\":\"https:\\\/\\\/diariotextual.com\\\/inicio\\\/index.php\\\/2024\\\/02\\\/22\\\/daer-dijo-que-despues-del-1-de-marzo-se-analizara-un-nuevo-paro-general-de-la-cgt\\\/#article\",\"isPartOf\":{\"@id\":\"https:\\\/\\\/diariotextual.com\\\/inicio\\\/index.php\\\/2024\\\/02\\\/22\\\/daer-dijo-que-despues-del-1-de-marzo-se-analizara-un-nuevo-paro-general-de-la-cgt\\\/\"},\"author\":{\"name\":\"diario3\",\"@id\":\"https:\\\/\\\/diariotextual.com\\\/inicio\\\/#\\\/schema\\\/person\\\/a1b6f563e0ee944c60f98119389a4d9f\"},\"headline\":\"Daer dijo que despu\u00e9s del 1 de marzo se analizar\u00e1 un nuevo paro general de la CGT\",\"datePublished\":\"2024-02-22T23:48:02+00:00\",\"dateModified\":\"2024-02-22T23:48:12+00:00\",\"mainEntityOfPage\":{\"@id\":\"https:\\\/\\\/diariotextual.com\\\/inicio\\\/index.php\\\/2024\\\/02\\\/22\\\/daer-dijo-que-despues-del-1-de-marzo-se-analizara-un-nuevo-paro-general-de-la-cgt\\\/\"},\"wordCount\":490,\"publisher\":{\"@id\":\"https:\\\/\\\/diariotextual.com\\\/inicio\\\/#organization\"},\"image\":{\"@id\":\"https:\\\/\\\/diariotextual.com\\\/inicio\\\/index.php\\\/2024\\\/02\\\/22\\\/daer-dijo-que-despues-del-1-de-marzo-se-analizara-un-nuevo-paro-general-de-la-cgt\\\/#primaryimage\"},\"thumbnailUrl\":\"https:\\\/\\\/diariotextual.com\\\/inicio\\\/wp-content\\\/uploads\\\/2018\\\/11\\\/daerhectorsolo.jpg\",\"keywords\":[\"cgt\",\"paro\"],\"articleSection\":[\"A - ES NOTICIA (van abajo)\",\"POLITICA\"],\"inLanguage\":\"es\"},{\"@type\":\"WebPage\",\"@id\":\"https:\\\/\\\/diariotextual.com\\\/inicio\\\/index.php\\\/2024\\\/02\\\/22\\\/daer-dijo-que-despues-del-1-de-marzo-se-analizara-un-nuevo-paro-general-de-la-cgt\\\/\",\"url\":\"https:\\\/\\\/diariotextual.com\\\/inicio\\\/index.php\\\/2024\\\/02\\\/22\\\/daer-dijo-que-despues-del-1-de-marzo-se-analizara-un-nuevo-paro-general-de-la-cgt\\\/\",\"name\":\"Daer dijo que despu\u00e9s del 1 de marzo se analizar\u00e1 un nuevo paro general de la CGT - Diario Textual\",\"isPartOf\":{\"@id\":\"https:\\\/\\\/diariotextual.com\\\/inicio\\\/#website\"},\"primaryImageOfPage\":{\"@id\":\"https:\\\/\\\/diariotextual.com\\\/inicio\\\/index.php\\\/2024\\\/02\\\/22\\\/daer-dijo-que-despues-del-1-de-marzo-se-analizara-un-nuevo-paro-general-de-la-cgt\\\/#primaryimage\"},\"image\":{\"@id\":\"https:\\\/\\\/diariotextual.com\\\/inicio\\\/index.php\\\/2024\\\/02\\\/22\\\/daer-dijo-que-despues-del-1-de-marzo-se-analizara-un-nuevo-paro-general-de-la-cgt\\\/#primaryimage\"},\"thumbnailUrl\":\"https:\\\/\\\/diariotextual.com\\\/inicio\\\/wp-content\\\/uploads\\\/2018\\\/11\\\/daerhectorsolo.jpg\",\"datePublished\":\"2024-02-22T23:48:02+00:00\",\"dateModified\":\"2024-02-22T23:48:12+00:00\",\"breadcrumb\":{\"@id\":\"https:\\\/\\\/diariotextual.com\\\/inicio\\\/index.php\\\/2024\\\/02\\\/22\\\/daer-dijo-que-despues-del-1-de-marzo-se-analizara-un-nuevo-paro-general-de-la-cgt\\\/#breadcrumb\"},\"inLanguage\":\"es\",\"potentialAction\":[{\"@type\":\"ReadAction\",\"target\":[\"https:\\\/\\\/diariotextual.com\\\/inicio\\\/index.php\\\/2024\\\/02\\\/22\\\/daer-dijo-que-despues-del-1-de-marzo-se-analizara-un-nuevo-paro-general-de-la-cgt\\\/\"]}]},{\"@type\":\"ImageObject\",\"inLanguage\":\"es\",\"@id\":\"https:\\\/\\\/diariotextual.com\\\/inicio\\\/index.php\\\/2024\\\/02\\\/22\\\/daer-dijo-que-despues-del-1-de-marzo-se-analizara-un-nuevo-paro-general-de-la-cgt\\\/#primaryimage\",\"url\":\"https:\\\/\\\/diariotextual.com\\\/inicio\\\/wp-content\\\/uploads\\\/2018\\\/11\\\/daerhectorsolo.jpg\",\"contentUrl\":\"https:\\\/\\\/diariotextual.com\\\/inicio\\\/wp-content\\\/uploads\\\/2018\\\/11\\\/daerhectorsolo.jpg\",\"width\":700,\"height\":449},{\"@type\":\"BreadcrumbList\",\"@id\":\"https:\\\/\\\/diariotextual.com\\\/inicio\\\/index.php\\\/2024\\\/02\\\/22\\\/daer-dijo-que-despues-del-1-de-marzo-se-analizara-un-nuevo-paro-general-de-la-cgt\\\/#breadcrumb\",\"itemListElement\":[{\"@type\":\"ListItem\",\"position\":1,\"name\":\"Portada\",\"item\":\"https:\\\/\\\/diariotextual.com\\\/inicio\\\/\"},{\"@type\":\"ListItem\",\"position\":2,\"name\":\"Daer dijo que despu\u00e9s del 1 de marzo se analizar\u00e1 un nuevo paro general de la CGT\"}]},{\"@type\":\"WebSite\",\"@id\":\"https:\\\/\\\/diariotextual.com\\\/inicio\\\/#website\",\"url\":\"https:\\\/\\\/diariotextual.com\\\/inicio\\\/\",\"name\":\"Diario Textual\",\"description\":\"\",\"publisher\":{\"@id\":\"https:\\\/\\\/diariotextual.com\\\/inicio\\\/#organization\"},\"potentialAction\":[{\"@type\":\"SearchAction\",\"target\":{\"@type\":\"EntryPoint\",\"urlTemplate\":\"https:\\\/\\\/diariotextual.com\\\/inicio\\\/?s={search_term_string}\"},\"query-input\":{\"@type\":\"PropertyValueSpecification\",\"valueRequired\":true,\"valueName\":\"search_term_string\"}}],\"inLanguage\":\"es\"},{\"@type\":\"Organization\",\"@id\":\"https:\\\/\\\/diariotextual.com\\\/inicio\\\/#organization\",\"name\":\"Diario Textual\",\"url\":\"https:\\\/\\\/diariotextual.com\\\/inicio\\\/\",\"logo\":{\"@type\":\"ImageObject\",\"inLanguage\":\"es\",\"@id\":\"https:\\\/\\\/diariotextual.com\\\/inicio\\\/#\\\/schema\\\/logo\\\/image\\\/\",\"url\":\"https:\\\/\\\/diariotextual.com\\\/inicio\\\/wp-content\\\/uploads\\\/2023\\\/05\\\/logotextual1.jpg\",\"contentUrl\":\"https:\\\/\\\/diariotextual.com\\\/inicio\\\/wp-content\\\/uploads\\\/2023\\\/05\\\/logotextual1.jpg\",\"width\":516,\"height\":76,\"caption\":\"Diario Textual\"},\"image\":{\"@id\":\"https:\\\/\\\/diariotextual.com\\\/inicio\\\/#\\\/schema\\\/logo\\\/image\\\/\"},\"sameAs\":[\"https:\\\/\\\/www.facebook.com\\\/eltextual\",\"https:\\\/\\\/x.com\\\/eltextual\",\"http:\\\/\\\/www.instagram.com\\\/eltextual\"]},{\"@type\":\"Person\",\"@id\":\"https:\\\/\\\/diariotextual.com\\\/inicio\\\/#\\\/schema\\\/person\\\/a1b6f563e0ee944c60f98119389a4d9f\",\"name\":\"diario3\",\"image\":{\"@type\":\"ImageObject\",\"inLanguage\":\"es\",\"@id\":\"https:\\\/\\\/secure.gravatar.com\\\/avatar\\\/5e7ee62c82fc04d9dd79d746a390d93c69c43223e5faeeb3ea9461ef752bfc5d?s=96&d=mm&r=g\",\"url\":\"https:\\\/\\\/secure.gravatar.com\\\/avatar\\\/5e7ee62c82fc04d9dd79d746a390d93c69c43223e5faeeb3ea9461ef752bfc5d?s=96&d=mm&r=g\",\"contentUrl\":\"https:\\\/\\\/secure.gravatar.com\\\/avatar\\\/5e7ee62c82fc04d9dd79d746a390d93c69c43223e5faeeb3ea9461ef752bfc5d?s=96&d=mm&r=g\",\"caption\":\"diario3\"},\"url\":\"https:\\\/\\\/diariotextual.com\\\/inicio\\\/index.php\\\/author\\\/diario3\\\/\"}]}<\/script>\n<!-- \/ Yoast SEO plugin. -->","yoast_head_json":{"title":"Daer dijo que despu\u00e9s del 1 de marzo se analizar\u00e1 un nuevo paro general de la CGT - Diario Textual","robots":{"index":"index","follow":"follow","max-snippet":"max-snippet:-1","max-image-preview":"max-image-preview:large","max-video-preview":"max-video-preview:-1"},"canonical":"https:\/\/diariotextual.com\/inicio\/index.php\/2024\/02\/22\/daer-dijo-que-despues-del-1-de-marzo-se-analizara-un-nuevo-paro-general-de-la-cgt\/","og_locale":"es_ES","og_type":"article","og_title":"Daer dijo que despu\u00e9s del 1 de marzo se analizar\u00e1 un nuevo paro general de la CGT - Diario Textual","og_description":"En medio de la medida de fuerza de 24 horas que realiza el sindicato de Sanidad, H\u00e9ctor Daer-titular del gremio y referente de la CGT- analiz\u00f3 la situaci\u00f3n econ\u00f3mica y&hellip;","og_url":"https:\/\/diariotextual.com\/inicio\/index.php\/2024\/02\/22\/daer-dijo-que-despues-del-1-de-marzo-se-analizara-un-nuevo-paro-general-de-la-cgt\/","og_site_name":"Diario Textual","article_publisher":"https:\/\/www.facebook.com\/eltextual","article_published_time":"2024-02-22T23:48:02+00:00","article_modified_time":"2024-02-22T23:48:12+00:00","og_image":[{"width":700,"height":449,"url":"https:\/\/diariotextual.com\/inicio\/wp-content\/uploads\/2018\/11\/daerhectorsolo.jpg","type":"image\/jpeg"}],"author":"diario3","twitter_card":"summary_large_image","twitter_creator":"@eltextual","twitter_site":"@eltextual","twitter_misc":{"Escrito por":"diario3","Tiempo de lectura":"3 minutos"},"schema":{"@context":"https:\/\/schema.org","@graph":[{"@type":"Article","@id":"https:\/\/diariotextual.com\/inicio\/index.php\/2024\/02\/22\/daer-dijo-que-despues-del-1-de-marzo-se-analizara-un-nuevo-paro-general-de-la-cgt\/#article","isPartOf":{"@id":"https:\/\/diariotextual.com\/inicio\/index.php\/2024\/02\/22\/daer-dijo-que-despues-del-1-de-marzo-se-analizara-un-nuevo-paro-general-de-la-cgt\/"},"author":{"name":"diario3","@id":"https:\/\/diariotextual.com\/inicio\/#\/schema\/person\/a1b6f563e0ee944c60f98119389a4d9f"},"headline":"Daer dijo que despu\u00e9s del 1 de marzo se analizar\u00e1 un nuevo paro general de la CGT","datePublished":"2024-02-22T23:48:02+00:00","dateModified":"2024-02-22T23:48:12+00:00","mainEntityOfPage":{"@id":"https:\/\/diariotextual.com\/inicio\/index.php\/2024\/02\/22\/daer-dijo-que-despues-del-1-de-marzo-se-analizara-un-nuevo-paro-general-de-la-cgt\/"},"wordCount":490,"publisher":{"@id":"https:\/\/diariotextual.com\/inicio\/#organization"},"image":{"@id":"https:\/\/diariotextual.com\/inicio\/index.php\/2024\/02\/22\/daer-dijo-que-despues-del-1-de-marzo-se-analizara-un-nuevo-paro-general-de-la-cgt\/#primaryimage"},"thumbnailUrl":"https:\/\/diariotextual.com\/inicio\/wp-content\/uploads\/2018\/11\/daerhectorsolo.jpg","keywords":["cgt","paro"],"articleSection":["A - ES NOTICIA (van abajo)","POLITICA"],"inLanguage":"es"},{"@type":"WebPage","@id":"https:\/\/diariotextual.com\/inicio\/index.php\/2024\/02\/22\/daer-dijo-que-despues-del-1-de-marzo-se-analizara-un-nuevo-paro-general-de-la-cgt\/","url":"https:\/\/diariotextual.com\/inicio\/index.php\/2024\/02\/22\/daer-dijo-que-despues-del-1-de-marzo-se-analizara-un-nuevo-paro-general-de-la-cgt\/","name":"Daer dijo que despu\u00e9s del 1 de marzo se analizar\u00e1 un nuevo paro general de la CGT - Diario Textual","isPartOf":{"@id":"https:\/\/diariotextual.com\/inicio\/#website"},"primaryImageOfPage":{"@id":"https:\/\/diariotextual.com\/inicio\/index.php\/2024\/02\/22\/daer-dijo-que-despues-del-1-de-marzo-se-analizara-un-nuevo-paro-general-de-la-cgt\/#primaryimage"},"image":{"@id":"https:\/\/diariotextual.com\/inicio\/index.php\/2024\/02\/22\/daer-dijo-que-despues-del-1-de-marzo-se-analizara-un-nuevo-paro-general-de-la-cgt\/#primaryimage"},"thumbnailUrl":"https:\/\/diariotextual.com\/inicio\/wp-content\/uploads\/2018\/11\/daerhectorsolo.jpg","datePublished":"2024-02-22T23:48:02+00:00","dateModified":"2024-02-22T23:48:12+00:00","breadcrumb":{"@id":"https:\/\/diariotextual.com\/inicio\/index.php\/2024\/02\/22\/daer-dijo-que-despues-del-1-de-marzo-se-analizara-un-nuevo-paro-general-de-la-cgt\/#breadcrumb"},"inLanguage":"es","potentialAction":[{"@type":"ReadAction","target":["https:\/\/diariotextual.com\/inicio\/index.php\/2024\/02\/22\/daer-dijo-que-despues-del-1-de-marzo-se-analizara-un-nuevo-paro-general-de-la-cgt\/"]}]},{"@type":"ImageObject","inLanguage":"es","@id":"https:\/\/diariotextual.com\/inicio\/index.php\/2024\/02\/22\/daer-dijo-que-despues-del-1-de-marzo-se-analizara-un-nuevo-paro-general-de-la-cgt\/#primaryimage","url":"https:\/\/diariotextual.com\/inicio\/wp-content\/uploads\/2018\/11\/daerhectorsolo.jpg","contentUrl":"https:\/\/diariotextual.com\/inicio\/wp-content\/uploads\/2018\/11\/daerhectorsolo.jpg","width":700,"height":449},{"@type":"BreadcrumbList","@id":"https:\/\/diariotextual.com\/inicio\/index.php\/2024\/02\/22\/daer-dijo-que-despues-del-1-de-marzo-se-analizara-un-nuevo-paro-general-de-la-cgt\/#breadcrumb","itemListElement":[{"@type":"ListItem","position":1,"name":"Portada","item":"https:\/\/diariotextual.com\/inicio\/"},{"@type":"ListItem","position":2,"name":"Daer dijo que despu\u00e9s del 1 de marzo se analizar\u00e1 un nuevo paro general de la CGT"}]},{"@type":"WebSite","@id":"https:\/\/diariotextual.com\/inicio\/#website","url":"https:\/\/diariotextual.com\/inicio\/","name":"Diario Textual","description":"","publisher":{"@id":"https:\/\/diariotextual.com\/inicio\/#organization"},"potentialAction":[{"@type":"SearchAction","target":{"@type":"EntryPoint","urlTemplate":"https:\/\/diariotextual.com\/inicio\/?s={search_term_string}"},"query-input":{"@type":"PropertyValueSpecification","valueRequired":true,"valueName":"search_term_string"}}],"inLanguage":"es"},{"@type":"Organization","@id":"https:\/\/diariotextual.com\/inicio\/#organization","name":"Diario Textual","url":"https:\/\/diariotextual.com\/inicio\/","logo":{"@type":"ImageObject","inLanguage":"es","@id":"https:\/\/diariotextual.com\/inicio\/#\/schema\/logo\/image\/","url":"https:\/\/diariotextual.com\/inicio\/wp-content\/uploads\/2023\/05\/logotextual1.jpg","contentUrl":"https:\/\/diariotextual.com\/inicio\/wp-content\/uploads\/2023\/05\/logotextual1.jpg","width":516,"height":76,"caption":"Diario Textual"},"image":{"@id":"https:\/\/diariotextual.com\/inicio\/#\/schema\/logo\/image\/"},"sameAs":["https:\/\/www.facebook.com\/eltextual","https:\/\/x.com\/eltextual","http:\/\/www.instagram.com\/eltextual"]},{"@type":"Person","@id":"https:\/\/diariotextual.com\/inicio\/#\/schema\/person\/a1b6f563e0ee944c60f98119389a4d9f","name":"diario3","image":{"@type":"ImageObject","inLanguage":"es","@id":"https:\/\/secure.gravatar.com\/avatar\/5e7ee62c82fc04d9dd79d746a390d93c69c43223e5faeeb3ea9461ef752bfc5d?s=96&d=mm&r=g","url":"https:\/\/secure.gravatar.com\/avatar\/5e7ee62c82fc04d9dd79d746a390d93c69c43223e5faeeb3ea9461ef752bfc5d?s=96&d=mm&r=g","contentUrl":"https:\/\/secure.gravatar.com\/avatar\/5e7ee62c82fc04d9dd79d746a390d93c69c43223e5faeeb3ea9461ef752bfc5d?s=96&d=mm&r=g","caption":"diario3"},"url":"https:\/\/diariotextual.com\/inicio\/index.php\/author\/diario3\/"}]}},"_links":{"self":[{"href":"https:\/\/diariotextual.com\/inicio\/index.php\/wp-json\/wp\/v2\/posts\/254838","targetHints":{"allow":["GET"]}}],"collection":[{"href":"https:\/\/diariotextual.com\/inicio\/index.php\/wp-json\/wp\/v2\/posts"}],"about":[{"href":"https:\/\/diariotextual.com\/inicio\/index.php\/wp-json\/wp\/v2\/types\/post"}],"author":[{"embeddable":true,"href":"https:\/\/diariotextual.com\/inicio\/index.php\/wp-json\/wp\/v2\/users\/5"}],"replies":[{"embeddable":true,"href":"https:\/\/diariotextual.com\/inicio\/index.php\/wp-json\/wp\/v2\/comments?post=254838"}],"version-history":[{"count":1,"href":"https:\/\/diariotextual.com\/inicio\/index.php\/wp-json\/wp\/v2\/posts\/254838\/revisions"}],"predecessor-version":[{"id":254839,"href":"https:\/\/diariotextual.com\/inicio\/index.php\/wp-json\/wp\/v2\/posts\/254838\/revisions\/254839"}],"wp:featuredmedia":[{"embeddable":true,"href":"https:\/\/diariotextual.com\/inicio\/index.php\/wp-json\/wp\/v2\/media\/26141"}],"wp:attachment":[{"href":"https:\/\/diariotextual.com\/inicio\/index.php\/wp-json\/wp\/v2\/media?parent=254838"}],"wp:term":[{"taxonomy":"category","embeddable":true,"href":"https:\/\/diariotextual.com\/inicio\/index.php\/wp-json\/wp\/v2\/categories?post=254838"},{"taxonomy":"post_tag","embeddable":true,"href":"https:\/\/diariotextual.com\/inicio\/index.php\/wp-json\/wp\/v2\/tags?post=254838"}],"curies":[{"name":"wp","href":"https:\/\/api.w.org\/{rel}","templated":true}]}}