{"id":254842,"date":"2024-02-22T21:01:26","date_gmt":"2024-02-23T00:01:26","guid":{"rendered":"https:\/\/diariotextual.com\/inicio\/?p=254842"},"modified":"2024-02-22T21:01:29","modified_gmt":"2024-02-23T00:01:29","slug":"di-napoii-y-nuevos-creditos-somos-la-gestion-que-mas-entrego","status":"publish","type":"post","link":"https:\/\/diariotextual.com\/inicio\/index.php\/2024\/02\/22\/di-napoii-y-nuevos-creditos-somos-la-gestion-que-mas-entrego\/","title":{"rendered":"Di N\u00e1poIi y nuevos cr\u00e9ditos: \u201cSomos la gesti\u00f3n que m\u00e1s entreg\u00f3\u201d"},"content":{"rendered":"\n<p>El<strong> intendente de Santa Rosa, Luciano di N\u00e1poli<\/strong>, encabez\u00f3 este jueves la <strong>entrega de seis nuevos cr\u00e9ditos destinados a potenciar los proyectos de emprendedores locales<\/strong>, enmarcados en la L\u00ednea de Desarrollo Productivo que se financian a trav\u00e9s de fondos provenientes de la Ley de Descentralizaci\u00f3n.<\/p>\n\n\n\n<p>El jefe comunal destac\u00f3 que la presente es la segunda entrega de cr\u00e9ditos de este a\u00f1o, apoyando en esta ocasi\u00f3n la actividad emprendedora de seis nuevos beneficiarios con <strong>un aporte total que alcanza los $3.280.000.<\/strong><\/p>\n\n\n\n<p>\u201c<strong>Pese a las dificultades que plantea el actual escenario econ\u00f3mico y social del pa\u00eds, desde la gesti\u00f3n municipal tenemos la firme convicci\u00f3n de seguir siendo un Estado presente,<\/strong> que impulsa los distintos proyectos productivos locales y la actividad emprendedora en general, como una pol\u00edtica de estado fundamental para el desarrollo de nuestra ciudad. Por eso somos la gesti\u00f3n que m\u00e1s cr\u00e9ditos entreg\u00f3 en la historia del municipio\u201d, afirm\u00f3.<\/p>\n\n\n\n<p>Paralelamente, plante\u00f3 que a trav\u00e9s de las distintas l\u00edneas de cr\u00e9dito que se vienen gestionando tanto con fondos provenientes desde el Gobierno Provincial, como con fondos propios de la comuna, el objetivo es seguir apuntalando los proyectos de cada vez m\u00e1s vecinos y vecinas de nuestra ciudad. Para ello, sostuvo que <strong>es de vital importancia que quienes reciben su cr\u00e9dito en cada tanda, cumplan luego en tiempo y forma con el pago de las cuotas, a fin de que con el recupero de esos fondos, se pueda volver a financiar los proyectos y actividades productivas de nuevos emprendedores <\/strong>que aun aguardan su oportunidad de recibir este tipo de apoyo por parte del estado, agreg\u00f3 el intendente santarrose\u00f1o.<\/p>\n\n\n\n<p>Acompa\u00f1aron al intendente, el director de Nuevas Econom\u00edas; Pablo Ferrero y los beneficiarios: Augusto Alonso, emprendedor dedicado al rubro Sandwicher\u00eda; Graciela \u00c1lvarez, lleva adelante la elaboraci\u00f3n de Crayones de Cera de Soja, Andrea Elizondo, titular de un emprendimiento del rubro Herrer\u00eda, Cristian Fiks, que desarrolla la elaboraci\u00f3n de alfajores de sarraceno; Cristian Gebruers Helt, titular de una Rotiser\u00eda, y Gonzalo Moreira, que lleva adelante un emprendimiento orientado a brindar servicio t\u00e9cnico para Pcs y Notebooks.<\/p>\n","protected":false},"excerpt":{"rendered":"<p>El intendente de Santa Rosa, Luciano di N\u00e1poli, encabez\u00f3 este jueves la entrega de seis nuevos cr\u00e9ditos destinados a potenciar los proyectos de emprendedores locales, enmarcados en la L\u00ednea de&hellip;<\/p>\n","protected":false},"author":5,"featured_media":254472,"comment_status":"closed","ping_status":"open","sticky":false,"template":"","format":"standard","meta":{"_acf_changed":false,"footnotes":""},"categories":[1,8],"tags":[],"class_list":["post-254842","post","type-post","status-publish","format-standard","has-post-thumbnail","hentry","category-es-noticia","category-politica"],"acf":[],"yoast_head":"<!-- This site is optimized with the Yoast SEO plugin v27.5 - https:\/\/yoast.com\/product\/yoast-seo-wordpress\/ -->\n<title>Di N\u00e1poIi y nuevos cr\u00e9ditos: \u201cSomos la gesti\u00f3n que m\u00e1s entreg\u00f3\u201d - Diario Textual<\/title>\n<meta name=\"robots\" content=\"index, follow, max-snippet:-1, max-image-preview:large, max-video-preview:-1\" \/>\n<link rel=\"canonical\" href=\"https:\/\/diariotextual.com\/inicio\/index.php\/2024\/02\/22\/di-napoii-y-nuevos-creditos-somos-la-gestion-que-mas-entrego\/\" \/>\n<meta property=\"og:locale\" content=\"es_ES\" \/>\n<meta property=\"og:type\" content=\"article\" \/>\n<meta property=\"og:title\" content=\"Di N\u00e1poIi y nuevos cr\u00e9ditos: \u201cSomos la gesti\u00f3n que m\u00e1s entreg\u00f3\u201d - Diario Textual\" \/>\n<meta property=\"og:description\" content=\"El intendente de Santa Rosa, Luciano di N\u00e1poli, encabez\u00f3 este jueves la entrega de seis nuevos cr\u00e9ditos destinados a potenciar los proyectos de emprendedores locales, enmarcados en la L\u00ednea de&hellip;\" \/>\n<meta property=\"og:url\" content=\"https:\/\/diariotextual.com\/inicio\/index.php\/2024\/02\/22\/di-napoii-y-nuevos-creditos-somos-la-gestion-que-mas-entrego\/\" \/>\n<meta property=\"og:site_name\" content=\"Diario Textual\" \/>\n<meta property=\"article:publisher\" content=\"https:\/\/www.facebook.com\/eltextual\" \/>\n<meta property=\"article:published_time\" content=\"2024-02-23T00:01:26+00:00\" \/>\n<meta property=\"article:modified_time\" content=\"2024-02-23T00:01:29+00:00\" \/>\n<meta property=\"og:image\" content=\"https:\/\/diariotextual.com\/inicio\/wp-content\/uploads\/2024\/02\/dinapoliluciano2024.jpg\" \/>\n\t<meta property=\"og:image:width\" content=\"900\" \/>\n\t<meta property=\"og:image:height\" content=\"507\" \/>\n\t<meta property=\"og:image:type\" content=\"image\/jpeg\" \/>\n<meta name=\"author\" content=\"diario3\" \/>\n<meta name=\"twitter:card\" content=\"summary_large_image\" \/>\n<meta name=\"twitter:creator\" content=\"@eltextual\" \/>\n<meta name=\"twitter:site\" content=\"@eltextual\" \/>\n<meta name=\"twitter:label1\" content=\"Escrito por\" \/>\n\t<meta name=\"twitter:data1\" content=\"diario3\" \/>\n\t<meta name=\"twitter:label2\" content=\"Tiempo de lectura\" \/>\n\t<meta name=\"twitter:data2\" content=\"2 minutos\" \/>\n<script type=\"application\/ld+json\" class=\"yoast-schema-graph\">{\"@context\":\"https:\\\/\\\/schema.org\",\"@graph\":[{\"@type\":\"Article\",\"@id\":\"https:\\\/\\\/diariotextual.com\\\/inicio\\\/index.php\\\/2024\\\/02\\\/22\\\/di-napoii-y-nuevos-creditos-somos-la-gestion-que-mas-entrego\\\/#article\",\"isPartOf\":{\"@id\":\"https:\\\/\\\/diariotextual.com\\\/inicio\\\/index.php\\\/2024\\\/02\\\/22\\\/di-napoii-y-nuevos-creditos-somos-la-gestion-que-mas-entrego\\\/\"},\"author\":{\"name\":\"diario3\",\"@id\":\"https:\\\/\\\/diariotextual.com\\\/inicio\\\/#\\\/schema\\\/person\\\/a1b6f563e0ee944c60f98119389a4d9f\"},\"headline\":\"Di N\u00e1poIi y nuevos cr\u00e9ditos: \u201cSomos la gesti\u00f3n que m\u00e1s entreg\u00f3\u201d\",\"datePublished\":\"2024-02-23T00:01:26+00:00\",\"dateModified\":\"2024-02-23T00:01:29+00:00\",\"mainEntityOfPage\":{\"@id\":\"https:\\\/\\\/diariotextual.com\\\/inicio\\\/index.php\\\/2024\\\/02\\\/22\\\/di-napoii-y-nuevos-creditos-somos-la-gestion-que-mas-entrego\\\/\"},\"wordCount\":384,\"publisher\":{\"@id\":\"https:\\\/\\\/diariotextual.com\\\/inicio\\\/#organization\"},\"image\":{\"@id\":\"https:\\\/\\\/diariotextual.com\\\/inicio\\\/index.php\\\/2024\\\/02\\\/22\\\/di-napoii-y-nuevos-creditos-somos-la-gestion-que-mas-entrego\\\/#primaryimage\"},\"thumbnailUrl\":\"https:\\\/\\\/diariotextual.com\\\/inicio\\\/wp-content\\\/uploads\\\/2024\\\/02\\\/dinapoliluciano2024.jpg\",\"articleSection\":[\"A - ES NOTICIA (van abajo)\",\"POLITICA\"],\"inLanguage\":\"es\"},{\"@type\":\"WebPage\",\"@id\":\"https:\\\/\\\/diariotextual.com\\\/inicio\\\/index.php\\\/2024\\\/02\\\/22\\\/di-napoii-y-nuevos-creditos-somos-la-gestion-que-mas-entrego\\\/\",\"url\":\"https:\\\/\\\/diariotextual.com\\\/inicio\\\/index.php\\\/2024\\\/02\\\/22\\\/di-napoii-y-nuevos-creditos-somos-la-gestion-que-mas-entrego\\\/\",\"name\":\"Di N\u00e1poIi y nuevos cr\u00e9ditos: \u201cSomos la gesti\u00f3n que m\u00e1s entreg\u00f3\u201d - Diario Textual\",\"isPartOf\":{\"@id\":\"https:\\\/\\\/diariotextual.com\\\/inicio\\\/#website\"},\"primaryImageOfPage\":{\"@id\":\"https:\\\/\\\/diariotextual.com\\\/inicio\\\/index.php\\\/2024\\\/02\\\/22\\\/di-napoii-y-nuevos-creditos-somos-la-gestion-que-mas-entrego\\\/#primaryimage\"},\"image\":{\"@id\":\"https:\\\/\\\/diariotextual.com\\\/inicio\\\/index.php\\\/2024\\\/02\\\/22\\\/di-napoii-y-nuevos-creditos-somos-la-gestion-que-mas-entrego\\\/#primaryimage\"},\"thumbnailUrl\":\"https:\\\/\\\/diariotextual.com\\\/inicio\\\/wp-content\\\/uploads\\\/2024\\\/02\\\/dinapoliluciano2024.jpg\",\"datePublished\":\"2024-02-23T00:01:26+00:00\",\"dateModified\":\"2024-02-23T00:01:29+00:00\",\"breadcrumb\":{\"@id\":\"https:\\\/\\\/diariotextual.com\\\/inicio\\\/index.php\\\/2024\\\/02\\\/22\\\/di-napoii-y-nuevos-creditos-somos-la-gestion-que-mas-entrego\\\/#breadcrumb\"},\"inLanguage\":\"es\",\"potentialAction\":[{\"@type\":\"ReadAction\",\"target\":[\"https:\\\/\\\/diariotextual.com\\\/inicio\\\/index.php\\\/2024\\\/02\\\/22\\\/di-napoii-y-nuevos-creditos-somos-la-gestion-que-mas-entrego\\\/\"]}]},{\"@type\":\"ImageObject\",\"inLanguage\":\"es\",\"@id\":\"https:\\\/\\\/diariotextual.com\\\/inicio\\\/index.php\\\/2024\\\/02\\\/22\\\/di-napoii-y-nuevos-creditos-somos-la-gestion-que-mas-entrego\\\/#primaryimage\",\"url\":\"https:\\\/\\\/diariotextual.com\\\/inicio\\\/wp-content\\\/uploads\\\/2024\\\/02\\\/dinapoliluciano2024.jpg\",\"contentUrl\":\"https:\\\/\\\/diariotextual.com\\\/inicio\\\/wp-content\\\/uploads\\\/2024\\\/02\\\/dinapoliluciano2024.jpg\",\"width\":900,\"height\":507},{\"@type\":\"BreadcrumbList\",\"@id\":\"https:\\\/\\\/diariotextual.com\\\/inicio\\\/index.php\\\/2024\\\/02\\\/22\\\/di-napoii-y-nuevos-creditos-somos-la-gestion-que-mas-entrego\\\/#breadcrumb\",\"itemListElement\":[{\"@type\":\"ListItem\",\"position\":1,\"name\":\"Portada\",\"item\":\"https:\\\/\\\/diariotextual.com\\\/inicio\\\/\"},{\"@type\":\"ListItem\",\"position\":2,\"name\":\"Di N\u00e1poIi y nuevos cr\u00e9ditos: \u201cSomos la gesti\u00f3n que m\u00e1s entreg\u00f3\u201d\"}]},{\"@type\":\"WebSite\",\"@id\":\"https:\\\/\\\/diariotextual.com\\\/inicio\\\/#website\",\"url\":\"https:\\\/\\\/diariotextual.com\\\/inicio\\\/\",\"name\":\"Diario Textual\",\"description\":\"\",\"publisher\":{\"@id\":\"https:\\\/\\\/diariotextual.com\\\/inicio\\\/#organization\"},\"potentialAction\":[{\"@type\":\"SearchAction\",\"target\":{\"@type\":\"EntryPoint\",\"urlTemplate\":\"https:\\\/\\\/diariotextual.com\\\/inicio\\\/?s={search_term_string}\"},\"query-input\":{\"@type\":\"PropertyValueSpecification\",\"valueRequired\":true,\"valueName\":\"search_term_string\"}}],\"inLanguage\":\"es\"},{\"@type\":\"Organization\",\"@id\":\"https:\\\/\\\/diariotextual.com\\\/inicio\\\/#organization\",\"name\":\"Diario Textual\",\"url\":\"https:\\\/\\\/diariotextual.com\\\/inicio\\\/\",\"logo\":{\"@type\":\"ImageObject\",\"inLanguage\":\"es\",\"@id\":\"https:\\\/\\\/diariotextual.com\\\/inicio\\\/#\\\/schema\\\/logo\\\/image\\\/\",\"url\":\"https:\\\/\\\/diariotextual.com\\\/inicio\\\/wp-content\\\/uploads\\\/2023\\\/05\\\/logotextual1.jpg\",\"contentUrl\":\"https:\\\/\\\/diariotextual.com\\\/inicio\\\/wp-content\\\/uploads\\\/2023\\\/05\\\/logotextual1.jpg\",\"width\":516,\"height\":76,\"caption\":\"Diario Textual\"},\"image\":{\"@id\":\"https:\\\/\\\/diariotextual.com\\\/inicio\\\/#\\\/schema\\\/logo\\\/image\\\/\"},\"sameAs\":[\"https:\\\/\\\/www.facebook.com\\\/eltextual\",\"https:\\\/\\\/x.com\\\/eltextual\",\"http:\\\/\\\/www.instagram.com\\\/eltextual\"]},{\"@type\":\"Person\",\"@id\":\"https:\\\/\\\/diariotextual.com\\\/inicio\\\/#\\\/schema\\\/person\\\/a1b6f563e0ee944c60f98119389a4d9f\",\"name\":\"diario3\",\"image\":{\"@type\":\"ImageObject\",\"inLanguage\":\"es\",\"@id\":\"https:\\\/\\\/secure.gravatar.com\\\/avatar\\\/5e7ee62c82fc04d9dd79d746a390d93c69c43223e5faeeb3ea9461ef752bfc5d?s=96&d=mm&r=g\",\"url\":\"https:\\\/\\\/secure.gravatar.com\\\/avatar\\\/5e7ee62c82fc04d9dd79d746a390d93c69c43223e5faeeb3ea9461ef752bfc5d?s=96&d=mm&r=g\",\"contentUrl\":\"https:\\\/\\\/secure.gravatar.com\\\/avatar\\\/5e7ee62c82fc04d9dd79d746a390d93c69c43223e5faeeb3ea9461ef752bfc5d?s=96&d=mm&r=g\",\"caption\":\"diario3\"},\"url\":\"https:\\\/\\\/diariotextual.com\\\/inicio\\\/index.php\\\/author\\\/diario3\\\/\"}]}<\/script>\n<!-- \/ Yoast SEO plugin. -->","yoast_head_json":{"title":"Di N\u00e1poIi y nuevos cr\u00e9ditos: \u201cSomos la gesti\u00f3n que m\u00e1s entreg\u00f3\u201d - Diario Textual","robots":{"index":"index","follow":"follow","max-snippet":"max-snippet:-1","max-image-preview":"max-image-preview:large","max-video-preview":"max-video-preview:-1"},"canonical":"https:\/\/diariotextual.com\/inicio\/index.php\/2024\/02\/22\/di-napoii-y-nuevos-creditos-somos-la-gestion-que-mas-entrego\/","og_locale":"es_ES","og_type":"article","og_title":"Di N\u00e1poIi y nuevos cr\u00e9ditos: \u201cSomos la gesti\u00f3n que m\u00e1s entreg\u00f3\u201d - Diario Textual","og_description":"El intendente de Santa Rosa, Luciano di N\u00e1poli, encabez\u00f3 este jueves la entrega de seis nuevos cr\u00e9ditos destinados a potenciar los proyectos de emprendedores locales, enmarcados en la L\u00ednea de&hellip;","og_url":"https:\/\/diariotextual.com\/inicio\/index.php\/2024\/02\/22\/di-napoii-y-nuevos-creditos-somos-la-gestion-que-mas-entrego\/","og_site_name":"Diario Textual","article_publisher":"https:\/\/www.facebook.com\/eltextual","article_published_time":"2024-02-23T00:01:26+00:00","article_modified_time":"2024-02-23T00:01:29+00:00","og_image":[{"width":900,"height":507,"url":"https:\/\/diariotextual.com\/inicio\/wp-content\/uploads\/2024\/02\/dinapoliluciano2024.jpg","type":"image\/jpeg"}],"author":"diario3","twitter_card":"summary_large_image","twitter_creator":"@eltextual","twitter_site":"@eltextual","twitter_misc":{"Escrito por":"diario3","Tiempo de lectura":"2 minutos"},"schema":{"@context":"https:\/\/schema.org","@graph":[{"@type":"Article","@id":"https:\/\/diariotextual.com\/inicio\/index.php\/2024\/02\/22\/di-napoii-y-nuevos-creditos-somos-la-gestion-que-mas-entrego\/#article","isPartOf":{"@id":"https:\/\/diariotextual.com\/inicio\/index.php\/2024\/02\/22\/di-napoii-y-nuevos-creditos-somos-la-gestion-que-mas-entrego\/"},"author":{"name":"diario3","@id":"https:\/\/diariotextual.com\/inicio\/#\/schema\/person\/a1b6f563e0ee944c60f98119389a4d9f"},"headline":"Di N\u00e1poIi y nuevos cr\u00e9ditos: \u201cSomos la gesti\u00f3n que m\u00e1s entreg\u00f3\u201d","datePublished":"2024-02-23T00:01:26+00:00","dateModified":"2024-02-23T00:01:29+00:00","mainEntityOfPage":{"@id":"https:\/\/diariotextual.com\/inicio\/index.php\/2024\/02\/22\/di-napoii-y-nuevos-creditos-somos-la-gestion-que-mas-entrego\/"},"wordCount":384,"publisher":{"@id":"https:\/\/diariotextual.com\/inicio\/#organization"},"image":{"@id":"https:\/\/diariotextual.com\/inicio\/index.php\/2024\/02\/22\/di-napoii-y-nuevos-creditos-somos-la-gestion-que-mas-entrego\/#primaryimage"},"thumbnailUrl":"https:\/\/diariotextual.com\/inicio\/wp-content\/uploads\/2024\/02\/dinapoliluciano2024.jpg","articleSection":["A - ES NOTICIA (van abajo)","POLITICA"],"inLanguage":"es"},{"@type":"WebPage","@id":"https:\/\/diariotextual.com\/inicio\/index.php\/2024\/02\/22\/di-napoii-y-nuevos-creditos-somos-la-gestion-que-mas-entrego\/","url":"https:\/\/diariotextual.com\/inicio\/index.php\/2024\/02\/22\/di-napoii-y-nuevos-creditos-somos-la-gestion-que-mas-entrego\/","name":"Di N\u00e1poIi y nuevos cr\u00e9ditos: \u201cSomos la gesti\u00f3n que m\u00e1s entreg\u00f3\u201d - Diario Textual","isPartOf":{"@id":"https:\/\/diariotextual.com\/inicio\/#website"},"primaryImageOfPage":{"@id":"https:\/\/diariotextual.com\/inicio\/index.php\/2024\/02\/22\/di-napoii-y-nuevos-creditos-somos-la-gestion-que-mas-entrego\/#primaryimage"},"image":{"@id":"https:\/\/diariotextual.com\/inicio\/index.php\/2024\/02\/22\/di-napoii-y-nuevos-creditos-somos-la-gestion-que-mas-entrego\/#primaryimage"},"thumbnailUrl":"https:\/\/diariotextual.com\/inicio\/wp-content\/uploads\/2024\/02\/dinapoliluciano2024.jpg","datePublished":"2024-02-23T00:01:26+00:00","dateModified":"2024-02-23T00:01:29+00:00","breadcrumb":{"@id":"https:\/\/diariotextual.com\/inicio\/index.php\/2024\/02\/22\/di-napoii-y-nuevos-creditos-somos-la-gestion-que-mas-entrego\/#breadcrumb"},"inLanguage":"es","potentialAction":[{"@type":"ReadAction","target":["https:\/\/diariotextual.com\/inicio\/index.php\/2024\/02\/22\/di-napoii-y-nuevos-creditos-somos-la-gestion-que-mas-entrego\/"]}]},{"@type":"ImageObject","inLanguage":"es","@id":"https:\/\/diariotextual.com\/inicio\/index.php\/2024\/02\/22\/di-napoii-y-nuevos-creditos-somos-la-gestion-que-mas-entrego\/#primaryimage","url":"https:\/\/diariotextual.com\/inicio\/wp-content\/uploads\/2024\/02\/dinapoliluciano2024.jpg","contentUrl":"https:\/\/diariotextual.com\/inicio\/wp-content\/uploads\/2024\/02\/dinapoliluciano2024.jpg","width":900,"height":507},{"@type":"BreadcrumbList","@id":"https:\/\/diariotextual.com\/inicio\/index.php\/2024\/02\/22\/di-napoii-y-nuevos-creditos-somos-la-gestion-que-mas-entrego\/#breadcrumb","itemListElement":[{"@type":"ListItem","position":1,"name":"Portada","item":"https:\/\/diariotextual.com\/inicio\/"},{"@type":"ListItem","position":2,"name":"Di N\u00e1poIi y nuevos cr\u00e9ditos: \u201cSomos la gesti\u00f3n que m\u00e1s entreg\u00f3\u201d"}]},{"@type":"WebSite","@id":"https:\/\/diariotextual.com\/inicio\/#website","url":"https:\/\/diariotextual.com\/inicio\/","name":"Diario Textual","description":"","publisher":{"@id":"https:\/\/diariotextual.com\/inicio\/#organization"},"potentialAction":[{"@type":"SearchAction","target":{"@type":"EntryPoint","urlTemplate":"https:\/\/diariotextual.com\/inicio\/?s={search_term_string}"},"query-input":{"@type":"PropertyValueSpecification","valueRequired":true,"valueName":"search_term_string"}}],"inLanguage":"es"},{"@type":"Organization","@id":"https:\/\/diariotextual.com\/inicio\/#organization","name":"Diario Textual","url":"https:\/\/diariotextual.com\/inicio\/","logo":{"@type":"ImageObject","inLanguage":"es","@id":"https:\/\/diariotextual.com\/inicio\/#\/schema\/logo\/image\/","url":"https:\/\/diariotextual.com\/inicio\/wp-content\/uploads\/2023\/05\/logotextual1.jpg","contentUrl":"https:\/\/diariotextual.com\/inicio\/wp-content\/uploads\/2023\/05\/logotextual1.jpg","width":516,"height":76,"caption":"Diario Textual"},"image":{"@id":"https:\/\/diariotextual.com\/inicio\/#\/schema\/logo\/image\/"},"sameAs":["https:\/\/www.facebook.com\/eltextual","https:\/\/x.com\/eltextual","http:\/\/www.instagram.com\/eltextual"]},{"@type":"Person","@id":"https:\/\/diariotextual.com\/inicio\/#\/schema\/person\/a1b6f563e0ee944c60f98119389a4d9f","name":"diario3","image":{"@type":"ImageObject","inLanguage":"es","@id":"https:\/\/secure.gravatar.com\/avatar\/5e7ee62c82fc04d9dd79d746a390d93c69c43223e5faeeb3ea9461ef752bfc5d?s=96&d=mm&r=g","url":"https:\/\/secure.gravatar.com\/avatar\/5e7ee62c82fc04d9dd79d746a390d93c69c43223e5faeeb3ea9461ef752bfc5d?s=96&d=mm&r=g","contentUrl":"https:\/\/secure.gravatar.com\/avatar\/5e7ee62c82fc04d9dd79d746a390d93c69c43223e5faeeb3ea9461ef752bfc5d?s=96&d=mm&r=g","caption":"diario3"},"url":"https:\/\/diariotextual.com\/inicio\/index.php\/author\/diario3\/"}]}},"_links":{"self":[{"href":"https:\/\/diariotextual.com\/inicio\/index.php\/wp-json\/wp\/v2\/posts\/254842","targetHints":{"allow":["GET"]}}],"collection":[{"href":"https:\/\/diariotextual.com\/inicio\/index.php\/wp-json\/wp\/v2\/posts"}],"about":[{"href":"https:\/\/diariotextual.com\/inicio\/index.php\/wp-json\/wp\/v2\/types\/post"}],"author":[{"embeddable":true,"href":"https:\/\/diariotextual.com\/inicio\/index.php\/wp-json\/wp\/v2\/users\/5"}],"replies":[{"embeddable":true,"href":"https:\/\/diariotextual.com\/inicio\/index.php\/wp-json\/wp\/v2\/comments?post=254842"}],"version-history":[{"count":1,"href":"https:\/\/diariotextual.com\/inicio\/index.php\/wp-json\/wp\/v2\/posts\/254842\/revisions"}],"predecessor-version":[{"id":254843,"href":"https:\/\/diariotextual.com\/inicio\/index.php\/wp-json\/wp\/v2\/posts\/254842\/revisions\/254843"}],"wp:featuredmedia":[{"embeddable":true,"href":"https:\/\/diariotextual.com\/inicio\/index.php\/wp-json\/wp\/v2\/media\/254472"}],"wp:attachment":[{"href":"https:\/\/diariotextual.com\/inicio\/index.php\/wp-json\/wp\/v2\/media?parent=254842"}],"wp:term":[{"taxonomy":"category","embeddable":true,"href":"https:\/\/diariotextual.com\/inicio\/index.php\/wp-json\/wp\/v2\/categories?post=254842"},{"taxonomy":"post_tag","embeddable":true,"href":"https:\/\/diariotextual.com\/inicio\/index.php\/wp-json\/wp\/v2\/tags?post=254842"}],"curies":[{"name":"wp","href":"https:\/\/api.w.org\/{rel}","templated":true}]}}