{"id":254978,"date":"2024-02-24T17:49:04","date_gmt":"2024-02-24T20:49:04","guid":{"rendered":"https:\/\/diariotextual.com\/inicio\/?p=254978"},"modified":"2024-02-24T18:55:07","modified_gmt":"2024-02-24T21:55:07","slug":"el-comite-provincia-salio-a-rechazar-la-privatizacion-del-banco-nacion","status":"publish","type":"post","link":"https:\/\/diariotextual.com\/inicio\/index.php\/2024\/02\/24\/el-comite-provincia-salio-a-rechazar-la-privatizacion-del-banco-nacion\/","title":{"rendered":"El Comit\u00e9 Provincia sali\u00f3 a rechazar la privatizaci\u00f3n del Banco Naci\u00f3n"},"content":{"rendered":"\n<p>El Comit\u00e9 Provincia de la UCR sali\u00f3 a rechazar el intento de privatizaci\u00f3n del Banco Naci\u00f3n, que impulsa el Gobierno de Javier Milei.<\/p>\n\n\n\n<p>\u201cDesde el Comit\u00e9 Provincia UCR acompa\u00f1amos la iniciativa de la Asociaci\u00f3n Bancaria en defensa del Banco de la Naci\u00f3n Argentina, y es por ello que rubricamos nuestro apoyo a la vez que destacamos, junto con esta entidad gremial, la necesidad de proteger las instituciones que nos han permitido ser un pa\u00eds modelo en muchas cosas, sirva como ejemplo el desarrollo de una banca p\u00fablica pensada para el fomento y desarrollo de la econom\u00eda de sus ciudadanos\u201d, sostuvieron los radicales conducidos por Federico Guidugli, en un comunicado de prensa.<\/p>\n\n\n\n<p><\/p>\n","protected":false},"excerpt":{"rendered":"<p>El Comit\u00e9 Provincia de la UCR sali\u00f3 a rechazar el intento de privatizaci\u00f3n del Banco Naci\u00f3n, que impulsa el Gobierno de Javier Milei. \u201cDesde el Comit\u00e9 Provincia UCR acompa\u00f1amos la&hellip;<\/p>\n","protected":false},"author":3,"featured_media":254980,"comment_status":"closed","ping_status":"open","sticky":false,"template":"","format":"standard","meta":{"_acf_changed":false,"footnotes":""},"categories":[1,8],"tags":[],"class_list":["post-254978","post","type-post","status-publish","format-standard","has-post-thumbnail","hentry","category-es-noticia","category-politica"],"acf":[],"yoast_head":"<!-- This site is optimized with the Yoast SEO plugin v27.5 - https:\/\/yoast.com\/product\/yoast-seo-wordpress\/ -->\n<title>El Comit\u00e9 Provincia sali\u00f3 a rechazar la privatizaci\u00f3n del Banco Naci\u00f3n - Diario Textual<\/title>\n<meta name=\"robots\" content=\"index, follow, max-snippet:-1, max-image-preview:large, max-video-preview:-1\" \/>\n<link rel=\"canonical\" href=\"https:\/\/diariotextual.com\/inicio\/index.php\/2024\/02\/24\/el-comite-provincia-salio-a-rechazar-la-privatizacion-del-banco-nacion\/\" \/>\n<meta property=\"og:locale\" content=\"es_ES\" \/>\n<meta property=\"og:type\" content=\"article\" \/>\n<meta property=\"og:title\" content=\"El Comit\u00e9 Provincia sali\u00f3 a rechazar la privatizaci\u00f3n del Banco Naci\u00f3n - Diario Textual\" \/>\n<meta property=\"og:description\" content=\"El Comit\u00e9 Provincia de la UCR sali\u00f3 a rechazar el intento de privatizaci\u00f3n del Banco Naci\u00f3n, que impulsa el Gobierno de Javier Milei. \u201cDesde el Comit\u00e9 Provincia UCR acompa\u00f1amos la&hellip;\" \/>\n<meta property=\"og:url\" content=\"https:\/\/diariotextual.com\/inicio\/index.php\/2024\/02\/24\/el-comite-provincia-salio-a-rechazar-la-privatizacion-del-banco-nacion\/\" \/>\n<meta property=\"og:site_name\" content=\"Diario Textual\" \/>\n<meta property=\"article:publisher\" content=\"https:\/\/www.facebook.com\/eltextual\" \/>\n<meta property=\"article:published_time\" content=\"2024-02-24T20:49:04+00:00\" \/>\n<meta property=\"article:modified_time\" content=\"2024-02-24T21:55:07+00:00\" \/>\n<meta property=\"og:image\" content=\"https:\/\/diariotextual.com\/inicio\/wp-content\/uploads\/2024\/02\/comiteprovinciaucrgidugli2024-1.jpg\" \/>\n\t<meta property=\"og:image:width\" content=\"1500\" \/>\n\t<meta property=\"og:image:height\" content=\"999\" \/>\n\t<meta property=\"og:image:type\" content=\"image\/jpeg\" \/>\n<meta name=\"author\" content=\"Diario1 Diario1\" \/>\n<meta name=\"twitter:card\" content=\"summary_large_image\" \/>\n<meta name=\"twitter:creator\" content=\"@eltextual\" \/>\n<meta name=\"twitter:site\" content=\"@eltextual\" \/>\n<meta name=\"twitter:label1\" content=\"Escrito por\" \/>\n\t<meta name=\"twitter:data1\" content=\"Diario1 Diario1\" \/>\n\t<meta name=\"twitter:label2\" content=\"Tiempo de lectura\" \/>\n\t<meta name=\"twitter:data2\" content=\"1 minuto\" \/>\n<script type=\"application\/ld+json\" class=\"yoast-schema-graph\">{\"@context\":\"https:\\\/\\\/schema.org\",\"@graph\":[{\"@type\":\"Article\",\"@id\":\"https:\\\/\\\/diariotextual.com\\\/inicio\\\/index.php\\\/2024\\\/02\\\/24\\\/el-comite-provincia-salio-a-rechazar-la-privatizacion-del-banco-nacion\\\/#article\",\"isPartOf\":{\"@id\":\"https:\\\/\\\/diariotextual.com\\\/inicio\\\/index.php\\\/2024\\\/02\\\/24\\\/el-comite-provincia-salio-a-rechazar-la-privatizacion-del-banco-nacion\\\/\"},\"author\":{\"name\":\"Diario1 Diario1\",\"@id\":\"https:\\\/\\\/diariotextual.com\\\/inicio\\\/#\\\/schema\\\/person\\\/418fc4093c33e86ed41562db3508f958\"},\"headline\":\"El Comit\u00e9 Provincia sali\u00f3 a rechazar la privatizaci\u00f3n del Banco Naci\u00f3n\",\"datePublished\":\"2024-02-24T20:49:04+00:00\",\"dateModified\":\"2024-02-24T21:55:07+00:00\",\"mainEntityOfPage\":{\"@id\":\"https:\\\/\\\/diariotextual.com\\\/inicio\\\/index.php\\\/2024\\\/02\\\/24\\\/el-comite-provincia-salio-a-rechazar-la-privatizacion-del-banco-nacion\\\/\"},\"wordCount\":132,\"publisher\":{\"@id\":\"https:\\\/\\\/diariotextual.com\\\/inicio\\\/#organization\"},\"image\":{\"@id\":\"https:\\\/\\\/diariotextual.com\\\/inicio\\\/index.php\\\/2024\\\/02\\\/24\\\/el-comite-provincia-salio-a-rechazar-la-privatizacion-del-banco-nacion\\\/#primaryimage\"},\"thumbnailUrl\":\"https:\\\/\\\/diariotextual.com\\\/inicio\\\/wp-content\\\/uploads\\\/2024\\\/02\\\/comiteprovinciaucrgidugli2024-1.jpg\",\"articleSection\":[\"A - ES NOTICIA (van abajo)\",\"POLITICA\"],\"inLanguage\":\"es\"},{\"@type\":\"WebPage\",\"@id\":\"https:\\\/\\\/diariotextual.com\\\/inicio\\\/index.php\\\/2024\\\/02\\\/24\\\/el-comite-provincia-salio-a-rechazar-la-privatizacion-del-banco-nacion\\\/\",\"url\":\"https:\\\/\\\/diariotextual.com\\\/inicio\\\/index.php\\\/2024\\\/02\\\/24\\\/el-comite-provincia-salio-a-rechazar-la-privatizacion-del-banco-nacion\\\/\",\"name\":\"El Comit\u00e9 Provincia sali\u00f3 a rechazar la privatizaci\u00f3n del Banco Naci\u00f3n - Diario Textual\",\"isPartOf\":{\"@id\":\"https:\\\/\\\/diariotextual.com\\\/inicio\\\/#website\"},\"primaryImageOfPage\":{\"@id\":\"https:\\\/\\\/diariotextual.com\\\/inicio\\\/index.php\\\/2024\\\/02\\\/24\\\/el-comite-provincia-salio-a-rechazar-la-privatizacion-del-banco-nacion\\\/#primaryimage\"},\"image\":{\"@id\":\"https:\\\/\\\/diariotextual.com\\\/inicio\\\/index.php\\\/2024\\\/02\\\/24\\\/el-comite-provincia-salio-a-rechazar-la-privatizacion-del-banco-nacion\\\/#primaryimage\"},\"thumbnailUrl\":\"https:\\\/\\\/diariotextual.com\\\/inicio\\\/wp-content\\\/uploads\\\/2024\\\/02\\\/comiteprovinciaucrgidugli2024-1.jpg\",\"datePublished\":\"2024-02-24T20:49:04+00:00\",\"dateModified\":\"2024-02-24T21:55:07+00:00\",\"breadcrumb\":{\"@id\":\"https:\\\/\\\/diariotextual.com\\\/inicio\\\/index.php\\\/2024\\\/02\\\/24\\\/el-comite-provincia-salio-a-rechazar-la-privatizacion-del-banco-nacion\\\/#breadcrumb\"},\"inLanguage\":\"es\",\"potentialAction\":[{\"@type\":\"ReadAction\",\"target\":[\"https:\\\/\\\/diariotextual.com\\\/inicio\\\/index.php\\\/2024\\\/02\\\/24\\\/el-comite-provincia-salio-a-rechazar-la-privatizacion-del-banco-nacion\\\/\"]}]},{\"@type\":\"ImageObject\",\"inLanguage\":\"es\",\"@id\":\"https:\\\/\\\/diariotextual.com\\\/inicio\\\/index.php\\\/2024\\\/02\\\/24\\\/el-comite-provincia-salio-a-rechazar-la-privatizacion-del-banco-nacion\\\/#primaryimage\",\"url\":\"https:\\\/\\\/diariotextual.com\\\/inicio\\\/wp-content\\\/uploads\\\/2024\\\/02\\\/comiteprovinciaucrgidugli2024-1.jpg\",\"contentUrl\":\"https:\\\/\\\/diariotextual.com\\\/inicio\\\/wp-content\\\/uploads\\\/2024\\\/02\\\/comiteprovinciaucrgidugli2024-1.jpg\",\"width\":1500,\"height\":999},{\"@type\":\"BreadcrumbList\",\"@id\":\"https:\\\/\\\/diariotextual.com\\\/inicio\\\/index.php\\\/2024\\\/02\\\/24\\\/el-comite-provincia-salio-a-rechazar-la-privatizacion-del-banco-nacion\\\/#breadcrumb\",\"itemListElement\":[{\"@type\":\"ListItem\",\"position\":1,\"name\":\"Portada\",\"item\":\"https:\\\/\\\/diariotextual.com\\\/inicio\\\/\"},{\"@type\":\"ListItem\",\"position\":2,\"name\":\"El Comit\u00e9 Provincia sali\u00f3 a rechazar la privatizaci\u00f3n del Banco Naci\u00f3n\"}]},{\"@type\":\"WebSite\",\"@id\":\"https:\\\/\\\/diariotextual.com\\\/inicio\\\/#website\",\"url\":\"https:\\\/\\\/diariotextual.com\\\/inicio\\\/\",\"name\":\"Diario Textual\",\"description\":\"\",\"publisher\":{\"@id\":\"https:\\\/\\\/diariotextual.com\\\/inicio\\\/#organization\"},\"potentialAction\":[{\"@type\":\"SearchAction\",\"target\":{\"@type\":\"EntryPoint\",\"urlTemplate\":\"https:\\\/\\\/diariotextual.com\\\/inicio\\\/?s={search_term_string}\"},\"query-input\":{\"@type\":\"PropertyValueSpecification\",\"valueRequired\":true,\"valueName\":\"search_term_string\"}}],\"inLanguage\":\"es\"},{\"@type\":\"Organization\",\"@id\":\"https:\\\/\\\/diariotextual.com\\\/inicio\\\/#organization\",\"name\":\"Diario Textual\",\"url\":\"https:\\\/\\\/diariotextual.com\\\/inicio\\\/\",\"logo\":{\"@type\":\"ImageObject\",\"inLanguage\":\"es\",\"@id\":\"https:\\\/\\\/diariotextual.com\\\/inicio\\\/#\\\/schema\\\/logo\\\/image\\\/\",\"url\":\"https:\\\/\\\/diariotextual.com\\\/inicio\\\/wp-content\\\/uploads\\\/2023\\\/05\\\/logotextual1.jpg\",\"contentUrl\":\"https:\\\/\\\/diariotextual.com\\\/inicio\\\/wp-content\\\/uploads\\\/2023\\\/05\\\/logotextual1.jpg\",\"width\":516,\"height\":76,\"caption\":\"Diario Textual\"},\"image\":{\"@id\":\"https:\\\/\\\/diariotextual.com\\\/inicio\\\/#\\\/schema\\\/logo\\\/image\\\/\"},\"sameAs\":[\"https:\\\/\\\/www.facebook.com\\\/eltextual\",\"https:\\\/\\\/x.com\\\/eltextual\",\"http:\\\/\\\/www.instagram.com\\\/eltextual\"]},{\"@type\":\"Person\",\"@id\":\"https:\\\/\\\/diariotextual.com\\\/inicio\\\/#\\\/schema\\\/person\\\/418fc4093c33e86ed41562db3508f958\",\"name\":\"Diario1 Diario1\",\"image\":{\"@type\":\"ImageObject\",\"inLanguage\":\"es\",\"@id\":\"https:\\\/\\\/secure.gravatar.com\\\/avatar\\\/9167d280179c85bc18be67aa7eda765854300033af4896dd779b608640f2ef7a?s=96&d=mm&r=g\",\"url\":\"https:\\\/\\\/secure.gravatar.com\\\/avatar\\\/9167d280179c85bc18be67aa7eda765854300033af4896dd779b608640f2ef7a?s=96&d=mm&r=g\",\"contentUrl\":\"https:\\\/\\\/secure.gravatar.com\\\/avatar\\\/9167d280179c85bc18be67aa7eda765854300033af4896dd779b608640f2ef7a?s=96&d=mm&r=g\",\"caption\":\"Diario1 Diario1\"},\"url\":\"https:\\\/\\\/diariotextual.com\\\/inicio\\\/index.php\\\/author\\\/diario1\\\/\"}]}<\/script>\n<!-- \/ Yoast SEO plugin. -->","yoast_head_json":{"title":"El Comit\u00e9 Provincia sali\u00f3 a rechazar la privatizaci\u00f3n del Banco Naci\u00f3n - Diario Textual","robots":{"index":"index","follow":"follow","max-snippet":"max-snippet:-1","max-image-preview":"max-image-preview:large","max-video-preview":"max-video-preview:-1"},"canonical":"https:\/\/diariotextual.com\/inicio\/index.php\/2024\/02\/24\/el-comite-provincia-salio-a-rechazar-la-privatizacion-del-banco-nacion\/","og_locale":"es_ES","og_type":"article","og_title":"El Comit\u00e9 Provincia sali\u00f3 a rechazar la privatizaci\u00f3n del Banco Naci\u00f3n - Diario Textual","og_description":"El Comit\u00e9 Provincia de la UCR sali\u00f3 a rechazar el intento de privatizaci\u00f3n del Banco Naci\u00f3n, que impulsa el Gobierno de Javier Milei. \u201cDesde el Comit\u00e9 Provincia UCR acompa\u00f1amos la&hellip;","og_url":"https:\/\/diariotextual.com\/inicio\/index.php\/2024\/02\/24\/el-comite-provincia-salio-a-rechazar-la-privatizacion-del-banco-nacion\/","og_site_name":"Diario Textual","article_publisher":"https:\/\/www.facebook.com\/eltextual","article_published_time":"2024-02-24T20:49:04+00:00","article_modified_time":"2024-02-24T21:55:07+00:00","og_image":[{"width":1500,"height":999,"url":"https:\/\/diariotextual.com\/inicio\/wp-content\/uploads\/2024\/02\/comiteprovinciaucrgidugli2024-1.jpg","type":"image\/jpeg"}],"author":"Diario1 Diario1","twitter_card":"summary_large_image","twitter_creator":"@eltextual","twitter_site":"@eltextual","twitter_misc":{"Escrito por":"Diario1 Diario1","Tiempo de lectura":"1 minuto"},"schema":{"@context":"https:\/\/schema.org","@graph":[{"@type":"Article","@id":"https:\/\/diariotextual.com\/inicio\/index.php\/2024\/02\/24\/el-comite-provincia-salio-a-rechazar-la-privatizacion-del-banco-nacion\/#article","isPartOf":{"@id":"https:\/\/diariotextual.com\/inicio\/index.php\/2024\/02\/24\/el-comite-provincia-salio-a-rechazar-la-privatizacion-del-banco-nacion\/"},"author":{"name":"Diario1 Diario1","@id":"https:\/\/diariotextual.com\/inicio\/#\/schema\/person\/418fc4093c33e86ed41562db3508f958"},"headline":"El Comit\u00e9 Provincia sali\u00f3 a rechazar la privatizaci\u00f3n del Banco Naci\u00f3n","datePublished":"2024-02-24T20:49:04+00:00","dateModified":"2024-02-24T21:55:07+00:00","mainEntityOfPage":{"@id":"https:\/\/diariotextual.com\/inicio\/index.php\/2024\/02\/24\/el-comite-provincia-salio-a-rechazar-la-privatizacion-del-banco-nacion\/"},"wordCount":132,"publisher":{"@id":"https:\/\/diariotextual.com\/inicio\/#organization"},"image":{"@id":"https:\/\/diariotextual.com\/inicio\/index.php\/2024\/02\/24\/el-comite-provincia-salio-a-rechazar-la-privatizacion-del-banco-nacion\/#primaryimage"},"thumbnailUrl":"https:\/\/diariotextual.com\/inicio\/wp-content\/uploads\/2024\/02\/comiteprovinciaucrgidugli2024-1.jpg","articleSection":["A - ES NOTICIA (van abajo)","POLITICA"],"inLanguage":"es"},{"@type":"WebPage","@id":"https:\/\/diariotextual.com\/inicio\/index.php\/2024\/02\/24\/el-comite-provincia-salio-a-rechazar-la-privatizacion-del-banco-nacion\/","url":"https:\/\/diariotextual.com\/inicio\/index.php\/2024\/02\/24\/el-comite-provincia-salio-a-rechazar-la-privatizacion-del-banco-nacion\/","name":"El Comit\u00e9 Provincia sali\u00f3 a rechazar la privatizaci\u00f3n del Banco Naci\u00f3n - Diario Textual","isPartOf":{"@id":"https:\/\/diariotextual.com\/inicio\/#website"},"primaryImageOfPage":{"@id":"https:\/\/diariotextual.com\/inicio\/index.php\/2024\/02\/24\/el-comite-provincia-salio-a-rechazar-la-privatizacion-del-banco-nacion\/#primaryimage"},"image":{"@id":"https:\/\/diariotextual.com\/inicio\/index.php\/2024\/02\/24\/el-comite-provincia-salio-a-rechazar-la-privatizacion-del-banco-nacion\/#primaryimage"},"thumbnailUrl":"https:\/\/diariotextual.com\/inicio\/wp-content\/uploads\/2024\/02\/comiteprovinciaucrgidugli2024-1.jpg","datePublished":"2024-02-24T20:49:04+00:00","dateModified":"2024-02-24T21:55:07+00:00","breadcrumb":{"@id":"https:\/\/diariotextual.com\/inicio\/index.php\/2024\/02\/24\/el-comite-provincia-salio-a-rechazar-la-privatizacion-del-banco-nacion\/#breadcrumb"},"inLanguage":"es","potentialAction":[{"@type":"ReadAction","target":["https:\/\/diariotextual.com\/inicio\/index.php\/2024\/02\/24\/el-comite-provincia-salio-a-rechazar-la-privatizacion-del-banco-nacion\/"]}]},{"@type":"ImageObject","inLanguage":"es","@id":"https:\/\/diariotextual.com\/inicio\/index.php\/2024\/02\/24\/el-comite-provincia-salio-a-rechazar-la-privatizacion-del-banco-nacion\/#primaryimage","url":"https:\/\/diariotextual.com\/inicio\/wp-content\/uploads\/2024\/02\/comiteprovinciaucrgidugli2024-1.jpg","contentUrl":"https:\/\/diariotextual.com\/inicio\/wp-content\/uploads\/2024\/02\/comiteprovinciaucrgidugli2024-1.jpg","width":1500,"height":999},{"@type":"BreadcrumbList","@id":"https:\/\/diariotextual.com\/inicio\/index.php\/2024\/02\/24\/el-comite-provincia-salio-a-rechazar-la-privatizacion-del-banco-nacion\/#breadcrumb","itemListElement":[{"@type":"ListItem","position":1,"name":"Portada","item":"https:\/\/diariotextual.com\/inicio\/"},{"@type":"ListItem","position":2,"name":"El Comit\u00e9 Provincia sali\u00f3 a rechazar la privatizaci\u00f3n del Banco Naci\u00f3n"}]},{"@type":"WebSite","@id":"https:\/\/diariotextual.com\/inicio\/#website","url":"https:\/\/diariotextual.com\/inicio\/","name":"Diario Textual","description":"","publisher":{"@id":"https:\/\/diariotextual.com\/inicio\/#organization"},"potentialAction":[{"@type":"SearchAction","target":{"@type":"EntryPoint","urlTemplate":"https:\/\/diariotextual.com\/inicio\/?s={search_term_string}"},"query-input":{"@type":"PropertyValueSpecification","valueRequired":true,"valueName":"search_term_string"}}],"inLanguage":"es"},{"@type":"Organization","@id":"https:\/\/diariotextual.com\/inicio\/#organization","name":"Diario Textual","url":"https:\/\/diariotextual.com\/inicio\/","logo":{"@type":"ImageObject","inLanguage":"es","@id":"https:\/\/diariotextual.com\/inicio\/#\/schema\/logo\/image\/","url":"https:\/\/diariotextual.com\/inicio\/wp-content\/uploads\/2023\/05\/logotextual1.jpg","contentUrl":"https:\/\/diariotextual.com\/inicio\/wp-content\/uploads\/2023\/05\/logotextual1.jpg","width":516,"height":76,"caption":"Diario Textual"},"image":{"@id":"https:\/\/diariotextual.com\/inicio\/#\/schema\/logo\/image\/"},"sameAs":["https:\/\/www.facebook.com\/eltextual","https:\/\/x.com\/eltextual","http:\/\/www.instagram.com\/eltextual"]},{"@type":"Person","@id":"https:\/\/diariotextual.com\/inicio\/#\/schema\/person\/418fc4093c33e86ed41562db3508f958","name":"Diario1 Diario1","image":{"@type":"ImageObject","inLanguage":"es","@id":"https:\/\/secure.gravatar.com\/avatar\/9167d280179c85bc18be67aa7eda765854300033af4896dd779b608640f2ef7a?s=96&d=mm&r=g","url":"https:\/\/secure.gravatar.com\/avatar\/9167d280179c85bc18be67aa7eda765854300033af4896dd779b608640f2ef7a?s=96&d=mm&r=g","contentUrl":"https:\/\/secure.gravatar.com\/avatar\/9167d280179c85bc18be67aa7eda765854300033af4896dd779b608640f2ef7a?s=96&d=mm&r=g","caption":"Diario1 Diario1"},"url":"https:\/\/diariotextual.com\/inicio\/index.php\/author\/diario1\/"}]}},"_links":{"self":[{"href":"https:\/\/diariotextual.com\/inicio\/index.php\/wp-json\/wp\/v2\/posts\/254978","targetHints":{"allow":["GET"]}}],"collection":[{"href":"https:\/\/diariotextual.com\/inicio\/index.php\/wp-json\/wp\/v2\/posts"}],"about":[{"href":"https:\/\/diariotextual.com\/inicio\/index.php\/wp-json\/wp\/v2\/types\/post"}],"author":[{"embeddable":true,"href":"https:\/\/diariotextual.com\/inicio\/index.php\/wp-json\/wp\/v2\/users\/3"}],"replies":[{"embeddable":true,"href":"https:\/\/diariotextual.com\/inicio\/index.php\/wp-json\/wp\/v2\/comments?post=254978"}],"version-history":[{"count":1,"href":"https:\/\/diariotextual.com\/inicio\/index.php\/wp-json\/wp\/v2\/posts\/254978\/revisions"}],"predecessor-version":[{"id":254981,"href":"https:\/\/diariotextual.com\/inicio\/index.php\/wp-json\/wp\/v2\/posts\/254978\/revisions\/254981"}],"wp:featuredmedia":[{"embeddable":true,"href":"https:\/\/diariotextual.com\/inicio\/index.php\/wp-json\/wp\/v2\/media\/254980"}],"wp:attachment":[{"href":"https:\/\/diariotextual.com\/inicio\/index.php\/wp-json\/wp\/v2\/media?parent=254978"}],"wp:term":[{"taxonomy":"category","embeddable":true,"href":"https:\/\/diariotextual.com\/inicio\/index.php\/wp-json\/wp\/v2\/categories?post=254978"},{"taxonomy":"post_tag","embeddable":true,"href":"https:\/\/diariotextual.com\/inicio\/index.php\/wp-json\/wp\/v2\/tags?post=254978"}],"curies":[{"name":"wp","href":"https:\/\/api.w.org\/{rel}","templated":true}]}}