{"id":254997,"date":"2024-02-24T18:42:48","date_gmt":"2024-02-24T21:42:48","guid":{"rendered":"https:\/\/diariotextual.com\/inicio\/?p=254997"},"modified":"2024-02-24T18:42:50","modified_gmt":"2024-02-24T21:42:50","slug":"los-gremios-de-trabajadores-de-comercio-de-la-patagonia-salen-a-respaldar-la-rebelion-de-los-gobernadores","status":"publish","type":"post","link":"https:\/\/diariotextual.com\/inicio\/index.php\/2024\/02\/24\/los-gremios-de-trabajadores-de-comercio-de-la-patagonia-salen-a-respaldar-la-rebelion-de-los-gobernadores\/","title":{"rendered":"Los gremios de trabajadores de comercio de la Patagonia salen a respaldar la rebeli\u00f3n de los gobernadores"},"content":{"rendered":"\n<p>Integrantes de los gremios mercantiles de la Patagonia, entre ellos el CEC de Santa Rosa que comanda Rodrigo Genoni, salieron a respaldar los reclamos de los gobernadores por los recortes de los fondos que est\u00e1 haciendo el Gobierno de Javier Milei.<\/p>\n\n\n\n<p>\u201cEn nuestro car\u00e1cter de Secretarios Generales de Empleados de Comercios de distintas ciudades y localidades de la Patagonia, venimos a expresar nuestro m\u00e1s en\u00e9rgico repudio y rechazo ante la retenci\u00f3n ilegal de trece mil quinientos millones de pesos ($13.500.000.000) correspondientes a la coparticipaci\u00f3n mensual de la provincia de Chubut por parte del Gobierno Nacional\u201d, sostuvieron en un documento. &nbsp;\u201cDichos recursos, son esenciales para el funcionamiento y desarrollo de la provincia, y su retenci\u00f3n constituye un acto violatorio de la ley y los derechos provinciales, y una flagrante violaci\u00f3n de los principios fundamentales de autonom\u00eda provincial y federalismo consagrados en nuestra Constituci\u00f3n Nacional\u201d.<\/p>\n\n\n\n<p>\u201cEn vista de la gravedad de las medidas ilegales adoptadas por el Gobierno nacional contra Chubut, las cuales son de una gravedad extraordinaria, se puede ver una clara intenci\u00f3n de minar el orden democr\u00e1tico y fomentar un clima de inestabilidad pol\u00edtica que podr\u00eda conducir a un golpe institucional\u201d, expresaron.<\/p>\n\n\n\n<p>Pidieron una soluci\u00f3n pol\u00edtica o judicial. \u201cEs de suma importancia que el Congreso de la Naci\u00f3n y la Corte Suprema de Justicia intervengan de forma inmediata para investigar y revertir estas acciones, dado que comprometen la integridad financiera y administrativa de dicha provincia\u201d, dijeron.<\/p>\n\n\n\n<p>\u201cEs de p\u00fablico conocimiento, que el Gobierno Nacional actual ha recortado diferentes transferencias a las Provincias, las cuales fueron enmarcadas en diferentes leyes, como por ejemplo el Fondo Compensador al Transporte Urbano del Interior o el Fondo de Incentivo Docente, entre otros\u201d, manifestaron..<\/p>\n\n\n\n<p>\u201cLa Justicia Federal, ante un planteo realizado por el Gobierno de Chubut, emiti\u00f3 un fallo expresando que es ilegal la quita de fondos realizadas por Naci\u00f3n respecto a el Fondo Compensador al Transporte Urbano del Interior. Las sumas de la Coparticipaci\u00f3n que reciben las Provincias por parte de Naci\u00f3n, no deben confundirse con deudas que posean entre partes, por lo que es un acto de total ilegalidad retener sumas de la Coparticipaci\u00f3n que le corresponde a cada provincia, m\u00e1s si no hubo una voluntad debidamente expresa y escrita de las provincias de permitir tal acto. Lo que demuestra nuevamente, que el Gobierno Nacional pareciera no entender ni respetar las autonom\u00edas provinciales, ni la Democracia, madre de toda legitimidad\u201d, sostuvieron.<\/p>\n\n\n\n<p>\u201cEl Gobierno Nacional debe entender y respetar, que los Gobiernos Provinciales tienen la misma legitimidad, y que no puede avasallar de la manera en que lo est\u00e1 haciendo los derechos de las Provincias, ni las garant\u00edas constitucionales, que son productos de nuestra historia\u201d, expresaron.<\/p>\n\n\n\n<p><\/p>\n","protected":false},"excerpt":{"rendered":"<p>Integrantes de los gremios mercantiles de la Patagonia, entre ellos el CEC de Santa Rosa que comanda Rodrigo Genoni, salieron a respaldar los reclamos de los gobernadores por los recortes&hellip;<\/p>\n","protected":false},"author":3,"featured_media":0,"comment_status":"closed","ping_status":"open","sticky":false,"template":"","format":"standard","meta":{"_acf_changed":false,"footnotes":""},"categories":[1,8],"tags":[],"class_list":["post-254997","post","type-post","status-publish","format-standard","hentry","category-es-noticia","category-politica"],"acf":[],"yoast_head":"<!-- This site is optimized with the Yoast SEO plugin v27.5 - https:\/\/yoast.com\/product\/yoast-seo-wordpress\/ -->\n<title>Los gremios de trabajadores de comercio de la Patagonia salen a respaldar la rebeli\u00f3n de los gobernadores - Diario Textual<\/title>\n<meta name=\"robots\" content=\"index, follow, max-snippet:-1, max-image-preview:large, max-video-preview:-1\" \/>\n<link rel=\"canonical\" href=\"https:\/\/diariotextual.com\/inicio\/index.php\/2024\/02\/24\/los-gremios-de-trabajadores-de-comercio-de-la-patagonia-salen-a-respaldar-la-rebelion-de-los-gobernadores\/\" \/>\n<meta property=\"og:locale\" content=\"es_ES\" \/>\n<meta property=\"og:type\" content=\"article\" \/>\n<meta property=\"og:title\" content=\"Los gremios de trabajadores de comercio de la Patagonia salen a respaldar la rebeli\u00f3n de los gobernadores - Diario Textual\" \/>\n<meta property=\"og:description\" content=\"Integrantes de los gremios mercantiles de la Patagonia, entre ellos el CEC de Santa Rosa que comanda Rodrigo Genoni, salieron a respaldar los reclamos de los gobernadores por los recortes&hellip;\" \/>\n<meta property=\"og:url\" content=\"https:\/\/diariotextual.com\/inicio\/index.php\/2024\/02\/24\/los-gremios-de-trabajadores-de-comercio-de-la-patagonia-salen-a-respaldar-la-rebelion-de-los-gobernadores\/\" \/>\n<meta property=\"og:site_name\" content=\"Diario Textual\" \/>\n<meta property=\"article:publisher\" content=\"https:\/\/www.facebook.com\/eltextual\" \/>\n<meta property=\"article:published_time\" content=\"2024-02-24T21:42:48+00:00\" \/>\n<meta property=\"article:modified_time\" content=\"2024-02-24T21:42:50+00:00\" \/>\n<meta name=\"author\" content=\"Diario1 Diario1\" \/>\n<meta name=\"twitter:card\" content=\"summary_large_image\" \/>\n<meta name=\"twitter:creator\" content=\"@eltextual\" \/>\n<meta name=\"twitter:site\" content=\"@eltextual\" \/>\n<meta name=\"twitter:label1\" content=\"Escrito por\" \/>\n\t<meta name=\"twitter:data1\" content=\"Diario1 Diario1\" \/>\n\t<meta name=\"twitter:label2\" content=\"Tiempo de lectura\" \/>\n\t<meta name=\"twitter:data2\" content=\"3 minutos\" \/>\n<script type=\"application\/ld+json\" class=\"yoast-schema-graph\">{\"@context\":\"https:\\\/\\\/schema.org\",\"@graph\":[{\"@type\":\"Article\",\"@id\":\"https:\\\/\\\/diariotextual.com\\\/inicio\\\/index.php\\\/2024\\\/02\\\/24\\\/los-gremios-de-trabajadores-de-comercio-de-la-patagonia-salen-a-respaldar-la-rebelion-de-los-gobernadores\\\/#article\",\"isPartOf\":{\"@id\":\"https:\\\/\\\/diariotextual.com\\\/inicio\\\/index.php\\\/2024\\\/02\\\/24\\\/los-gremios-de-trabajadores-de-comercio-de-la-patagonia-salen-a-respaldar-la-rebelion-de-los-gobernadores\\\/\"},\"author\":{\"name\":\"Diario1 Diario1\",\"@id\":\"https:\\\/\\\/diariotextual.com\\\/inicio\\\/#\\\/schema\\\/person\\\/418fc4093c33e86ed41562db3508f958\"},\"headline\":\"Los gremios de trabajadores de comercio de la Patagonia salen a respaldar la rebeli\u00f3n de los gobernadores\",\"datePublished\":\"2024-02-24T21:42:48+00:00\",\"dateModified\":\"2024-02-24T21:42:50+00:00\",\"mainEntityOfPage\":{\"@id\":\"https:\\\/\\\/diariotextual.com\\\/inicio\\\/index.php\\\/2024\\\/02\\\/24\\\/los-gremios-de-trabajadores-de-comercio-de-la-patagonia-salen-a-respaldar-la-rebelion-de-los-gobernadores\\\/\"},\"wordCount\":484,\"publisher\":{\"@id\":\"https:\\\/\\\/diariotextual.com\\\/inicio\\\/#organization\"},\"articleSection\":[\"A - ES NOTICIA (van abajo)\",\"POLITICA\"],\"inLanguage\":\"es\"},{\"@type\":\"WebPage\",\"@id\":\"https:\\\/\\\/diariotextual.com\\\/inicio\\\/index.php\\\/2024\\\/02\\\/24\\\/los-gremios-de-trabajadores-de-comercio-de-la-patagonia-salen-a-respaldar-la-rebelion-de-los-gobernadores\\\/\",\"url\":\"https:\\\/\\\/diariotextual.com\\\/inicio\\\/index.php\\\/2024\\\/02\\\/24\\\/los-gremios-de-trabajadores-de-comercio-de-la-patagonia-salen-a-respaldar-la-rebelion-de-los-gobernadores\\\/\",\"name\":\"Los gremios de trabajadores de comercio de la Patagonia salen a respaldar la rebeli\u00f3n de los gobernadores - Diario Textual\",\"isPartOf\":{\"@id\":\"https:\\\/\\\/diariotextual.com\\\/inicio\\\/#website\"},\"datePublished\":\"2024-02-24T21:42:48+00:00\",\"dateModified\":\"2024-02-24T21:42:50+00:00\",\"breadcrumb\":{\"@id\":\"https:\\\/\\\/diariotextual.com\\\/inicio\\\/index.php\\\/2024\\\/02\\\/24\\\/los-gremios-de-trabajadores-de-comercio-de-la-patagonia-salen-a-respaldar-la-rebelion-de-los-gobernadores\\\/#breadcrumb\"},\"inLanguage\":\"es\",\"potentialAction\":[{\"@type\":\"ReadAction\",\"target\":[\"https:\\\/\\\/diariotextual.com\\\/inicio\\\/index.php\\\/2024\\\/02\\\/24\\\/los-gremios-de-trabajadores-de-comercio-de-la-patagonia-salen-a-respaldar-la-rebelion-de-los-gobernadores\\\/\"]}]},{\"@type\":\"BreadcrumbList\",\"@id\":\"https:\\\/\\\/diariotextual.com\\\/inicio\\\/index.php\\\/2024\\\/02\\\/24\\\/los-gremios-de-trabajadores-de-comercio-de-la-patagonia-salen-a-respaldar-la-rebelion-de-los-gobernadores\\\/#breadcrumb\",\"itemListElement\":[{\"@type\":\"ListItem\",\"position\":1,\"name\":\"Portada\",\"item\":\"https:\\\/\\\/diariotextual.com\\\/inicio\\\/\"},{\"@type\":\"ListItem\",\"position\":2,\"name\":\"Los gremios de trabajadores de comercio de la Patagonia salen a respaldar la rebeli\u00f3n de los gobernadores\"}]},{\"@type\":\"WebSite\",\"@id\":\"https:\\\/\\\/diariotextual.com\\\/inicio\\\/#website\",\"url\":\"https:\\\/\\\/diariotextual.com\\\/inicio\\\/\",\"name\":\"Diario Textual\",\"description\":\"\",\"publisher\":{\"@id\":\"https:\\\/\\\/diariotextual.com\\\/inicio\\\/#organization\"},\"potentialAction\":[{\"@type\":\"SearchAction\",\"target\":{\"@type\":\"EntryPoint\",\"urlTemplate\":\"https:\\\/\\\/diariotextual.com\\\/inicio\\\/?s={search_term_string}\"},\"query-input\":{\"@type\":\"PropertyValueSpecification\",\"valueRequired\":true,\"valueName\":\"search_term_string\"}}],\"inLanguage\":\"es\"},{\"@type\":\"Organization\",\"@id\":\"https:\\\/\\\/diariotextual.com\\\/inicio\\\/#organization\",\"name\":\"Diario Textual\",\"url\":\"https:\\\/\\\/diariotextual.com\\\/inicio\\\/\",\"logo\":{\"@type\":\"ImageObject\",\"inLanguage\":\"es\",\"@id\":\"https:\\\/\\\/diariotextual.com\\\/inicio\\\/#\\\/schema\\\/logo\\\/image\\\/\",\"url\":\"https:\\\/\\\/diariotextual.com\\\/inicio\\\/wp-content\\\/uploads\\\/2023\\\/05\\\/logotextual1.jpg\",\"contentUrl\":\"https:\\\/\\\/diariotextual.com\\\/inicio\\\/wp-content\\\/uploads\\\/2023\\\/05\\\/logotextual1.jpg\",\"width\":516,\"height\":76,\"caption\":\"Diario Textual\"},\"image\":{\"@id\":\"https:\\\/\\\/diariotextual.com\\\/inicio\\\/#\\\/schema\\\/logo\\\/image\\\/\"},\"sameAs\":[\"https:\\\/\\\/www.facebook.com\\\/eltextual\",\"https:\\\/\\\/x.com\\\/eltextual\",\"http:\\\/\\\/www.instagram.com\\\/eltextual\"]},{\"@type\":\"Person\",\"@id\":\"https:\\\/\\\/diariotextual.com\\\/inicio\\\/#\\\/schema\\\/person\\\/418fc4093c33e86ed41562db3508f958\",\"name\":\"Diario1 Diario1\",\"image\":{\"@type\":\"ImageObject\",\"inLanguage\":\"es\",\"@id\":\"https:\\\/\\\/secure.gravatar.com\\\/avatar\\\/9167d280179c85bc18be67aa7eda765854300033af4896dd779b608640f2ef7a?s=96&d=mm&r=g\",\"url\":\"https:\\\/\\\/secure.gravatar.com\\\/avatar\\\/9167d280179c85bc18be67aa7eda765854300033af4896dd779b608640f2ef7a?s=96&d=mm&r=g\",\"contentUrl\":\"https:\\\/\\\/secure.gravatar.com\\\/avatar\\\/9167d280179c85bc18be67aa7eda765854300033af4896dd779b608640f2ef7a?s=96&d=mm&r=g\",\"caption\":\"Diario1 Diario1\"},\"url\":\"https:\\\/\\\/diariotextual.com\\\/inicio\\\/index.php\\\/author\\\/diario1\\\/\"}]}<\/script>\n<!-- \/ Yoast SEO plugin. -->","yoast_head_json":{"title":"Los gremios de trabajadores de comercio de la Patagonia salen a respaldar la rebeli\u00f3n de los gobernadores - Diario Textual","robots":{"index":"index","follow":"follow","max-snippet":"max-snippet:-1","max-image-preview":"max-image-preview:large","max-video-preview":"max-video-preview:-1"},"canonical":"https:\/\/diariotextual.com\/inicio\/index.php\/2024\/02\/24\/los-gremios-de-trabajadores-de-comercio-de-la-patagonia-salen-a-respaldar-la-rebelion-de-los-gobernadores\/","og_locale":"es_ES","og_type":"article","og_title":"Los gremios de trabajadores de comercio de la Patagonia salen a respaldar la rebeli\u00f3n de los gobernadores - Diario Textual","og_description":"Integrantes de los gremios mercantiles de la Patagonia, entre ellos el CEC de Santa Rosa que comanda Rodrigo Genoni, salieron a respaldar los reclamos de los gobernadores por los recortes&hellip;","og_url":"https:\/\/diariotextual.com\/inicio\/index.php\/2024\/02\/24\/los-gremios-de-trabajadores-de-comercio-de-la-patagonia-salen-a-respaldar-la-rebelion-de-los-gobernadores\/","og_site_name":"Diario Textual","article_publisher":"https:\/\/www.facebook.com\/eltextual","article_published_time":"2024-02-24T21:42:48+00:00","article_modified_time":"2024-02-24T21:42:50+00:00","author":"Diario1 Diario1","twitter_card":"summary_large_image","twitter_creator":"@eltextual","twitter_site":"@eltextual","twitter_misc":{"Escrito por":"Diario1 Diario1","Tiempo de lectura":"3 minutos"},"schema":{"@context":"https:\/\/schema.org","@graph":[{"@type":"Article","@id":"https:\/\/diariotextual.com\/inicio\/index.php\/2024\/02\/24\/los-gremios-de-trabajadores-de-comercio-de-la-patagonia-salen-a-respaldar-la-rebelion-de-los-gobernadores\/#article","isPartOf":{"@id":"https:\/\/diariotextual.com\/inicio\/index.php\/2024\/02\/24\/los-gremios-de-trabajadores-de-comercio-de-la-patagonia-salen-a-respaldar-la-rebelion-de-los-gobernadores\/"},"author":{"name":"Diario1 Diario1","@id":"https:\/\/diariotextual.com\/inicio\/#\/schema\/person\/418fc4093c33e86ed41562db3508f958"},"headline":"Los gremios de trabajadores de comercio de la Patagonia salen a respaldar la rebeli\u00f3n de los gobernadores","datePublished":"2024-02-24T21:42:48+00:00","dateModified":"2024-02-24T21:42:50+00:00","mainEntityOfPage":{"@id":"https:\/\/diariotextual.com\/inicio\/index.php\/2024\/02\/24\/los-gremios-de-trabajadores-de-comercio-de-la-patagonia-salen-a-respaldar-la-rebelion-de-los-gobernadores\/"},"wordCount":484,"publisher":{"@id":"https:\/\/diariotextual.com\/inicio\/#organization"},"articleSection":["A - ES NOTICIA (van abajo)","POLITICA"],"inLanguage":"es"},{"@type":"WebPage","@id":"https:\/\/diariotextual.com\/inicio\/index.php\/2024\/02\/24\/los-gremios-de-trabajadores-de-comercio-de-la-patagonia-salen-a-respaldar-la-rebelion-de-los-gobernadores\/","url":"https:\/\/diariotextual.com\/inicio\/index.php\/2024\/02\/24\/los-gremios-de-trabajadores-de-comercio-de-la-patagonia-salen-a-respaldar-la-rebelion-de-los-gobernadores\/","name":"Los gremios de trabajadores de comercio de la Patagonia salen a respaldar la rebeli\u00f3n de los gobernadores - Diario Textual","isPartOf":{"@id":"https:\/\/diariotextual.com\/inicio\/#website"},"datePublished":"2024-02-24T21:42:48+00:00","dateModified":"2024-02-24T21:42:50+00:00","breadcrumb":{"@id":"https:\/\/diariotextual.com\/inicio\/index.php\/2024\/02\/24\/los-gremios-de-trabajadores-de-comercio-de-la-patagonia-salen-a-respaldar-la-rebelion-de-los-gobernadores\/#breadcrumb"},"inLanguage":"es","potentialAction":[{"@type":"ReadAction","target":["https:\/\/diariotextual.com\/inicio\/index.php\/2024\/02\/24\/los-gremios-de-trabajadores-de-comercio-de-la-patagonia-salen-a-respaldar-la-rebelion-de-los-gobernadores\/"]}]},{"@type":"BreadcrumbList","@id":"https:\/\/diariotextual.com\/inicio\/index.php\/2024\/02\/24\/los-gremios-de-trabajadores-de-comercio-de-la-patagonia-salen-a-respaldar-la-rebelion-de-los-gobernadores\/#breadcrumb","itemListElement":[{"@type":"ListItem","position":1,"name":"Portada","item":"https:\/\/diariotextual.com\/inicio\/"},{"@type":"ListItem","position":2,"name":"Los gremios de trabajadores de comercio de la Patagonia salen a respaldar la rebeli\u00f3n de los gobernadores"}]},{"@type":"WebSite","@id":"https:\/\/diariotextual.com\/inicio\/#website","url":"https:\/\/diariotextual.com\/inicio\/","name":"Diario Textual","description":"","publisher":{"@id":"https:\/\/diariotextual.com\/inicio\/#organization"},"potentialAction":[{"@type":"SearchAction","target":{"@type":"EntryPoint","urlTemplate":"https:\/\/diariotextual.com\/inicio\/?s={search_term_string}"},"query-input":{"@type":"PropertyValueSpecification","valueRequired":true,"valueName":"search_term_string"}}],"inLanguage":"es"},{"@type":"Organization","@id":"https:\/\/diariotextual.com\/inicio\/#organization","name":"Diario Textual","url":"https:\/\/diariotextual.com\/inicio\/","logo":{"@type":"ImageObject","inLanguage":"es","@id":"https:\/\/diariotextual.com\/inicio\/#\/schema\/logo\/image\/","url":"https:\/\/diariotextual.com\/inicio\/wp-content\/uploads\/2023\/05\/logotextual1.jpg","contentUrl":"https:\/\/diariotextual.com\/inicio\/wp-content\/uploads\/2023\/05\/logotextual1.jpg","width":516,"height":76,"caption":"Diario Textual"},"image":{"@id":"https:\/\/diariotextual.com\/inicio\/#\/schema\/logo\/image\/"},"sameAs":["https:\/\/www.facebook.com\/eltextual","https:\/\/x.com\/eltextual","http:\/\/www.instagram.com\/eltextual"]},{"@type":"Person","@id":"https:\/\/diariotextual.com\/inicio\/#\/schema\/person\/418fc4093c33e86ed41562db3508f958","name":"Diario1 Diario1","image":{"@type":"ImageObject","inLanguage":"es","@id":"https:\/\/secure.gravatar.com\/avatar\/9167d280179c85bc18be67aa7eda765854300033af4896dd779b608640f2ef7a?s=96&d=mm&r=g","url":"https:\/\/secure.gravatar.com\/avatar\/9167d280179c85bc18be67aa7eda765854300033af4896dd779b608640f2ef7a?s=96&d=mm&r=g","contentUrl":"https:\/\/secure.gravatar.com\/avatar\/9167d280179c85bc18be67aa7eda765854300033af4896dd779b608640f2ef7a?s=96&d=mm&r=g","caption":"Diario1 Diario1"},"url":"https:\/\/diariotextual.com\/inicio\/index.php\/author\/diario1\/"}]}},"_links":{"self":[{"href":"https:\/\/diariotextual.com\/inicio\/index.php\/wp-json\/wp\/v2\/posts\/254997","targetHints":{"allow":["GET"]}}],"collection":[{"href":"https:\/\/diariotextual.com\/inicio\/index.php\/wp-json\/wp\/v2\/posts"}],"about":[{"href":"https:\/\/diariotextual.com\/inicio\/index.php\/wp-json\/wp\/v2\/types\/post"}],"author":[{"embeddable":true,"href":"https:\/\/diariotextual.com\/inicio\/index.php\/wp-json\/wp\/v2\/users\/3"}],"replies":[{"embeddable":true,"href":"https:\/\/diariotextual.com\/inicio\/index.php\/wp-json\/wp\/v2\/comments?post=254997"}],"version-history":[{"count":1,"href":"https:\/\/diariotextual.com\/inicio\/index.php\/wp-json\/wp\/v2\/posts\/254997\/revisions"}],"predecessor-version":[{"id":254998,"href":"https:\/\/diariotextual.com\/inicio\/index.php\/wp-json\/wp\/v2\/posts\/254997\/revisions\/254998"}],"wp:attachment":[{"href":"https:\/\/diariotextual.com\/inicio\/index.php\/wp-json\/wp\/v2\/media?parent=254997"}],"wp:term":[{"taxonomy":"category","embeddable":true,"href":"https:\/\/diariotextual.com\/inicio\/index.php\/wp-json\/wp\/v2\/categories?post=254997"},{"taxonomy":"post_tag","embeddable":true,"href":"https:\/\/diariotextual.com\/inicio\/index.php\/wp-json\/wp\/v2\/tags?post=254997"}],"curies":[{"name":"wp","href":"https:\/\/api.w.org\/{rel}","templated":true}]}}