{"id":255002,"date":"2024-02-24T18:53:45","date_gmt":"2024-02-24T21:53:45","guid":{"rendered":"https:\/\/diariotextual.com\/inicio\/?p=255002"},"modified":"2024-02-25T10:11:18","modified_gmt":"2024-02-25T13:11:18","slug":"milei-tuvo-su-foto-con-trump-no-nos-vamos-a-rendir-en-hacer-a-argentina-grande-de-nuevo","status":"publish","type":"post","link":"https:\/\/diariotextual.com\/inicio\/index.php\/2024\/02\/24\/milei-tuvo-su-foto-con-trump-no-nos-vamos-a-rendir-en-hacer-a-argentina-grande-de-nuevo\/","title":{"rendered":"Milei tuvo su foto con Trump: \u201cNo nos vamos a rendir en hacer a Argentina grande de nuevo\u201d"},"content":{"rendered":"\n<p>El presidente, <strong>Javier Milei<\/strong>, particip\u00f3 hoy de la Conferencia de Acci\u00f3n Pol\u00edtica Conservadora (CPAC), una cumbre conservadora en Washington que organiz\u00f3 el actual candidato presidencial norteamericano <strong>Donald Trump<\/strong>. \u201cNo nos vamos a rendir en hacer a Argentina grande de nuevo\u201d, dijo en el acto, luego de un breve encuentro con el exmandatario norteamericano.<\/p>\n\n\n\n<p>\u201cLa casta corrupta se compone de pol\u00edticos ladrones, que ponen sus privilegios por encima del bienestar de los argentinos. Por empresarios prebendarios que hacen negocios con los pol\u00edticos corruptos. Por medios de comunicaci\u00f3n corruptos que est\u00e1n muy enojados con nosotros porque les eliminamos la pauta oficial\u201d, enfatiz\u00f3 Milei.<\/p>\n\n\n\n<p>&nbsp;\u201cTambi\u00e9n por sindicalistas que se ocupan de sus negocios en contra de la gente. Y profesionales que viven de la religi\u00f3n del Estado. Por lo tanto, tomar\u00e1n conciencia de la gran pelea que estamos dando, pero no nos vamos a rendir en hacer a Argentina grande de nuevo\u201d, expres\u00f3.<\/p>\n\n\n\n<p>El mandatario hab\u00eda viajando con una acotada comitiva integrada por su hermana y secretaria General de la Presidencia, Karina Milei, y el embajador argentino en los Estados Unidos, Gerardo Werthein.<\/p>\n\n\n\n<p>De esta forma, Milei busc\u00f3 hacerle un gui\u00f1o al candidato presidencial opositor en las elecciones norteamericanas, con quien se siente m\u00e1s cerca ideol\u00f3gicamente. Trump est\u00e1 en carrera para ganarle la pulseada al actual presidente estadounidense, Joe Biden, y volver a la Casa Blanca.<\/p>\n\n\n\n<p>Milei dio su discurso extenso discurso en el foro que re\u00fane al ala m\u00e1s conservadora de los Estados Unidos, pero no se reuni\u00f3 formalmente con Trump. Sin embargo, el ex mandatario del pa\u00eds del norte le dedic\u00f3 unas palabras al presidente argentino durante su intervenci\u00f3n.<\/p>\n\n\n\n<p>\u201cEs uno de los pocos que puede hacer grande a la Argentina otra vez\u201d, dijo Trump al referirse a Milei, quien estaba presente en el auditorio.<\/p>\n\n\n\n<p>\u201cQuiero agradecer al presidente de la Argentina, que tuvo mucha publicidad. Es un gran se\u00f1or, es MAGA, Make Argentina Great Again. Puede hacerlo bien. Javier Milei. Gracias Milei, muchas gracias, es un gran honor tenerte aqu\u00ed\u201d, sostuvo el exmandatario norteamericano.<\/p>\n\n\n\n<p>En tanto, Milei no pudo contener la emoci\u00f3n y se fundi\u00f3 en un fuerte abrazo con el l\u00edder republicano al encontrarse con \u00e9l en un detr\u00e1s de escena de la convenci\u00f3n.<\/p>\n\n\n\n<p>\u201cEstoy muy feliz\u201d, le dijo el mandatario nacional a Trump mientras la daba un fuerte abrazo. \u201cSos muy generoso conmigo\u201d, agreg\u00f3 el libertario en un video que comparti\u00f3 en redes sociales el vocero presidencial, Manuel Adorni.<\/p>\n\n\n\n<p><\/p>\n","protected":false},"excerpt":{"rendered":"<p>El presidente, Javier Milei, particip\u00f3 hoy de la Conferencia de Acci\u00f3n Pol\u00edtica Conservadora (CPAC), una cumbre conservadora en Washington que organiz\u00f3 el actual candidato presidencial norteamericano Donald Trump. \u201cNo nos&hellip;<\/p>\n","protected":false},"author":3,"featured_media":255004,"comment_status":"closed","ping_status":"open","sticky":false,"template":"","format":"standard","meta":{"_acf_changed":false,"footnotes":""},"categories":[1,8],"tags":[],"class_list":["post-255002","post","type-post","status-publish","format-standard","has-post-thumbnail","hentry","category-es-noticia","category-politica"],"acf":[],"yoast_head":"<!-- This site is optimized with the Yoast SEO plugin v27.5 - https:\/\/yoast.com\/product\/yoast-seo-wordpress\/ -->\n<title>Milei tuvo su foto con Trump: \u201cNo nos vamos a rendir en hacer a Argentina grande de nuevo\u201d - Diario Textual<\/title>\n<meta name=\"robots\" content=\"index, follow, max-snippet:-1, max-image-preview:large, max-video-preview:-1\" \/>\n<link rel=\"canonical\" href=\"https:\/\/diariotextual.com\/inicio\/index.php\/2024\/02\/24\/milei-tuvo-su-foto-con-trump-no-nos-vamos-a-rendir-en-hacer-a-argentina-grande-de-nuevo\/\" \/>\n<meta property=\"og:locale\" content=\"es_ES\" \/>\n<meta property=\"og:type\" content=\"article\" \/>\n<meta property=\"og:title\" content=\"Milei tuvo su foto con Trump: \u201cNo nos vamos a rendir en hacer a Argentina grande de nuevo\u201d - Diario Textual\" \/>\n<meta property=\"og:description\" content=\"El presidente, Javier Milei, particip\u00f3 hoy de la Conferencia de Acci\u00f3n Pol\u00edtica Conservadora (CPAC), una cumbre conservadora en Washington que organiz\u00f3 el actual candidato presidencial norteamericano Donald Trump. \u201cNo nos&hellip;\" \/>\n<meta property=\"og:url\" content=\"https:\/\/diariotextual.com\/inicio\/index.php\/2024\/02\/24\/milei-tuvo-su-foto-con-trump-no-nos-vamos-a-rendir-en-hacer-a-argentina-grande-de-nuevo\/\" \/>\n<meta property=\"og:site_name\" content=\"Diario Textual\" \/>\n<meta property=\"article:publisher\" content=\"https:\/\/www.facebook.com\/eltextual\" \/>\n<meta property=\"article:published_time\" content=\"2024-02-24T21:53:45+00:00\" \/>\n<meta property=\"article:modified_time\" content=\"2024-02-25T13:11:18+00:00\" \/>\n<meta property=\"og:image\" content=\"https:\/\/diariotextual.com\/inicio\/wp-content\/uploads\/2024\/02\/mileijaviertrumpdonald2024-1.jpg\" \/>\n\t<meta property=\"og:image:width\" content=\"1280\" \/>\n\t<meta property=\"og:image:height\" content=\"720\" \/>\n\t<meta property=\"og:image:type\" content=\"image\/jpeg\" \/>\n<meta name=\"author\" content=\"Diario1 Diario1\" \/>\n<meta name=\"twitter:card\" content=\"summary_large_image\" \/>\n<meta name=\"twitter:creator\" content=\"@eltextual\" \/>\n<meta name=\"twitter:site\" content=\"@eltextual\" \/>\n<meta name=\"twitter:label1\" content=\"Escrito por\" \/>\n\t<meta name=\"twitter:data1\" content=\"Diario1 Diario1\" \/>\n\t<meta name=\"twitter:label2\" content=\"Tiempo de lectura\" \/>\n\t<meta name=\"twitter:data2\" content=\"3 minutos\" \/>\n<script type=\"application\/ld+json\" class=\"yoast-schema-graph\">{\"@context\":\"https:\\\/\\\/schema.org\",\"@graph\":[{\"@type\":\"Article\",\"@id\":\"https:\\\/\\\/diariotextual.com\\\/inicio\\\/index.php\\\/2024\\\/02\\\/24\\\/milei-tuvo-su-foto-con-trump-no-nos-vamos-a-rendir-en-hacer-a-argentina-grande-de-nuevo\\\/#article\",\"isPartOf\":{\"@id\":\"https:\\\/\\\/diariotextual.com\\\/inicio\\\/index.php\\\/2024\\\/02\\\/24\\\/milei-tuvo-su-foto-con-trump-no-nos-vamos-a-rendir-en-hacer-a-argentina-grande-de-nuevo\\\/\"},\"author\":{\"name\":\"Diario1 Diario1\",\"@id\":\"https:\\\/\\\/diariotextual.com\\\/inicio\\\/#\\\/schema\\\/person\\\/418fc4093c33e86ed41562db3508f958\"},\"headline\":\"Milei tuvo su foto con Trump: \u201cNo nos vamos a rendir en hacer a Argentina grande de nuevo\u201d\",\"datePublished\":\"2024-02-24T21:53:45+00:00\",\"dateModified\":\"2024-02-25T13:11:18+00:00\",\"mainEntityOfPage\":{\"@id\":\"https:\\\/\\\/diariotextual.com\\\/inicio\\\/index.php\\\/2024\\\/02\\\/24\\\/milei-tuvo-su-foto-con-trump-no-nos-vamos-a-rendir-en-hacer-a-argentina-grande-de-nuevo\\\/\"},\"wordCount\":442,\"publisher\":{\"@id\":\"https:\\\/\\\/diariotextual.com\\\/inicio\\\/#organization\"},\"image\":{\"@id\":\"https:\\\/\\\/diariotextual.com\\\/inicio\\\/index.php\\\/2024\\\/02\\\/24\\\/milei-tuvo-su-foto-con-trump-no-nos-vamos-a-rendir-en-hacer-a-argentina-grande-de-nuevo\\\/#primaryimage\"},\"thumbnailUrl\":\"https:\\\/\\\/diariotextual.com\\\/inicio\\\/wp-content\\\/uploads\\\/2024\\\/02\\\/mileijaviertrumpdonald2024-1.jpg\",\"articleSection\":[\"A - ES NOTICIA (van abajo)\",\"POLITICA\"],\"inLanguage\":\"es\"},{\"@type\":\"WebPage\",\"@id\":\"https:\\\/\\\/diariotextual.com\\\/inicio\\\/index.php\\\/2024\\\/02\\\/24\\\/milei-tuvo-su-foto-con-trump-no-nos-vamos-a-rendir-en-hacer-a-argentina-grande-de-nuevo\\\/\",\"url\":\"https:\\\/\\\/diariotextual.com\\\/inicio\\\/index.php\\\/2024\\\/02\\\/24\\\/milei-tuvo-su-foto-con-trump-no-nos-vamos-a-rendir-en-hacer-a-argentina-grande-de-nuevo\\\/\",\"name\":\"Milei tuvo su foto con Trump: \u201cNo nos vamos a rendir en hacer a Argentina grande de nuevo\u201d - Diario Textual\",\"isPartOf\":{\"@id\":\"https:\\\/\\\/diariotextual.com\\\/inicio\\\/#website\"},\"primaryImageOfPage\":{\"@id\":\"https:\\\/\\\/diariotextual.com\\\/inicio\\\/index.php\\\/2024\\\/02\\\/24\\\/milei-tuvo-su-foto-con-trump-no-nos-vamos-a-rendir-en-hacer-a-argentina-grande-de-nuevo\\\/#primaryimage\"},\"image\":{\"@id\":\"https:\\\/\\\/diariotextual.com\\\/inicio\\\/index.php\\\/2024\\\/02\\\/24\\\/milei-tuvo-su-foto-con-trump-no-nos-vamos-a-rendir-en-hacer-a-argentina-grande-de-nuevo\\\/#primaryimage\"},\"thumbnailUrl\":\"https:\\\/\\\/diariotextual.com\\\/inicio\\\/wp-content\\\/uploads\\\/2024\\\/02\\\/mileijaviertrumpdonald2024-1.jpg\",\"datePublished\":\"2024-02-24T21:53:45+00:00\",\"dateModified\":\"2024-02-25T13:11:18+00:00\",\"breadcrumb\":{\"@id\":\"https:\\\/\\\/diariotextual.com\\\/inicio\\\/index.php\\\/2024\\\/02\\\/24\\\/milei-tuvo-su-foto-con-trump-no-nos-vamos-a-rendir-en-hacer-a-argentina-grande-de-nuevo\\\/#breadcrumb\"},\"inLanguage\":\"es\",\"potentialAction\":[{\"@type\":\"ReadAction\",\"target\":[\"https:\\\/\\\/diariotextual.com\\\/inicio\\\/index.php\\\/2024\\\/02\\\/24\\\/milei-tuvo-su-foto-con-trump-no-nos-vamos-a-rendir-en-hacer-a-argentina-grande-de-nuevo\\\/\"]}]},{\"@type\":\"ImageObject\",\"inLanguage\":\"es\",\"@id\":\"https:\\\/\\\/diariotextual.com\\\/inicio\\\/index.php\\\/2024\\\/02\\\/24\\\/milei-tuvo-su-foto-con-trump-no-nos-vamos-a-rendir-en-hacer-a-argentina-grande-de-nuevo\\\/#primaryimage\",\"url\":\"https:\\\/\\\/diariotextual.com\\\/inicio\\\/wp-content\\\/uploads\\\/2024\\\/02\\\/mileijaviertrumpdonald2024-1.jpg\",\"contentUrl\":\"https:\\\/\\\/diariotextual.com\\\/inicio\\\/wp-content\\\/uploads\\\/2024\\\/02\\\/mileijaviertrumpdonald2024-1.jpg\",\"width\":1280,\"height\":720},{\"@type\":\"BreadcrumbList\",\"@id\":\"https:\\\/\\\/diariotextual.com\\\/inicio\\\/index.php\\\/2024\\\/02\\\/24\\\/milei-tuvo-su-foto-con-trump-no-nos-vamos-a-rendir-en-hacer-a-argentina-grande-de-nuevo\\\/#breadcrumb\",\"itemListElement\":[{\"@type\":\"ListItem\",\"position\":1,\"name\":\"Portada\",\"item\":\"https:\\\/\\\/diariotextual.com\\\/inicio\\\/\"},{\"@type\":\"ListItem\",\"position\":2,\"name\":\"Milei tuvo su foto con Trump: \u201cNo nos vamos a rendir en hacer a Argentina grande de nuevo\u201d\"}]},{\"@type\":\"WebSite\",\"@id\":\"https:\\\/\\\/diariotextual.com\\\/inicio\\\/#website\",\"url\":\"https:\\\/\\\/diariotextual.com\\\/inicio\\\/\",\"name\":\"Diario Textual\",\"description\":\"\",\"publisher\":{\"@id\":\"https:\\\/\\\/diariotextual.com\\\/inicio\\\/#organization\"},\"potentialAction\":[{\"@type\":\"SearchAction\",\"target\":{\"@type\":\"EntryPoint\",\"urlTemplate\":\"https:\\\/\\\/diariotextual.com\\\/inicio\\\/?s={search_term_string}\"},\"query-input\":{\"@type\":\"PropertyValueSpecification\",\"valueRequired\":true,\"valueName\":\"search_term_string\"}}],\"inLanguage\":\"es\"},{\"@type\":\"Organization\",\"@id\":\"https:\\\/\\\/diariotextual.com\\\/inicio\\\/#organization\",\"name\":\"Diario Textual\",\"url\":\"https:\\\/\\\/diariotextual.com\\\/inicio\\\/\",\"logo\":{\"@type\":\"ImageObject\",\"inLanguage\":\"es\",\"@id\":\"https:\\\/\\\/diariotextual.com\\\/inicio\\\/#\\\/schema\\\/logo\\\/image\\\/\",\"url\":\"https:\\\/\\\/diariotextual.com\\\/inicio\\\/wp-content\\\/uploads\\\/2023\\\/05\\\/logotextual1.jpg\",\"contentUrl\":\"https:\\\/\\\/diariotextual.com\\\/inicio\\\/wp-content\\\/uploads\\\/2023\\\/05\\\/logotextual1.jpg\",\"width\":516,\"height\":76,\"caption\":\"Diario Textual\"},\"image\":{\"@id\":\"https:\\\/\\\/diariotextual.com\\\/inicio\\\/#\\\/schema\\\/logo\\\/image\\\/\"},\"sameAs\":[\"https:\\\/\\\/www.facebook.com\\\/eltextual\",\"https:\\\/\\\/x.com\\\/eltextual\",\"http:\\\/\\\/www.instagram.com\\\/eltextual\"]},{\"@type\":\"Person\",\"@id\":\"https:\\\/\\\/diariotextual.com\\\/inicio\\\/#\\\/schema\\\/person\\\/418fc4093c33e86ed41562db3508f958\",\"name\":\"Diario1 Diario1\",\"image\":{\"@type\":\"ImageObject\",\"inLanguage\":\"es\",\"@id\":\"https:\\\/\\\/secure.gravatar.com\\\/avatar\\\/9167d280179c85bc18be67aa7eda765854300033af4896dd779b608640f2ef7a?s=96&d=mm&r=g\",\"url\":\"https:\\\/\\\/secure.gravatar.com\\\/avatar\\\/9167d280179c85bc18be67aa7eda765854300033af4896dd779b608640f2ef7a?s=96&d=mm&r=g\",\"contentUrl\":\"https:\\\/\\\/secure.gravatar.com\\\/avatar\\\/9167d280179c85bc18be67aa7eda765854300033af4896dd779b608640f2ef7a?s=96&d=mm&r=g\",\"caption\":\"Diario1 Diario1\"},\"url\":\"https:\\\/\\\/diariotextual.com\\\/inicio\\\/index.php\\\/author\\\/diario1\\\/\"}]}<\/script>\n<!-- \/ Yoast SEO plugin. -->","yoast_head_json":{"title":"Milei tuvo su foto con Trump: \u201cNo nos vamos a rendir en hacer a Argentina grande de nuevo\u201d - Diario Textual","robots":{"index":"index","follow":"follow","max-snippet":"max-snippet:-1","max-image-preview":"max-image-preview:large","max-video-preview":"max-video-preview:-1"},"canonical":"https:\/\/diariotextual.com\/inicio\/index.php\/2024\/02\/24\/milei-tuvo-su-foto-con-trump-no-nos-vamos-a-rendir-en-hacer-a-argentina-grande-de-nuevo\/","og_locale":"es_ES","og_type":"article","og_title":"Milei tuvo su foto con Trump: \u201cNo nos vamos a rendir en hacer a Argentina grande de nuevo\u201d - Diario Textual","og_description":"El presidente, Javier Milei, particip\u00f3 hoy de la Conferencia de Acci\u00f3n Pol\u00edtica Conservadora (CPAC), una cumbre conservadora en Washington que organiz\u00f3 el actual candidato presidencial norteamericano Donald Trump. \u201cNo nos&hellip;","og_url":"https:\/\/diariotextual.com\/inicio\/index.php\/2024\/02\/24\/milei-tuvo-su-foto-con-trump-no-nos-vamos-a-rendir-en-hacer-a-argentina-grande-de-nuevo\/","og_site_name":"Diario Textual","article_publisher":"https:\/\/www.facebook.com\/eltextual","article_published_time":"2024-02-24T21:53:45+00:00","article_modified_time":"2024-02-25T13:11:18+00:00","og_image":[{"width":1280,"height":720,"url":"https:\/\/diariotextual.com\/inicio\/wp-content\/uploads\/2024\/02\/mileijaviertrumpdonald2024-1.jpg","type":"image\/jpeg"}],"author":"Diario1 Diario1","twitter_card":"summary_large_image","twitter_creator":"@eltextual","twitter_site":"@eltextual","twitter_misc":{"Escrito por":"Diario1 Diario1","Tiempo de lectura":"3 minutos"},"schema":{"@context":"https:\/\/schema.org","@graph":[{"@type":"Article","@id":"https:\/\/diariotextual.com\/inicio\/index.php\/2024\/02\/24\/milei-tuvo-su-foto-con-trump-no-nos-vamos-a-rendir-en-hacer-a-argentina-grande-de-nuevo\/#article","isPartOf":{"@id":"https:\/\/diariotextual.com\/inicio\/index.php\/2024\/02\/24\/milei-tuvo-su-foto-con-trump-no-nos-vamos-a-rendir-en-hacer-a-argentina-grande-de-nuevo\/"},"author":{"name":"Diario1 Diario1","@id":"https:\/\/diariotextual.com\/inicio\/#\/schema\/person\/418fc4093c33e86ed41562db3508f958"},"headline":"Milei tuvo su foto con Trump: \u201cNo nos vamos a rendir en hacer a Argentina grande de nuevo\u201d","datePublished":"2024-02-24T21:53:45+00:00","dateModified":"2024-02-25T13:11:18+00:00","mainEntityOfPage":{"@id":"https:\/\/diariotextual.com\/inicio\/index.php\/2024\/02\/24\/milei-tuvo-su-foto-con-trump-no-nos-vamos-a-rendir-en-hacer-a-argentina-grande-de-nuevo\/"},"wordCount":442,"publisher":{"@id":"https:\/\/diariotextual.com\/inicio\/#organization"},"image":{"@id":"https:\/\/diariotextual.com\/inicio\/index.php\/2024\/02\/24\/milei-tuvo-su-foto-con-trump-no-nos-vamos-a-rendir-en-hacer-a-argentina-grande-de-nuevo\/#primaryimage"},"thumbnailUrl":"https:\/\/diariotextual.com\/inicio\/wp-content\/uploads\/2024\/02\/mileijaviertrumpdonald2024-1.jpg","articleSection":["A - ES NOTICIA (van abajo)","POLITICA"],"inLanguage":"es"},{"@type":"WebPage","@id":"https:\/\/diariotextual.com\/inicio\/index.php\/2024\/02\/24\/milei-tuvo-su-foto-con-trump-no-nos-vamos-a-rendir-en-hacer-a-argentina-grande-de-nuevo\/","url":"https:\/\/diariotextual.com\/inicio\/index.php\/2024\/02\/24\/milei-tuvo-su-foto-con-trump-no-nos-vamos-a-rendir-en-hacer-a-argentina-grande-de-nuevo\/","name":"Milei tuvo su foto con Trump: \u201cNo nos vamos a rendir en hacer a Argentina grande de nuevo\u201d - Diario Textual","isPartOf":{"@id":"https:\/\/diariotextual.com\/inicio\/#website"},"primaryImageOfPage":{"@id":"https:\/\/diariotextual.com\/inicio\/index.php\/2024\/02\/24\/milei-tuvo-su-foto-con-trump-no-nos-vamos-a-rendir-en-hacer-a-argentina-grande-de-nuevo\/#primaryimage"},"image":{"@id":"https:\/\/diariotextual.com\/inicio\/index.php\/2024\/02\/24\/milei-tuvo-su-foto-con-trump-no-nos-vamos-a-rendir-en-hacer-a-argentina-grande-de-nuevo\/#primaryimage"},"thumbnailUrl":"https:\/\/diariotextual.com\/inicio\/wp-content\/uploads\/2024\/02\/mileijaviertrumpdonald2024-1.jpg","datePublished":"2024-02-24T21:53:45+00:00","dateModified":"2024-02-25T13:11:18+00:00","breadcrumb":{"@id":"https:\/\/diariotextual.com\/inicio\/index.php\/2024\/02\/24\/milei-tuvo-su-foto-con-trump-no-nos-vamos-a-rendir-en-hacer-a-argentina-grande-de-nuevo\/#breadcrumb"},"inLanguage":"es","potentialAction":[{"@type":"ReadAction","target":["https:\/\/diariotextual.com\/inicio\/index.php\/2024\/02\/24\/milei-tuvo-su-foto-con-trump-no-nos-vamos-a-rendir-en-hacer-a-argentina-grande-de-nuevo\/"]}]},{"@type":"ImageObject","inLanguage":"es","@id":"https:\/\/diariotextual.com\/inicio\/index.php\/2024\/02\/24\/milei-tuvo-su-foto-con-trump-no-nos-vamos-a-rendir-en-hacer-a-argentina-grande-de-nuevo\/#primaryimage","url":"https:\/\/diariotextual.com\/inicio\/wp-content\/uploads\/2024\/02\/mileijaviertrumpdonald2024-1.jpg","contentUrl":"https:\/\/diariotextual.com\/inicio\/wp-content\/uploads\/2024\/02\/mileijaviertrumpdonald2024-1.jpg","width":1280,"height":720},{"@type":"BreadcrumbList","@id":"https:\/\/diariotextual.com\/inicio\/index.php\/2024\/02\/24\/milei-tuvo-su-foto-con-trump-no-nos-vamos-a-rendir-en-hacer-a-argentina-grande-de-nuevo\/#breadcrumb","itemListElement":[{"@type":"ListItem","position":1,"name":"Portada","item":"https:\/\/diariotextual.com\/inicio\/"},{"@type":"ListItem","position":2,"name":"Milei tuvo su foto con Trump: \u201cNo nos vamos a rendir en hacer a Argentina grande de nuevo\u201d"}]},{"@type":"WebSite","@id":"https:\/\/diariotextual.com\/inicio\/#website","url":"https:\/\/diariotextual.com\/inicio\/","name":"Diario Textual","description":"","publisher":{"@id":"https:\/\/diariotextual.com\/inicio\/#organization"},"potentialAction":[{"@type":"SearchAction","target":{"@type":"EntryPoint","urlTemplate":"https:\/\/diariotextual.com\/inicio\/?s={search_term_string}"},"query-input":{"@type":"PropertyValueSpecification","valueRequired":true,"valueName":"search_term_string"}}],"inLanguage":"es"},{"@type":"Organization","@id":"https:\/\/diariotextual.com\/inicio\/#organization","name":"Diario Textual","url":"https:\/\/diariotextual.com\/inicio\/","logo":{"@type":"ImageObject","inLanguage":"es","@id":"https:\/\/diariotextual.com\/inicio\/#\/schema\/logo\/image\/","url":"https:\/\/diariotextual.com\/inicio\/wp-content\/uploads\/2023\/05\/logotextual1.jpg","contentUrl":"https:\/\/diariotextual.com\/inicio\/wp-content\/uploads\/2023\/05\/logotextual1.jpg","width":516,"height":76,"caption":"Diario Textual"},"image":{"@id":"https:\/\/diariotextual.com\/inicio\/#\/schema\/logo\/image\/"},"sameAs":["https:\/\/www.facebook.com\/eltextual","https:\/\/x.com\/eltextual","http:\/\/www.instagram.com\/eltextual"]},{"@type":"Person","@id":"https:\/\/diariotextual.com\/inicio\/#\/schema\/person\/418fc4093c33e86ed41562db3508f958","name":"Diario1 Diario1","image":{"@type":"ImageObject","inLanguage":"es","@id":"https:\/\/secure.gravatar.com\/avatar\/9167d280179c85bc18be67aa7eda765854300033af4896dd779b608640f2ef7a?s=96&d=mm&r=g","url":"https:\/\/secure.gravatar.com\/avatar\/9167d280179c85bc18be67aa7eda765854300033af4896dd779b608640f2ef7a?s=96&d=mm&r=g","contentUrl":"https:\/\/secure.gravatar.com\/avatar\/9167d280179c85bc18be67aa7eda765854300033af4896dd779b608640f2ef7a?s=96&d=mm&r=g","caption":"Diario1 Diario1"},"url":"https:\/\/diariotextual.com\/inicio\/index.php\/author\/diario1\/"}]}},"_links":{"self":[{"href":"https:\/\/diariotextual.com\/inicio\/index.php\/wp-json\/wp\/v2\/posts\/255002","targetHints":{"allow":["GET"]}}],"collection":[{"href":"https:\/\/diariotextual.com\/inicio\/index.php\/wp-json\/wp\/v2\/posts"}],"about":[{"href":"https:\/\/diariotextual.com\/inicio\/index.php\/wp-json\/wp\/v2\/types\/post"}],"author":[{"embeddable":true,"href":"https:\/\/diariotextual.com\/inicio\/index.php\/wp-json\/wp\/v2\/users\/3"}],"replies":[{"embeddable":true,"href":"https:\/\/diariotextual.com\/inicio\/index.php\/wp-json\/wp\/v2\/comments?post=255002"}],"version-history":[{"count":1,"href":"https:\/\/diariotextual.com\/inicio\/index.php\/wp-json\/wp\/v2\/posts\/255002\/revisions"}],"predecessor-version":[{"id":255003,"href":"https:\/\/diariotextual.com\/inicio\/index.php\/wp-json\/wp\/v2\/posts\/255002\/revisions\/255003"}],"wp:featuredmedia":[{"embeddable":true,"href":"https:\/\/diariotextual.com\/inicio\/index.php\/wp-json\/wp\/v2\/media\/255004"}],"wp:attachment":[{"href":"https:\/\/diariotextual.com\/inicio\/index.php\/wp-json\/wp\/v2\/media?parent=255002"}],"wp:term":[{"taxonomy":"category","embeddable":true,"href":"https:\/\/diariotextual.com\/inicio\/index.php\/wp-json\/wp\/v2\/categories?post=255002"},{"taxonomy":"post_tag","embeddable":true,"href":"https:\/\/diariotextual.com\/inicio\/index.php\/wp-json\/wp\/v2\/tags?post=255002"}],"curies":[{"name":"wp","href":"https:\/\/api.w.org\/{rel}","templated":true}]}}