{"id":255080,"date":"2024-02-26T06:58:25","date_gmt":"2024-02-26T09:58:25","guid":{"rendered":"https:\/\/diariotextual.com\/inicio\/?p=255080"},"modified":"2024-02-26T09:09:02","modified_gmt":"2024-02-26T12:09:02","slug":"ahora-el-gobierno-elimino-el-fondo-para-el-fortalecimiento-fiscal-de-la-provincia-de-buenos-aires","status":"publish","type":"post","link":"https:\/\/diariotextual.com\/inicio\/index.php\/2024\/02\/26\/ahora-el-gobierno-elimino-el-fondo-para-el-fortalecimiento-fiscal-de-la-provincia-de-buenos-aires\/","title":{"rendered":"Ahora el Gobierno elimin\u00f3 el Fondo para el Fortalecimiento Fiscal de la Provincia de Buenos Aires"},"content":{"rendered":"\n<p>En medio de la disputa con el chubutense, Ignacio Torres, el Gobierno Nacional abri\u00f3 un nuevo foco de conflicto al eliminar el <strong>Fondo para el Fortalecimiento Fiscal de la Provincia de Buenos Aires<\/strong> con un claro mensaje a la administraci\u00f3n de <strong>Axel Kicillof<\/strong>.<\/p>\n\n\n\n<p>La primera de las medidas fue confirmada a trav\u00e9s del&nbsp;<strong>Decreto 192\/2024<\/strong>, publicado esta madrugada en el&nbsp;<strong>Bolet\u00edn Oficial<\/strong>&nbsp;y que cuenta con las firmas del presidente, del jefe de Gabinete,&nbsp;<strong>Nicol\u00e1s Posse<\/strong>, y del ministro de Econom\u00eda,&nbsp;<strong>Luis Caputo<\/strong>. As\u00ed, el Gobierno elimin\u00f3 el fondo que hab\u00eda sido creado durante la gesti\u00f3n de Alberto Fern\u00e1ndez, en medio de la pandemia, con recursos obtenidos a partir de la quita de coparticipaci\u00f3n a la Ciudad por el traspaso de la Seguridad \u201ccon el objeto de contribuir a sostener el normal funcionamiento de las finanzas de la Provincia de Buenos Aires\u201d.<\/p>\n\n\n\n<p>En los considerando, el Gobierno de Milei argument\u00f3 que \u201cla severidad de la crisis pone en riesgo la subsistencia misma de la organizaci\u00f3n social, jur\u00eddica y pol\u00edtica constituida, afectando su normal desarrollo en procura del bien com\u00fan\u201d; y se excusa se\u00f1alando que ninguna otra administraci\u00f3n nacional \u201cha recibido&nbsp;<strong>una herencia institucional, econ\u00f3mica y social tan cr\u00edtica como la que recibi\u00f3 la actual<\/strong>, por lo que es imprescindible adoptar medidas que permitan superar la situaci\u00f3n de emergencia creada por las excepcionales condiciones econ\u00f3micas y sociales que la Naci\u00f3n padece, especialmente como consecuencia de un conjunto de decisiones intervencionistas\u201d.<\/p>\n\n\n\n<p>\u201cCon el fin de solucionar la enorme cantidad de problemas derivados de la herencia que la administraci\u00f3n saliente dej\u00f3 a todos los argentinos, es necesario\u00a0<strong>efectuar un ajuste fiscal en el Sector P\u00fablico Nacional de 5 puntos del PBI<\/strong>\u00a0y, al mismo tiempo, resolver la situaci\u00f3n de los pasivos remunerados del Banco Central de la Rep\u00fablica Argentina, los que son responsables de los 10 puntos de su d\u00e9ficit\u201d, se agreg\u00f3.<\/p>\n\n\n\n<p>\u201cEn consecuencia,\u00a0<strong>no hay soluci\u00f3n alternativa a un urgente ajuste fiscal\u00a0<\/strong>que ordene las cuentas p\u00fablicas, siendo ello una condici\u00f3n indispensable para la estabilizaci\u00f3n macroecon\u00f3mica que requiere nuestro pa\u00eds\u201d, continu\u00f3 Casa Rosada.\u00a0<strong>\u201cLa situaci\u00f3n fiscal de las Provincias y de la Ciudad ha sido menos restrictiva a costa de las transferencias discrecionales que ha realizado el Gobierno Nacional\u201d<\/strong>.<\/p>\n\n\n\n<p>En el siguiente p\u00e1rrafo, el Gobierno de Milei elev\u00f3 su nivel de confrontaci\u00f3n con Axel Kicillof al manifestar que&nbsp;<strong>\u201cel mencionado Fondo de Fortalecimiento Fiscal de la Provincia de Buenos Aires, afect\u00f3 los intereses generales de la Naci\u00f3n en su conjunto, privando al Estado Nacional de recursos necesarios para el ordenamiento de las cuentas p\u00fablicas<\/strong>, por lo que resulta necesario derogar el art\u00edculo 4\u00b0 del Decreto N\u00b0 735 del 9 de septiembre de 2020\u2033.<\/p>\n\n\n\n<p>El cobro de este fondo hab\u00eda sido uno de los reclamos que Kicillof, a trav\u00e9s de su ministro de Econom\u00eda, Pablo L\u00f3pez, le plante\u00f3 d\u00edas atr\u00e1s a Caputo exigiendo el \u201cinmediato pago del saldo adeudado por los meses de noviembre y diciembre del a\u00f1o 2023 y enero de 2024\u2033.<\/p>\n\n\n\n<p><\/p>\n","protected":false},"excerpt":{"rendered":"<p>En medio de la disputa con el chubutense, Ignacio Torres, el Gobierno Nacional abri\u00f3 un nuevo foco de conflicto al eliminar el Fondo para el Fortalecimiento Fiscal de la Provincia&hellip;<\/p>\n","protected":false},"author":3,"featured_media":188380,"comment_status":"closed","ping_status":"open","sticky":false,"template":"","format":"standard","meta":{"_acf_changed":false,"footnotes":""},"categories":[1,8],"tags":[],"class_list":["post-255080","post","type-post","status-publish","format-standard","has-post-thumbnail","hentry","category-es-noticia","category-politica"],"acf":[],"yoast_head":"<!-- This site is optimized with the Yoast SEO plugin v27.5 - https:\/\/yoast.com\/product\/yoast-seo-wordpress\/ -->\n<title>Ahora el Gobierno elimin\u00f3 el Fondo para el Fortalecimiento Fiscal de la Provincia de Buenos Aires - Diario Textual<\/title>\n<meta name=\"robots\" content=\"index, follow, max-snippet:-1, max-image-preview:large, max-video-preview:-1\" \/>\n<link rel=\"canonical\" href=\"https:\/\/diariotextual.com\/inicio\/index.php\/2024\/02\/26\/ahora-el-gobierno-elimino-el-fondo-para-el-fortalecimiento-fiscal-de-la-provincia-de-buenos-aires\/\" \/>\n<meta property=\"og:locale\" content=\"es_ES\" \/>\n<meta property=\"og:type\" content=\"article\" \/>\n<meta property=\"og:title\" content=\"Ahora el Gobierno elimin\u00f3 el Fondo para el Fortalecimiento Fiscal de la Provincia de Buenos Aires - Diario Textual\" \/>\n<meta property=\"og:description\" content=\"En medio de la disputa con el chubutense, Ignacio Torres, el Gobierno Nacional abri\u00f3 un nuevo foco de conflicto al eliminar el Fondo para el Fortalecimiento Fiscal de la Provincia&hellip;\" \/>\n<meta property=\"og:url\" content=\"https:\/\/diariotextual.com\/inicio\/index.php\/2024\/02\/26\/ahora-el-gobierno-elimino-el-fondo-para-el-fortalecimiento-fiscal-de-la-provincia-de-buenos-aires\/\" \/>\n<meta property=\"og:site_name\" content=\"Diario Textual\" \/>\n<meta property=\"article:publisher\" content=\"https:\/\/www.facebook.com\/eltextual\" \/>\n<meta property=\"article:published_time\" content=\"2024-02-26T09:58:25+00:00\" \/>\n<meta property=\"article:modified_time\" content=\"2024-02-26T12:09:02+00:00\" \/>\n<meta property=\"og:image\" content=\"https:\/\/diariotextual.com\/inicio\/wp-content\/uploads\/2022\/05\/kicillofgobernador.jpg\" \/>\n\t<meta property=\"og:image:width\" content=\"767\" \/>\n\t<meta property=\"og:image:height\" content=\"430\" \/>\n\t<meta property=\"og:image:type\" content=\"image\/jpeg\" \/>\n<meta name=\"author\" content=\"Diario1 Diario1\" \/>\n<meta name=\"twitter:card\" content=\"summary_large_image\" \/>\n<meta name=\"twitter:creator\" content=\"@eltextual\" \/>\n<meta name=\"twitter:site\" content=\"@eltextual\" \/>\n<meta name=\"twitter:label1\" content=\"Escrito por\" \/>\n\t<meta name=\"twitter:data1\" content=\"Diario1 Diario1\" \/>\n\t<meta name=\"twitter:label2\" content=\"Tiempo de lectura\" \/>\n\t<meta name=\"twitter:data2\" content=\"3 minutos\" \/>\n<script type=\"application\/ld+json\" class=\"yoast-schema-graph\">{\"@context\":\"https:\\\/\\\/schema.org\",\"@graph\":[{\"@type\":\"Article\",\"@id\":\"https:\\\/\\\/diariotextual.com\\\/inicio\\\/index.php\\\/2024\\\/02\\\/26\\\/ahora-el-gobierno-elimino-el-fondo-para-el-fortalecimiento-fiscal-de-la-provincia-de-buenos-aires\\\/#article\",\"isPartOf\":{\"@id\":\"https:\\\/\\\/diariotextual.com\\\/inicio\\\/index.php\\\/2024\\\/02\\\/26\\\/ahora-el-gobierno-elimino-el-fondo-para-el-fortalecimiento-fiscal-de-la-provincia-de-buenos-aires\\\/\"},\"author\":{\"name\":\"Diario1 Diario1\",\"@id\":\"https:\\\/\\\/diariotextual.com\\\/inicio\\\/#\\\/schema\\\/person\\\/418fc4093c33e86ed41562db3508f958\"},\"headline\":\"Ahora el Gobierno elimin\u00f3 el Fondo para el Fortalecimiento Fiscal de la Provincia de Buenos Aires\",\"datePublished\":\"2024-02-26T09:58:25+00:00\",\"dateModified\":\"2024-02-26T12:09:02+00:00\",\"mainEntityOfPage\":{\"@id\":\"https:\\\/\\\/diariotextual.com\\\/inicio\\\/index.php\\\/2024\\\/02\\\/26\\\/ahora-el-gobierno-elimino-el-fondo-para-el-fortalecimiento-fiscal-de-la-provincia-de-buenos-aires\\\/\"},\"wordCount\":548,\"publisher\":{\"@id\":\"https:\\\/\\\/diariotextual.com\\\/inicio\\\/#organization\"},\"image\":{\"@id\":\"https:\\\/\\\/diariotextual.com\\\/inicio\\\/index.php\\\/2024\\\/02\\\/26\\\/ahora-el-gobierno-elimino-el-fondo-para-el-fortalecimiento-fiscal-de-la-provincia-de-buenos-aires\\\/#primaryimage\"},\"thumbnailUrl\":\"https:\\\/\\\/diariotextual.com\\\/inicio\\\/wp-content\\\/uploads\\\/2022\\\/05\\\/kicillofgobernador.jpg\",\"articleSection\":[\"A - ES NOTICIA (van abajo)\",\"POLITICA\"],\"inLanguage\":\"es\"},{\"@type\":\"WebPage\",\"@id\":\"https:\\\/\\\/diariotextual.com\\\/inicio\\\/index.php\\\/2024\\\/02\\\/26\\\/ahora-el-gobierno-elimino-el-fondo-para-el-fortalecimiento-fiscal-de-la-provincia-de-buenos-aires\\\/\",\"url\":\"https:\\\/\\\/diariotextual.com\\\/inicio\\\/index.php\\\/2024\\\/02\\\/26\\\/ahora-el-gobierno-elimino-el-fondo-para-el-fortalecimiento-fiscal-de-la-provincia-de-buenos-aires\\\/\",\"name\":\"Ahora el Gobierno elimin\u00f3 el Fondo para el Fortalecimiento Fiscal de la Provincia de Buenos Aires - Diario Textual\",\"isPartOf\":{\"@id\":\"https:\\\/\\\/diariotextual.com\\\/inicio\\\/#website\"},\"primaryImageOfPage\":{\"@id\":\"https:\\\/\\\/diariotextual.com\\\/inicio\\\/index.php\\\/2024\\\/02\\\/26\\\/ahora-el-gobierno-elimino-el-fondo-para-el-fortalecimiento-fiscal-de-la-provincia-de-buenos-aires\\\/#primaryimage\"},\"image\":{\"@id\":\"https:\\\/\\\/diariotextual.com\\\/inicio\\\/index.php\\\/2024\\\/02\\\/26\\\/ahora-el-gobierno-elimino-el-fondo-para-el-fortalecimiento-fiscal-de-la-provincia-de-buenos-aires\\\/#primaryimage\"},\"thumbnailUrl\":\"https:\\\/\\\/diariotextual.com\\\/inicio\\\/wp-content\\\/uploads\\\/2022\\\/05\\\/kicillofgobernador.jpg\",\"datePublished\":\"2024-02-26T09:58:25+00:00\",\"dateModified\":\"2024-02-26T12:09:02+00:00\",\"breadcrumb\":{\"@id\":\"https:\\\/\\\/diariotextual.com\\\/inicio\\\/index.php\\\/2024\\\/02\\\/26\\\/ahora-el-gobierno-elimino-el-fondo-para-el-fortalecimiento-fiscal-de-la-provincia-de-buenos-aires\\\/#breadcrumb\"},\"inLanguage\":\"es\",\"potentialAction\":[{\"@type\":\"ReadAction\",\"target\":[\"https:\\\/\\\/diariotextual.com\\\/inicio\\\/index.php\\\/2024\\\/02\\\/26\\\/ahora-el-gobierno-elimino-el-fondo-para-el-fortalecimiento-fiscal-de-la-provincia-de-buenos-aires\\\/\"]}]},{\"@type\":\"ImageObject\",\"inLanguage\":\"es\",\"@id\":\"https:\\\/\\\/diariotextual.com\\\/inicio\\\/index.php\\\/2024\\\/02\\\/26\\\/ahora-el-gobierno-elimino-el-fondo-para-el-fortalecimiento-fiscal-de-la-provincia-de-buenos-aires\\\/#primaryimage\",\"url\":\"https:\\\/\\\/diariotextual.com\\\/inicio\\\/wp-content\\\/uploads\\\/2022\\\/05\\\/kicillofgobernador.jpg\",\"contentUrl\":\"https:\\\/\\\/diariotextual.com\\\/inicio\\\/wp-content\\\/uploads\\\/2022\\\/05\\\/kicillofgobernador.jpg\",\"width\":767,\"height\":430},{\"@type\":\"BreadcrumbList\",\"@id\":\"https:\\\/\\\/diariotextual.com\\\/inicio\\\/index.php\\\/2024\\\/02\\\/26\\\/ahora-el-gobierno-elimino-el-fondo-para-el-fortalecimiento-fiscal-de-la-provincia-de-buenos-aires\\\/#breadcrumb\",\"itemListElement\":[{\"@type\":\"ListItem\",\"position\":1,\"name\":\"Portada\",\"item\":\"https:\\\/\\\/diariotextual.com\\\/inicio\\\/\"},{\"@type\":\"ListItem\",\"position\":2,\"name\":\"Ahora el Gobierno elimin\u00f3 el Fondo para el Fortalecimiento Fiscal de la Provincia de Buenos Aires\"}]},{\"@type\":\"WebSite\",\"@id\":\"https:\\\/\\\/diariotextual.com\\\/inicio\\\/#website\",\"url\":\"https:\\\/\\\/diariotextual.com\\\/inicio\\\/\",\"name\":\"Diario Textual\",\"description\":\"\",\"publisher\":{\"@id\":\"https:\\\/\\\/diariotextual.com\\\/inicio\\\/#organization\"},\"potentialAction\":[{\"@type\":\"SearchAction\",\"target\":{\"@type\":\"EntryPoint\",\"urlTemplate\":\"https:\\\/\\\/diariotextual.com\\\/inicio\\\/?s={search_term_string}\"},\"query-input\":{\"@type\":\"PropertyValueSpecification\",\"valueRequired\":true,\"valueName\":\"search_term_string\"}}],\"inLanguage\":\"es\"},{\"@type\":\"Organization\",\"@id\":\"https:\\\/\\\/diariotextual.com\\\/inicio\\\/#organization\",\"name\":\"Diario Textual\",\"url\":\"https:\\\/\\\/diariotextual.com\\\/inicio\\\/\",\"logo\":{\"@type\":\"ImageObject\",\"inLanguage\":\"es\",\"@id\":\"https:\\\/\\\/diariotextual.com\\\/inicio\\\/#\\\/schema\\\/logo\\\/image\\\/\",\"url\":\"https:\\\/\\\/diariotextual.com\\\/inicio\\\/wp-content\\\/uploads\\\/2023\\\/05\\\/logotextual1.jpg\",\"contentUrl\":\"https:\\\/\\\/diariotextual.com\\\/inicio\\\/wp-content\\\/uploads\\\/2023\\\/05\\\/logotextual1.jpg\",\"width\":516,\"height\":76,\"caption\":\"Diario Textual\"},\"image\":{\"@id\":\"https:\\\/\\\/diariotextual.com\\\/inicio\\\/#\\\/schema\\\/logo\\\/image\\\/\"},\"sameAs\":[\"https:\\\/\\\/www.facebook.com\\\/eltextual\",\"https:\\\/\\\/x.com\\\/eltextual\",\"http:\\\/\\\/www.instagram.com\\\/eltextual\"]},{\"@type\":\"Person\",\"@id\":\"https:\\\/\\\/diariotextual.com\\\/inicio\\\/#\\\/schema\\\/person\\\/418fc4093c33e86ed41562db3508f958\",\"name\":\"Diario1 Diario1\",\"image\":{\"@type\":\"ImageObject\",\"inLanguage\":\"es\",\"@id\":\"https:\\\/\\\/secure.gravatar.com\\\/avatar\\\/9167d280179c85bc18be67aa7eda765854300033af4896dd779b608640f2ef7a?s=96&d=mm&r=g\",\"url\":\"https:\\\/\\\/secure.gravatar.com\\\/avatar\\\/9167d280179c85bc18be67aa7eda765854300033af4896dd779b608640f2ef7a?s=96&d=mm&r=g\",\"contentUrl\":\"https:\\\/\\\/secure.gravatar.com\\\/avatar\\\/9167d280179c85bc18be67aa7eda765854300033af4896dd779b608640f2ef7a?s=96&d=mm&r=g\",\"caption\":\"Diario1 Diario1\"},\"url\":\"https:\\\/\\\/diariotextual.com\\\/inicio\\\/index.php\\\/author\\\/diario1\\\/\"}]}<\/script>\n<!-- \/ Yoast SEO plugin. -->","yoast_head_json":{"title":"Ahora el Gobierno elimin\u00f3 el Fondo para el Fortalecimiento Fiscal de la Provincia de Buenos Aires - Diario Textual","robots":{"index":"index","follow":"follow","max-snippet":"max-snippet:-1","max-image-preview":"max-image-preview:large","max-video-preview":"max-video-preview:-1"},"canonical":"https:\/\/diariotextual.com\/inicio\/index.php\/2024\/02\/26\/ahora-el-gobierno-elimino-el-fondo-para-el-fortalecimiento-fiscal-de-la-provincia-de-buenos-aires\/","og_locale":"es_ES","og_type":"article","og_title":"Ahora el Gobierno elimin\u00f3 el Fondo para el Fortalecimiento Fiscal de la Provincia de Buenos Aires - Diario Textual","og_description":"En medio de la disputa con el chubutense, Ignacio Torres, el Gobierno Nacional abri\u00f3 un nuevo foco de conflicto al eliminar el Fondo para el Fortalecimiento Fiscal de la Provincia&hellip;","og_url":"https:\/\/diariotextual.com\/inicio\/index.php\/2024\/02\/26\/ahora-el-gobierno-elimino-el-fondo-para-el-fortalecimiento-fiscal-de-la-provincia-de-buenos-aires\/","og_site_name":"Diario Textual","article_publisher":"https:\/\/www.facebook.com\/eltextual","article_published_time":"2024-02-26T09:58:25+00:00","article_modified_time":"2024-02-26T12:09:02+00:00","og_image":[{"width":767,"height":430,"url":"https:\/\/diariotextual.com\/inicio\/wp-content\/uploads\/2022\/05\/kicillofgobernador.jpg","type":"image\/jpeg"}],"author":"Diario1 Diario1","twitter_card":"summary_large_image","twitter_creator":"@eltextual","twitter_site":"@eltextual","twitter_misc":{"Escrito por":"Diario1 Diario1","Tiempo de lectura":"3 minutos"},"schema":{"@context":"https:\/\/schema.org","@graph":[{"@type":"Article","@id":"https:\/\/diariotextual.com\/inicio\/index.php\/2024\/02\/26\/ahora-el-gobierno-elimino-el-fondo-para-el-fortalecimiento-fiscal-de-la-provincia-de-buenos-aires\/#article","isPartOf":{"@id":"https:\/\/diariotextual.com\/inicio\/index.php\/2024\/02\/26\/ahora-el-gobierno-elimino-el-fondo-para-el-fortalecimiento-fiscal-de-la-provincia-de-buenos-aires\/"},"author":{"name":"Diario1 Diario1","@id":"https:\/\/diariotextual.com\/inicio\/#\/schema\/person\/418fc4093c33e86ed41562db3508f958"},"headline":"Ahora el Gobierno elimin\u00f3 el Fondo para el Fortalecimiento Fiscal de la Provincia de Buenos Aires","datePublished":"2024-02-26T09:58:25+00:00","dateModified":"2024-02-26T12:09:02+00:00","mainEntityOfPage":{"@id":"https:\/\/diariotextual.com\/inicio\/index.php\/2024\/02\/26\/ahora-el-gobierno-elimino-el-fondo-para-el-fortalecimiento-fiscal-de-la-provincia-de-buenos-aires\/"},"wordCount":548,"publisher":{"@id":"https:\/\/diariotextual.com\/inicio\/#organization"},"image":{"@id":"https:\/\/diariotextual.com\/inicio\/index.php\/2024\/02\/26\/ahora-el-gobierno-elimino-el-fondo-para-el-fortalecimiento-fiscal-de-la-provincia-de-buenos-aires\/#primaryimage"},"thumbnailUrl":"https:\/\/diariotextual.com\/inicio\/wp-content\/uploads\/2022\/05\/kicillofgobernador.jpg","articleSection":["A - ES NOTICIA (van abajo)","POLITICA"],"inLanguage":"es"},{"@type":"WebPage","@id":"https:\/\/diariotextual.com\/inicio\/index.php\/2024\/02\/26\/ahora-el-gobierno-elimino-el-fondo-para-el-fortalecimiento-fiscal-de-la-provincia-de-buenos-aires\/","url":"https:\/\/diariotextual.com\/inicio\/index.php\/2024\/02\/26\/ahora-el-gobierno-elimino-el-fondo-para-el-fortalecimiento-fiscal-de-la-provincia-de-buenos-aires\/","name":"Ahora el Gobierno elimin\u00f3 el Fondo para el Fortalecimiento Fiscal de la Provincia de Buenos Aires - Diario Textual","isPartOf":{"@id":"https:\/\/diariotextual.com\/inicio\/#website"},"primaryImageOfPage":{"@id":"https:\/\/diariotextual.com\/inicio\/index.php\/2024\/02\/26\/ahora-el-gobierno-elimino-el-fondo-para-el-fortalecimiento-fiscal-de-la-provincia-de-buenos-aires\/#primaryimage"},"image":{"@id":"https:\/\/diariotextual.com\/inicio\/index.php\/2024\/02\/26\/ahora-el-gobierno-elimino-el-fondo-para-el-fortalecimiento-fiscal-de-la-provincia-de-buenos-aires\/#primaryimage"},"thumbnailUrl":"https:\/\/diariotextual.com\/inicio\/wp-content\/uploads\/2022\/05\/kicillofgobernador.jpg","datePublished":"2024-02-26T09:58:25+00:00","dateModified":"2024-02-26T12:09:02+00:00","breadcrumb":{"@id":"https:\/\/diariotextual.com\/inicio\/index.php\/2024\/02\/26\/ahora-el-gobierno-elimino-el-fondo-para-el-fortalecimiento-fiscal-de-la-provincia-de-buenos-aires\/#breadcrumb"},"inLanguage":"es","potentialAction":[{"@type":"ReadAction","target":["https:\/\/diariotextual.com\/inicio\/index.php\/2024\/02\/26\/ahora-el-gobierno-elimino-el-fondo-para-el-fortalecimiento-fiscal-de-la-provincia-de-buenos-aires\/"]}]},{"@type":"ImageObject","inLanguage":"es","@id":"https:\/\/diariotextual.com\/inicio\/index.php\/2024\/02\/26\/ahora-el-gobierno-elimino-el-fondo-para-el-fortalecimiento-fiscal-de-la-provincia-de-buenos-aires\/#primaryimage","url":"https:\/\/diariotextual.com\/inicio\/wp-content\/uploads\/2022\/05\/kicillofgobernador.jpg","contentUrl":"https:\/\/diariotextual.com\/inicio\/wp-content\/uploads\/2022\/05\/kicillofgobernador.jpg","width":767,"height":430},{"@type":"BreadcrumbList","@id":"https:\/\/diariotextual.com\/inicio\/index.php\/2024\/02\/26\/ahora-el-gobierno-elimino-el-fondo-para-el-fortalecimiento-fiscal-de-la-provincia-de-buenos-aires\/#breadcrumb","itemListElement":[{"@type":"ListItem","position":1,"name":"Portada","item":"https:\/\/diariotextual.com\/inicio\/"},{"@type":"ListItem","position":2,"name":"Ahora el Gobierno elimin\u00f3 el Fondo para el Fortalecimiento Fiscal de la Provincia de Buenos Aires"}]},{"@type":"WebSite","@id":"https:\/\/diariotextual.com\/inicio\/#website","url":"https:\/\/diariotextual.com\/inicio\/","name":"Diario Textual","description":"","publisher":{"@id":"https:\/\/diariotextual.com\/inicio\/#organization"},"potentialAction":[{"@type":"SearchAction","target":{"@type":"EntryPoint","urlTemplate":"https:\/\/diariotextual.com\/inicio\/?s={search_term_string}"},"query-input":{"@type":"PropertyValueSpecification","valueRequired":true,"valueName":"search_term_string"}}],"inLanguage":"es"},{"@type":"Organization","@id":"https:\/\/diariotextual.com\/inicio\/#organization","name":"Diario Textual","url":"https:\/\/diariotextual.com\/inicio\/","logo":{"@type":"ImageObject","inLanguage":"es","@id":"https:\/\/diariotextual.com\/inicio\/#\/schema\/logo\/image\/","url":"https:\/\/diariotextual.com\/inicio\/wp-content\/uploads\/2023\/05\/logotextual1.jpg","contentUrl":"https:\/\/diariotextual.com\/inicio\/wp-content\/uploads\/2023\/05\/logotextual1.jpg","width":516,"height":76,"caption":"Diario Textual"},"image":{"@id":"https:\/\/diariotextual.com\/inicio\/#\/schema\/logo\/image\/"},"sameAs":["https:\/\/www.facebook.com\/eltextual","https:\/\/x.com\/eltextual","http:\/\/www.instagram.com\/eltextual"]},{"@type":"Person","@id":"https:\/\/diariotextual.com\/inicio\/#\/schema\/person\/418fc4093c33e86ed41562db3508f958","name":"Diario1 Diario1","image":{"@type":"ImageObject","inLanguage":"es","@id":"https:\/\/secure.gravatar.com\/avatar\/9167d280179c85bc18be67aa7eda765854300033af4896dd779b608640f2ef7a?s=96&d=mm&r=g","url":"https:\/\/secure.gravatar.com\/avatar\/9167d280179c85bc18be67aa7eda765854300033af4896dd779b608640f2ef7a?s=96&d=mm&r=g","contentUrl":"https:\/\/secure.gravatar.com\/avatar\/9167d280179c85bc18be67aa7eda765854300033af4896dd779b608640f2ef7a?s=96&d=mm&r=g","caption":"Diario1 Diario1"},"url":"https:\/\/diariotextual.com\/inicio\/index.php\/author\/diario1\/"}]}},"_links":{"self":[{"href":"https:\/\/diariotextual.com\/inicio\/index.php\/wp-json\/wp\/v2\/posts\/255080","targetHints":{"allow":["GET"]}}],"collection":[{"href":"https:\/\/diariotextual.com\/inicio\/index.php\/wp-json\/wp\/v2\/posts"}],"about":[{"href":"https:\/\/diariotextual.com\/inicio\/index.php\/wp-json\/wp\/v2\/types\/post"}],"author":[{"embeddable":true,"href":"https:\/\/diariotextual.com\/inicio\/index.php\/wp-json\/wp\/v2\/users\/3"}],"replies":[{"embeddable":true,"href":"https:\/\/diariotextual.com\/inicio\/index.php\/wp-json\/wp\/v2\/comments?post=255080"}],"version-history":[{"count":1,"href":"https:\/\/diariotextual.com\/inicio\/index.php\/wp-json\/wp\/v2\/posts\/255080\/revisions"}],"predecessor-version":[{"id":255081,"href":"https:\/\/diariotextual.com\/inicio\/index.php\/wp-json\/wp\/v2\/posts\/255080\/revisions\/255081"}],"wp:featuredmedia":[{"embeddable":true,"href":"https:\/\/diariotextual.com\/inicio\/index.php\/wp-json\/wp\/v2\/media\/188380"}],"wp:attachment":[{"href":"https:\/\/diariotextual.com\/inicio\/index.php\/wp-json\/wp\/v2\/media?parent=255080"}],"wp:term":[{"taxonomy":"category","embeddable":true,"href":"https:\/\/diariotextual.com\/inicio\/index.php\/wp-json\/wp\/v2\/categories?post=255080"},{"taxonomy":"post_tag","embeddable":true,"href":"https:\/\/diariotextual.com\/inicio\/index.php\/wp-json\/wp\/v2\/tags?post=255080"}],"curies":[{"name":"wp","href":"https:\/\/api.w.org\/{rel}","templated":true}]}}