{"id":255144,"date":"2024-02-26T16:52:32","date_gmt":"2024-02-26T19:52:32","guid":{"rendered":"https:\/\/diariotextual.com\/inicio\/?p=255144"},"modified":"2024-02-26T17:55:17","modified_gmt":"2024-02-26T20:55:17","slug":"liberaron-a-los-dos-detenidos-por-tuitear-sobre-gerardo-morales-y-su-esposa-en-jujuy","status":"publish","type":"post","link":"https:\/\/diariotextual.com\/inicio\/index.php\/2024\/02\/26\/liberaron-a-los-dos-detenidos-por-tuitear-sobre-gerardo-morales-y-su-esposa-en-jujuy\/","title":{"rendered":"Liberaron a los dos detenidos por tuitear sobre Gerardo Morales y su esposa en Jujuy"},"content":{"rendered":"\n<p><strong>Los dos hombres detenidos por replicar en redes sociales posteos de tono ir\u00f3nicos sobre el exgobernador de Jujuy, Gerardo Morales, y su esposa Tulia Snopek<\/strong> <strong>recuperar\u00e1n su libertad\u00a0<\/strong>al dictarse el cese de la prisi\u00f3n preventiva que padecieron los \u00faltimos 60 d\u00edas en un penal de la capital provincial, informaron hoy fuentes judiciales.<br><br>Se trata de\u00a0<strong>Nahuel Morandini y Roque Villegas, quienes fueron detenidos entre el 4 y 5 de enero pasado<\/strong>, ambos imputados por replicar versiones que durante los \u00faltimos d\u00edas de diciembre circularon en redes sociales y en diarios digitales locales sobre una supuesta infidelidad de la esposa del referente radical juje\u00f1o con un m\u00fasico del grupo folkl\u00f3rico Los Tekis.<\/p>\n\n\n\n<p>Marcelo Nahuel Morandini, ingeniero ambiental y profesor universitario de 45 a\u00f1os, fue acusado de publicar el 19 de diciembre en su cuenta personal de X un tuit de tono ir\u00f3nico que dec\u00eda: \u201cHace ya varios a\u00f1os que en Jujuy se hace el carnaval de los tekis (una estafa en la que caen los turistas). Pero este a\u00f1o no se hace. Y todo parece que es porque uno de los tekis le ense\u00f1a a tocar la quena a la mujer del ex gobernador. Imposible aburrirse en kukuy\u201d.<\/p>\n\n\n\n<p>A su vez, tambi\u00e9n fue detenido Humberto Roque Villegas, de 42 a\u00f1os, acusado de difundir en Facebook fotos de la hija de Morales, insinuando que la ni\u00f1a naci\u00f3 como producto de la relaci\u00f3n de la esposa de Morales, Tulia Snopek, con un m\u00fasico del grupo folkl\u00f3rico Los Tekis.<br><br>La justicia juje\u00f1a durante la investigaci\u00f3n agrav\u00f3 la acusaci\u00f3n por el art\u00edculo 139 inciso 2 del C\u00f3digo Penal de la Naci\u00f3n, que prev\u00e9 de 2 a 6 a\u00f1os de prisi\u00f3n al que \u201cpor cualquier acto alterare o suprimiere la identidad de un menor de 10 a\u00f1os\u201d, adjudic\u00e1ndole publicaciones que tambi\u00e9n involucraban a la hija del matrimonio Gerardo Morales-Tulia Snopek.<br><br>Este lunes, el fiscal de la causa,\u00a0<strong>Walter Rond\u00f3n, requiri\u00f3 el cese de la detenci\u00f3n preventiva que cumpl\u00edan Morandini y Villegas en el penal del barrio Gorriti de la capital juje\u00f1a, luego de que el caso tom\u00f3 repercusi\u00f3n nacional.<\/strong><br><br>Previo a conocerse esta decisi\u00f3n, el presidente Javier Milei, a trav\u00e9s del vocero Manuel Adorni, expres\u00f3 su \u201cpreocupaci\u00f3n\u201d por la detenci\u00f3n de estas dos personas que, ejerciendo el \u201cuso de la libertad de expresi\u00f3n\u201d, replicaron en redes sociales los posteos.<br><br>Durante la audiencia, la defensa de los acusados indic\u00f3 que la querella integrada por el Consejo de la Mujer de Jujuy y la Secretar\u00eda de Ni\u00f1ez provincial \u201cse opuso\u201d al pedido de la fiscal\u00eda, pero el juez confirm\u00f3 el cese de prisi\u00f3n preventiva.<br><br><strong>\u201cAcaban de avisarnos que dictaron el cese de prisi\u00f3n preventiva de Nahuel y Roque\u201d<\/strong>, refiri\u00f3 tras conocer la resoluci\u00f3n judicial Luc\u00eda Castro Olivera, esposa de Morandini. \u201cNo hay motivos para mantenerlos encarcelados\u201d, dijo.<br><br>\u201cNosotros vamos a seguir luchando por el sobreseimiento de la causa, que es lo que debe suceder en esta causa escandalosa que intentaron armar para disciplinar a todos los juje\u00f1os y juje\u00f1as\u201d, complet\u00f3.<br><br><br><strong>Para Castro Olivera, los acusados padecieron \u201cuna detenci\u00f3n totalmente ilegal\u201d por parte de la Justicia.\u00a0<\/strong>\u201cDebido -dijo- al conocimiento p\u00fablico que tomo el caso accedieron al cese de prisi\u00f3n preventiva, pero siguen con la intenci\u00f3n de condenarlos por delitos graves, aunque claramente no se le puede atribuir las acusaciones por haber compartido posteos en redes sociales\u201d.<\/p>\n","protected":false},"excerpt":{"rendered":"<p>Los dos hombres detenidos por replicar en redes sociales posteos de tono ir\u00f3nicos sobre el exgobernador de Jujuy, Gerardo Morales, y su esposa Tulia Snopek recuperar\u00e1n su libertad\u00a0al dictarse el&hellip;<\/p>\n","protected":false},"author":3,"featured_media":255147,"comment_status":"closed","ping_status":"open","sticky":false,"template":"","format":"standard","meta":{"_acf_changed":false,"footnotes":""},"categories":[1,8],"tags":[],"class_list":["post-255144","post","type-post","status-publish","format-standard","has-post-thumbnail","hentry","category-es-noticia","category-politica"],"acf":[],"yoast_head":"<!-- This site is optimized with the Yoast SEO plugin v27.5 - https:\/\/yoast.com\/product\/yoast-seo-wordpress\/ -->\n<title>Liberaron a los dos detenidos por tuitear sobre Gerardo Morales y su esposa en Jujuy - Diario Textual<\/title>\n<meta name=\"robots\" content=\"index, follow, max-snippet:-1, max-image-preview:large, max-video-preview:-1\" \/>\n<link rel=\"canonical\" href=\"https:\/\/diariotextual.com\/inicio\/index.php\/2024\/02\/26\/liberaron-a-los-dos-detenidos-por-tuitear-sobre-gerardo-morales-y-su-esposa-en-jujuy\/\" \/>\n<meta property=\"og:locale\" content=\"es_ES\" \/>\n<meta property=\"og:type\" content=\"article\" \/>\n<meta property=\"og:title\" content=\"Liberaron a los dos detenidos por tuitear sobre Gerardo Morales y su esposa en Jujuy - Diario Textual\" \/>\n<meta property=\"og:description\" content=\"Los dos hombres detenidos por replicar en redes sociales posteos de tono ir\u00f3nicos sobre el exgobernador de Jujuy, Gerardo Morales, y su esposa Tulia Snopek recuperar\u00e1n su libertad\u00a0al dictarse el&hellip;\" \/>\n<meta property=\"og:url\" content=\"https:\/\/diariotextual.com\/inicio\/index.php\/2024\/02\/26\/liberaron-a-los-dos-detenidos-por-tuitear-sobre-gerardo-morales-y-su-esposa-en-jujuy\/\" \/>\n<meta property=\"og:site_name\" content=\"Diario Textual\" \/>\n<meta property=\"article:publisher\" content=\"https:\/\/www.facebook.com\/eltextual\" \/>\n<meta property=\"article:published_time\" content=\"2024-02-26T19:52:32+00:00\" \/>\n<meta property=\"article:modified_time\" content=\"2024-02-26T20:55:17+00:00\" \/>\n<meta property=\"og:image\" content=\"https:\/\/diariotextual.com\/inicio\/wp-content\/uploads\/2024\/02\/moralesgerardosnopektulia0002.jpg\" \/>\n\t<meta property=\"og:image:width\" content=\"1300\" \/>\n\t<meta property=\"og:image:height\" content=\"867\" \/>\n\t<meta property=\"og:image:type\" content=\"image\/jpeg\" \/>\n<meta name=\"author\" content=\"Diario1 Diario1\" \/>\n<meta name=\"twitter:card\" content=\"summary_large_image\" \/>\n<meta name=\"twitter:creator\" content=\"@eltextual\" \/>\n<meta name=\"twitter:site\" content=\"@eltextual\" \/>\n<meta name=\"twitter:label1\" content=\"Escrito por\" \/>\n\t<meta name=\"twitter:data1\" content=\"Diario1 Diario1\" \/>\n\t<meta name=\"twitter:label2\" content=\"Tiempo de lectura\" \/>\n\t<meta name=\"twitter:data2\" content=\"3 minutos\" \/>\n<script type=\"application\/ld+json\" class=\"yoast-schema-graph\">{\"@context\":\"https:\\\/\\\/schema.org\",\"@graph\":[{\"@type\":\"Article\",\"@id\":\"https:\\\/\\\/diariotextual.com\\\/inicio\\\/index.php\\\/2024\\\/02\\\/26\\\/liberaron-a-los-dos-detenidos-por-tuitear-sobre-gerardo-morales-y-su-esposa-en-jujuy\\\/#article\",\"isPartOf\":{\"@id\":\"https:\\\/\\\/diariotextual.com\\\/inicio\\\/index.php\\\/2024\\\/02\\\/26\\\/liberaron-a-los-dos-detenidos-por-tuitear-sobre-gerardo-morales-y-su-esposa-en-jujuy\\\/\"},\"author\":{\"name\":\"Diario1 Diario1\",\"@id\":\"https:\\\/\\\/diariotextual.com\\\/inicio\\\/#\\\/schema\\\/person\\\/418fc4093c33e86ed41562db3508f958\"},\"headline\":\"Liberaron a los dos detenidos por tuitear sobre Gerardo Morales y su esposa en Jujuy\",\"datePublished\":\"2024-02-26T19:52:32+00:00\",\"dateModified\":\"2024-02-26T20:55:17+00:00\",\"mainEntityOfPage\":{\"@id\":\"https:\\\/\\\/diariotextual.com\\\/inicio\\\/index.php\\\/2024\\\/02\\\/26\\\/liberaron-a-los-dos-detenidos-por-tuitear-sobre-gerardo-morales-y-su-esposa-en-jujuy\\\/\"},\"wordCount\":607,\"publisher\":{\"@id\":\"https:\\\/\\\/diariotextual.com\\\/inicio\\\/#organization\"},\"image\":{\"@id\":\"https:\\\/\\\/diariotextual.com\\\/inicio\\\/index.php\\\/2024\\\/02\\\/26\\\/liberaron-a-los-dos-detenidos-por-tuitear-sobre-gerardo-morales-y-su-esposa-en-jujuy\\\/#primaryimage\"},\"thumbnailUrl\":\"https:\\\/\\\/diariotextual.com\\\/inicio\\\/wp-content\\\/uploads\\\/2024\\\/02\\\/moralesgerardosnopektulia0002.jpg\",\"articleSection\":[\"A - ES NOTICIA (van abajo)\",\"POLITICA\"],\"inLanguage\":\"es\"},{\"@type\":\"WebPage\",\"@id\":\"https:\\\/\\\/diariotextual.com\\\/inicio\\\/index.php\\\/2024\\\/02\\\/26\\\/liberaron-a-los-dos-detenidos-por-tuitear-sobre-gerardo-morales-y-su-esposa-en-jujuy\\\/\",\"url\":\"https:\\\/\\\/diariotextual.com\\\/inicio\\\/index.php\\\/2024\\\/02\\\/26\\\/liberaron-a-los-dos-detenidos-por-tuitear-sobre-gerardo-morales-y-su-esposa-en-jujuy\\\/\",\"name\":\"Liberaron a los dos detenidos por tuitear sobre Gerardo Morales y su esposa en Jujuy - Diario Textual\",\"isPartOf\":{\"@id\":\"https:\\\/\\\/diariotextual.com\\\/inicio\\\/#website\"},\"primaryImageOfPage\":{\"@id\":\"https:\\\/\\\/diariotextual.com\\\/inicio\\\/index.php\\\/2024\\\/02\\\/26\\\/liberaron-a-los-dos-detenidos-por-tuitear-sobre-gerardo-morales-y-su-esposa-en-jujuy\\\/#primaryimage\"},\"image\":{\"@id\":\"https:\\\/\\\/diariotextual.com\\\/inicio\\\/index.php\\\/2024\\\/02\\\/26\\\/liberaron-a-los-dos-detenidos-por-tuitear-sobre-gerardo-morales-y-su-esposa-en-jujuy\\\/#primaryimage\"},\"thumbnailUrl\":\"https:\\\/\\\/diariotextual.com\\\/inicio\\\/wp-content\\\/uploads\\\/2024\\\/02\\\/moralesgerardosnopektulia0002.jpg\",\"datePublished\":\"2024-02-26T19:52:32+00:00\",\"dateModified\":\"2024-02-26T20:55:17+00:00\",\"breadcrumb\":{\"@id\":\"https:\\\/\\\/diariotextual.com\\\/inicio\\\/index.php\\\/2024\\\/02\\\/26\\\/liberaron-a-los-dos-detenidos-por-tuitear-sobre-gerardo-morales-y-su-esposa-en-jujuy\\\/#breadcrumb\"},\"inLanguage\":\"es\",\"potentialAction\":[{\"@type\":\"ReadAction\",\"target\":[\"https:\\\/\\\/diariotextual.com\\\/inicio\\\/index.php\\\/2024\\\/02\\\/26\\\/liberaron-a-los-dos-detenidos-por-tuitear-sobre-gerardo-morales-y-su-esposa-en-jujuy\\\/\"]}]},{\"@type\":\"ImageObject\",\"inLanguage\":\"es\",\"@id\":\"https:\\\/\\\/diariotextual.com\\\/inicio\\\/index.php\\\/2024\\\/02\\\/26\\\/liberaron-a-los-dos-detenidos-por-tuitear-sobre-gerardo-morales-y-su-esposa-en-jujuy\\\/#primaryimage\",\"url\":\"https:\\\/\\\/diariotextual.com\\\/inicio\\\/wp-content\\\/uploads\\\/2024\\\/02\\\/moralesgerardosnopektulia0002.jpg\",\"contentUrl\":\"https:\\\/\\\/diariotextual.com\\\/inicio\\\/wp-content\\\/uploads\\\/2024\\\/02\\\/moralesgerardosnopektulia0002.jpg\",\"width\":1300,\"height\":867},{\"@type\":\"BreadcrumbList\",\"@id\":\"https:\\\/\\\/diariotextual.com\\\/inicio\\\/index.php\\\/2024\\\/02\\\/26\\\/liberaron-a-los-dos-detenidos-por-tuitear-sobre-gerardo-morales-y-su-esposa-en-jujuy\\\/#breadcrumb\",\"itemListElement\":[{\"@type\":\"ListItem\",\"position\":1,\"name\":\"Portada\",\"item\":\"https:\\\/\\\/diariotextual.com\\\/inicio\\\/\"},{\"@type\":\"ListItem\",\"position\":2,\"name\":\"Liberaron a los dos detenidos por tuitear sobre Gerardo Morales y su esposa en Jujuy\"}]},{\"@type\":\"WebSite\",\"@id\":\"https:\\\/\\\/diariotextual.com\\\/inicio\\\/#website\",\"url\":\"https:\\\/\\\/diariotextual.com\\\/inicio\\\/\",\"name\":\"Diario Textual\",\"description\":\"\",\"publisher\":{\"@id\":\"https:\\\/\\\/diariotextual.com\\\/inicio\\\/#organization\"},\"potentialAction\":[{\"@type\":\"SearchAction\",\"target\":{\"@type\":\"EntryPoint\",\"urlTemplate\":\"https:\\\/\\\/diariotextual.com\\\/inicio\\\/?s={search_term_string}\"},\"query-input\":{\"@type\":\"PropertyValueSpecification\",\"valueRequired\":true,\"valueName\":\"search_term_string\"}}],\"inLanguage\":\"es\"},{\"@type\":\"Organization\",\"@id\":\"https:\\\/\\\/diariotextual.com\\\/inicio\\\/#organization\",\"name\":\"Diario Textual\",\"url\":\"https:\\\/\\\/diariotextual.com\\\/inicio\\\/\",\"logo\":{\"@type\":\"ImageObject\",\"inLanguage\":\"es\",\"@id\":\"https:\\\/\\\/diariotextual.com\\\/inicio\\\/#\\\/schema\\\/logo\\\/image\\\/\",\"url\":\"https:\\\/\\\/diariotextual.com\\\/inicio\\\/wp-content\\\/uploads\\\/2023\\\/05\\\/logotextual1.jpg\",\"contentUrl\":\"https:\\\/\\\/diariotextual.com\\\/inicio\\\/wp-content\\\/uploads\\\/2023\\\/05\\\/logotextual1.jpg\",\"width\":516,\"height\":76,\"caption\":\"Diario Textual\"},\"image\":{\"@id\":\"https:\\\/\\\/diariotextual.com\\\/inicio\\\/#\\\/schema\\\/logo\\\/image\\\/\"},\"sameAs\":[\"https:\\\/\\\/www.facebook.com\\\/eltextual\",\"https:\\\/\\\/x.com\\\/eltextual\",\"http:\\\/\\\/www.instagram.com\\\/eltextual\"]},{\"@type\":\"Person\",\"@id\":\"https:\\\/\\\/diariotextual.com\\\/inicio\\\/#\\\/schema\\\/person\\\/418fc4093c33e86ed41562db3508f958\",\"name\":\"Diario1 Diario1\",\"image\":{\"@type\":\"ImageObject\",\"inLanguage\":\"es\",\"@id\":\"https:\\\/\\\/secure.gravatar.com\\\/avatar\\\/9167d280179c85bc18be67aa7eda765854300033af4896dd779b608640f2ef7a?s=96&d=mm&r=g\",\"url\":\"https:\\\/\\\/secure.gravatar.com\\\/avatar\\\/9167d280179c85bc18be67aa7eda765854300033af4896dd779b608640f2ef7a?s=96&d=mm&r=g\",\"contentUrl\":\"https:\\\/\\\/secure.gravatar.com\\\/avatar\\\/9167d280179c85bc18be67aa7eda765854300033af4896dd779b608640f2ef7a?s=96&d=mm&r=g\",\"caption\":\"Diario1 Diario1\"},\"url\":\"https:\\\/\\\/diariotextual.com\\\/inicio\\\/index.php\\\/author\\\/diario1\\\/\"}]}<\/script>\n<!-- \/ Yoast SEO plugin. -->","yoast_head_json":{"title":"Liberaron a los dos detenidos por tuitear sobre Gerardo Morales y su esposa en Jujuy - Diario Textual","robots":{"index":"index","follow":"follow","max-snippet":"max-snippet:-1","max-image-preview":"max-image-preview:large","max-video-preview":"max-video-preview:-1"},"canonical":"https:\/\/diariotextual.com\/inicio\/index.php\/2024\/02\/26\/liberaron-a-los-dos-detenidos-por-tuitear-sobre-gerardo-morales-y-su-esposa-en-jujuy\/","og_locale":"es_ES","og_type":"article","og_title":"Liberaron a los dos detenidos por tuitear sobre Gerardo Morales y su esposa en Jujuy - Diario Textual","og_description":"Los dos hombres detenidos por replicar en redes sociales posteos de tono ir\u00f3nicos sobre el exgobernador de Jujuy, Gerardo Morales, y su esposa Tulia Snopek recuperar\u00e1n su libertad\u00a0al dictarse el&hellip;","og_url":"https:\/\/diariotextual.com\/inicio\/index.php\/2024\/02\/26\/liberaron-a-los-dos-detenidos-por-tuitear-sobre-gerardo-morales-y-su-esposa-en-jujuy\/","og_site_name":"Diario Textual","article_publisher":"https:\/\/www.facebook.com\/eltextual","article_published_time":"2024-02-26T19:52:32+00:00","article_modified_time":"2024-02-26T20:55:17+00:00","og_image":[{"width":1300,"height":867,"url":"https:\/\/diariotextual.com\/inicio\/wp-content\/uploads\/2024\/02\/moralesgerardosnopektulia0002.jpg","type":"image\/jpeg"}],"author":"Diario1 Diario1","twitter_card":"summary_large_image","twitter_creator":"@eltextual","twitter_site":"@eltextual","twitter_misc":{"Escrito por":"Diario1 Diario1","Tiempo de lectura":"3 minutos"},"schema":{"@context":"https:\/\/schema.org","@graph":[{"@type":"Article","@id":"https:\/\/diariotextual.com\/inicio\/index.php\/2024\/02\/26\/liberaron-a-los-dos-detenidos-por-tuitear-sobre-gerardo-morales-y-su-esposa-en-jujuy\/#article","isPartOf":{"@id":"https:\/\/diariotextual.com\/inicio\/index.php\/2024\/02\/26\/liberaron-a-los-dos-detenidos-por-tuitear-sobre-gerardo-morales-y-su-esposa-en-jujuy\/"},"author":{"name":"Diario1 Diario1","@id":"https:\/\/diariotextual.com\/inicio\/#\/schema\/person\/418fc4093c33e86ed41562db3508f958"},"headline":"Liberaron a los dos detenidos por tuitear sobre Gerardo Morales y su esposa en Jujuy","datePublished":"2024-02-26T19:52:32+00:00","dateModified":"2024-02-26T20:55:17+00:00","mainEntityOfPage":{"@id":"https:\/\/diariotextual.com\/inicio\/index.php\/2024\/02\/26\/liberaron-a-los-dos-detenidos-por-tuitear-sobre-gerardo-morales-y-su-esposa-en-jujuy\/"},"wordCount":607,"publisher":{"@id":"https:\/\/diariotextual.com\/inicio\/#organization"},"image":{"@id":"https:\/\/diariotextual.com\/inicio\/index.php\/2024\/02\/26\/liberaron-a-los-dos-detenidos-por-tuitear-sobre-gerardo-morales-y-su-esposa-en-jujuy\/#primaryimage"},"thumbnailUrl":"https:\/\/diariotextual.com\/inicio\/wp-content\/uploads\/2024\/02\/moralesgerardosnopektulia0002.jpg","articleSection":["A - ES NOTICIA (van abajo)","POLITICA"],"inLanguage":"es"},{"@type":"WebPage","@id":"https:\/\/diariotextual.com\/inicio\/index.php\/2024\/02\/26\/liberaron-a-los-dos-detenidos-por-tuitear-sobre-gerardo-morales-y-su-esposa-en-jujuy\/","url":"https:\/\/diariotextual.com\/inicio\/index.php\/2024\/02\/26\/liberaron-a-los-dos-detenidos-por-tuitear-sobre-gerardo-morales-y-su-esposa-en-jujuy\/","name":"Liberaron a los dos detenidos por tuitear sobre Gerardo Morales y su esposa en Jujuy - Diario Textual","isPartOf":{"@id":"https:\/\/diariotextual.com\/inicio\/#website"},"primaryImageOfPage":{"@id":"https:\/\/diariotextual.com\/inicio\/index.php\/2024\/02\/26\/liberaron-a-los-dos-detenidos-por-tuitear-sobre-gerardo-morales-y-su-esposa-en-jujuy\/#primaryimage"},"image":{"@id":"https:\/\/diariotextual.com\/inicio\/index.php\/2024\/02\/26\/liberaron-a-los-dos-detenidos-por-tuitear-sobre-gerardo-morales-y-su-esposa-en-jujuy\/#primaryimage"},"thumbnailUrl":"https:\/\/diariotextual.com\/inicio\/wp-content\/uploads\/2024\/02\/moralesgerardosnopektulia0002.jpg","datePublished":"2024-02-26T19:52:32+00:00","dateModified":"2024-02-26T20:55:17+00:00","breadcrumb":{"@id":"https:\/\/diariotextual.com\/inicio\/index.php\/2024\/02\/26\/liberaron-a-los-dos-detenidos-por-tuitear-sobre-gerardo-morales-y-su-esposa-en-jujuy\/#breadcrumb"},"inLanguage":"es","potentialAction":[{"@type":"ReadAction","target":["https:\/\/diariotextual.com\/inicio\/index.php\/2024\/02\/26\/liberaron-a-los-dos-detenidos-por-tuitear-sobre-gerardo-morales-y-su-esposa-en-jujuy\/"]}]},{"@type":"ImageObject","inLanguage":"es","@id":"https:\/\/diariotextual.com\/inicio\/index.php\/2024\/02\/26\/liberaron-a-los-dos-detenidos-por-tuitear-sobre-gerardo-morales-y-su-esposa-en-jujuy\/#primaryimage","url":"https:\/\/diariotextual.com\/inicio\/wp-content\/uploads\/2024\/02\/moralesgerardosnopektulia0002.jpg","contentUrl":"https:\/\/diariotextual.com\/inicio\/wp-content\/uploads\/2024\/02\/moralesgerardosnopektulia0002.jpg","width":1300,"height":867},{"@type":"BreadcrumbList","@id":"https:\/\/diariotextual.com\/inicio\/index.php\/2024\/02\/26\/liberaron-a-los-dos-detenidos-por-tuitear-sobre-gerardo-morales-y-su-esposa-en-jujuy\/#breadcrumb","itemListElement":[{"@type":"ListItem","position":1,"name":"Portada","item":"https:\/\/diariotextual.com\/inicio\/"},{"@type":"ListItem","position":2,"name":"Liberaron a los dos detenidos por tuitear sobre Gerardo Morales y su esposa en Jujuy"}]},{"@type":"WebSite","@id":"https:\/\/diariotextual.com\/inicio\/#website","url":"https:\/\/diariotextual.com\/inicio\/","name":"Diario Textual","description":"","publisher":{"@id":"https:\/\/diariotextual.com\/inicio\/#organization"},"potentialAction":[{"@type":"SearchAction","target":{"@type":"EntryPoint","urlTemplate":"https:\/\/diariotextual.com\/inicio\/?s={search_term_string}"},"query-input":{"@type":"PropertyValueSpecification","valueRequired":true,"valueName":"search_term_string"}}],"inLanguage":"es"},{"@type":"Organization","@id":"https:\/\/diariotextual.com\/inicio\/#organization","name":"Diario Textual","url":"https:\/\/diariotextual.com\/inicio\/","logo":{"@type":"ImageObject","inLanguage":"es","@id":"https:\/\/diariotextual.com\/inicio\/#\/schema\/logo\/image\/","url":"https:\/\/diariotextual.com\/inicio\/wp-content\/uploads\/2023\/05\/logotextual1.jpg","contentUrl":"https:\/\/diariotextual.com\/inicio\/wp-content\/uploads\/2023\/05\/logotextual1.jpg","width":516,"height":76,"caption":"Diario Textual"},"image":{"@id":"https:\/\/diariotextual.com\/inicio\/#\/schema\/logo\/image\/"},"sameAs":["https:\/\/www.facebook.com\/eltextual","https:\/\/x.com\/eltextual","http:\/\/www.instagram.com\/eltextual"]},{"@type":"Person","@id":"https:\/\/diariotextual.com\/inicio\/#\/schema\/person\/418fc4093c33e86ed41562db3508f958","name":"Diario1 Diario1","image":{"@type":"ImageObject","inLanguage":"es","@id":"https:\/\/secure.gravatar.com\/avatar\/9167d280179c85bc18be67aa7eda765854300033af4896dd779b608640f2ef7a?s=96&d=mm&r=g","url":"https:\/\/secure.gravatar.com\/avatar\/9167d280179c85bc18be67aa7eda765854300033af4896dd779b608640f2ef7a?s=96&d=mm&r=g","contentUrl":"https:\/\/secure.gravatar.com\/avatar\/9167d280179c85bc18be67aa7eda765854300033af4896dd779b608640f2ef7a?s=96&d=mm&r=g","caption":"Diario1 Diario1"},"url":"https:\/\/diariotextual.com\/inicio\/index.php\/author\/diario1\/"}]}},"_links":{"self":[{"href":"https:\/\/diariotextual.com\/inicio\/index.php\/wp-json\/wp\/v2\/posts\/255144","targetHints":{"allow":["GET"]}}],"collection":[{"href":"https:\/\/diariotextual.com\/inicio\/index.php\/wp-json\/wp\/v2\/posts"}],"about":[{"href":"https:\/\/diariotextual.com\/inicio\/index.php\/wp-json\/wp\/v2\/types\/post"}],"author":[{"embeddable":true,"href":"https:\/\/diariotextual.com\/inicio\/index.php\/wp-json\/wp\/v2\/users\/3"}],"replies":[{"embeddable":true,"href":"https:\/\/diariotextual.com\/inicio\/index.php\/wp-json\/wp\/v2\/comments?post=255144"}],"version-history":[{"count":3,"href":"https:\/\/diariotextual.com\/inicio\/index.php\/wp-json\/wp\/v2\/posts\/255144\/revisions"}],"predecessor-version":[{"id":255148,"href":"https:\/\/diariotextual.com\/inicio\/index.php\/wp-json\/wp\/v2\/posts\/255144\/revisions\/255148"}],"wp:featuredmedia":[{"embeddable":true,"href":"https:\/\/diariotextual.com\/inicio\/index.php\/wp-json\/wp\/v2\/media\/255147"}],"wp:attachment":[{"href":"https:\/\/diariotextual.com\/inicio\/index.php\/wp-json\/wp\/v2\/media?parent=255144"}],"wp:term":[{"taxonomy":"category","embeddable":true,"href":"https:\/\/diariotextual.com\/inicio\/index.php\/wp-json\/wp\/v2\/categories?post=255144"},{"taxonomy":"post_tag","embeddable":true,"href":"https:\/\/diariotextual.com\/inicio\/index.php\/wp-json\/wp\/v2\/tags?post=255144"}],"curies":[{"name":"wp","href":"https:\/\/api.w.org\/{rel}","templated":true}]}}