{"id":255154,"date":"2024-02-26T17:44:38","date_gmt":"2024-02-26T20:44:38","guid":{"rendered":"https:\/\/diariotextual.com\/inicio\/?p=255154"},"modified":"2024-02-27T08:58:33","modified_gmt":"2024-02-27T11:58:33","slug":"causa-vialidad-fiscalia-pidio-condenar-a-cristina-kirchner-a-12-anos-de-prision","status":"publish","type":"post","link":"https:\/\/diariotextual.com\/inicio\/index.php\/2024\/02\/26\/causa-vialidad-fiscalia-pidio-condenar-a-cristina-kirchner-a-12-anos-de-prision\/","title":{"rendered":"Causa \u201cVialidad\u201d: Fiscal\u00eda pidi\u00f3 condenar a Cristina Kirchner a 12 a\u00f1os de prisi\u00f3n"},"content":{"rendered":"\n<p>El fiscal ante la C\u00e1mara Federal de Casaci\u00f3n Penal, Mario Villar, reclam\u00f3 este lunes que<strong> se condene a la expresidenta Cristina Fern\u00e1ndez de Kirchner como \u201cjefa de asociaci\u00f3n il\u00edcita\u201d y se le fije una pena de 12 a\u00f1os de prisi\u00f3n<\/strong>, en base a lo reclamado durante el juicio en la causa \u201cVialidad\u201d.<\/p>\n\n\n\n<p>Villar solicit\u00f3 al m\u00e1ximo tribunal penal federal del pa\u00eds que \u201cse condene a Cristina Kirchner como jefa de asociaci\u00f3n il\u00edcita\u201d, <strong>delito por el cual result\u00f3 absuelta en 2022<\/strong>, al t\u00e9rmino del juicio por el desv\u00edo de obra p\u00fablica nacional a favor del empresario L\u00e1zaro B\u00e1ez en Santa Cruz durante su gobierno.<\/p>\n\n\n\n<p>La exvicepresidenta result\u00f3 condenada a seis a\u00f1os de prisi\u00f3n por \u201cadministraci\u00f3n fraudulenta agravada\u201d, pero el Tribunal Oral Federal 2 la absolvi\u00f3 en voto dividido por el cargo de asociaci\u00f3n il\u00edcita.<\/p>\n\n\n\n<p>El fiscal que actu\u00f3 en el juicio Diego Luciani hab\u00eda reclamado doce a\u00f1os de c\u00e1rcel.<\/p>\n\n\n\n<p>Ahora, al fundamentar y mantener la apelaci\u00f3n para agravar la condena a la exPresidenta, Villar reclam\u00f3 tambi\u00e9n que <strong>se condene como organizadores de la asociaci\u00f3n il\u00edcita al exministro de Planificaci\u00f3n Federal Julio De Vido, al extitular de Vialidad Nacional Nelson Periotti, al empresario B\u00e1ez y al exsecretario de Obras P\u00fablicas Jos\u00e9 L\u00f3pez.<\/strong><\/p>\n\n\n\n<p>En el caso de <strong>De Vido result\u00f3 absuelto por todos los delitos en el juicio, mientras que los restantes recibieron condenas por \u201cadministraci\u00f3n fraudulenta\u201d.<\/strong><\/p>\n\n\n\n<p>Villar reclam\u00f3 al cerrar su exposici\u00f3n, que comenz\u00f3 a las 11 y finaliz\u00f3 poco antes de las 13, que se revoquen las absoluciones a otros dos exfuncionarios, Abel Fatala y Carlos Kirchner; que se confirme la condena a todos los dem\u00e1s imputados por administraci\u00f3n fraudulenta y que quede firme el decomiso de dinero ordenado por el Tribunal Oral Federal 2.<\/p>\n\n\n\n<p>Al inicio de su exposici\u00f3n, Villar afirm\u00f3 que durante el gobierno de Cristina Kirchner hubo \u201cuna verdadera asociaci\u00f3n criminal\u201d integrada por funcionarios del Estado Nacional, quienes <strong>decidieron \u201cdesviar fondos hacia ellos mismos\u201d.<\/strong><\/p>\n\n\n\n<p>Lo hizo al comenzar a exponer ante la sala IV del m\u00e1ximo tribunal penal del pa\u00eds, en la primera audiencia de revisi\u00f3n de la condena a seis a\u00f1os de prisi\u00f3n para la expresidenta por administraci\u00f3n fraudulenta y ratific\u00f3 que pedir\u00e1 que tambi\u00e9n reciba pena por \u201casociaci\u00f3n il\u00edcita\u201d.<\/p>\n\n\n\n<p>Adem\u00e1s, <strong>cuestion\u00f3 la absoluci\u00f3n en el juicio por desv\u00edo de la obra p\u00fablica en Santa Cruz del exministro de Planificaci\u00f3n Federal Julio De Vido<\/strong>, tambi\u00e9n apelada por la fiscal\u00eda.<\/p>\n\n\n\n<p>\u201cCada ministro es responsable de los actos que legaliza\u201d, es decir \u201cque tiene responsabilidad por las resoluciones de su competencia\u201d, remarc\u00f3 Villar.<\/p>\n\n\n\n<p>\u201cRatifico el delito de asociaci\u00f3n il\u00edcita, integrada por Cristina Fern\u00e1ndez de Kirchner, Julio De Vido, Jos\u00e9 Lopez, Nelson Periotti y L\u00e1zaro B\u00e1ez\u201d, sostuvo el fiscal en relaci\u00f3n a esta calificaci\u00f3n por la cual los cinco resultaron absueltos al t\u00e9rmino de un juicio oral.<\/p>\n\n\n\n<p>La expresidenta y el empresario B\u00e1ez resultaron condenados a 6 a\u00f1os de prisi\u00f3n por administraci\u00f3n fraudulenta pero la fiscal\u00eda de juicio, a cargo de Diego Luciani y Sergio Mola, hab\u00eda reclamado doce a\u00f1os al incluir la \u201casociaci\u00f3n il\u00edcita\u201d, record\u00f3 la agencia T\u00e9lam.<\/p>\n\n\n\n<div style=\"height:100px\" aria-hidden=\"true\" class=\"wp-block-spacer\"><\/div>\n\n\n\n<p><strong>Revisi\u00f3n<\/strong><\/p>\n\n\n\n<p>En la etapa de revisi\u00f3n en Casaci\u00f3n que comenz\u00f3 este lunes, el fiscal Villar mantuvo la apelaci\u00f3n de sus pares ante el Tribunal Oral Federal 2 y sostuvo que<strong> la asociaci\u00f3n il\u00edcita \u201crealiz\u00f3 los desv\u00edos\u201d de dinero y \u201cse organiz\u00f3 para realizar estas defraudaciones\u201d.<\/strong><\/p>\n\n\n\n<p>Ante los jueces Gustavo Hornos, Mariano Borinsky y Diego Barroetave\u00f1a, el fiscal remarc\u00f3 que las empresas de L\u00e1zaro B\u00e1ez se adjudicaron 51 licitaciones entre 2003 y 2015 cuando <strong>\u201cfuncionarios en las estructuras formales del Estado crearon una asociaci\u00f3n il\u00edcita para el desv\u00edo de los fondos del Estado\u201d hacia el due\u00f1o de Austral Construcciones.<\/strong><\/p>\n\n\n\n<p>\u201cPara ello la obra vial se pone bajo la \u00f3rbita del Ministerio de Planificaci\u00f3n y se designa a Julio De Vido\u201d, el exministro que result\u00f3 absuelto en el juicio por el Tribunal Oral Federal 2 pero que la fiscal\u00eda pedir\u00e1 ahora condenar.<\/p>\n\n\n\n<p>\u201cB\u00e1ez se convirti\u00f3 en uno de los participantes, quien recibir\u00eda el dinero por la supuesta obra p\u00fablica. Se necesitaba un empresario que estuviera dispuesto\u201d, dijo el fiscal al exponer en la sala AMIA del edificio judicial de Comodoro Py, en un tr\u00e1mite presencial al que asistieron los defensores de los imputados.<\/p>\n\n\n\n<p>Subray\u00f3 que para lograr \u201cel fin delictivo\u201d se \u201cconstruy\u00f3 un esquema de corrupci\u00f3n para manipulaci\u00f3n de la obra p\u00fablica en Santa Cruz\u201d y <strong>el Tribunal Oral Federal 2 incurri\u00f3 en un \u201crazonamiento arbitrario\u201d al descartar la asociaci\u00f3n il\u00edcita \u201ca los cinco miembros\u201d.<\/strong><\/p>\n","protected":false},"excerpt":{"rendered":"<p>El fiscal ante la C\u00e1mara Federal de Casaci\u00f3n Penal, Mario Villar, reclam\u00f3 este lunes que se condene a la expresidenta Cristina Fern\u00e1ndez de Kirchner como \u201cjefa de asociaci\u00f3n il\u00edcita\u201d y&hellip;<\/p>\n","protected":false},"author":5,"featured_media":230589,"comment_status":"closed","ping_status":"open","sticky":false,"template":"","format":"standard","meta":{"_acf_changed":false,"footnotes":""},"categories":[1,8],"tags":[7243,682],"class_list":["post-255154","post","type-post","status-publish","format-standard","has-post-thumbnail","hentry","category-es-noticia","category-politica","tag-causa-vialidad","tag-cfk"],"acf":[],"yoast_head":"<!-- This site is optimized with the Yoast SEO plugin v27.5 - https:\/\/yoast.com\/product\/yoast-seo-wordpress\/ -->\n<title>Causa \u201cVialidad\u201d: Fiscal\u00eda pidi\u00f3 condenar a Cristina Kirchner a 12 a\u00f1os de prisi\u00f3n - Diario Textual<\/title>\n<meta name=\"robots\" content=\"index, follow, max-snippet:-1, max-image-preview:large, max-video-preview:-1\" \/>\n<link rel=\"canonical\" href=\"https:\/\/diariotextual.com\/inicio\/index.php\/2024\/02\/26\/causa-vialidad-fiscalia-pidio-condenar-a-cristina-kirchner-a-12-anos-de-prision\/\" \/>\n<meta property=\"og:locale\" content=\"es_ES\" \/>\n<meta property=\"og:type\" content=\"article\" \/>\n<meta property=\"og:title\" content=\"Causa \u201cVialidad\u201d: Fiscal\u00eda pidi\u00f3 condenar a Cristina Kirchner a 12 a\u00f1os de prisi\u00f3n - Diario Textual\" \/>\n<meta property=\"og:description\" content=\"El fiscal ante la C\u00e1mara Federal de Casaci\u00f3n Penal, Mario Villar, reclam\u00f3 este lunes que se condene a la expresidenta Cristina Fern\u00e1ndez de Kirchner como \u201cjefa de asociaci\u00f3n il\u00edcita\u201d y&hellip;\" \/>\n<meta property=\"og:url\" content=\"https:\/\/diariotextual.com\/inicio\/index.php\/2024\/02\/26\/causa-vialidad-fiscalia-pidio-condenar-a-cristina-kirchner-a-12-anos-de-prision\/\" \/>\n<meta property=\"og:site_name\" content=\"Diario Textual\" \/>\n<meta property=\"article:publisher\" content=\"https:\/\/www.facebook.com\/eltextual\" \/>\n<meta property=\"article:published_time\" content=\"2024-02-26T20:44:38+00:00\" \/>\n<meta property=\"article:modified_time\" content=\"2024-02-27T11:58:33+00:00\" \/>\n<meta property=\"og:image\" content=\"https:\/\/diariotextual.com\/inicio\/wp-content\/uploads\/2023\/07\/fernandezcristina2023-037.jpg\" \/>\n\t<meta property=\"og:image:width\" content=\"2048\" \/>\n\t<meta property=\"og:image:height\" content=\"1366\" \/>\n\t<meta property=\"og:image:type\" content=\"image\/jpeg\" \/>\n<meta name=\"author\" content=\"diario3\" \/>\n<meta name=\"twitter:card\" content=\"summary_large_image\" \/>\n<meta name=\"twitter:creator\" content=\"@eltextual\" \/>\n<meta name=\"twitter:site\" content=\"@eltextual\" \/>\n<meta name=\"twitter:label1\" content=\"Escrito por\" \/>\n\t<meta name=\"twitter:data1\" content=\"diario3\" \/>\n\t<meta name=\"twitter:label2\" content=\"Tiempo de lectura\" \/>\n\t<meta name=\"twitter:data2\" content=\"4 minutos\" \/>\n<script type=\"application\/ld+json\" class=\"yoast-schema-graph\">{\"@context\":\"https:\\\/\\\/schema.org\",\"@graph\":[{\"@type\":\"Article\",\"@id\":\"https:\\\/\\\/diariotextual.com\\\/inicio\\\/index.php\\\/2024\\\/02\\\/26\\\/causa-vialidad-fiscalia-pidio-condenar-a-cristina-kirchner-a-12-anos-de-prision\\\/#article\",\"isPartOf\":{\"@id\":\"https:\\\/\\\/diariotextual.com\\\/inicio\\\/index.php\\\/2024\\\/02\\\/26\\\/causa-vialidad-fiscalia-pidio-condenar-a-cristina-kirchner-a-12-anos-de-prision\\\/\"},\"author\":{\"name\":\"diario3\",\"@id\":\"https:\\\/\\\/diariotextual.com\\\/inicio\\\/#\\\/schema\\\/person\\\/a1b6f563e0ee944c60f98119389a4d9f\"},\"headline\":\"Causa \u201cVialidad\u201d: Fiscal\u00eda pidi\u00f3 condenar a Cristina Kirchner a 12 a\u00f1os de prisi\u00f3n\",\"datePublished\":\"2024-02-26T20:44:38+00:00\",\"dateModified\":\"2024-02-27T11:58:33+00:00\",\"mainEntityOfPage\":{\"@id\":\"https:\\\/\\\/diariotextual.com\\\/inicio\\\/index.php\\\/2024\\\/02\\\/26\\\/causa-vialidad-fiscalia-pidio-condenar-a-cristina-kirchner-a-12-anos-de-prision\\\/\"},\"wordCount\":831,\"publisher\":{\"@id\":\"https:\\\/\\\/diariotextual.com\\\/inicio\\\/#organization\"},\"image\":{\"@id\":\"https:\\\/\\\/diariotextual.com\\\/inicio\\\/index.php\\\/2024\\\/02\\\/26\\\/causa-vialidad-fiscalia-pidio-condenar-a-cristina-kirchner-a-12-anos-de-prision\\\/#primaryimage\"},\"thumbnailUrl\":\"https:\\\/\\\/diariotextual.com\\\/inicio\\\/wp-content\\\/uploads\\\/2023\\\/07\\\/fernandezcristina2023-037.jpg\",\"keywords\":[\"causa vialidad\",\"CFK\"],\"articleSection\":[\"A - ES NOTICIA (van abajo)\",\"POLITICA\"],\"inLanguage\":\"es\"},{\"@type\":\"WebPage\",\"@id\":\"https:\\\/\\\/diariotextual.com\\\/inicio\\\/index.php\\\/2024\\\/02\\\/26\\\/causa-vialidad-fiscalia-pidio-condenar-a-cristina-kirchner-a-12-anos-de-prision\\\/\",\"url\":\"https:\\\/\\\/diariotextual.com\\\/inicio\\\/index.php\\\/2024\\\/02\\\/26\\\/causa-vialidad-fiscalia-pidio-condenar-a-cristina-kirchner-a-12-anos-de-prision\\\/\",\"name\":\"Causa \u201cVialidad\u201d: Fiscal\u00eda pidi\u00f3 condenar a Cristina Kirchner a 12 a\u00f1os de prisi\u00f3n - Diario Textual\",\"isPartOf\":{\"@id\":\"https:\\\/\\\/diariotextual.com\\\/inicio\\\/#website\"},\"primaryImageOfPage\":{\"@id\":\"https:\\\/\\\/diariotextual.com\\\/inicio\\\/index.php\\\/2024\\\/02\\\/26\\\/causa-vialidad-fiscalia-pidio-condenar-a-cristina-kirchner-a-12-anos-de-prision\\\/#primaryimage\"},\"image\":{\"@id\":\"https:\\\/\\\/diariotextual.com\\\/inicio\\\/index.php\\\/2024\\\/02\\\/26\\\/causa-vialidad-fiscalia-pidio-condenar-a-cristina-kirchner-a-12-anos-de-prision\\\/#primaryimage\"},\"thumbnailUrl\":\"https:\\\/\\\/diariotextual.com\\\/inicio\\\/wp-content\\\/uploads\\\/2023\\\/07\\\/fernandezcristina2023-037.jpg\",\"datePublished\":\"2024-02-26T20:44:38+00:00\",\"dateModified\":\"2024-02-27T11:58:33+00:00\",\"breadcrumb\":{\"@id\":\"https:\\\/\\\/diariotextual.com\\\/inicio\\\/index.php\\\/2024\\\/02\\\/26\\\/causa-vialidad-fiscalia-pidio-condenar-a-cristina-kirchner-a-12-anos-de-prision\\\/#breadcrumb\"},\"inLanguage\":\"es\",\"potentialAction\":[{\"@type\":\"ReadAction\",\"target\":[\"https:\\\/\\\/diariotextual.com\\\/inicio\\\/index.php\\\/2024\\\/02\\\/26\\\/causa-vialidad-fiscalia-pidio-condenar-a-cristina-kirchner-a-12-anos-de-prision\\\/\"]}]},{\"@type\":\"ImageObject\",\"inLanguage\":\"es\",\"@id\":\"https:\\\/\\\/diariotextual.com\\\/inicio\\\/index.php\\\/2024\\\/02\\\/26\\\/causa-vialidad-fiscalia-pidio-condenar-a-cristina-kirchner-a-12-anos-de-prision\\\/#primaryimage\",\"url\":\"https:\\\/\\\/diariotextual.com\\\/inicio\\\/wp-content\\\/uploads\\\/2023\\\/07\\\/fernandezcristina2023-037.jpg\",\"contentUrl\":\"https:\\\/\\\/diariotextual.com\\\/inicio\\\/wp-content\\\/uploads\\\/2023\\\/07\\\/fernandezcristina2023-037.jpg\",\"width\":2048,\"height\":1366},{\"@type\":\"BreadcrumbList\",\"@id\":\"https:\\\/\\\/diariotextual.com\\\/inicio\\\/index.php\\\/2024\\\/02\\\/26\\\/causa-vialidad-fiscalia-pidio-condenar-a-cristina-kirchner-a-12-anos-de-prision\\\/#breadcrumb\",\"itemListElement\":[{\"@type\":\"ListItem\",\"position\":1,\"name\":\"Portada\",\"item\":\"https:\\\/\\\/diariotextual.com\\\/inicio\\\/\"},{\"@type\":\"ListItem\",\"position\":2,\"name\":\"Causa \u201cVialidad\u201d: Fiscal\u00eda pidi\u00f3 condenar a Cristina Kirchner a 12 a\u00f1os de prisi\u00f3n\"}]},{\"@type\":\"WebSite\",\"@id\":\"https:\\\/\\\/diariotextual.com\\\/inicio\\\/#website\",\"url\":\"https:\\\/\\\/diariotextual.com\\\/inicio\\\/\",\"name\":\"Diario Textual\",\"description\":\"\",\"publisher\":{\"@id\":\"https:\\\/\\\/diariotextual.com\\\/inicio\\\/#organization\"},\"potentialAction\":[{\"@type\":\"SearchAction\",\"target\":{\"@type\":\"EntryPoint\",\"urlTemplate\":\"https:\\\/\\\/diariotextual.com\\\/inicio\\\/?s={search_term_string}\"},\"query-input\":{\"@type\":\"PropertyValueSpecification\",\"valueRequired\":true,\"valueName\":\"search_term_string\"}}],\"inLanguage\":\"es\"},{\"@type\":\"Organization\",\"@id\":\"https:\\\/\\\/diariotextual.com\\\/inicio\\\/#organization\",\"name\":\"Diario Textual\",\"url\":\"https:\\\/\\\/diariotextual.com\\\/inicio\\\/\",\"logo\":{\"@type\":\"ImageObject\",\"inLanguage\":\"es\",\"@id\":\"https:\\\/\\\/diariotextual.com\\\/inicio\\\/#\\\/schema\\\/logo\\\/image\\\/\",\"url\":\"https:\\\/\\\/diariotextual.com\\\/inicio\\\/wp-content\\\/uploads\\\/2023\\\/05\\\/logotextual1.jpg\",\"contentUrl\":\"https:\\\/\\\/diariotextual.com\\\/inicio\\\/wp-content\\\/uploads\\\/2023\\\/05\\\/logotextual1.jpg\",\"width\":516,\"height\":76,\"caption\":\"Diario Textual\"},\"image\":{\"@id\":\"https:\\\/\\\/diariotextual.com\\\/inicio\\\/#\\\/schema\\\/logo\\\/image\\\/\"},\"sameAs\":[\"https:\\\/\\\/www.facebook.com\\\/eltextual\",\"https:\\\/\\\/x.com\\\/eltextual\",\"http:\\\/\\\/www.instagram.com\\\/eltextual\"]},{\"@type\":\"Person\",\"@id\":\"https:\\\/\\\/diariotextual.com\\\/inicio\\\/#\\\/schema\\\/person\\\/a1b6f563e0ee944c60f98119389a4d9f\",\"name\":\"diario3\",\"image\":{\"@type\":\"ImageObject\",\"inLanguage\":\"es\",\"@id\":\"https:\\\/\\\/secure.gravatar.com\\\/avatar\\\/5e7ee62c82fc04d9dd79d746a390d93c69c43223e5faeeb3ea9461ef752bfc5d?s=96&d=mm&r=g\",\"url\":\"https:\\\/\\\/secure.gravatar.com\\\/avatar\\\/5e7ee62c82fc04d9dd79d746a390d93c69c43223e5faeeb3ea9461ef752bfc5d?s=96&d=mm&r=g\",\"contentUrl\":\"https:\\\/\\\/secure.gravatar.com\\\/avatar\\\/5e7ee62c82fc04d9dd79d746a390d93c69c43223e5faeeb3ea9461ef752bfc5d?s=96&d=mm&r=g\",\"caption\":\"diario3\"},\"url\":\"https:\\\/\\\/diariotextual.com\\\/inicio\\\/index.php\\\/author\\\/diario3\\\/\"}]}<\/script>\n<!-- \/ Yoast SEO plugin. -->","yoast_head_json":{"title":"Causa \u201cVialidad\u201d: Fiscal\u00eda pidi\u00f3 condenar a Cristina Kirchner a 12 a\u00f1os de prisi\u00f3n - Diario Textual","robots":{"index":"index","follow":"follow","max-snippet":"max-snippet:-1","max-image-preview":"max-image-preview:large","max-video-preview":"max-video-preview:-1"},"canonical":"https:\/\/diariotextual.com\/inicio\/index.php\/2024\/02\/26\/causa-vialidad-fiscalia-pidio-condenar-a-cristina-kirchner-a-12-anos-de-prision\/","og_locale":"es_ES","og_type":"article","og_title":"Causa \u201cVialidad\u201d: Fiscal\u00eda pidi\u00f3 condenar a Cristina Kirchner a 12 a\u00f1os de prisi\u00f3n - Diario Textual","og_description":"El fiscal ante la C\u00e1mara Federal de Casaci\u00f3n Penal, Mario Villar, reclam\u00f3 este lunes que se condene a la expresidenta Cristina Fern\u00e1ndez de Kirchner como \u201cjefa de asociaci\u00f3n il\u00edcita\u201d y&hellip;","og_url":"https:\/\/diariotextual.com\/inicio\/index.php\/2024\/02\/26\/causa-vialidad-fiscalia-pidio-condenar-a-cristina-kirchner-a-12-anos-de-prision\/","og_site_name":"Diario Textual","article_publisher":"https:\/\/www.facebook.com\/eltextual","article_published_time":"2024-02-26T20:44:38+00:00","article_modified_time":"2024-02-27T11:58:33+00:00","og_image":[{"width":2048,"height":1366,"url":"https:\/\/diariotextual.com\/inicio\/wp-content\/uploads\/2023\/07\/fernandezcristina2023-037.jpg","type":"image\/jpeg"}],"author":"diario3","twitter_card":"summary_large_image","twitter_creator":"@eltextual","twitter_site":"@eltextual","twitter_misc":{"Escrito por":"diario3","Tiempo de lectura":"4 minutos"},"schema":{"@context":"https:\/\/schema.org","@graph":[{"@type":"Article","@id":"https:\/\/diariotextual.com\/inicio\/index.php\/2024\/02\/26\/causa-vialidad-fiscalia-pidio-condenar-a-cristina-kirchner-a-12-anos-de-prision\/#article","isPartOf":{"@id":"https:\/\/diariotextual.com\/inicio\/index.php\/2024\/02\/26\/causa-vialidad-fiscalia-pidio-condenar-a-cristina-kirchner-a-12-anos-de-prision\/"},"author":{"name":"diario3","@id":"https:\/\/diariotextual.com\/inicio\/#\/schema\/person\/a1b6f563e0ee944c60f98119389a4d9f"},"headline":"Causa \u201cVialidad\u201d: Fiscal\u00eda pidi\u00f3 condenar a Cristina Kirchner a 12 a\u00f1os de prisi\u00f3n","datePublished":"2024-02-26T20:44:38+00:00","dateModified":"2024-02-27T11:58:33+00:00","mainEntityOfPage":{"@id":"https:\/\/diariotextual.com\/inicio\/index.php\/2024\/02\/26\/causa-vialidad-fiscalia-pidio-condenar-a-cristina-kirchner-a-12-anos-de-prision\/"},"wordCount":831,"publisher":{"@id":"https:\/\/diariotextual.com\/inicio\/#organization"},"image":{"@id":"https:\/\/diariotextual.com\/inicio\/index.php\/2024\/02\/26\/causa-vialidad-fiscalia-pidio-condenar-a-cristina-kirchner-a-12-anos-de-prision\/#primaryimage"},"thumbnailUrl":"https:\/\/diariotextual.com\/inicio\/wp-content\/uploads\/2023\/07\/fernandezcristina2023-037.jpg","keywords":["causa vialidad","CFK"],"articleSection":["A - ES NOTICIA (van abajo)","POLITICA"],"inLanguage":"es"},{"@type":"WebPage","@id":"https:\/\/diariotextual.com\/inicio\/index.php\/2024\/02\/26\/causa-vialidad-fiscalia-pidio-condenar-a-cristina-kirchner-a-12-anos-de-prision\/","url":"https:\/\/diariotextual.com\/inicio\/index.php\/2024\/02\/26\/causa-vialidad-fiscalia-pidio-condenar-a-cristina-kirchner-a-12-anos-de-prision\/","name":"Causa \u201cVialidad\u201d: Fiscal\u00eda pidi\u00f3 condenar a Cristina Kirchner a 12 a\u00f1os de prisi\u00f3n - Diario Textual","isPartOf":{"@id":"https:\/\/diariotextual.com\/inicio\/#website"},"primaryImageOfPage":{"@id":"https:\/\/diariotextual.com\/inicio\/index.php\/2024\/02\/26\/causa-vialidad-fiscalia-pidio-condenar-a-cristina-kirchner-a-12-anos-de-prision\/#primaryimage"},"image":{"@id":"https:\/\/diariotextual.com\/inicio\/index.php\/2024\/02\/26\/causa-vialidad-fiscalia-pidio-condenar-a-cristina-kirchner-a-12-anos-de-prision\/#primaryimage"},"thumbnailUrl":"https:\/\/diariotextual.com\/inicio\/wp-content\/uploads\/2023\/07\/fernandezcristina2023-037.jpg","datePublished":"2024-02-26T20:44:38+00:00","dateModified":"2024-02-27T11:58:33+00:00","breadcrumb":{"@id":"https:\/\/diariotextual.com\/inicio\/index.php\/2024\/02\/26\/causa-vialidad-fiscalia-pidio-condenar-a-cristina-kirchner-a-12-anos-de-prision\/#breadcrumb"},"inLanguage":"es","potentialAction":[{"@type":"ReadAction","target":["https:\/\/diariotextual.com\/inicio\/index.php\/2024\/02\/26\/causa-vialidad-fiscalia-pidio-condenar-a-cristina-kirchner-a-12-anos-de-prision\/"]}]},{"@type":"ImageObject","inLanguage":"es","@id":"https:\/\/diariotextual.com\/inicio\/index.php\/2024\/02\/26\/causa-vialidad-fiscalia-pidio-condenar-a-cristina-kirchner-a-12-anos-de-prision\/#primaryimage","url":"https:\/\/diariotextual.com\/inicio\/wp-content\/uploads\/2023\/07\/fernandezcristina2023-037.jpg","contentUrl":"https:\/\/diariotextual.com\/inicio\/wp-content\/uploads\/2023\/07\/fernandezcristina2023-037.jpg","width":2048,"height":1366},{"@type":"BreadcrumbList","@id":"https:\/\/diariotextual.com\/inicio\/index.php\/2024\/02\/26\/causa-vialidad-fiscalia-pidio-condenar-a-cristina-kirchner-a-12-anos-de-prision\/#breadcrumb","itemListElement":[{"@type":"ListItem","position":1,"name":"Portada","item":"https:\/\/diariotextual.com\/inicio\/"},{"@type":"ListItem","position":2,"name":"Causa \u201cVialidad\u201d: Fiscal\u00eda pidi\u00f3 condenar a Cristina Kirchner a 12 a\u00f1os de prisi\u00f3n"}]},{"@type":"WebSite","@id":"https:\/\/diariotextual.com\/inicio\/#website","url":"https:\/\/diariotextual.com\/inicio\/","name":"Diario Textual","description":"","publisher":{"@id":"https:\/\/diariotextual.com\/inicio\/#organization"},"potentialAction":[{"@type":"SearchAction","target":{"@type":"EntryPoint","urlTemplate":"https:\/\/diariotextual.com\/inicio\/?s={search_term_string}"},"query-input":{"@type":"PropertyValueSpecification","valueRequired":true,"valueName":"search_term_string"}}],"inLanguage":"es"},{"@type":"Organization","@id":"https:\/\/diariotextual.com\/inicio\/#organization","name":"Diario Textual","url":"https:\/\/diariotextual.com\/inicio\/","logo":{"@type":"ImageObject","inLanguage":"es","@id":"https:\/\/diariotextual.com\/inicio\/#\/schema\/logo\/image\/","url":"https:\/\/diariotextual.com\/inicio\/wp-content\/uploads\/2023\/05\/logotextual1.jpg","contentUrl":"https:\/\/diariotextual.com\/inicio\/wp-content\/uploads\/2023\/05\/logotextual1.jpg","width":516,"height":76,"caption":"Diario Textual"},"image":{"@id":"https:\/\/diariotextual.com\/inicio\/#\/schema\/logo\/image\/"},"sameAs":["https:\/\/www.facebook.com\/eltextual","https:\/\/x.com\/eltextual","http:\/\/www.instagram.com\/eltextual"]},{"@type":"Person","@id":"https:\/\/diariotextual.com\/inicio\/#\/schema\/person\/a1b6f563e0ee944c60f98119389a4d9f","name":"diario3","image":{"@type":"ImageObject","inLanguage":"es","@id":"https:\/\/secure.gravatar.com\/avatar\/5e7ee62c82fc04d9dd79d746a390d93c69c43223e5faeeb3ea9461ef752bfc5d?s=96&d=mm&r=g","url":"https:\/\/secure.gravatar.com\/avatar\/5e7ee62c82fc04d9dd79d746a390d93c69c43223e5faeeb3ea9461ef752bfc5d?s=96&d=mm&r=g","contentUrl":"https:\/\/secure.gravatar.com\/avatar\/5e7ee62c82fc04d9dd79d746a390d93c69c43223e5faeeb3ea9461ef752bfc5d?s=96&d=mm&r=g","caption":"diario3"},"url":"https:\/\/diariotextual.com\/inicio\/index.php\/author\/diario3\/"}]}},"_links":{"self":[{"href":"https:\/\/diariotextual.com\/inicio\/index.php\/wp-json\/wp\/v2\/posts\/255154","targetHints":{"allow":["GET"]}}],"collection":[{"href":"https:\/\/diariotextual.com\/inicio\/index.php\/wp-json\/wp\/v2\/posts"}],"about":[{"href":"https:\/\/diariotextual.com\/inicio\/index.php\/wp-json\/wp\/v2\/types\/post"}],"author":[{"embeddable":true,"href":"https:\/\/diariotextual.com\/inicio\/index.php\/wp-json\/wp\/v2\/users\/5"}],"replies":[{"embeddable":true,"href":"https:\/\/diariotextual.com\/inicio\/index.php\/wp-json\/wp\/v2\/comments?post=255154"}],"version-history":[{"count":1,"href":"https:\/\/diariotextual.com\/inicio\/index.php\/wp-json\/wp\/v2\/posts\/255154\/revisions"}],"predecessor-version":[{"id":255155,"href":"https:\/\/diariotextual.com\/inicio\/index.php\/wp-json\/wp\/v2\/posts\/255154\/revisions\/255155"}],"wp:featuredmedia":[{"embeddable":true,"href":"https:\/\/diariotextual.com\/inicio\/index.php\/wp-json\/wp\/v2\/media\/230589"}],"wp:attachment":[{"href":"https:\/\/diariotextual.com\/inicio\/index.php\/wp-json\/wp\/v2\/media?parent=255154"}],"wp:term":[{"taxonomy":"category","embeddable":true,"href":"https:\/\/diariotextual.com\/inicio\/index.php\/wp-json\/wp\/v2\/categories?post=255154"},{"taxonomy":"post_tag","embeddable":true,"href":"https:\/\/diariotextual.com\/inicio\/index.php\/wp-json\/wp\/v2\/tags?post=255154"}],"curies":[{"name":"wp","href":"https:\/\/api.w.org\/{rel}","templated":true}]}}