{"id":255241,"date":"2024-02-27T12:12:06","date_gmt":"2024-02-27T15:12:06","guid":{"rendered":"https:\/\/diariotextual.com\/inicio\/?p=255241"},"modified":"2024-02-27T12:12:09","modified_gmt":"2024-02-27T15:12:09","slug":"el-gobierno-prohibira-el-uso-del-lenguaje-inclusivo-en-la-administracion-publica","status":"publish","type":"post","link":"https:\/\/diariotextual.com\/inicio\/index.php\/2024\/02\/27\/el-gobierno-prohibira-el-uso-del-lenguaje-inclusivo-en-la-administracion-publica\/","title":{"rendered":"El Gobierno prohibir\u00e1 el uso del lenguaje inclusivo en la administraci\u00f3n p\u00fablica"},"content":{"rendered":"\n<p>El presidente\u00a0<strong>Javier Milei orden\u00f3 prohibir la utilizaci\u00f3n del lenguaje inclusivo en la administraci\u00f3n p\u00fablica<\/strong>. La decisi\u00f3n fue comunicada este martes por el vocero Manuel Adorni en su habitual contacto con periodistas en Casa Rosada.<\/p>\n\n\n\n<p>\u201cSe va a proceder a iniciar las actuaciones para prohibir el lenguaje inclusivo y todo lo referente a la perspectiva de g\u00e9nero\u201d, inform\u00f3 el funcionario.<\/p>\n\n\n\n<p>\u201c<strong>No se va a poder utilizar la letra \u201ce\u201d, el arroba, la \u201cx\u201d\u201d, puntualiz\u00f3 el portavoz. Tambi\u00e9n dijo que se evitar\u00e1 en la redacci\u00f3n de documentos p\u00fablicos \u201cla innecesaria utilizaci\u00f3n\u201d del g\u00e9nero femenino.<\/strong><\/p>\n\n\n\n<p>El representante de la Casa Rosada, ante una repregunta, dijo que el Gobierno no est\u00e1 dispuesto a ingresar a un debate sobre el lenguaje y declar\u00f3 que las perspectivas de g\u00e9nero se han utilizado como\u00a0<strong>\u201cun negocio de la pol\u00edtica\u201d.<\/strong><\/p>\n\n\n\n<p>Esta semana, el Ministerio de Defensa a cargo de Luis Petri ya hab\u00eda comunicado una medida similar que obliga a cada \u00e1rea de su cartera a emplear el idioma castellano, \u201cconforme a la normativa y reglamentaci\u00f3n que ruge cada \u00e1rea respectiva, bajo los t\u00e9rminos y reglas fijados por la Real Academia Espa\u00f1ola (RAE)\u201d. El incumplimiento de esta iniciativa provocar\u00e1 sanciones, advirtieron.<\/p>\n\n\n\n<p><\/p>\n","protected":false},"excerpt":{"rendered":"<p>El presidente\u00a0Javier Milei orden\u00f3 prohibir la utilizaci\u00f3n del lenguaje inclusivo en la administraci\u00f3n p\u00fablica. La decisi\u00f3n fue comunicada este martes por el vocero Manuel Adorni en su habitual contacto con&hellip;<\/p>\n","protected":false},"author":3,"featured_media":250140,"comment_status":"closed","ping_status":"open","sticky":false,"template":"","format":"standard","meta":{"_acf_changed":false,"footnotes":""},"categories":[1,8],"tags":[],"class_list":["post-255241","post","type-post","status-publish","format-standard","has-post-thumbnail","hentry","category-es-noticia","category-politica"],"acf":[],"yoast_head":"<!-- This site is optimized with the Yoast SEO plugin v27.5 - https:\/\/yoast.com\/product\/yoast-seo-wordpress\/ -->\n<title>El Gobierno prohibir\u00e1 el uso del lenguaje inclusivo en la administraci\u00f3n p\u00fablica - Diario Textual<\/title>\n<meta name=\"robots\" content=\"index, follow, max-snippet:-1, max-image-preview:large, max-video-preview:-1\" \/>\n<link rel=\"canonical\" href=\"https:\/\/diariotextual.com\/inicio\/index.php\/2024\/02\/27\/el-gobierno-prohibira-el-uso-del-lenguaje-inclusivo-en-la-administracion-publica\/\" \/>\n<meta property=\"og:locale\" content=\"es_ES\" \/>\n<meta property=\"og:type\" content=\"article\" \/>\n<meta property=\"og:title\" content=\"El Gobierno prohibir\u00e1 el uso del lenguaje inclusivo en la administraci\u00f3n p\u00fablica - Diario Textual\" \/>\n<meta property=\"og:description\" content=\"El presidente\u00a0Javier Milei orden\u00f3 prohibir la utilizaci\u00f3n del lenguaje inclusivo en la administraci\u00f3n p\u00fablica. La decisi\u00f3n fue comunicada este martes por el vocero Manuel Adorni en su habitual contacto con&hellip;\" \/>\n<meta property=\"og:url\" content=\"https:\/\/diariotextual.com\/inicio\/index.php\/2024\/02\/27\/el-gobierno-prohibira-el-uso-del-lenguaje-inclusivo-en-la-administracion-publica\/\" \/>\n<meta property=\"og:site_name\" content=\"Diario Textual\" \/>\n<meta property=\"article:publisher\" content=\"https:\/\/www.facebook.com\/eltextual\" \/>\n<meta property=\"article:published_time\" content=\"2024-02-27T15:12:06+00:00\" \/>\n<meta property=\"article:modified_time\" content=\"2024-02-27T15:12:09+00:00\" \/>\n<meta property=\"og:image\" content=\"https:\/\/diariotextual.com\/inicio\/wp-content\/uploads\/2024\/01\/adornimanuel2024-10.jpg\" \/>\n\t<meta property=\"og:image:width\" content=\"1024\" \/>\n\t<meta property=\"og:image:height\" content=\"683\" \/>\n\t<meta property=\"og:image:type\" content=\"image\/jpeg\" \/>\n<meta name=\"author\" content=\"Diario1 Diario1\" \/>\n<meta name=\"twitter:card\" content=\"summary_large_image\" \/>\n<meta name=\"twitter:creator\" content=\"@eltextual\" \/>\n<meta name=\"twitter:site\" content=\"@eltextual\" \/>\n<meta name=\"twitter:label1\" content=\"Escrito por\" \/>\n\t<meta name=\"twitter:data1\" content=\"Diario1 Diario1\" \/>\n\t<meta name=\"twitter:label2\" content=\"Tiempo de lectura\" \/>\n\t<meta name=\"twitter:data2\" content=\"2 minutos\" \/>\n<script type=\"application\/ld+json\" class=\"yoast-schema-graph\">{\"@context\":\"https:\\\/\\\/schema.org\",\"@graph\":[{\"@type\":\"Article\",\"@id\":\"https:\\\/\\\/diariotextual.com\\\/inicio\\\/index.php\\\/2024\\\/02\\\/27\\\/el-gobierno-prohibira-el-uso-del-lenguaje-inclusivo-en-la-administracion-publica\\\/#article\",\"isPartOf\":{\"@id\":\"https:\\\/\\\/diariotextual.com\\\/inicio\\\/index.php\\\/2024\\\/02\\\/27\\\/el-gobierno-prohibira-el-uso-del-lenguaje-inclusivo-en-la-administracion-publica\\\/\"},\"author\":{\"name\":\"Diario1 Diario1\",\"@id\":\"https:\\\/\\\/diariotextual.com\\\/inicio\\\/#\\\/schema\\\/person\\\/418fc4093c33e86ed41562db3508f958\"},\"headline\":\"El Gobierno prohibir\u00e1 el uso del lenguaje inclusivo en la administraci\u00f3n p\u00fablica\",\"datePublished\":\"2024-02-27T15:12:06+00:00\",\"dateModified\":\"2024-02-27T15:12:09+00:00\",\"mainEntityOfPage\":{\"@id\":\"https:\\\/\\\/diariotextual.com\\\/inicio\\\/index.php\\\/2024\\\/02\\\/27\\\/el-gobierno-prohibira-el-uso-del-lenguaje-inclusivo-en-la-administracion-publica\\\/\"},\"wordCount\":224,\"publisher\":{\"@id\":\"https:\\\/\\\/diariotextual.com\\\/inicio\\\/#organization\"},\"image\":{\"@id\":\"https:\\\/\\\/diariotextual.com\\\/inicio\\\/index.php\\\/2024\\\/02\\\/27\\\/el-gobierno-prohibira-el-uso-del-lenguaje-inclusivo-en-la-administracion-publica\\\/#primaryimage\"},\"thumbnailUrl\":\"https:\\\/\\\/diariotextual.com\\\/inicio\\\/wp-content\\\/uploads\\\/2024\\\/01\\\/adornimanuel2024-10.jpg\",\"articleSection\":[\"A - ES NOTICIA (van abajo)\",\"POLITICA\"],\"inLanguage\":\"es\"},{\"@type\":\"WebPage\",\"@id\":\"https:\\\/\\\/diariotextual.com\\\/inicio\\\/index.php\\\/2024\\\/02\\\/27\\\/el-gobierno-prohibira-el-uso-del-lenguaje-inclusivo-en-la-administracion-publica\\\/\",\"url\":\"https:\\\/\\\/diariotextual.com\\\/inicio\\\/index.php\\\/2024\\\/02\\\/27\\\/el-gobierno-prohibira-el-uso-del-lenguaje-inclusivo-en-la-administracion-publica\\\/\",\"name\":\"El Gobierno prohibir\u00e1 el uso del lenguaje inclusivo en la administraci\u00f3n p\u00fablica - Diario Textual\",\"isPartOf\":{\"@id\":\"https:\\\/\\\/diariotextual.com\\\/inicio\\\/#website\"},\"primaryImageOfPage\":{\"@id\":\"https:\\\/\\\/diariotextual.com\\\/inicio\\\/index.php\\\/2024\\\/02\\\/27\\\/el-gobierno-prohibira-el-uso-del-lenguaje-inclusivo-en-la-administracion-publica\\\/#primaryimage\"},\"image\":{\"@id\":\"https:\\\/\\\/diariotextual.com\\\/inicio\\\/index.php\\\/2024\\\/02\\\/27\\\/el-gobierno-prohibira-el-uso-del-lenguaje-inclusivo-en-la-administracion-publica\\\/#primaryimage\"},\"thumbnailUrl\":\"https:\\\/\\\/diariotextual.com\\\/inicio\\\/wp-content\\\/uploads\\\/2024\\\/01\\\/adornimanuel2024-10.jpg\",\"datePublished\":\"2024-02-27T15:12:06+00:00\",\"dateModified\":\"2024-02-27T15:12:09+00:00\",\"breadcrumb\":{\"@id\":\"https:\\\/\\\/diariotextual.com\\\/inicio\\\/index.php\\\/2024\\\/02\\\/27\\\/el-gobierno-prohibira-el-uso-del-lenguaje-inclusivo-en-la-administracion-publica\\\/#breadcrumb\"},\"inLanguage\":\"es\",\"potentialAction\":[{\"@type\":\"ReadAction\",\"target\":[\"https:\\\/\\\/diariotextual.com\\\/inicio\\\/index.php\\\/2024\\\/02\\\/27\\\/el-gobierno-prohibira-el-uso-del-lenguaje-inclusivo-en-la-administracion-publica\\\/\"]}]},{\"@type\":\"ImageObject\",\"inLanguage\":\"es\",\"@id\":\"https:\\\/\\\/diariotextual.com\\\/inicio\\\/index.php\\\/2024\\\/02\\\/27\\\/el-gobierno-prohibira-el-uso-del-lenguaje-inclusivo-en-la-administracion-publica\\\/#primaryimage\",\"url\":\"https:\\\/\\\/diariotextual.com\\\/inicio\\\/wp-content\\\/uploads\\\/2024\\\/01\\\/adornimanuel2024-10.jpg\",\"contentUrl\":\"https:\\\/\\\/diariotextual.com\\\/inicio\\\/wp-content\\\/uploads\\\/2024\\\/01\\\/adornimanuel2024-10.jpg\",\"width\":1024,\"height\":683},{\"@type\":\"BreadcrumbList\",\"@id\":\"https:\\\/\\\/diariotextual.com\\\/inicio\\\/index.php\\\/2024\\\/02\\\/27\\\/el-gobierno-prohibira-el-uso-del-lenguaje-inclusivo-en-la-administracion-publica\\\/#breadcrumb\",\"itemListElement\":[{\"@type\":\"ListItem\",\"position\":1,\"name\":\"Portada\",\"item\":\"https:\\\/\\\/diariotextual.com\\\/inicio\\\/\"},{\"@type\":\"ListItem\",\"position\":2,\"name\":\"El Gobierno prohibir\u00e1 el uso del lenguaje inclusivo en la administraci\u00f3n p\u00fablica\"}]},{\"@type\":\"WebSite\",\"@id\":\"https:\\\/\\\/diariotextual.com\\\/inicio\\\/#website\",\"url\":\"https:\\\/\\\/diariotextual.com\\\/inicio\\\/\",\"name\":\"Diario Textual\",\"description\":\"\",\"publisher\":{\"@id\":\"https:\\\/\\\/diariotextual.com\\\/inicio\\\/#organization\"},\"potentialAction\":[{\"@type\":\"SearchAction\",\"target\":{\"@type\":\"EntryPoint\",\"urlTemplate\":\"https:\\\/\\\/diariotextual.com\\\/inicio\\\/?s={search_term_string}\"},\"query-input\":{\"@type\":\"PropertyValueSpecification\",\"valueRequired\":true,\"valueName\":\"search_term_string\"}}],\"inLanguage\":\"es\"},{\"@type\":\"Organization\",\"@id\":\"https:\\\/\\\/diariotextual.com\\\/inicio\\\/#organization\",\"name\":\"Diario Textual\",\"url\":\"https:\\\/\\\/diariotextual.com\\\/inicio\\\/\",\"logo\":{\"@type\":\"ImageObject\",\"inLanguage\":\"es\",\"@id\":\"https:\\\/\\\/diariotextual.com\\\/inicio\\\/#\\\/schema\\\/logo\\\/image\\\/\",\"url\":\"https:\\\/\\\/diariotextual.com\\\/inicio\\\/wp-content\\\/uploads\\\/2023\\\/05\\\/logotextual1.jpg\",\"contentUrl\":\"https:\\\/\\\/diariotextual.com\\\/inicio\\\/wp-content\\\/uploads\\\/2023\\\/05\\\/logotextual1.jpg\",\"width\":516,\"height\":76,\"caption\":\"Diario Textual\"},\"image\":{\"@id\":\"https:\\\/\\\/diariotextual.com\\\/inicio\\\/#\\\/schema\\\/logo\\\/image\\\/\"},\"sameAs\":[\"https:\\\/\\\/www.facebook.com\\\/eltextual\",\"https:\\\/\\\/x.com\\\/eltextual\",\"http:\\\/\\\/www.instagram.com\\\/eltextual\"]},{\"@type\":\"Person\",\"@id\":\"https:\\\/\\\/diariotextual.com\\\/inicio\\\/#\\\/schema\\\/person\\\/418fc4093c33e86ed41562db3508f958\",\"name\":\"Diario1 Diario1\",\"image\":{\"@type\":\"ImageObject\",\"inLanguage\":\"es\",\"@id\":\"https:\\\/\\\/secure.gravatar.com\\\/avatar\\\/9167d280179c85bc18be67aa7eda765854300033af4896dd779b608640f2ef7a?s=96&d=mm&r=g\",\"url\":\"https:\\\/\\\/secure.gravatar.com\\\/avatar\\\/9167d280179c85bc18be67aa7eda765854300033af4896dd779b608640f2ef7a?s=96&d=mm&r=g\",\"contentUrl\":\"https:\\\/\\\/secure.gravatar.com\\\/avatar\\\/9167d280179c85bc18be67aa7eda765854300033af4896dd779b608640f2ef7a?s=96&d=mm&r=g\",\"caption\":\"Diario1 Diario1\"},\"url\":\"https:\\\/\\\/diariotextual.com\\\/inicio\\\/index.php\\\/author\\\/diario1\\\/\"}]}<\/script>\n<!-- \/ Yoast SEO plugin. -->","yoast_head_json":{"title":"El Gobierno prohibir\u00e1 el uso del lenguaje inclusivo en la administraci\u00f3n p\u00fablica - Diario Textual","robots":{"index":"index","follow":"follow","max-snippet":"max-snippet:-1","max-image-preview":"max-image-preview:large","max-video-preview":"max-video-preview:-1"},"canonical":"https:\/\/diariotextual.com\/inicio\/index.php\/2024\/02\/27\/el-gobierno-prohibira-el-uso-del-lenguaje-inclusivo-en-la-administracion-publica\/","og_locale":"es_ES","og_type":"article","og_title":"El Gobierno prohibir\u00e1 el uso del lenguaje inclusivo en la administraci\u00f3n p\u00fablica - Diario Textual","og_description":"El presidente\u00a0Javier Milei orden\u00f3 prohibir la utilizaci\u00f3n del lenguaje inclusivo en la administraci\u00f3n p\u00fablica. La decisi\u00f3n fue comunicada este martes por el vocero Manuel Adorni en su habitual contacto con&hellip;","og_url":"https:\/\/diariotextual.com\/inicio\/index.php\/2024\/02\/27\/el-gobierno-prohibira-el-uso-del-lenguaje-inclusivo-en-la-administracion-publica\/","og_site_name":"Diario Textual","article_publisher":"https:\/\/www.facebook.com\/eltextual","article_published_time":"2024-02-27T15:12:06+00:00","article_modified_time":"2024-02-27T15:12:09+00:00","og_image":[{"width":1024,"height":683,"url":"https:\/\/diariotextual.com\/inicio\/wp-content\/uploads\/2024\/01\/adornimanuel2024-10.jpg","type":"image\/jpeg"}],"author":"Diario1 Diario1","twitter_card":"summary_large_image","twitter_creator":"@eltextual","twitter_site":"@eltextual","twitter_misc":{"Escrito por":"Diario1 Diario1","Tiempo de lectura":"2 minutos"},"schema":{"@context":"https:\/\/schema.org","@graph":[{"@type":"Article","@id":"https:\/\/diariotextual.com\/inicio\/index.php\/2024\/02\/27\/el-gobierno-prohibira-el-uso-del-lenguaje-inclusivo-en-la-administracion-publica\/#article","isPartOf":{"@id":"https:\/\/diariotextual.com\/inicio\/index.php\/2024\/02\/27\/el-gobierno-prohibira-el-uso-del-lenguaje-inclusivo-en-la-administracion-publica\/"},"author":{"name":"Diario1 Diario1","@id":"https:\/\/diariotextual.com\/inicio\/#\/schema\/person\/418fc4093c33e86ed41562db3508f958"},"headline":"El Gobierno prohibir\u00e1 el uso del lenguaje inclusivo en la administraci\u00f3n p\u00fablica","datePublished":"2024-02-27T15:12:06+00:00","dateModified":"2024-02-27T15:12:09+00:00","mainEntityOfPage":{"@id":"https:\/\/diariotextual.com\/inicio\/index.php\/2024\/02\/27\/el-gobierno-prohibira-el-uso-del-lenguaje-inclusivo-en-la-administracion-publica\/"},"wordCount":224,"publisher":{"@id":"https:\/\/diariotextual.com\/inicio\/#organization"},"image":{"@id":"https:\/\/diariotextual.com\/inicio\/index.php\/2024\/02\/27\/el-gobierno-prohibira-el-uso-del-lenguaje-inclusivo-en-la-administracion-publica\/#primaryimage"},"thumbnailUrl":"https:\/\/diariotextual.com\/inicio\/wp-content\/uploads\/2024\/01\/adornimanuel2024-10.jpg","articleSection":["A - ES NOTICIA (van abajo)","POLITICA"],"inLanguage":"es"},{"@type":"WebPage","@id":"https:\/\/diariotextual.com\/inicio\/index.php\/2024\/02\/27\/el-gobierno-prohibira-el-uso-del-lenguaje-inclusivo-en-la-administracion-publica\/","url":"https:\/\/diariotextual.com\/inicio\/index.php\/2024\/02\/27\/el-gobierno-prohibira-el-uso-del-lenguaje-inclusivo-en-la-administracion-publica\/","name":"El Gobierno prohibir\u00e1 el uso del lenguaje inclusivo en la administraci\u00f3n p\u00fablica - Diario Textual","isPartOf":{"@id":"https:\/\/diariotextual.com\/inicio\/#website"},"primaryImageOfPage":{"@id":"https:\/\/diariotextual.com\/inicio\/index.php\/2024\/02\/27\/el-gobierno-prohibira-el-uso-del-lenguaje-inclusivo-en-la-administracion-publica\/#primaryimage"},"image":{"@id":"https:\/\/diariotextual.com\/inicio\/index.php\/2024\/02\/27\/el-gobierno-prohibira-el-uso-del-lenguaje-inclusivo-en-la-administracion-publica\/#primaryimage"},"thumbnailUrl":"https:\/\/diariotextual.com\/inicio\/wp-content\/uploads\/2024\/01\/adornimanuel2024-10.jpg","datePublished":"2024-02-27T15:12:06+00:00","dateModified":"2024-02-27T15:12:09+00:00","breadcrumb":{"@id":"https:\/\/diariotextual.com\/inicio\/index.php\/2024\/02\/27\/el-gobierno-prohibira-el-uso-del-lenguaje-inclusivo-en-la-administracion-publica\/#breadcrumb"},"inLanguage":"es","potentialAction":[{"@type":"ReadAction","target":["https:\/\/diariotextual.com\/inicio\/index.php\/2024\/02\/27\/el-gobierno-prohibira-el-uso-del-lenguaje-inclusivo-en-la-administracion-publica\/"]}]},{"@type":"ImageObject","inLanguage":"es","@id":"https:\/\/diariotextual.com\/inicio\/index.php\/2024\/02\/27\/el-gobierno-prohibira-el-uso-del-lenguaje-inclusivo-en-la-administracion-publica\/#primaryimage","url":"https:\/\/diariotextual.com\/inicio\/wp-content\/uploads\/2024\/01\/adornimanuel2024-10.jpg","contentUrl":"https:\/\/diariotextual.com\/inicio\/wp-content\/uploads\/2024\/01\/adornimanuel2024-10.jpg","width":1024,"height":683},{"@type":"BreadcrumbList","@id":"https:\/\/diariotextual.com\/inicio\/index.php\/2024\/02\/27\/el-gobierno-prohibira-el-uso-del-lenguaje-inclusivo-en-la-administracion-publica\/#breadcrumb","itemListElement":[{"@type":"ListItem","position":1,"name":"Portada","item":"https:\/\/diariotextual.com\/inicio\/"},{"@type":"ListItem","position":2,"name":"El Gobierno prohibir\u00e1 el uso del lenguaje inclusivo en la administraci\u00f3n p\u00fablica"}]},{"@type":"WebSite","@id":"https:\/\/diariotextual.com\/inicio\/#website","url":"https:\/\/diariotextual.com\/inicio\/","name":"Diario Textual","description":"","publisher":{"@id":"https:\/\/diariotextual.com\/inicio\/#organization"},"potentialAction":[{"@type":"SearchAction","target":{"@type":"EntryPoint","urlTemplate":"https:\/\/diariotextual.com\/inicio\/?s={search_term_string}"},"query-input":{"@type":"PropertyValueSpecification","valueRequired":true,"valueName":"search_term_string"}}],"inLanguage":"es"},{"@type":"Organization","@id":"https:\/\/diariotextual.com\/inicio\/#organization","name":"Diario Textual","url":"https:\/\/diariotextual.com\/inicio\/","logo":{"@type":"ImageObject","inLanguage":"es","@id":"https:\/\/diariotextual.com\/inicio\/#\/schema\/logo\/image\/","url":"https:\/\/diariotextual.com\/inicio\/wp-content\/uploads\/2023\/05\/logotextual1.jpg","contentUrl":"https:\/\/diariotextual.com\/inicio\/wp-content\/uploads\/2023\/05\/logotextual1.jpg","width":516,"height":76,"caption":"Diario Textual"},"image":{"@id":"https:\/\/diariotextual.com\/inicio\/#\/schema\/logo\/image\/"},"sameAs":["https:\/\/www.facebook.com\/eltextual","https:\/\/x.com\/eltextual","http:\/\/www.instagram.com\/eltextual"]},{"@type":"Person","@id":"https:\/\/diariotextual.com\/inicio\/#\/schema\/person\/418fc4093c33e86ed41562db3508f958","name":"Diario1 Diario1","image":{"@type":"ImageObject","inLanguage":"es","@id":"https:\/\/secure.gravatar.com\/avatar\/9167d280179c85bc18be67aa7eda765854300033af4896dd779b608640f2ef7a?s=96&d=mm&r=g","url":"https:\/\/secure.gravatar.com\/avatar\/9167d280179c85bc18be67aa7eda765854300033af4896dd779b608640f2ef7a?s=96&d=mm&r=g","contentUrl":"https:\/\/secure.gravatar.com\/avatar\/9167d280179c85bc18be67aa7eda765854300033af4896dd779b608640f2ef7a?s=96&d=mm&r=g","caption":"Diario1 Diario1"},"url":"https:\/\/diariotextual.com\/inicio\/index.php\/author\/diario1\/"}]}},"_links":{"self":[{"href":"https:\/\/diariotextual.com\/inicio\/index.php\/wp-json\/wp\/v2\/posts\/255241","targetHints":{"allow":["GET"]}}],"collection":[{"href":"https:\/\/diariotextual.com\/inicio\/index.php\/wp-json\/wp\/v2\/posts"}],"about":[{"href":"https:\/\/diariotextual.com\/inicio\/index.php\/wp-json\/wp\/v2\/types\/post"}],"author":[{"embeddable":true,"href":"https:\/\/diariotextual.com\/inicio\/index.php\/wp-json\/wp\/v2\/users\/3"}],"replies":[{"embeddable":true,"href":"https:\/\/diariotextual.com\/inicio\/index.php\/wp-json\/wp\/v2\/comments?post=255241"}],"version-history":[{"count":1,"href":"https:\/\/diariotextual.com\/inicio\/index.php\/wp-json\/wp\/v2\/posts\/255241\/revisions"}],"predecessor-version":[{"id":255244,"href":"https:\/\/diariotextual.com\/inicio\/index.php\/wp-json\/wp\/v2\/posts\/255241\/revisions\/255244"}],"wp:featuredmedia":[{"embeddable":true,"href":"https:\/\/diariotextual.com\/inicio\/index.php\/wp-json\/wp\/v2\/media\/250140"}],"wp:attachment":[{"href":"https:\/\/diariotextual.com\/inicio\/index.php\/wp-json\/wp\/v2\/media?parent=255241"}],"wp:term":[{"taxonomy":"category","embeddable":true,"href":"https:\/\/diariotextual.com\/inicio\/index.php\/wp-json\/wp\/v2\/categories?post=255241"},{"taxonomy":"post_tag","embeddable":true,"href":"https:\/\/diariotextual.com\/inicio\/index.php\/wp-json\/wp\/v2\/tags?post=255241"}],"curies":[{"name":"wp","href":"https:\/\/api.w.org\/{rel}","templated":true}]}}