{"id":255278,"date":"2024-02-27T18:30:31","date_gmt":"2024-02-27T21:30:31","guid":{"rendered":"https:\/\/diariotextual.com\/inicio\/?p=255278"},"modified":"2024-02-28T08:47:26","modified_gmt":"2024-02-28T11:47:26","slug":"es-importante-el-llamado-al-dialogo-pero-no-creo-que-el-conflicto-termine","status":"publish","type":"post","link":"https:\/\/diariotextual.com\/inicio\/index.php\/2024\/02\/27\/es-importante-el-llamado-al-dialogo-pero-no-creo-que-el-conflicto-termine\/","title":{"rendered":"\u201cEs importante el llamado al di\u00e1logo pero no creo que el conflicto termine\u201d"},"content":{"rendered":"\n<p>El diputado nacional Mart\u00edn Maquiera (PRO) reconoci\u00f3 que <strong>el llamado al di\u00e1logo de los gobernadores patag\u00f3nicos<\/strong>, invitaci\u00f3n realizada este martes en conferencia de prensa desde el Congreso, es lo \u201cm\u00e1s importante\u201d, aunque admiti\u00f3 que <strong>si el Gobierno nacional apela el fallo de la Justicia federal el conflicto va a seguir.<\/strong><\/p>\n\n\n\n<p>En di\u00e1logo con Diario Textual, el legislador dijo: <strong>\u201cLamentablemente en este conflicto tanto de un lado como del otro se lleg\u00f3 se lleg\u00f3 a extremos, con amenazas y descalificaciones<\/strong>\u201d.<\/p>\n\n\n\n<p>\u201cLa<strong> Justicia fue clara en primera instancia pero el Gobierno nacional piensa apelar, con lo cual no creo que el conflicto termine<\/strong>\u201d, admiti\u00f3.<\/p>\n\n\n\n<p>Un juez federal de Rawson orden\u00f3 este martes al Gobierno nacional que suspenda la retenci\u00f3n de fondos coparticipables a Chubut para el cobro de una deuda, a la vez que exhort\u00f3 a las partes a arbitrar los medios necesarios para avanzar hasta lograr la cancelaci\u00f3n o la refinanciaci\u00f3n del pr\u00e9stamo, informaron fuentes judiciales.<\/p>\n\n\n\n<p>La determinaci\u00f3n fue tomada por el juzgado federal de Rawson, a cargo del juez Hugo Sastre, seg\u00fan surge de la resoluci\u00f3n a la que accedi\u00f3 T\u00e9lam de fuentes del caso.<\/p>\n\n\n\n<p>Voceros de la Casa Rosada adelantaron a la agencia T\u00e9lam que \u201cfrente al fallo que favoreci\u00f3 a Chubut la posici\u00f3n del Gobierno es apelar\u201d y agregaron que en las pr\u00f3ximas horas se analizar\u00e1 y definir\u00e1 a trav\u00e9s de qu\u00e9 instrumentos legales se va a llevar a cabo esa apelaci\u00f3n.<\/p>\n\n\n\n<p>Este martes, el gobernador de Chubut, Ignacio Torres, asegur\u00f3 que la pelea contra la Naci\u00f3n por el recorte de fondos coparticipables est\u00e1 saldada y que \u201cel \u00e1rbitro fue la Justicia\u201d. Adem\u00e1s, envi\u00f3 un mensaje de di\u00e1logo y pidi\u00f3 -sin nombrarlo- que el presidente Javier Milei termine con los agravios.<\/p>\n","protected":false},"excerpt":{"rendered":"<p>El diputado nacional Mart\u00edn Maquiera (PRO) reconoci\u00f3 que el llamado al di\u00e1logo de los gobernadores patag\u00f3nicos, invitaci\u00f3n realizada este martes en conferencia de prensa desde el Congreso, es lo \u201cm\u00e1s&hellip;<\/p>\n","protected":false},"author":5,"featured_media":203467,"comment_status":"closed","ping_status":"open","sticky":false,"template":"","format":"standard","meta":{"_acf_changed":false,"footnotes":""},"categories":[1,8],"tags":[],"class_list":["post-255278","post","type-post","status-publish","format-standard","has-post-thumbnail","hentry","category-es-noticia","category-politica"],"acf":[],"yoast_head":"<!-- This site is optimized with the Yoast SEO plugin v27.5 - https:\/\/yoast.com\/product\/yoast-seo-wordpress\/ -->\n<title>\u201cEs importante el llamado al di\u00e1logo pero no creo que el conflicto termine\u201d - Diario Textual<\/title>\n<meta name=\"robots\" content=\"index, follow, max-snippet:-1, max-image-preview:large, max-video-preview:-1\" \/>\n<link rel=\"canonical\" href=\"https:\/\/diariotextual.com\/inicio\/index.php\/2024\/02\/27\/es-importante-el-llamado-al-dialogo-pero-no-creo-que-el-conflicto-termine\/\" \/>\n<meta property=\"og:locale\" content=\"es_ES\" \/>\n<meta property=\"og:type\" content=\"article\" \/>\n<meta property=\"og:title\" content=\"\u201cEs importante el llamado al di\u00e1logo pero no creo que el conflicto termine\u201d - Diario Textual\" \/>\n<meta property=\"og:description\" content=\"El diputado nacional Mart\u00edn Maquiera (PRO) reconoci\u00f3 que el llamado al di\u00e1logo de los gobernadores patag\u00f3nicos, invitaci\u00f3n realizada este martes en conferencia de prensa desde el Congreso, es lo \u201cm\u00e1s&hellip;\" \/>\n<meta property=\"og:url\" content=\"https:\/\/diariotextual.com\/inicio\/index.php\/2024\/02\/27\/es-importante-el-llamado-al-dialogo-pero-no-creo-que-el-conflicto-termine\/\" \/>\n<meta property=\"og:site_name\" content=\"Diario Textual\" \/>\n<meta property=\"article:publisher\" content=\"https:\/\/www.facebook.com\/eltextual\" \/>\n<meta property=\"article:published_time\" content=\"2024-02-27T21:30:31+00:00\" \/>\n<meta property=\"article:modified_time\" content=\"2024-02-28T11:47:26+00:00\" \/>\n<meta property=\"og:image\" content=\"https:\/\/diariotextual.com\/inicio\/wp-content\/uploads\/2022\/10\/maquieyraleylucio.jpeg\" \/>\n\t<meta property=\"og:image:width\" content=\"1280\" \/>\n\t<meta property=\"og:image:height\" content=\"854\" \/>\n\t<meta property=\"og:image:type\" content=\"image\/jpeg\" \/>\n<meta name=\"author\" content=\"diario3\" \/>\n<meta name=\"twitter:card\" content=\"summary_large_image\" \/>\n<meta name=\"twitter:creator\" content=\"@eltextual\" \/>\n<meta name=\"twitter:site\" content=\"@eltextual\" \/>\n<meta name=\"twitter:label1\" content=\"Escrito por\" \/>\n\t<meta name=\"twitter:data1\" content=\"diario3\" \/>\n\t<meta name=\"twitter:label2\" content=\"Tiempo de lectura\" \/>\n\t<meta name=\"twitter:data2\" content=\"2 minutos\" \/>\n<script type=\"application\/ld+json\" class=\"yoast-schema-graph\">{\"@context\":\"https:\\\/\\\/schema.org\",\"@graph\":[{\"@type\":\"Article\",\"@id\":\"https:\\\/\\\/diariotextual.com\\\/inicio\\\/index.php\\\/2024\\\/02\\\/27\\\/es-importante-el-llamado-al-dialogo-pero-no-creo-que-el-conflicto-termine\\\/#article\",\"isPartOf\":{\"@id\":\"https:\\\/\\\/diariotextual.com\\\/inicio\\\/index.php\\\/2024\\\/02\\\/27\\\/es-importante-el-llamado-al-dialogo-pero-no-creo-que-el-conflicto-termine\\\/\"},\"author\":{\"name\":\"diario3\",\"@id\":\"https:\\\/\\\/diariotextual.com\\\/inicio\\\/#\\\/schema\\\/person\\\/a1b6f563e0ee944c60f98119389a4d9f\"},\"headline\":\"\u201cEs importante el llamado al di\u00e1logo pero no creo que el conflicto termine\u201d\",\"datePublished\":\"2024-02-27T21:30:31+00:00\",\"dateModified\":\"2024-02-28T11:47:26+00:00\",\"mainEntityOfPage\":{\"@id\":\"https:\\\/\\\/diariotextual.com\\\/inicio\\\/index.php\\\/2024\\\/02\\\/27\\\/es-importante-el-llamado-al-dialogo-pero-no-creo-que-el-conflicto-termine\\\/\"},\"wordCount\":319,\"publisher\":{\"@id\":\"https:\\\/\\\/diariotextual.com\\\/inicio\\\/#organization\"},\"image\":{\"@id\":\"https:\\\/\\\/diariotextual.com\\\/inicio\\\/index.php\\\/2024\\\/02\\\/27\\\/es-importante-el-llamado-al-dialogo-pero-no-creo-que-el-conflicto-termine\\\/#primaryimage\"},\"thumbnailUrl\":\"https:\\\/\\\/diariotextual.com\\\/inicio\\\/wp-content\\\/uploads\\\/2022\\\/10\\\/maquieyraleylucio.jpeg\",\"articleSection\":[\"A - ES NOTICIA (van abajo)\",\"POLITICA\"],\"inLanguage\":\"es\"},{\"@type\":\"WebPage\",\"@id\":\"https:\\\/\\\/diariotextual.com\\\/inicio\\\/index.php\\\/2024\\\/02\\\/27\\\/es-importante-el-llamado-al-dialogo-pero-no-creo-que-el-conflicto-termine\\\/\",\"url\":\"https:\\\/\\\/diariotextual.com\\\/inicio\\\/index.php\\\/2024\\\/02\\\/27\\\/es-importante-el-llamado-al-dialogo-pero-no-creo-que-el-conflicto-termine\\\/\",\"name\":\"\u201cEs importante el llamado al di\u00e1logo pero no creo que el conflicto termine\u201d - Diario Textual\",\"isPartOf\":{\"@id\":\"https:\\\/\\\/diariotextual.com\\\/inicio\\\/#website\"},\"primaryImageOfPage\":{\"@id\":\"https:\\\/\\\/diariotextual.com\\\/inicio\\\/index.php\\\/2024\\\/02\\\/27\\\/es-importante-el-llamado-al-dialogo-pero-no-creo-que-el-conflicto-termine\\\/#primaryimage\"},\"image\":{\"@id\":\"https:\\\/\\\/diariotextual.com\\\/inicio\\\/index.php\\\/2024\\\/02\\\/27\\\/es-importante-el-llamado-al-dialogo-pero-no-creo-que-el-conflicto-termine\\\/#primaryimage\"},\"thumbnailUrl\":\"https:\\\/\\\/diariotextual.com\\\/inicio\\\/wp-content\\\/uploads\\\/2022\\\/10\\\/maquieyraleylucio.jpeg\",\"datePublished\":\"2024-02-27T21:30:31+00:00\",\"dateModified\":\"2024-02-28T11:47:26+00:00\",\"breadcrumb\":{\"@id\":\"https:\\\/\\\/diariotextual.com\\\/inicio\\\/index.php\\\/2024\\\/02\\\/27\\\/es-importante-el-llamado-al-dialogo-pero-no-creo-que-el-conflicto-termine\\\/#breadcrumb\"},\"inLanguage\":\"es\",\"potentialAction\":[{\"@type\":\"ReadAction\",\"target\":[\"https:\\\/\\\/diariotextual.com\\\/inicio\\\/index.php\\\/2024\\\/02\\\/27\\\/es-importante-el-llamado-al-dialogo-pero-no-creo-que-el-conflicto-termine\\\/\"]}]},{\"@type\":\"ImageObject\",\"inLanguage\":\"es\",\"@id\":\"https:\\\/\\\/diariotextual.com\\\/inicio\\\/index.php\\\/2024\\\/02\\\/27\\\/es-importante-el-llamado-al-dialogo-pero-no-creo-que-el-conflicto-termine\\\/#primaryimage\",\"url\":\"https:\\\/\\\/diariotextual.com\\\/inicio\\\/wp-content\\\/uploads\\\/2022\\\/10\\\/maquieyraleylucio.jpeg\",\"contentUrl\":\"https:\\\/\\\/diariotextual.com\\\/inicio\\\/wp-content\\\/uploads\\\/2022\\\/10\\\/maquieyraleylucio.jpeg\",\"width\":1280,\"height\":854},{\"@type\":\"BreadcrumbList\",\"@id\":\"https:\\\/\\\/diariotextual.com\\\/inicio\\\/index.php\\\/2024\\\/02\\\/27\\\/es-importante-el-llamado-al-dialogo-pero-no-creo-que-el-conflicto-termine\\\/#breadcrumb\",\"itemListElement\":[{\"@type\":\"ListItem\",\"position\":1,\"name\":\"Portada\",\"item\":\"https:\\\/\\\/diariotextual.com\\\/inicio\\\/\"},{\"@type\":\"ListItem\",\"position\":2,\"name\":\"\u201cEs importante el llamado al di\u00e1logo pero no creo que el conflicto termine\u201d\"}]},{\"@type\":\"WebSite\",\"@id\":\"https:\\\/\\\/diariotextual.com\\\/inicio\\\/#website\",\"url\":\"https:\\\/\\\/diariotextual.com\\\/inicio\\\/\",\"name\":\"Diario Textual\",\"description\":\"\",\"publisher\":{\"@id\":\"https:\\\/\\\/diariotextual.com\\\/inicio\\\/#organization\"},\"potentialAction\":[{\"@type\":\"SearchAction\",\"target\":{\"@type\":\"EntryPoint\",\"urlTemplate\":\"https:\\\/\\\/diariotextual.com\\\/inicio\\\/?s={search_term_string}\"},\"query-input\":{\"@type\":\"PropertyValueSpecification\",\"valueRequired\":true,\"valueName\":\"search_term_string\"}}],\"inLanguage\":\"es\"},{\"@type\":\"Organization\",\"@id\":\"https:\\\/\\\/diariotextual.com\\\/inicio\\\/#organization\",\"name\":\"Diario Textual\",\"url\":\"https:\\\/\\\/diariotextual.com\\\/inicio\\\/\",\"logo\":{\"@type\":\"ImageObject\",\"inLanguage\":\"es\",\"@id\":\"https:\\\/\\\/diariotextual.com\\\/inicio\\\/#\\\/schema\\\/logo\\\/image\\\/\",\"url\":\"https:\\\/\\\/diariotextual.com\\\/inicio\\\/wp-content\\\/uploads\\\/2023\\\/05\\\/logotextual1.jpg\",\"contentUrl\":\"https:\\\/\\\/diariotextual.com\\\/inicio\\\/wp-content\\\/uploads\\\/2023\\\/05\\\/logotextual1.jpg\",\"width\":516,\"height\":76,\"caption\":\"Diario Textual\"},\"image\":{\"@id\":\"https:\\\/\\\/diariotextual.com\\\/inicio\\\/#\\\/schema\\\/logo\\\/image\\\/\"},\"sameAs\":[\"https:\\\/\\\/www.facebook.com\\\/eltextual\",\"https:\\\/\\\/x.com\\\/eltextual\",\"http:\\\/\\\/www.instagram.com\\\/eltextual\"]},{\"@type\":\"Person\",\"@id\":\"https:\\\/\\\/diariotextual.com\\\/inicio\\\/#\\\/schema\\\/person\\\/a1b6f563e0ee944c60f98119389a4d9f\",\"name\":\"diario3\",\"image\":{\"@type\":\"ImageObject\",\"inLanguage\":\"es\",\"@id\":\"https:\\\/\\\/secure.gravatar.com\\\/avatar\\\/5e7ee62c82fc04d9dd79d746a390d93c69c43223e5faeeb3ea9461ef752bfc5d?s=96&d=mm&r=g\",\"url\":\"https:\\\/\\\/secure.gravatar.com\\\/avatar\\\/5e7ee62c82fc04d9dd79d746a390d93c69c43223e5faeeb3ea9461ef752bfc5d?s=96&d=mm&r=g\",\"contentUrl\":\"https:\\\/\\\/secure.gravatar.com\\\/avatar\\\/5e7ee62c82fc04d9dd79d746a390d93c69c43223e5faeeb3ea9461ef752bfc5d?s=96&d=mm&r=g\",\"caption\":\"diario3\"},\"url\":\"https:\\\/\\\/diariotextual.com\\\/inicio\\\/index.php\\\/author\\\/diario3\\\/\"}]}<\/script>\n<!-- \/ Yoast SEO plugin. -->","yoast_head_json":{"title":"\u201cEs importante el llamado al di\u00e1logo pero no creo que el conflicto termine\u201d - Diario Textual","robots":{"index":"index","follow":"follow","max-snippet":"max-snippet:-1","max-image-preview":"max-image-preview:large","max-video-preview":"max-video-preview:-1"},"canonical":"https:\/\/diariotextual.com\/inicio\/index.php\/2024\/02\/27\/es-importante-el-llamado-al-dialogo-pero-no-creo-que-el-conflicto-termine\/","og_locale":"es_ES","og_type":"article","og_title":"\u201cEs importante el llamado al di\u00e1logo pero no creo que el conflicto termine\u201d - Diario Textual","og_description":"El diputado nacional Mart\u00edn Maquiera (PRO) reconoci\u00f3 que el llamado al di\u00e1logo de los gobernadores patag\u00f3nicos, invitaci\u00f3n realizada este martes en conferencia de prensa desde el Congreso, es lo \u201cm\u00e1s&hellip;","og_url":"https:\/\/diariotextual.com\/inicio\/index.php\/2024\/02\/27\/es-importante-el-llamado-al-dialogo-pero-no-creo-que-el-conflicto-termine\/","og_site_name":"Diario Textual","article_publisher":"https:\/\/www.facebook.com\/eltextual","article_published_time":"2024-02-27T21:30:31+00:00","article_modified_time":"2024-02-28T11:47:26+00:00","og_image":[{"width":1280,"height":854,"url":"https:\/\/diariotextual.com\/inicio\/wp-content\/uploads\/2022\/10\/maquieyraleylucio.jpeg","type":"image\/jpeg"}],"author":"diario3","twitter_card":"summary_large_image","twitter_creator":"@eltextual","twitter_site":"@eltextual","twitter_misc":{"Escrito por":"diario3","Tiempo de lectura":"2 minutos"},"schema":{"@context":"https:\/\/schema.org","@graph":[{"@type":"Article","@id":"https:\/\/diariotextual.com\/inicio\/index.php\/2024\/02\/27\/es-importante-el-llamado-al-dialogo-pero-no-creo-que-el-conflicto-termine\/#article","isPartOf":{"@id":"https:\/\/diariotextual.com\/inicio\/index.php\/2024\/02\/27\/es-importante-el-llamado-al-dialogo-pero-no-creo-que-el-conflicto-termine\/"},"author":{"name":"diario3","@id":"https:\/\/diariotextual.com\/inicio\/#\/schema\/person\/a1b6f563e0ee944c60f98119389a4d9f"},"headline":"\u201cEs importante el llamado al di\u00e1logo pero no creo que el conflicto termine\u201d","datePublished":"2024-02-27T21:30:31+00:00","dateModified":"2024-02-28T11:47:26+00:00","mainEntityOfPage":{"@id":"https:\/\/diariotextual.com\/inicio\/index.php\/2024\/02\/27\/es-importante-el-llamado-al-dialogo-pero-no-creo-que-el-conflicto-termine\/"},"wordCount":319,"publisher":{"@id":"https:\/\/diariotextual.com\/inicio\/#organization"},"image":{"@id":"https:\/\/diariotextual.com\/inicio\/index.php\/2024\/02\/27\/es-importante-el-llamado-al-dialogo-pero-no-creo-que-el-conflicto-termine\/#primaryimage"},"thumbnailUrl":"https:\/\/diariotextual.com\/inicio\/wp-content\/uploads\/2022\/10\/maquieyraleylucio.jpeg","articleSection":["A - ES NOTICIA (van abajo)","POLITICA"],"inLanguage":"es"},{"@type":"WebPage","@id":"https:\/\/diariotextual.com\/inicio\/index.php\/2024\/02\/27\/es-importante-el-llamado-al-dialogo-pero-no-creo-que-el-conflicto-termine\/","url":"https:\/\/diariotextual.com\/inicio\/index.php\/2024\/02\/27\/es-importante-el-llamado-al-dialogo-pero-no-creo-que-el-conflicto-termine\/","name":"\u201cEs importante el llamado al di\u00e1logo pero no creo que el conflicto termine\u201d - Diario Textual","isPartOf":{"@id":"https:\/\/diariotextual.com\/inicio\/#website"},"primaryImageOfPage":{"@id":"https:\/\/diariotextual.com\/inicio\/index.php\/2024\/02\/27\/es-importante-el-llamado-al-dialogo-pero-no-creo-que-el-conflicto-termine\/#primaryimage"},"image":{"@id":"https:\/\/diariotextual.com\/inicio\/index.php\/2024\/02\/27\/es-importante-el-llamado-al-dialogo-pero-no-creo-que-el-conflicto-termine\/#primaryimage"},"thumbnailUrl":"https:\/\/diariotextual.com\/inicio\/wp-content\/uploads\/2022\/10\/maquieyraleylucio.jpeg","datePublished":"2024-02-27T21:30:31+00:00","dateModified":"2024-02-28T11:47:26+00:00","breadcrumb":{"@id":"https:\/\/diariotextual.com\/inicio\/index.php\/2024\/02\/27\/es-importante-el-llamado-al-dialogo-pero-no-creo-que-el-conflicto-termine\/#breadcrumb"},"inLanguage":"es","potentialAction":[{"@type":"ReadAction","target":["https:\/\/diariotextual.com\/inicio\/index.php\/2024\/02\/27\/es-importante-el-llamado-al-dialogo-pero-no-creo-que-el-conflicto-termine\/"]}]},{"@type":"ImageObject","inLanguage":"es","@id":"https:\/\/diariotextual.com\/inicio\/index.php\/2024\/02\/27\/es-importante-el-llamado-al-dialogo-pero-no-creo-que-el-conflicto-termine\/#primaryimage","url":"https:\/\/diariotextual.com\/inicio\/wp-content\/uploads\/2022\/10\/maquieyraleylucio.jpeg","contentUrl":"https:\/\/diariotextual.com\/inicio\/wp-content\/uploads\/2022\/10\/maquieyraleylucio.jpeg","width":1280,"height":854},{"@type":"BreadcrumbList","@id":"https:\/\/diariotextual.com\/inicio\/index.php\/2024\/02\/27\/es-importante-el-llamado-al-dialogo-pero-no-creo-que-el-conflicto-termine\/#breadcrumb","itemListElement":[{"@type":"ListItem","position":1,"name":"Portada","item":"https:\/\/diariotextual.com\/inicio\/"},{"@type":"ListItem","position":2,"name":"\u201cEs importante el llamado al di\u00e1logo pero no creo que el conflicto termine\u201d"}]},{"@type":"WebSite","@id":"https:\/\/diariotextual.com\/inicio\/#website","url":"https:\/\/diariotextual.com\/inicio\/","name":"Diario Textual","description":"","publisher":{"@id":"https:\/\/diariotextual.com\/inicio\/#organization"},"potentialAction":[{"@type":"SearchAction","target":{"@type":"EntryPoint","urlTemplate":"https:\/\/diariotextual.com\/inicio\/?s={search_term_string}"},"query-input":{"@type":"PropertyValueSpecification","valueRequired":true,"valueName":"search_term_string"}}],"inLanguage":"es"},{"@type":"Organization","@id":"https:\/\/diariotextual.com\/inicio\/#organization","name":"Diario Textual","url":"https:\/\/diariotextual.com\/inicio\/","logo":{"@type":"ImageObject","inLanguage":"es","@id":"https:\/\/diariotextual.com\/inicio\/#\/schema\/logo\/image\/","url":"https:\/\/diariotextual.com\/inicio\/wp-content\/uploads\/2023\/05\/logotextual1.jpg","contentUrl":"https:\/\/diariotextual.com\/inicio\/wp-content\/uploads\/2023\/05\/logotextual1.jpg","width":516,"height":76,"caption":"Diario Textual"},"image":{"@id":"https:\/\/diariotextual.com\/inicio\/#\/schema\/logo\/image\/"},"sameAs":["https:\/\/www.facebook.com\/eltextual","https:\/\/x.com\/eltextual","http:\/\/www.instagram.com\/eltextual"]},{"@type":"Person","@id":"https:\/\/diariotextual.com\/inicio\/#\/schema\/person\/a1b6f563e0ee944c60f98119389a4d9f","name":"diario3","image":{"@type":"ImageObject","inLanguage":"es","@id":"https:\/\/secure.gravatar.com\/avatar\/5e7ee62c82fc04d9dd79d746a390d93c69c43223e5faeeb3ea9461ef752bfc5d?s=96&d=mm&r=g","url":"https:\/\/secure.gravatar.com\/avatar\/5e7ee62c82fc04d9dd79d746a390d93c69c43223e5faeeb3ea9461ef752bfc5d?s=96&d=mm&r=g","contentUrl":"https:\/\/secure.gravatar.com\/avatar\/5e7ee62c82fc04d9dd79d746a390d93c69c43223e5faeeb3ea9461ef752bfc5d?s=96&d=mm&r=g","caption":"diario3"},"url":"https:\/\/diariotextual.com\/inicio\/index.php\/author\/diario3\/"}]}},"_links":{"self":[{"href":"https:\/\/diariotextual.com\/inicio\/index.php\/wp-json\/wp\/v2\/posts\/255278","targetHints":{"allow":["GET"]}}],"collection":[{"href":"https:\/\/diariotextual.com\/inicio\/index.php\/wp-json\/wp\/v2\/posts"}],"about":[{"href":"https:\/\/diariotextual.com\/inicio\/index.php\/wp-json\/wp\/v2\/types\/post"}],"author":[{"embeddable":true,"href":"https:\/\/diariotextual.com\/inicio\/index.php\/wp-json\/wp\/v2\/users\/5"}],"replies":[{"embeddable":true,"href":"https:\/\/diariotextual.com\/inicio\/index.php\/wp-json\/wp\/v2\/comments?post=255278"}],"version-history":[{"count":1,"href":"https:\/\/diariotextual.com\/inicio\/index.php\/wp-json\/wp\/v2\/posts\/255278\/revisions"}],"predecessor-version":[{"id":255279,"href":"https:\/\/diariotextual.com\/inicio\/index.php\/wp-json\/wp\/v2\/posts\/255278\/revisions\/255279"}],"wp:featuredmedia":[{"embeddable":true,"href":"https:\/\/diariotextual.com\/inicio\/index.php\/wp-json\/wp\/v2\/media\/203467"}],"wp:attachment":[{"href":"https:\/\/diariotextual.com\/inicio\/index.php\/wp-json\/wp\/v2\/media?parent=255278"}],"wp:term":[{"taxonomy":"category","embeddable":true,"href":"https:\/\/diariotextual.com\/inicio\/index.php\/wp-json\/wp\/v2\/categories?post=255278"},{"taxonomy":"post_tag","embeddable":true,"href":"https:\/\/diariotextual.com\/inicio\/index.php\/wp-json\/wp\/v2\/tags?post=255278"}],"curies":[{"name":"wp","href":"https:\/\/api.w.org\/{rel}","templated":true}]}}