{"id":255307,"date":"2024-02-28T09:08:19","date_gmt":"2024-02-28T12:08:19","guid":{"rendered":"https:\/\/diariotextual.com\/inicio\/?p=255307"},"modified":"2024-02-28T13:14:59","modified_gmt":"2024-02-28T16:14:59","slug":"bullrich-en-chubut-no-vive-nadie-hay-un-millon-de-guanacos","status":"publish","type":"post","link":"https:\/\/diariotextual.com\/inicio\/index.php\/2024\/02\/28\/bullrich-en-chubut-no-vive-nadie-hay-un-millon-de-guanacos\/","title":{"rendered":"Bullrich: \u201cEn Chubut no vive nadie, hay un mill\u00f3n de guanacos\u201d"},"content":{"rendered":"\n<p><strong>Patricia Bullrich <\/strong>intent\u00f3 minimizar a la provincia de Chubut en medio de la pelea de<strong> Javier Milei <\/strong>con el gobernador<strong> Ignacio Torres<\/strong> por los fondos de coparticipaci\u00f3n.<\/p>\n\n\n\n<p><strong>\u201cDesde la costa hasta la monta\u00f1a tiene todo tipo de minerales y no vive nadie, hay nada m\u00e1s que un mill\u00f3n de guanacos\u201d<\/strong>, dijo Bullrich en medio del conflicto entre el Gobierno nacional y el gobernador \u201cNacho\u201d Torres.<\/p>\n\n\n\n<p>La situaci\u00f3n termin\u00f3 por estallar el viernes, cuando Torres, con el apoyo de sus pares patag\u00f3nicos, amenaz\u00f3 al Ejecutivo con poner pausa al suministro de gas y petr\u00f3leo si la provincia no recibe los fondos de la coparticipaci\u00f3n. Al poco tiempo, obtuvo un amplio apoyo de los gobernadores<strong>&nbsp;Axel Kiciloff&nbsp;<\/strong>(Buenos Aires) y&nbsp;<strong>Gerardo Zamora<\/strong>&nbsp;(Santiago Estero), a los que se sumaron despu\u00e9s los mandatarios de<strong>&nbsp;Juntos por el Cambio Jorge Macri&nbsp;<\/strong>(CABA),&nbsp;<strong>Leandro Zdero&nbsp;<\/strong>(Chaco),&nbsp;<strong>Gustavo Vald\u00e9s<\/strong>&nbsp;(Corrientes),<strong>&nbsp;Rogelio Frigerio&nbsp;<\/strong>(Entre R\u00edos)<strong>, Carlos Sadir&nbsp;<\/strong>(Jujuy),&nbsp;<strong>Alfredo Cornejo<\/strong>&nbsp;(Mendoza),&nbsp;<strong>Marcelo Orrego<\/strong>&nbsp;(San Juan),&nbsp;<strong>Claudio Poggi<\/strong>&nbsp;(San Luis) y&nbsp;<strong>Maximiliano Pullaro<\/strong>&nbsp;(Santa Fe). La situaci\u00f3n se calm\u00f3 en las \u00faltimas horas, luego del fallo a favor de Chubut por parte de un juez federal para que no le corten los fondos coparticipables.<\/p>\n\n\n\n<p>Bullrich se refiri\u00f3 a la situaci\u00f3n en un di\u00e1logo con Eduardo Feinmann y Pablo Rossi al aire de<em>\u00a0LN+.\u00a0<\/em>De esta manera, mencion\u00f3 los activos que tiene la provincia. \u201cEs muy importante, si es una provincia que vive de la pesca, del petr\u00f3leo, que no vive de la miner\u00eda porque se vot\u00f3 la ley y luego se echaron para atr\u00e1s, pero podr\u00eda hacerlo porque tiene un yacimiento de plata y desde la costa hasta la monta\u00f1a tiene todo tipo de minerales\u201d, dijo. <strong>\u201cY no vive nadie, viven nada m\u00e1s que un mill\u00f3n de guanacos\u201d.<\/strong><\/p>\n","protected":false},"excerpt":{"rendered":"<p>Patricia Bullrich intent\u00f3 minimizar a la provincia de Chubut en medio de la pelea de Javier Milei con el gobernador Ignacio Torres por los fondos de coparticipaci\u00f3n. \u201cDesde la costa&hellip;<\/p>\n","protected":false},"author":3,"featured_media":238857,"comment_status":"closed","ping_status":"open","sticky":false,"template":"","format":"standard","meta":{"_acf_changed":false,"footnotes":""},"categories":[1,8],"tags":[],"class_list":["post-255307","post","type-post","status-publish","format-standard","has-post-thumbnail","hentry","category-es-noticia","category-politica"],"acf":[],"yoast_head":"<!-- This site is optimized with the Yoast SEO plugin v27.5 - https:\/\/yoast.com\/product\/yoast-seo-wordpress\/ -->\n<title>Bullrich: \u201cEn Chubut no vive nadie, hay un mill\u00f3n de guanacos\u201d - Diario Textual<\/title>\n<meta name=\"robots\" content=\"index, follow, max-snippet:-1, max-image-preview:large, max-video-preview:-1\" \/>\n<link rel=\"canonical\" href=\"https:\/\/diariotextual.com\/inicio\/index.php\/2024\/02\/28\/bullrich-en-chubut-no-vive-nadie-hay-un-millon-de-guanacos\/\" \/>\n<meta property=\"og:locale\" content=\"es_ES\" \/>\n<meta property=\"og:type\" content=\"article\" \/>\n<meta property=\"og:title\" content=\"Bullrich: \u201cEn Chubut no vive nadie, hay un mill\u00f3n de guanacos\u201d - Diario Textual\" \/>\n<meta property=\"og:description\" content=\"Patricia Bullrich intent\u00f3 minimizar a la provincia de Chubut en medio de la pelea de Javier Milei con el gobernador Ignacio Torres por los fondos de coparticipaci\u00f3n. \u201cDesde la costa&hellip;\" \/>\n<meta property=\"og:url\" content=\"https:\/\/diariotextual.com\/inicio\/index.php\/2024\/02\/28\/bullrich-en-chubut-no-vive-nadie-hay-un-millon-de-guanacos\/\" \/>\n<meta property=\"og:site_name\" content=\"Diario Textual\" \/>\n<meta property=\"article:publisher\" content=\"https:\/\/www.facebook.com\/eltextual\" \/>\n<meta property=\"article:published_time\" content=\"2024-02-28T12:08:19+00:00\" \/>\n<meta property=\"article:modified_time\" content=\"2024-02-28T16:14:59+00:00\" \/>\n<meta property=\"og:image\" content=\"https:\/\/diariotextual.com\/inicio\/wp-content\/uploads\/2023\/09\/bullrichpatricia2023-4.jpg\" \/>\n\t<meta property=\"og:image:width\" content=\"1065\" \/>\n\t<meta property=\"og:image:height\" content=\"710\" \/>\n\t<meta property=\"og:image:type\" content=\"image\/jpeg\" \/>\n<meta name=\"author\" content=\"Diario1 Diario1\" \/>\n<meta name=\"twitter:card\" content=\"summary_large_image\" \/>\n<meta name=\"twitter:creator\" content=\"@eltextual\" \/>\n<meta name=\"twitter:site\" content=\"@eltextual\" \/>\n<meta name=\"twitter:label1\" content=\"Escrito por\" \/>\n\t<meta name=\"twitter:data1\" content=\"Diario1 Diario1\" \/>\n\t<meta name=\"twitter:label2\" content=\"Tiempo de lectura\" \/>\n\t<meta name=\"twitter:data2\" content=\"2 minutos\" \/>\n<script type=\"application\/ld+json\" class=\"yoast-schema-graph\">{\"@context\":\"https:\\\/\\\/schema.org\",\"@graph\":[{\"@type\":\"Article\",\"@id\":\"https:\\\/\\\/diariotextual.com\\\/inicio\\\/index.php\\\/2024\\\/02\\\/28\\\/bullrich-en-chubut-no-vive-nadie-hay-un-millon-de-guanacos\\\/#article\",\"isPartOf\":{\"@id\":\"https:\\\/\\\/diariotextual.com\\\/inicio\\\/index.php\\\/2024\\\/02\\\/28\\\/bullrich-en-chubut-no-vive-nadie-hay-un-millon-de-guanacos\\\/\"},\"author\":{\"name\":\"Diario1 Diario1\",\"@id\":\"https:\\\/\\\/diariotextual.com\\\/inicio\\\/#\\\/schema\\\/person\\\/418fc4093c33e86ed41562db3508f958\"},\"headline\":\"Bullrich: \u201cEn Chubut no vive nadie, hay un mill\u00f3n de guanacos\u201d\",\"datePublished\":\"2024-02-28T12:08:19+00:00\",\"dateModified\":\"2024-02-28T16:14:59+00:00\",\"mainEntityOfPage\":{\"@id\":\"https:\\\/\\\/diariotextual.com\\\/inicio\\\/index.php\\\/2024\\\/02\\\/28\\\/bullrich-en-chubut-no-vive-nadie-hay-un-millon-de-guanacos\\\/\"},\"wordCount\":344,\"publisher\":{\"@id\":\"https:\\\/\\\/diariotextual.com\\\/inicio\\\/#organization\"},\"image\":{\"@id\":\"https:\\\/\\\/diariotextual.com\\\/inicio\\\/index.php\\\/2024\\\/02\\\/28\\\/bullrich-en-chubut-no-vive-nadie-hay-un-millon-de-guanacos\\\/#primaryimage\"},\"thumbnailUrl\":\"https:\\\/\\\/diariotextual.com\\\/inicio\\\/wp-content\\\/uploads\\\/2023\\\/09\\\/bullrichpatricia2023-4.jpg\",\"articleSection\":[\"A - ES NOTICIA (van abajo)\",\"POLITICA\"],\"inLanguage\":\"es\"},{\"@type\":\"WebPage\",\"@id\":\"https:\\\/\\\/diariotextual.com\\\/inicio\\\/index.php\\\/2024\\\/02\\\/28\\\/bullrich-en-chubut-no-vive-nadie-hay-un-millon-de-guanacos\\\/\",\"url\":\"https:\\\/\\\/diariotextual.com\\\/inicio\\\/index.php\\\/2024\\\/02\\\/28\\\/bullrich-en-chubut-no-vive-nadie-hay-un-millon-de-guanacos\\\/\",\"name\":\"Bullrich: \u201cEn Chubut no vive nadie, hay un mill\u00f3n de guanacos\u201d - Diario Textual\",\"isPartOf\":{\"@id\":\"https:\\\/\\\/diariotextual.com\\\/inicio\\\/#website\"},\"primaryImageOfPage\":{\"@id\":\"https:\\\/\\\/diariotextual.com\\\/inicio\\\/index.php\\\/2024\\\/02\\\/28\\\/bullrich-en-chubut-no-vive-nadie-hay-un-millon-de-guanacos\\\/#primaryimage\"},\"image\":{\"@id\":\"https:\\\/\\\/diariotextual.com\\\/inicio\\\/index.php\\\/2024\\\/02\\\/28\\\/bullrich-en-chubut-no-vive-nadie-hay-un-millon-de-guanacos\\\/#primaryimage\"},\"thumbnailUrl\":\"https:\\\/\\\/diariotextual.com\\\/inicio\\\/wp-content\\\/uploads\\\/2023\\\/09\\\/bullrichpatricia2023-4.jpg\",\"datePublished\":\"2024-02-28T12:08:19+00:00\",\"dateModified\":\"2024-02-28T16:14:59+00:00\",\"breadcrumb\":{\"@id\":\"https:\\\/\\\/diariotextual.com\\\/inicio\\\/index.php\\\/2024\\\/02\\\/28\\\/bullrich-en-chubut-no-vive-nadie-hay-un-millon-de-guanacos\\\/#breadcrumb\"},\"inLanguage\":\"es\",\"potentialAction\":[{\"@type\":\"ReadAction\",\"target\":[\"https:\\\/\\\/diariotextual.com\\\/inicio\\\/index.php\\\/2024\\\/02\\\/28\\\/bullrich-en-chubut-no-vive-nadie-hay-un-millon-de-guanacos\\\/\"]}]},{\"@type\":\"ImageObject\",\"inLanguage\":\"es\",\"@id\":\"https:\\\/\\\/diariotextual.com\\\/inicio\\\/index.php\\\/2024\\\/02\\\/28\\\/bullrich-en-chubut-no-vive-nadie-hay-un-millon-de-guanacos\\\/#primaryimage\",\"url\":\"https:\\\/\\\/diariotextual.com\\\/inicio\\\/wp-content\\\/uploads\\\/2023\\\/09\\\/bullrichpatricia2023-4.jpg\",\"contentUrl\":\"https:\\\/\\\/diariotextual.com\\\/inicio\\\/wp-content\\\/uploads\\\/2023\\\/09\\\/bullrichpatricia2023-4.jpg\",\"width\":1065,\"height\":710},{\"@type\":\"BreadcrumbList\",\"@id\":\"https:\\\/\\\/diariotextual.com\\\/inicio\\\/index.php\\\/2024\\\/02\\\/28\\\/bullrich-en-chubut-no-vive-nadie-hay-un-millon-de-guanacos\\\/#breadcrumb\",\"itemListElement\":[{\"@type\":\"ListItem\",\"position\":1,\"name\":\"Portada\",\"item\":\"https:\\\/\\\/diariotextual.com\\\/inicio\\\/\"},{\"@type\":\"ListItem\",\"position\":2,\"name\":\"Bullrich: \u201cEn Chubut no vive nadie, hay un mill\u00f3n de guanacos\u201d\"}]},{\"@type\":\"WebSite\",\"@id\":\"https:\\\/\\\/diariotextual.com\\\/inicio\\\/#website\",\"url\":\"https:\\\/\\\/diariotextual.com\\\/inicio\\\/\",\"name\":\"Diario Textual\",\"description\":\"\",\"publisher\":{\"@id\":\"https:\\\/\\\/diariotextual.com\\\/inicio\\\/#organization\"},\"potentialAction\":[{\"@type\":\"SearchAction\",\"target\":{\"@type\":\"EntryPoint\",\"urlTemplate\":\"https:\\\/\\\/diariotextual.com\\\/inicio\\\/?s={search_term_string}\"},\"query-input\":{\"@type\":\"PropertyValueSpecification\",\"valueRequired\":true,\"valueName\":\"search_term_string\"}}],\"inLanguage\":\"es\"},{\"@type\":\"Organization\",\"@id\":\"https:\\\/\\\/diariotextual.com\\\/inicio\\\/#organization\",\"name\":\"Diario Textual\",\"url\":\"https:\\\/\\\/diariotextual.com\\\/inicio\\\/\",\"logo\":{\"@type\":\"ImageObject\",\"inLanguage\":\"es\",\"@id\":\"https:\\\/\\\/diariotextual.com\\\/inicio\\\/#\\\/schema\\\/logo\\\/image\\\/\",\"url\":\"https:\\\/\\\/diariotextual.com\\\/inicio\\\/wp-content\\\/uploads\\\/2023\\\/05\\\/logotextual1.jpg\",\"contentUrl\":\"https:\\\/\\\/diariotextual.com\\\/inicio\\\/wp-content\\\/uploads\\\/2023\\\/05\\\/logotextual1.jpg\",\"width\":516,\"height\":76,\"caption\":\"Diario Textual\"},\"image\":{\"@id\":\"https:\\\/\\\/diariotextual.com\\\/inicio\\\/#\\\/schema\\\/logo\\\/image\\\/\"},\"sameAs\":[\"https:\\\/\\\/www.facebook.com\\\/eltextual\",\"https:\\\/\\\/x.com\\\/eltextual\",\"http:\\\/\\\/www.instagram.com\\\/eltextual\"]},{\"@type\":\"Person\",\"@id\":\"https:\\\/\\\/diariotextual.com\\\/inicio\\\/#\\\/schema\\\/person\\\/418fc4093c33e86ed41562db3508f958\",\"name\":\"Diario1 Diario1\",\"image\":{\"@type\":\"ImageObject\",\"inLanguage\":\"es\",\"@id\":\"https:\\\/\\\/secure.gravatar.com\\\/avatar\\\/9167d280179c85bc18be67aa7eda765854300033af4896dd779b608640f2ef7a?s=96&d=mm&r=g\",\"url\":\"https:\\\/\\\/secure.gravatar.com\\\/avatar\\\/9167d280179c85bc18be67aa7eda765854300033af4896dd779b608640f2ef7a?s=96&d=mm&r=g\",\"contentUrl\":\"https:\\\/\\\/secure.gravatar.com\\\/avatar\\\/9167d280179c85bc18be67aa7eda765854300033af4896dd779b608640f2ef7a?s=96&d=mm&r=g\",\"caption\":\"Diario1 Diario1\"},\"url\":\"https:\\\/\\\/diariotextual.com\\\/inicio\\\/index.php\\\/author\\\/diario1\\\/\"}]}<\/script>\n<!-- \/ Yoast SEO plugin. -->","yoast_head_json":{"title":"Bullrich: \u201cEn Chubut no vive nadie, hay un mill\u00f3n de guanacos\u201d - Diario Textual","robots":{"index":"index","follow":"follow","max-snippet":"max-snippet:-1","max-image-preview":"max-image-preview:large","max-video-preview":"max-video-preview:-1"},"canonical":"https:\/\/diariotextual.com\/inicio\/index.php\/2024\/02\/28\/bullrich-en-chubut-no-vive-nadie-hay-un-millon-de-guanacos\/","og_locale":"es_ES","og_type":"article","og_title":"Bullrich: \u201cEn Chubut no vive nadie, hay un mill\u00f3n de guanacos\u201d - Diario Textual","og_description":"Patricia Bullrich intent\u00f3 minimizar a la provincia de Chubut en medio de la pelea de Javier Milei con el gobernador Ignacio Torres por los fondos de coparticipaci\u00f3n. \u201cDesde la costa&hellip;","og_url":"https:\/\/diariotextual.com\/inicio\/index.php\/2024\/02\/28\/bullrich-en-chubut-no-vive-nadie-hay-un-millon-de-guanacos\/","og_site_name":"Diario Textual","article_publisher":"https:\/\/www.facebook.com\/eltextual","article_published_time":"2024-02-28T12:08:19+00:00","article_modified_time":"2024-02-28T16:14:59+00:00","og_image":[{"width":1065,"height":710,"url":"https:\/\/diariotextual.com\/inicio\/wp-content\/uploads\/2023\/09\/bullrichpatricia2023-4.jpg","type":"image\/jpeg"}],"author":"Diario1 Diario1","twitter_card":"summary_large_image","twitter_creator":"@eltextual","twitter_site":"@eltextual","twitter_misc":{"Escrito por":"Diario1 Diario1","Tiempo de lectura":"2 minutos"},"schema":{"@context":"https:\/\/schema.org","@graph":[{"@type":"Article","@id":"https:\/\/diariotextual.com\/inicio\/index.php\/2024\/02\/28\/bullrich-en-chubut-no-vive-nadie-hay-un-millon-de-guanacos\/#article","isPartOf":{"@id":"https:\/\/diariotextual.com\/inicio\/index.php\/2024\/02\/28\/bullrich-en-chubut-no-vive-nadie-hay-un-millon-de-guanacos\/"},"author":{"name":"Diario1 Diario1","@id":"https:\/\/diariotextual.com\/inicio\/#\/schema\/person\/418fc4093c33e86ed41562db3508f958"},"headline":"Bullrich: \u201cEn Chubut no vive nadie, hay un mill\u00f3n de guanacos\u201d","datePublished":"2024-02-28T12:08:19+00:00","dateModified":"2024-02-28T16:14:59+00:00","mainEntityOfPage":{"@id":"https:\/\/diariotextual.com\/inicio\/index.php\/2024\/02\/28\/bullrich-en-chubut-no-vive-nadie-hay-un-millon-de-guanacos\/"},"wordCount":344,"publisher":{"@id":"https:\/\/diariotextual.com\/inicio\/#organization"},"image":{"@id":"https:\/\/diariotextual.com\/inicio\/index.php\/2024\/02\/28\/bullrich-en-chubut-no-vive-nadie-hay-un-millon-de-guanacos\/#primaryimage"},"thumbnailUrl":"https:\/\/diariotextual.com\/inicio\/wp-content\/uploads\/2023\/09\/bullrichpatricia2023-4.jpg","articleSection":["A - ES NOTICIA (van abajo)","POLITICA"],"inLanguage":"es"},{"@type":"WebPage","@id":"https:\/\/diariotextual.com\/inicio\/index.php\/2024\/02\/28\/bullrich-en-chubut-no-vive-nadie-hay-un-millon-de-guanacos\/","url":"https:\/\/diariotextual.com\/inicio\/index.php\/2024\/02\/28\/bullrich-en-chubut-no-vive-nadie-hay-un-millon-de-guanacos\/","name":"Bullrich: \u201cEn Chubut no vive nadie, hay un mill\u00f3n de guanacos\u201d - Diario Textual","isPartOf":{"@id":"https:\/\/diariotextual.com\/inicio\/#website"},"primaryImageOfPage":{"@id":"https:\/\/diariotextual.com\/inicio\/index.php\/2024\/02\/28\/bullrich-en-chubut-no-vive-nadie-hay-un-millon-de-guanacos\/#primaryimage"},"image":{"@id":"https:\/\/diariotextual.com\/inicio\/index.php\/2024\/02\/28\/bullrich-en-chubut-no-vive-nadie-hay-un-millon-de-guanacos\/#primaryimage"},"thumbnailUrl":"https:\/\/diariotextual.com\/inicio\/wp-content\/uploads\/2023\/09\/bullrichpatricia2023-4.jpg","datePublished":"2024-02-28T12:08:19+00:00","dateModified":"2024-02-28T16:14:59+00:00","breadcrumb":{"@id":"https:\/\/diariotextual.com\/inicio\/index.php\/2024\/02\/28\/bullrich-en-chubut-no-vive-nadie-hay-un-millon-de-guanacos\/#breadcrumb"},"inLanguage":"es","potentialAction":[{"@type":"ReadAction","target":["https:\/\/diariotextual.com\/inicio\/index.php\/2024\/02\/28\/bullrich-en-chubut-no-vive-nadie-hay-un-millon-de-guanacos\/"]}]},{"@type":"ImageObject","inLanguage":"es","@id":"https:\/\/diariotextual.com\/inicio\/index.php\/2024\/02\/28\/bullrich-en-chubut-no-vive-nadie-hay-un-millon-de-guanacos\/#primaryimage","url":"https:\/\/diariotextual.com\/inicio\/wp-content\/uploads\/2023\/09\/bullrichpatricia2023-4.jpg","contentUrl":"https:\/\/diariotextual.com\/inicio\/wp-content\/uploads\/2023\/09\/bullrichpatricia2023-4.jpg","width":1065,"height":710},{"@type":"BreadcrumbList","@id":"https:\/\/diariotextual.com\/inicio\/index.php\/2024\/02\/28\/bullrich-en-chubut-no-vive-nadie-hay-un-millon-de-guanacos\/#breadcrumb","itemListElement":[{"@type":"ListItem","position":1,"name":"Portada","item":"https:\/\/diariotextual.com\/inicio\/"},{"@type":"ListItem","position":2,"name":"Bullrich: \u201cEn Chubut no vive nadie, hay un mill\u00f3n de guanacos\u201d"}]},{"@type":"WebSite","@id":"https:\/\/diariotextual.com\/inicio\/#website","url":"https:\/\/diariotextual.com\/inicio\/","name":"Diario Textual","description":"","publisher":{"@id":"https:\/\/diariotextual.com\/inicio\/#organization"},"potentialAction":[{"@type":"SearchAction","target":{"@type":"EntryPoint","urlTemplate":"https:\/\/diariotextual.com\/inicio\/?s={search_term_string}"},"query-input":{"@type":"PropertyValueSpecification","valueRequired":true,"valueName":"search_term_string"}}],"inLanguage":"es"},{"@type":"Organization","@id":"https:\/\/diariotextual.com\/inicio\/#organization","name":"Diario Textual","url":"https:\/\/diariotextual.com\/inicio\/","logo":{"@type":"ImageObject","inLanguage":"es","@id":"https:\/\/diariotextual.com\/inicio\/#\/schema\/logo\/image\/","url":"https:\/\/diariotextual.com\/inicio\/wp-content\/uploads\/2023\/05\/logotextual1.jpg","contentUrl":"https:\/\/diariotextual.com\/inicio\/wp-content\/uploads\/2023\/05\/logotextual1.jpg","width":516,"height":76,"caption":"Diario Textual"},"image":{"@id":"https:\/\/diariotextual.com\/inicio\/#\/schema\/logo\/image\/"},"sameAs":["https:\/\/www.facebook.com\/eltextual","https:\/\/x.com\/eltextual","http:\/\/www.instagram.com\/eltextual"]},{"@type":"Person","@id":"https:\/\/diariotextual.com\/inicio\/#\/schema\/person\/418fc4093c33e86ed41562db3508f958","name":"Diario1 Diario1","image":{"@type":"ImageObject","inLanguage":"es","@id":"https:\/\/secure.gravatar.com\/avatar\/9167d280179c85bc18be67aa7eda765854300033af4896dd779b608640f2ef7a?s=96&d=mm&r=g","url":"https:\/\/secure.gravatar.com\/avatar\/9167d280179c85bc18be67aa7eda765854300033af4896dd779b608640f2ef7a?s=96&d=mm&r=g","contentUrl":"https:\/\/secure.gravatar.com\/avatar\/9167d280179c85bc18be67aa7eda765854300033af4896dd779b608640f2ef7a?s=96&d=mm&r=g","caption":"Diario1 Diario1"},"url":"https:\/\/diariotextual.com\/inicio\/index.php\/author\/diario1\/"}]}},"_links":{"self":[{"href":"https:\/\/diariotextual.com\/inicio\/index.php\/wp-json\/wp\/v2\/posts\/255307","targetHints":{"allow":["GET"]}}],"collection":[{"href":"https:\/\/diariotextual.com\/inicio\/index.php\/wp-json\/wp\/v2\/posts"}],"about":[{"href":"https:\/\/diariotextual.com\/inicio\/index.php\/wp-json\/wp\/v2\/types\/post"}],"author":[{"embeddable":true,"href":"https:\/\/diariotextual.com\/inicio\/index.php\/wp-json\/wp\/v2\/users\/3"}],"replies":[{"embeddable":true,"href":"https:\/\/diariotextual.com\/inicio\/index.php\/wp-json\/wp\/v2\/comments?post=255307"}],"version-history":[{"count":5,"href":"https:\/\/diariotextual.com\/inicio\/index.php\/wp-json\/wp\/v2\/posts\/255307\/revisions"}],"predecessor-version":[{"id":255314,"href":"https:\/\/diariotextual.com\/inicio\/index.php\/wp-json\/wp\/v2\/posts\/255307\/revisions\/255314"}],"wp:featuredmedia":[{"embeddable":true,"href":"https:\/\/diariotextual.com\/inicio\/index.php\/wp-json\/wp\/v2\/media\/238857"}],"wp:attachment":[{"href":"https:\/\/diariotextual.com\/inicio\/index.php\/wp-json\/wp\/v2\/media?parent=255307"}],"wp:term":[{"taxonomy":"category","embeddable":true,"href":"https:\/\/diariotextual.com\/inicio\/index.php\/wp-json\/wp\/v2\/categories?post=255307"},{"taxonomy":"post_tag","embeddable":true,"href":"https:\/\/diariotextual.com\/inicio\/index.php\/wp-json\/wp\/v2\/tags?post=255307"}],"curies":[{"name":"wp","href":"https:\/\/api.w.org\/{rel}","templated":true}]}}