{"id":255341,"date":"2024-02-28T13:14:24","date_gmt":"2024-02-28T16:14:24","guid":{"rendered":"https:\/\/diariotextual.com\/inicio\/?p=255341"},"modified":"2024-02-28T17:30:03","modified_gmt":"2024-02-28T20:30:03","slug":"el-papa-se-diferencio-de-milei-defendio-la-justicia-social-y-valoro-el-rol-del-estado","status":"publish","type":"post","link":"https:\/\/diariotextual.com\/inicio\/index.php\/2024\/02\/28\/el-papa-se-diferencio-de-milei-defendio-la-justicia-social-y-valoro-el-rol-del-estado\/","title":{"rendered":"El papa se diferenci\u00f3 de Milei: defendi\u00f3 la justicia social y valor\u00f3 el rol del Estado"},"content":{"rendered":"\n<p>A unas dos semanas de su primer y largo encuentro en el Vaticano con el presidente <strong>Javier Milei<\/strong>, el 12 de febrero pasado, el <strong>papa Francisco<\/strong> sali\u00f3 hoy por primera vez a mostrar preocupaci\u00f3n por su pa\u00eds y a criticar con fuerza, de manera indirecta, las pol\u00edticas ultraliberales del Gobierno. \u201cEl Estado, hoy m\u00e1s importante que nunca, est\u00e1 llamado a ejercer ese papel central de redistribuci\u00f3n y justicia social\u201d, dijo en un fragmento del videomensaje que envi\u00f3 para la inauguraci\u00f3n de la primera sede en Buenos Aires del Comit\u00e9 Panamericano de Juezas y Jueces por los Derechos Sociales y la Doctrina Franciscana (Copaju), que preside el juez <strong>Roberto Andr\u00e9s Gallardo<\/strong>, y de la primera sub-sede del Instituto para la investigaci\u00f3n y promoci\u00f3n de los Derechos Sociales \u201cFray Bartolom\u00e9 de las Casas\u201d, encabezado por el exjuez de la Corte Suprema<strong> Ra\u00fal Zaffaroni<\/strong>.<\/p>\n\n\n\n<p>El papa, que habl\u00f3 en t\u00e9rminos generales y nunca mencion\u00f3 ni al Gobierno ni a Milei, no ocult\u00f3 su preocupaci\u00f3n. \u201cVivimos \u00e9pocas de intensa injusticia: pocos ricos cada vez m\u00e1s poderosos y millones de pobres negados y descartados\u201d, dijo. \u201cNo hay futuro, no hay desarrollo, no hay justicia ni democracia en un mundo en donde millones de ni\u00f1os comen diariamente s\u00f3lo los desechos de aquellos que s\u00ed consumen\u201d, agreg\u00f3.<\/p>\n\n\n\n<p><strong>\u201cNo alcanza con la legitimidad de origen, el ejercicio tambi\u00e9n tiene que ser leg\u00edtimo. De qu\u00e9 sirve tener el poder si se aleja de la construcci\u00f3n de sociedades justas\u201d<\/strong>, expres\u00f3.<\/p>\n\n\n\n<p><strong>\u201cEl Estado, hoy m\u00e1s importante que nunca, est\u00e1 llamado a ejercer ese papel central de redistribuci\u00f3n y justicia social\u201d<\/strong>, subray\u00f3, en una frase m\u00e1s que significativa ya que el presidente Milei dijo m\u00e1s de una vez que \u201cel Estado es una asociaci\u00f3n criminal\u201d y que la justicia social \u201ces un robo, es aberrante y no aporta al bienestar\u201d, como asegur\u00f3 recientemente en Davos y Estados Unidos.<\/p>\n\n\n\n<p>\u201cLas normas, queridos jueces, ya han sido dictadas. Rigen. El problema es su vigencia efectiva, su concreci\u00f3n. All\u00ed empieza vuestro rol. El Dios Mercado y la Diosa Ganancia, son falsas deidades que nos conducen a la deshumanizaci\u00f3n y a la destrucci\u00f3n del planeta. La historia lo ha demostrado en muchas y muy tristes oportunidades\u201d, sigui\u00f3 Francisco, que en el video aparece en buen estado de salud, desgranando un rosario, pese al resfr\u00edo de los \u00faltimos d\u00edas por el que hoy debi\u00f3 ir a hacerse unos controles en un hospital.<\/p>\n\n\n\n<p><\/p>\n","protected":false},"excerpt":{"rendered":"<p>A unas dos semanas de su primer y largo encuentro en el Vaticano con el presidente Javier Milei, el 12 de febrero pasado, el papa Francisco sali\u00f3 hoy por primera&hellip;<\/p>\n","protected":false},"author":3,"featured_media":253889,"comment_status":"closed","ping_status":"open","sticky":false,"template":"","format":"standard","meta":{"_acf_changed":false,"footnotes":""},"categories":[1,8],"tags":[],"class_list":["post-255341","post","type-post","status-publish","format-standard","has-post-thumbnail","hentry","category-es-noticia","category-politica"],"acf":[],"yoast_head":"<!-- This site is optimized with the Yoast SEO plugin v27.5 - https:\/\/yoast.com\/product\/yoast-seo-wordpress\/ -->\n<title>El papa se diferenci\u00f3 de Milei: defendi\u00f3 la justicia social y valor\u00f3 el rol del Estado - Diario Textual<\/title>\n<meta name=\"robots\" content=\"index, follow, max-snippet:-1, max-image-preview:large, max-video-preview:-1\" \/>\n<link rel=\"canonical\" href=\"https:\/\/diariotextual.com\/inicio\/index.php\/2024\/02\/28\/el-papa-se-diferencio-de-milei-defendio-la-justicia-social-y-valoro-el-rol-del-estado\/\" \/>\n<meta property=\"og:locale\" content=\"es_ES\" \/>\n<meta property=\"og:type\" content=\"article\" \/>\n<meta property=\"og:title\" content=\"El papa se diferenci\u00f3 de Milei: defendi\u00f3 la justicia social y valor\u00f3 el rol del Estado - Diario Textual\" \/>\n<meta property=\"og:description\" content=\"A unas dos semanas de su primer y largo encuentro en el Vaticano con el presidente Javier Milei, el 12 de febrero pasado, el papa Francisco sali\u00f3 hoy por primera&hellip;\" \/>\n<meta property=\"og:url\" content=\"https:\/\/diariotextual.com\/inicio\/index.php\/2024\/02\/28\/el-papa-se-diferencio-de-milei-defendio-la-justicia-social-y-valoro-el-rol-del-estado\/\" \/>\n<meta property=\"og:site_name\" content=\"Diario Textual\" \/>\n<meta property=\"article:publisher\" content=\"https:\/\/www.facebook.com\/eltextual\" \/>\n<meta property=\"article:published_time\" content=\"2024-02-28T16:14:24+00:00\" \/>\n<meta property=\"article:modified_time\" content=\"2024-02-28T20:30:03+00:00\" \/>\n<meta property=\"og:image\" content=\"https:\/\/diariotextual.com\/inicio\/wp-content\/uploads\/2024\/02\/mileijavierpapafrancisco2024-4.jpg\" \/>\n\t<meta property=\"og:image:width\" content=\"1200\" \/>\n\t<meta property=\"og:image:height\" content=\"675\" \/>\n\t<meta property=\"og:image:type\" content=\"image\/jpeg\" \/>\n<meta name=\"author\" content=\"Diario1 Diario1\" \/>\n<meta name=\"twitter:card\" content=\"summary_large_image\" \/>\n<meta name=\"twitter:creator\" content=\"@eltextual\" \/>\n<meta name=\"twitter:site\" content=\"@eltextual\" \/>\n<meta name=\"twitter:label1\" content=\"Escrito por\" \/>\n\t<meta name=\"twitter:data1\" content=\"Diario1 Diario1\" \/>\n\t<meta name=\"twitter:label2\" content=\"Tiempo de lectura\" \/>\n\t<meta name=\"twitter:data2\" content=\"3 minutos\" \/>\n<script type=\"application\/ld+json\" class=\"yoast-schema-graph\">{\"@context\":\"https:\\\/\\\/schema.org\",\"@graph\":[{\"@type\":\"Article\",\"@id\":\"https:\\\/\\\/diariotextual.com\\\/inicio\\\/index.php\\\/2024\\\/02\\\/28\\\/el-papa-se-diferencio-de-milei-defendio-la-justicia-social-y-valoro-el-rol-del-estado\\\/#article\",\"isPartOf\":{\"@id\":\"https:\\\/\\\/diariotextual.com\\\/inicio\\\/index.php\\\/2024\\\/02\\\/28\\\/el-papa-se-diferencio-de-milei-defendio-la-justicia-social-y-valoro-el-rol-del-estado\\\/\"},\"author\":{\"name\":\"Diario1 Diario1\",\"@id\":\"https:\\\/\\\/diariotextual.com\\\/inicio\\\/#\\\/schema\\\/person\\\/418fc4093c33e86ed41562db3508f958\"},\"headline\":\"El papa se diferenci\u00f3 de Milei: defendi\u00f3 la justicia social y valor\u00f3 el rol del Estado\",\"datePublished\":\"2024-02-28T16:14:24+00:00\",\"dateModified\":\"2024-02-28T20:30:03+00:00\",\"mainEntityOfPage\":{\"@id\":\"https:\\\/\\\/diariotextual.com\\\/inicio\\\/index.php\\\/2024\\\/02\\\/28\\\/el-papa-se-diferencio-de-milei-defendio-la-justicia-social-y-valoro-el-rol-del-estado\\\/\"},\"wordCount\":438,\"publisher\":{\"@id\":\"https:\\\/\\\/diariotextual.com\\\/inicio\\\/#organization\"},\"image\":{\"@id\":\"https:\\\/\\\/diariotextual.com\\\/inicio\\\/index.php\\\/2024\\\/02\\\/28\\\/el-papa-se-diferencio-de-milei-defendio-la-justicia-social-y-valoro-el-rol-del-estado\\\/#primaryimage\"},\"thumbnailUrl\":\"https:\\\/\\\/diariotextual.com\\\/inicio\\\/wp-content\\\/uploads\\\/2024\\\/02\\\/mileijavierpapafrancisco2024-4.jpg\",\"articleSection\":[\"A - ES NOTICIA (van abajo)\",\"POLITICA\"],\"inLanguage\":\"es\"},{\"@type\":\"WebPage\",\"@id\":\"https:\\\/\\\/diariotextual.com\\\/inicio\\\/index.php\\\/2024\\\/02\\\/28\\\/el-papa-se-diferencio-de-milei-defendio-la-justicia-social-y-valoro-el-rol-del-estado\\\/\",\"url\":\"https:\\\/\\\/diariotextual.com\\\/inicio\\\/index.php\\\/2024\\\/02\\\/28\\\/el-papa-se-diferencio-de-milei-defendio-la-justicia-social-y-valoro-el-rol-del-estado\\\/\",\"name\":\"El papa se diferenci\u00f3 de Milei: defendi\u00f3 la justicia social y valor\u00f3 el rol del Estado - Diario Textual\",\"isPartOf\":{\"@id\":\"https:\\\/\\\/diariotextual.com\\\/inicio\\\/#website\"},\"primaryImageOfPage\":{\"@id\":\"https:\\\/\\\/diariotextual.com\\\/inicio\\\/index.php\\\/2024\\\/02\\\/28\\\/el-papa-se-diferencio-de-milei-defendio-la-justicia-social-y-valoro-el-rol-del-estado\\\/#primaryimage\"},\"image\":{\"@id\":\"https:\\\/\\\/diariotextual.com\\\/inicio\\\/index.php\\\/2024\\\/02\\\/28\\\/el-papa-se-diferencio-de-milei-defendio-la-justicia-social-y-valoro-el-rol-del-estado\\\/#primaryimage\"},\"thumbnailUrl\":\"https:\\\/\\\/diariotextual.com\\\/inicio\\\/wp-content\\\/uploads\\\/2024\\\/02\\\/mileijavierpapafrancisco2024-4.jpg\",\"datePublished\":\"2024-02-28T16:14:24+00:00\",\"dateModified\":\"2024-02-28T20:30:03+00:00\",\"breadcrumb\":{\"@id\":\"https:\\\/\\\/diariotextual.com\\\/inicio\\\/index.php\\\/2024\\\/02\\\/28\\\/el-papa-se-diferencio-de-milei-defendio-la-justicia-social-y-valoro-el-rol-del-estado\\\/#breadcrumb\"},\"inLanguage\":\"es\",\"potentialAction\":[{\"@type\":\"ReadAction\",\"target\":[\"https:\\\/\\\/diariotextual.com\\\/inicio\\\/index.php\\\/2024\\\/02\\\/28\\\/el-papa-se-diferencio-de-milei-defendio-la-justicia-social-y-valoro-el-rol-del-estado\\\/\"]}]},{\"@type\":\"ImageObject\",\"inLanguage\":\"es\",\"@id\":\"https:\\\/\\\/diariotextual.com\\\/inicio\\\/index.php\\\/2024\\\/02\\\/28\\\/el-papa-se-diferencio-de-milei-defendio-la-justicia-social-y-valoro-el-rol-del-estado\\\/#primaryimage\",\"url\":\"https:\\\/\\\/diariotextual.com\\\/inicio\\\/wp-content\\\/uploads\\\/2024\\\/02\\\/mileijavierpapafrancisco2024-4.jpg\",\"contentUrl\":\"https:\\\/\\\/diariotextual.com\\\/inicio\\\/wp-content\\\/uploads\\\/2024\\\/02\\\/mileijavierpapafrancisco2024-4.jpg\",\"width\":1200,\"height\":675},{\"@type\":\"BreadcrumbList\",\"@id\":\"https:\\\/\\\/diariotextual.com\\\/inicio\\\/index.php\\\/2024\\\/02\\\/28\\\/el-papa-se-diferencio-de-milei-defendio-la-justicia-social-y-valoro-el-rol-del-estado\\\/#breadcrumb\",\"itemListElement\":[{\"@type\":\"ListItem\",\"position\":1,\"name\":\"Portada\",\"item\":\"https:\\\/\\\/diariotextual.com\\\/inicio\\\/\"},{\"@type\":\"ListItem\",\"position\":2,\"name\":\"El papa se diferenci\u00f3 de Milei: defendi\u00f3 la justicia social y valor\u00f3 el rol del Estado\"}]},{\"@type\":\"WebSite\",\"@id\":\"https:\\\/\\\/diariotextual.com\\\/inicio\\\/#website\",\"url\":\"https:\\\/\\\/diariotextual.com\\\/inicio\\\/\",\"name\":\"Diario Textual\",\"description\":\"\",\"publisher\":{\"@id\":\"https:\\\/\\\/diariotextual.com\\\/inicio\\\/#organization\"},\"potentialAction\":[{\"@type\":\"SearchAction\",\"target\":{\"@type\":\"EntryPoint\",\"urlTemplate\":\"https:\\\/\\\/diariotextual.com\\\/inicio\\\/?s={search_term_string}\"},\"query-input\":{\"@type\":\"PropertyValueSpecification\",\"valueRequired\":true,\"valueName\":\"search_term_string\"}}],\"inLanguage\":\"es\"},{\"@type\":\"Organization\",\"@id\":\"https:\\\/\\\/diariotextual.com\\\/inicio\\\/#organization\",\"name\":\"Diario Textual\",\"url\":\"https:\\\/\\\/diariotextual.com\\\/inicio\\\/\",\"logo\":{\"@type\":\"ImageObject\",\"inLanguage\":\"es\",\"@id\":\"https:\\\/\\\/diariotextual.com\\\/inicio\\\/#\\\/schema\\\/logo\\\/image\\\/\",\"url\":\"https:\\\/\\\/diariotextual.com\\\/inicio\\\/wp-content\\\/uploads\\\/2023\\\/05\\\/logotextual1.jpg\",\"contentUrl\":\"https:\\\/\\\/diariotextual.com\\\/inicio\\\/wp-content\\\/uploads\\\/2023\\\/05\\\/logotextual1.jpg\",\"width\":516,\"height\":76,\"caption\":\"Diario Textual\"},\"image\":{\"@id\":\"https:\\\/\\\/diariotextual.com\\\/inicio\\\/#\\\/schema\\\/logo\\\/image\\\/\"},\"sameAs\":[\"https:\\\/\\\/www.facebook.com\\\/eltextual\",\"https:\\\/\\\/x.com\\\/eltextual\",\"http:\\\/\\\/www.instagram.com\\\/eltextual\"]},{\"@type\":\"Person\",\"@id\":\"https:\\\/\\\/diariotextual.com\\\/inicio\\\/#\\\/schema\\\/person\\\/418fc4093c33e86ed41562db3508f958\",\"name\":\"Diario1 Diario1\",\"image\":{\"@type\":\"ImageObject\",\"inLanguage\":\"es\",\"@id\":\"https:\\\/\\\/secure.gravatar.com\\\/avatar\\\/9167d280179c85bc18be67aa7eda765854300033af4896dd779b608640f2ef7a?s=96&d=mm&r=g\",\"url\":\"https:\\\/\\\/secure.gravatar.com\\\/avatar\\\/9167d280179c85bc18be67aa7eda765854300033af4896dd779b608640f2ef7a?s=96&d=mm&r=g\",\"contentUrl\":\"https:\\\/\\\/secure.gravatar.com\\\/avatar\\\/9167d280179c85bc18be67aa7eda765854300033af4896dd779b608640f2ef7a?s=96&d=mm&r=g\",\"caption\":\"Diario1 Diario1\"},\"url\":\"https:\\\/\\\/diariotextual.com\\\/inicio\\\/index.php\\\/author\\\/diario1\\\/\"}]}<\/script>\n<!-- \/ Yoast SEO plugin. -->","yoast_head_json":{"title":"El papa se diferenci\u00f3 de Milei: defendi\u00f3 la justicia social y valor\u00f3 el rol del Estado - Diario Textual","robots":{"index":"index","follow":"follow","max-snippet":"max-snippet:-1","max-image-preview":"max-image-preview:large","max-video-preview":"max-video-preview:-1"},"canonical":"https:\/\/diariotextual.com\/inicio\/index.php\/2024\/02\/28\/el-papa-se-diferencio-de-milei-defendio-la-justicia-social-y-valoro-el-rol-del-estado\/","og_locale":"es_ES","og_type":"article","og_title":"El papa se diferenci\u00f3 de Milei: defendi\u00f3 la justicia social y valor\u00f3 el rol del Estado - Diario Textual","og_description":"A unas dos semanas de su primer y largo encuentro en el Vaticano con el presidente Javier Milei, el 12 de febrero pasado, el papa Francisco sali\u00f3 hoy por primera&hellip;","og_url":"https:\/\/diariotextual.com\/inicio\/index.php\/2024\/02\/28\/el-papa-se-diferencio-de-milei-defendio-la-justicia-social-y-valoro-el-rol-del-estado\/","og_site_name":"Diario Textual","article_publisher":"https:\/\/www.facebook.com\/eltextual","article_published_time":"2024-02-28T16:14:24+00:00","article_modified_time":"2024-02-28T20:30:03+00:00","og_image":[{"width":1200,"height":675,"url":"https:\/\/diariotextual.com\/inicio\/wp-content\/uploads\/2024\/02\/mileijavierpapafrancisco2024-4.jpg","type":"image\/jpeg"}],"author":"Diario1 Diario1","twitter_card":"summary_large_image","twitter_creator":"@eltextual","twitter_site":"@eltextual","twitter_misc":{"Escrito por":"Diario1 Diario1","Tiempo de lectura":"3 minutos"},"schema":{"@context":"https:\/\/schema.org","@graph":[{"@type":"Article","@id":"https:\/\/diariotextual.com\/inicio\/index.php\/2024\/02\/28\/el-papa-se-diferencio-de-milei-defendio-la-justicia-social-y-valoro-el-rol-del-estado\/#article","isPartOf":{"@id":"https:\/\/diariotextual.com\/inicio\/index.php\/2024\/02\/28\/el-papa-se-diferencio-de-milei-defendio-la-justicia-social-y-valoro-el-rol-del-estado\/"},"author":{"name":"Diario1 Diario1","@id":"https:\/\/diariotextual.com\/inicio\/#\/schema\/person\/418fc4093c33e86ed41562db3508f958"},"headline":"El papa se diferenci\u00f3 de Milei: defendi\u00f3 la justicia social y valor\u00f3 el rol del Estado","datePublished":"2024-02-28T16:14:24+00:00","dateModified":"2024-02-28T20:30:03+00:00","mainEntityOfPage":{"@id":"https:\/\/diariotextual.com\/inicio\/index.php\/2024\/02\/28\/el-papa-se-diferencio-de-milei-defendio-la-justicia-social-y-valoro-el-rol-del-estado\/"},"wordCount":438,"publisher":{"@id":"https:\/\/diariotextual.com\/inicio\/#organization"},"image":{"@id":"https:\/\/diariotextual.com\/inicio\/index.php\/2024\/02\/28\/el-papa-se-diferencio-de-milei-defendio-la-justicia-social-y-valoro-el-rol-del-estado\/#primaryimage"},"thumbnailUrl":"https:\/\/diariotextual.com\/inicio\/wp-content\/uploads\/2024\/02\/mileijavierpapafrancisco2024-4.jpg","articleSection":["A - ES NOTICIA (van abajo)","POLITICA"],"inLanguage":"es"},{"@type":"WebPage","@id":"https:\/\/diariotextual.com\/inicio\/index.php\/2024\/02\/28\/el-papa-se-diferencio-de-milei-defendio-la-justicia-social-y-valoro-el-rol-del-estado\/","url":"https:\/\/diariotextual.com\/inicio\/index.php\/2024\/02\/28\/el-papa-se-diferencio-de-milei-defendio-la-justicia-social-y-valoro-el-rol-del-estado\/","name":"El papa se diferenci\u00f3 de Milei: defendi\u00f3 la justicia social y valor\u00f3 el rol del Estado - Diario Textual","isPartOf":{"@id":"https:\/\/diariotextual.com\/inicio\/#website"},"primaryImageOfPage":{"@id":"https:\/\/diariotextual.com\/inicio\/index.php\/2024\/02\/28\/el-papa-se-diferencio-de-milei-defendio-la-justicia-social-y-valoro-el-rol-del-estado\/#primaryimage"},"image":{"@id":"https:\/\/diariotextual.com\/inicio\/index.php\/2024\/02\/28\/el-papa-se-diferencio-de-milei-defendio-la-justicia-social-y-valoro-el-rol-del-estado\/#primaryimage"},"thumbnailUrl":"https:\/\/diariotextual.com\/inicio\/wp-content\/uploads\/2024\/02\/mileijavierpapafrancisco2024-4.jpg","datePublished":"2024-02-28T16:14:24+00:00","dateModified":"2024-02-28T20:30:03+00:00","breadcrumb":{"@id":"https:\/\/diariotextual.com\/inicio\/index.php\/2024\/02\/28\/el-papa-se-diferencio-de-milei-defendio-la-justicia-social-y-valoro-el-rol-del-estado\/#breadcrumb"},"inLanguage":"es","potentialAction":[{"@type":"ReadAction","target":["https:\/\/diariotextual.com\/inicio\/index.php\/2024\/02\/28\/el-papa-se-diferencio-de-milei-defendio-la-justicia-social-y-valoro-el-rol-del-estado\/"]}]},{"@type":"ImageObject","inLanguage":"es","@id":"https:\/\/diariotextual.com\/inicio\/index.php\/2024\/02\/28\/el-papa-se-diferencio-de-milei-defendio-la-justicia-social-y-valoro-el-rol-del-estado\/#primaryimage","url":"https:\/\/diariotextual.com\/inicio\/wp-content\/uploads\/2024\/02\/mileijavierpapafrancisco2024-4.jpg","contentUrl":"https:\/\/diariotextual.com\/inicio\/wp-content\/uploads\/2024\/02\/mileijavierpapafrancisco2024-4.jpg","width":1200,"height":675},{"@type":"BreadcrumbList","@id":"https:\/\/diariotextual.com\/inicio\/index.php\/2024\/02\/28\/el-papa-se-diferencio-de-milei-defendio-la-justicia-social-y-valoro-el-rol-del-estado\/#breadcrumb","itemListElement":[{"@type":"ListItem","position":1,"name":"Portada","item":"https:\/\/diariotextual.com\/inicio\/"},{"@type":"ListItem","position":2,"name":"El papa se diferenci\u00f3 de Milei: defendi\u00f3 la justicia social y valor\u00f3 el rol del Estado"}]},{"@type":"WebSite","@id":"https:\/\/diariotextual.com\/inicio\/#website","url":"https:\/\/diariotextual.com\/inicio\/","name":"Diario Textual","description":"","publisher":{"@id":"https:\/\/diariotextual.com\/inicio\/#organization"},"potentialAction":[{"@type":"SearchAction","target":{"@type":"EntryPoint","urlTemplate":"https:\/\/diariotextual.com\/inicio\/?s={search_term_string}"},"query-input":{"@type":"PropertyValueSpecification","valueRequired":true,"valueName":"search_term_string"}}],"inLanguage":"es"},{"@type":"Organization","@id":"https:\/\/diariotextual.com\/inicio\/#organization","name":"Diario Textual","url":"https:\/\/diariotextual.com\/inicio\/","logo":{"@type":"ImageObject","inLanguage":"es","@id":"https:\/\/diariotextual.com\/inicio\/#\/schema\/logo\/image\/","url":"https:\/\/diariotextual.com\/inicio\/wp-content\/uploads\/2023\/05\/logotextual1.jpg","contentUrl":"https:\/\/diariotextual.com\/inicio\/wp-content\/uploads\/2023\/05\/logotextual1.jpg","width":516,"height":76,"caption":"Diario Textual"},"image":{"@id":"https:\/\/diariotextual.com\/inicio\/#\/schema\/logo\/image\/"},"sameAs":["https:\/\/www.facebook.com\/eltextual","https:\/\/x.com\/eltextual","http:\/\/www.instagram.com\/eltextual"]},{"@type":"Person","@id":"https:\/\/diariotextual.com\/inicio\/#\/schema\/person\/418fc4093c33e86ed41562db3508f958","name":"Diario1 Diario1","image":{"@type":"ImageObject","inLanguage":"es","@id":"https:\/\/secure.gravatar.com\/avatar\/9167d280179c85bc18be67aa7eda765854300033af4896dd779b608640f2ef7a?s=96&d=mm&r=g","url":"https:\/\/secure.gravatar.com\/avatar\/9167d280179c85bc18be67aa7eda765854300033af4896dd779b608640f2ef7a?s=96&d=mm&r=g","contentUrl":"https:\/\/secure.gravatar.com\/avatar\/9167d280179c85bc18be67aa7eda765854300033af4896dd779b608640f2ef7a?s=96&d=mm&r=g","caption":"Diario1 Diario1"},"url":"https:\/\/diariotextual.com\/inicio\/index.php\/author\/diario1\/"}]}},"_links":{"self":[{"href":"https:\/\/diariotextual.com\/inicio\/index.php\/wp-json\/wp\/v2\/posts\/255341","targetHints":{"allow":["GET"]}}],"collection":[{"href":"https:\/\/diariotextual.com\/inicio\/index.php\/wp-json\/wp\/v2\/posts"}],"about":[{"href":"https:\/\/diariotextual.com\/inicio\/index.php\/wp-json\/wp\/v2\/types\/post"}],"author":[{"embeddable":true,"href":"https:\/\/diariotextual.com\/inicio\/index.php\/wp-json\/wp\/v2\/users\/3"}],"replies":[{"embeddable":true,"href":"https:\/\/diariotextual.com\/inicio\/index.php\/wp-json\/wp\/v2\/comments?post=255341"}],"version-history":[{"count":1,"href":"https:\/\/diariotextual.com\/inicio\/index.php\/wp-json\/wp\/v2\/posts\/255341\/revisions"}],"predecessor-version":[{"id":255342,"href":"https:\/\/diariotextual.com\/inicio\/index.php\/wp-json\/wp\/v2\/posts\/255341\/revisions\/255342"}],"wp:featuredmedia":[{"embeddable":true,"href":"https:\/\/diariotextual.com\/inicio\/index.php\/wp-json\/wp\/v2\/media\/253889"}],"wp:attachment":[{"href":"https:\/\/diariotextual.com\/inicio\/index.php\/wp-json\/wp\/v2\/media?parent=255341"}],"wp:term":[{"taxonomy":"category","embeddable":true,"href":"https:\/\/diariotextual.com\/inicio\/index.php\/wp-json\/wp\/v2\/categories?post=255341"},{"taxonomy":"post_tag","embeddable":true,"href":"https:\/\/diariotextual.com\/inicio\/index.php\/wp-json\/wp\/v2\/tags?post=255341"}],"curies":[{"name":"wp","href":"https:\/\/api.w.org\/{rel}","templated":true}]}}