{"id":255345,"date":"2024-02-28T17:16:04","date_gmt":"2024-02-28T20:16:04","guid":{"rendered":"https:\/\/diariotextual.com\/inicio\/?p=255345"},"modified":"2024-02-29T06:33:42","modified_gmt":"2024-02-29T09:33:42","slug":"el-gobierno-recurrira-al-per-saltum-a-la-corte-por-el-fallo-de-chubut","status":"publish","type":"post","link":"https:\/\/diariotextual.com\/inicio\/index.php\/2024\/02\/28\/el-gobierno-recurrira-al-per-saltum-a-la-corte-por-el-fallo-de-chubut\/","title":{"rendered":"El Gobierno recurrir\u00e1 al \u201cper saltum\u201d a la Corte por el fallo de Chubut"},"content":{"rendered":"\n<p>El ministro de Justicia, Mariano C\u00faneo Libarona, adelant\u00f3 este mi\u00e9rcoles en Mendoza que el Gobierno que encabeza el presidente <strong>Javier Milei presentar\u00e1 \u201ca la brevedad\u201d un recurso de \u201cper saltum\u201d ante la Corte Suprema<\/strong>, a ra\u00edz del fallo judicial de este martes que hizo lugar al pedido de Chubut para que se le restituyan fondos coparticipables suspendidos por la Naci\u00f3n.<\/p>\n\n\n\n<p>\u201cEsta <strong>tarde me reunir\u00e9 con (el Procurador del Tesoro) Rodolfo Barra para finiquitar la presentaci\u00f3n<\/strong>, que ser\u00e1 a la brevedad\u201d, afirm\u00f3 el ministro.<\/p>\n\n\n\n<p>Sobre la <strong>sentencia del juez federal de Rawson Hugo Ricardo Sastre, favorable a Chubut, consider\u00f3 que se trata de \u201cun disparate\u201d y \u201cuna medida inadecuada\u201d<\/strong>, mientras calific\u00f3 la actuaci\u00f3n del magistrado como \u201cuna incompetencia manifiesta\u201d.<\/p>\n\n\n\n<p>Adem\u00e1s, expres\u00f3: \u201c<strong>El juez se pone a legislar sobre cuestiones econ\u00f3micas ajenas al Poder Judicial<\/strong>\u201d.<\/p>\n\n\n\n<p>\u201cEs un disparate y vamos a recurrir al tribunal superior con per saltum\u201d, remarc\u00f3 y relat\u00f3 que cuando sali\u00f3 el fallo se qued\u00f3 \u201cperplejo, sobre todo por la falta de solidez y de fundamento\u201d.<\/p>\n\n\n\n<figure class=\"wp-block-embed is-type-wp-embed is-provider-diario-textual wp-block-embed-diario-textual\"><div class=\"wp-block-embed__wrapper\">\n<blockquote class=\"wp-embedded-content\" data-secret=\"YFBgawQwpj\"><a href=\"https:\/\/diariotextual.com\/inicio\/index.php\/2024\/02\/27\/ziliotto-no-vamos-a-construir-una-argentina-mejor-desde-el-insulto-o-el-agravio\/\">Ziliotto y el resto de gobernadores patag\u00f3nicos bajan el tono a la pelea y llaman a Milei a dialogar<\/a><\/blockquote><iframe class=\"wp-embedded-content\" sandbox=\"allow-scripts\" security=\"restricted\" style=\"position: absolute; clip: rect(1px, 1px, 1px, 1px);\" title=\"\u00abZiliotto y el resto de gobernadores patag\u00f3nicos bajan el tono a la pelea y llaman a Milei a dialogar\u00bb \u2014 Diario Textual\" src=\"https:\/\/diariotextual.com\/inicio\/index.php\/2024\/02\/27\/ziliotto-no-vamos-a-construir-una-argentina-mejor-desde-el-insulto-o-el-agravio\/embed\/#?secret=Ymse6hf6Rh#?secret=YFBgawQwpj\" data-secret=\"YFBgawQwpj\" width=\"600\" height=\"338\" frameborder=\"0\" marginwidth=\"0\" marginheight=\"0\" scrolling=\"no\"><\/iframe>\n<\/div><\/figure>\n\n\n\n<div style=\"height:100px\" aria-hidden=\"true\" class=\"wp-block-spacer\"><\/div>\n\n\n\n<p><strong>Sistema judicial<\/strong><\/p>\n\n\n\n<p>Por otra parte, C\u00faneo Libarona afirm\u00f3 que \u201clo m\u00e1s grave\u201d del panorama que encontr\u00f3 es el de las vacantes, y mencion\u00f3 que el 33% de los puestos en la Justicia est\u00e1n sin cubrir, por lo que inst\u00f3 a los integrantes del Consejo de la Magistratura a ser \u201cm\u00e1s eficientes y \u00e1giles para cubrir los cargos que faltan\u201d.<\/p>\n\n\n\n<p>Adem\u00e1s, asegur\u00f3 que \u201cas\u00ed no va a funcionar ning\u00fan sistema\u201d y breg\u00f3 por \u201cuna Justicia m\u00e1s efectiva\u201d.<\/p>\n\n\n\n<p>\u201cTenemos que tener un sistema procesal jur\u00eddico r\u00e1pido en todo el pa\u00eds con los esfuerzos econ\u00f3micos que podamos disponer. Tenemos que ordenar este sistema, no nos dejaron nada. No hay plata, y tenemos que acudir al m\u00e1ximo ingenio porque no hay plata\u201d, expres\u00f3.<\/p>\n\n\n\n<p>Sobre algunos organismos dependientes del ministerio que encabeza, explic\u00f3 que hay dos que todav\u00eda no los nombra porque est\u00e1n en plena investigaci\u00f3n en los que, sostuvo: \u201cEs impresionante lo que vamos descubriendo: corrupci\u00f3n, ineficiencia, empleados que no trabajan\u201d.<\/p>\n\n\n\n<div style=\"height:100px\" aria-hidden=\"true\" class=\"wp-block-spacer\"><\/div>\n\n\n\n<p><strong>Edad de inimputabilidad<\/strong><\/p>\n\n\n\n<p>El funcionario, por otra parte, remarc\u00f3 que <strong>se debe bajar la edad de imputabilidad: \u201cEs algo que el pueblo clama. La ley es de 1980, la criminalidad 40 a\u00f1os despu\u00e9s cambi\u00f3 sustancialmente<\/strong>. Un joven de 14 a\u00f1os de 1980 no es igual a un joven de 14 a\u00f1os de 2024. Las reglas y costumbres cambiaron, y la ley tiene que ajustarse a los tiempos\u201d.<\/p>\n\n\n\n<p>En ese sentido dijo que debido a los temas coyunturales todav\u00eda no se pudo dedicar a eso, pero sostuvo que a partir de Semana Santa se va a dedicar \u201cfull time al r\u00e9gimen penal de la minoridad, porque la consideramos que es una reforma sustancial\u201d.<\/p>\n\n\n\n<p>Consultado sobre sus viajes a Mendoza hasta el a\u00f1o pasado, en calidad de abogado defensor del ahora exjuez federal Walter Bento, afirm\u00f3: \u201cSon cuestiones privadas del pasado y est\u00e1n bajo secreto profesional. No puedo opinar, soy ministro y no soy m\u00e1s abogado de Bento\u201d.<\/p>\n","protected":false},"excerpt":{"rendered":"<p>El ministro de Justicia, Mariano C\u00faneo Libarona, adelant\u00f3 este mi\u00e9rcoles en Mendoza que el Gobierno que encabeza el presidente Javier Milei presentar\u00e1 \u201ca la brevedad\u201d un recurso de \u201cper saltum\u201d&hellip;<\/p>\n","protected":false},"author":5,"featured_media":255346,"comment_status":"closed","ping_status":"open","sticky":false,"template":"","format":"standard","meta":{"_acf_changed":false,"footnotes":""},"categories":[1,8],"tags":[2249,6313],"class_list":["post-255345","post","type-post","status-publish","format-standard","has-post-thumbnail","hentry","category-es-noticia","category-politica","tag-chubut","tag-milei"],"acf":[],"yoast_head":"<!-- This site is optimized with the Yoast SEO plugin v27.5 - https:\/\/yoast.com\/product\/yoast-seo-wordpress\/ -->\n<title>El Gobierno recurrir\u00e1 al \u201cper saltum\u201d a la Corte por el fallo de Chubut - Diario Textual<\/title>\n<meta name=\"robots\" content=\"index, follow, max-snippet:-1, max-image-preview:large, max-video-preview:-1\" \/>\n<link rel=\"canonical\" href=\"https:\/\/diariotextual.com\/inicio\/index.php\/2024\/02\/28\/el-gobierno-recurrira-al-per-saltum-a-la-corte-por-el-fallo-de-chubut\/\" \/>\n<meta property=\"og:locale\" content=\"es_ES\" \/>\n<meta property=\"og:type\" content=\"article\" \/>\n<meta property=\"og:title\" content=\"El Gobierno recurrir\u00e1 al \u201cper saltum\u201d a la Corte por el fallo de Chubut - Diario Textual\" \/>\n<meta property=\"og:description\" content=\"El ministro de Justicia, Mariano C\u00faneo Libarona, adelant\u00f3 este mi\u00e9rcoles en Mendoza que el Gobierno que encabeza el presidente Javier Milei presentar\u00e1 \u201ca la brevedad\u201d un recurso de \u201cper saltum\u201d&hellip;\" \/>\n<meta property=\"og:url\" content=\"https:\/\/diariotextual.com\/inicio\/index.php\/2024\/02\/28\/el-gobierno-recurrira-al-per-saltum-a-la-corte-por-el-fallo-de-chubut\/\" \/>\n<meta property=\"og:site_name\" content=\"Diario Textual\" \/>\n<meta property=\"article:publisher\" content=\"https:\/\/www.facebook.com\/eltextual\" \/>\n<meta property=\"article:published_time\" content=\"2024-02-28T20:16:04+00:00\" \/>\n<meta property=\"article:modified_time\" content=\"2024-02-29T09:33:42+00:00\" \/>\n<meta property=\"og:image\" content=\"https:\/\/diariotextual.com\/inicio\/wp-content\/uploads\/2024\/02\/cuneolibaronamariano2024.jpg\" \/>\n\t<meta property=\"og:image:width\" content=\"900\" \/>\n\t<meta property=\"og:image:height\" content=\"609\" \/>\n\t<meta property=\"og:image:type\" content=\"image\/jpeg\" \/>\n<meta name=\"author\" content=\"diario3\" \/>\n<meta name=\"twitter:card\" content=\"summary_large_image\" \/>\n<meta name=\"twitter:creator\" content=\"@eltextual\" \/>\n<meta name=\"twitter:site\" content=\"@eltextual\" \/>\n<meta name=\"twitter:label1\" content=\"Escrito por\" \/>\n\t<meta name=\"twitter:data1\" content=\"diario3\" \/>\n\t<meta name=\"twitter:label2\" content=\"Tiempo de lectura\" \/>\n\t<meta name=\"twitter:data2\" content=\"3 minutos\" \/>\n<script type=\"application\/ld+json\" class=\"yoast-schema-graph\">{\"@context\":\"https:\\\/\\\/schema.org\",\"@graph\":[{\"@type\":\"Article\",\"@id\":\"https:\\\/\\\/diariotextual.com\\\/inicio\\\/index.php\\\/2024\\\/02\\\/28\\\/el-gobierno-recurrira-al-per-saltum-a-la-corte-por-el-fallo-de-chubut\\\/#article\",\"isPartOf\":{\"@id\":\"https:\\\/\\\/diariotextual.com\\\/inicio\\\/index.php\\\/2024\\\/02\\\/28\\\/el-gobierno-recurrira-al-per-saltum-a-la-corte-por-el-fallo-de-chubut\\\/\"},\"author\":{\"name\":\"diario3\",\"@id\":\"https:\\\/\\\/diariotextual.com\\\/inicio\\\/#\\\/schema\\\/person\\\/a1b6f563e0ee944c60f98119389a4d9f\"},\"headline\":\"El Gobierno recurrir\u00e1 al \u201cper saltum\u201d a la Corte por el fallo de Chubut\",\"datePublished\":\"2024-02-28T20:16:04+00:00\",\"dateModified\":\"2024-02-29T09:33:42+00:00\",\"mainEntityOfPage\":{\"@id\":\"https:\\\/\\\/diariotextual.com\\\/inicio\\\/index.php\\\/2024\\\/02\\\/28\\\/el-gobierno-recurrira-al-per-saltum-a-la-corte-por-el-fallo-de-chubut\\\/\"},\"wordCount\":527,\"publisher\":{\"@id\":\"https:\\\/\\\/diariotextual.com\\\/inicio\\\/#organization\"},\"image\":{\"@id\":\"https:\\\/\\\/diariotextual.com\\\/inicio\\\/index.php\\\/2024\\\/02\\\/28\\\/el-gobierno-recurrira-al-per-saltum-a-la-corte-por-el-fallo-de-chubut\\\/#primaryimage\"},\"thumbnailUrl\":\"https:\\\/\\\/diariotextual.com\\\/inicio\\\/wp-content\\\/uploads\\\/2024\\\/02\\\/cuneolibaronamariano2024.jpg\",\"keywords\":[\"Chubut\",\"milei\"],\"articleSection\":[\"A - ES NOTICIA (van abajo)\",\"POLITICA\"],\"inLanguage\":\"es\"},{\"@type\":\"WebPage\",\"@id\":\"https:\\\/\\\/diariotextual.com\\\/inicio\\\/index.php\\\/2024\\\/02\\\/28\\\/el-gobierno-recurrira-al-per-saltum-a-la-corte-por-el-fallo-de-chubut\\\/\",\"url\":\"https:\\\/\\\/diariotextual.com\\\/inicio\\\/index.php\\\/2024\\\/02\\\/28\\\/el-gobierno-recurrira-al-per-saltum-a-la-corte-por-el-fallo-de-chubut\\\/\",\"name\":\"El Gobierno recurrir\u00e1 al \u201cper saltum\u201d a la Corte por el fallo de Chubut - Diario Textual\",\"isPartOf\":{\"@id\":\"https:\\\/\\\/diariotextual.com\\\/inicio\\\/#website\"},\"primaryImageOfPage\":{\"@id\":\"https:\\\/\\\/diariotextual.com\\\/inicio\\\/index.php\\\/2024\\\/02\\\/28\\\/el-gobierno-recurrira-al-per-saltum-a-la-corte-por-el-fallo-de-chubut\\\/#primaryimage\"},\"image\":{\"@id\":\"https:\\\/\\\/diariotextual.com\\\/inicio\\\/index.php\\\/2024\\\/02\\\/28\\\/el-gobierno-recurrira-al-per-saltum-a-la-corte-por-el-fallo-de-chubut\\\/#primaryimage\"},\"thumbnailUrl\":\"https:\\\/\\\/diariotextual.com\\\/inicio\\\/wp-content\\\/uploads\\\/2024\\\/02\\\/cuneolibaronamariano2024.jpg\",\"datePublished\":\"2024-02-28T20:16:04+00:00\",\"dateModified\":\"2024-02-29T09:33:42+00:00\",\"breadcrumb\":{\"@id\":\"https:\\\/\\\/diariotextual.com\\\/inicio\\\/index.php\\\/2024\\\/02\\\/28\\\/el-gobierno-recurrira-al-per-saltum-a-la-corte-por-el-fallo-de-chubut\\\/#breadcrumb\"},\"inLanguage\":\"es\",\"potentialAction\":[{\"@type\":\"ReadAction\",\"target\":[\"https:\\\/\\\/diariotextual.com\\\/inicio\\\/index.php\\\/2024\\\/02\\\/28\\\/el-gobierno-recurrira-al-per-saltum-a-la-corte-por-el-fallo-de-chubut\\\/\"]}]},{\"@type\":\"ImageObject\",\"inLanguage\":\"es\",\"@id\":\"https:\\\/\\\/diariotextual.com\\\/inicio\\\/index.php\\\/2024\\\/02\\\/28\\\/el-gobierno-recurrira-al-per-saltum-a-la-corte-por-el-fallo-de-chubut\\\/#primaryimage\",\"url\":\"https:\\\/\\\/diariotextual.com\\\/inicio\\\/wp-content\\\/uploads\\\/2024\\\/02\\\/cuneolibaronamariano2024.jpg\",\"contentUrl\":\"https:\\\/\\\/diariotextual.com\\\/inicio\\\/wp-content\\\/uploads\\\/2024\\\/02\\\/cuneolibaronamariano2024.jpg\",\"width\":900,\"height\":609},{\"@type\":\"BreadcrumbList\",\"@id\":\"https:\\\/\\\/diariotextual.com\\\/inicio\\\/index.php\\\/2024\\\/02\\\/28\\\/el-gobierno-recurrira-al-per-saltum-a-la-corte-por-el-fallo-de-chubut\\\/#breadcrumb\",\"itemListElement\":[{\"@type\":\"ListItem\",\"position\":1,\"name\":\"Portada\",\"item\":\"https:\\\/\\\/diariotextual.com\\\/inicio\\\/\"},{\"@type\":\"ListItem\",\"position\":2,\"name\":\"El Gobierno recurrir\u00e1 al \u201cper saltum\u201d a la Corte por el fallo de Chubut\"}]},{\"@type\":\"WebSite\",\"@id\":\"https:\\\/\\\/diariotextual.com\\\/inicio\\\/#website\",\"url\":\"https:\\\/\\\/diariotextual.com\\\/inicio\\\/\",\"name\":\"Diario Textual\",\"description\":\"\",\"publisher\":{\"@id\":\"https:\\\/\\\/diariotextual.com\\\/inicio\\\/#organization\"},\"potentialAction\":[{\"@type\":\"SearchAction\",\"target\":{\"@type\":\"EntryPoint\",\"urlTemplate\":\"https:\\\/\\\/diariotextual.com\\\/inicio\\\/?s={search_term_string}\"},\"query-input\":{\"@type\":\"PropertyValueSpecification\",\"valueRequired\":true,\"valueName\":\"search_term_string\"}}],\"inLanguage\":\"es\"},{\"@type\":\"Organization\",\"@id\":\"https:\\\/\\\/diariotextual.com\\\/inicio\\\/#organization\",\"name\":\"Diario Textual\",\"url\":\"https:\\\/\\\/diariotextual.com\\\/inicio\\\/\",\"logo\":{\"@type\":\"ImageObject\",\"inLanguage\":\"es\",\"@id\":\"https:\\\/\\\/diariotextual.com\\\/inicio\\\/#\\\/schema\\\/logo\\\/image\\\/\",\"url\":\"https:\\\/\\\/diariotextual.com\\\/inicio\\\/wp-content\\\/uploads\\\/2023\\\/05\\\/logotextual1.jpg\",\"contentUrl\":\"https:\\\/\\\/diariotextual.com\\\/inicio\\\/wp-content\\\/uploads\\\/2023\\\/05\\\/logotextual1.jpg\",\"width\":516,\"height\":76,\"caption\":\"Diario Textual\"},\"image\":{\"@id\":\"https:\\\/\\\/diariotextual.com\\\/inicio\\\/#\\\/schema\\\/logo\\\/image\\\/\"},\"sameAs\":[\"https:\\\/\\\/www.facebook.com\\\/eltextual\",\"https:\\\/\\\/x.com\\\/eltextual\",\"http:\\\/\\\/www.instagram.com\\\/eltextual\"]},{\"@type\":\"Person\",\"@id\":\"https:\\\/\\\/diariotextual.com\\\/inicio\\\/#\\\/schema\\\/person\\\/a1b6f563e0ee944c60f98119389a4d9f\",\"name\":\"diario3\",\"image\":{\"@type\":\"ImageObject\",\"inLanguage\":\"es\",\"@id\":\"https:\\\/\\\/secure.gravatar.com\\\/avatar\\\/5e7ee62c82fc04d9dd79d746a390d93c69c43223e5faeeb3ea9461ef752bfc5d?s=96&d=mm&r=g\",\"url\":\"https:\\\/\\\/secure.gravatar.com\\\/avatar\\\/5e7ee62c82fc04d9dd79d746a390d93c69c43223e5faeeb3ea9461ef752bfc5d?s=96&d=mm&r=g\",\"contentUrl\":\"https:\\\/\\\/secure.gravatar.com\\\/avatar\\\/5e7ee62c82fc04d9dd79d746a390d93c69c43223e5faeeb3ea9461ef752bfc5d?s=96&d=mm&r=g\",\"caption\":\"diario3\"},\"url\":\"https:\\\/\\\/diariotextual.com\\\/inicio\\\/index.php\\\/author\\\/diario3\\\/\"}]}<\/script>\n<!-- \/ Yoast SEO plugin. -->","yoast_head_json":{"title":"El Gobierno recurrir\u00e1 al \u201cper saltum\u201d a la Corte por el fallo de Chubut - Diario Textual","robots":{"index":"index","follow":"follow","max-snippet":"max-snippet:-1","max-image-preview":"max-image-preview:large","max-video-preview":"max-video-preview:-1"},"canonical":"https:\/\/diariotextual.com\/inicio\/index.php\/2024\/02\/28\/el-gobierno-recurrira-al-per-saltum-a-la-corte-por-el-fallo-de-chubut\/","og_locale":"es_ES","og_type":"article","og_title":"El Gobierno recurrir\u00e1 al \u201cper saltum\u201d a la Corte por el fallo de Chubut - Diario Textual","og_description":"El ministro de Justicia, Mariano C\u00faneo Libarona, adelant\u00f3 este mi\u00e9rcoles en Mendoza que el Gobierno que encabeza el presidente Javier Milei presentar\u00e1 \u201ca la brevedad\u201d un recurso de \u201cper saltum\u201d&hellip;","og_url":"https:\/\/diariotextual.com\/inicio\/index.php\/2024\/02\/28\/el-gobierno-recurrira-al-per-saltum-a-la-corte-por-el-fallo-de-chubut\/","og_site_name":"Diario Textual","article_publisher":"https:\/\/www.facebook.com\/eltextual","article_published_time":"2024-02-28T20:16:04+00:00","article_modified_time":"2024-02-29T09:33:42+00:00","og_image":[{"width":900,"height":609,"url":"https:\/\/diariotextual.com\/inicio\/wp-content\/uploads\/2024\/02\/cuneolibaronamariano2024.jpg","type":"image\/jpeg"}],"author":"diario3","twitter_card":"summary_large_image","twitter_creator":"@eltextual","twitter_site":"@eltextual","twitter_misc":{"Escrito por":"diario3","Tiempo de lectura":"3 minutos"},"schema":{"@context":"https:\/\/schema.org","@graph":[{"@type":"Article","@id":"https:\/\/diariotextual.com\/inicio\/index.php\/2024\/02\/28\/el-gobierno-recurrira-al-per-saltum-a-la-corte-por-el-fallo-de-chubut\/#article","isPartOf":{"@id":"https:\/\/diariotextual.com\/inicio\/index.php\/2024\/02\/28\/el-gobierno-recurrira-al-per-saltum-a-la-corte-por-el-fallo-de-chubut\/"},"author":{"name":"diario3","@id":"https:\/\/diariotextual.com\/inicio\/#\/schema\/person\/a1b6f563e0ee944c60f98119389a4d9f"},"headline":"El Gobierno recurrir\u00e1 al \u201cper saltum\u201d a la Corte por el fallo de Chubut","datePublished":"2024-02-28T20:16:04+00:00","dateModified":"2024-02-29T09:33:42+00:00","mainEntityOfPage":{"@id":"https:\/\/diariotextual.com\/inicio\/index.php\/2024\/02\/28\/el-gobierno-recurrira-al-per-saltum-a-la-corte-por-el-fallo-de-chubut\/"},"wordCount":527,"publisher":{"@id":"https:\/\/diariotextual.com\/inicio\/#organization"},"image":{"@id":"https:\/\/diariotextual.com\/inicio\/index.php\/2024\/02\/28\/el-gobierno-recurrira-al-per-saltum-a-la-corte-por-el-fallo-de-chubut\/#primaryimage"},"thumbnailUrl":"https:\/\/diariotextual.com\/inicio\/wp-content\/uploads\/2024\/02\/cuneolibaronamariano2024.jpg","keywords":["Chubut","milei"],"articleSection":["A - ES NOTICIA (van abajo)","POLITICA"],"inLanguage":"es"},{"@type":"WebPage","@id":"https:\/\/diariotextual.com\/inicio\/index.php\/2024\/02\/28\/el-gobierno-recurrira-al-per-saltum-a-la-corte-por-el-fallo-de-chubut\/","url":"https:\/\/diariotextual.com\/inicio\/index.php\/2024\/02\/28\/el-gobierno-recurrira-al-per-saltum-a-la-corte-por-el-fallo-de-chubut\/","name":"El Gobierno recurrir\u00e1 al \u201cper saltum\u201d a la Corte por el fallo de Chubut - Diario Textual","isPartOf":{"@id":"https:\/\/diariotextual.com\/inicio\/#website"},"primaryImageOfPage":{"@id":"https:\/\/diariotextual.com\/inicio\/index.php\/2024\/02\/28\/el-gobierno-recurrira-al-per-saltum-a-la-corte-por-el-fallo-de-chubut\/#primaryimage"},"image":{"@id":"https:\/\/diariotextual.com\/inicio\/index.php\/2024\/02\/28\/el-gobierno-recurrira-al-per-saltum-a-la-corte-por-el-fallo-de-chubut\/#primaryimage"},"thumbnailUrl":"https:\/\/diariotextual.com\/inicio\/wp-content\/uploads\/2024\/02\/cuneolibaronamariano2024.jpg","datePublished":"2024-02-28T20:16:04+00:00","dateModified":"2024-02-29T09:33:42+00:00","breadcrumb":{"@id":"https:\/\/diariotextual.com\/inicio\/index.php\/2024\/02\/28\/el-gobierno-recurrira-al-per-saltum-a-la-corte-por-el-fallo-de-chubut\/#breadcrumb"},"inLanguage":"es","potentialAction":[{"@type":"ReadAction","target":["https:\/\/diariotextual.com\/inicio\/index.php\/2024\/02\/28\/el-gobierno-recurrira-al-per-saltum-a-la-corte-por-el-fallo-de-chubut\/"]}]},{"@type":"ImageObject","inLanguage":"es","@id":"https:\/\/diariotextual.com\/inicio\/index.php\/2024\/02\/28\/el-gobierno-recurrira-al-per-saltum-a-la-corte-por-el-fallo-de-chubut\/#primaryimage","url":"https:\/\/diariotextual.com\/inicio\/wp-content\/uploads\/2024\/02\/cuneolibaronamariano2024.jpg","contentUrl":"https:\/\/diariotextual.com\/inicio\/wp-content\/uploads\/2024\/02\/cuneolibaronamariano2024.jpg","width":900,"height":609},{"@type":"BreadcrumbList","@id":"https:\/\/diariotextual.com\/inicio\/index.php\/2024\/02\/28\/el-gobierno-recurrira-al-per-saltum-a-la-corte-por-el-fallo-de-chubut\/#breadcrumb","itemListElement":[{"@type":"ListItem","position":1,"name":"Portada","item":"https:\/\/diariotextual.com\/inicio\/"},{"@type":"ListItem","position":2,"name":"El Gobierno recurrir\u00e1 al \u201cper saltum\u201d a la Corte por el fallo de Chubut"}]},{"@type":"WebSite","@id":"https:\/\/diariotextual.com\/inicio\/#website","url":"https:\/\/diariotextual.com\/inicio\/","name":"Diario Textual","description":"","publisher":{"@id":"https:\/\/diariotextual.com\/inicio\/#organization"},"potentialAction":[{"@type":"SearchAction","target":{"@type":"EntryPoint","urlTemplate":"https:\/\/diariotextual.com\/inicio\/?s={search_term_string}"},"query-input":{"@type":"PropertyValueSpecification","valueRequired":true,"valueName":"search_term_string"}}],"inLanguage":"es"},{"@type":"Organization","@id":"https:\/\/diariotextual.com\/inicio\/#organization","name":"Diario Textual","url":"https:\/\/diariotextual.com\/inicio\/","logo":{"@type":"ImageObject","inLanguage":"es","@id":"https:\/\/diariotextual.com\/inicio\/#\/schema\/logo\/image\/","url":"https:\/\/diariotextual.com\/inicio\/wp-content\/uploads\/2023\/05\/logotextual1.jpg","contentUrl":"https:\/\/diariotextual.com\/inicio\/wp-content\/uploads\/2023\/05\/logotextual1.jpg","width":516,"height":76,"caption":"Diario Textual"},"image":{"@id":"https:\/\/diariotextual.com\/inicio\/#\/schema\/logo\/image\/"},"sameAs":["https:\/\/www.facebook.com\/eltextual","https:\/\/x.com\/eltextual","http:\/\/www.instagram.com\/eltextual"]},{"@type":"Person","@id":"https:\/\/diariotextual.com\/inicio\/#\/schema\/person\/a1b6f563e0ee944c60f98119389a4d9f","name":"diario3","image":{"@type":"ImageObject","inLanguage":"es","@id":"https:\/\/secure.gravatar.com\/avatar\/5e7ee62c82fc04d9dd79d746a390d93c69c43223e5faeeb3ea9461ef752bfc5d?s=96&d=mm&r=g","url":"https:\/\/secure.gravatar.com\/avatar\/5e7ee62c82fc04d9dd79d746a390d93c69c43223e5faeeb3ea9461ef752bfc5d?s=96&d=mm&r=g","contentUrl":"https:\/\/secure.gravatar.com\/avatar\/5e7ee62c82fc04d9dd79d746a390d93c69c43223e5faeeb3ea9461ef752bfc5d?s=96&d=mm&r=g","caption":"diario3"},"url":"https:\/\/diariotextual.com\/inicio\/index.php\/author\/diario3\/"}]}},"_links":{"self":[{"href":"https:\/\/diariotextual.com\/inicio\/index.php\/wp-json\/wp\/v2\/posts\/255345","targetHints":{"allow":["GET"]}}],"collection":[{"href":"https:\/\/diariotextual.com\/inicio\/index.php\/wp-json\/wp\/v2\/posts"}],"about":[{"href":"https:\/\/diariotextual.com\/inicio\/index.php\/wp-json\/wp\/v2\/types\/post"}],"author":[{"embeddable":true,"href":"https:\/\/diariotextual.com\/inicio\/index.php\/wp-json\/wp\/v2\/users\/5"}],"replies":[{"embeddable":true,"href":"https:\/\/diariotextual.com\/inicio\/index.php\/wp-json\/wp\/v2\/comments?post=255345"}],"version-history":[{"count":1,"href":"https:\/\/diariotextual.com\/inicio\/index.php\/wp-json\/wp\/v2\/posts\/255345\/revisions"}],"predecessor-version":[{"id":255347,"href":"https:\/\/diariotextual.com\/inicio\/index.php\/wp-json\/wp\/v2\/posts\/255345\/revisions\/255347"}],"wp:featuredmedia":[{"embeddable":true,"href":"https:\/\/diariotextual.com\/inicio\/index.php\/wp-json\/wp\/v2\/media\/255346"}],"wp:attachment":[{"href":"https:\/\/diariotextual.com\/inicio\/index.php\/wp-json\/wp\/v2\/media?parent=255345"}],"wp:term":[{"taxonomy":"category","embeddable":true,"href":"https:\/\/diariotextual.com\/inicio\/index.php\/wp-json\/wp\/v2\/categories?post=255345"},{"taxonomy":"post_tag","embeddable":true,"href":"https:\/\/diariotextual.com\/inicio\/index.php\/wp-json\/wp\/v2\/tags?post=255345"}],"curies":[{"name":"wp","href":"https:\/\/api.w.org\/{rel}","templated":true}]}}