{"id":255392,"date":"2024-02-29T08:40:42","date_gmt":"2024-02-29T11:40:42","guid":{"rendered":"https:\/\/diariotextual.com\/inicio\/?p=255392"},"modified":"2024-02-29T10:47:12","modified_gmt":"2024-02-29T13:47:12","slug":"milei-hay-cero-posibilidades-de-que-se-produzca-un-levantamiento-social","status":"publish","type":"post","link":"https:\/\/diariotextual.com\/inicio\/index.php\/2024\/02\/29\/milei-hay-cero-posibilidades-de-que-se-produzca-un-levantamiento-social\/","title":{"rendered":"Milei: \u201cHay cero posibilidades de que se produzca un levantamiento social\u201d"},"content":{"rendered":"\n<p>El presidente <strong>Javier Milei<\/strong> expres\u00f3, en una entrevista al diario econ\u00f3mico ingl\u00e9s <strong>Financial Times<\/strong>, que insistir\u00e1 con las reformas que no pudo sacar todav\u00eda, sobre todo despu\u00e9s de 2025. <strong>\u201cEstoy haciendo lo que los libros dicen que debo hacer\u201d<\/strong>, dijo para defender su programa y asimismo descart\u00f3 un levantamiento social en medio de su gesti\u00f3n. Sin embargo marc\u00f3 una excepci\u00f3n en caso de que haya <strong>\u201cinfiltrados extranjeros\u201d<\/strong> en el pa\u00eds.<\/p>\n\n\n\n<p><strong>\u201cHay cero posibilidades de que se produzca un levantamiento social, a menos que haya un evento motivado desde la pol\u00edtica o [uno que involucre] a infiltrados extranjeros\u201d<\/strong>, expres\u00f3 el mandatario este jueves, a la vez que remarc\u00f3 que de la pobreza -que en el pa\u00eds lleg\u00f3 a m\u00e1s de 57% en enero, seg\u00fan la Universidad Cat\u00f3lica Argentina (UCA)- no se sale \u201cpor arte de magia\u201d sino con \u201ccapitalismo, ahorro y trabajo duro\u201d.<\/p>\n\n\n\n<p>Convencido de que con sus medidas evit\u00f3 la&nbsp;<strong>hiperinflaci\u00f3n&nbsp;<\/strong>en el pa\u00eds, como ya hizo otras veces Milei dijo que el objetivo es continuar con la baja en el indicador y terminar de limpiar el balance del Banco Central.<strong>&nbsp;\u201cUna vez que el Banco Central est\u00e9 limpio, planeamos levantar los controles cambiarios. El Fondo Monetario Internacional (FMI) estima que podr\u00edamos hacerlo a mitad de este a\u00f1o\u201d<\/strong>, insisti\u00f3, despu\u00e9s tambi\u00e9n de la reuni\u00f3n con la n\u00famero dos del organismo,&nbsp;<strong>Gita Gopinath<\/strong>, la semana pasada, y de que ayer el ministro de Econom\u00eda,&nbsp;<strong>Luis \u201cToto\u201d Caputo,<\/strong>&nbsp;se encontrara con la l\u00edder de la entidad que supervisa el acuerdo con la Argentina,&nbsp;<strong>Kristalina Georgieva.<\/strong><\/p>\n\n\n\n<p>Con la ley \u00f3mnibus ca\u00edda y mientras crece la expectativa sobre el discurso que dar\u00e1 ma\u00f1ana a la noche en la apertura del a\u00f1o legislativo, ya que gir\u00f3 duras cr\u00edticas sobre todo a los diputados en las \u00faltimas semanas, el presidente aclar\u00f3 que hay cambios que podr\u00e1 implementar por decreto, a trav\u00e9s de modificaciones en la aplicaci\u00f3n de ciertas leyes.\u00a0<strong>\u201cTodo eso lo haremos\u201d<\/strong>, adelant\u00f3.<\/p>\n\n\n\n<p><\/p>\n","protected":false},"excerpt":{"rendered":"<p>El presidente Javier Milei expres\u00f3, en una entrevista al diario econ\u00f3mico ingl\u00e9s Financial Times, que insistir\u00e1 con las reformas que no pudo sacar todav\u00eda, sobre todo despu\u00e9s de 2025. \u201cEstoy&hellip;<\/p>\n","protected":false},"author":3,"featured_media":252083,"comment_status":"closed","ping_status":"open","sticky":false,"template":"","format":"standard","meta":{"_acf_changed":false,"footnotes":""},"categories":[1,8],"tags":[],"class_list":["post-255392","post","type-post","status-publish","format-standard","has-post-thumbnail","hentry","category-es-noticia","category-politica"],"acf":[],"yoast_head":"<!-- This site is optimized with the Yoast SEO plugin v27.5 - https:\/\/yoast.com\/product\/yoast-seo-wordpress\/ -->\n<title>Milei: \u201cHay cero posibilidades de que se produzca un levantamiento social\u201d - Diario Textual<\/title>\n<meta name=\"robots\" content=\"index, follow, max-snippet:-1, max-image-preview:large, max-video-preview:-1\" \/>\n<link rel=\"canonical\" href=\"https:\/\/diariotextual.com\/inicio\/index.php\/2024\/02\/29\/milei-hay-cero-posibilidades-de-que-se-produzca-un-levantamiento-social\/\" \/>\n<meta property=\"og:locale\" content=\"es_ES\" \/>\n<meta property=\"og:type\" content=\"article\" \/>\n<meta property=\"og:title\" content=\"Milei: \u201cHay cero posibilidades de que se produzca un levantamiento social\u201d - Diario Textual\" \/>\n<meta property=\"og:description\" content=\"El presidente Javier Milei expres\u00f3, en una entrevista al diario econ\u00f3mico ingl\u00e9s Financial Times, que insistir\u00e1 con las reformas que no pudo sacar todav\u00eda, sobre todo despu\u00e9s de 2025. \u201cEstoy&hellip;\" \/>\n<meta property=\"og:url\" content=\"https:\/\/diariotextual.com\/inicio\/index.php\/2024\/02\/29\/milei-hay-cero-posibilidades-de-que-se-produzca-un-levantamiento-social\/\" \/>\n<meta property=\"og:site_name\" content=\"Diario Textual\" \/>\n<meta property=\"article:publisher\" content=\"https:\/\/www.facebook.com\/eltextual\" \/>\n<meta property=\"article:published_time\" content=\"2024-02-29T11:40:42+00:00\" \/>\n<meta property=\"article:modified_time\" content=\"2024-02-29T13:47:12+00:00\" \/>\n<meta property=\"og:image\" content=\"https:\/\/diariotextual.com\/inicio\/wp-content\/uploads\/2024\/01\/mileijavier2024-55544.jpg\" \/>\n\t<meta property=\"og:image:width\" content=\"1139\" \/>\n\t<meta property=\"og:image:height\" content=\"720\" \/>\n\t<meta property=\"og:image:type\" content=\"image\/jpeg\" \/>\n<meta name=\"author\" content=\"Diario1 Diario1\" \/>\n<meta name=\"twitter:card\" content=\"summary_large_image\" \/>\n<meta name=\"twitter:creator\" content=\"@eltextual\" \/>\n<meta name=\"twitter:site\" content=\"@eltextual\" \/>\n<meta name=\"twitter:label1\" content=\"Escrito por\" \/>\n\t<meta name=\"twitter:data1\" content=\"Diario1 Diario1\" \/>\n\t<meta name=\"twitter:label2\" content=\"Tiempo de lectura\" \/>\n\t<meta name=\"twitter:data2\" content=\"2 minutos\" \/>\n<script type=\"application\/ld+json\" class=\"yoast-schema-graph\">{\"@context\":\"https:\\\/\\\/schema.org\",\"@graph\":[{\"@type\":\"Article\",\"@id\":\"https:\\\/\\\/diariotextual.com\\\/inicio\\\/index.php\\\/2024\\\/02\\\/29\\\/milei-hay-cero-posibilidades-de-que-se-produzca-un-levantamiento-social\\\/#article\",\"isPartOf\":{\"@id\":\"https:\\\/\\\/diariotextual.com\\\/inicio\\\/index.php\\\/2024\\\/02\\\/29\\\/milei-hay-cero-posibilidades-de-que-se-produzca-un-levantamiento-social\\\/\"},\"author\":{\"name\":\"Diario1 Diario1\",\"@id\":\"https:\\\/\\\/diariotextual.com\\\/inicio\\\/#\\\/schema\\\/person\\\/418fc4093c33e86ed41562db3508f958\"},\"headline\":\"Milei: \u201cHay cero posibilidades de que se produzca un levantamiento social\u201d\",\"datePublished\":\"2024-02-29T11:40:42+00:00\",\"dateModified\":\"2024-02-29T13:47:12+00:00\",\"mainEntityOfPage\":{\"@id\":\"https:\\\/\\\/diariotextual.com\\\/inicio\\\/index.php\\\/2024\\\/02\\\/29\\\/milei-hay-cero-posibilidades-de-que-se-produzca-un-levantamiento-social\\\/\"},\"wordCount\":363,\"publisher\":{\"@id\":\"https:\\\/\\\/diariotextual.com\\\/inicio\\\/#organization\"},\"image\":{\"@id\":\"https:\\\/\\\/diariotextual.com\\\/inicio\\\/index.php\\\/2024\\\/02\\\/29\\\/milei-hay-cero-posibilidades-de-que-se-produzca-un-levantamiento-social\\\/#primaryimage\"},\"thumbnailUrl\":\"https:\\\/\\\/diariotextual.com\\\/inicio\\\/wp-content\\\/uploads\\\/2024\\\/01\\\/mileijavier2024-55544.jpg\",\"articleSection\":[\"A - ES NOTICIA (van abajo)\",\"POLITICA\"],\"inLanguage\":\"es\"},{\"@type\":\"WebPage\",\"@id\":\"https:\\\/\\\/diariotextual.com\\\/inicio\\\/index.php\\\/2024\\\/02\\\/29\\\/milei-hay-cero-posibilidades-de-que-se-produzca-un-levantamiento-social\\\/\",\"url\":\"https:\\\/\\\/diariotextual.com\\\/inicio\\\/index.php\\\/2024\\\/02\\\/29\\\/milei-hay-cero-posibilidades-de-que-se-produzca-un-levantamiento-social\\\/\",\"name\":\"Milei: \u201cHay cero posibilidades de que se produzca un levantamiento social\u201d - Diario Textual\",\"isPartOf\":{\"@id\":\"https:\\\/\\\/diariotextual.com\\\/inicio\\\/#website\"},\"primaryImageOfPage\":{\"@id\":\"https:\\\/\\\/diariotextual.com\\\/inicio\\\/index.php\\\/2024\\\/02\\\/29\\\/milei-hay-cero-posibilidades-de-que-se-produzca-un-levantamiento-social\\\/#primaryimage\"},\"image\":{\"@id\":\"https:\\\/\\\/diariotextual.com\\\/inicio\\\/index.php\\\/2024\\\/02\\\/29\\\/milei-hay-cero-posibilidades-de-que-se-produzca-un-levantamiento-social\\\/#primaryimage\"},\"thumbnailUrl\":\"https:\\\/\\\/diariotextual.com\\\/inicio\\\/wp-content\\\/uploads\\\/2024\\\/01\\\/mileijavier2024-55544.jpg\",\"datePublished\":\"2024-02-29T11:40:42+00:00\",\"dateModified\":\"2024-02-29T13:47:12+00:00\",\"breadcrumb\":{\"@id\":\"https:\\\/\\\/diariotextual.com\\\/inicio\\\/index.php\\\/2024\\\/02\\\/29\\\/milei-hay-cero-posibilidades-de-que-se-produzca-un-levantamiento-social\\\/#breadcrumb\"},\"inLanguage\":\"es\",\"potentialAction\":[{\"@type\":\"ReadAction\",\"target\":[\"https:\\\/\\\/diariotextual.com\\\/inicio\\\/index.php\\\/2024\\\/02\\\/29\\\/milei-hay-cero-posibilidades-de-que-se-produzca-un-levantamiento-social\\\/\"]}]},{\"@type\":\"ImageObject\",\"inLanguage\":\"es\",\"@id\":\"https:\\\/\\\/diariotextual.com\\\/inicio\\\/index.php\\\/2024\\\/02\\\/29\\\/milei-hay-cero-posibilidades-de-que-se-produzca-un-levantamiento-social\\\/#primaryimage\",\"url\":\"https:\\\/\\\/diariotextual.com\\\/inicio\\\/wp-content\\\/uploads\\\/2024\\\/01\\\/mileijavier2024-55544.jpg\",\"contentUrl\":\"https:\\\/\\\/diariotextual.com\\\/inicio\\\/wp-content\\\/uploads\\\/2024\\\/01\\\/mileijavier2024-55544.jpg\",\"width\":1139,\"height\":720},{\"@type\":\"BreadcrumbList\",\"@id\":\"https:\\\/\\\/diariotextual.com\\\/inicio\\\/index.php\\\/2024\\\/02\\\/29\\\/milei-hay-cero-posibilidades-de-que-se-produzca-un-levantamiento-social\\\/#breadcrumb\",\"itemListElement\":[{\"@type\":\"ListItem\",\"position\":1,\"name\":\"Portada\",\"item\":\"https:\\\/\\\/diariotextual.com\\\/inicio\\\/\"},{\"@type\":\"ListItem\",\"position\":2,\"name\":\"Milei: \u201cHay cero posibilidades de que se produzca un levantamiento social\u201d\"}]},{\"@type\":\"WebSite\",\"@id\":\"https:\\\/\\\/diariotextual.com\\\/inicio\\\/#website\",\"url\":\"https:\\\/\\\/diariotextual.com\\\/inicio\\\/\",\"name\":\"Diario Textual\",\"description\":\"\",\"publisher\":{\"@id\":\"https:\\\/\\\/diariotextual.com\\\/inicio\\\/#organization\"},\"potentialAction\":[{\"@type\":\"SearchAction\",\"target\":{\"@type\":\"EntryPoint\",\"urlTemplate\":\"https:\\\/\\\/diariotextual.com\\\/inicio\\\/?s={search_term_string}\"},\"query-input\":{\"@type\":\"PropertyValueSpecification\",\"valueRequired\":true,\"valueName\":\"search_term_string\"}}],\"inLanguage\":\"es\"},{\"@type\":\"Organization\",\"@id\":\"https:\\\/\\\/diariotextual.com\\\/inicio\\\/#organization\",\"name\":\"Diario Textual\",\"url\":\"https:\\\/\\\/diariotextual.com\\\/inicio\\\/\",\"logo\":{\"@type\":\"ImageObject\",\"inLanguage\":\"es\",\"@id\":\"https:\\\/\\\/diariotextual.com\\\/inicio\\\/#\\\/schema\\\/logo\\\/image\\\/\",\"url\":\"https:\\\/\\\/diariotextual.com\\\/inicio\\\/wp-content\\\/uploads\\\/2023\\\/05\\\/logotextual1.jpg\",\"contentUrl\":\"https:\\\/\\\/diariotextual.com\\\/inicio\\\/wp-content\\\/uploads\\\/2023\\\/05\\\/logotextual1.jpg\",\"width\":516,\"height\":76,\"caption\":\"Diario Textual\"},\"image\":{\"@id\":\"https:\\\/\\\/diariotextual.com\\\/inicio\\\/#\\\/schema\\\/logo\\\/image\\\/\"},\"sameAs\":[\"https:\\\/\\\/www.facebook.com\\\/eltextual\",\"https:\\\/\\\/x.com\\\/eltextual\",\"http:\\\/\\\/www.instagram.com\\\/eltextual\"]},{\"@type\":\"Person\",\"@id\":\"https:\\\/\\\/diariotextual.com\\\/inicio\\\/#\\\/schema\\\/person\\\/418fc4093c33e86ed41562db3508f958\",\"name\":\"Diario1 Diario1\",\"image\":{\"@type\":\"ImageObject\",\"inLanguage\":\"es\",\"@id\":\"https:\\\/\\\/secure.gravatar.com\\\/avatar\\\/9167d280179c85bc18be67aa7eda765854300033af4896dd779b608640f2ef7a?s=96&d=mm&r=g\",\"url\":\"https:\\\/\\\/secure.gravatar.com\\\/avatar\\\/9167d280179c85bc18be67aa7eda765854300033af4896dd779b608640f2ef7a?s=96&d=mm&r=g\",\"contentUrl\":\"https:\\\/\\\/secure.gravatar.com\\\/avatar\\\/9167d280179c85bc18be67aa7eda765854300033af4896dd779b608640f2ef7a?s=96&d=mm&r=g\",\"caption\":\"Diario1 Diario1\"},\"url\":\"https:\\\/\\\/diariotextual.com\\\/inicio\\\/index.php\\\/author\\\/diario1\\\/\"}]}<\/script>\n<!-- \/ Yoast SEO plugin. -->","yoast_head_json":{"title":"Milei: \u201cHay cero posibilidades de que se produzca un levantamiento social\u201d - Diario Textual","robots":{"index":"index","follow":"follow","max-snippet":"max-snippet:-1","max-image-preview":"max-image-preview:large","max-video-preview":"max-video-preview:-1"},"canonical":"https:\/\/diariotextual.com\/inicio\/index.php\/2024\/02\/29\/milei-hay-cero-posibilidades-de-que-se-produzca-un-levantamiento-social\/","og_locale":"es_ES","og_type":"article","og_title":"Milei: \u201cHay cero posibilidades de que se produzca un levantamiento social\u201d - Diario Textual","og_description":"El presidente Javier Milei expres\u00f3, en una entrevista al diario econ\u00f3mico ingl\u00e9s Financial Times, que insistir\u00e1 con las reformas que no pudo sacar todav\u00eda, sobre todo despu\u00e9s de 2025. \u201cEstoy&hellip;","og_url":"https:\/\/diariotextual.com\/inicio\/index.php\/2024\/02\/29\/milei-hay-cero-posibilidades-de-que-se-produzca-un-levantamiento-social\/","og_site_name":"Diario Textual","article_publisher":"https:\/\/www.facebook.com\/eltextual","article_published_time":"2024-02-29T11:40:42+00:00","article_modified_time":"2024-02-29T13:47:12+00:00","og_image":[{"width":1139,"height":720,"url":"https:\/\/diariotextual.com\/inicio\/wp-content\/uploads\/2024\/01\/mileijavier2024-55544.jpg","type":"image\/jpeg"}],"author":"Diario1 Diario1","twitter_card":"summary_large_image","twitter_creator":"@eltextual","twitter_site":"@eltextual","twitter_misc":{"Escrito por":"Diario1 Diario1","Tiempo de lectura":"2 minutos"},"schema":{"@context":"https:\/\/schema.org","@graph":[{"@type":"Article","@id":"https:\/\/diariotextual.com\/inicio\/index.php\/2024\/02\/29\/milei-hay-cero-posibilidades-de-que-se-produzca-un-levantamiento-social\/#article","isPartOf":{"@id":"https:\/\/diariotextual.com\/inicio\/index.php\/2024\/02\/29\/milei-hay-cero-posibilidades-de-que-se-produzca-un-levantamiento-social\/"},"author":{"name":"Diario1 Diario1","@id":"https:\/\/diariotextual.com\/inicio\/#\/schema\/person\/418fc4093c33e86ed41562db3508f958"},"headline":"Milei: \u201cHay cero posibilidades de que se produzca un levantamiento social\u201d","datePublished":"2024-02-29T11:40:42+00:00","dateModified":"2024-02-29T13:47:12+00:00","mainEntityOfPage":{"@id":"https:\/\/diariotextual.com\/inicio\/index.php\/2024\/02\/29\/milei-hay-cero-posibilidades-de-que-se-produzca-un-levantamiento-social\/"},"wordCount":363,"publisher":{"@id":"https:\/\/diariotextual.com\/inicio\/#organization"},"image":{"@id":"https:\/\/diariotextual.com\/inicio\/index.php\/2024\/02\/29\/milei-hay-cero-posibilidades-de-que-se-produzca-un-levantamiento-social\/#primaryimage"},"thumbnailUrl":"https:\/\/diariotextual.com\/inicio\/wp-content\/uploads\/2024\/01\/mileijavier2024-55544.jpg","articleSection":["A - ES NOTICIA (van abajo)","POLITICA"],"inLanguage":"es"},{"@type":"WebPage","@id":"https:\/\/diariotextual.com\/inicio\/index.php\/2024\/02\/29\/milei-hay-cero-posibilidades-de-que-se-produzca-un-levantamiento-social\/","url":"https:\/\/diariotextual.com\/inicio\/index.php\/2024\/02\/29\/milei-hay-cero-posibilidades-de-que-se-produzca-un-levantamiento-social\/","name":"Milei: \u201cHay cero posibilidades de que se produzca un levantamiento social\u201d - Diario Textual","isPartOf":{"@id":"https:\/\/diariotextual.com\/inicio\/#website"},"primaryImageOfPage":{"@id":"https:\/\/diariotextual.com\/inicio\/index.php\/2024\/02\/29\/milei-hay-cero-posibilidades-de-que-se-produzca-un-levantamiento-social\/#primaryimage"},"image":{"@id":"https:\/\/diariotextual.com\/inicio\/index.php\/2024\/02\/29\/milei-hay-cero-posibilidades-de-que-se-produzca-un-levantamiento-social\/#primaryimage"},"thumbnailUrl":"https:\/\/diariotextual.com\/inicio\/wp-content\/uploads\/2024\/01\/mileijavier2024-55544.jpg","datePublished":"2024-02-29T11:40:42+00:00","dateModified":"2024-02-29T13:47:12+00:00","breadcrumb":{"@id":"https:\/\/diariotextual.com\/inicio\/index.php\/2024\/02\/29\/milei-hay-cero-posibilidades-de-que-se-produzca-un-levantamiento-social\/#breadcrumb"},"inLanguage":"es","potentialAction":[{"@type":"ReadAction","target":["https:\/\/diariotextual.com\/inicio\/index.php\/2024\/02\/29\/milei-hay-cero-posibilidades-de-que-se-produzca-un-levantamiento-social\/"]}]},{"@type":"ImageObject","inLanguage":"es","@id":"https:\/\/diariotextual.com\/inicio\/index.php\/2024\/02\/29\/milei-hay-cero-posibilidades-de-que-se-produzca-un-levantamiento-social\/#primaryimage","url":"https:\/\/diariotextual.com\/inicio\/wp-content\/uploads\/2024\/01\/mileijavier2024-55544.jpg","contentUrl":"https:\/\/diariotextual.com\/inicio\/wp-content\/uploads\/2024\/01\/mileijavier2024-55544.jpg","width":1139,"height":720},{"@type":"BreadcrumbList","@id":"https:\/\/diariotextual.com\/inicio\/index.php\/2024\/02\/29\/milei-hay-cero-posibilidades-de-que-se-produzca-un-levantamiento-social\/#breadcrumb","itemListElement":[{"@type":"ListItem","position":1,"name":"Portada","item":"https:\/\/diariotextual.com\/inicio\/"},{"@type":"ListItem","position":2,"name":"Milei: \u201cHay cero posibilidades de que se produzca un levantamiento social\u201d"}]},{"@type":"WebSite","@id":"https:\/\/diariotextual.com\/inicio\/#website","url":"https:\/\/diariotextual.com\/inicio\/","name":"Diario Textual","description":"","publisher":{"@id":"https:\/\/diariotextual.com\/inicio\/#organization"},"potentialAction":[{"@type":"SearchAction","target":{"@type":"EntryPoint","urlTemplate":"https:\/\/diariotextual.com\/inicio\/?s={search_term_string}"},"query-input":{"@type":"PropertyValueSpecification","valueRequired":true,"valueName":"search_term_string"}}],"inLanguage":"es"},{"@type":"Organization","@id":"https:\/\/diariotextual.com\/inicio\/#organization","name":"Diario Textual","url":"https:\/\/diariotextual.com\/inicio\/","logo":{"@type":"ImageObject","inLanguage":"es","@id":"https:\/\/diariotextual.com\/inicio\/#\/schema\/logo\/image\/","url":"https:\/\/diariotextual.com\/inicio\/wp-content\/uploads\/2023\/05\/logotextual1.jpg","contentUrl":"https:\/\/diariotextual.com\/inicio\/wp-content\/uploads\/2023\/05\/logotextual1.jpg","width":516,"height":76,"caption":"Diario Textual"},"image":{"@id":"https:\/\/diariotextual.com\/inicio\/#\/schema\/logo\/image\/"},"sameAs":["https:\/\/www.facebook.com\/eltextual","https:\/\/x.com\/eltextual","http:\/\/www.instagram.com\/eltextual"]},{"@type":"Person","@id":"https:\/\/diariotextual.com\/inicio\/#\/schema\/person\/418fc4093c33e86ed41562db3508f958","name":"Diario1 Diario1","image":{"@type":"ImageObject","inLanguage":"es","@id":"https:\/\/secure.gravatar.com\/avatar\/9167d280179c85bc18be67aa7eda765854300033af4896dd779b608640f2ef7a?s=96&d=mm&r=g","url":"https:\/\/secure.gravatar.com\/avatar\/9167d280179c85bc18be67aa7eda765854300033af4896dd779b608640f2ef7a?s=96&d=mm&r=g","contentUrl":"https:\/\/secure.gravatar.com\/avatar\/9167d280179c85bc18be67aa7eda765854300033af4896dd779b608640f2ef7a?s=96&d=mm&r=g","caption":"Diario1 Diario1"},"url":"https:\/\/diariotextual.com\/inicio\/index.php\/author\/diario1\/"}]}},"_links":{"self":[{"href":"https:\/\/diariotextual.com\/inicio\/index.php\/wp-json\/wp\/v2\/posts\/255392","targetHints":{"allow":["GET"]}}],"collection":[{"href":"https:\/\/diariotextual.com\/inicio\/index.php\/wp-json\/wp\/v2\/posts"}],"about":[{"href":"https:\/\/diariotextual.com\/inicio\/index.php\/wp-json\/wp\/v2\/types\/post"}],"author":[{"embeddable":true,"href":"https:\/\/diariotextual.com\/inicio\/index.php\/wp-json\/wp\/v2\/users\/3"}],"replies":[{"embeddable":true,"href":"https:\/\/diariotextual.com\/inicio\/index.php\/wp-json\/wp\/v2\/comments?post=255392"}],"version-history":[{"count":1,"href":"https:\/\/diariotextual.com\/inicio\/index.php\/wp-json\/wp\/v2\/posts\/255392\/revisions"}],"predecessor-version":[{"id":255393,"href":"https:\/\/diariotextual.com\/inicio\/index.php\/wp-json\/wp\/v2\/posts\/255392\/revisions\/255393"}],"wp:featuredmedia":[{"embeddable":true,"href":"https:\/\/diariotextual.com\/inicio\/index.php\/wp-json\/wp\/v2\/media\/252083"}],"wp:attachment":[{"href":"https:\/\/diariotextual.com\/inicio\/index.php\/wp-json\/wp\/v2\/media?parent=255392"}],"wp:term":[{"taxonomy":"category","embeddable":true,"href":"https:\/\/diariotextual.com\/inicio\/index.php\/wp-json\/wp\/v2\/categories?post=255392"},{"taxonomy":"post_tag","embeddable":true,"href":"https:\/\/diariotextual.com\/inicio\/index.php\/wp-json\/wp\/v2\/tags?post=255392"}],"curies":[{"name":"wp","href":"https:\/\/api.w.org\/{rel}","templated":true}]}}