{"id":255477,"date":"2024-03-01T06:31:59","date_gmt":"2024-03-01T09:31:59","guid":{"rendered":"https:\/\/diariotextual.com\/inicio\/?p=255477"},"modified":"2024-03-01T12:26:16","modified_gmt":"2024-03-01T15:26:16","slug":"ziliotto-va-a-la-legislatura-un-discurso-de-resistencia-al-ajuste-y-al-apriete-de-milei","status":"publish","type":"post","link":"https:\/\/diariotextual.com\/inicio\/index.php\/2024\/03\/01\/ziliotto-va-a-la-legislatura-un-discurso-de-resistencia-al-ajuste-y-al-apriete-de-milei\/","title":{"rendered":"Ziliotto va a la Legislatura: un discurso de resistencia al ajuste y al apriete de Milei"},"content":{"rendered":"\n<p>El gobernador<strong> Sergio Ziliotto<\/strong> inaugurar\u00e1 este mediod\u00eda las sesiones de la <strong>C\u00e1mara de Diputados <\/strong>y, en su discurso, <strong>dar\u00e1 a conocer los principales ejes de su gesti\u00f3n para 2024<\/strong>, en el medio de un <strong>feroz ajuste, el fin de las obras p\u00fablicas nacionales y el corte de env\u00edo de fondos<\/strong> por parte del Gobierno del presidente <strong>Javier Milei. <\/strong>En un ajuste m\u00e1s importante de lo esperado,<strong> insistir\u00e1 en la resistencia: revalorizaci\u00f3n del federalismo y garantizar los servicios de Salud, Educaci\u00f3n y Seguridad, m\u00e1s un plato de comida a los sectores vulnerables.<\/strong><\/p>\n\n\n\n<p>La sesi\u00f3n fue convocada por la vicegobernadora y presidenta de la Legislatura, <strong>Alicia Mayoral<\/strong>, para las 11 horas. El discurso de Ziliotto se espera que comience a las 12 horas.<\/p>\n\n\n\n<p>Las autoridades pampeanas tuvieron que modificar el horario habitual de la apertura de sesiones (que se hac\u00edan por la tarde), a ra\u00edz de que Ziliotto viajar\u00e1 a la Asamblea Legislativa, donde<strong> se descuenta que Milei haga un explosivo discurso.<\/strong><\/p>\n\n\n\n<p>Fuentes de Casa de Gobierno dijeron a<strong> Diario Textual<\/strong> que se espera que, en su discurso, Ziliotto<strong> haga una fuerte defensa de los intereses de la provincia y de resistencia al ajuste que plantea el Gobierno<\/strong> <strong>de Milei.<\/strong> Adem\u00e1s<strong>, en medio de la agresi\u00f3n y el ataque del libertario a los gobernadores y legisladores, reiterar\u00e1 la llamada al di\u00e1logo.<\/strong><\/p>\n\n\n\n<p>El mandatario -uno de los l\u00edderes de la <strong>resistencia de los gobernadores de la Patagonia<\/strong>, que se plant\u00f3 recientemente ante el libertario- <strong>se golpear\u00e1 el pecho con que La Pampa no se encuentra endeudada<\/strong>, lo que le otorga una independencia econ\u00f3mica y, por ende,<strong> soberan\u00eda pol\u00edtica.<\/strong> De todas maneras, marcar\u00e1 una senda de<strong> cautela en el manejo de los n\u00fameros.<\/strong><\/p>\n\n\n\n<p><br>Insistir\u00e1 con que<strong> el ajuste no es el camino<\/strong>: entre 2019 y 2023 creci\u00f3 la econom\u00eda pampeana y se crearon 6 mil empleos privados registrados.<\/p>\n\n\n\n<p><br>Ziliotto resaltar\u00e1 que en La Pampa hay <strong>\u201cun Estado ordenador, presente y eficiente\u201d <\/strong>y que es necesario mantener los servicios escenciales.<\/p>\n\n\n\n<p><br>El mandatario cuestionar\u00e1 al l\u00edder libertario por cortar el financiamiento de las obras p\u00fablicas, que ya han dejado sin licitar decenas de obras p\u00fablicas en los pueblos e incluso han frenado proyectos en marcha: los barrios de 600 casas del Procrear en Santa Rosa, Pico y Toay; la Traves\u00eda Urbana de Acha; y el Acueducto del Colorado Norte.<\/p>\n\n\n\n<p><br>Tambi\u00e9n <strong>contar\u00e1 c\u00f3mo afectar\u00e1 al Estado pampeano y a sus ciudadanos el recorte de fondos<\/strong> -por la menor recaudaci\u00f3n y la poda del env\u00edo de fondos discrecionales y la eliminaci\u00f3n del Fondo Compensador del Transporte y del Fondo de Incentivo Docente. Adem\u00e1s alertar\u00e1 por la multimillonaria deuda de Naci\u00f3n  por las cajas previsionales.<\/p>\n\n\n\n<p><br>En otro cap\u00edtulo, resaltar\u00e1 la necesidad de voltear el mega DNU, que han puesto operativo el ajuste en decenas de \u00e1reas. Tambi\u00e9n de la necesidad de poner un freno a las iniciativas de llamada Ley Bases o ley \u00f3mnibus.<\/p>\n\n\n\n<p>En este panorama negro, <strong>remarcar\u00e1 que en 2024 intentar\u00e1 acompa\u00f1ar los salarios de los estatales; mantener la obra p\u00fablica provincial; seguir la l\u00ednea del trabajo en sinergia entre Estado y sector privado; y la alianza estrat\u00e9gica con las cooperativas y la Universidad Nacional de La Pampa (UNLPam).<\/strong><\/p>\n\n\n\n<p>Ziliotto, adem\u00e1s, blanquear\u00e1 que la ayuda a los sectores productivos -como los cr\u00e9ditos- ser\u00e1n menores a los de a\u00f1os anteriores.<\/p>\n\n\n\n<p><\/p>\n\n\n\n<p><\/p>\n\n\n\n<p><\/p>\n","protected":false},"excerpt":{"rendered":"<p>El gobernador Sergio Ziliotto inaugurar\u00e1 este mediod\u00eda las sesiones de la C\u00e1mara de Diputados y, en su discurso, dar\u00e1 a conocer los principales ejes de su gesti\u00f3n para 2024, en&hellip;<\/p>\n","protected":false},"author":3,"featured_media":217612,"comment_status":"closed","ping_status":"open","sticky":false,"template":"","format":"standard","meta":{"_acf_changed":false,"footnotes":""},"categories":[8],"tags":[],"class_list":["post-255477","post","type-post","status-publish","format-standard","has-post-thumbnail","hentry","category-politica"],"acf":[],"yoast_head":"<!-- This site is optimized with the Yoast SEO plugin v27.5 - https:\/\/yoast.com\/product\/yoast-seo-wordpress\/ -->\n<title>Ziliotto va a la Legislatura: un discurso de resistencia al ajuste y al apriete de Milei - Diario Textual<\/title>\n<meta name=\"robots\" content=\"index, follow, max-snippet:-1, max-image-preview:large, max-video-preview:-1\" \/>\n<link rel=\"canonical\" href=\"https:\/\/diariotextual.com\/inicio\/index.php\/2024\/03\/01\/ziliotto-va-a-la-legislatura-un-discurso-de-resistencia-al-ajuste-y-al-apriete-de-milei\/\" \/>\n<meta property=\"og:locale\" content=\"es_ES\" \/>\n<meta property=\"og:type\" content=\"article\" \/>\n<meta property=\"og:title\" content=\"Ziliotto va a la Legislatura: un discurso de resistencia al ajuste y al apriete de Milei - Diario Textual\" \/>\n<meta property=\"og:description\" content=\"El gobernador Sergio Ziliotto inaugurar\u00e1 este mediod\u00eda las sesiones de la C\u00e1mara de Diputados y, en su discurso, dar\u00e1 a conocer los principales ejes de su gesti\u00f3n para 2024, en&hellip;\" \/>\n<meta property=\"og:url\" content=\"https:\/\/diariotextual.com\/inicio\/index.php\/2024\/03\/01\/ziliotto-va-a-la-legislatura-un-discurso-de-resistencia-al-ajuste-y-al-apriete-de-milei\/\" \/>\n<meta property=\"og:site_name\" content=\"Diario Textual\" \/>\n<meta property=\"article:publisher\" content=\"https:\/\/www.facebook.com\/eltextual\" \/>\n<meta property=\"article:published_time\" content=\"2024-03-01T09:31:59+00:00\" \/>\n<meta property=\"article:modified_time\" content=\"2024-03-01T15:26:16+00:00\" \/>\n<meta property=\"og:image\" content=\"https:\/\/diariotextual.com\/inicio\/wp-content\/uploads\/2023\/03\/ziliottosergiodiputadossesiones2023-3.jpg\" \/>\n\t<meta property=\"og:image:width\" content=\"1599\" \/>\n\t<meta property=\"og:image:height\" content=\"1200\" \/>\n\t<meta property=\"og:image:type\" content=\"image\/jpeg\" \/>\n<meta name=\"author\" content=\"Diario1 Diario1\" \/>\n<meta name=\"twitter:card\" content=\"summary_large_image\" \/>\n<meta name=\"twitter:creator\" content=\"@eltextual\" \/>\n<meta name=\"twitter:site\" content=\"@eltextual\" \/>\n<meta name=\"twitter:label1\" content=\"Escrito por\" \/>\n\t<meta name=\"twitter:data1\" content=\"Diario1 Diario1\" \/>\n\t<meta name=\"twitter:label2\" content=\"Tiempo de lectura\" \/>\n\t<meta name=\"twitter:data2\" content=\"3 minutos\" \/>\n<script type=\"application\/ld+json\" class=\"yoast-schema-graph\">{\"@context\":\"https:\\\/\\\/schema.org\",\"@graph\":[{\"@type\":\"Article\",\"@id\":\"https:\\\/\\\/diariotextual.com\\\/inicio\\\/index.php\\\/2024\\\/03\\\/01\\\/ziliotto-va-a-la-legislatura-un-discurso-de-resistencia-al-ajuste-y-al-apriete-de-milei\\\/#article\",\"isPartOf\":{\"@id\":\"https:\\\/\\\/diariotextual.com\\\/inicio\\\/index.php\\\/2024\\\/03\\\/01\\\/ziliotto-va-a-la-legislatura-un-discurso-de-resistencia-al-ajuste-y-al-apriete-de-milei\\\/\"},\"author\":{\"name\":\"Diario1 Diario1\",\"@id\":\"https:\\\/\\\/diariotextual.com\\\/inicio\\\/#\\\/schema\\\/person\\\/418fc4093c33e86ed41562db3508f958\"},\"headline\":\"Ziliotto va a la Legislatura: un discurso de resistencia al ajuste y al apriete de Milei\",\"datePublished\":\"2024-03-01T09:31:59+00:00\",\"dateModified\":\"2024-03-01T15:26:16+00:00\",\"mainEntityOfPage\":{\"@id\":\"https:\\\/\\\/diariotextual.com\\\/inicio\\\/index.php\\\/2024\\\/03\\\/01\\\/ziliotto-va-a-la-legislatura-un-discurso-de-resistencia-al-ajuste-y-al-apriete-de-milei\\\/\"},\"wordCount\":592,\"publisher\":{\"@id\":\"https:\\\/\\\/diariotextual.com\\\/inicio\\\/#organization\"},\"image\":{\"@id\":\"https:\\\/\\\/diariotextual.com\\\/inicio\\\/index.php\\\/2024\\\/03\\\/01\\\/ziliotto-va-a-la-legislatura-un-discurso-de-resistencia-al-ajuste-y-al-apriete-de-milei\\\/#primaryimage\"},\"thumbnailUrl\":\"https:\\\/\\\/diariotextual.com\\\/inicio\\\/wp-content\\\/uploads\\\/2023\\\/03\\\/ziliottosergiodiputadossesiones2023-3.jpg\",\"articleSection\":[\"POLITICA\"],\"inLanguage\":\"es\"},{\"@type\":\"WebPage\",\"@id\":\"https:\\\/\\\/diariotextual.com\\\/inicio\\\/index.php\\\/2024\\\/03\\\/01\\\/ziliotto-va-a-la-legislatura-un-discurso-de-resistencia-al-ajuste-y-al-apriete-de-milei\\\/\",\"url\":\"https:\\\/\\\/diariotextual.com\\\/inicio\\\/index.php\\\/2024\\\/03\\\/01\\\/ziliotto-va-a-la-legislatura-un-discurso-de-resistencia-al-ajuste-y-al-apriete-de-milei\\\/\",\"name\":\"Ziliotto va a la Legislatura: un discurso de resistencia al ajuste y al apriete de Milei - Diario Textual\",\"isPartOf\":{\"@id\":\"https:\\\/\\\/diariotextual.com\\\/inicio\\\/#website\"},\"primaryImageOfPage\":{\"@id\":\"https:\\\/\\\/diariotextual.com\\\/inicio\\\/index.php\\\/2024\\\/03\\\/01\\\/ziliotto-va-a-la-legislatura-un-discurso-de-resistencia-al-ajuste-y-al-apriete-de-milei\\\/#primaryimage\"},\"image\":{\"@id\":\"https:\\\/\\\/diariotextual.com\\\/inicio\\\/index.php\\\/2024\\\/03\\\/01\\\/ziliotto-va-a-la-legislatura-un-discurso-de-resistencia-al-ajuste-y-al-apriete-de-milei\\\/#primaryimage\"},\"thumbnailUrl\":\"https:\\\/\\\/diariotextual.com\\\/inicio\\\/wp-content\\\/uploads\\\/2023\\\/03\\\/ziliottosergiodiputadossesiones2023-3.jpg\",\"datePublished\":\"2024-03-01T09:31:59+00:00\",\"dateModified\":\"2024-03-01T15:26:16+00:00\",\"breadcrumb\":{\"@id\":\"https:\\\/\\\/diariotextual.com\\\/inicio\\\/index.php\\\/2024\\\/03\\\/01\\\/ziliotto-va-a-la-legislatura-un-discurso-de-resistencia-al-ajuste-y-al-apriete-de-milei\\\/#breadcrumb\"},\"inLanguage\":\"es\",\"potentialAction\":[{\"@type\":\"ReadAction\",\"target\":[\"https:\\\/\\\/diariotextual.com\\\/inicio\\\/index.php\\\/2024\\\/03\\\/01\\\/ziliotto-va-a-la-legislatura-un-discurso-de-resistencia-al-ajuste-y-al-apriete-de-milei\\\/\"]}]},{\"@type\":\"ImageObject\",\"inLanguage\":\"es\",\"@id\":\"https:\\\/\\\/diariotextual.com\\\/inicio\\\/index.php\\\/2024\\\/03\\\/01\\\/ziliotto-va-a-la-legislatura-un-discurso-de-resistencia-al-ajuste-y-al-apriete-de-milei\\\/#primaryimage\",\"url\":\"https:\\\/\\\/diariotextual.com\\\/inicio\\\/wp-content\\\/uploads\\\/2023\\\/03\\\/ziliottosergiodiputadossesiones2023-3.jpg\",\"contentUrl\":\"https:\\\/\\\/diariotextual.com\\\/inicio\\\/wp-content\\\/uploads\\\/2023\\\/03\\\/ziliottosergiodiputadossesiones2023-3.jpg\",\"width\":1599,\"height\":1200},{\"@type\":\"BreadcrumbList\",\"@id\":\"https:\\\/\\\/diariotextual.com\\\/inicio\\\/index.php\\\/2024\\\/03\\\/01\\\/ziliotto-va-a-la-legislatura-un-discurso-de-resistencia-al-ajuste-y-al-apriete-de-milei\\\/#breadcrumb\",\"itemListElement\":[{\"@type\":\"ListItem\",\"position\":1,\"name\":\"Portada\",\"item\":\"https:\\\/\\\/diariotextual.com\\\/inicio\\\/\"},{\"@type\":\"ListItem\",\"position\":2,\"name\":\"Ziliotto va a la Legislatura: un discurso de resistencia al ajuste y al apriete de Milei\"}]},{\"@type\":\"WebSite\",\"@id\":\"https:\\\/\\\/diariotextual.com\\\/inicio\\\/#website\",\"url\":\"https:\\\/\\\/diariotextual.com\\\/inicio\\\/\",\"name\":\"Diario Textual\",\"description\":\"\",\"publisher\":{\"@id\":\"https:\\\/\\\/diariotextual.com\\\/inicio\\\/#organization\"},\"potentialAction\":[{\"@type\":\"SearchAction\",\"target\":{\"@type\":\"EntryPoint\",\"urlTemplate\":\"https:\\\/\\\/diariotextual.com\\\/inicio\\\/?s={search_term_string}\"},\"query-input\":{\"@type\":\"PropertyValueSpecification\",\"valueRequired\":true,\"valueName\":\"search_term_string\"}}],\"inLanguage\":\"es\"},{\"@type\":\"Organization\",\"@id\":\"https:\\\/\\\/diariotextual.com\\\/inicio\\\/#organization\",\"name\":\"Diario Textual\",\"url\":\"https:\\\/\\\/diariotextual.com\\\/inicio\\\/\",\"logo\":{\"@type\":\"ImageObject\",\"inLanguage\":\"es\",\"@id\":\"https:\\\/\\\/diariotextual.com\\\/inicio\\\/#\\\/schema\\\/logo\\\/image\\\/\",\"url\":\"https:\\\/\\\/diariotextual.com\\\/inicio\\\/wp-content\\\/uploads\\\/2023\\\/05\\\/logotextual1.jpg\",\"contentUrl\":\"https:\\\/\\\/diariotextual.com\\\/inicio\\\/wp-content\\\/uploads\\\/2023\\\/05\\\/logotextual1.jpg\",\"width\":516,\"height\":76,\"caption\":\"Diario Textual\"},\"image\":{\"@id\":\"https:\\\/\\\/diariotextual.com\\\/inicio\\\/#\\\/schema\\\/logo\\\/image\\\/\"},\"sameAs\":[\"https:\\\/\\\/www.facebook.com\\\/eltextual\",\"https:\\\/\\\/x.com\\\/eltextual\",\"http:\\\/\\\/www.instagram.com\\\/eltextual\"]},{\"@type\":\"Person\",\"@id\":\"https:\\\/\\\/diariotextual.com\\\/inicio\\\/#\\\/schema\\\/person\\\/418fc4093c33e86ed41562db3508f958\",\"name\":\"Diario1 Diario1\",\"image\":{\"@type\":\"ImageObject\",\"inLanguage\":\"es\",\"@id\":\"https:\\\/\\\/secure.gravatar.com\\\/avatar\\\/9167d280179c85bc18be67aa7eda765854300033af4896dd779b608640f2ef7a?s=96&d=mm&r=g\",\"url\":\"https:\\\/\\\/secure.gravatar.com\\\/avatar\\\/9167d280179c85bc18be67aa7eda765854300033af4896dd779b608640f2ef7a?s=96&d=mm&r=g\",\"contentUrl\":\"https:\\\/\\\/secure.gravatar.com\\\/avatar\\\/9167d280179c85bc18be67aa7eda765854300033af4896dd779b608640f2ef7a?s=96&d=mm&r=g\",\"caption\":\"Diario1 Diario1\"},\"url\":\"https:\\\/\\\/diariotextual.com\\\/inicio\\\/index.php\\\/author\\\/diario1\\\/\"}]}<\/script>\n<!-- \/ Yoast SEO plugin. -->","yoast_head_json":{"title":"Ziliotto va a la Legislatura: un discurso de resistencia al ajuste y al apriete de Milei - Diario Textual","robots":{"index":"index","follow":"follow","max-snippet":"max-snippet:-1","max-image-preview":"max-image-preview:large","max-video-preview":"max-video-preview:-1"},"canonical":"https:\/\/diariotextual.com\/inicio\/index.php\/2024\/03\/01\/ziliotto-va-a-la-legislatura-un-discurso-de-resistencia-al-ajuste-y-al-apriete-de-milei\/","og_locale":"es_ES","og_type":"article","og_title":"Ziliotto va a la Legislatura: un discurso de resistencia al ajuste y al apriete de Milei - Diario Textual","og_description":"El gobernador Sergio Ziliotto inaugurar\u00e1 este mediod\u00eda las sesiones de la C\u00e1mara de Diputados y, en su discurso, dar\u00e1 a conocer los principales ejes de su gesti\u00f3n para 2024, en&hellip;","og_url":"https:\/\/diariotextual.com\/inicio\/index.php\/2024\/03\/01\/ziliotto-va-a-la-legislatura-un-discurso-de-resistencia-al-ajuste-y-al-apriete-de-milei\/","og_site_name":"Diario Textual","article_publisher":"https:\/\/www.facebook.com\/eltextual","article_published_time":"2024-03-01T09:31:59+00:00","article_modified_time":"2024-03-01T15:26:16+00:00","og_image":[{"width":1599,"height":1200,"url":"https:\/\/diariotextual.com\/inicio\/wp-content\/uploads\/2023\/03\/ziliottosergiodiputadossesiones2023-3.jpg","type":"image\/jpeg"}],"author":"Diario1 Diario1","twitter_card":"summary_large_image","twitter_creator":"@eltextual","twitter_site":"@eltextual","twitter_misc":{"Escrito por":"Diario1 Diario1","Tiempo de lectura":"3 minutos"},"schema":{"@context":"https:\/\/schema.org","@graph":[{"@type":"Article","@id":"https:\/\/diariotextual.com\/inicio\/index.php\/2024\/03\/01\/ziliotto-va-a-la-legislatura-un-discurso-de-resistencia-al-ajuste-y-al-apriete-de-milei\/#article","isPartOf":{"@id":"https:\/\/diariotextual.com\/inicio\/index.php\/2024\/03\/01\/ziliotto-va-a-la-legislatura-un-discurso-de-resistencia-al-ajuste-y-al-apriete-de-milei\/"},"author":{"name":"Diario1 Diario1","@id":"https:\/\/diariotextual.com\/inicio\/#\/schema\/person\/418fc4093c33e86ed41562db3508f958"},"headline":"Ziliotto va a la Legislatura: un discurso de resistencia al ajuste y al apriete de Milei","datePublished":"2024-03-01T09:31:59+00:00","dateModified":"2024-03-01T15:26:16+00:00","mainEntityOfPage":{"@id":"https:\/\/diariotextual.com\/inicio\/index.php\/2024\/03\/01\/ziliotto-va-a-la-legislatura-un-discurso-de-resistencia-al-ajuste-y-al-apriete-de-milei\/"},"wordCount":592,"publisher":{"@id":"https:\/\/diariotextual.com\/inicio\/#organization"},"image":{"@id":"https:\/\/diariotextual.com\/inicio\/index.php\/2024\/03\/01\/ziliotto-va-a-la-legislatura-un-discurso-de-resistencia-al-ajuste-y-al-apriete-de-milei\/#primaryimage"},"thumbnailUrl":"https:\/\/diariotextual.com\/inicio\/wp-content\/uploads\/2023\/03\/ziliottosergiodiputadossesiones2023-3.jpg","articleSection":["POLITICA"],"inLanguage":"es"},{"@type":"WebPage","@id":"https:\/\/diariotextual.com\/inicio\/index.php\/2024\/03\/01\/ziliotto-va-a-la-legislatura-un-discurso-de-resistencia-al-ajuste-y-al-apriete-de-milei\/","url":"https:\/\/diariotextual.com\/inicio\/index.php\/2024\/03\/01\/ziliotto-va-a-la-legislatura-un-discurso-de-resistencia-al-ajuste-y-al-apriete-de-milei\/","name":"Ziliotto va a la Legislatura: un discurso de resistencia al ajuste y al apriete de Milei - Diario Textual","isPartOf":{"@id":"https:\/\/diariotextual.com\/inicio\/#website"},"primaryImageOfPage":{"@id":"https:\/\/diariotextual.com\/inicio\/index.php\/2024\/03\/01\/ziliotto-va-a-la-legislatura-un-discurso-de-resistencia-al-ajuste-y-al-apriete-de-milei\/#primaryimage"},"image":{"@id":"https:\/\/diariotextual.com\/inicio\/index.php\/2024\/03\/01\/ziliotto-va-a-la-legislatura-un-discurso-de-resistencia-al-ajuste-y-al-apriete-de-milei\/#primaryimage"},"thumbnailUrl":"https:\/\/diariotextual.com\/inicio\/wp-content\/uploads\/2023\/03\/ziliottosergiodiputadossesiones2023-3.jpg","datePublished":"2024-03-01T09:31:59+00:00","dateModified":"2024-03-01T15:26:16+00:00","breadcrumb":{"@id":"https:\/\/diariotextual.com\/inicio\/index.php\/2024\/03\/01\/ziliotto-va-a-la-legislatura-un-discurso-de-resistencia-al-ajuste-y-al-apriete-de-milei\/#breadcrumb"},"inLanguage":"es","potentialAction":[{"@type":"ReadAction","target":["https:\/\/diariotextual.com\/inicio\/index.php\/2024\/03\/01\/ziliotto-va-a-la-legislatura-un-discurso-de-resistencia-al-ajuste-y-al-apriete-de-milei\/"]}]},{"@type":"ImageObject","inLanguage":"es","@id":"https:\/\/diariotextual.com\/inicio\/index.php\/2024\/03\/01\/ziliotto-va-a-la-legislatura-un-discurso-de-resistencia-al-ajuste-y-al-apriete-de-milei\/#primaryimage","url":"https:\/\/diariotextual.com\/inicio\/wp-content\/uploads\/2023\/03\/ziliottosergiodiputadossesiones2023-3.jpg","contentUrl":"https:\/\/diariotextual.com\/inicio\/wp-content\/uploads\/2023\/03\/ziliottosergiodiputadossesiones2023-3.jpg","width":1599,"height":1200},{"@type":"BreadcrumbList","@id":"https:\/\/diariotextual.com\/inicio\/index.php\/2024\/03\/01\/ziliotto-va-a-la-legislatura-un-discurso-de-resistencia-al-ajuste-y-al-apriete-de-milei\/#breadcrumb","itemListElement":[{"@type":"ListItem","position":1,"name":"Portada","item":"https:\/\/diariotextual.com\/inicio\/"},{"@type":"ListItem","position":2,"name":"Ziliotto va a la Legislatura: un discurso de resistencia al ajuste y al apriete de Milei"}]},{"@type":"WebSite","@id":"https:\/\/diariotextual.com\/inicio\/#website","url":"https:\/\/diariotextual.com\/inicio\/","name":"Diario Textual","description":"","publisher":{"@id":"https:\/\/diariotextual.com\/inicio\/#organization"},"potentialAction":[{"@type":"SearchAction","target":{"@type":"EntryPoint","urlTemplate":"https:\/\/diariotextual.com\/inicio\/?s={search_term_string}"},"query-input":{"@type":"PropertyValueSpecification","valueRequired":true,"valueName":"search_term_string"}}],"inLanguage":"es"},{"@type":"Organization","@id":"https:\/\/diariotextual.com\/inicio\/#organization","name":"Diario Textual","url":"https:\/\/diariotextual.com\/inicio\/","logo":{"@type":"ImageObject","inLanguage":"es","@id":"https:\/\/diariotextual.com\/inicio\/#\/schema\/logo\/image\/","url":"https:\/\/diariotextual.com\/inicio\/wp-content\/uploads\/2023\/05\/logotextual1.jpg","contentUrl":"https:\/\/diariotextual.com\/inicio\/wp-content\/uploads\/2023\/05\/logotextual1.jpg","width":516,"height":76,"caption":"Diario Textual"},"image":{"@id":"https:\/\/diariotextual.com\/inicio\/#\/schema\/logo\/image\/"},"sameAs":["https:\/\/www.facebook.com\/eltextual","https:\/\/x.com\/eltextual","http:\/\/www.instagram.com\/eltextual"]},{"@type":"Person","@id":"https:\/\/diariotextual.com\/inicio\/#\/schema\/person\/418fc4093c33e86ed41562db3508f958","name":"Diario1 Diario1","image":{"@type":"ImageObject","inLanguage":"es","@id":"https:\/\/secure.gravatar.com\/avatar\/9167d280179c85bc18be67aa7eda765854300033af4896dd779b608640f2ef7a?s=96&d=mm&r=g","url":"https:\/\/secure.gravatar.com\/avatar\/9167d280179c85bc18be67aa7eda765854300033af4896dd779b608640f2ef7a?s=96&d=mm&r=g","contentUrl":"https:\/\/secure.gravatar.com\/avatar\/9167d280179c85bc18be67aa7eda765854300033af4896dd779b608640f2ef7a?s=96&d=mm&r=g","caption":"Diario1 Diario1"},"url":"https:\/\/diariotextual.com\/inicio\/index.php\/author\/diario1\/"}]}},"_links":{"self":[{"href":"https:\/\/diariotextual.com\/inicio\/index.php\/wp-json\/wp\/v2\/posts\/255477","targetHints":{"allow":["GET"]}}],"collection":[{"href":"https:\/\/diariotextual.com\/inicio\/index.php\/wp-json\/wp\/v2\/posts"}],"about":[{"href":"https:\/\/diariotextual.com\/inicio\/index.php\/wp-json\/wp\/v2\/types\/post"}],"author":[{"embeddable":true,"href":"https:\/\/diariotextual.com\/inicio\/index.php\/wp-json\/wp\/v2\/users\/3"}],"replies":[{"embeddable":true,"href":"https:\/\/diariotextual.com\/inicio\/index.php\/wp-json\/wp\/v2\/comments?post=255477"}],"version-history":[{"count":7,"href":"https:\/\/diariotextual.com\/inicio\/index.php\/wp-json\/wp\/v2\/posts\/255477\/revisions"}],"predecessor-version":[{"id":255488,"href":"https:\/\/diariotextual.com\/inicio\/index.php\/wp-json\/wp\/v2\/posts\/255477\/revisions\/255488"}],"wp:featuredmedia":[{"embeddable":true,"href":"https:\/\/diariotextual.com\/inicio\/index.php\/wp-json\/wp\/v2\/media\/217612"}],"wp:attachment":[{"href":"https:\/\/diariotextual.com\/inicio\/index.php\/wp-json\/wp\/v2\/media?parent=255477"}],"wp:term":[{"taxonomy":"category","embeddable":true,"href":"https:\/\/diariotextual.com\/inicio\/index.php\/wp-json\/wp\/v2\/categories?post=255477"},{"taxonomy":"post_tag","embeddable":true,"href":"https:\/\/diariotextual.com\/inicio\/index.php\/wp-json\/wp\/v2\/tags?post=255477"}],"curies":[{"name":"wp","href":"https:\/\/api.w.org\/{rel}","templated":true}]}}