{"id":255483,"date":"2024-03-01T06:29:25","date_gmt":"2024-03-01T09:29:25","guid":{"rendered":"https:\/\/diariotextual.com\/inicio\/?p=255483"},"modified":"2024-03-01T09:02:23","modified_gmt":"2024-03-01T12:02:23","slug":"con-expectativas-por-su-discurso-milei-inaugura-por-primera-vez-las-sesiones-ordinarias","status":"publish","type":"post","link":"https:\/\/diariotextual.com\/inicio\/index.php\/2024\/03\/01\/con-expectativas-por-su-discurso-milei-inaugura-por-primera-vez-las-sesiones-ordinarias\/","title":{"rendered":"Con expectativas por su discurso, Milei inaugura por primera vez las sesiones ordinarias"},"content":{"rendered":"\n<p>El presidente <strong>Javier Milei<\/strong> inaugurar\u00e1 este viernes\u00a0<strong>por primera vez el per\u00edodo de sesiones ordinarias del Congreso de la Naci\u00f3n<\/strong>, con un discurso que se transmitir\u00e1 por cadena nacional, en el que expondr\u00e1 \u201cla realidad\u201d del pa\u00eds y har\u00e1 referencia a la situaci\u00f3n econ\u00f3mica heredada por su administraci\u00f3n, a modo de balance de sus primeros dos meses de gobierno,\u00a0<strong>en medio de un clima de tensi\u00f3n con los legisladores opositores y gobernadores de algunas provincias.<\/strong><br><br>Milei romper\u00e1 la tradici\u00f3n de abrir las sesiones al mediod\u00eda y har\u00e1 su discurso a las 21, para dejar inaugurado el 142 per\u00edodo de sesiones ordinarias del Congreso de la Naci\u00f3n, lo que motiv\u00f3 que algunos gobernadores modificaran el horario de sus presentaciones ante la Legislatura para poder viajar a Buenos Aires y asistir a la Asamblea Legislativa.<\/p>\n\n\n\n<div style=\"height:100px\" aria-hidden=\"true\" class=\"wp-block-spacer\"><\/div>\n\n\n\n<p><br><br><br><\/p>\n\n\n\n<p><strong>Razones del cambio<\/strong><\/p>\n\n\n\n<p>Seg\u00fan explic\u00f3 el vocero presidencial Manuel Adorni, el horario de la asamblea fue modificado para que \u201c<strong>la mayor cantidad de argentinos puedan escuchar el mensaje presidencial<\/strong>\u00a0despu\u00e9s de sus horarios de trabajo\u201d.<br><br>El acto institucional -que comenzar\u00e1 formalmente a las 20- tendr\u00e1 como tel\u00f3n de fondo la tensi\u00f3n entre el Presidente y algunos gobernadores, que\u00a0<strong>acusan a su administraci\u00f3n de querer disciplinarlos con la eliminaci\u00f3n de transferencias discrecionales<\/strong>, tras el recorte en el env\u00edo de distintos tipos de fondos a los distritos.<br><br>Para terminar de preparar su discurso, el mandatario realiz\u00f3 su actividad oficial desde la residencia de Olivos, donde se dedicar\u00e1 a ultimar detalles del mensaje que pronunciar\u00e1 la noche del viernes ante la Asamblea Legislativa.<\/p>\n\n\n\n<div style=\"height:100px\" aria-hidden=\"true\" class=\"wp-block-spacer\"><\/div>\n\n\n\n<p><br><br><br><\/p>\n\n\n\n<p><strong>El discurso<\/strong><\/p>\n\n\n\n<p>En su mensaje, que podr\u00eda extenderse aproximadamente por una hora, el presidente podr\u00eda hacer menci\u00f3n al informe de la Sindicatura General de la Naci\u00f3n (Sigen) y la Secretar\u00eda de Transformaci\u00f3n del Estado \u201c<strong>con la situaci\u00f3n de cada una de las reparticiones del Estado<\/strong>\u201d, que determin\u00f3 la existencia de deudas de \u201ccasi tres billones de pesos\u201d, al defender la necesidad de impulsar&nbsp;<strong>una fuerte reestructuraci\u00f3n del Estado<\/strong>.<br><br>En ese sentido, no se descarta que el mandatario ponga el acento adem\u00e1s en los viajes realizados en aviones o cruceros por unas 120.000 personas que ten\u00edan planes sociales, los desv\u00edos de fondos en organismos como la Anses y el PAMI y los hechos de corrupci\u00f3n descubiertos en el exministerio de Desarrollo Social como alimentos secos vencidos sin repartir, y compras de medicamentos oncol\u00f3gicos, pr\u00f3tesis y aud\u00edfonos sin licitaci\u00f3n previa.<\/p>\n","protected":false},"excerpt":{"rendered":"<p>El presidente Javier Milei inaugurar\u00e1 este viernes\u00a0por primera vez el per\u00edodo de sesiones ordinarias del Congreso de la Naci\u00f3n, con un discurso que se transmitir\u00e1 por cadena nacional, en el&hellip;<\/p>\n","protected":false},"author":3,"featured_media":255484,"comment_status":"closed","ping_status":"open","sticky":false,"template":"","format":"standard","meta":{"_acf_changed":false,"footnotes":""},"categories":[1,8],"tags":[],"class_list":["post-255483","post","type-post","status-publish","format-standard","has-post-thumbnail","hentry","category-es-noticia","category-politica"],"acf":[],"yoast_head":"<!-- This site is optimized with the Yoast SEO plugin v27.5 - https:\/\/yoast.com\/product\/yoast-seo-wordpress\/ -->\n<title>Con expectativas por su discurso, Milei inaugura por primera vez las sesiones ordinarias - Diario Textual<\/title>\n<meta name=\"robots\" content=\"index, follow, max-snippet:-1, max-image-preview:large, max-video-preview:-1\" \/>\n<link rel=\"canonical\" href=\"https:\/\/diariotextual.com\/inicio\/index.php\/2024\/03\/01\/con-expectativas-por-su-discurso-milei-inaugura-por-primera-vez-las-sesiones-ordinarias\/\" \/>\n<meta property=\"og:locale\" content=\"es_ES\" \/>\n<meta property=\"og:type\" content=\"article\" \/>\n<meta property=\"og:title\" content=\"Con expectativas por su discurso, Milei inaugura por primera vez las sesiones ordinarias - Diario Textual\" \/>\n<meta property=\"og:description\" content=\"El presidente Javier Milei inaugurar\u00e1 este viernes\u00a0por primera vez el per\u00edodo de sesiones ordinarias del Congreso de la Naci\u00f3n, con un discurso que se transmitir\u00e1 por cadena nacional, en el&hellip;\" \/>\n<meta property=\"og:url\" content=\"https:\/\/diariotextual.com\/inicio\/index.php\/2024\/03\/01\/con-expectativas-por-su-discurso-milei-inaugura-por-primera-vez-las-sesiones-ordinarias\/\" \/>\n<meta property=\"og:site_name\" content=\"Diario Textual\" \/>\n<meta property=\"article:publisher\" content=\"https:\/\/www.facebook.com\/eltextual\" \/>\n<meta property=\"article:published_time\" content=\"2024-03-01T09:29:25+00:00\" \/>\n<meta property=\"article:modified_time\" content=\"2024-03-01T12:02:23+00:00\" \/>\n<meta property=\"og:image\" content=\"https:\/\/diariotextual.com\/inicio\/wp-content\/uploads\/2024\/02\/mileijavier2024-788834.jpg\" \/>\n\t<meta property=\"og:image:width\" content=\"1200\" \/>\n\t<meta property=\"og:image:height\" content=\"675\" \/>\n\t<meta property=\"og:image:type\" content=\"image\/jpeg\" \/>\n<meta name=\"author\" content=\"Diario1 Diario1\" \/>\n<meta name=\"twitter:card\" content=\"summary_large_image\" \/>\n<meta name=\"twitter:creator\" content=\"@eltextual\" \/>\n<meta name=\"twitter:site\" content=\"@eltextual\" \/>\n<meta name=\"twitter:label1\" content=\"Escrito por\" \/>\n\t<meta name=\"twitter:data1\" content=\"Diario1 Diario1\" \/>\n\t<meta name=\"twitter:label2\" content=\"Tiempo de lectura\" \/>\n\t<meta name=\"twitter:data2\" content=\"2 minutos\" \/>\n<script type=\"application\/ld+json\" class=\"yoast-schema-graph\">{\"@context\":\"https:\\\/\\\/schema.org\",\"@graph\":[{\"@type\":\"Article\",\"@id\":\"https:\\\/\\\/diariotextual.com\\\/inicio\\\/index.php\\\/2024\\\/03\\\/01\\\/con-expectativas-por-su-discurso-milei-inaugura-por-primera-vez-las-sesiones-ordinarias\\\/#article\",\"isPartOf\":{\"@id\":\"https:\\\/\\\/diariotextual.com\\\/inicio\\\/index.php\\\/2024\\\/03\\\/01\\\/con-expectativas-por-su-discurso-milei-inaugura-por-primera-vez-las-sesiones-ordinarias\\\/\"},\"author\":{\"name\":\"Diario1 Diario1\",\"@id\":\"https:\\\/\\\/diariotextual.com\\\/inicio\\\/#\\\/schema\\\/person\\\/418fc4093c33e86ed41562db3508f958\"},\"headline\":\"Con expectativas por su discurso, Milei inaugura por primera vez las sesiones ordinarias\",\"datePublished\":\"2024-03-01T09:29:25+00:00\",\"dateModified\":\"2024-03-01T12:02:23+00:00\",\"mainEntityOfPage\":{\"@id\":\"https:\\\/\\\/diariotextual.com\\\/inicio\\\/index.php\\\/2024\\\/03\\\/01\\\/con-expectativas-por-su-discurso-milei-inaugura-por-primera-vez-las-sesiones-ordinarias\\\/\"},\"wordCount\":436,\"publisher\":{\"@id\":\"https:\\\/\\\/diariotextual.com\\\/inicio\\\/#organization\"},\"image\":{\"@id\":\"https:\\\/\\\/diariotextual.com\\\/inicio\\\/index.php\\\/2024\\\/03\\\/01\\\/con-expectativas-por-su-discurso-milei-inaugura-por-primera-vez-las-sesiones-ordinarias\\\/#primaryimage\"},\"thumbnailUrl\":\"https:\\\/\\\/diariotextual.com\\\/inicio\\\/wp-content\\\/uploads\\\/2024\\\/02\\\/mileijavier2024-788834.jpg\",\"articleSection\":[\"A - ES NOTICIA (van abajo)\",\"POLITICA\"],\"inLanguage\":\"es\"},{\"@type\":\"WebPage\",\"@id\":\"https:\\\/\\\/diariotextual.com\\\/inicio\\\/index.php\\\/2024\\\/03\\\/01\\\/con-expectativas-por-su-discurso-milei-inaugura-por-primera-vez-las-sesiones-ordinarias\\\/\",\"url\":\"https:\\\/\\\/diariotextual.com\\\/inicio\\\/index.php\\\/2024\\\/03\\\/01\\\/con-expectativas-por-su-discurso-milei-inaugura-por-primera-vez-las-sesiones-ordinarias\\\/\",\"name\":\"Con expectativas por su discurso, Milei inaugura por primera vez las sesiones ordinarias - Diario Textual\",\"isPartOf\":{\"@id\":\"https:\\\/\\\/diariotextual.com\\\/inicio\\\/#website\"},\"primaryImageOfPage\":{\"@id\":\"https:\\\/\\\/diariotextual.com\\\/inicio\\\/index.php\\\/2024\\\/03\\\/01\\\/con-expectativas-por-su-discurso-milei-inaugura-por-primera-vez-las-sesiones-ordinarias\\\/#primaryimage\"},\"image\":{\"@id\":\"https:\\\/\\\/diariotextual.com\\\/inicio\\\/index.php\\\/2024\\\/03\\\/01\\\/con-expectativas-por-su-discurso-milei-inaugura-por-primera-vez-las-sesiones-ordinarias\\\/#primaryimage\"},\"thumbnailUrl\":\"https:\\\/\\\/diariotextual.com\\\/inicio\\\/wp-content\\\/uploads\\\/2024\\\/02\\\/mileijavier2024-788834.jpg\",\"datePublished\":\"2024-03-01T09:29:25+00:00\",\"dateModified\":\"2024-03-01T12:02:23+00:00\",\"breadcrumb\":{\"@id\":\"https:\\\/\\\/diariotextual.com\\\/inicio\\\/index.php\\\/2024\\\/03\\\/01\\\/con-expectativas-por-su-discurso-milei-inaugura-por-primera-vez-las-sesiones-ordinarias\\\/#breadcrumb\"},\"inLanguage\":\"es\",\"potentialAction\":[{\"@type\":\"ReadAction\",\"target\":[\"https:\\\/\\\/diariotextual.com\\\/inicio\\\/index.php\\\/2024\\\/03\\\/01\\\/con-expectativas-por-su-discurso-milei-inaugura-por-primera-vez-las-sesiones-ordinarias\\\/\"]}]},{\"@type\":\"ImageObject\",\"inLanguage\":\"es\",\"@id\":\"https:\\\/\\\/diariotextual.com\\\/inicio\\\/index.php\\\/2024\\\/03\\\/01\\\/con-expectativas-por-su-discurso-milei-inaugura-por-primera-vez-las-sesiones-ordinarias\\\/#primaryimage\",\"url\":\"https:\\\/\\\/diariotextual.com\\\/inicio\\\/wp-content\\\/uploads\\\/2024\\\/02\\\/mileijavier2024-788834.jpg\",\"contentUrl\":\"https:\\\/\\\/diariotextual.com\\\/inicio\\\/wp-content\\\/uploads\\\/2024\\\/02\\\/mileijavier2024-788834.jpg\",\"width\":1200,\"height\":675},{\"@type\":\"BreadcrumbList\",\"@id\":\"https:\\\/\\\/diariotextual.com\\\/inicio\\\/index.php\\\/2024\\\/03\\\/01\\\/con-expectativas-por-su-discurso-milei-inaugura-por-primera-vez-las-sesiones-ordinarias\\\/#breadcrumb\",\"itemListElement\":[{\"@type\":\"ListItem\",\"position\":1,\"name\":\"Portada\",\"item\":\"https:\\\/\\\/diariotextual.com\\\/inicio\\\/\"},{\"@type\":\"ListItem\",\"position\":2,\"name\":\"Con expectativas por su discurso, Milei inaugura por primera vez las sesiones ordinarias\"}]},{\"@type\":\"WebSite\",\"@id\":\"https:\\\/\\\/diariotextual.com\\\/inicio\\\/#website\",\"url\":\"https:\\\/\\\/diariotextual.com\\\/inicio\\\/\",\"name\":\"Diario Textual\",\"description\":\"\",\"publisher\":{\"@id\":\"https:\\\/\\\/diariotextual.com\\\/inicio\\\/#organization\"},\"potentialAction\":[{\"@type\":\"SearchAction\",\"target\":{\"@type\":\"EntryPoint\",\"urlTemplate\":\"https:\\\/\\\/diariotextual.com\\\/inicio\\\/?s={search_term_string}\"},\"query-input\":{\"@type\":\"PropertyValueSpecification\",\"valueRequired\":true,\"valueName\":\"search_term_string\"}}],\"inLanguage\":\"es\"},{\"@type\":\"Organization\",\"@id\":\"https:\\\/\\\/diariotextual.com\\\/inicio\\\/#organization\",\"name\":\"Diario Textual\",\"url\":\"https:\\\/\\\/diariotextual.com\\\/inicio\\\/\",\"logo\":{\"@type\":\"ImageObject\",\"inLanguage\":\"es\",\"@id\":\"https:\\\/\\\/diariotextual.com\\\/inicio\\\/#\\\/schema\\\/logo\\\/image\\\/\",\"url\":\"https:\\\/\\\/diariotextual.com\\\/inicio\\\/wp-content\\\/uploads\\\/2023\\\/05\\\/logotextual1.jpg\",\"contentUrl\":\"https:\\\/\\\/diariotextual.com\\\/inicio\\\/wp-content\\\/uploads\\\/2023\\\/05\\\/logotextual1.jpg\",\"width\":516,\"height\":76,\"caption\":\"Diario Textual\"},\"image\":{\"@id\":\"https:\\\/\\\/diariotextual.com\\\/inicio\\\/#\\\/schema\\\/logo\\\/image\\\/\"},\"sameAs\":[\"https:\\\/\\\/www.facebook.com\\\/eltextual\",\"https:\\\/\\\/x.com\\\/eltextual\",\"http:\\\/\\\/www.instagram.com\\\/eltextual\"]},{\"@type\":\"Person\",\"@id\":\"https:\\\/\\\/diariotextual.com\\\/inicio\\\/#\\\/schema\\\/person\\\/418fc4093c33e86ed41562db3508f958\",\"name\":\"Diario1 Diario1\",\"image\":{\"@type\":\"ImageObject\",\"inLanguage\":\"es\",\"@id\":\"https:\\\/\\\/secure.gravatar.com\\\/avatar\\\/9167d280179c85bc18be67aa7eda765854300033af4896dd779b608640f2ef7a?s=96&d=mm&r=g\",\"url\":\"https:\\\/\\\/secure.gravatar.com\\\/avatar\\\/9167d280179c85bc18be67aa7eda765854300033af4896dd779b608640f2ef7a?s=96&d=mm&r=g\",\"contentUrl\":\"https:\\\/\\\/secure.gravatar.com\\\/avatar\\\/9167d280179c85bc18be67aa7eda765854300033af4896dd779b608640f2ef7a?s=96&d=mm&r=g\",\"caption\":\"Diario1 Diario1\"},\"url\":\"https:\\\/\\\/diariotextual.com\\\/inicio\\\/index.php\\\/author\\\/diario1\\\/\"}]}<\/script>\n<!-- \/ Yoast SEO plugin. -->","yoast_head_json":{"title":"Con expectativas por su discurso, Milei inaugura por primera vez las sesiones ordinarias - Diario Textual","robots":{"index":"index","follow":"follow","max-snippet":"max-snippet:-1","max-image-preview":"max-image-preview:large","max-video-preview":"max-video-preview:-1"},"canonical":"https:\/\/diariotextual.com\/inicio\/index.php\/2024\/03\/01\/con-expectativas-por-su-discurso-milei-inaugura-por-primera-vez-las-sesiones-ordinarias\/","og_locale":"es_ES","og_type":"article","og_title":"Con expectativas por su discurso, Milei inaugura por primera vez las sesiones ordinarias - Diario Textual","og_description":"El presidente Javier Milei inaugurar\u00e1 este viernes\u00a0por primera vez el per\u00edodo de sesiones ordinarias del Congreso de la Naci\u00f3n, con un discurso que se transmitir\u00e1 por cadena nacional, en el&hellip;","og_url":"https:\/\/diariotextual.com\/inicio\/index.php\/2024\/03\/01\/con-expectativas-por-su-discurso-milei-inaugura-por-primera-vez-las-sesiones-ordinarias\/","og_site_name":"Diario Textual","article_publisher":"https:\/\/www.facebook.com\/eltextual","article_published_time":"2024-03-01T09:29:25+00:00","article_modified_time":"2024-03-01T12:02:23+00:00","og_image":[{"width":1200,"height":675,"url":"https:\/\/diariotextual.com\/inicio\/wp-content\/uploads\/2024\/02\/mileijavier2024-788834.jpg","type":"image\/jpeg"}],"author":"Diario1 Diario1","twitter_card":"summary_large_image","twitter_creator":"@eltextual","twitter_site":"@eltextual","twitter_misc":{"Escrito por":"Diario1 Diario1","Tiempo de lectura":"2 minutos"},"schema":{"@context":"https:\/\/schema.org","@graph":[{"@type":"Article","@id":"https:\/\/diariotextual.com\/inicio\/index.php\/2024\/03\/01\/con-expectativas-por-su-discurso-milei-inaugura-por-primera-vez-las-sesiones-ordinarias\/#article","isPartOf":{"@id":"https:\/\/diariotextual.com\/inicio\/index.php\/2024\/03\/01\/con-expectativas-por-su-discurso-milei-inaugura-por-primera-vez-las-sesiones-ordinarias\/"},"author":{"name":"Diario1 Diario1","@id":"https:\/\/diariotextual.com\/inicio\/#\/schema\/person\/418fc4093c33e86ed41562db3508f958"},"headline":"Con expectativas por su discurso, Milei inaugura por primera vez las sesiones ordinarias","datePublished":"2024-03-01T09:29:25+00:00","dateModified":"2024-03-01T12:02:23+00:00","mainEntityOfPage":{"@id":"https:\/\/diariotextual.com\/inicio\/index.php\/2024\/03\/01\/con-expectativas-por-su-discurso-milei-inaugura-por-primera-vez-las-sesiones-ordinarias\/"},"wordCount":436,"publisher":{"@id":"https:\/\/diariotextual.com\/inicio\/#organization"},"image":{"@id":"https:\/\/diariotextual.com\/inicio\/index.php\/2024\/03\/01\/con-expectativas-por-su-discurso-milei-inaugura-por-primera-vez-las-sesiones-ordinarias\/#primaryimage"},"thumbnailUrl":"https:\/\/diariotextual.com\/inicio\/wp-content\/uploads\/2024\/02\/mileijavier2024-788834.jpg","articleSection":["A - ES NOTICIA (van abajo)","POLITICA"],"inLanguage":"es"},{"@type":"WebPage","@id":"https:\/\/diariotextual.com\/inicio\/index.php\/2024\/03\/01\/con-expectativas-por-su-discurso-milei-inaugura-por-primera-vez-las-sesiones-ordinarias\/","url":"https:\/\/diariotextual.com\/inicio\/index.php\/2024\/03\/01\/con-expectativas-por-su-discurso-milei-inaugura-por-primera-vez-las-sesiones-ordinarias\/","name":"Con expectativas por su discurso, Milei inaugura por primera vez las sesiones ordinarias - Diario Textual","isPartOf":{"@id":"https:\/\/diariotextual.com\/inicio\/#website"},"primaryImageOfPage":{"@id":"https:\/\/diariotextual.com\/inicio\/index.php\/2024\/03\/01\/con-expectativas-por-su-discurso-milei-inaugura-por-primera-vez-las-sesiones-ordinarias\/#primaryimage"},"image":{"@id":"https:\/\/diariotextual.com\/inicio\/index.php\/2024\/03\/01\/con-expectativas-por-su-discurso-milei-inaugura-por-primera-vez-las-sesiones-ordinarias\/#primaryimage"},"thumbnailUrl":"https:\/\/diariotextual.com\/inicio\/wp-content\/uploads\/2024\/02\/mileijavier2024-788834.jpg","datePublished":"2024-03-01T09:29:25+00:00","dateModified":"2024-03-01T12:02:23+00:00","breadcrumb":{"@id":"https:\/\/diariotextual.com\/inicio\/index.php\/2024\/03\/01\/con-expectativas-por-su-discurso-milei-inaugura-por-primera-vez-las-sesiones-ordinarias\/#breadcrumb"},"inLanguage":"es","potentialAction":[{"@type":"ReadAction","target":["https:\/\/diariotextual.com\/inicio\/index.php\/2024\/03\/01\/con-expectativas-por-su-discurso-milei-inaugura-por-primera-vez-las-sesiones-ordinarias\/"]}]},{"@type":"ImageObject","inLanguage":"es","@id":"https:\/\/diariotextual.com\/inicio\/index.php\/2024\/03\/01\/con-expectativas-por-su-discurso-milei-inaugura-por-primera-vez-las-sesiones-ordinarias\/#primaryimage","url":"https:\/\/diariotextual.com\/inicio\/wp-content\/uploads\/2024\/02\/mileijavier2024-788834.jpg","contentUrl":"https:\/\/diariotextual.com\/inicio\/wp-content\/uploads\/2024\/02\/mileijavier2024-788834.jpg","width":1200,"height":675},{"@type":"BreadcrumbList","@id":"https:\/\/diariotextual.com\/inicio\/index.php\/2024\/03\/01\/con-expectativas-por-su-discurso-milei-inaugura-por-primera-vez-las-sesiones-ordinarias\/#breadcrumb","itemListElement":[{"@type":"ListItem","position":1,"name":"Portada","item":"https:\/\/diariotextual.com\/inicio\/"},{"@type":"ListItem","position":2,"name":"Con expectativas por su discurso, Milei inaugura por primera vez las sesiones ordinarias"}]},{"@type":"WebSite","@id":"https:\/\/diariotextual.com\/inicio\/#website","url":"https:\/\/diariotextual.com\/inicio\/","name":"Diario Textual","description":"","publisher":{"@id":"https:\/\/diariotextual.com\/inicio\/#organization"},"potentialAction":[{"@type":"SearchAction","target":{"@type":"EntryPoint","urlTemplate":"https:\/\/diariotextual.com\/inicio\/?s={search_term_string}"},"query-input":{"@type":"PropertyValueSpecification","valueRequired":true,"valueName":"search_term_string"}}],"inLanguage":"es"},{"@type":"Organization","@id":"https:\/\/diariotextual.com\/inicio\/#organization","name":"Diario Textual","url":"https:\/\/diariotextual.com\/inicio\/","logo":{"@type":"ImageObject","inLanguage":"es","@id":"https:\/\/diariotextual.com\/inicio\/#\/schema\/logo\/image\/","url":"https:\/\/diariotextual.com\/inicio\/wp-content\/uploads\/2023\/05\/logotextual1.jpg","contentUrl":"https:\/\/diariotextual.com\/inicio\/wp-content\/uploads\/2023\/05\/logotextual1.jpg","width":516,"height":76,"caption":"Diario Textual"},"image":{"@id":"https:\/\/diariotextual.com\/inicio\/#\/schema\/logo\/image\/"},"sameAs":["https:\/\/www.facebook.com\/eltextual","https:\/\/x.com\/eltextual","http:\/\/www.instagram.com\/eltextual"]},{"@type":"Person","@id":"https:\/\/diariotextual.com\/inicio\/#\/schema\/person\/418fc4093c33e86ed41562db3508f958","name":"Diario1 Diario1","image":{"@type":"ImageObject","inLanguage":"es","@id":"https:\/\/secure.gravatar.com\/avatar\/9167d280179c85bc18be67aa7eda765854300033af4896dd779b608640f2ef7a?s=96&d=mm&r=g","url":"https:\/\/secure.gravatar.com\/avatar\/9167d280179c85bc18be67aa7eda765854300033af4896dd779b608640f2ef7a?s=96&d=mm&r=g","contentUrl":"https:\/\/secure.gravatar.com\/avatar\/9167d280179c85bc18be67aa7eda765854300033af4896dd779b608640f2ef7a?s=96&d=mm&r=g","caption":"Diario1 Diario1"},"url":"https:\/\/diariotextual.com\/inicio\/index.php\/author\/diario1\/"}]}},"_links":{"self":[{"href":"https:\/\/diariotextual.com\/inicio\/index.php\/wp-json\/wp\/v2\/posts\/255483","targetHints":{"allow":["GET"]}}],"collection":[{"href":"https:\/\/diariotextual.com\/inicio\/index.php\/wp-json\/wp\/v2\/posts"}],"about":[{"href":"https:\/\/diariotextual.com\/inicio\/index.php\/wp-json\/wp\/v2\/types\/post"}],"author":[{"embeddable":true,"href":"https:\/\/diariotextual.com\/inicio\/index.php\/wp-json\/wp\/v2\/users\/3"}],"replies":[{"embeddable":true,"href":"https:\/\/diariotextual.com\/inicio\/index.php\/wp-json\/wp\/v2\/comments?post=255483"}],"version-history":[{"count":1,"href":"https:\/\/diariotextual.com\/inicio\/index.php\/wp-json\/wp\/v2\/posts\/255483\/revisions"}],"predecessor-version":[{"id":255485,"href":"https:\/\/diariotextual.com\/inicio\/index.php\/wp-json\/wp\/v2\/posts\/255483\/revisions\/255485"}],"wp:featuredmedia":[{"embeddable":true,"href":"https:\/\/diariotextual.com\/inicio\/index.php\/wp-json\/wp\/v2\/media\/255484"}],"wp:attachment":[{"href":"https:\/\/diariotextual.com\/inicio\/index.php\/wp-json\/wp\/v2\/media?parent=255483"}],"wp:term":[{"taxonomy":"category","embeddable":true,"href":"https:\/\/diariotextual.com\/inicio\/index.php\/wp-json\/wp\/v2\/categories?post=255483"},{"taxonomy":"post_tag","embeddable":true,"href":"https:\/\/diariotextual.com\/inicio\/index.php\/wp-json\/wp\/v2\/tags?post=255483"}],"curies":[{"name":"wp","href":"https:\/\/api.w.org\/{rel}","templated":true}]}}