{"id":255634,"date":"2024-03-01T19:34:52","date_gmt":"2024-03-01T22:34:52","guid":{"rendered":"https:\/\/diariotextual.com\/inicio\/?p=255634"},"modified":"2024-03-02T13:32:34","modified_gmt":"2024-03-02T16:32:34","slug":"fuerte-respaldo-del-intendente-sabarots-al-estado-presente-y-la-relacion-con-ziliotto","status":"publish","type":"post","link":"https:\/\/diariotextual.com\/inicio\/index.php\/2024\/03\/01\/fuerte-respaldo-del-intendente-sabarots-al-estado-presente-y-la-relacion-con-ziliotto\/","title":{"rendered":"Fuerte respaldo del intendente Sabarots al \u201cEstado presente\u201d y la relaci\u00f3n con Ziliotto"},"content":{"rendered":"\n<p>El intendente de <strong>General Acha<\/strong>,<strong> Abel Sabarots<\/strong>, inaugur\u00f3 este viernes a la tarde un nuevo per\u00edodo ordinario de sesiones del <strong>Concejo Deliberante<\/strong>. En su discurso, Sabarots<strong> dio un fuerte respaldo al Estado frente a los ataques del gobierno nacional y en la relaci\u00f3n con el gobernador Sergio Ziliotto y su gesti\u00f3n. Tambi\u00e9n dijo que el Gobierno nacional de Javier Milei \u201cagrav\u00f3\u201d la crisis argentina.<\/strong><\/p>\n\n\n\n<p>En la ceremonia, fue acompa\u00f1ado por la presidente del cuerpo deliberativo, Judit Acri, concejales y autoridades.<\/p>\n\n\n\n<p>\u201cSeguimos apostando al di\u00e1logo por encima de la confrontaci\u00f3n, al consenso por encima de la imposici\u00f3n, al Estado Federal y descentralizado por encima del Unitario y centralista y al Estado eficiente y no a la desaparici\u00f3n del Estado\u201d, dijo el intendente de origen radical, seg\u00fan public\u00f3 Noticias del Sur.<\/p>\n\n\n\n<p>\u201cEn \u00e9pocas y tiempos de descalificaciones y tensi\u00f3n entre los poderes, que muchas veces nos deja perplejos porque no existen antecedentes en nuestra historia pol\u00edtica en estas 4 d\u00e9cadas\u201d, abri\u00f3 el discurso el jefe comunal.<\/p>\n\n\n\n<p>\u201cDesde el 10 de diciembre del a\u00f1o pasado hasta el presente, en tan solo 80 d\u00edas, se ha sucedido una innumerable cantidad de hechos pol\u00edticos, que no han contribuido en absoluto aun de manera incipiente, por un lado, a la salida de la crisis econ\u00f3mica y social, y tampoco a salir de la crisis pol\u00edtica, sino que, por el contrario, la ha profundizado\u201d, dijo.<\/p>\n\n\n\n<p>\u201cEn materia de la situaci\u00f3n econ\u00f3mica y social, sin dudas los sectores m\u00e1s afectados son los m\u00e1s vulnerables, como los trabajadores, jubilado&nbsp; y hasta aquella poblaci\u00f3n afectada por enfermedades graves, al interrumpirse o suspenderse su atenci\u00f3n a trav\u00e9s de programas especiales\u201d, afirm\u00f3.<\/p>\n\n\n\n<p>Sabarots enumer\u00f3 la alta inflaci\u00f3n, la devaluaci\u00f3n, quita de subsidios y del incentivo docente, desregulaciones que \u201chan golpeado&nbsp; fuertemente en el bolsillo de muchos vecinos\/as y familias\u201d de la provincia.<\/p>\n\n\n\n<p>\u201cTodas estas medidas, tambi\u00e9n repercuten en lo local, basta con mencionar con la disminuci\u00f3n o suspensi\u00f3n de obra p\u00fablica (obra de pluviales); quita de subsidios (transporte de corta y media distancia); el incremento desproporcionado de tarifas y alimentos; y mucha de las medidas que afectan al municipio, que por un lado tiene un incremento en sus costos de funcionamiento y por otro, todo este contexto tambi\u00e9n afecta en la recaudaci\u00f3n municipal, adem\u00e1s de la merma l\u00f3gica de los recursos coparticipables por la recesi\u00f3n econ\u00f3mica\u201d, afirm\u00f3.<\/p>\n\n\n\n<p>\u201cDesde el Municipio hemos visto incrementada la ayuda social para asistir a nuestros vecinos con m\u00f3dulos alimentarios y la ayuda econ\u00f3mica, sin soslayar la preexistencia del d\u00e9ficit&nbsp; habitacional, que tambi\u00e9n afecta a la econom\u00eda de muchos vecinos y sus familias,&nbsp; que deben destinar parte de sus ingresos a solventar este gasto\u201d, dijo.<\/p>\n\n\n\n<p>\u201cCuando muchos desde una tribuna, banca o canal de televisi\u00f3n hablan de la reducci\u00f3n o minimizar al Estado,&nbsp; quiero decir que es justamente el Estado Provincial o Municipal, quien en materia de salud, educaci\u00f3n o asistencia social, absorben esas demandas aun con menos recursos asignados, por eso la necesaria discusi\u00f3n de los recursos coparticipables\u201d, dijo.<\/p>\n\n\n\n<p>\u201cObservar, bajo el pretexto de atacar la casta o reducir el d\u00e9ficit fiscal, el atropello de la Naci\u00f3n hacia las Provincias, claramente nos impone y obliga a una toma de posici\u00f3n en favor de las provincias y los municipios, reafirmando la preexistencias de las provincias a la Naci\u00f3n, y la plena vigencia del r\u00e9gimen representativo, republicano y federal\u201d, sostuvo Sabarots. \u201cPor eso quiero decir, que desde lugar, vamos acompa\u00f1ar al gobernador en toda acci\u00f3n legal o pol\u00edtica&nbsp; que sea necesaria para defender los intereses de los pampeanos, e instar a nuestros representantes a que no voten el DNU y toda otra medida que pueda afectar a los pampeanos\u201d.<\/p>\n\n\n\n<p>\u201cEn este contexto que nos encontramos reafirmamos nuestro v\u00ednculo institucional con el gobierno provincial, porque General Acha, necesita sin postergaci\u00f3n obras p\u00fablicas que de no contar con ese apoyo ser\u00eda imposible su realizaci\u00f3n\u201d, manifest\u00f3 el intendente del radicalismo.<\/p>\n\n\n\n<p>Entre las obras, mencion\u00f3 la Traves\u00eda Urbana, desag\u00fces pluviales, viviendas sociales, CDI que est\u00e1n en marcha y otras que se necesitan como la Red Troncal de calle Farias o la reparaci\u00f3n de los piletones de desechos cloacales.<\/p>\n\n\n\n<p><\/p>\n\n\n\n<p><\/p>\n","protected":false},"excerpt":{"rendered":"<p>El intendente de General Acha, Abel Sabarots, inaugur\u00f3 este viernes a la tarde un nuevo per\u00edodo ordinario de sesiones del Concejo Deliberante. En su discurso, Sabarots dio un fuerte respaldo&hellip;<\/p>\n","protected":false},"author":3,"featured_media":173817,"comment_status":"closed","ping_status":"open","sticky":false,"template":"","format":"standard","meta":{"_acf_changed":false,"footnotes":""},"categories":[1,8],"tags":[],"class_list":["post-255634","post","type-post","status-publish","format-standard","has-post-thumbnail","hentry","category-es-noticia","category-politica"],"acf":[],"yoast_head":"<!-- This site is optimized with the Yoast SEO plugin v27.5 - https:\/\/yoast.com\/product\/yoast-seo-wordpress\/ -->\n<title>Fuerte respaldo del intendente Sabarots al \u201cEstado presente\u201d y la relaci\u00f3n con Ziliotto - Diario Textual<\/title>\n<meta name=\"robots\" content=\"index, follow, max-snippet:-1, max-image-preview:large, max-video-preview:-1\" \/>\n<link rel=\"canonical\" href=\"https:\/\/diariotextual.com\/inicio\/index.php\/2024\/03\/01\/fuerte-respaldo-del-intendente-sabarots-al-estado-presente-y-la-relacion-con-ziliotto\/\" \/>\n<meta property=\"og:locale\" content=\"es_ES\" \/>\n<meta property=\"og:type\" content=\"article\" \/>\n<meta property=\"og:title\" content=\"Fuerte respaldo del intendente Sabarots al \u201cEstado presente\u201d y la relaci\u00f3n con Ziliotto - Diario Textual\" \/>\n<meta property=\"og:description\" content=\"El intendente de General Acha, Abel Sabarots, inaugur\u00f3 este viernes a la tarde un nuevo per\u00edodo ordinario de sesiones del Concejo Deliberante. En su discurso, Sabarots dio un fuerte respaldo&hellip;\" \/>\n<meta property=\"og:url\" content=\"https:\/\/diariotextual.com\/inicio\/index.php\/2024\/03\/01\/fuerte-respaldo-del-intendente-sabarots-al-estado-presente-y-la-relacion-con-ziliotto\/\" \/>\n<meta property=\"og:site_name\" content=\"Diario Textual\" \/>\n<meta property=\"article:publisher\" content=\"https:\/\/www.facebook.com\/eltextual\" \/>\n<meta property=\"article:published_time\" content=\"2024-03-01T22:34:52+00:00\" \/>\n<meta property=\"article:modified_time\" content=\"2024-03-02T16:32:34+00:00\" \/>\n<meta property=\"og:image\" content=\"https:\/\/diariotextual.com\/inicio\/wp-content\/uploads\/2021\/12\/sabarotsabel2021-2.jpg\" \/>\n\t<meta property=\"og:image:width\" content=\"2048\" \/>\n\t<meta property=\"og:image:height\" content=\"1365\" \/>\n\t<meta property=\"og:image:type\" content=\"image\/jpeg\" \/>\n<meta name=\"author\" content=\"Diario1 Diario1\" \/>\n<meta name=\"twitter:card\" content=\"summary_large_image\" \/>\n<meta name=\"twitter:creator\" content=\"@eltextual\" \/>\n<meta name=\"twitter:site\" content=\"@eltextual\" \/>\n<meta name=\"twitter:label1\" content=\"Escrito por\" \/>\n\t<meta name=\"twitter:data1\" content=\"Diario1 Diario1\" \/>\n\t<meta name=\"twitter:label2\" content=\"Tiempo de lectura\" \/>\n\t<meta name=\"twitter:data2\" content=\"4 minutos\" \/>\n<script type=\"application\/ld+json\" class=\"yoast-schema-graph\">{\"@context\":\"https:\\\/\\\/schema.org\",\"@graph\":[{\"@type\":\"Article\",\"@id\":\"https:\\\/\\\/diariotextual.com\\\/inicio\\\/index.php\\\/2024\\\/03\\\/01\\\/fuerte-respaldo-del-intendente-sabarots-al-estado-presente-y-la-relacion-con-ziliotto\\\/#article\",\"isPartOf\":{\"@id\":\"https:\\\/\\\/diariotextual.com\\\/inicio\\\/index.php\\\/2024\\\/03\\\/01\\\/fuerte-respaldo-del-intendente-sabarots-al-estado-presente-y-la-relacion-con-ziliotto\\\/\"},\"author\":{\"name\":\"Diario1 Diario1\",\"@id\":\"https:\\\/\\\/diariotextual.com\\\/inicio\\\/#\\\/schema\\\/person\\\/418fc4093c33e86ed41562db3508f958\"},\"headline\":\"Fuerte respaldo del intendente Sabarots al \u201cEstado presente\u201d y la relaci\u00f3n con Ziliotto\",\"datePublished\":\"2024-03-01T22:34:52+00:00\",\"dateModified\":\"2024-03-02T16:32:34+00:00\",\"mainEntityOfPage\":{\"@id\":\"https:\\\/\\\/diariotextual.com\\\/inicio\\\/index.php\\\/2024\\\/03\\\/01\\\/fuerte-respaldo-del-intendente-sabarots-al-estado-presente-y-la-relacion-con-ziliotto\\\/\"},\"wordCount\":756,\"publisher\":{\"@id\":\"https:\\\/\\\/diariotextual.com\\\/inicio\\\/#organization\"},\"image\":{\"@id\":\"https:\\\/\\\/diariotextual.com\\\/inicio\\\/index.php\\\/2024\\\/03\\\/01\\\/fuerte-respaldo-del-intendente-sabarots-al-estado-presente-y-la-relacion-con-ziliotto\\\/#primaryimage\"},\"thumbnailUrl\":\"https:\\\/\\\/diariotextual.com\\\/inicio\\\/wp-content\\\/uploads\\\/2021\\\/12\\\/sabarotsabel2021-2.jpg\",\"articleSection\":[\"A - ES NOTICIA (van abajo)\",\"POLITICA\"],\"inLanguage\":\"es\"},{\"@type\":\"WebPage\",\"@id\":\"https:\\\/\\\/diariotextual.com\\\/inicio\\\/index.php\\\/2024\\\/03\\\/01\\\/fuerte-respaldo-del-intendente-sabarots-al-estado-presente-y-la-relacion-con-ziliotto\\\/\",\"url\":\"https:\\\/\\\/diariotextual.com\\\/inicio\\\/index.php\\\/2024\\\/03\\\/01\\\/fuerte-respaldo-del-intendente-sabarots-al-estado-presente-y-la-relacion-con-ziliotto\\\/\",\"name\":\"Fuerte respaldo del intendente Sabarots al \u201cEstado presente\u201d y la relaci\u00f3n con Ziliotto - Diario Textual\",\"isPartOf\":{\"@id\":\"https:\\\/\\\/diariotextual.com\\\/inicio\\\/#website\"},\"primaryImageOfPage\":{\"@id\":\"https:\\\/\\\/diariotextual.com\\\/inicio\\\/index.php\\\/2024\\\/03\\\/01\\\/fuerte-respaldo-del-intendente-sabarots-al-estado-presente-y-la-relacion-con-ziliotto\\\/#primaryimage\"},\"image\":{\"@id\":\"https:\\\/\\\/diariotextual.com\\\/inicio\\\/index.php\\\/2024\\\/03\\\/01\\\/fuerte-respaldo-del-intendente-sabarots-al-estado-presente-y-la-relacion-con-ziliotto\\\/#primaryimage\"},\"thumbnailUrl\":\"https:\\\/\\\/diariotextual.com\\\/inicio\\\/wp-content\\\/uploads\\\/2021\\\/12\\\/sabarotsabel2021-2.jpg\",\"datePublished\":\"2024-03-01T22:34:52+00:00\",\"dateModified\":\"2024-03-02T16:32:34+00:00\",\"breadcrumb\":{\"@id\":\"https:\\\/\\\/diariotextual.com\\\/inicio\\\/index.php\\\/2024\\\/03\\\/01\\\/fuerte-respaldo-del-intendente-sabarots-al-estado-presente-y-la-relacion-con-ziliotto\\\/#breadcrumb\"},\"inLanguage\":\"es\",\"potentialAction\":[{\"@type\":\"ReadAction\",\"target\":[\"https:\\\/\\\/diariotextual.com\\\/inicio\\\/index.php\\\/2024\\\/03\\\/01\\\/fuerte-respaldo-del-intendente-sabarots-al-estado-presente-y-la-relacion-con-ziliotto\\\/\"]}]},{\"@type\":\"ImageObject\",\"inLanguage\":\"es\",\"@id\":\"https:\\\/\\\/diariotextual.com\\\/inicio\\\/index.php\\\/2024\\\/03\\\/01\\\/fuerte-respaldo-del-intendente-sabarots-al-estado-presente-y-la-relacion-con-ziliotto\\\/#primaryimage\",\"url\":\"https:\\\/\\\/diariotextual.com\\\/inicio\\\/wp-content\\\/uploads\\\/2021\\\/12\\\/sabarotsabel2021-2.jpg\",\"contentUrl\":\"https:\\\/\\\/diariotextual.com\\\/inicio\\\/wp-content\\\/uploads\\\/2021\\\/12\\\/sabarotsabel2021-2.jpg\",\"width\":2048,\"height\":1365},{\"@type\":\"BreadcrumbList\",\"@id\":\"https:\\\/\\\/diariotextual.com\\\/inicio\\\/index.php\\\/2024\\\/03\\\/01\\\/fuerte-respaldo-del-intendente-sabarots-al-estado-presente-y-la-relacion-con-ziliotto\\\/#breadcrumb\",\"itemListElement\":[{\"@type\":\"ListItem\",\"position\":1,\"name\":\"Portada\",\"item\":\"https:\\\/\\\/diariotextual.com\\\/inicio\\\/\"},{\"@type\":\"ListItem\",\"position\":2,\"name\":\"Fuerte respaldo del intendente Sabarots al \u201cEstado presente\u201d y la relaci\u00f3n con Ziliotto\"}]},{\"@type\":\"WebSite\",\"@id\":\"https:\\\/\\\/diariotextual.com\\\/inicio\\\/#website\",\"url\":\"https:\\\/\\\/diariotextual.com\\\/inicio\\\/\",\"name\":\"Diario Textual\",\"description\":\"\",\"publisher\":{\"@id\":\"https:\\\/\\\/diariotextual.com\\\/inicio\\\/#organization\"},\"potentialAction\":[{\"@type\":\"SearchAction\",\"target\":{\"@type\":\"EntryPoint\",\"urlTemplate\":\"https:\\\/\\\/diariotextual.com\\\/inicio\\\/?s={search_term_string}\"},\"query-input\":{\"@type\":\"PropertyValueSpecification\",\"valueRequired\":true,\"valueName\":\"search_term_string\"}}],\"inLanguage\":\"es\"},{\"@type\":\"Organization\",\"@id\":\"https:\\\/\\\/diariotextual.com\\\/inicio\\\/#organization\",\"name\":\"Diario Textual\",\"url\":\"https:\\\/\\\/diariotextual.com\\\/inicio\\\/\",\"logo\":{\"@type\":\"ImageObject\",\"inLanguage\":\"es\",\"@id\":\"https:\\\/\\\/diariotextual.com\\\/inicio\\\/#\\\/schema\\\/logo\\\/image\\\/\",\"url\":\"https:\\\/\\\/diariotextual.com\\\/inicio\\\/wp-content\\\/uploads\\\/2023\\\/05\\\/logotextual1.jpg\",\"contentUrl\":\"https:\\\/\\\/diariotextual.com\\\/inicio\\\/wp-content\\\/uploads\\\/2023\\\/05\\\/logotextual1.jpg\",\"width\":516,\"height\":76,\"caption\":\"Diario Textual\"},\"image\":{\"@id\":\"https:\\\/\\\/diariotextual.com\\\/inicio\\\/#\\\/schema\\\/logo\\\/image\\\/\"},\"sameAs\":[\"https:\\\/\\\/www.facebook.com\\\/eltextual\",\"https:\\\/\\\/x.com\\\/eltextual\",\"http:\\\/\\\/www.instagram.com\\\/eltextual\"]},{\"@type\":\"Person\",\"@id\":\"https:\\\/\\\/diariotextual.com\\\/inicio\\\/#\\\/schema\\\/person\\\/418fc4093c33e86ed41562db3508f958\",\"name\":\"Diario1 Diario1\",\"image\":{\"@type\":\"ImageObject\",\"inLanguage\":\"es\",\"@id\":\"https:\\\/\\\/secure.gravatar.com\\\/avatar\\\/9167d280179c85bc18be67aa7eda765854300033af4896dd779b608640f2ef7a?s=96&d=mm&r=g\",\"url\":\"https:\\\/\\\/secure.gravatar.com\\\/avatar\\\/9167d280179c85bc18be67aa7eda765854300033af4896dd779b608640f2ef7a?s=96&d=mm&r=g\",\"contentUrl\":\"https:\\\/\\\/secure.gravatar.com\\\/avatar\\\/9167d280179c85bc18be67aa7eda765854300033af4896dd779b608640f2ef7a?s=96&d=mm&r=g\",\"caption\":\"Diario1 Diario1\"},\"url\":\"https:\\\/\\\/diariotextual.com\\\/inicio\\\/index.php\\\/author\\\/diario1\\\/\"}]}<\/script>\n<!-- \/ Yoast SEO plugin. -->","yoast_head_json":{"title":"Fuerte respaldo del intendente Sabarots al \u201cEstado presente\u201d y la relaci\u00f3n con Ziliotto - Diario Textual","robots":{"index":"index","follow":"follow","max-snippet":"max-snippet:-1","max-image-preview":"max-image-preview:large","max-video-preview":"max-video-preview:-1"},"canonical":"https:\/\/diariotextual.com\/inicio\/index.php\/2024\/03\/01\/fuerte-respaldo-del-intendente-sabarots-al-estado-presente-y-la-relacion-con-ziliotto\/","og_locale":"es_ES","og_type":"article","og_title":"Fuerte respaldo del intendente Sabarots al \u201cEstado presente\u201d y la relaci\u00f3n con Ziliotto - Diario Textual","og_description":"El intendente de General Acha, Abel Sabarots, inaugur\u00f3 este viernes a la tarde un nuevo per\u00edodo ordinario de sesiones del Concejo Deliberante. En su discurso, Sabarots dio un fuerte respaldo&hellip;","og_url":"https:\/\/diariotextual.com\/inicio\/index.php\/2024\/03\/01\/fuerte-respaldo-del-intendente-sabarots-al-estado-presente-y-la-relacion-con-ziliotto\/","og_site_name":"Diario Textual","article_publisher":"https:\/\/www.facebook.com\/eltextual","article_published_time":"2024-03-01T22:34:52+00:00","article_modified_time":"2024-03-02T16:32:34+00:00","og_image":[{"width":2048,"height":1365,"url":"https:\/\/diariotextual.com\/inicio\/wp-content\/uploads\/2021\/12\/sabarotsabel2021-2.jpg","type":"image\/jpeg"}],"author":"Diario1 Diario1","twitter_card":"summary_large_image","twitter_creator":"@eltextual","twitter_site":"@eltextual","twitter_misc":{"Escrito por":"Diario1 Diario1","Tiempo de lectura":"4 minutos"},"schema":{"@context":"https:\/\/schema.org","@graph":[{"@type":"Article","@id":"https:\/\/diariotextual.com\/inicio\/index.php\/2024\/03\/01\/fuerte-respaldo-del-intendente-sabarots-al-estado-presente-y-la-relacion-con-ziliotto\/#article","isPartOf":{"@id":"https:\/\/diariotextual.com\/inicio\/index.php\/2024\/03\/01\/fuerte-respaldo-del-intendente-sabarots-al-estado-presente-y-la-relacion-con-ziliotto\/"},"author":{"name":"Diario1 Diario1","@id":"https:\/\/diariotextual.com\/inicio\/#\/schema\/person\/418fc4093c33e86ed41562db3508f958"},"headline":"Fuerte respaldo del intendente Sabarots al \u201cEstado presente\u201d y la relaci\u00f3n con Ziliotto","datePublished":"2024-03-01T22:34:52+00:00","dateModified":"2024-03-02T16:32:34+00:00","mainEntityOfPage":{"@id":"https:\/\/diariotextual.com\/inicio\/index.php\/2024\/03\/01\/fuerte-respaldo-del-intendente-sabarots-al-estado-presente-y-la-relacion-con-ziliotto\/"},"wordCount":756,"publisher":{"@id":"https:\/\/diariotextual.com\/inicio\/#organization"},"image":{"@id":"https:\/\/diariotextual.com\/inicio\/index.php\/2024\/03\/01\/fuerte-respaldo-del-intendente-sabarots-al-estado-presente-y-la-relacion-con-ziliotto\/#primaryimage"},"thumbnailUrl":"https:\/\/diariotextual.com\/inicio\/wp-content\/uploads\/2021\/12\/sabarotsabel2021-2.jpg","articleSection":["A - ES NOTICIA (van abajo)","POLITICA"],"inLanguage":"es"},{"@type":"WebPage","@id":"https:\/\/diariotextual.com\/inicio\/index.php\/2024\/03\/01\/fuerte-respaldo-del-intendente-sabarots-al-estado-presente-y-la-relacion-con-ziliotto\/","url":"https:\/\/diariotextual.com\/inicio\/index.php\/2024\/03\/01\/fuerte-respaldo-del-intendente-sabarots-al-estado-presente-y-la-relacion-con-ziliotto\/","name":"Fuerte respaldo del intendente Sabarots al \u201cEstado presente\u201d y la relaci\u00f3n con Ziliotto - Diario Textual","isPartOf":{"@id":"https:\/\/diariotextual.com\/inicio\/#website"},"primaryImageOfPage":{"@id":"https:\/\/diariotextual.com\/inicio\/index.php\/2024\/03\/01\/fuerte-respaldo-del-intendente-sabarots-al-estado-presente-y-la-relacion-con-ziliotto\/#primaryimage"},"image":{"@id":"https:\/\/diariotextual.com\/inicio\/index.php\/2024\/03\/01\/fuerte-respaldo-del-intendente-sabarots-al-estado-presente-y-la-relacion-con-ziliotto\/#primaryimage"},"thumbnailUrl":"https:\/\/diariotextual.com\/inicio\/wp-content\/uploads\/2021\/12\/sabarotsabel2021-2.jpg","datePublished":"2024-03-01T22:34:52+00:00","dateModified":"2024-03-02T16:32:34+00:00","breadcrumb":{"@id":"https:\/\/diariotextual.com\/inicio\/index.php\/2024\/03\/01\/fuerte-respaldo-del-intendente-sabarots-al-estado-presente-y-la-relacion-con-ziliotto\/#breadcrumb"},"inLanguage":"es","potentialAction":[{"@type":"ReadAction","target":["https:\/\/diariotextual.com\/inicio\/index.php\/2024\/03\/01\/fuerte-respaldo-del-intendente-sabarots-al-estado-presente-y-la-relacion-con-ziliotto\/"]}]},{"@type":"ImageObject","inLanguage":"es","@id":"https:\/\/diariotextual.com\/inicio\/index.php\/2024\/03\/01\/fuerte-respaldo-del-intendente-sabarots-al-estado-presente-y-la-relacion-con-ziliotto\/#primaryimage","url":"https:\/\/diariotextual.com\/inicio\/wp-content\/uploads\/2021\/12\/sabarotsabel2021-2.jpg","contentUrl":"https:\/\/diariotextual.com\/inicio\/wp-content\/uploads\/2021\/12\/sabarotsabel2021-2.jpg","width":2048,"height":1365},{"@type":"BreadcrumbList","@id":"https:\/\/diariotextual.com\/inicio\/index.php\/2024\/03\/01\/fuerte-respaldo-del-intendente-sabarots-al-estado-presente-y-la-relacion-con-ziliotto\/#breadcrumb","itemListElement":[{"@type":"ListItem","position":1,"name":"Portada","item":"https:\/\/diariotextual.com\/inicio\/"},{"@type":"ListItem","position":2,"name":"Fuerte respaldo del intendente Sabarots al \u201cEstado presente\u201d y la relaci\u00f3n con Ziliotto"}]},{"@type":"WebSite","@id":"https:\/\/diariotextual.com\/inicio\/#website","url":"https:\/\/diariotextual.com\/inicio\/","name":"Diario Textual","description":"","publisher":{"@id":"https:\/\/diariotextual.com\/inicio\/#organization"},"potentialAction":[{"@type":"SearchAction","target":{"@type":"EntryPoint","urlTemplate":"https:\/\/diariotextual.com\/inicio\/?s={search_term_string}"},"query-input":{"@type":"PropertyValueSpecification","valueRequired":true,"valueName":"search_term_string"}}],"inLanguage":"es"},{"@type":"Organization","@id":"https:\/\/diariotextual.com\/inicio\/#organization","name":"Diario Textual","url":"https:\/\/diariotextual.com\/inicio\/","logo":{"@type":"ImageObject","inLanguage":"es","@id":"https:\/\/diariotextual.com\/inicio\/#\/schema\/logo\/image\/","url":"https:\/\/diariotextual.com\/inicio\/wp-content\/uploads\/2023\/05\/logotextual1.jpg","contentUrl":"https:\/\/diariotextual.com\/inicio\/wp-content\/uploads\/2023\/05\/logotextual1.jpg","width":516,"height":76,"caption":"Diario Textual"},"image":{"@id":"https:\/\/diariotextual.com\/inicio\/#\/schema\/logo\/image\/"},"sameAs":["https:\/\/www.facebook.com\/eltextual","https:\/\/x.com\/eltextual","http:\/\/www.instagram.com\/eltextual"]},{"@type":"Person","@id":"https:\/\/diariotextual.com\/inicio\/#\/schema\/person\/418fc4093c33e86ed41562db3508f958","name":"Diario1 Diario1","image":{"@type":"ImageObject","inLanguage":"es","@id":"https:\/\/secure.gravatar.com\/avatar\/9167d280179c85bc18be67aa7eda765854300033af4896dd779b608640f2ef7a?s=96&d=mm&r=g","url":"https:\/\/secure.gravatar.com\/avatar\/9167d280179c85bc18be67aa7eda765854300033af4896dd779b608640f2ef7a?s=96&d=mm&r=g","contentUrl":"https:\/\/secure.gravatar.com\/avatar\/9167d280179c85bc18be67aa7eda765854300033af4896dd779b608640f2ef7a?s=96&d=mm&r=g","caption":"Diario1 Diario1"},"url":"https:\/\/diariotextual.com\/inicio\/index.php\/author\/diario1\/"}]}},"_links":{"self":[{"href":"https:\/\/diariotextual.com\/inicio\/index.php\/wp-json\/wp\/v2\/posts\/255634","targetHints":{"allow":["GET"]}}],"collection":[{"href":"https:\/\/diariotextual.com\/inicio\/index.php\/wp-json\/wp\/v2\/posts"}],"about":[{"href":"https:\/\/diariotextual.com\/inicio\/index.php\/wp-json\/wp\/v2\/types\/post"}],"author":[{"embeddable":true,"href":"https:\/\/diariotextual.com\/inicio\/index.php\/wp-json\/wp\/v2\/users\/3"}],"replies":[{"embeddable":true,"href":"https:\/\/diariotextual.com\/inicio\/index.php\/wp-json\/wp\/v2\/comments?post=255634"}],"version-history":[{"count":1,"href":"https:\/\/diariotextual.com\/inicio\/index.php\/wp-json\/wp\/v2\/posts\/255634\/revisions"}],"predecessor-version":[{"id":255635,"href":"https:\/\/diariotextual.com\/inicio\/index.php\/wp-json\/wp\/v2\/posts\/255634\/revisions\/255635"}],"wp:featuredmedia":[{"embeddable":true,"href":"https:\/\/diariotextual.com\/inicio\/index.php\/wp-json\/wp\/v2\/media\/173817"}],"wp:attachment":[{"href":"https:\/\/diariotextual.com\/inicio\/index.php\/wp-json\/wp\/v2\/media?parent=255634"}],"wp:term":[{"taxonomy":"category","embeddable":true,"href":"https:\/\/diariotextual.com\/inicio\/index.php\/wp-json\/wp\/v2\/categories?post=255634"},{"taxonomy":"post_tag","embeddable":true,"href":"https:\/\/diariotextual.com\/inicio\/index.php\/wp-json\/wp\/v2\/tags?post=255634"}],"curies":[{"name":"wp","href":"https:\/\/api.w.org\/{rel}","templated":true}]}}