{"id":255647,"date":"2024-03-01T21:52:28","date_gmt":"2024-03-02T00:52:28","guid":{"rendered":"https:\/\/diariotextual.com\/inicio\/?p=255647"},"modified":"2024-03-02T07:23:06","modified_gmt":"2024-03-02T10:23:06","slug":"milei-insiste-con-la-ley-omnibus-y-convoca-a-los-gobernadores-a-firmar-un-nuevo-pacto","status":"publish","type":"post","link":"https:\/\/diariotextual.com\/inicio\/index.php\/2024\/03\/01\/milei-insiste-con-la-ley-omnibus-y-convoca-a-los-gobernadores-a-firmar-un-nuevo-pacto\/","title":{"rendered":"Milei convoca a los gobernadores a firmar un nuevo pacto, pero solo si le aprueban la ley \u00f3mnibus"},"content":{"rendered":"\n<p>El presidente <strong>Javier Milei<\/strong>, en su discurso de apertura de las sesiones del Congreso, convoc\u00f3 a las 23 provincias y la Ciudad de Buenos Aires a la firma de <strong>un nuevo pacto <\/strong>fundacional para la Rep\u00fablica Argentina. Pero tras la invitaci\u00f3n vino la extorsi\u00f3n, porque a los jefes provinciales los oblig\u00f3, primero, a dar luz verde a la Ley \u00d3mnibus que el Congreso no pudo aprobar, a la vez que insisti\u00f3 que, en el pacto, los puntos centrales sean los que \u00e9l decidi\u00f3, entre ellos, un rectorte del gasto p\u00fablico, un compromiso para la contin\u00faa explotaci\u00f3n de los recursos natutales y una reforma electoral.<\/p>\n\n\n\n<figure class=\"wp-block-image size-full\"><img fetchpriority=\"high\" decoding=\"async\" width=\"894\" height=\"562\" src=\"https:\/\/diariotextual.com\/inicio\/wp-content\/uploads\/2024\/03\/pactodemayomilei2024-1.jpg\" alt=\"\" class=\"wp-image-255651\" srcset=\"https:\/\/diariotextual.com\/inicio\/wp-content\/uploads\/2024\/03\/pactodemayomilei2024-1.jpg 894w, https:\/\/diariotextual.com\/inicio\/wp-content\/uploads\/2024\/03\/pactodemayomilei2024-1-300x189.jpg 300w, https:\/\/diariotextual.com\/inicio\/wp-content\/uploads\/2024\/03\/pactodemayomilei2024-1-768x483.jpg 768w, https:\/\/diariotextual.com\/inicio\/wp-content\/uploads\/2024\/03\/pactodemayomilei2024-1-585x368.jpg 585w\" sizes=\"(max-width: 894px) 100vw, 894px\" \/><\/figure>\n\n\n\n<p>Consta de un acuerdo de diez puntos que, dijo, tienen por objetivo la reconstrucci\u00f3n de las bases de la Argentina.<\/p>\n\n\n\n<p><strong>El presidente aclar\u00f3 que la firma conjunta del llamado \u201cPacto de Mayo\u201d estar\u00e1 sujeta a la aprobaci\u00f3n de la \u201cLey Bases y Puntos de Partida para la Libertad de los Argentinos\u201d y un nuevo pacto fiscal.<\/strong><\/p>\n\n\n\n<p>\u201cQuiero desafiarlos a que me demuestren que la pol\u00edtica es m\u00e1s que lo que es, que podemos aspirar a ser mejores. Con el deseo de estar equivocado en mi desconfianza hacia muchos de ustedes quiero aprovechar esta ocasi\u00f3n para extenderles una invitaci\u00f3n: convocar tanto a gobernadores como a expresidentes, l\u00edderes de la oposici\u00f3n y de los principales partidos pol\u00edticos a que depongamos nuestros intereses personales y nos encontremos el 25 de mayo en C\u00f3rdoba para un nuevo contrato social llamado Pacto de Mayo\u201d, propuso Milei ante el Congreso. \u201cUn contrato social que establezca los 10 principios del nuevo orden econ\u00f3mico argentino\u201d, explic\u00f3.<\/p>\n\n\n\n<p>Adem\u00e1s, el presidente anunci\u00f3 la presentaci\u00f3n de un<strong> \u201cproyecto de ley anticasta\u201d <\/strong>que incluir\u00e1 una serie de reformas entre las que distingui\u00f3, el fin de de jubilaciones de privilegio y reelecciones indefinidas en sindicatos y ficha limpia para funcionarios. \u201cEliminaremos la jubilaciones de privilegio para presidente y vicepresidente; obligaremos a los sindicatos a elegir a sus autoridades a trav\u00e9s de elecciones peri\u00f3dicas, libres y supervisadas por la justicia electoral que limitar\u00e1 los mandatos a cuatro a\u00f1os y establecer\u00e1 un tope de una sola reelecci\u00f3n\u201d, detall\u00f3 en medio de arengas y aplausos.<\/p>\n\n\n\n<p>Luego de varias semanas de incrementar la tensi\u00f3n con las provincias y de recortar transferencias de fondos nacionales, Milei&nbsp;<strong>convoc\u00f3 para la semana pr\u00f3xima a los gobernadores <\/strong>a un encuentro para<strong>&nbsp;avanzar con la firma de un pacto de diez puntos<\/strong>&nbsp;que contiene, entre otros reformas, el cambio de la Ley de Coparticipaci\u00f3n Federal, la reducci\u00f3n del Gasto P\u00fablico hasta el 25% del Producto Bruto Interno, y una reforma previsional y laboral.<\/p>\n\n\n\n<p>El Gobierno llamar\u00e1 la semana pr\u00f3xima a una reuni\u00f3n con los gobernadores en Buenos Aires para un encuentro preliminar y luego quiere avanzar en las conversaciones con los dirigentes m\u00e1s importantes de los partidos de la oposici\u00f3n para tener listo el acuerdo para que se rubrique el 25 de mayo en C\u00f3rdoba.<\/p>\n\n\n\n<p>Los diez puntos del acuerdo que quiere firmar Milei son los que siguen:<\/p>\n\n\n\n<p><strong>1.&nbsp;<\/strong>La inviolabilidad de la propiedad privada.<\/p>\n\n\n\n<p><strong>2.<\/strong>&nbsp;El equilibrio fiscal innegociable.<\/p>\n\n\n\n<p><strong>3.&nbsp;<\/strong>La reducci\u00f3n del gasto p\u00fablico a niveles hist\u00f3ricos, en torno al 25% del Producto Bruto Interno.<\/p>\n\n\n\n<p><strong>4.&nbsp;<\/strong>Una reforma tributaria que reduzca la presi\u00f3n impositiva, simplifique la vida de los argentinos y promueva el comercio.<\/p>\n\n\n\n<p><strong>5.&nbsp;<\/strong>La rediscuci\u00f3n de la coparticipaci\u00f3n federal de impuestos para terminar para siempre con el modelo extorsivo actual.<\/p>\n\n\n\n<p><strong>6.&nbsp;<\/strong>Un compromiso de las provincias de avanzar en la explotaci\u00f3n de los recursos naturales del pa\u00eds.<\/p>\n\n\n\n<p><strong>7.&nbsp;<\/strong>Una reforma laboral moderna que promueva el trabajo formal.<\/p>\n\n\n\n<p><strong>8.&nbsp;<\/strong>Una reforma previsional que le d\u00e9 sustentabilidad al sistema, respete a quienes aportaron, y permita, a quienes prefieran, suscribirse a un sistema privado de jubilaci\u00f3n.<\/p>\n\n\n\n<p><strong>9.&nbsp;<\/strong>Una reforma pol\u00edtica estructural, que modifique el sistema actual y vuelva a alinear los intereses de los representantes y los representados.<\/p>\n\n\n\n<p><strong>10.<\/strong>&nbsp;La apertura al comercio internacional, de manera que la Argentina vuelva a ser una protagonista del mercado global.<\/p>\n\n\n\n<p><\/p>\n","protected":false},"excerpt":{"rendered":"<p>El presidente Javier Milei, en su discurso de apertura de las sesiones del Congreso, convoc\u00f3 a las 23 provincias y la Ciudad de Buenos Aires a la firma de un&hellip;<\/p>\n","protected":false},"author":3,"featured_media":255645,"comment_status":"closed","ping_status":"open","sticky":false,"template":"","format":"standard","meta":{"_acf_changed":false,"footnotes":""},"categories":[1,8],"tags":[],"class_list":["post-255647","post","type-post","status-publish","format-standard","has-post-thumbnail","hentry","category-es-noticia","category-politica"],"acf":[],"yoast_head":"<!-- This site is optimized with the Yoast SEO plugin v27.5 - https:\/\/yoast.com\/product\/yoast-seo-wordpress\/ -->\n<title>Milei convoca a los gobernadores a firmar un nuevo pacto, pero solo si le aprueban la ley \u00f3mnibus - Diario Textual<\/title>\n<meta name=\"robots\" content=\"index, follow, max-snippet:-1, max-image-preview:large, max-video-preview:-1\" \/>\n<link rel=\"canonical\" href=\"https:\/\/diariotextual.com\/inicio\/index.php\/2024\/03\/01\/milei-insiste-con-la-ley-omnibus-y-convoca-a-los-gobernadores-a-firmar-un-nuevo-pacto\/\" \/>\n<meta property=\"og:locale\" content=\"es_ES\" \/>\n<meta property=\"og:type\" content=\"article\" \/>\n<meta property=\"og:title\" content=\"Milei convoca a los gobernadores a firmar un nuevo pacto, pero solo si le aprueban la ley \u00f3mnibus - Diario Textual\" \/>\n<meta property=\"og:description\" content=\"El presidente Javier Milei, en su discurso de apertura de las sesiones del Congreso, convoc\u00f3 a las 23 provincias y la Ciudad de Buenos Aires a la firma de un&hellip;\" \/>\n<meta property=\"og:url\" content=\"https:\/\/diariotextual.com\/inicio\/index.php\/2024\/03\/01\/milei-insiste-con-la-ley-omnibus-y-convoca-a-los-gobernadores-a-firmar-un-nuevo-pacto\/\" \/>\n<meta property=\"og:site_name\" content=\"Diario Textual\" \/>\n<meta property=\"article:publisher\" content=\"https:\/\/www.facebook.com\/eltextual\" \/>\n<meta property=\"article:published_time\" content=\"2024-03-02T00:52:28+00:00\" \/>\n<meta property=\"article:modified_time\" content=\"2024-03-02T10:23:06+00:00\" \/>\n<meta property=\"og:image\" content=\"https:\/\/diariotextual.com\/inicio\/wp-content\/uploads\/2024\/03\/mileijavierasamblealegislativa2024-2.jpg\" \/>\n\t<meta property=\"og:image:width\" content=\"1200\" \/>\n\t<meta property=\"og:image:height\" content=\"675\" \/>\n\t<meta property=\"og:image:type\" content=\"image\/jpeg\" \/>\n<meta name=\"author\" content=\"Diario1 Diario1\" \/>\n<meta name=\"twitter:card\" content=\"summary_large_image\" \/>\n<meta name=\"twitter:creator\" content=\"@eltextual\" \/>\n<meta name=\"twitter:site\" content=\"@eltextual\" \/>\n<meta name=\"twitter:label1\" content=\"Escrito por\" \/>\n\t<meta name=\"twitter:data1\" content=\"Diario1 Diario1\" \/>\n\t<meta name=\"twitter:label2\" content=\"Tiempo de lectura\" \/>\n\t<meta name=\"twitter:data2\" content=\"4 minutos\" \/>\n<script type=\"application\/ld+json\" class=\"yoast-schema-graph\">{\"@context\":\"https:\\\/\\\/schema.org\",\"@graph\":[{\"@type\":\"Article\",\"@id\":\"https:\\\/\\\/diariotextual.com\\\/inicio\\\/index.php\\\/2024\\\/03\\\/01\\\/milei-insiste-con-la-ley-omnibus-y-convoca-a-los-gobernadores-a-firmar-un-nuevo-pacto\\\/#article\",\"isPartOf\":{\"@id\":\"https:\\\/\\\/diariotextual.com\\\/inicio\\\/index.php\\\/2024\\\/03\\\/01\\\/milei-insiste-con-la-ley-omnibus-y-convoca-a-los-gobernadores-a-firmar-un-nuevo-pacto\\\/\"},\"author\":{\"name\":\"Diario1 Diario1\",\"@id\":\"https:\\\/\\\/diariotextual.com\\\/inicio\\\/#\\\/schema\\\/person\\\/418fc4093c33e86ed41562db3508f958\"},\"headline\":\"Milei convoca a los gobernadores a firmar un nuevo pacto, pero solo si le aprueban la ley \u00f3mnibus\",\"datePublished\":\"2024-03-02T00:52:28+00:00\",\"dateModified\":\"2024-03-02T10:23:06+00:00\",\"mainEntityOfPage\":{\"@id\":\"https:\\\/\\\/diariotextual.com\\\/inicio\\\/index.php\\\/2024\\\/03\\\/01\\\/milei-insiste-con-la-ley-omnibus-y-convoca-a-los-gobernadores-a-firmar-un-nuevo-pacto\\\/\"},\"wordCount\":708,\"publisher\":{\"@id\":\"https:\\\/\\\/diariotextual.com\\\/inicio\\\/#organization\"},\"image\":{\"@id\":\"https:\\\/\\\/diariotextual.com\\\/inicio\\\/index.php\\\/2024\\\/03\\\/01\\\/milei-insiste-con-la-ley-omnibus-y-convoca-a-los-gobernadores-a-firmar-un-nuevo-pacto\\\/#primaryimage\"},\"thumbnailUrl\":\"https:\\\/\\\/diariotextual.com\\\/inicio\\\/wp-content\\\/uploads\\\/2024\\\/03\\\/mileijavierasamblealegislativa2024-2.jpg\",\"articleSection\":[\"A - ES NOTICIA (van abajo)\",\"POLITICA\"],\"inLanguage\":\"es\"},{\"@type\":\"WebPage\",\"@id\":\"https:\\\/\\\/diariotextual.com\\\/inicio\\\/index.php\\\/2024\\\/03\\\/01\\\/milei-insiste-con-la-ley-omnibus-y-convoca-a-los-gobernadores-a-firmar-un-nuevo-pacto\\\/\",\"url\":\"https:\\\/\\\/diariotextual.com\\\/inicio\\\/index.php\\\/2024\\\/03\\\/01\\\/milei-insiste-con-la-ley-omnibus-y-convoca-a-los-gobernadores-a-firmar-un-nuevo-pacto\\\/\",\"name\":\"Milei convoca a los gobernadores a firmar un nuevo pacto, pero solo si le aprueban la ley \u00f3mnibus - Diario Textual\",\"isPartOf\":{\"@id\":\"https:\\\/\\\/diariotextual.com\\\/inicio\\\/#website\"},\"primaryImageOfPage\":{\"@id\":\"https:\\\/\\\/diariotextual.com\\\/inicio\\\/index.php\\\/2024\\\/03\\\/01\\\/milei-insiste-con-la-ley-omnibus-y-convoca-a-los-gobernadores-a-firmar-un-nuevo-pacto\\\/#primaryimage\"},\"image\":{\"@id\":\"https:\\\/\\\/diariotextual.com\\\/inicio\\\/index.php\\\/2024\\\/03\\\/01\\\/milei-insiste-con-la-ley-omnibus-y-convoca-a-los-gobernadores-a-firmar-un-nuevo-pacto\\\/#primaryimage\"},\"thumbnailUrl\":\"https:\\\/\\\/diariotextual.com\\\/inicio\\\/wp-content\\\/uploads\\\/2024\\\/03\\\/mileijavierasamblealegislativa2024-2.jpg\",\"datePublished\":\"2024-03-02T00:52:28+00:00\",\"dateModified\":\"2024-03-02T10:23:06+00:00\",\"breadcrumb\":{\"@id\":\"https:\\\/\\\/diariotextual.com\\\/inicio\\\/index.php\\\/2024\\\/03\\\/01\\\/milei-insiste-con-la-ley-omnibus-y-convoca-a-los-gobernadores-a-firmar-un-nuevo-pacto\\\/#breadcrumb\"},\"inLanguage\":\"es\",\"potentialAction\":[{\"@type\":\"ReadAction\",\"target\":[\"https:\\\/\\\/diariotextual.com\\\/inicio\\\/index.php\\\/2024\\\/03\\\/01\\\/milei-insiste-con-la-ley-omnibus-y-convoca-a-los-gobernadores-a-firmar-un-nuevo-pacto\\\/\"]}]},{\"@type\":\"ImageObject\",\"inLanguage\":\"es\",\"@id\":\"https:\\\/\\\/diariotextual.com\\\/inicio\\\/index.php\\\/2024\\\/03\\\/01\\\/milei-insiste-con-la-ley-omnibus-y-convoca-a-los-gobernadores-a-firmar-un-nuevo-pacto\\\/#primaryimage\",\"url\":\"https:\\\/\\\/diariotextual.com\\\/inicio\\\/wp-content\\\/uploads\\\/2024\\\/03\\\/mileijavierasamblealegislativa2024-2.jpg\",\"contentUrl\":\"https:\\\/\\\/diariotextual.com\\\/inicio\\\/wp-content\\\/uploads\\\/2024\\\/03\\\/mileijavierasamblealegislativa2024-2.jpg\",\"width\":1200,\"height\":675},{\"@type\":\"BreadcrumbList\",\"@id\":\"https:\\\/\\\/diariotextual.com\\\/inicio\\\/index.php\\\/2024\\\/03\\\/01\\\/milei-insiste-con-la-ley-omnibus-y-convoca-a-los-gobernadores-a-firmar-un-nuevo-pacto\\\/#breadcrumb\",\"itemListElement\":[{\"@type\":\"ListItem\",\"position\":1,\"name\":\"Portada\",\"item\":\"https:\\\/\\\/diariotextual.com\\\/inicio\\\/\"},{\"@type\":\"ListItem\",\"position\":2,\"name\":\"Milei convoca a los gobernadores a firmar un nuevo pacto, pero solo si le aprueban la ley \u00f3mnibus\"}]},{\"@type\":\"WebSite\",\"@id\":\"https:\\\/\\\/diariotextual.com\\\/inicio\\\/#website\",\"url\":\"https:\\\/\\\/diariotextual.com\\\/inicio\\\/\",\"name\":\"Diario Textual\",\"description\":\"\",\"publisher\":{\"@id\":\"https:\\\/\\\/diariotextual.com\\\/inicio\\\/#organization\"},\"potentialAction\":[{\"@type\":\"SearchAction\",\"target\":{\"@type\":\"EntryPoint\",\"urlTemplate\":\"https:\\\/\\\/diariotextual.com\\\/inicio\\\/?s={search_term_string}\"},\"query-input\":{\"@type\":\"PropertyValueSpecification\",\"valueRequired\":true,\"valueName\":\"search_term_string\"}}],\"inLanguage\":\"es\"},{\"@type\":\"Organization\",\"@id\":\"https:\\\/\\\/diariotextual.com\\\/inicio\\\/#organization\",\"name\":\"Diario Textual\",\"url\":\"https:\\\/\\\/diariotextual.com\\\/inicio\\\/\",\"logo\":{\"@type\":\"ImageObject\",\"inLanguage\":\"es\",\"@id\":\"https:\\\/\\\/diariotextual.com\\\/inicio\\\/#\\\/schema\\\/logo\\\/image\\\/\",\"url\":\"https:\\\/\\\/diariotextual.com\\\/inicio\\\/wp-content\\\/uploads\\\/2023\\\/05\\\/logotextual1.jpg\",\"contentUrl\":\"https:\\\/\\\/diariotextual.com\\\/inicio\\\/wp-content\\\/uploads\\\/2023\\\/05\\\/logotextual1.jpg\",\"width\":516,\"height\":76,\"caption\":\"Diario Textual\"},\"image\":{\"@id\":\"https:\\\/\\\/diariotextual.com\\\/inicio\\\/#\\\/schema\\\/logo\\\/image\\\/\"},\"sameAs\":[\"https:\\\/\\\/www.facebook.com\\\/eltextual\",\"https:\\\/\\\/x.com\\\/eltextual\",\"http:\\\/\\\/www.instagram.com\\\/eltextual\"]},{\"@type\":\"Person\",\"@id\":\"https:\\\/\\\/diariotextual.com\\\/inicio\\\/#\\\/schema\\\/person\\\/418fc4093c33e86ed41562db3508f958\",\"name\":\"Diario1 Diario1\",\"image\":{\"@type\":\"ImageObject\",\"inLanguage\":\"es\",\"@id\":\"https:\\\/\\\/secure.gravatar.com\\\/avatar\\\/9167d280179c85bc18be67aa7eda765854300033af4896dd779b608640f2ef7a?s=96&d=mm&r=g\",\"url\":\"https:\\\/\\\/secure.gravatar.com\\\/avatar\\\/9167d280179c85bc18be67aa7eda765854300033af4896dd779b608640f2ef7a?s=96&d=mm&r=g\",\"contentUrl\":\"https:\\\/\\\/secure.gravatar.com\\\/avatar\\\/9167d280179c85bc18be67aa7eda765854300033af4896dd779b608640f2ef7a?s=96&d=mm&r=g\",\"caption\":\"Diario1 Diario1\"},\"url\":\"https:\\\/\\\/diariotextual.com\\\/inicio\\\/index.php\\\/author\\\/diario1\\\/\"}]}<\/script>\n<!-- \/ Yoast SEO plugin. -->","yoast_head_json":{"title":"Milei convoca a los gobernadores a firmar un nuevo pacto, pero solo si le aprueban la ley \u00f3mnibus - Diario Textual","robots":{"index":"index","follow":"follow","max-snippet":"max-snippet:-1","max-image-preview":"max-image-preview:large","max-video-preview":"max-video-preview:-1"},"canonical":"https:\/\/diariotextual.com\/inicio\/index.php\/2024\/03\/01\/milei-insiste-con-la-ley-omnibus-y-convoca-a-los-gobernadores-a-firmar-un-nuevo-pacto\/","og_locale":"es_ES","og_type":"article","og_title":"Milei convoca a los gobernadores a firmar un nuevo pacto, pero solo si le aprueban la ley \u00f3mnibus - Diario Textual","og_description":"El presidente Javier Milei, en su discurso de apertura de las sesiones del Congreso, convoc\u00f3 a las 23 provincias y la Ciudad de Buenos Aires a la firma de un&hellip;","og_url":"https:\/\/diariotextual.com\/inicio\/index.php\/2024\/03\/01\/milei-insiste-con-la-ley-omnibus-y-convoca-a-los-gobernadores-a-firmar-un-nuevo-pacto\/","og_site_name":"Diario Textual","article_publisher":"https:\/\/www.facebook.com\/eltextual","article_published_time":"2024-03-02T00:52:28+00:00","article_modified_time":"2024-03-02T10:23:06+00:00","og_image":[{"width":1200,"height":675,"url":"https:\/\/diariotextual.com\/inicio\/wp-content\/uploads\/2024\/03\/mileijavierasamblealegislativa2024-2.jpg","type":"image\/jpeg"}],"author":"Diario1 Diario1","twitter_card":"summary_large_image","twitter_creator":"@eltextual","twitter_site":"@eltextual","twitter_misc":{"Escrito por":"Diario1 Diario1","Tiempo de lectura":"4 minutos"},"schema":{"@context":"https:\/\/schema.org","@graph":[{"@type":"Article","@id":"https:\/\/diariotextual.com\/inicio\/index.php\/2024\/03\/01\/milei-insiste-con-la-ley-omnibus-y-convoca-a-los-gobernadores-a-firmar-un-nuevo-pacto\/#article","isPartOf":{"@id":"https:\/\/diariotextual.com\/inicio\/index.php\/2024\/03\/01\/milei-insiste-con-la-ley-omnibus-y-convoca-a-los-gobernadores-a-firmar-un-nuevo-pacto\/"},"author":{"name":"Diario1 Diario1","@id":"https:\/\/diariotextual.com\/inicio\/#\/schema\/person\/418fc4093c33e86ed41562db3508f958"},"headline":"Milei convoca a los gobernadores a firmar un nuevo pacto, pero solo si le aprueban la ley \u00f3mnibus","datePublished":"2024-03-02T00:52:28+00:00","dateModified":"2024-03-02T10:23:06+00:00","mainEntityOfPage":{"@id":"https:\/\/diariotextual.com\/inicio\/index.php\/2024\/03\/01\/milei-insiste-con-la-ley-omnibus-y-convoca-a-los-gobernadores-a-firmar-un-nuevo-pacto\/"},"wordCount":708,"publisher":{"@id":"https:\/\/diariotextual.com\/inicio\/#organization"},"image":{"@id":"https:\/\/diariotextual.com\/inicio\/index.php\/2024\/03\/01\/milei-insiste-con-la-ley-omnibus-y-convoca-a-los-gobernadores-a-firmar-un-nuevo-pacto\/#primaryimage"},"thumbnailUrl":"https:\/\/diariotextual.com\/inicio\/wp-content\/uploads\/2024\/03\/mileijavierasamblealegislativa2024-2.jpg","articleSection":["A - ES NOTICIA (van abajo)","POLITICA"],"inLanguage":"es"},{"@type":"WebPage","@id":"https:\/\/diariotextual.com\/inicio\/index.php\/2024\/03\/01\/milei-insiste-con-la-ley-omnibus-y-convoca-a-los-gobernadores-a-firmar-un-nuevo-pacto\/","url":"https:\/\/diariotextual.com\/inicio\/index.php\/2024\/03\/01\/milei-insiste-con-la-ley-omnibus-y-convoca-a-los-gobernadores-a-firmar-un-nuevo-pacto\/","name":"Milei convoca a los gobernadores a firmar un nuevo pacto, pero solo si le aprueban la ley \u00f3mnibus - Diario Textual","isPartOf":{"@id":"https:\/\/diariotextual.com\/inicio\/#website"},"primaryImageOfPage":{"@id":"https:\/\/diariotextual.com\/inicio\/index.php\/2024\/03\/01\/milei-insiste-con-la-ley-omnibus-y-convoca-a-los-gobernadores-a-firmar-un-nuevo-pacto\/#primaryimage"},"image":{"@id":"https:\/\/diariotextual.com\/inicio\/index.php\/2024\/03\/01\/milei-insiste-con-la-ley-omnibus-y-convoca-a-los-gobernadores-a-firmar-un-nuevo-pacto\/#primaryimage"},"thumbnailUrl":"https:\/\/diariotextual.com\/inicio\/wp-content\/uploads\/2024\/03\/mileijavierasamblealegislativa2024-2.jpg","datePublished":"2024-03-02T00:52:28+00:00","dateModified":"2024-03-02T10:23:06+00:00","breadcrumb":{"@id":"https:\/\/diariotextual.com\/inicio\/index.php\/2024\/03\/01\/milei-insiste-con-la-ley-omnibus-y-convoca-a-los-gobernadores-a-firmar-un-nuevo-pacto\/#breadcrumb"},"inLanguage":"es","potentialAction":[{"@type":"ReadAction","target":["https:\/\/diariotextual.com\/inicio\/index.php\/2024\/03\/01\/milei-insiste-con-la-ley-omnibus-y-convoca-a-los-gobernadores-a-firmar-un-nuevo-pacto\/"]}]},{"@type":"ImageObject","inLanguage":"es","@id":"https:\/\/diariotextual.com\/inicio\/index.php\/2024\/03\/01\/milei-insiste-con-la-ley-omnibus-y-convoca-a-los-gobernadores-a-firmar-un-nuevo-pacto\/#primaryimage","url":"https:\/\/diariotextual.com\/inicio\/wp-content\/uploads\/2024\/03\/mileijavierasamblealegislativa2024-2.jpg","contentUrl":"https:\/\/diariotextual.com\/inicio\/wp-content\/uploads\/2024\/03\/mileijavierasamblealegislativa2024-2.jpg","width":1200,"height":675},{"@type":"BreadcrumbList","@id":"https:\/\/diariotextual.com\/inicio\/index.php\/2024\/03\/01\/milei-insiste-con-la-ley-omnibus-y-convoca-a-los-gobernadores-a-firmar-un-nuevo-pacto\/#breadcrumb","itemListElement":[{"@type":"ListItem","position":1,"name":"Portada","item":"https:\/\/diariotextual.com\/inicio\/"},{"@type":"ListItem","position":2,"name":"Milei convoca a los gobernadores a firmar un nuevo pacto, pero solo si le aprueban la ley \u00f3mnibus"}]},{"@type":"WebSite","@id":"https:\/\/diariotextual.com\/inicio\/#website","url":"https:\/\/diariotextual.com\/inicio\/","name":"Diario Textual","description":"","publisher":{"@id":"https:\/\/diariotextual.com\/inicio\/#organization"},"potentialAction":[{"@type":"SearchAction","target":{"@type":"EntryPoint","urlTemplate":"https:\/\/diariotextual.com\/inicio\/?s={search_term_string}"},"query-input":{"@type":"PropertyValueSpecification","valueRequired":true,"valueName":"search_term_string"}}],"inLanguage":"es"},{"@type":"Organization","@id":"https:\/\/diariotextual.com\/inicio\/#organization","name":"Diario Textual","url":"https:\/\/diariotextual.com\/inicio\/","logo":{"@type":"ImageObject","inLanguage":"es","@id":"https:\/\/diariotextual.com\/inicio\/#\/schema\/logo\/image\/","url":"https:\/\/diariotextual.com\/inicio\/wp-content\/uploads\/2023\/05\/logotextual1.jpg","contentUrl":"https:\/\/diariotextual.com\/inicio\/wp-content\/uploads\/2023\/05\/logotextual1.jpg","width":516,"height":76,"caption":"Diario Textual"},"image":{"@id":"https:\/\/diariotextual.com\/inicio\/#\/schema\/logo\/image\/"},"sameAs":["https:\/\/www.facebook.com\/eltextual","https:\/\/x.com\/eltextual","http:\/\/www.instagram.com\/eltextual"]},{"@type":"Person","@id":"https:\/\/diariotextual.com\/inicio\/#\/schema\/person\/418fc4093c33e86ed41562db3508f958","name":"Diario1 Diario1","image":{"@type":"ImageObject","inLanguage":"es","@id":"https:\/\/secure.gravatar.com\/avatar\/9167d280179c85bc18be67aa7eda765854300033af4896dd779b608640f2ef7a?s=96&d=mm&r=g","url":"https:\/\/secure.gravatar.com\/avatar\/9167d280179c85bc18be67aa7eda765854300033af4896dd779b608640f2ef7a?s=96&d=mm&r=g","contentUrl":"https:\/\/secure.gravatar.com\/avatar\/9167d280179c85bc18be67aa7eda765854300033af4896dd779b608640f2ef7a?s=96&d=mm&r=g","caption":"Diario1 Diario1"},"url":"https:\/\/diariotextual.com\/inicio\/index.php\/author\/diario1\/"}]}},"_links":{"self":[{"href":"https:\/\/diariotextual.com\/inicio\/index.php\/wp-json\/wp\/v2\/posts\/255647","targetHints":{"allow":["GET"]}}],"collection":[{"href":"https:\/\/diariotextual.com\/inicio\/index.php\/wp-json\/wp\/v2\/posts"}],"about":[{"href":"https:\/\/diariotextual.com\/inicio\/index.php\/wp-json\/wp\/v2\/types\/post"}],"author":[{"embeddable":true,"href":"https:\/\/diariotextual.com\/inicio\/index.php\/wp-json\/wp\/v2\/users\/3"}],"replies":[{"embeddable":true,"href":"https:\/\/diariotextual.com\/inicio\/index.php\/wp-json\/wp\/v2\/comments?post=255647"}],"version-history":[{"count":6,"href":"https:\/\/diariotextual.com\/inicio\/index.php\/wp-json\/wp\/v2\/posts\/255647\/revisions"}],"predecessor-version":[{"id":255658,"href":"https:\/\/diariotextual.com\/inicio\/index.php\/wp-json\/wp\/v2\/posts\/255647\/revisions\/255658"}],"wp:featuredmedia":[{"embeddable":true,"href":"https:\/\/diariotextual.com\/inicio\/index.php\/wp-json\/wp\/v2\/media\/255645"}],"wp:attachment":[{"href":"https:\/\/diariotextual.com\/inicio\/index.php\/wp-json\/wp\/v2\/media?parent=255647"}],"wp:term":[{"taxonomy":"category","embeddable":true,"href":"https:\/\/diariotextual.com\/inicio\/index.php\/wp-json\/wp\/v2\/categories?post=255647"},{"taxonomy":"post_tag","embeddable":true,"href":"https:\/\/diariotextual.com\/inicio\/index.php\/wp-json\/wp\/v2\/tags?post=255647"}],"curies":[{"name":"wp","href":"https:\/\/api.w.org\/{rel}","templated":true}]}}