{"id":255661,"date":"2024-03-02T07:18:08","date_gmt":"2024-03-02T10:18:08","guid":{"rendered":"https:\/\/diariotextual.com\/inicio\/?p=255661"},"modified":"2024-03-02T15:18:50","modified_gmt":"2024-03-02T18:18:50","slug":"el-pacto-de-mayo-es-un-contrato-de-adhesion-en-el-gobierno-pampeano-dicen-que-milei-no-quiere-debatir","status":"publish","type":"post","link":"https:\/\/diariotextual.com\/inicio\/index.php\/2024\/03\/02\/el-pacto-de-mayo-es-un-contrato-de-adhesion-en-el-gobierno-pampeano-dicen-que-milei-no-quiere-debatir\/","title":{"rendered":"\u201cEl Pacto de Mayo es un contrato de adhesi\u00f3n\u201d: en el Gobierno pampeano piensan que Milei no quiere debatir"},"content":{"rendered":"\n<p><strong><a href=\"https:\/\/diariotextual.com\/inicio\/index.php\/2024\/03\/01\/milei-insiste-con-la-ley-omnibus-y-convoca-a-los-gobernadores-a-firmar-un-nuevo-pacto\/\" target=\"_blank\" rel=\"noreferrer noopener\">El llamado del presidente Javier Milei a los gobernadores para firmar un contrato pol\u00edtico de diez puntos llamado Pacto de Mayo<\/a><\/strong> fue recibido con<strong> seria desconfianza <\/strong>en el <strong>Gobierno pampeano<\/strong>. La posici\u00f3n lugare\u00f1a la blanque\u00f3 el legislador <strong>Ariel Rauschenberger<\/strong> (Uni\u00f3n por la Patria, peronismo). <strong>\u201cAmenazas, agravios y mentiras\u201d<\/strong>, escribi\u00f3 en X el exministro del gobernador <strong>Sergio Ziliotto<\/strong>. \u201cInvitaci\u00f3n a un <strong>contrato de adhesi\u00f3n<\/strong>, <strong>no a un contrato de debate ni consensos<\/strong>\u201d, lanz\u00f3.<\/p>\n\n\n\n<p>\u201cLos argentinos\/as tenemos un contrato social, existe y est\u00e1 en la Constituci\u00f3n Argentina\u201d, dijo. \u201cNo hubo menci\u00f3n ni a la producci\u00f3n ni al trabajo\u201d, finaliz\u00f3.<\/p>\n\n\n\n<p>Por su parte, al menos hasta las primeras horas de este s\u00e1bado, el gobernador Ziliotto se mantuvo en silencio. Pero se descuenta que, si bien celebra la llamada al di\u00e1logo, est\u00e1 molesto porque, antes Milei, les exigi\u00f3 a los gobernadores que manden a sus legisladores a votar la (ca\u00edda) Ley Bases o conocida tambi\u00e9n como ley \u00f3mnibus. <strong>Ziliotto fue uno de los primeros gobernadores en ponerse al frente del rechazo a esas reformas.<\/strong> No hay motivos para que cambie de posici\u00f3n.<\/p>\n\n\n\n<p>Anoche, en su discurso en la Asamblea Legislativa, <strong>Milei lanz\u00f3 una convocatoria a un pacto con todos los gobernadores para instarlos a sacar adelante las ambiciosas reformas pol\u00edticas estructurales que el Gobierno fracas\u00f3 en negociar en el Congreso<\/strong>, bajo un ambicioso t\u00edtulo que refiere a la fecha en que buscar\u00e1 inaugurarlo:<strong> \u201cPacto del 25 Mayo\u201d.<\/strong><\/p>\n\n\n\n<p>Se trata, en palabras de Milei, de \u201cun nuevo pacto fundacional\u201d, para ser consensuado con los 24 mandatarios de la Argentina, que contiene diez ideas fuerza: una virtual hoja de ruta que el primer mandatario ofreci\u00f3 a los l\u00edderes de las provincias para, supuestamente, poner en marcha el pa\u00eds y sacarlo de a\u00f1os de estancamiento.<\/p>\n\n\n\n<p>Las ideas y conceptos deber\u00edan plasmarse, en caso de que la dirigencia adhiera, en leyes y normativas que deber\u00e1n ser tratadas en el Congreso Nacional, dejando atr\u00e1s, si fuera posible, el antecedente de la denominada Ley Bases, que naufrag\u00f3 por la resistencia de los l\u00edderes territoriales.<\/p>\n\n\n\n<p><br>Los puntos estar\u00e1n sujetos a conversaciones y a eventuales cambios. El presidente tiene planeado llamar a todos los gobernadores a reunirse en Olivos o la Casa Rosada en breve -probablemente la semana que viene- para elaborar y firmar un \u201cpreacuerdo\u201d. Y el lanzamiento formal del pacto ser\u00eda el 25 de Mayo, en C\u00f3rdoba, como adelant\u00f3 Milei en su discurso.<\/p>\n\n\n\n<div style=\"height:100px\" aria-hidden=\"true\" class=\"wp-block-spacer\"><\/div>\n\n\n\n<p><strong>La UCR celebra el di\u00e1logo, pero pide racionalidad<\/strong><\/p>\n\n\n\n<p>El senador nacional Daniel Kroneberger (UCR, La Pampa) mostr\u00f3 una posici\u00f3n de cautela. \u201cEn la apertura de sesiones ordinarias del Congreso, Milei brind\u00f3 un diagn\u00f3stico de la dif\u00edcil situaci\u00f3n que vive el pa\u00eds. Es innegable que Argentina necesita reformas estructurales, pero de la mano de di\u00e1logos, consensos, respeto al federalismo y racionalidad en las decisiones\u201d, dijo.<\/p>\n\n\n\n<div style=\"height:100px\" aria-hidden=\"true\" class=\"wp-block-spacer\"><\/div>\n\n\n\n<p><strong>El PRO aplaude a Milei<\/strong><\/p>\n\n\n\n<p>En el PRO, el diputado nacional<strong> Mart\u00edn Ardohain<\/strong> elogi\u00f3 al presidente. Dijo, incluso, que tiene una \u201cgran empat\u00eda\u201d.<\/p>\n\n\n\n<p>\u201cUn discurso claro, contundente y de gran empat\u00eda, lleno de contenido con un mandato urgente para reconstruir nuestro pa\u00eds: #PactoDeMayo\u201d, escribi\u00f3 en X.<\/p>\n\n\n\n<figure class=\"wp-block-embed is-type-wp-embed is-provider-diario-textual wp-block-embed-diario-textual\"><div class=\"wp-block-embed__wrapper\">\n<blockquote class=\"wp-embedded-content\" data-secret=\"n6LZguPdyY\"><a href=\"https:\/\/diariotextual.com\/inicio\/index.php\/2024\/03\/01\/milei-insiste-con-la-ley-omnibus-y-convoca-a-los-gobernadores-a-firmar-un-nuevo-pacto\/\">Milei convoca a los gobernadores a firmar un nuevo pacto, pero solo si le aprueban la ley \u00f3mnibus<\/a><\/blockquote><iframe class=\"wp-embedded-content\" sandbox=\"allow-scripts\" security=\"restricted\" style=\"position: absolute; clip: rect(1px, 1px, 1px, 1px);\" title=\"\u00abMilei convoca a los gobernadores a firmar un nuevo pacto, pero solo si le aprueban la ley \u00f3mnibus\u00bb \u2014 Diario Textual\" src=\"https:\/\/diariotextual.com\/inicio\/index.php\/2024\/03\/01\/milei-insiste-con-la-ley-omnibus-y-convoca-a-los-gobernadores-a-firmar-un-nuevo-pacto\/embed\/#?secret=cT2AM3WhYZ#?secret=n6LZguPdyY\" data-secret=\"n6LZguPdyY\" width=\"600\" height=\"338\" frameborder=\"0\" marginwidth=\"0\" marginheight=\"0\" scrolling=\"no\"><\/iframe>\n<\/div><\/figure>\n\n\n\n<p><\/p>\n","protected":false},"excerpt":{"rendered":"<p>El llamado del presidente Javier Milei a los gobernadores para firmar un contrato pol\u00edtico de diez puntos llamado Pacto de Mayo fue recibido con seria desconfianza en el Gobierno pampeano.&hellip;<\/p>\n","protected":false},"author":3,"featured_media":255664,"comment_status":"closed","ping_status":"open","sticky":false,"template":"","format":"standard","meta":{"_acf_changed":false,"footnotes":""},"categories":[8],"tags":[],"class_list":["post-255661","post","type-post","status-publish","format-standard","has-post-thumbnail","hentry","category-politica"],"acf":[],"yoast_head":"<!-- This site is optimized with the Yoast SEO plugin v27.5 - https:\/\/yoast.com\/product\/yoast-seo-wordpress\/ -->\n<title>\u201cEl Pacto de Mayo es un contrato de adhesi\u00f3n\u201d: en el Gobierno pampeano piensan que Milei no quiere debatir - Diario Textual<\/title>\n<meta name=\"robots\" content=\"index, follow, max-snippet:-1, max-image-preview:large, max-video-preview:-1\" \/>\n<link rel=\"canonical\" href=\"https:\/\/diariotextual.com\/inicio\/index.php\/2024\/03\/02\/el-pacto-de-mayo-es-un-contrato-de-adhesion-en-el-gobierno-pampeano-dicen-que-milei-no-quiere-debatir\/\" \/>\n<meta property=\"og:locale\" content=\"es_ES\" \/>\n<meta property=\"og:type\" content=\"article\" \/>\n<meta property=\"og:title\" content=\"\u201cEl Pacto de Mayo es un contrato de adhesi\u00f3n\u201d: en el Gobierno pampeano piensan que Milei no quiere debatir - Diario Textual\" \/>\n<meta property=\"og:description\" content=\"El llamado del presidente Javier Milei a los gobernadores para firmar un contrato pol\u00edtico de diez puntos llamado Pacto de Mayo fue recibido con seria desconfianza en el Gobierno pampeano.&hellip;\" \/>\n<meta property=\"og:url\" content=\"https:\/\/diariotextual.com\/inicio\/index.php\/2024\/03\/02\/el-pacto-de-mayo-es-un-contrato-de-adhesion-en-el-gobierno-pampeano-dicen-que-milei-no-quiere-debatir\/\" \/>\n<meta property=\"og:site_name\" content=\"Diario Textual\" \/>\n<meta property=\"article:publisher\" content=\"https:\/\/www.facebook.com\/eltextual\" \/>\n<meta property=\"article:published_time\" content=\"2024-03-02T10:18:08+00:00\" \/>\n<meta property=\"article:modified_time\" content=\"2024-03-02T18:18:50+00:00\" \/>\n<meta property=\"og:image\" content=\"https:\/\/diariotextual.com\/inicio\/wp-content\/uploads\/2024\/03\/ziliottosergiogobernadoresmileiasamblea2024-12.jpg\" \/>\n\t<meta property=\"og:image:width\" content=\"1200\" \/>\n\t<meta property=\"og:image:height\" content=\"675\" \/>\n\t<meta property=\"og:image:type\" content=\"image\/jpeg\" \/>\n<meta name=\"author\" content=\"Diario1 Diario1\" \/>\n<meta name=\"twitter:card\" content=\"summary_large_image\" \/>\n<meta name=\"twitter:creator\" content=\"@eltextual\" \/>\n<meta name=\"twitter:site\" content=\"@eltextual\" \/>\n<meta name=\"twitter:label1\" content=\"Escrito por\" \/>\n\t<meta name=\"twitter:data1\" content=\"Diario1 Diario1\" \/>\n\t<meta name=\"twitter:label2\" content=\"Tiempo de lectura\" \/>\n\t<meta name=\"twitter:data2\" content=\"3 minutos\" \/>\n<script type=\"application\/ld+json\" class=\"yoast-schema-graph\">{\"@context\":\"https:\\\/\\\/schema.org\",\"@graph\":[{\"@type\":\"Article\",\"@id\":\"https:\\\/\\\/diariotextual.com\\\/inicio\\\/index.php\\\/2024\\\/03\\\/02\\\/el-pacto-de-mayo-es-un-contrato-de-adhesion-en-el-gobierno-pampeano-dicen-que-milei-no-quiere-debatir\\\/#article\",\"isPartOf\":{\"@id\":\"https:\\\/\\\/diariotextual.com\\\/inicio\\\/index.php\\\/2024\\\/03\\\/02\\\/el-pacto-de-mayo-es-un-contrato-de-adhesion-en-el-gobierno-pampeano-dicen-que-milei-no-quiere-debatir\\\/\"},\"author\":{\"name\":\"Diario1 Diario1\",\"@id\":\"https:\\\/\\\/diariotextual.com\\\/inicio\\\/#\\\/schema\\\/person\\\/418fc4093c33e86ed41562db3508f958\"},\"headline\":\"\u201cEl Pacto de Mayo es un contrato de adhesi\u00f3n\u201d: en el Gobierno pampeano piensan que Milei no quiere debatir\",\"datePublished\":\"2024-03-02T10:18:08+00:00\",\"dateModified\":\"2024-03-02T18:18:50+00:00\",\"mainEntityOfPage\":{\"@id\":\"https:\\\/\\\/diariotextual.com\\\/inicio\\\/index.php\\\/2024\\\/03\\\/02\\\/el-pacto-de-mayo-es-un-contrato-de-adhesion-en-el-gobierno-pampeano-dicen-que-milei-no-quiere-debatir\\\/\"},\"wordCount\":565,\"publisher\":{\"@id\":\"https:\\\/\\\/diariotextual.com\\\/inicio\\\/#organization\"},\"image\":{\"@id\":\"https:\\\/\\\/diariotextual.com\\\/inicio\\\/index.php\\\/2024\\\/03\\\/02\\\/el-pacto-de-mayo-es-un-contrato-de-adhesion-en-el-gobierno-pampeano-dicen-que-milei-no-quiere-debatir\\\/#primaryimage\"},\"thumbnailUrl\":\"https:\\\/\\\/diariotextual.com\\\/inicio\\\/wp-content\\\/uploads\\\/2024\\\/03\\\/ziliottosergiogobernadoresmileiasamblea2024-12.jpg\",\"articleSection\":[\"POLITICA\"],\"inLanguage\":\"es\"},{\"@type\":\"WebPage\",\"@id\":\"https:\\\/\\\/diariotextual.com\\\/inicio\\\/index.php\\\/2024\\\/03\\\/02\\\/el-pacto-de-mayo-es-un-contrato-de-adhesion-en-el-gobierno-pampeano-dicen-que-milei-no-quiere-debatir\\\/\",\"url\":\"https:\\\/\\\/diariotextual.com\\\/inicio\\\/index.php\\\/2024\\\/03\\\/02\\\/el-pacto-de-mayo-es-un-contrato-de-adhesion-en-el-gobierno-pampeano-dicen-que-milei-no-quiere-debatir\\\/\",\"name\":\"\u201cEl Pacto de Mayo es un contrato de adhesi\u00f3n\u201d: en el Gobierno pampeano piensan que Milei no quiere debatir - Diario Textual\",\"isPartOf\":{\"@id\":\"https:\\\/\\\/diariotextual.com\\\/inicio\\\/#website\"},\"primaryImageOfPage\":{\"@id\":\"https:\\\/\\\/diariotextual.com\\\/inicio\\\/index.php\\\/2024\\\/03\\\/02\\\/el-pacto-de-mayo-es-un-contrato-de-adhesion-en-el-gobierno-pampeano-dicen-que-milei-no-quiere-debatir\\\/#primaryimage\"},\"image\":{\"@id\":\"https:\\\/\\\/diariotextual.com\\\/inicio\\\/index.php\\\/2024\\\/03\\\/02\\\/el-pacto-de-mayo-es-un-contrato-de-adhesion-en-el-gobierno-pampeano-dicen-que-milei-no-quiere-debatir\\\/#primaryimage\"},\"thumbnailUrl\":\"https:\\\/\\\/diariotextual.com\\\/inicio\\\/wp-content\\\/uploads\\\/2024\\\/03\\\/ziliottosergiogobernadoresmileiasamblea2024-12.jpg\",\"datePublished\":\"2024-03-02T10:18:08+00:00\",\"dateModified\":\"2024-03-02T18:18:50+00:00\",\"breadcrumb\":{\"@id\":\"https:\\\/\\\/diariotextual.com\\\/inicio\\\/index.php\\\/2024\\\/03\\\/02\\\/el-pacto-de-mayo-es-un-contrato-de-adhesion-en-el-gobierno-pampeano-dicen-que-milei-no-quiere-debatir\\\/#breadcrumb\"},\"inLanguage\":\"es\",\"potentialAction\":[{\"@type\":\"ReadAction\",\"target\":[\"https:\\\/\\\/diariotextual.com\\\/inicio\\\/index.php\\\/2024\\\/03\\\/02\\\/el-pacto-de-mayo-es-un-contrato-de-adhesion-en-el-gobierno-pampeano-dicen-que-milei-no-quiere-debatir\\\/\"]}]},{\"@type\":\"ImageObject\",\"inLanguage\":\"es\",\"@id\":\"https:\\\/\\\/diariotextual.com\\\/inicio\\\/index.php\\\/2024\\\/03\\\/02\\\/el-pacto-de-mayo-es-un-contrato-de-adhesion-en-el-gobierno-pampeano-dicen-que-milei-no-quiere-debatir\\\/#primaryimage\",\"url\":\"https:\\\/\\\/diariotextual.com\\\/inicio\\\/wp-content\\\/uploads\\\/2024\\\/03\\\/ziliottosergiogobernadoresmileiasamblea2024-12.jpg\",\"contentUrl\":\"https:\\\/\\\/diariotextual.com\\\/inicio\\\/wp-content\\\/uploads\\\/2024\\\/03\\\/ziliottosergiogobernadoresmileiasamblea2024-12.jpg\",\"width\":1200,\"height\":675},{\"@type\":\"BreadcrumbList\",\"@id\":\"https:\\\/\\\/diariotextual.com\\\/inicio\\\/index.php\\\/2024\\\/03\\\/02\\\/el-pacto-de-mayo-es-un-contrato-de-adhesion-en-el-gobierno-pampeano-dicen-que-milei-no-quiere-debatir\\\/#breadcrumb\",\"itemListElement\":[{\"@type\":\"ListItem\",\"position\":1,\"name\":\"Portada\",\"item\":\"https:\\\/\\\/diariotextual.com\\\/inicio\\\/\"},{\"@type\":\"ListItem\",\"position\":2,\"name\":\"\u201cEl Pacto de Mayo es un contrato de adhesi\u00f3n\u201d: en el Gobierno pampeano piensan que Milei no quiere debatir\"}]},{\"@type\":\"WebSite\",\"@id\":\"https:\\\/\\\/diariotextual.com\\\/inicio\\\/#website\",\"url\":\"https:\\\/\\\/diariotextual.com\\\/inicio\\\/\",\"name\":\"Diario Textual\",\"description\":\"\",\"publisher\":{\"@id\":\"https:\\\/\\\/diariotextual.com\\\/inicio\\\/#organization\"},\"potentialAction\":[{\"@type\":\"SearchAction\",\"target\":{\"@type\":\"EntryPoint\",\"urlTemplate\":\"https:\\\/\\\/diariotextual.com\\\/inicio\\\/?s={search_term_string}\"},\"query-input\":{\"@type\":\"PropertyValueSpecification\",\"valueRequired\":true,\"valueName\":\"search_term_string\"}}],\"inLanguage\":\"es\"},{\"@type\":\"Organization\",\"@id\":\"https:\\\/\\\/diariotextual.com\\\/inicio\\\/#organization\",\"name\":\"Diario Textual\",\"url\":\"https:\\\/\\\/diariotextual.com\\\/inicio\\\/\",\"logo\":{\"@type\":\"ImageObject\",\"inLanguage\":\"es\",\"@id\":\"https:\\\/\\\/diariotextual.com\\\/inicio\\\/#\\\/schema\\\/logo\\\/image\\\/\",\"url\":\"https:\\\/\\\/diariotextual.com\\\/inicio\\\/wp-content\\\/uploads\\\/2023\\\/05\\\/logotextual1.jpg\",\"contentUrl\":\"https:\\\/\\\/diariotextual.com\\\/inicio\\\/wp-content\\\/uploads\\\/2023\\\/05\\\/logotextual1.jpg\",\"width\":516,\"height\":76,\"caption\":\"Diario Textual\"},\"image\":{\"@id\":\"https:\\\/\\\/diariotextual.com\\\/inicio\\\/#\\\/schema\\\/logo\\\/image\\\/\"},\"sameAs\":[\"https:\\\/\\\/www.facebook.com\\\/eltextual\",\"https:\\\/\\\/x.com\\\/eltextual\",\"http:\\\/\\\/www.instagram.com\\\/eltextual\"]},{\"@type\":\"Person\",\"@id\":\"https:\\\/\\\/diariotextual.com\\\/inicio\\\/#\\\/schema\\\/person\\\/418fc4093c33e86ed41562db3508f958\",\"name\":\"Diario1 Diario1\",\"image\":{\"@type\":\"ImageObject\",\"inLanguage\":\"es\",\"@id\":\"https:\\\/\\\/secure.gravatar.com\\\/avatar\\\/9167d280179c85bc18be67aa7eda765854300033af4896dd779b608640f2ef7a?s=96&d=mm&r=g\",\"url\":\"https:\\\/\\\/secure.gravatar.com\\\/avatar\\\/9167d280179c85bc18be67aa7eda765854300033af4896dd779b608640f2ef7a?s=96&d=mm&r=g\",\"contentUrl\":\"https:\\\/\\\/secure.gravatar.com\\\/avatar\\\/9167d280179c85bc18be67aa7eda765854300033af4896dd779b608640f2ef7a?s=96&d=mm&r=g\",\"caption\":\"Diario1 Diario1\"},\"url\":\"https:\\\/\\\/diariotextual.com\\\/inicio\\\/index.php\\\/author\\\/diario1\\\/\"}]}<\/script>\n<!-- \/ Yoast SEO plugin. -->","yoast_head_json":{"title":"\u201cEl Pacto de Mayo es un contrato de adhesi\u00f3n\u201d: en el Gobierno pampeano piensan que Milei no quiere debatir - Diario Textual","robots":{"index":"index","follow":"follow","max-snippet":"max-snippet:-1","max-image-preview":"max-image-preview:large","max-video-preview":"max-video-preview:-1"},"canonical":"https:\/\/diariotextual.com\/inicio\/index.php\/2024\/03\/02\/el-pacto-de-mayo-es-un-contrato-de-adhesion-en-el-gobierno-pampeano-dicen-que-milei-no-quiere-debatir\/","og_locale":"es_ES","og_type":"article","og_title":"\u201cEl Pacto de Mayo es un contrato de adhesi\u00f3n\u201d: en el Gobierno pampeano piensan que Milei no quiere debatir - Diario Textual","og_description":"El llamado del presidente Javier Milei a los gobernadores para firmar un contrato pol\u00edtico de diez puntos llamado Pacto de Mayo fue recibido con seria desconfianza en el Gobierno pampeano.&hellip;","og_url":"https:\/\/diariotextual.com\/inicio\/index.php\/2024\/03\/02\/el-pacto-de-mayo-es-un-contrato-de-adhesion-en-el-gobierno-pampeano-dicen-que-milei-no-quiere-debatir\/","og_site_name":"Diario Textual","article_publisher":"https:\/\/www.facebook.com\/eltextual","article_published_time":"2024-03-02T10:18:08+00:00","article_modified_time":"2024-03-02T18:18:50+00:00","og_image":[{"width":1200,"height":675,"url":"https:\/\/diariotextual.com\/inicio\/wp-content\/uploads\/2024\/03\/ziliottosergiogobernadoresmileiasamblea2024-12.jpg","type":"image\/jpeg"}],"author":"Diario1 Diario1","twitter_card":"summary_large_image","twitter_creator":"@eltextual","twitter_site":"@eltextual","twitter_misc":{"Escrito por":"Diario1 Diario1","Tiempo de lectura":"3 minutos"},"schema":{"@context":"https:\/\/schema.org","@graph":[{"@type":"Article","@id":"https:\/\/diariotextual.com\/inicio\/index.php\/2024\/03\/02\/el-pacto-de-mayo-es-un-contrato-de-adhesion-en-el-gobierno-pampeano-dicen-que-milei-no-quiere-debatir\/#article","isPartOf":{"@id":"https:\/\/diariotextual.com\/inicio\/index.php\/2024\/03\/02\/el-pacto-de-mayo-es-un-contrato-de-adhesion-en-el-gobierno-pampeano-dicen-que-milei-no-quiere-debatir\/"},"author":{"name":"Diario1 Diario1","@id":"https:\/\/diariotextual.com\/inicio\/#\/schema\/person\/418fc4093c33e86ed41562db3508f958"},"headline":"\u201cEl Pacto de Mayo es un contrato de adhesi\u00f3n\u201d: en el Gobierno pampeano piensan que Milei no quiere debatir","datePublished":"2024-03-02T10:18:08+00:00","dateModified":"2024-03-02T18:18:50+00:00","mainEntityOfPage":{"@id":"https:\/\/diariotextual.com\/inicio\/index.php\/2024\/03\/02\/el-pacto-de-mayo-es-un-contrato-de-adhesion-en-el-gobierno-pampeano-dicen-que-milei-no-quiere-debatir\/"},"wordCount":565,"publisher":{"@id":"https:\/\/diariotextual.com\/inicio\/#organization"},"image":{"@id":"https:\/\/diariotextual.com\/inicio\/index.php\/2024\/03\/02\/el-pacto-de-mayo-es-un-contrato-de-adhesion-en-el-gobierno-pampeano-dicen-que-milei-no-quiere-debatir\/#primaryimage"},"thumbnailUrl":"https:\/\/diariotextual.com\/inicio\/wp-content\/uploads\/2024\/03\/ziliottosergiogobernadoresmileiasamblea2024-12.jpg","articleSection":["POLITICA"],"inLanguage":"es"},{"@type":"WebPage","@id":"https:\/\/diariotextual.com\/inicio\/index.php\/2024\/03\/02\/el-pacto-de-mayo-es-un-contrato-de-adhesion-en-el-gobierno-pampeano-dicen-que-milei-no-quiere-debatir\/","url":"https:\/\/diariotextual.com\/inicio\/index.php\/2024\/03\/02\/el-pacto-de-mayo-es-un-contrato-de-adhesion-en-el-gobierno-pampeano-dicen-que-milei-no-quiere-debatir\/","name":"\u201cEl Pacto de Mayo es un contrato de adhesi\u00f3n\u201d: en el Gobierno pampeano piensan que Milei no quiere debatir - Diario Textual","isPartOf":{"@id":"https:\/\/diariotextual.com\/inicio\/#website"},"primaryImageOfPage":{"@id":"https:\/\/diariotextual.com\/inicio\/index.php\/2024\/03\/02\/el-pacto-de-mayo-es-un-contrato-de-adhesion-en-el-gobierno-pampeano-dicen-que-milei-no-quiere-debatir\/#primaryimage"},"image":{"@id":"https:\/\/diariotextual.com\/inicio\/index.php\/2024\/03\/02\/el-pacto-de-mayo-es-un-contrato-de-adhesion-en-el-gobierno-pampeano-dicen-que-milei-no-quiere-debatir\/#primaryimage"},"thumbnailUrl":"https:\/\/diariotextual.com\/inicio\/wp-content\/uploads\/2024\/03\/ziliottosergiogobernadoresmileiasamblea2024-12.jpg","datePublished":"2024-03-02T10:18:08+00:00","dateModified":"2024-03-02T18:18:50+00:00","breadcrumb":{"@id":"https:\/\/diariotextual.com\/inicio\/index.php\/2024\/03\/02\/el-pacto-de-mayo-es-un-contrato-de-adhesion-en-el-gobierno-pampeano-dicen-que-milei-no-quiere-debatir\/#breadcrumb"},"inLanguage":"es","potentialAction":[{"@type":"ReadAction","target":["https:\/\/diariotextual.com\/inicio\/index.php\/2024\/03\/02\/el-pacto-de-mayo-es-un-contrato-de-adhesion-en-el-gobierno-pampeano-dicen-que-milei-no-quiere-debatir\/"]}]},{"@type":"ImageObject","inLanguage":"es","@id":"https:\/\/diariotextual.com\/inicio\/index.php\/2024\/03\/02\/el-pacto-de-mayo-es-un-contrato-de-adhesion-en-el-gobierno-pampeano-dicen-que-milei-no-quiere-debatir\/#primaryimage","url":"https:\/\/diariotextual.com\/inicio\/wp-content\/uploads\/2024\/03\/ziliottosergiogobernadoresmileiasamblea2024-12.jpg","contentUrl":"https:\/\/diariotextual.com\/inicio\/wp-content\/uploads\/2024\/03\/ziliottosergiogobernadoresmileiasamblea2024-12.jpg","width":1200,"height":675},{"@type":"BreadcrumbList","@id":"https:\/\/diariotextual.com\/inicio\/index.php\/2024\/03\/02\/el-pacto-de-mayo-es-un-contrato-de-adhesion-en-el-gobierno-pampeano-dicen-que-milei-no-quiere-debatir\/#breadcrumb","itemListElement":[{"@type":"ListItem","position":1,"name":"Portada","item":"https:\/\/diariotextual.com\/inicio\/"},{"@type":"ListItem","position":2,"name":"\u201cEl Pacto de Mayo es un contrato de adhesi\u00f3n\u201d: en el Gobierno pampeano piensan que Milei no quiere debatir"}]},{"@type":"WebSite","@id":"https:\/\/diariotextual.com\/inicio\/#website","url":"https:\/\/diariotextual.com\/inicio\/","name":"Diario Textual","description":"","publisher":{"@id":"https:\/\/diariotextual.com\/inicio\/#organization"},"potentialAction":[{"@type":"SearchAction","target":{"@type":"EntryPoint","urlTemplate":"https:\/\/diariotextual.com\/inicio\/?s={search_term_string}"},"query-input":{"@type":"PropertyValueSpecification","valueRequired":true,"valueName":"search_term_string"}}],"inLanguage":"es"},{"@type":"Organization","@id":"https:\/\/diariotextual.com\/inicio\/#organization","name":"Diario Textual","url":"https:\/\/diariotextual.com\/inicio\/","logo":{"@type":"ImageObject","inLanguage":"es","@id":"https:\/\/diariotextual.com\/inicio\/#\/schema\/logo\/image\/","url":"https:\/\/diariotextual.com\/inicio\/wp-content\/uploads\/2023\/05\/logotextual1.jpg","contentUrl":"https:\/\/diariotextual.com\/inicio\/wp-content\/uploads\/2023\/05\/logotextual1.jpg","width":516,"height":76,"caption":"Diario Textual"},"image":{"@id":"https:\/\/diariotextual.com\/inicio\/#\/schema\/logo\/image\/"},"sameAs":["https:\/\/www.facebook.com\/eltextual","https:\/\/x.com\/eltextual","http:\/\/www.instagram.com\/eltextual"]},{"@type":"Person","@id":"https:\/\/diariotextual.com\/inicio\/#\/schema\/person\/418fc4093c33e86ed41562db3508f958","name":"Diario1 Diario1","image":{"@type":"ImageObject","inLanguage":"es","@id":"https:\/\/secure.gravatar.com\/avatar\/9167d280179c85bc18be67aa7eda765854300033af4896dd779b608640f2ef7a?s=96&d=mm&r=g","url":"https:\/\/secure.gravatar.com\/avatar\/9167d280179c85bc18be67aa7eda765854300033af4896dd779b608640f2ef7a?s=96&d=mm&r=g","contentUrl":"https:\/\/secure.gravatar.com\/avatar\/9167d280179c85bc18be67aa7eda765854300033af4896dd779b608640f2ef7a?s=96&d=mm&r=g","caption":"Diario1 Diario1"},"url":"https:\/\/diariotextual.com\/inicio\/index.php\/author\/diario1\/"}]}},"_links":{"self":[{"href":"https:\/\/diariotextual.com\/inicio\/index.php\/wp-json\/wp\/v2\/posts\/255661","targetHints":{"allow":["GET"]}}],"collection":[{"href":"https:\/\/diariotextual.com\/inicio\/index.php\/wp-json\/wp\/v2\/posts"}],"about":[{"href":"https:\/\/diariotextual.com\/inicio\/index.php\/wp-json\/wp\/v2\/types\/post"}],"author":[{"embeddable":true,"href":"https:\/\/diariotextual.com\/inicio\/index.php\/wp-json\/wp\/v2\/users\/3"}],"replies":[{"embeddable":true,"href":"https:\/\/diariotextual.com\/inicio\/index.php\/wp-json\/wp\/v2\/comments?post=255661"}],"version-history":[{"count":11,"href":"https:\/\/diariotextual.com\/inicio\/index.php\/wp-json\/wp\/v2\/posts\/255661\/revisions"}],"predecessor-version":[{"id":255674,"href":"https:\/\/diariotextual.com\/inicio\/index.php\/wp-json\/wp\/v2\/posts\/255661\/revisions\/255674"}],"wp:featuredmedia":[{"embeddable":true,"href":"https:\/\/diariotextual.com\/inicio\/index.php\/wp-json\/wp\/v2\/media\/255664"}],"wp:attachment":[{"href":"https:\/\/diariotextual.com\/inicio\/index.php\/wp-json\/wp\/v2\/media?parent=255661"}],"wp:term":[{"taxonomy":"category","embeddable":true,"href":"https:\/\/diariotextual.com\/inicio\/index.php\/wp-json\/wp\/v2\/categories?post=255661"},{"taxonomy":"post_tag","embeddable":true,"href":"https:\/\/diariotextual.com\/inicio\/index.php\/wp-json\/wp\/v2\/tags?post=255661"}],"curies":[{"name":"wp","href":"https:\/\/api.w.org\/{rel}","templated":true}]}}