{"id":255707,"date":"2024-03-02T19:54:54","date_gmt":"2024-03-02T22:54:54","guid":{"rendered":"https:\/\/diariotextual.com\/inicio\/?p=255707"},"modified":"2024-03-03T11:24:02","modified_gmt":"2024-03-03T14:24:02","slug":"polemico-el-gobierno-evalua-la-vuelta-de-la-colimba","status":"publish","type":"post","link":"https:\/\/diariotextual.com\/inicio\/index.php\/2024\/03\/02\/polemico-el-gobierno-evalua-la-vuelta-de-la-colimba\/","title":{"rendered":"Pol\u00e9mico: el Gobierno eval\u00faa la vuelta de la colimba"},"content":{"rendered":"\n<p>Luego del discurso de&nbsp;<strong>Javier Milei&nbsp;<\/strong>en la Asamblea Legislativa, algunos integrantes del Gabinete nacional, como&nbsp;<strong>Guillermo Francos<\/strong>&nbsp;y&nbsp;<strong>Luis Petri<\/strong>, y la vicepresidenta,&nbsp;<strong>Victoria Villarruel<\/strong>, viajaron hasta Mendoza para las celebraciones de la&nbsp;<strong>Fiesta Nacional de la Vendimia<\/strong>. All\u00ed, el ministro de Defensa adelant\u00f3 que desde el&nbsp;<strong>Gobierno nacional<\/strong>&nbsp;est\u00e1n estudiando la posibilidad de volver a implementar el&nbsp;<strong>Servicio Militar obligatorio<\/strong>, el cual qued\u00f3 obsoleto en 1994 luego del asesinato del soldado Omar Carrasco en el regimiento de Zapala, en la provincia de Neuqu\u00e9n.<\/p>\n\n\n\n<p>Adem\u00e1s, el ministro dijo que se est\u00e1 evaluando que sea como un&nbsp;<strong>servicio civil<\/strong>&nbsp;para j\u00f3venes que no tienen ocupaci\u00f3n, a pesar de que por el momento no est\u00e1n dadas las condiciones.<\/p>\n\n\n\n<p>\u201cLo que tenemos en carpeta es jerarquizar las Fuerzas Armadas, en tanto y en cuanto tengamos presupuesto vamos a hacer todos los esfuerzos para ir en ese sentido. Lo que queremos claramente es modificar las condiciones del servicio (militar) voluntario para garantizar terminalidad educativa. Hoy tenemos un servicio voluntario que va entre los 18 y 28 a\u00f1os de edad y no garantiza terminalidad educativa\u201d, dijo el ministro.<\/p>\n\n\n\n<p>\u201cEsos chicos que salen del servicio, no tienen herramientas para incorporarse al mercado laboral. Queremos reformular el servicio militar, queremos reformular los liceos para volver a los viejos liceos que tanta calidad supieron tener en toda la Rep\u00fablica Argentina\u201d, sostuvo, al poner como ejemplo el Liceo General Espejo de la provincia de Mendoza.<\/p>\n\n\n\n<p>\u201cHoy no est\u00e1n dadas las condiciones para la vuelta al Servicio Militar obligatorio, pero es algo que estamos evaluando como oficialismo, pero no vamos a dejar de hacerlo junto a la oposici\u00f3n\u201d, cerr\u00f3 Luis Petri.<\/p>\n","protected":false},"excerpt":{"rendered":"<p>Luego del discurso de&nbsp;Javier Milei&nbsp;en la Asamblea Legislativa, algunos integrantes del Gabinete nacional, como&nbsp;Guillermo Francos&nbsp;y&nbsp;Luis Petri, y la vicepresidenta,&nbsp;Victoria Villarruel, viajaron hasta Mendoza para las celebraciones de la&nbsp;Fiesta Nacional de&hellip;<\/p>\n","protected":false},"author":3,"featured_media":255710,"comment_status":"closed","ping_status":"open","sticky":false,"template":"","format":"standard","meta":{"_acf_changed":false,"footnotes":""},"categories":[1,8],"tags":[],"class_list":["post-255707","post","type-post","status-publish","format-standard","has-post-thumbnail","hentry","category-es-noticia","category-politica"],"acf":[],"yoast_head":"<!-- This site is optimized with the Yoast SEO plugin v27.5 - https:\/\/yoast.com\/product\/yoast-seo-wordpress\/ -->\n<title>Pol\u00e9mico: el Gobierno eval\u00faa la vuelta de la colimba - Diario Textual<\/title>\n<meta name=\"robots\" content=\"index, follow, max-snippet:-1, max-image-preview:large, max-video-preview:-1\" \/>\n<link rel=\"canonical\" href=\"https:\/\/diariotextual.com\/inicio\/index.php\/2024\/03\/02\/polemico-el-gobierno-evalua-la-vuelta-de-la-colimba\/\" \/>\n<meta property=\"og:locale\" content=\"es_ES\" \/>\n<meta property=\"og:type\" content=\"article\" \/>\n<meta property=\"og:title\" content=\"Pol\u00e9mico: el Gobierno eval\u00faa la vuelta de la colimba - Diario Textual\" \/>\n<meta property=\"og:description\" content=\"Luego del discurso de&nbsp;Javier Milei&nbsp;en la Asamblea Legislativa, algunos integrantes del Gabinete nacional, como&nbsp;Guillermo Francos&nbsp;y&nbsp;Luis Petri, y la vicepresidenta,&nbsp;Victoria Villarruel, viajaron hasta Mendoza para las celebraciones de la&nbsp;Fiesta Nacional de&hellip;\" \/>\n<meta property=\"og:url\" content=\"https:\/\/diariotextual.com\/inicio\/index.php\/2024\/03\/02\/polemico-el-gobierno-evalua-la-vuelta-de-la-colimba\/\" \/>\n<meta property=\"og:site_name\" content=\"Diario Textual\" \/>\n<meta property=\"article:publisher\" content=\"https:\/\/www.facebook.com\/eltextual\" \/>\n<meta property=\"article:published_time\" content=\"2024-03-02T22:54:54+00:00\" \/>\n<meta property=\"article:modified_time\" content=\"2024-03-03T14:24:02+00:00\" \/>\n<meta property=\"og:image\" content=\"https:\/\/diariotextual.com\/inicio\/wp-content\/uploads\/2024\/03\/ejercitoargentinosoldados2023-13.jpg\" \/>\n\t<meta property=\"og:image:width\" content=\"1782\" \/>\n\t<meta property=\"og:image:height\" content=\"1188\" \/>\n\t<meta property=\"og:image:type\" content=\"image\/jpeg\" \/>\n<meta name=\"author\" content=\"Diario1 Diario1\" \/>\n<meta name=\"twitter:card\" content=\"summary_large_image\" \/>\n<meta name=\"twitter:creator\" content=\"@eltextual\" \/>\n<meta name=\"twitter:site\" content=\"@eltextual\" \/>\n<meta name=\"twitter:label1\" content=\"Escrito por\" \/>\n\t<meta name=\"twitter:data1\" content=\"Diario1 Diario1\" \/>\n\t<meta name=\"twitter:label2\" content=\"Tiempo de lectura\" \/>\n\t<meta name=\"twitter:data2\" content=\"2 minutos\" \/>\n<script type=\"application\/ld+json\" class=\"yoast-schema-graph\">{\"@context\":\"https:\\\/\\\/schema.org\",\"@graph\":[{\"@type\":\"Article\",\"@id\":\"https:\\\/\\\/diariotextual.com\\\/inicio\\\/index.php\\\/2024\\\/03\\\/02\\\/polemico-el-gobierno-evalua-la-vuelta-de-la-colimba\\\/#article\",\"isPartOf\":{\"@id\":\"https:\\\/\\\/diariotextual.com\\\/inicio\\\/index.php\\\/2024\\\/03\\\/02\\\/polemico-el-gobierno-evalua-la-vuelta-de-la-colimba\\\/\"},\"author\":{\"name\":\"Diario1 Diario1\",\"@id\":\"https:\\\/\\\/diariotextual.com\\\/inicio\\\/#\\\/schema\\\/person\\\/418fc4093c33e86ed41562db3508f958\"},\"headline\":\"Pol\u00e9mico: el Gobierno eval\u00faa la vuelta de la colimba\",\"datePublished\":\"2024-03-02T22:54:54+00:00\",\"dateModified\":\"2024-03-03T14:24:02+00:00\",\"mainEntityOfPage\":{\"@id\":\"https:\\\/\\\/diariotextual.com\\\/inicio\\\/index.php\\\/2024\\\/03\\\/02\\\/polemico-el-gobierno-evalua-la-vuelta-de-la-colimba\\\/\"},\"wordCount\":302,\"publisher\":{\"@id\":\"https:\\\/\\\/diariotextual.com\\\/inicio\\\/#organization\"},\"image\":{\"@id\":\"https:\\\/\\\/diariotextual.com\\\/inicio\\\/index.php\\\/2024\\\/03\\\/02\\\/polemico-el-gobierno-evalua-la-vuelta-de-la-colimba\\\/#primaryimage\"},\"thumbnailUrl\":\"https:\\\/\\\/diariotextual.com\\\/inicio\\\/wp-content\\\/uploads\\\/2024\\\/03\\\/ejercitoargentinosoldados2023-13.jpg\",\"articleSection\":[\"A - ES NOTICIA (van abajo)\",\"POLITICA\"],\"inLanguage\":\"es\"},{\"@type\":\"WebPage\",\"@id\":\"https:\\\/\\\/diariotextual.com\\\/inicio\\\/index.php\\\/2024\\\/03\\\/02\\\/polemico-el-gobierno-evalua-la-vuelta-de-la-colimba\\\/\",\"url\":\"https:\\\/\\\/diariotextual.com\\\/inicio\\\/index.php\\\/2024\\\/03\\\/02\\\/polemico-el-gobierno-evalua-la-vuelta-de-la-colimba\\\/\",\"name\":\"Pol\u00e9mico: el Gobierno eval\u00faa la vuelta de la colimba - Diario Textual\",\"isPartOf\":{\"@id\":\"https:\\\/\\\/diariotextual.com\\\/inicio\\\/#website\"},\"primaryImageOfPage\":{\"@id\":\"https:\\\/\\\/diariotextual.com\\\/inicio\\\/index.php\\\/2024\\\/03\\\/02\\\/polemico-el-gobierno-evalua-la-vuelta-de-la-colimba\\\/#primaryimage\"},\"image\":{\"@id\":\"https:\\\/\\\/diariotextual.com\\\/inicio\\\/index.php\\\/2024\\\/03\\\/02\\\/polemico-el-gobierno-evalua-la-vuelta-de-la-colimba\\\/#primaryimage\"},\"thumbnailUrl\":\"https:\\\/\\\/diariotextual.com\\\/inicio\\\/wp-content\\\/uploads\\\/2024\\\/03\\\/ejercitoargentinosoldados2023-13.jpg\",\"datePublished\":\"2024-03-02T22:54:54+00:00\",\"dateModified\":\"2024-03-03T14:24:02+00:00\",\"breadcrumb\":{\"@id\":\"https:\\\/\\\/diariotextual.com\\\/inicio\\\/index.php\\\/2024\\\/03\\\/02\\\/polemico-el-gobierno-evalua-la-vuelta-de-la-colimba\\\/#breadcrumb\"},\"inLanguage\":\"es\",\"potentialAction\":[{\"@type\":\"ReadAction\",\"target\":[\"https:\\\/\\\/diariotextual.com\\\/inicio\\\/index.php\\\/2024\\\/03\\\/02\\\/polemico-el-gobierno-evalua-la-vuelta-de-la-colimba\\\/\"]}]},{\"@type\":\"ImageObject\",\"inLanguage\":\"es\",\"@id\":\"https:\\\/\\\/diariotextual.com\\\/inicio\\\/index.php\\\/2024\\\/03\\\/02\\\/polemico-el-gobierno-evalua-la-vuelta-de-la-colimba\\\/#primaryimage\",\"url\":\"https:\\\/\\\/diariotextual.com\\\/inicio\\\/wp-content\\\/uploads\\\/2024\\\/03\\\/ejercitoargentinosoldados2023-13.jpg\",\"contentUrl\":\"https:\\\/\\\/diariotextual.com\\\/inicio\\\/wp-content\\\/uploads\\\/2024\\\/03\\\/ejercitoargentinosoldados2023-13.jpg\",\"width\":1782,\"height\":1188},{\"@type\":\"BreadcrumbList\",\"@id\":\"https:\\\/\\\/diariotextual.com\\\/inicio\\\/index.php\\\/2024\\\/03\\\/02\\\/polemico-el-gobierno-evalua-la-vuelta-de-la-colimba\\\/#breadcrumb\",\"itemListElement\":[{\"@type\":\"ListItem\",\"position\":1,\"name\":\"Portada\",\"item\":\"https:\\\/\\\/diariotextual.com\\\/inicio\\\/\"},{\"@type\":\"ListItem\",\"position\":2,\"name\":\"Pol\u00e9mico: el Gobierno eval\u00faa la vuelta de la colimba\"}]},{\"@type\":\"WebSite\",\"@id\":\"https:\\\/\\\/diariotextual.com\\\/inicio\\\/#website\",\"url\":\"https:\\\/\\\/diariotextual.com\\\/inicio\\\/\",\"name\":\"Diario Textual\",\"description\":\"\",\"publisher\":{\"@id\":\"https:\\\/\\\/diariotextual.com\\\/inicio\\\/#organization\"},\"potentialAction\":[{\"@type\":\"SearchAction\",\"target\":{\"@type\":\"EntryPoint\",\"urlTemplate\":\"https:\\\/\\\/diariotextual.com\\\/inicio\\\/?s={search_term_string}\"},\"query-input\":{\"@type\":\"PropertyValueSpecification\",\"valueRequired\":true,\"valueName\":\"search_term_string\"}}],\"inLanguage\":\"es\"},{\"@type\":\"Organization\",\"@id\":\"https:\\\/\\\/diariotextual.com\\\/inicio\\\/#organization\",\"name\":\"Diario Textual\",\"url\":\"https:\\\/\\\/diariotextual.com\\\/inicio\\\/\",\"logo\":{\"@type\":\"ImageObject\",\"inLanguage\":\"es\",\"@id\":\"https:\\\/\\\/diariotextual.com\\\/inicio\\\/#\\\/schema\\\/logo\\\/image\\\/\",\"url\":\"https:\\\/\\\/diariotextual.com\\\/inicio\\\/wp-content\\\/uploads\\\/2023\\\/05\\\/logotextual1.jpg\",\"contentUrl\":\"https:\\\/\\\/diariotextual.com\\\/inicio\\\/wp-content\\\/uploads\\\/2023\\\/05\\\/logotextual1.jpg\",\"width\":516,\"height\":76,\"caption\":\"Diario Textual\"},\"image\":{\"@id\":\"https:\\\/\\\/diariotextual.com\\\/inicio\\\/#\\\/schema\\\/logo\\\/image\\\/\"},\"sameAs\":[\"https:\\\/\\\/www.facebook.com\\\/eltextual\",\"https:\\\/\\\/x.com\\\/eltextual\",\"http:\\\/\\\/www.instagram.com\\\/eltextual\"]},{\"@type\":\"Person\",\"@id\":\"https:\\\/\\\/diariotextual.com\\\/inicio\\\/#\\\/schema\\\/person\\\/418fc4093c33e86ed41562db3508f958\",\"name\":\"Diario1 Diario1\",\"image\":{\"@type\":\"ImageObject\",\"inLanguage\":\"es\",\"@id\":\"https:\\\/\\\/secure.gravatar.com\\\/avatar\\\/9167d280179c85bc18be67aa7eda765854300033af4896dd779b608640f2ef7a?s=96&d=mm&r=g\",\"url\":\"https:\\\/\\\/secure.gravatar.com\\\/avatar\\\/9167d280179c85bc18be67aa7eda765854300033af4896dd779b608640f2ef7a?s=96&d=mm&r=g\",\"contentUrl\":\"https:\\\/\\\/secure.gravatar.com\\\/avatar\\\/9167d280179c85bc18be67aa7eda765854300033af4896dd779b608640f2ef7a?s=96&d=mm&r=g\",\"caption\":\"Diario1 Diario1\"},\"url\":\"https:\\\/\\\/diariotextual.com\\\/inicio\\\/index.php\\\/author\\\/diario1\\\/\"}]}<\/script>\n<!-- \/ Yoast SEO plugin. -->","yoast_head_json":{"title":"Pol\u00e9mico: el Gobierno eval\u00faa la vuelta de la colimba - Diario Textual","robots":{"index":"index","follow":"follow","max-snippet":"max-snippet:-1","max-image-preview":"max-image-preview:large","max-video-preview":"max-video-preview:-1"},"canonical":"https:\/\/diariotextual.com\/inicio\/index.php\/2024\/03\/02\/polemico-el-gobierno-evalua-la-vuelta-de-la-colimba\/","og_locale":"es_ES","og_type":"article","og_title":"Pol\u00e9mico: el Gobierno eval\u00faa la vuelta de la colimba - Diario Textual","og_description":"Luego del discurso de&nbsp;Javier Milei&nbsp;en la Asamblea Legislativa, algunos integrantes del Gabinete nacional, como&nbsp;Guillermo Francos&nbsp;y&nbsp;Luis Petri, y la vicepresidenta,&nbsp;Victoria Villarruel, viajaron hasta Mendoza para las celebraciones de la&nbsp;Fiesta Nacional de&hellip;","og_url":"https:\/\/diariotextual.com\/inicio\/index.php\/2024\/03\/02\/polemico-el-gobierno-evalua-la-vuelta-de-la-colimba\/","og_site_name":"Diario Textual","article_publisher":"https:\/\/www.facebook.com\/eltextual","article_published_time":"2024-03-02T22:54:54+00:00","article_modified_time":"2024-03-03T14:24:02+00:00","og_image":[{"width":1782,"height":1188,"url":"https:\/\/diariotextual.com\/inicio\/wp-content\/uploads\/2024\/03\/ejercitoargentinosoldados2023-13.jpg","type":"image\/jpeg"}],"author":"Diario1 Diario1","twitter_card":"summary_large_image","twitter_creator":"@eltextual","twitter_site":"@eltextual","twitter_misc":{"Escrito por":"Diario1 Diario1","Tiempo de lectura":"2 minutos"},"schema":{"@context":"https:\/\/schema.org","@graph":[{"@type":"Article","@id":"https:\/\/diariotextual.com\/inicio\/index.php\/2024\/03\/02\/polemico-el-gobierno-evalua-la-vuelta-de-la-colimba\/#article","isPartOf":{"@id":"https:\/\/diariotextual.com\/inicio\/index.php\/2024\/03\/02\/polemico-el-gobierno-evalua-la-vuelta-de-la-colimba\/"},"author":{"name":"Diario1 Diario1","@id":"https:\/\/diariotextual.com\/inicio\/#\/schema\/person\/418fc4093c33e86ed41562db3508f958"},"headline":"Pol\u00e9mico: el Gobierno eval\u00faa la vuelta de la colimba","datePublished":"2024-03-02T22:54:54+00:00","dateModified":"2024-03-03T14:24:02+00:00","mainEntityOfPage":{"@id":"https:\/\/diariotextual.com\/inicio\/index.php\/2024\/03\/02\/polemico-el-gobierno-evalua-la-vuelta-de-la-colimba\/"},"wordCount":302,"publisher":{"@id":"https:\/\/diariotextual.com\/inicio\/#organization"},"image":{"@id":"https:\/\/diariotextual.com\/inicio\/index.php\/2024\/03\/02\/polemico-el-gobierno-evalua-la-vuelta-de-la-colimba\/#primaryimage"},"thumbnailUrl":"https:\/\/diariotextual.com\/inicio\/wp-content\/uploads\/2024\/03\/ejercitoargentinosoldados2023-13.jpg","articleSection":["A - ES NOTICIA (van abajo)","POLITICA"],"inLanguage":"es"},{"@type":"WebPage","@id":"https:\/\/diariotextual.com\/inicio\/index.php\/2024\/03\/02\/polemico-el-gobierno-evalua-la-vuelta-de-la-colimba\/","url":"https:\/\/diariotextual.com\/inicio\/index.php\/2024\/03\/02\/polemico-el-gobierno-evalua-la-vuelta-de-la-colimba\/","name":"Pol\u00e9mico: el Gobierno eval\u00faa la vuelta de la colimba - Diario Textual","isPartOf":{"@id":"https:\/\/diariotextual.com\/inicio\/#website"},"primaryImageOfPage":{"@id":"https:\/\/diariotextual.com\/inicio\/index.php\/2024\/03\/02\/polemico-el-gobierno-evalua-la-vuelta-de-la-colimba\/#primaryimage"},"image":{"@id":"https:\/\/diariotextual.com\/inicio\/index.php\/2024\/03\/02\/polemico-el-gobierno-evalua-la-vuelta-de-la-colimba\/#primaryimage"},"thumbnailUrl":"https:\/\/diariotextual.com\/inicio\/wp-content\/uploads\/2024\/03\/ejercitoargentinosoldados2023-13.jpg","datePublished":"2024-03-02T22:54:54+00:00","dateModified":"2024-03-03T14:24:02+00:00","breadcrumb":{"@id":"https:\/\/diariotextual.com\/inicio\/index.php\/2024\/03\/02\/polemico-el-gobierno-evalua-la-vuelta-de-la-colimba\/#breadcrumb"},"inLanguage":"es","potentialAction":[{"@type":"ReadAction","target":["https:\/\/diariotextual.com\/inicio\/index.php\/2024\/03\/02\/polemico-el-gobierno-evalua-la-vuelta-de-la-colimba\/"]}]},{"@type":"ImageObject","inLanguage":"es","@id":"https:\/\/diariotextual.com\/inicio\/index.php\/2024\/03\/02\/polemico-el-gobierno-evalua-la-vuelta-de-la-colimba\/#primaryimage","url":"https:\/\/diariotextual.com\/inicio\/wp-content\/uploads\/2024\/03\/ejercitoargentinosoldados2023-13.jpg","contentUrl":"https:\/\/diariotextual.com\/inicio\/wp-content\/uploads\/2024\/03\/ejercitoargentinosoldados2023-13.jpg","width":1782,"height":1188},{"@type":"BreadcrumbList","@id":"https:\/\/diariotextual.com\/inicio\/index.php\/2024\/03\/02\/polemico-el-gobierno-evalua-la-vuelta-de-la-colimba\/#breadcrumb","itemListElement":[{"@type":"ListItem","position":1,"name":"Portada","item":"https:\/\/diariotextual.com\/inicio\/"},{"@type":"ListItem","position":2,"name":"Pol\u00e9mico: el Gobierno eval\u00faa la vuelta de la colimba"}]},{"@type":"WebSite","@id":"https:\/\/diariotextual.com\/inicio\/#website","url":"https:\/\/diariotextual.com\/inicio\/","name":"Diario Textual","description":"","publisher":{"@id":"https:\/\/diariotextual.com\/inicio\/#organization"},"potentialAction":[{"@type":"SearchAction","target":{"@type":"EntryPoint","urlTemplate":"https:\/\/diariotextual.com\/inicio\/?s={search_term_string}"},"query-input":{"@type":"PropertyValueSpecification","valueRequired":true,"valueName":"search_term_string"}}],"inLanguage":"es"},{"@type":"Organization","@id":"https:\/\/diariotextual.com\/inicio\/#organization","name":"Diario Textual","url":"https:\/\/diariotextual.com\/inicio\/","logo":{"@type":"ImageObject","inLanguage":"es","@id":"https:\/\/diariotextual.com\/inicio\/#\/schema\/logo\/image\/","url":"https:\/\/diariotextual.com\/inicio\/wp-content\/uploads\/2023\/05\/logotextual1.jpg","contentUrl":"https:\/\/diariotextual.com\/inicio\/wp-content\/uploads\/2023\/05\/logotextual1.jpg","width":516,"height":76,"caption":"Diario Textual"},"image":{"@id":"https:\/\/diariotextual.com\/inicio\/#\/schema\/logo\/image\/"},"sameAs":["https:\/\/www.facebook.com\/eltextual","https:\/\/x.com\/eltextual","http:\/\/www.instagram.com\/eltextual"]},{"@type":"Person","@id":"https:\/\/diariotextual.com\/inicio\/#\/schema\/person\/418fc4093c33e86ed41562db3508f958","name":"Diario1 Diario1","image":{"@type":"ImageObject","inLanguage":"es","@id":"https:\/\/secure.gravatar.com\/avatar\/9167d280179c85bc18be67aa7eda765854300033af4896dd779b608640f2ef7a?s=96&d=mm&r=g","url":"https:\/\/secure.gravatar.com\/avatar\/9167d280179c85bc18be67aa7eda765854300033af4896dd779b608640f2ef7a?s=96&d=mm&r=g","contentUrl":"https:\/\/secure.gravatar.com\/avatar\/9167d280179c85bc18be67aa7eda765854300033af4896dd779b608640f2ef7a?s=96&d=mm&r=g","caption":"Diario1 Diario1"},"url":"https:\/\/diariotextual.com\/inicio\/index.php\/author\/diario1\/"}]}},"_links":{"self":[{"href":"https:\/\/diariotextual.com\/inicio\/index.php\/wp-json\/wp\/v2\/posts\/255707","targetHints":{"allow":["GET"]}}],"collection":[{"href":"https:\/\/diariotextual.com\/inicio\/index.php\/wp-json\/wp\/v2\/posts"}],"about":[{"href":"https:\/\/diariotextual.com\/inicio\/index.php\/wp-json\/wp\/v2\/types\/post"}],"author":[{"embeddable":true,"href":"https:\/\/diariotextual.com\/inicio\/index.php\/wp-json\/wp\/v2\/users\/3"}],"replies":[{"embeddable":true,"href":"https:\/\/diariotextual.com\/inicio\/index.php\/wp-json\/wp\/v2\/comments?post=255707"}],"version-history":[{"count":2,"href":"https:\/\/diariotextual.com\/inicio\/index.php\/wp-json\/wp\/v2\/posts\/255707\/revisions"}],"predecessor-version":[{"id":255709,"href":"https:\/\/diariotextual.com\/inicio\/index.php\/wp-json\/wp\/v2\/posts\/255707\/revisions\/255709"}],"wp:featuredmedia":[{"embeddable":true,"href":"https:\/\/diariotextual.com\/inicio\/index.php\/wp-json\/wp\/v2\/media\/255710"}],"wp:attachment":[{"href":"https:\/\/diariotextual.com\/inicio\/index.php\/wp-json\/wp\/v2\/media?parent=255707"}],"wp:term":[{"taxonomy":"category","embeddable":true,"href":"https:\/\/diariotextual.com\/inicio\/index.php\/wp-json\/wp\/v2\/categories?post=255707"},{"taxonomy":"post_tag","embeddable":true,"href":"https:\/\/diariotextual.com\/inicio\/index.php\/wp-json\/wp\/v2\/tags?post=255707"}],"curies":[{"name":"wp","href":"https:\/\/api.w.org\/{rel}","templated":true}]}}