{"id":255793,"date":"2024-03-04T06:16:41","date_gmt":"2024-03-04T09:16:41","guid":{"rendered":"https:\/\/diariotextual.com\/inicio\/?p=255793"},"modified":"2024-03-04T08:06:27","modified_gmt":"2024-03-04T11:06:27","slug":"larreta-y-el-pacto-de-mayo-no-se-puede-hacer-un-acuerdo-con-la-pistola-sobre-la-mesa","status":"publish","type":"post","link":"https:\/\/diariotextual.com\/inicio\/index.php\/2024\/03\/04\/larreta-y-el-pacto-de-mayo-no-se-puede-hacer-un-acuerdo-con-la-pistola-sobre-la-mesa\/","title":{"rendered":"Larreta y el Pacto de Mayo: \u201cNo se puede hacer un acuerdo con la pistola sobre la mesa\u201d"},"content":{"rendered":"\n<p><strong>Horacio Rodr\u00edguez Larreta<\/strong> manifest\u00f3 que est\u00e1 de acuerdo con el Pacto de Mayo que propuso Javier Milei, pero dijo que \u201cno se puede hacer un acuerdo genuino con la pistola sobre la mesa\u201d, y se mostr\u00f3 en contra de \u201centregarle el PRO\u201d al presidente. Tambi\u00e9n no se mostr\u00f3 de acuerdo con la propuesta de \u201cfusi\u00f3n\u201d con La Libertad Avanza que impulsa otra referente del partido,&nbsp;<strong>Patricia Bullrich<\/strong>.<\/p>\n\n\n\n<p>\u201cYo estoy en contra de entregarle el PRO a Milei, en contra de las propuestas de fusi\u00f3n, de cogobierno, no estoy de acuerdo\u201d, sostuvo. \u201cLo que no debe hacer Patricia es ir en contra de los valores originales del PRO, traicionarlos y no honrarlos\u201d, agreg\u00f3.<\/p>\n\n\n\n<p>En una entrevista con el diario Clar\u00edn, el exjefe de Gobierno porte\u00f1o plante\u00f3 en ese sentido que el PRO&nbsp;\u201cno apoya populismos, ni de izquierda ni de derecha\u201d.<\/p>\n\n\n\n<p>A su vez, apunt\u00f3 contra el discurso duro que plantea&nbsp;<strong>Javier Milei<\/strong>, al que catalog\u00f3 como agresivo y defini\u00f3 a La Libertad Avanza como un espacio que representa al&nbsp;\u201cpopulismo de derecha\u201d y un \u201cproyecto mesi\u00e1nico\u201d.<\/p>\n\n\n\n<p>\u201cLo que antes era 678, que funcionaba como canal de agresi\u00f3n en el kirchnerismo, hoy es el Twitter del presidente.&nbsp;Todos los d\u00edas lo vemos. Ac\u00e1 pareciera que todo el que tuvo alguna experiencia en la pol\u00edtica est\u00e1 mal y es atacado y agredido\u201d, consider\u00f3 acerca de los conflictos que mantiene Milei&nbsp;contra lo que \u00e9l denomina la \u201ccasta pol\u00edtica\u201d.<\/p>\n\n\n\n<p>En tanto, dijo que \u201cest\u00e1 de acuerdo\u201d con el Pacto de Mayo dispuesto por el mandatario. \u201cEs lo que vengo planteando desde hace a\u00f1os\u201d, dijo.<\/p>\n\n\n\n<p>\u201c\u00bfC\u00f3mo no voy a estar de acuerdo con el Pacto si es lo que vengo planteando desde hace a\u00f1os? Tanto es as\u00ed que mi convicci\u00f3n por el di\u00e1logo me llev\u00f3 a perder la elecci\u00f3n ya que, en ese momento, prevalec\u00edan las posiciones extremas. Esta ha sido, es y ser\u00e1 siempre mi convicci\u00f3n\u00bb\u201d expres\u00f3.<\/p>\n\n\n\n<p>\u201cSin embargo -aclar\u00f3- no se puede llamar a un acuerdo genuino con la pistola sobre la mesa\u201d.<\/p>\n\n\n\n<p>\u201cEso ya lo vivimos en los peores a\u00f1os del kirchnerismo y termin\u00f3 muy mal. Un acuerdo profundo y duradero solo surge del di\u00e1logo, de la escucha y del respeto por los que piensan diferente\u201d, cerr\u00f3.<\/p>\n\n\n\n<figure class=\"wp-block-embed is-type-wp-embed is-provider-diario-textual wp-block-embed-diario-textual\"><div class=\"wp-block-embed__wrapper\">\n<blockquote class=\"wp-embedded-content\" data-secret=\"oz3cv7aYBP\"><a href=\"https:\/\/diariotextual.com\/inicio\/index.php\/2024\/03\/04\/el-gobierno-adelanto-que-pasara-con-todos-aquellos-que-no-se-sumen-al-pacto-de-mayo\/\">El Gobierno adelant\u00f3 qu\u00e9 pasar\u00e1 con todos aquellos que no se sumen al Pacto de Mayo<\/a><\/blockquote><iframe class=\"wp-embedded-content\" sandbox=\"allow-scripts\" security=\"restricted\" style=\"position: absolute; clip: rect(1px, 1px, 1px, 1px);\" title=\"\u00abEl Gobierno adelant\u00f3 qu\u00e9 pasar\u00e1 con todos aquellos que no se sumen al Pacto de Mayo\u00bb \u2014 Diario Textual\" src=\"https:\/\/diariotextual.com\/inicio\/index.php\/2024\/03\/04\/el-gobierno-adelanto-que-pasara-con-todos-aquellos-que-no-se-sumen-al-pacto-de-mayo\/embed\/#?secret=zFAXK3vr9f#?secret=oz3cv7aYBP\" data-secret=\"oz3cv7aYBP\" width=\"600\" height=\"338\" frameborder=\"0\" marginwidth=\"0\" marginheight=\"0\" scrolling=\"no\"><\/iframe>\n<\/div><\/figure>\n","protected":false},"excerpt":{"rendered":"<p>Horacio Rodr\u00edguez Larreta manifest\u00f3 que est\u00e1 de acuerdo con el Pacto de Mayo que propuso Javier Milei, pero dijo que \u201cno se puede hacer un acuerdo genuino con la pistola&hellip;<\/p>\n","protected":false},"author":3,"featured_media":167029,"comment_status":"closed","ping_status":"open","sticky":false,"template":"","format":"standard","meta":{"_acf_changed":false,"footnotes":""},"categories":[1,8],"tags":[],"class_list":["post-255793","post","type-post","status-publish","format-standard","has-post-thumbnail","hentry","category-es-noticia","category-politica"],"acf":[],"yoast_head":"<!-- This site is optimized with the Yoast SEO plugin v27.5 - https:\/\/yoast.com\/product\/yoast-seo-wordpress\/ -->\n<title>Larreta y el Pacto de Mayo: \u201cNo se puede hacer un acuerdo con la pistola sobre la mesa\u201d - Diario Textual<\/title>\n<meta name=\"robots\" content=\"index, follow, max-snippet:-1, max-image-preview:large, max-video-preview:-1\" \/>\n<link rel=\"canonical\" href=\"https:\/\/diariotextual.com\/inicio\/index.php\/2024\/03\/04\/larreta-y-el-pacto-de-mayo-no-se-puede-hacer-un-acuerdo-con-la-pistola-sobre-la-mesa\/\" \/>\n<meta property=\"og:locale\" content=\"es_ES\" \/>\n<meta property=\"og:type\" content=\"article\" \/>\n<meta property=\"og:title\" content=\"Larreta y el Pacto de Mayo: \u201cNo se puede hacer un acuerdo con la pistola sobre la mesa\u201d - Diario Textual\" \/>\n<meta property=\"og:description\" content=\"Horacio Rodr\u00edguez Larreta manifest\u00f3 que est\u00e1 de acuerdo con el Pacto de Mayo que propuso Javier Milei, pero dijo que \u201cno se puede hacer un acuerdo genuino con la pistola&hellip;\" \/>\n<meta property=\"og:url\" content=\"https:\/\/diariotextual.com\/inicio\/index.php\/2024\/03\/04\/larreta-y-el-pacto-de-mayo-no-se-puede-hacer-un-acuerdo-con-la-pistola-sobre-la-mesa\/\" \/>\n<meta property=\"og:site_name\" content=\"Diario Textual\" \/>\n<meta property=\"article:publisher\" content=\"https:\/\/www.facebook.com\/eltextual\" \/>\n<meta property=\"article:published_time\" content=\"2024-03-04T09:16:41+00:00\" \/>\n<meta property=\"article:modified_time\" content=\"2024-03-04T11:06:27+00:00\" \/>\n<meta property=\"og:image\" content=\"https:\/\/diariotextual.com\/inicio\/wp-content\/uploads\/2021\/10\/rodriguezlarretahoracio2021-1.jpg\" \/>\n\t<meta property=\"og:image:width\" content=\"910\" \/>\n\t<meta property=\"og:image:height\" content=\"586\" \/>\n\t<meta property=\"og:image:type\" content=\"image\/jpeg\" \/>\n<meta name=\"author\" content=\"Diario1 Diario1\" \/>\n<meta name=\"twitter:card\" content=\"summary_large_image\" \/>\n<meta name=\"twitter:creator\" content=\"@eltextual\" \/>\n<meta name=\"twitter:site\" content=\"@eltextual\" \/>\n<meta name=\"twitter:label1\" content=\"Escrito por\" \/>\n\t<meta name=\"twitter:data1\" content=\"Diario1 Diario1\" \/>\n\t<meta name=\"twitter:label2\" content=\"Tiempo de lectura\" \/>\n\t<meta name=\"twitter:data2\" content=\"2 minutos\" \/>\n<script type=\"application\/ld+json\" class=\"yoast-schema-graph\">{\"@context\":\"https:\\\/\\\/schema.org\",\"@graph\":[{\"@type\":\"Article\",\"@id\":\"https:\\\/\\\/diariotextual.com\\\/inicio\\\/index.php\\\/2024\\\/03\\\/04\\\/larreta-y-el-pacto-de-mayo-no-se-puede-hacer-un-acuerdo-con-la-pistola-sobre-la-mesa\\\/#article\",\"isPartOf\":{\"@id\":\"https:\\\/\\\/diariotextual.com\\\/inicio\\\/index.php\\\/2024\\\/03\\\/04\\\/larreta-y-el-pacto-de-mayo-no-se-puede-hacer-un-acuerdo-con-la-pistola-sobre-la-mesa\\\/\"},\"author\":{\"name\":\"Diario1 Diario1\",\"@id\":\"https:\\\/\\\/diariotextual.com\\\/inicio\\\/#\\\/schema\\\/person\\\/418fc4093c33e86ed41562db3508f958\"},\"headline\":\"Larreta y el Pacto de Mayo: \u201cNo se puede hacer un acuerdo con la pistola sobre la mesa\u201d\",\"datePublished\":\"2024-03-04T09:16:41+00:00\",\"dateModified\":\"2024-03-04T11:06:27+00:00\",\"mainEntityOfPage\":{\"@id\":\"https:\\\/\\\/diariotextual.com\\\/inicio\\\/index.php\\\/2024\\\/03\\\/04\\\/larreta-y-el-pacto-de-mayo-no-se-puede-hacer-un-acuerdo-con-la-pistola-sobre-la-mesa\\\/\"},\"wordCount\":418,\"publisher\":{\"@id\":\"https:\\\/\\\/diariotextual.com\\\/inicio\\\/#organization\"},\"image\":{\"@id\":\"https:\\\/\\\/diariotextual.com\\\/inicio\\\/index.php\\\/2024\\\/03\\\/04\\\/larreta-y-el-pacto-de-mayo-no-se-puede-hacer-un-acuerdo-con-la-pistola-sobre-la-mesa\\\/#primaryimage\"},\"thumbnailUrl\":\"https:\\\/\\\/diariotextual.com\\\/inicio\\\/wp-content\\\/uploads\\\/2021\\\/10\\\/rodriguezlarretahoracio2021-1.jpg\",\"articleSection\":[\"A - ES NOTICIA (van abajo)\",\"POLITICA\"],\"inLanguage\":\"es\"},{\"@type\":\"WebPage\",\"@id\":\"https:\\\/\\\/diariotextual.com\\\/inicio\\\/index.php\\\/2024\\\/03\\\/04\\\/larreta-y-el-pacto-de-mayo-no-se-puede-hacer-un-acuerdo-con-la-pistola-sobre-la-mesa\\\/\",\"url\":\"https:\\\/\\\/diariotextual.com\\\/inicio\\\/index.php\\\/2024\\\/03\\\/04\\\/larreta-y-el-pacto-de-mayo-no-se-puede-hacer-un-acuerdo-con-la-pistola-sobre-la-mesa\\\/\",\"name\":\"Larreta y el Pacto de Mayo: \u201cNo se puede hacer un acuerdo con la pistola sobre la mesa\u201d - Diario Textual\",\"isPartOf\":{\"@id\":\"https:\\\/\\\/diariotextual.com\\\/inicio\\\/#website\"},\"primaryImageOfPage\":{\"@id\":\"https:\\\/\\\/diariotextual.com\\\/inicio\\\/index.php\\\/2024\\\/03\\\/04\\\/larreta-y-el-pacto-de-mayo-no-se-puede-hacer-un-acuerdo-con-la-pistola-sobre-la-mesa\\\/#primaryimage\"},\"image\":{\"@id\":\"https:\\\/\\\/diariotextual.com\\\/inicio\\\/index.php\\\/2024\\\/03\\\/04\\\/larreta-y-el-pacto-de-mayo-no-se-puede-hacer-un-acuerdo-con-la-pistola-sobre-la-mesa\\\/#primaryimage\"},\"thumbnailUrl\":\"https:\\\/\\\/diariotextual.com\\\/inicio\\\/wp-content\\\/uploads\\\/2021\\\/10\\\/rodriguezlarretahoracio2021-1.jpg\",\"datePublished\":\"2024-03-04T09:16:41+00:00\",\"dateModified\":\"2024-03-04T11:06:27+00:00\",\"breadcrumb\":{\"@id\":\"https:\\\/\\\/diariotextual.com\\\/inicio\\\/index.php\\\/2024\\\/03\\\/04\\\/larreta-y-el-pacto-de-mayo-no-se-puede-hacer-un-acuerdo-con-la-pistola-sobre-la-mesa\\\/#breadcrumb\"},\"inLanguage\":\"es\",\"potentialAction\":[{\"@type\":\"ReadAction\",\"target\":[\"https:\\\/\\\/diariotextual.com\\\/inicio\\\/index.php\\\/2024\\\/03\\\/04\\\/larreta-y-el-pacto-de-mayo-no-se-puede-hacer-un-acuerdo-con-la-pistola-sobre-la-mesa\\\/\"]}]},{\"@type\":\"ImageObject\",\"inLanguage\":\"es\",\"@id\":\"https:\\\/\\\/diariotextual.com\\\/inicio\\\/index.php\\\/2024\\\/03\\\/04\\\/larreta-y-el-pacto-de-mayo-no-se-puede-hacer-un-acuerdo-con-la-pistola-sobre-la-mesa\\\/#primaryimage\",\"url\":\"https:\\\/\\\/diariotextual.com\\\/inicio\\\/wp-content\\\/uploads\\\/2021\\\/10\\\/rodriguezlarretahoracio2021-1.jpg\",\"contentUrl\":\"https:\\\/\\\/diariotextual.com\\\/inicio\\\/wp-content\\\/uploads\\\/2021\\\/10\\\/rodriguezlarretahoracio2021-1.jpg\",\"width\":910,\"height\":586},{\"@type\":\"BreadcrumbList\",\"@id\":\"https:\\\/\\\/diariotextual.com\\\/inicio\\\/index.php\\\/2024\\\/03\\\/04\\\/larreta-y-el-pacto-de-mayo-no-se-puede-hacer-un-acuerdo-con-la-pistola-sobre-la-mesa\\\/#breadcrumb\",\"itemListElement\":[{\"@type\":\"ListItem\",\"position\":1,\"name\":\"Portada\",\"item\":\"https:\\\/\\\/diariotextual.com\\\/inicio\\\/\"},{\"@type\":\"ListItem\",\"position\":2,\"name\":\"Larreta y el Pacto de Mayo: \u201cNo se puede hacer un acuerdo con la pistola sobre la mesa\u201d\"}]},{\"@type\":\"WebSite\",\"@id\":\"https:\\\/\\\/diariotextual.com\\\/inicio\\\/#website\",\"url\":\"https:\\\/\\\/diariotextual.com\\\/inicio\\\/\",\"name\":\"Diario Textual\",\"description\":\"\",\"publisher\":{\"@id\":\"https:\\\/\\\/diariotextual.com\\\/inicio\\\/#organization\"},\"potentialAction\":[{\"@type\":\"SearchAction\",\"target\":{\"@type\":\"EntryPoint\",\"urlTemplate\":\"https:\\\/\\\/diariotextual.com\\\/inicio\\\/?s={search_term_string}\"},\"query-input\":{\"@type\":\"PropertyValueSpecification\",\"valueRequired\":true,\"valueName\":\"search_term_string\"}}],\"inLanguage\":\"es\"},{\"@type\":\"Organization\",\"@id\":\"https:\\\/\\\/diariotextual.com\\\/inicio\\\/#organization\",\"name\":\"Diario Textual\",\"url\":\"https:\\\/\\\/diariotextual.com\\\/inicio\\\/\",\"logo\":{\"@type\":\"ImageObject\",\"inLanguage\":\"es\",\"@id\":\"https:\\\/\\\/diariotextual.com\\\/inicio\\\/#\\\/schema\\\/logo\\\/image\\\/\",\"url\":\"https:\\\/\\\/diariotextual.com\\\/inicio\\\/wp-content\\\/uploads\\\/2023\\\/05\\\/logotextual1.jpg\",\"contentUrl\":\"https:\\\/\\\/diariotextual.com\\\/inicio\\\/wp-content\\\/uploads\\\/2023\\\/05\\\/logotextual1.jpg\",\"width\":516,\"height\":76,\"caption\":\"Diario Textual\"},\"image\":{\"@id\":\"https:\\\/\\\/diariotextual.com\\\/inicio\\\/#\\\/schema\\\/logo\\\/image\\\/\"},\"sameAs\":[\"https:\\\/\\\/www.facebook.com\\\/eltextual\",\"https:\\\/\\\/x.com\\\/eltextual\",\"http:\\\/\\\/www.instagram.com\\\/eltextual\"]},{\"@type\":\"Person\",\"@id\":\"https:\\\/\\\/diariotextual.com\\\/inicio\\\/#\\\/schema\\\/person\\\/418fc4093c33e86ed41562db3508f958\",\"name\":\"Diario1 Diario1\",\"image\":{\"@type\":\"ImageObject\",\"inLanguage\":\"es\",\"@id\":\"https:\\\/\\\/secure.gravatar.com\\\/avatar\\\/9167d280179c85bc18be67aa7eda765854300033af4896dd779b608640f2ef7a?s=96&d=mm&r=g\",\"url\":\"https:\\\/\\\/secure.gravatar.com\\\/avatar\\\/9167d280179c85bc18be67aa7eda765854300033af4896dd779b608640f2ef7a?s=96&d=mm&r=g\",\"contentUrl\":\"https:\\\/\\\/secure.gravatar.com\\\/avatar\\\/9167d280179c85bc18be67aa7eda765854300033af4896dd779b608640f2ef7a?s=96&d=mm&r=g\",\"caption\":\"Diario1 Diario1\"},\"url\":\"https:\\\/\\\/diariotextual.com\\\/inicio\\\/index.php\\\/author\\\/diario1\\\/\"}]}<\/script>\n<!-- \/ Yoast SEO plugin. -->","yoast_head_json":{"title":"Larreta y el Pacto de Mayo: \u201cNo se puede hacer un acuerdo con la pistola sobre la mesa\u201d - Diario Textual","robots":{"index":"index","follow":"follow","max-snippet":"max-snippet:-1","max-image-preview":"max-image-preview:large","max-video-preview":"max-video-preview:-1"},"canonical":"https:\/\/diariotextual.com\/inicio\/index.php\/2024\/03\/04\/larreta-y-el-pacto-de-mayo-no-se-puede-hacer-un-acuerdo-con-la-pistola-sobre-la-mesa\/","og_locale":"es_ES","og_type":"article","og_title":"Larreta y el Pacto de Mayo: \u201cNo se puede hacer un acuerdo con la pistola sobre la mesa\u201d - Diario Textual","og_description":"Horacio Rodr\u00edguez Larreta manifest\u00f3 que est\u00e1 de acuerdo con el Pacto de Mayo que propuso Javier Milei, pero dijo que \u201cno se puede hacer un acuerdo genuino con la pistola&hellip;","og_url":"https:\/\/diariotextual.com\/inicio\/index.php\/2024\/03\/04\/larreta-y-el-pacto-de-mayo-no-se-puede-hacer-un-acuerdo-con-la-pistola-sobre-la-mesa\/","og_site_name":"Diario Textual","article_publisher":"https:\/\/www.facebook.com\/eltextual","article_published_time":"2024-03-04T09:16:41+00:00","article_modified_time":"2024-03-04T11:06:27+00:00","og_image":[{"width":910,"height":586,"url":"https:\/\/diariotextual.com\/inicio\/wp-content\/uploads\/2021\/10\/rodriguezlarretahoracio2021-1.jpg","type":"image\/jpeg"}],"author":"Diario1 Diario1","twitter_card":"summary_large_image","twitter_creator":"@eltextual","twitter_site":"@eltextual","twitter_misc":{"Escrito por":"Diario1 Diario1","Tiempo de lectura":"2 minutos"},"schema":{"@context":"https:\/\/schema.org","@graph":[{"@type":"Article","@id":"https:\/\/diariotextual.com\/inicio\/index.php\/2024\/03\/04\/larreta-y-el-pacto-de-mayo-no-se-puede-hacer-un-acuerdo-con-la-pistola-sobre-la-mesa\/#article","isPartOf":{"@id":"https:\/\/diariotextual.com\/inicio\/index.php\/2024\/03\/04\/larreta-y-el-pacto-de-mayo-no-se-puede-hacer-un-acuerdo-con-la-pistola-sobre-la-mesa\/"},"author":{"name":"Diario1 Diario1","@id":"https:\/\/diariotextual.com\/inicio\/#\/schema\/person\/418fc4093c33e86ed41562db3508f958"},"headline":"Larreta y el Pacto de Mayo: \u201cNo se puede hacer un acuerdo con la pistola sobre la mesa\u201d","datePublished":"2024-03-04T09:16:41+00:00","dateModified":"2024-03-04T11:06:27+00:00","mainEntityOfPage":{"@id":"https:\/\/diariotextual.com\/inicio\/index.php\/2024\/03\/04\/larreta-y-el-pacto-de-mayo-no-se-puede-hacer-un-acuerdo-con-la-pistola-sobre-la-mesa\/"},"wordCount":418,"publisher":{"@id":"https:\/\/diariotextual.com\/inicio\/#organization"},"image":{"@id":"https:\/\/diariotextual.com\/inicio\/index.php\/2024\/03\/04\/larreta-y-el-pacto-de-mayo-no-se-puede-hacer-un-acuerdo-con-la-pistola-sobre-la-mesa\/#primaryimage"},"thumbnailUrl":"https:\/\/diariotextual.com\/inicio\/wp-content\/uploads\/2021\/10\/rodriguezlarretahoracio2021-1.jpg","articleSection":["A - ES NOTICIA (van abajo)","POLITICA"],"inLanguage":"es"},{"@type":"WebPage","@id":"https:\/\/diariotextual.com\/inicio\/index.php\/2024\/03\/04\/larreta-y-el-pacto-de-mayo-no-se-puede-hacer-un-acuerdo-con-la-pistola-sobre-la-mesa\/","url":"https:\/\/diariotextual.com\/inicio\/index.php\/2024\/03\/04\/larreta-y-el-pacto-de-mayo-no-se-puede-hacer-un-acuerdo-con-la-pistola-sobre-la-mesa\/","name":"Larreta y el Pacto de Mayo: \u201cNo se puede hacer un acuerdo con la pistola sobre la mesa\u201d - Diario Textual","isPartOf":{"@id":"https:\/\/diariotextual.com\/inicio\/#website"},"primaryImageOfPage":{"@id":"https:\/\/diariotextual.com\/inicio\/index.php\/2024\/03\/04\/larreta-y-el-pacto-de-mayo-no-se-puede-hacer-un-acuerdo-con-la-pistola-sobre-la-mesa\/#primaryimage"},"image":{"@id":"https:\/\/diariotextual.com\/inicio\/index.php\/2024\/03\/04\/larreta-y-el-pacto-de-mayo-no-se-puede-hacer-un-acuerdo-con-la-pistola-sobre-la-mesa\/#primaryimage"},"thumbnailUrl":"https:\/\/diariotextual.com\/inicio\/wp-content\/uploads\/2021\/10\/rodriguezlarretahoracio2021-1.jpg","datePublished":"2024-03-04T09:16:41+00:00","dateModified":"2024-03-04T11:06:27+00:00","breadcrumb":{"@id":"https:\/\/diariotextual.com\/inicio\/index.php\/2024\/03\/04\/larreta-y-el-pacto-de-mayo-no-se-puede-hacer-un-acuerdo-con-la-pistola-sobre-la-mesa\/#breadcrumb"},"inLanguage":"es","potentialAction":[{"@type":"ReadAction","target":["https:\/\/diariotextual.com\/inicio\/index.php\/2024\/03\/04\/larreta-y-el-pacto-de-mayo-no-se-puede-hacer-un-acuerdo-con-la-pistola-sobre-la-mesa\/"]}]},{"@type":"ImageObject","inLanguage":"es","@id":"https:\/\/diariotextual.com\/inicio\/index.php\/2024\/03\/04\/larreta-y-el-pacto-de-mayo-no-se-puede-hacer-un-acuerdo-con-la-pistola-sobre-la-mesa\/#primaryimage","url":"https:\/\/diariotextual.com\/inicio\/wp-content\/uploads\/2021\/10\/rodriguezlarretahoracio2021-1.jpg","contentUrl":"https:\/\/diariotextual.com\/inicio\/wp-content\/uploads\/2021\/10\/rodriguezlarretahoracio2021-1.jpg","width":910,"height":586},{"@type":"BreadcrumbList","@id":"https:\/\/diariotextual.com\/inicio\/index.php\/2024\/03\/04\/larreta-y-el-pacto-de-mayo-no-se-puede-hacer-un-acuerdo-con-la-pistola-sobre-la-mesa\/#breadcrumb","itemListElement":[{"@type":"ListItem","position":1,"name":"Portada","item":"https:\/\/diariotextual.com\/inicio\/"},{"@type":"ListItem","position":2,"name":"Larreta y el Pacto de Mayo: \u201cNo se puede hacer un acuerdo con la pistola sobre la mesa\u201d"}]},{"@type":"WebSite","@id":"https:\/\/diariotextual.com\/inicio\/#website","url":"https:\/\/diariotextual.com\/inicio\/","name":"Diario Textual","description":"","publisher":{"@id":"https:\/\/diariotextual.com\/inicio\/#organization"},"potentialAction":[{"@type":"SearchAction","target":{"@type":"EntryPoint","urlTemplate":"https:\/\/diariotextual.com\/inicio\/?s={search_term_string}"},"query-input":{"@type":"PropertyValueSpecification","valueRequired":true,"valueName":"search_term_string"}}],"inLanguage":"es"},{"@type":"Organization","@id":"https:\/\/diariotextual.com\/inicio\/#organization","name":"Diario Textual","url":"https:\/\/diariotextual.com\/inicio\/","logo":{"@type":"ImageObject","inLanguage":"es","@id":"https:\/\/diariotextual.com\/inicio\/#\/schema\/logo\/image\/","url":"https:\/\/diariotextual.com\/inicio\/wp-content\/uploads\/2023\/05\/logotextual1.jpg","contentUrl":"https:\/\/diariotextual.com\/inicio\/wp-content\/uploads\/2023\/05\/logotextual1.jpg","width":516,"height":76,"caption":"Diario Textual"},"image":{"@id":"https:\/\/diariotextual.com\/inicio\/#\/schema\/logo\/image\/"},"sameAs":["https:\/\/www.facebook.com\/eltextual","https:\/\/x.com\/eltextual","http:\/\/www.instagram.com\/eltextual"]},{"@type":"Person","@id":"https:\/\/diariotextual.com\/inicio\/#\/schema\/person\/418fc4093c33e86ed41562db3508f958","name":"Diario1 Diario1","image":{"@type":"ImageObject","inLanguage":"es","@id":"https:\/\/secure.gravatar.com\/avatar\/9167d280179c85bc18be67aa7eda765854300033af4896dd779b608640f2ef7a?s=96&d=mm&r=g","url":"https:\/\/secure.gravatar.com\/avatar\/9167d280179c85bc18be67aa7eda765854300033af4896dd779b608640f2ef7a?s=96&d=mm&r=g","contentUrl":"https:\/\/secure.gravatar.com\/avatar\/9167d280179c85bc18be67aa7eda765854300033af4896dd779b608640f2ef7a?s=96&d=mm&r=g","caption":"Diario1 Diario1"},"url":"https:\/\/diariotextual.com\/inicio\/index.php\/author\/diario1\/"}]}},"_links":{"self":[{"href":"https:\/\/diariotextual.com\/inicio\/index.php\/wp-json\/wp\/v2\/posts\/255793","targetHints":{"allow":["GET"]}}],"collection":[{"href":"https:\/\/diariotextual.com\/inicio\/index.php\/wp-json\/wp\/v2\/posts"}],"about":[{"href":"https:\/\/diariotextual.com\/inicio\/index.php\/wp-json\/wp\/v2\/types\/post"}],"author":[{"embeddable":true,"href":"https:\/\/diariotextual.com\/inicio\/index.php\/wp-json\/wp\/v2\/users\/3"}],"replies":[{"embeddable":true,"href":"https:\/\/diariotextual.com\/inicio\/index.php\/wp-json\/wp\/v2\/comments?post=255793"}],"version-history":[{"count":1,"href":"https:\/\/diariotextual.com\/inicio\/index.php\/wp-json\/wp\/v2\/posts\/255793\/revisions"}],"predecessor-version":[{"id":255794,"href":"https:\/\/diariotextual.com\/inicio\/index.php\/wp-json\/wp\/v2\/posts\/255793\/revisions\/255794"}],"wp:featuredmedia":[{"embeddable":true,"href":"https:\/\/diariotextual.com\/inicio\/index.php\/wp-json\/wp\/v2\/media\/167029"}],"wp:attachment":[{"href":"https:\/\/diariotextual.com\/inicio\/index.php\/wp-json\/wp\/v2\/media?parent=255793"}],"wp:term":[{"taxonomy":"category","embeddable":true,"href":"https:\/\/diariotextual.com\/inicio\/index.php\/wp-json\/wp\/v2\/categories?post=255793"},{"taxonomy":"post_tag","embeddable":true,"href":"https:\/\/diariotextual.com\/inicio\/index.php\/wp-json\/wp\/v2\/tags?post=255793"}],"curies":[{"name":"wp","href":"https:\/\/api.w.org\/{rel}","templated":true}]}}