{"id":255806,"date":"2024-03-04T08:05:54","date_gmt":"2024-03-04T11:05:54","guid":{"rendered":"https:\/\/diariotextual.com\/inicio\/?p=255806"},"modified":"2024-03-04T09:06:12","modified_gmt":"2024-03-04T12:06:12","slug":"milei-designo-a-caputo-como-guardian-de-todos-los-fondos-fiduciarios","status":"publish","type":"post","link":"https:\/\/diariotextual.com\/inicio\/index.php\/2024\/03\/04\/milei-designo-a-caputo-como-guardian-de-todos-los-fondos-fiduciarios\/","title":{"rendered":"Milei design\u00f3 a Caputo como guardi\u00e1n de todos los fondos fiduciarios"},"content":{"rendered":"\n<p>El presidente, Javier Milei,<strong>&nbsp;le deleg\u00f3 al ministro de Econom\u00eda, Luis Caputo, el control de los fondos fiduciarios<\/strong>&nbsp;y le encomend\u00f3 realizar una&nbsp;auditor\u00eda integral de gesti\u00f3n de los recursos, a trav\u00e9s del Decreto 215\/2024 publicado este lunes en el Bolet\u00edn Oficial.<\/p>\n\n\n\n<p>El documento oficial design\u00f3 al Ministerio de Econom\u00eda \u201ccomo fiduciante en representaci\u00f3n del Estado Nacional, en todos los fondos fiduciarios integrados total o parcialmente con bienes y\/o fondos del Estado Nacional,&nbsp;<strong>ejerciendo en ese car\u00e1cter la direcci\u00f3n y conducci\u00f3n de dichos fondos fiduciarios\u201d.<\/strong><\/p>\n\n\n\n<p>Asimismo, estableci\u00f3 que en los casos en los que el Congreso de la Naci\u00f3n \u201chaya designado como fiduciante a un organismo o repartici\u00f3n espec\u00edfica diferente del Ministerio de Econom\u00eda, o a un comit\u00e9 de integraci\u00f3n plural, con car\u00e1cter previo al dictado de cualquier instrucci\u00f3n al fiduciario&nbsp;deber\u00e1 emitir opini\u00f3n el citado Ministerio\u201d.<\/p>\n\n\n\n<p>Al mismo tiempo, el Ejecutivo le encarg\u00f3 una auditor\u00eda de todos los fondos a la cartera econ\u00f3mica, al determinar que \u201ccon la asistencia de la Sindicatura General de la Naci\u00f3n, organismo descentralizado actuante en el \u00e1mbito de la Presidencia de la Naci\u00f3n, o mediante la contrataci\u00f3n de consultores independientes externos de reconocida trayectoria y experiencia, en los t\u00e9rminos de la legislaci\u00f3n vigente, deber\u00e1 realizar, dentro del plazo de 60 d\u00edas a contar desde la fecha de entrada en vigencia de la presente medida,&nbsp;<strong>una auditor\u00eda integral de gesti\u00f3n de los fondos fiduciarios integrados total o parcialmente con bienes y\/o fondos del Estado Nacional\u201d.<\/strong><\/p>\n\n\n\n<p>Con respecto al tiempo de ejecuci\u00f3n de la auditor\u00eda fijado en dos meses, el Decreto firmado por Millei, Caputo y el Jefe de Gabinete, Nicol\u00e1s Posse, precis\u00f3 que&nbsp;\u201cel Ministerio de Econom\u00eda podr\u00e1 prorrogar este plazo por otro similar y por \u00fanica vez\u201d.<\/p>\n\n\n\n<p>La medida se da en el marco de un mayor control sobre el otorgamiento y la utilizaci\u00f3n de los fondos fiduciarios, que seg\u00fan el presidente son&nbsp;<strong>\u201ccajas negras de la pol\u00edtica\u201d<\/strong>, por lo que poner la lupa en eso y plantear la posibilidad de limitarlos \u201cpone muy nervioso a muchos\u00bb ya que \u201chay muchos agentes de la pol\u00edtica que viven de eso\u201d.<\/p>\n\n\n\n<p>En el Decreto se dispuso que el Palacio de Hacienda estar\u00e1 a cargo de realizar cuando corresponda, \u201clas adecuaciones contractuales que resulten necesarias con el fin de dar cumplimiento a lo dispuesto\u201d, siendo \u201cla autoridad de aplicaci\u00f3n del presente decreto y dictar\u00e1 las normas aclaratorias y complementarias que fueran necesarias para su ejecuci\u00f3n\u201d.<\/p>\n\n\n\n<p>Adem\u00e1s, se especific\u00f3 que \u201clos organismos y reparticiones con responsabilidad primaria en las materias involucradas en cada uno de los fondos fiduciarios objeto de la presente medida deben prestar colaboraci\u00f3n y asistencia al Ministerio de Econom\u00eda, a los fines del mejor cumplimiento de las disposiciones y fines del presente decreto\u201d.<\/p>\n\n\n\n<p>Al argumentar la decisi\u00f3n, el Gobierno puntualiz\u00f3 en los considerandos sobre&nbsp;\u201cla eficiencia y la eficacia en la utilizaci\u00f3n de los recursos p\u00fablicos\u201d&nbsp;e hizo menci\u00f3n al informe de Entrega y Recepci\u00f3n elaborado por la Sindicatura General de la Naci\u00f3n (SIGEN) sobre los fondos fiduciarios.<\/p>\n\n\n\n<p>En dicho trabajo se denunci\u00f3 que \u201cse ha observado la&nbsp;<strong>inexistencia o desactualizaci\u00f3n de los procedimientos administrativos<\/strong>&nbsp;que definen la operatoria de funcionamiento de cada fondo fiduciario; las pol\u00edticas generales a ser abordadas; los mecanismos para la formalizaci\u00f3n de expedientes y documentaci\u00f3n de respaldo de las decisiones; las responsabilidades sobre el seguimiento y control de beneficiarios; los sistemas de informaci\u00f3n sobre el estado de ejecuci\u00f3n y avance de obras, entre otros\u201d.<\/p>\n\n\n\n<p>Adem\u00e1s, el texto oficial expres\u00f3 que \u201cdel mismo Informe surge la<strong>&nbsp;ausencia o falta de integridad y sistematizaci\u00f3n de la documentaci\u00f3n de respaldo de los procesos de otorgamiento de fondos<\/strong>, lo que dificulta garantizar la transparencia y trazabilidad de las actuaciones y, por lo tanto, las tareas de control y fiscalizaci\u00f3n sobre la asignaci\u00f3n de recursos\u201d.<\/p>\n\n\n\n<p>En esa l\u00ednea, indic\u00f3 que&nbsp;<strong>\u201cse ha verificado la inacci\u00f3n y\/o demora en las actividades de recupero y gesti\u00f3n de morosidad o incobrabilidad&nbsp;<\/strong>ante incumplimientos de los beneficiarios, as\u00ed como debilidades en el proceso de compras y contrataciones, falta de seguimiento y demoras no justificadas\u201d.<\/p>\n","protected":false},"excerpt":{"rendered":"<p>El presidente, Javier Milei,&nbsp;le deleg\u00f3 al ministro de Econom\u00eda, Luis Caputo, el control de los fondos fiduciarios&nbsp;y le encomend\u00f3 realizar una&nbsp;auditor\u00eda integral de gesti\u00f3n de los recursos, a trav\u00e9s del&hellip;<\/p>\n","protected":false},"author":3,"featured_media":252026,"comment_status":"closed","ping_status":"open","sticky":false,"template":"","format":"standard","meta":{"_acf_changed":false,"footnotes":""},"categories":[1,8],"tags":[],"class_list":["post-255806","post","type-post","status-publish","format-standard","has-post-thumbnail","hentry","category-es-noticia","category-politica"],"acf":[],"yoast_head":"<!-- This site is optimized with the Yoast SEO plugin v27.5 - https:\/\/yoast.com\/product\/yoast-seo-wordpress\/ -->\n<title>Milei design\u00f3 a Caputo como guardi\u00e1n de todos los fondos fiduciarios - Diario Textual<\/title>\n<meta name=\"robots\" content=\"index, follow, max-snippet:-1, max-image-preview:large, max-video-preview:-1\" \/>\n<link rel=\"canonical\" href=\"https:\/\/diariotextual.com\/inicio\/index.php\/2024\/03\/04\/milei-designo-a-caputo-como-guardian-de-todos-los-fondos-fiduciarios\/\" \/>\n<meta property=\"og:locale\" content=\"es_ES\" \/>\n<meta property=\"og:type\" content=\"article\" \/>\n<meta property=\"og:title\" content=\"Milei design\u00f3 a Caputo como guardi\u00e1n de todos los fondos fiduciarios - Diario Textual\" \/>\n<meta property=\"og:description\" content=\"El presidente, Javier Milei,&nbsp;le deleg\u00f3 al ministro de Econom\u00eda, Luis Caputo, el control de los fondos fiduciarios&nbsp;y le encomend\u00f3 realizar una&nbsp;auditor\u00eda integral de gesti\u00f3n de los recursos, a trav\u00e9s del&hellip;\" \/>\n<meta property=\"og:url\" content=\"https:\/\/diariotextual.com\/inicio\/index.php\/2024\/03\/04\/milei-designo-a-caputo-como-guardian-de-todos-los-fondos-fiduciarios\/\" \/>\n<meta property=\"og:site_name\" content=\"Diario Textual\" \/>\n<meta property=\"article:publisher\" content=\"https:\/\/www.facebook.com\/eltextual\" \/>\n<meta property=\"article:published_time\" content=\"2024-03-04T11:05:54+00:00\" \/>\n<meta property=\"article:modified_time\" content=\"2024-03-04T12:06:12+00:00\" \/>\n<meta property=\"og:image\" content=\"https:\/\/diariotextual.com\/inicio\/wp-content\/uploads\/2024\/01\/caputoluistelam2024-1.jpg\" \/>\n\t<meta property=\"og:image:width\" content=\"1200\" \/>\n\t<meta property=\"og:image:height\" content=\"675\" \/>\n\t<meta property=\"og:image:type\" content=\"image\/jpeg\" \/>\n<meta name=\"author\" content=\"Diario1 Diario1\" \/>\n<meta name=\"twitter:card\" content=\"summary_large_image\" \/>\n<meta name=\"twitter:creator\" content=\"@eltextual\" \/>\n<meta name=\"twitter:site\" content=\"@eltextual\" \/>\n<meta name=\"twitter:label1\" content=\"Escrito por\" \/>\n\t<meta name=\"twitter:data1\" content=\"Diario1 Diario1\" \/>\n\t<meta name=\"twitter:label2\" content=\"Tiempo de lectura\" \/>\n\t<meta name=\"twitter:data2\" content=\"4 minutos\" \/>\n<script type=\"application\/ld+json\" class=\"yoast-schema-graph\">{\"@context\":\"https:\\\/\\\/schema.org\",\"@graph\":[{\"@type\":\"Article\",\"@id\":\"https:\\\/\\\/diariotextual.com\\\/inicio\\\/index.php\\\/2024\\\/03\\\/04\\\/milei-designo-a-caputo-como-guardian-de-todos-los-fondos-fiduciarios\\\/#article\",\"isPartOf\":{\"@id\":\"https:\\\/\\\/diariotextual.com\\\/inicio\\\/index.php\\\/2024\\\/03\\\/04\\\/milei-designo-a-caputo-como-guardian-de-todos-los-fondos-fiduciarios\\\/\"},\"author\":{\"name\":\"Diario1 Diario1\",\"@id\":\"https:\\\/\\\/diariotextual.com\\\/inicio\\\/#\\\/schema\\\/person\\\/418fc4093c33e86ed41562db3508f958\"},\"headline\":\"Milei design\u00f3 a Caputo como guardi\u00e1n de todos los fondos fiduciarios\",\"datePublished\":\"2024-03-04T11:05:54+00:00\",\"dateModified\":\"2024-03-04T12:06:12+00:00\",\"mainEntityOfPage\":{\"@id\":\"https:\\\/\\\/diariotextual.com\\\/inicio\\\/index.php\\\/2024\\\/03\\\/04\\\/milei-designo-a-caputo-como-guardian-de-todos-los-fondos-fiduciarios\\\/\"},\"wordCount\":754,\"publisher\":{\"@id\":\"https:\\\/\\\/diariotextual.com\\\/inicio\\\/#organization\"},\"image\":{\"@id\":\"https:\\\/\\\/diariotextual.com\\\/inicio\\\/index.php\\\/2024\\\/03\\\/04\\\/milei-designo-a-caputo-como-guardian-de-todos-los-fondos-fiduciarios\\\/#primaryimage\"},\"thumbnailUrl\":\"https:\\\/\\\/diariotextual.com\\\/inicio\\\/wp-content\\\/uploads\\\/2024\\\/01\\\/caputoluistelam2024-1.jpg\",\"articleSection\":[\"A - ES NOTICIA (van abajo)\",\"POLITICA\"],\"inLanguage\":\"es\"},{\"@type\":\"WebPage\",\"@id\":\"https:\\\/\\\/diariotextual.com\\\/inicio\\\/index.php\\\/2024\\\/03\\\/04\\\/milei-designo-a-caputo-como-guardian-de-todos-los-fondos-fiduciarios\\\/\",\"url\":\"https:\\\/\\\/diariotextual.com\\\/inicio\\\/index.php\\\/2024\\\/03\\\/04\\\/milei-designo-a-caputo-como-guardian-de-todos-los-fondos-fiduciarios\\\/\",\"name\":\"Milei design\u00f3 a Caputo como guardi\u00e1n de todos los fondos fiduciarios - Diario Textual\",\"isPartOf\":{\"@id\":\"https:\\\/\\\/diariotextual.com\\\/inicio\\\/#website\"},\"primaryImageOfPage\":{\"@id\":\"https:\\\/\\\/diariotextual.com\\\/inicio\\\/index.php\\\/2024\\\/03\\\/04\\\/milei-designo-a-caputo-como-guardian-de-todos-los-fondos-fiduciarios\\\/#primaryimage\"},\"image\":{\"@id\":\"https:\\\/\\\/diariotextual.com\\\/inicio\\\/index.php\\\/2024\\\/03\\\/04\\\/milei-designo-a-caputo-como-guardian-de-todos-los-fondos-fiduciarios\\\/#primaryimage\"},\"thumbnailUrl\":\"https:\\\/\\\/diariotextual.com\\\/inicio\\\/wp-content\\\/uploads\\\/2024\\\/01\\\/caputoluistelam2024-1.jpg\",\"datePublished\":\"2024-03-04T11:05:54+00:00\",\"dateModified\":\"2024-03-04T12:06:12+00:00\",\"breadcrumb\":{\"@id\":\"https:\\\/\\\/diariotextual.com\\\/inicio\\\/index.php\\\/2024\\\/03\\\/04\\\/milei-designo-a-caputo-como-guardian-de-todos-los-fondos-fiduciarios\\\/#breadcrumb\"},\"inLanguage\":\"es\",\"potentialAction\":[{\"@type\":\"ReadAction\",\"target\":[\"https:\\\/\\\/diariotextual.com\\\/inicio\\\/index.php\\\/2024\\\/03\\\/04\\\/milei-designo-a-caputo-como-guardian-de-todos-los-fondos-fiduciarios\\\/\"]}]},{\"@type\":\"ImageObject\",\"inLanguage\":\"es\",\"@id\":\"https:\\\/\\\/diariotextual.com\\\/inicio\\\/index.php\\\/2024\\\/03\\\/04\\\/milei-designo-a-caputo-como-guardian-de-todos-los-fondos-fiduciarios\\\/#primaryimage\",\"url\":\"https:\\\/\\\/diariotextual.com\\\/inicio\\\/wp-content\\\/uploads\\\/2024\\\/01\\\/caputoluistelam2024-1.jpg\",\"contentUrl\":\"https:\\\/\\\/diariotextual.com\\\/inicio\\\/wp-content\\\/uploads\\\/2024\\\/01\\\/caputoluistelam2024-1.jpg\",\"width\":1200,\"height\":675},{\"@type\":\"BreadcrumbList\",\"@id\":\"https:\\\/\\\/diariotextual.com\\\/inicio\\\/index.php\\\/2024\\\/03\\\/04\\\/milei-designo-a-caputo-como-guardian-de-todos-los-fondos-fiduciarios\\\/#breadcrumb\",\"itemListElement\":[{\"@type\":\"ListItem\",\"position\":1,\"name\":\"Portada\",\"item\":\"https:\\\/\\\/diariotextual.com\\\/inicio\\\/\"},{\"@type\":\"ListItem\",\"position\":2,\"name\":\"Milei design\u00f3 a Caputo como guardi\u00e1n de todos los fondos fiduciarios\"}]},{\"@type\":\"WebSite\",\"@id\":\"https:\\\/\\\/diariotextual.com\\\/inicio\\\/#website\",\"url\":\"https:\\\/\\\/diariotextual.com\\\/inicio\\\/\",\"name\":\"Diario Textual\",\"description\":\"\",\"publisher\":{\"@id\":\"https:\\\/\\\/diariotextual.com\\\/inicio\\\/#organization\"},\"potentialAction\":[{\"@type\":\"SearchAction\",\"target\":{\"@type\":\"EntryPoint\",\"urlTemplate\":\"https:\\\/\\\/diariotextual.com\\\/inicio\\\/?s={search_term_string}\"},\"query-input\":{\"@type\":\"PropertyValueSpecification\",\"valueRequired\":true,\"valueName\":\"search_term_string\"}}],\"inLanguage\":\"es\"},{\"@type\":\"Organization\",\"@id\":\"https:\\\/\\\/diariotextual.com\\\/inicio\\\/#organization\",\"name\":\"Diario Textual\",\"url\":\"https:\\\/\\\/diariotextual.com\\\/inicio\\\/\",\"logo\":{\"@type\":\"ImageObject\",\"inLanguage\":\"es\",\"@id\":\"https:\\\/\\\/diariotextual.com\\\/inicio\\\/#\\\/schema\\\/logo\\\/image\\\/\",\"url\":\"https:\\\/\\\/diariotextual.com\\\/inicio\\\/wp-content\\\/uploads\\\/2023\\\/05\\\/logotextual1.jpg\",\"contentUrl\":\"https:\\\/\\\/diariotextual.com\\\/inicio\\\/wp-content\\\/uploads\\\/2023\\\/05\\\/logotextual1.jpg\",\"width\":516,\"height\":76,\"caption\":\"Diario Textual\"},\"image\":{\"@id\":\"https:\\\/\\\/diariotextual.com\\\/inicio\\\/#\\\/schema\\\/logo\\\/image\\\/\"},\"sameAs\":[\"https:\\\/\\\/www.facebook.com\\\/eltextual\",\"https:\\\/\\\/x.com\\\/eltextual\",\"http:\\\/\\\/www.instagram.com\\\/eltextual\"]},{\"@type\":\"Person\",\"@id\":\"https:\\\/\\\/diariotextual.com\\\/inicio\\\/#\\\/schema\\\/person\\\/418fc4093c33e86ed41562db3508f958\",\"name\":\"Diario1 Diario1\",\"image\":{\"@type\":\"ImageObject\",\"inLanguage\":\"es\",\"@id\":\"https:\\\/\\\/secure.gravatar.com\\\/avatar\\\/9167d280179c85bc18be67aa7eda765854300033af4896dd779b608640f2ef7a?s=96&d=mm&r=g\",\"url\":\"https:\\\/\\\/secure.gravatar.com\\\/avatar\\\/9167d280179c85bc18be67aa7eda765854300033af4896dd779b608640f2ef7a?s=96&d=mm&r=g\",\"contentUrl\":\"https:\\\/\\\/secure.gravatar.com\\\/avatar\\\/9167d280179c85bc18be67aa7eda765854300033af4896dd779b608640f2ef7a?s=96&d=mm&r=g\",\"caption\":\"Diario1 Diario1\"},\"url\":\"https:\\\/\\\/diariotextual.com\\\/inicio\\\/index.php\\\/author\\\/diario1\\\/\"}]}<\/script>\n<!-- \/ Yoast SEO plugin. -->","yoast_head_json":{"title":"Milei design\u00f3 a Caputo como guardi\u00e1n de todos los fondos fiduciarios - Diario Textual","robots":{"index":"index","follow":"follow","max-snippet":"max-snippet:-1","max-image-preview":"max-image-preview:large","max-video-preview":"max-video-preview:-1"},"canonical":"https:\/\/diariotextual.com\/inicio\/index.php\/2024\/03\/04\/milei-designo-a-caputo-como-guardian-de-todos-los-fondos-fiduciarios\/","og_locale":"es_ES","og_type":"article","og_title":"Milei design\u00f3 a Caputo como guardi\u00e1n de todos los fondos fiduciarios - Diario Textual","og_description":"El presidente, Javier Milei,&nbsp;le deleg\u00f3 al ministro de Econom\u00eda, Luis Caputo, el control de los fondos fiduciarios&nbsp;y le encomend\u00f3 realizar una&nbsp;auditor\u00eda integral de gesti\u00f3n de los recursos, a trav\u00e9s del&hellip;","og_url":"https:\/\/diariotextual.com\/inicio\/index.php\/2024\/03\/04\/milei-designo-a-caputo-como-guardian-de-todos-los-fondos-fiduciarios\/","og_site_name":"Diario Textual","article_publisher":"https:\/\/www.facebook.com\/eltextual","article_published_time":"2024-03-04T11:05:54+00:00","article_modified_time":"2024-03-04T12:06:12+00:00","og_image":[{"width":1200,"height":675,"url":"https:\/\/diariotextual.com\/inicio\/wp-content\/uploads\/2024\/01\/caputoluistelam2024-1.jpg","type":"image\/jpeg"}],"author":"Diario1 Diario1","twitter_card":"summary_large_image","twitter_creator":"@eltextual","twitter_site":"@eltextual","twitter_misc":{"Escrito por":"Diario1 Diario1","Tiempo de lectura":"4 minutos"},"schema":{"@context":"https:\/\/schema.org","@graph":[{"@type":"Article","@id":"https:\/\/diariotextual.com\/inicio\/index.php\/2024\/03\/04\/milei-designo-a-caputo-como-guardian-de-todos-los-fondos-fiduciarios\/#article","isPartOf":{"@id":"https:\/\/diariotextual.com\/inicio\/index.php\/2024\/03\/04\/milei-designo-a-caputo-como-guardian-de-todos-los-fondos-fiduciarios\/"},"author":{"name":"Diario1 Diario1","@id":"https:\/\/diariotextual.com\/inicio\/#\/schema\/person\/418fc4093c33e86ed41562db3508f958"},"headline":"Milei design\u00f3 a Caputo como guardi\u00e1n de todos los fondos fiduciarios","datePublished":"2024-03-04T11:05:54+00:00","dateModified":"2024-03-04T12:06:12+00:00","mainEntityOfPage":{"@id":"https:\/\/diariotextual.com\/inicio\/index.php\/2024\/03\/04\/milei-designo-a-caputo-como-guardian-de-todos-los-fondos-fiduciarios\/"},"wordCount":754,"publisher":{"@id":"https:\/\/diariotextual.com\/inicio\/#organization"},"image":{"@id":"https:\/\/diariotextual.com\/inicio\/index.php\/2024\/03\/04\/milei-designo-a-caputo-como-guardian-de-todos-los-fondos-fiduciarios\/#primaryimage"},"thumbnailUrl":"https:\/\/diariotextual.com\/inicio\/wp-content\/uploads\/2024\/01\/caputoluistelam2024-1.jpg","articleSection":["A - ES NOTICIA (van abajo)","POLITICA"],"inLanguage":"es"},{"@type":"WebPage","@id":"https:\/\/diariotextual.com\/inicio\/index.php\/2024\/03\/04\/milei-designo-a-caputo-como-guardian-de-todos-los-fondos-fiduciarios\/","url":"https:\/\/diariotextual.com\/inicio\/index.php\/2024\/03\/04\/milei-designo-a-caputo-como-guardian-de-todos-los-fondos-fiduciarios\/","name":"Milei design\u00f3 a Caputo como guardi\u00e1n de todos los fondos fiduciarios - Diario Textual","isPartOf":{"@id":"https:\/\/diariotextual.com\/inicio\/#website"},"primaryImageOfPage":{"@id":"https:\/\/diariotextual.com\/inicio\/index.php\/2024\/03\/04\/milei-designo-a-caputo-como-guardian-de-todos-los-fondos-fiduciarios\/#primaryimage"},"image":{"@id":"https:\/\/diariotextual.com\/inicio\/index.php\/2024\/03\/04\/milei-designo-a-caputo-como-guardian-de-todos-los-fondos-fiduciarios\/#primaryimage"},"thumbnailUrl":"https:\/\/diariotextual.com\/inicio\/wp-content\/uploads\/2024\/01\/caputoluistelam2024-1.jpg","datePublished":"2024-03-04T11:05:54+00:00","dateModified":"2024-03-04T12:06:12+00:00","breadcrumb":{"@id":"https:\/\/diariotextual.com\/inicio\/index.php\/2024\/03\/04\/milei-designo-a-caputo-como-guardian-de-todos-los-fondos-fiduciarios\/#breadcrumb"},"inLanguage":"es","potentialAction":[{"@type":"ReadAction","target":["https:\/\/diariotextual.com\/inicio\/index.php\/2024\/03\/04\/milei-designo-a-caputo-como-guardian-de-todos-los-fondos-fiduciarios\/"]}]},{"@type":"ImageObject","inLanguage":"es","@id":"https:\/\/diariotextual.com\/inicio\/index.php\/2024\/03\/04\/milei-designo-a-caputo-como-guardian-de-todos-los-fondos-fiduciarios\/#primaryimage","url":"https:\/\/diariotextual.com\/inicio\/wp-content\/uploads\/2024\/01\/caputoluistelam2024-1.jpg","contentUrl":"https:\/\/diariotextual.com\/inicio\/wp-content\/uploads\/2024\/01\/caputoluistelam2024-1.jpg","width":1200,"height":675},{"@type":"BreadcrumbList","@id":"https:\/\/diariotextual.com\/inicio\/index.php\/2024\/03\/04\/milei-designo-a-caputo-como-guardian-de-todos-los-fondos-fiduciarios\/#breadcrumb","itemListElement":[{"@type":"ListItem","position":1,"name":"Portada","item":"https:\/\/diariotextual.com\/inicio\/"},{"@type":"ListItem","position":2,"name":"Milei design\u00f3 a Caputo como guardi\u00e1n de todos los fondos fiduciarios"}]},{"@type":"WebSite","@id":"https:\/\/diariotextual.com\/inicio\/#website","url":"https:\/\/diariotextual.com\/inicio\/","name":"Diario Textual","description":"","publisher":{"@id":"https:\/\/diariotextual.com\/inicio\/#organization"},"potentialAction":[{"@type":"SearchAction","target":{"@type":"EntryPoint","urlTemplate":"https:\/\/diariotextual.com\/inicio\/?s={search_term_string}"},"query-input":{"@type":"PropertyValueSpecification","valueRequired":true,"valueName":"search_term_string"}}],"inLanguage":"es"},{"@type":"Organization","@id":"https:\/\/diariotextual.com\/inicio\/#organization","name":"Diario Textual","url":"https:\/\/diariotextual.com\/inicio\/","logo":{"@type":"ImageObject","inLanguage":"es","@id":"https:\/\/diariotextual.com\/inicio\/#\/schema\/logo\/image\/","url":"https:\/\/diariotextual.com\/inicio\/wp-content\/uploads\/2023\/05\/logotextual1.jpg","contentUrl":"https:\/\/diariotextual.com\/inicio\/wp-content\/uploads\/2023\/05\/logotextual1.jpg","width":516,"height":76,"caption":"Diario Textual"},"image":{"@id":"https:\/\/diariotextual.com\/inicio\/#\/schema\/logo\/image\/"},"sameAs":["https:\/\/www.facebook.com\/eltextual","https:\/\/x.com\/eltextual","http:\/\/www.instagram.com\/eltextual"]},{"@type":"Person","@id":"https:\/\/diariotextual.com\/inicio\/#\/schema\/person\/418fc4093c33e86ed41562db3508f958","name":"Diario1 Diario1","image":{"@type":"ImageObject","inLanguage":"es","@id":"https:\/\/secure.gravatar.com\/avatar\/9167d280179c85bc18be67aa7eda765854300033af4896dd779b608640f2ef7a?s=96&d=mm&r=g","url":"https:\/\/secure.gravatar.com\/avatar\/9167d280179c85bc18be67aa7eda765854300033af4896dd779b608640f2ef7a?s=96&d=mm&r=g","contentUrl":"https:\/\/secure.gravatar.com\/avatar\/9167d280179c85bc18be67aa7eda765854300033af4896dd779b608640f2ef7a?s=96&d=mm&r=g","caption":"Diario1 Diario1"},"url":"https:\/\/diariotextual.com\/inicio\/index.php\/author\/diario1\/"}]}},"_links":{"self":[{"href":"https:\/\/diariotextual.com\/inicio\/index.php\/wp-json\/wp\/v2\/posts\/255806","targetHints":{"allow":["GET"]}}],"collection":[{"href":"https:\/\/diariotextual.com\/inicio\/index.php\/wp-json\/wp\/v2\/posts"}],"about":[{"href":"https:\/\/diariotextual.com\/inicio\/index.php\/wp-json\/wp\/v2\/types\/post"}],"author":[{"embeddable":true,"href":"https:\/\/diariotextual.com\/inicio\/index.php\/wp-json\/wp\/v2\/users\/3"}],"replies":[{"embeddable":true,"href":"https:\/\/diariotextual.com\/inicio\/index.php\/wp-json\/wp\/v2\/comments?post=255806"}],"version-history":[{"count":1,"href":"https:\/\/diariotextual.com\/inicio\/index.php\/wp-json\/wp\/v2\/posts\/255806\/revisions"}],"predecessor-version":[{"id":255807,"href":"https:\/\/diariotextual.com\/inicio\/index.php\/wp-json\/wp\/v2\/posts\/255806\/revisions\/255807"}],"wp:featuredmedia":[{"embeddable":true,"href":"https:\/\/diariotextual.com\/inicio\/index.php\/wp-json\/wp\/v2\/media\/252026"}],"wp:attachment":[{"href":"https:\/\/diariotextual.com\/inicio\/index.php\/wp-json\/wp\/v2\/media?parent=255806"}],"wp:term":[{"taxonomy":"category","embeddable":true,"href":"https:\/\/diariotextual.com\/inicio\/index.php\/wp-json\/wp\/v2\/categories?post=255806"},{"taxonomy":"post_tag","embeddable":true,"href":"https:\/\/diariotextual.com\/inicio\/index.php\/wp-json\/wp\/v2\/tags?post=255806"}],"curies":[{"name":"wp","href":"https:\/\/api.w.org\/{rel}","templated":true}]}}