{"id":255846,"date":"2024-03-04T12:18:27","date_gmt":"2024-03-04T15:18:27","guid":{"rendered":"https:\/\/diariotextual.com\/inicio\/?p=255846"},"modified":"2024-03-04T16:50:29","modified_gmt":"2024-03-04T19:50:29","slug":"adorni-intento-justificar-el-cierre-de-telam-tenia-perdidas-en-20-mil-millones","status":"publish","type":"post","link":"https:\/\/diariotextual.com\/inicio\/index.php\/2024\/03\/04\/adorni-intento-justificar-el-cierre-de-telam-tenia-perdidas-en-20-mil-millones\/","title":{"rendered":"Adorni intent\u00f3 justificar el cierre de T\u00e9lam: \u201cten\u00eda p\u00e9rdidas en $20 mil millones\u201d"},"content":{"rendered":"\n<p>El vocero presidencial Manuel Adorni inform\u00f3 hoy que esta semana se conocer\u00e1n los detalles del plan para avanzar con el cierre de la agencia de noticias T\u00e9lam, que este a\u00f1o \u201cten\u00eda una p\u00e9rdida estimada en 20 mil millones\u201d de pesos. Dijo, a su vez, que el sitio web, que fue dado de baja, pr\u00f3ximamente volver\u00e1 a estar en l\u00ednea.<\/p>\n\n\n\n<figure class=\"wp-block-embed is-type-wp-embed is-provider-diario-textual wp-block-embed-diario-textual\"><div class=\"wp-block-embed__wrapper\">\n<blockquote class=\"wp-embedded-content\" data-secret=\"W8hgUvUz7Q\"><a href=\"https:\/\/diariotextual.com\/inicio\/index.php\/2024\/03\/04\/milei-cumplio-la-amenaza-vallo-el-edificio-y-dio-de-baja-la-web-de-telam\/\">Milei cumpli\u00f3 la amenaza: vall\u00f3 el edificio y dio de baja la web de T\u00e9lam<\/a><\/blockquote><iframe class=\"wp-embedded-content\" sandbox=\"allow-scripts\" security=\"restricted\" style=\"position: absolute; clip: rect(1px, 1px, 1px, 1px);\" title=\"\u00abMilei cumpli\u00f3 la amenaza: vall\u00f3 el edificio y dio de baja la web de T\u00e9lam\u00bb \u2014 Diario Textual\" src=\"https:\/\/diariotextual.com\/inicio\/index.php\/2024\/03\/04\/milei-cumplio-la-amenaza-vallo-el-edificio-y-dio-de-baja-la-web-de-telam\/embed\/#?secret=X1e79AluG6#?secret=W8hgUvUz7Q\" data-secret=\"W8hgUvUz7Q\" width=\"600\" height=\"338\" frameborder=\"0\" marginwidth=\"0\" marginheight=\"0\" scrolling=\"no\"><\/iframe>\n<\/div><\/figure>\n\n\n\n<p>En conferencia de prensa en la Casa Rosada, intent\u00f3 justificar el cierre de T\u00e9lam. \u201cEsto no tiene nada que ver ni con el pluralismo de la informaci\u00f3n ni con la libertad de prensa\u201d, dijo. \u201cT\u00e9lam ten\u00eda una p\u00e9rdida estimada en los 20 mil millones de pesos. Lo que ocurre no es ni m\u00e1s ni menos que lo que el presidente prometi\u00f3 en campa\u00f1a\u201d.<\/p>\n\n\n\n<p>Adem\u00e1s, se refiri\u00f3 al vallado del edificio de T\u00e9lam. \u201cEl operativo de seguridad trat\u00f3 de evitar cualquier tipo de irrupci\u00f3n de gente que nada tenga que ver con T\u00e9lam y que haya querido ensuciar al Gobierno o a sus empleados\u201d, expres\u00f3.<\/p>\n","protected":false},"excerpt":{"rendered":"<p>El vocero presidencial Manuel Adorni inform\u00f3 hoy que esta semana se conocer\u00e1n los detalles del plan para avanzar con el cierre de la agencia de noticias T\u00e9lam, que este a\u00f1o&hellip;<\/p>\n","protected":false},"author":3,"featured_media":250140,"comment_status":"closed","ping_status":"open","sticky":false,"template":"","format":"standard","meta":{"_acf_changed":false,"footnotes":""},"categories":[1,8],"tags":[],"class_list":["post-255846","post","type-post","status-publish","format-standard","has-post-thumbnail","hentry","category-es-noticia","category-politica"],"acf":[],"yoast_head":"<!-- This site is optimized with the Yoast SEO plugin v27.5 - https:\/\/yoast.com\/product\/yoast-seo-wordpress\/ -->\n<title>Adorni intent\u00f3 justificar el cierre de T\u00e9lam: \u201cten\u00eda p\u00e9rdidas en $20 mil millones\u201d - Diario Textual<\/title>\n<meta name=\"robots\" content=\"index, follow, max-snippet:-1, max-image-preview:large, max-video-preview:-1\" \/>\n<link rel=\"canonical\" href=\"https:\/\/diariotextual.com\/inicio\/index.php\/2024\/03\/04\/adorni-intento-justificar-el-cierre-de-telam-tenia-perdidas-en-20-mil-millones\/\" \/>\n<meta property=\"og:locale\" content=\"es_ES\" \/>\n<meta property=\"og:type\" content=\"article\" \/>\n<meta property=\"og:title\" content=\"Adorni intent\u00f3 justificar el cierre de T\u00e9lam: \u201cten\u00eda p\u00e9rdidas en $20 mil millones\u201d - Diario Textual\" \/>\n<meta property=\"og:description\" content=\"El vocero presidencial Manuel Adorni inform\u00f3 hoy que esta semana se conocer\u00e1n los detalles del plan para avanzar con el cierre de la agencia de noticias T\u00e9lam, que este a\u00f1o&hellip;\" \/>\n<meta property=\"og:url\" content=\"https:\/\/diariotextual.com\/inicio\/index.php\/2024\/03\/04\/adorni-intento-justificar-el-cierre-de-telam-tenia-perdidas-en-20-mil-millones\/\" \/>\n<meta property=\"og:site_name\" content=\"Diario Textual\" \/>\n<meta property=\"article:publisher\" content=\"https:\/\/www.facebook.com\/eltextual\" \/>\n<meta property=\"article:published_time\" content=\"2024-03-04T15:18:27+00:00\" \/>\n<meta property=\"article:modified_time\" content=\"2024-03-04T19:50:29+00:00\" \/>\n<meta property=\"og:image\" content=\"https:\/\/diariotextual.com\/inicio\/wp-content\/uploads\/2024\/01\/adornimanuel2024-10.jpg\" \/>\n\t<meta property=\"og:image:width\" content=\"1024\" \/>\n\t<meta property=\"og:image:height\" content=\"683\" \/>\n\t<meta property=\"og:image:type\" content=\"image\/jpeg\" \/>\n<meta name=\"author\" content=\"Diario1 Diario1\" \/>\n<meta name=\"twitter:card\" content=\"summary_large_image\" \/>\n<meta name=\"twitter:creator\" content=\"@eltextual\" \/>\n<meta name=\"twitter:site\" content=\"@eltextual\" \/>\n<meta name=\"twitter:label1\" content=\"Escrito por\" \/>\n\t<meta name=\"twitter:data1\" content=\"Diario1 Diario1\" \/>\n\t<meta name=\"twitter:label2\" content=\"Tiempo de lectura\" \/>\n\t<meta name=\"twitter:data2\" content=\"1 minuto\" \/>\n<script type=\"application\/ld+json\" class=\"yoast-schema-graph\">{\"@context\":\"https:\\\/\\\/schema.org\",\"@graph\":[{\"@type\":\"Article\",\"@id\":\"https:\\\/\\\/diariotextual.com\\\/inicio\\\/index.php\\\/2024\\\/03\\\/04\\\/adorni-intento-justificar-el-cierre-de-telam-tenia-perdidas-en-20-mil-millones\\\/#article\",\"isPartOf\":{\"@id\":\"https:\\\/\\\/diariotextual.com\\\/inicio\\\/index.php\\\/2024\\\/03\\\/04\\\/adorni-intento-justificar-el-cierre-de-telam-tenia-perdidas-en-20-mil-millones\\\/\"},\"author\":{\"name\":\"Diario1 Diario1\",\"@id\":\"https:\\\/\\\/diariotextual.com\\\/inicio\\\/#\\\/schema\\\/person\\\/418fc4093c33e86ed41562db3508f958\"},\"headline\":\"Adorni intent\u00f3 justificar el cierre de T\u00e9lam: \u201cten\u00eda p\u00e9rdidas en $20 mil millones\u201d\",\"datePublished\":\"2024-03-04T15:18:27+00:00\",\"dateModified\":\"2024-03-04T19:50:29+00:00\",\"mainEntityOfPage\":{\"@id\":\"https:\\\/\\\/diariotextual.com\\\/inicio\\\/index.php\\\/2024\\\/03\\\/04\\\/adorni-intento-justificar-el-cierre-de-telam-tenia-perdidas-en-20-mil-millones\\\/\"},\"wordCount\":201,\"publisher\":{\"@id\":\"https:\\\/\\\/diariotextual.com\\\/inicio\\\/#organization\"},\"image\":{\"@id\":\"https:\\\/\\\/diariotextual.com\\\/inicio\\\/index.php\\\/2024\\\/03\\\/04\\\/adorni-intento-justificar-el-cierre-de-telam-tenia-perdidas-en-20-mil-millones\\\/#primaryimage\"},\"thumbnailUrl\":\"https:\\\/\\\/diariotextual.com\\\/inicio\\\/wp-content\\\/uploads\\\/2024\\\/01\\\/adornimanuel2024-10.jpg\",\"articleSection\":[\"A - ES NOTICIA (van abajo)\",\"POLITICA\"],\"inLanguage\":\"es\"},{\"@type\":\"WebPage\",\"@id\":\"https:\\\/\\\/diariotextual.com\\\/inicio\\\/index.php\\\/2024\\\/03\\\/04\\\/adorni-intento-justificar-el-cierre-de-telam-tenia-perdidas-en-20-mil-millones\\\/\",\"url\":\"https:\\\/\\\/diariotextual.com\\\/inicio\\\/index.php\\\/2024\\\/03\\\/04\\\/adorni-intento-justificar-el-cierre-de-telam-tenia-perdidas-en-20-mil-millones\\\/\",\"name\":\"Adorni intent\u00f3 justificar el cierre de T\u00e9lam: \u201cten\u00eda p\u00e9rdidas en $20 mil millones\u201d - Diario Textual\",\"isPartOf\":{\"@id\":\"https:\\\/\\\/diariotextual.com\\\/inicio\\\/#website\"},\"primaryImageOfPage\":{\"@id\":\"https:\\\/\\\/diariotextual.com\\\/inicio\\\/index.php\\\/2024\\\/03\\\/04\\\/adorni-intento-justificar-el-cierre-de-telam-tenia-perdidas-en-20-mil-millones\\\/#primaryimage\"},\"image\":{\"@id\":\"https:\\\/\\\/diariotextual.com\\\/inicio\\\/index.php\\\/2024\\\/03\\\/04\\\/adorni-intento-justificar-el-cierre-de-telam-tenia-perdidas-en-20-mil-millones\\\/#primaryimage\"},\"thumbnailUrl\":\"https:\\\/\\\/diariotextual.com\\\/inicio\\\/wp-content\\\/uploads\\\/2024\\\/01\\\/adornimanuel2024-10.jpg\",\"datePublished\":\"2024-03-04T15:18:27+00:00\",\"dateModified\":\"2024-03-04T19:50:29+00:00\",\"breadcrumb\":{\"@id\":\"https:\\\/\\\/diariotextual.com\\\/inicio\\\/index.php\\\/2024\\\/03\\\/04\\\/adorni-intento-justificar-el-cierre-de-telam-tenia-perdidas-en-20-mil-millones\\\/#breadcrumb\"},\"inLanguage\":\"es\",\"potentialAction\":[{\"@type\":\"ReadAction\",\"target\":[\"https:\\\/\\\/diariotextual.com\\\/inicio\\\/index.php\\\/2024\\\/03\\\/04\\\/adorni-intento-justificar-el-cierre-de-telam-tenia-perdidas-en-20-mil-millones\\\/\"]}]},{\"@type\":\"ImageObject\",\"inLanguage\":\"es\",\"@id\":\"https:\\\/\\\/diariotextual.com\\\/inicio\\\/index.php\\\/2024\\\/03\\\/04\\\/adorni-intento-justificar-el-cierre-de-telam-tenia-perdidas-en-20-mil-millones\\\/#primaryimage\",\"url\":\"https:\\\/\\\/diariotextual.com\\\/inicio\\\/wp-content\\\/uploads\\\/2024\\\/01\\\/adornimanuel2024-10.jpg\",\"contentUrl\":\"https:\\\/\\\/diariotextual.com\\\/inicio\\\/wp-content\\\/uploads\\\/2024\\\/01\\\/adornimanuel2024-10.jpg\",\"width\":1024,\"height\":683},{\"@type\":\"BreadcrumbList\",\"@id\":\"https:\\\/\\\/diariotextual.com\\\/inicio\\\/index.php\\\/2024\\\/03\\\/04\\\/adorni-intento-justificar-el-cierre-de-telam-tenia-perdidas-en-20-mil-millones\\\/#breadcrumb\",\"itemListElement\":[{\"@type\":\"ListItem\",\"position\":1,\"name\":\"Portada\",\"item\":\"https:\\\/\\\/diariotextual.com\\\/inicio\\\/\"},{\"@type\":\"ListItem\",\"position\":2,\"name\":\"Adorni intent\u00f3 justificar el cierre de T\u00e9lam: \u201cten\u00eda p\u00e9rdidas en $20 mil millones\u201d\"}]},{\"@type\":\"WebSite\",\"@id\":\"https:\\\/\\\/diariotextual.com\\\/inicio\\\/#website\",\"url\":\"https:\\\/\\\/diariotextual.com\\\/inicio\\\/\",\"name\":\"Diario Textual\",\"description\":\"\",\"publisher\":{\"@id\":\"https:\\\/\\\/diariotextual.com\\\/inicio\\\/#organization\"},\"potentialAction\":[{\"@type\":\"SearchAction\",\"target\":{\"@type\":\"EntryPoint\",\"urlTemplate\":\"https:\\\/\\\/diariotextual.com\\\/inicio\\\/?s={search_term_string}\"},\"query-input\":{\"@type\":\"PropertyValueSpecification\",\"valueRequired\":true,\"valueName\":\"search_term_string\"}}],\"inLanguage\":\"es\"},{\"@type\":\"Organization\",\"@id\":\"https:\\\/\\\/diariotextual.com\\\/inicio\\\/#organization\",\"name\":\"Diario Textual\",\"url\":\"https:\\\/\\\/diariotextual.com\\\/inicio\\\/\",\"logo\":{\"@type\":\"ImageObject\",\"inLanguage\":\"es\",\"@id\":\"https:\\\/\\\/diariotextual.com\\\/inicio\\\/#\\\/schema\\\/logo\\\/image\\\/\",\"url\":\"https:\\\/\\\/diariotextual.com\\\/inicio\\\/wp-content\\\/uploads\\\/2023\\\/05\\\/logotextual1.jpg\",\"contentUrl\":\"https:\\\/\\\/diariotextual.com\\\/inicio\\\/wp-content\\\/uploads\\\/2023\\\/05\\\/logotextual1.jpg\",\"width\":516,\"height\":76,\"caption\":\"Diario Textual\"},\"image\":{\"@id\":\"https:\\\/\\\/diariotextual.com\\\/inicio\\\/#\\\/schema\\\/logo\\\/image\\\/\"},\"sameAs\":[\"https:\\\/\\\/www.facebook.com\\\/eltextual\",\"https:\\\/\\\/x.com\\\/eltextual\",\"http:\\\/\\\/www.instagram.com\\\/eltextual\"]},{\"@type\":\"Person\",\"@id\":\"https:\\\/\\\/diariotextual.com\\\/inicio\\\/#\\\/schema\\\/person\\\/418fc4093c33e86ed41562db3508f958\",\"name\":\"Diario1 Diario1\",\"image\":{\"@type\":\"ImageObject\",\"inLanguage\":\"es\",\"@id\":\"https:\\\/\\\/secure.gravatar.com\\\/avatar\\\/9167d280179c85bc18be67aa7eda765854300033af4896dd779b608640f2ef7a?s=96&d=mm&r=g\",\"url\":\"https:\\\/\\\/secure.gravatar.com\\\/avatar\\\/9167d280179c85bc18be67aa7eda765854300033af4896dd779b608640f2ef7a?s=96&d=mm&r=g\",\"contentUrl\":\"https:\\\/\\\/secure.gravatar.com\\\/avatar\\\/9167d280179c85bc18be67aa7eda765854300033af4896dd779b608640f2ef7a?s=96&d=mm&r=g\",\"caption\":\"Diario1 Diario1\"},\"url\":\"https:\\\/\\\/diariotextual.com\\\/inicio\\\/index.php\\\/author\\\/diario1\\\/\"}]}<\/script>\n<!-- \/ Yoast SEO plugin. -->","yoast_head_json":{"title":"Adorni intent\u00f3 justificar el cierre de T\u00e9lam: \u201cten\u00eda p\u00e9rdidas en $20 mil millones\u201d - Diario Textual","robots":{"index":"index","follow":"follow","max-snippet":"max-snippet:-1","max-image-preview":"max-image-preview:large","max-video-preview":"max-video-preview:-1"},"canonical":"https:\/\/diariotextual.com\/inicio\/index.php\/2024\/03\/04\/adorni-intento-justificar-el-cierre-de-telam-tenia-perdidas-en-20-mil-millones\/","og_locale":"es_ES","og_type":"article","og_title":"Adorni intent\u00f3 justificar el cierre de T\u00e9lam: \u201cten\u00eda p\u00e9rdidas en $20 mil millones\u201d - Diario Textual","og_description":"El vocero presidencial Manuel Adorni inform\u00f3 hoy que esta semana se conocer\u00e1n los detalles del plan para avanzar con el cierre de la agencia de noticias T\u00e9lam, que este a\u00f1o&hellip;","og_url":"https:\/\/diariotextual.com\/inicio\/index.php\/2024\/03\/04\/adorni-intento-justificar-el-cierre-de-telam-tenia-perdidas-en-20-mil-millones\/","og_site_name":"Diario Textual","article_publisher":"https:\/\/www.facebook.com\/eltextual","article_published_time":"2024-03-04T15:18:27+00:00","article_modified_time":"2024-03-04T19:50:29+00:00","og_image":[{"width":1024,"height":683,"url":"https:\/\/diariotextual.com\/inicio\/wp-content\/uploads\/2024\/01\/adornimanuel2024-10.jpg","type":"image\/jpeg"}],"author":"Diario1 Diario1","twitter_card":"summary_large_image","twitter_creator":"@eltextual","twitter_site":"@eltextual","twitter_misc":{"Escrito por":"Diario1 Diario1","Tiempo de lectura":"1 minuto"},"schema":{"@context":"https:\/\/schema.org","@graph":[{"@type":"Article","@id":"https:\/\/diariotextual.com\/inicio\/index.php\/2024\/03\/04\/adorni-intento-justificar-el-cierre-de-telam-tenia-perdidas-en-20-mil-millones\/#article","isPartOf":{"@id":"https:\/\/diariotextual.com\/inicio\/index.php\/2024\/03\/04\/adorni-intento-justificar-el-cierre-de-telam-tenia-perdidas-en-20-mil-millones\/"},"author":{"name":"Diario1 Diario1","@id":"https:\/\/diariotextual.com\/inicio\/#\/schema\/person\/418fc4093c33e86ed41562db3508f958"},"headline":"Adorni intent\u00f3 justificar el cierre de T\u00e9lam: \u201cten\u00eda p\u00e9rdidas en $20 mil millones\u201d","datePublished":"2024-03-04T15:18:27+00:00","dateModified":"2024-03-04T19:50:29+00:00","mainEntityOfPage":{"@id":"https:\/\/diariotextual.com\/inicio\/index.php\/2024\/03\/04\/adorni-intento-justificar-el-cierre-de-telam-tenia-perdidas-en-20-mil-millones\/"},"wordCount":201,"publisher":{"@id":"https:\/\/diariotextual.com\/inicio\/#organization"},"image":{"@id":"https:\/\/diariotextual.com\/inicio\/index.php\/2024\/03\/04\/adorni-intento-justificar-el-cierre-de-telam-tenia-perdidas-en-20-mil-millones\/#primaryimage"},"thumbnailUrl":"https:\/\/diariotextual.com\/inicio\/wp-content\/uploads\/2024\/01\/adornimanuel2024-10.jpg","articleSection":["A - ES NOTICIA (van abajo)","POLITICA"],"inLanguage":"es"},{"@type":"WebPage","@id":"https:\/\/diariotextual.com\/inicio\/index.php\/2024\/03\/04\/adorni-intento-justificar-el-cierre-de-telam-tenia-perdidas-en-20-mil-millones\/","url":"https:\/\/diariotextual.com\/inicio\/index.php\/2024\/03\/04\/adorni-intento-justificar-el-cierre-de-telam-tenia-perdidas-en-20-mil-millones\/","name":"Adorni intent\u00f3 justificar el cierre de T\u00e9lam: \u201cten\u00eda p\u00e9rdidas en $20 mil millones\u201d - Diario Textual","isPartOf":{"@id":"https:\/\/diariotextual.com\/inicio\/#website"},"primaryImageOfPage":{"@id":"https:\/\/diariotextual.com\/inicio\/index.php\/2024\/03\/04\/adorni-intento-justificar-el-cierre-de-telam-tenia-perdidas-en-20-mil-millones\/#primaryimage"},"image":{"@id":"https:\/\/diariotextual.com\/inicio\/index.php\/2024\/03\/04\/adorni-intento-justificar-el-cierre-de-telam-tenia-perdidas-en-20-mil-millones\/#primaryimage"},"thumbnailUrl":"https:\/\/diariotextual.com\/inicio\/wp-content\/uploads\/2024\/01\/adornimanuel2024-10.jpg","datePublished":"2024-03-04T15:18:27+00:00","dateModified":"2024-03-04T19:50:29+00:00","breadcrumb":{"@id":"https:\/\/diariotextual.com\/inicio\/index.php\/2024\/03\/04\/adorni-intento-justificar-el-cierre-de-telam-tenia-perdidas-en-20-mil-millones\/#breadcrumb"},"inLanguage":"es","potentialAction":[{"@type":"ReadAction","target":["https:\/\/diariotextual.com\/inicio\/index.php\/2024\/03\/04\/adorni-intento-justificar-el-cierre-de-telam-tenia-perdidas-en-20-mil-millones\/"]}]},{"@type":"ImageObject","inLanguage":"es","@id":"https:\/\/diariotextual.com\/inicio\/index.php\/2024\/03\/04\/adorni-intento-justificar-el-cierre-de-telam-tenia-perdidas-en-20-mil-millones\/#primaryimage","url":"https:\/\/diariotextual.com\/inicio\/wp-content\/uploads\/2024\/01\/adornimanuel2024-10.jpg","contentUrl":"https:\/\/diariotextual.com\/inicio\/wp-content\/uploads\/2024\/01\/adornimanuel2024-10.jpg","width":1024,"height":683},{"@type":"BreadcrumbList","@id":"https:\/\/diariotextual.com\/inicio\/index.php\/2024\/03\/04\/adorni-intento-justificar-el-cierre-de-telam-tenia-perdidas-en-20-mil-millones\/#breadcrumb","itemListElement":[{"@type":"ListItem","position":1,"name":"Portada","item":"https:\/\/diariotextual.com\/inicio\/"},{"@type":"ListItem","position":2,"name":"Adorni intent\u00f3 justificar el cierre de T\u00e9lam: \u201cten\u00eda p\u00e9rdidas en $20 mil millones\u201d"}]},{"@type":"WebSite","@id":"https:\/\/diariotextual.com\/inicio\/#website","url":"https:\/\/diariotextual.com\/inicio\/","name":"Diario Textual","description":"","publisher":{"@id":"https:\/\/diariotextual.com\/inicio\/#organization"},"potentialAction":[{"@type":"SearchAction","target":{"@type":"EntryPoint","urlTemplate":"https:\/\/diariotextual.com\/inicio\/?s={search_term_string}"},"query-input":{"@type":"PropertyValueSpecification","valueRequired":true,"valueName":"search_term_string"}}],"inLanguage":"es"},{"@type":"Organization","@id":"https:\/\/diariotextual.com\/inicio\/#organization","name":"Diario Textual","url":"https:\/\/diariotextual.com\/inicio\/","logo":{"@type":"ImageObject","inLanguage":"es","@id":"https:\/\/diariotextual.com\/inicio\/#\/schema\/logo\/image\/","url":"https:\/\/diariotextual.com\/inicio\/wp-content\/uploads\/2023\/05\/logotextual1.jpg","contentUrl":"https:\/\/diariotextual.com\/inicio\/wp-content\/uploads\/2023\/05\/logotextual1.jpg","width":516,"height":76,"caption":"Diario Textual"},"image":{"@id":"https:\/\/diariotextual.com\/inicio\/#\/schema\/logo\/image\/"},"sameAs":["https:\/\/www.facebook.com\/eltextual","https:\/\/x.com\/eltextual","http:\/\/www.instagram.com\/eltextual"]},{"@type":"Person","@id":"https:\/\/diariotextual.com\/inicio\/#\/schema\/person\/418fc4093c33e86ed41562db3508f958","name":"Diario1 Diario1","image":{"@type":"ImageObject","inLanguage":"es","@id":"https:\/\/secure.gravatar.com\/avatar\/9167d280179c85bc18be67aa7eda765854300033af4896dd779b608640f2ef7a?s=96&d=mm&r=g","url":"https:\/\/secure.gravatar.com\/avatar\/9167d280179c85bc18be67aa7eda765854300033af4896dd779b608640f2ef7a?s=96&d=mm&r=g","contentUrl":"https:\/\/secure.gravatar.com\/avatar\/9167d280179c85bc18be67aa7eda765854300033af4896dd779b608640f2ef7a?s=96&d=mm&r=g","caption":"Diario1 Diario1"},"url":"https:\/\/diariotextual.com\/inicio\/index.php\/author\/diario1\/"}]}},"_links":{"self":[{"href":"https:\/\/diariotextual.com\/inicio\/index.php\/wp-json\/wp\/v2\/posts\/255846","targetHints":{"allow":["GET"]}}],"collection":[{"href":"https:\/\/diariotextual.com\/inicio\/index.php\/wp-json\/wp\/v2\/posts"}],"about":[{"href":"https:\/\/diariotextual.com\/inicio\/index.php\/wp-json\/wp\/v2\/types\/post"}],"author":[{"embeddable":true,"href":"https:\/\/diariotextual.com\/inicio\/index.php\/wp-json\/wp\/v2\/users\/3"}],"replies":[{"embeddable":true,"href":"https:\/\/diariotextual.com\/inicio\/index.php\/wp-json\/wp\/v2\/comments?post=255846"}],"version-history":[{"count":2,"href":"https:\/\/diariotextual.com\/inicio\/index.php\/wp-json\/wp\/v2\/posts\/255846\/revisions"}],"predecessor-version":[{"id":255848,"href":"https:\/\/diariotextual.com\/inicio\/index.php\/wp-json\/wp\/v2\/posts\/255846\/revisions\/255848"}],"wp:featuredmedia":[{"embeddable":true,"href":"https:\/\/diariotextual.com\/inicio\/index.php\/wp-json\/wp\/v2\/media\/250140"}],"wp:attachment":[{"href":"https:\/\/diariotextual.com\/inicio\/index.php\/wp-json\/wp\/v2\/media?parent=255846"}],"wp:term":[{"taxonomy":"category","embeddable":true,"href":"https:\/\/diariotextual.com\/inicio\/index.php\/wp-json\/wp\/v2\/categories?post=255846"},{"taxonomy":"post_tag","embeddable":true,"href":"https:\/\/diariotextual.com\/inicio\/index.php\/wp-json\/wp\/v2\/tags?post=255846"}],"curies":[{"name":"wp","href":"https:\/\/api.w.org\/{rel}","templated":true}]}}