{"id":255888,"date":"2024-03-04T18:11:43","date_gmt":"2024-03-04T21:11:43","guid":{"rendered":"https:\/\/diariotextual.com\/inicio\/?p=255888"},"modified":"2024-03-04T18:11:47","modified_gmt":"2024-03-04T21:11:47","slug":"gobernadores-anunciaran-la-creacion-de-una-agencia-de-desarrollo-patagonico","status":"publish","type":"post","link":"https:\/\/diariotextual.com\/inicio\/index.php\/2024\/03\/04\/gobernadores-anunciaran-la-creacion-de-una-agencia-de-desarrollo-patagonico\/","title":{"rendered":"Gobernadores anunciar\u00e1n la creaci\u00f3n de una Agencia de Desarrollo Patag\u00f3nico"},"content":{"rendered":"\n<p>Tras los cruces con el Gobierno nacional por el reparto de la coparticipaci\u00f3n, los gobernadores patag\u00f3nicos, entre ellos <strong>Sergio Ziliotto, que se dar\u00e1n cita el pr\u00f3ximo jueves 7 en una cumbre en Puerto Madryn<\/strong>, se alistan para dar a conocer un anuncio que excede, por mucho, una mera se\u00f1al pol\u00edtica de unidad.<\/p>\n\n\n\n<p>El evento ser\u00e1 el punto de partida para plantear una agenda de desarrollo y crecimiento propia, pero con un fuerte gesto de autonom\u00eda que se plasmar\u00e1 con la <strong>creaci\u00f3n de una Agencia de Desarrollo Patag\u00f3nico, enfocada en la explotaci\u00f3n y el aprovechamiento de recursos, especialmente los referidos a hidrocarburos, energ\u00eda, pesca y miner\u00eda,<\/strong> entre otros.<\/p>\n\n\n\n<p>La iniciativa, que ya cuenta con el aval de los mandatarios Ignacio Torres (Chubut), Sergio Ziliotto (La Pampa), Rolando Figueroa (Neuqu\u00e9n), Alberto Weretilneck (R\u00edo Negro), Claudio Vidal (Santa Cruz) y Gustavo Melella (Tierra del Fuego, Ant\u00e1rtida e Islas del Atl\u00e1ntico Sur), incluye la <strong>creaci\u00f3n de una empresa que ser\u00e1 la que intervenga en la representaci\u00f3n de los intereses de la regi\u00f3n.<\/strong><\/p>\n\n\n\n<p>En las \u00faltimas horas, los gobernadores mantuvieron a estudio las alternativas que permite la Constituci\u00f3n Nacional y avanzaron en el andamiaje legal para estructurar el proyecto que significar\u00e1, en los hechos, una regionalizaci\u00f3n de los Estados provinciales, con facultades delegadas por las Legislaturas de cada uno de los distritos, y con la revitalizaci\u00f3n del Parlamento Patag\u00f3nico como \u00f3rgano de discusi\u00f3n regional, hoy con una funci\u00f3n testimonial. Objetivo: corregir las asimetr\u00edas y la concreci\u00f3n de una unidad que supere or\u00edgenes partidarios y se proponga una defensa mancomunada de los intereses provinciales. De aqu\u00ed al jueves, se ultiman detalles t\u00e9cnicos porque los pol\u00edticos ya est\u00e1n acordados, inform\u00f3 el diario \u00c1mbito Financiero.<\/p>\n\n\n\n<p>El anuncio tendr\u00e1 otro meta mensaje:<strong> todos los gobernadores del sur est\u00e1n abiertos al di\u00e1logo con el gobierno de Javier Milei pero para la concreci\u00f3n de un verdadero pacto federal, que sea vinculante<\/strong>, el impulso debe provenir de las propias provincias y no llegar como una imposici\u00f3n centralista, algo que se empez\u00f3 a ver con recelo sobre el dec\u00e1logo propuesto para el Pacto de Mayo. Tambi\u00e9n este acuerdo patag\u00f3nico le gana de mano cronol\u00f3gicamente.<\/p>\n\n\n\n<p>La irrupci\u00f3n de este formato tendr\u00e1 incidencia en los mercados donde opere lo que sube la expectativa que tendr\u00e1 el anuncio de los gobernadores, esta semana.<\/p>\n\n\n\n<div style=\"height:100px\" aria-hidden=\"true\" class=\"wp-block-spacer\"><\/div>\n\n\n\n<p><strong>Denuncia<\/strong><\/p>\n\n\n\n<p>Pero existe otro plano simult\u00e1neo que dej\u00f3 la saga de contrapuntos entre Milei y los gobernadores que, pese a haberse aplacado en la superficie, continuar\u00e1 sus repercusiones, pero ahora en los tribunales.<\/p>\n\n\n\n<p><strong>Varias ONG impulsar\u00e1n una denuncia penal respecto a la embestida que sufrieron en las redes sociales los mandatarios<\/strong> que tuvieron disidencias con la Casa Rosada.<\/p>\n\n\n\n<p>Mediante un cruce de informaci\u00f3n se detect\u00f3 que <strong>la campa\u00f1a de trolls habr\u00eda tenido puntos en com\u00fan y se habr\u00eda logrado identificar a la persona que los articul\u00f3. <\/strong>Es por eso que los tribunales federales de Comodoro Py recibir\u00e1n una presentaci\u00f3n, pero tambi\u00e9n un pedido de investigaci\u00f3n para que quede al descubierto la trazabilidad del financiamiento que habr\u00edan tenido esas embestidas, cuyos fondos podr\u00edan haber provenido de un esquema de gastos reservados.<\/p>\n\n\n\n<p>Es uno de los motivos por los que se radicar\u00e1n las actuaciones en Capital Federal, donde tiene asiento la Agencia Federal de Inteligencia (AFI).<\/p>\n","protected":false},"excerpt":{"rendered":"<p>Tras los cruces con el Gobierno nacional por el reparto de la coparticipaci\u00f3n, los gobernadores patag\u00f3nicos, entre ellos Sergio Ziliotto, que se dar\u00e1n cita el pr\u00f3ximo jueves 7 en una&hellip;<\/p>\n","protected":false},"author":5,"featured_media":250857,"comment_status":"closed","ping_status":"open","sticky":false,"template":"","format":"standard","meta":{"_acf_changed":false,"footnotes":""},"categories":[1,8],"tags":[230],"class_list":["post-255888","post","type-post","status-publish","format-standard","has-post-thumbnail","hentry","category-es-noticia","category-politica","tag-patagonia"],"acf":[],"yoast_head":"<!-- This site is optimized with the Yoast SEO plugin v27.5 - https:\/\/yoast.com\/product\/yoast-seo-wordpress\/ -->\n<title>Gobernadores anunciar\u00e1n la creaci\u00f3n de una Agencia de Desarrollo Patag\u00f3nico - Diario Textual<\/title>\n<meta name=\"robots\" content=\"index, follow, max-snippet:-1, max-image-preview:large, max-video-preview:-1\" \/>\n<link rel=\"canonical\" href=\"https:\/\/diariotextual.com\/inicio\/index.php\/2024\/03\/04\/gobernadores-anunciaran-la-creacion-de-una-agencia-de-desarrollo-patagonico\/\" \/>\n<meta property=\"og:locale\" content=\"es_ES\" \/>\n<meta property=\"og:type\" content=\"article\" \/>\n<meta property=\"og:title\" content=\"Gobernadores anunciar\u00e1n la creaci\u00f3n de una Agencia de Desarrollo Patag\u00f3nico - Diario Textual\" \/>\n<meta property=\"og:description\" content=\"Tras los cruces con el Gobierno nacional por el reparto de la coparticipaci\u00f3n, los gobernadores patag\u00f3nicos, entre ellos Sergio Ziliotto, que se dar\u00e1n cita el pr\u00f3ximo jueves 7 en una&hellip;\" \/>\n<meta property=\"og:url\" content=\"https:\/\/diariotextual.com\/inicio\/index.php\/2024\/03\/04\/gobernadores-anunciaran-la-creacion-de-una-agencia-de-desarrollo-patagonico\/\" \/>\n<meta property=\"og:site_name\" content=\"Diario Textual\" \/>\n<meta property=\"article:publisher\" content=\"https:\/\/www.facebook.com\/eltextual\" \/>\n<meta property=\"article:published_time\" content=\"2024-03-04T21:11:43+00:00\" \/>\n<meta property=\"article:modified_time\" content=\"2024-03-04T21:11:47+00:00\" \/>\n<meta property=\"og:image\" content=\"https:\/\/diariotextual.com\/inicio\/wp-content\/uploads\/2024\/01\/gobernadoresdelapatagoniavillalaangosturaziliottodnumilei2024-3.jpg\" \/>\n\t<meta property=\"og:image:width\" content=\"1412\" \/>\n\t<meta property=\"og:image:height\" content=\"895\" \/>\n\t<meta property=\"og:image:type\" content=\"image\/jpeg\" \/>\n<meta name=\"author\" content=\"diario3\" \/>\n<meta name=\"twitter:card\" content=\"summary_large_image\" \/>\n<meta name=\"twitter:creator\" content=\"@eltextual\" \/>\n<meta name=\"twitter:site\" content=\"@eltextual\" \/>\n<meta name=\"twitter:label1\" content=\"Escrito por\" \/>\n\t<meta name=\"twitter:data1\" content=\"diario3\" \/>\n\t<meta name=\"twitter:label2\" content=\"Tiempo de lectura\" \/>\n\t<meta name=\"twitter:data2\" content=\"3 minutos\" \/>\n<script type=\"application\/ld+json\" class=\"yoast-schema-graph\">{\"@context\":\"https:\\\/\\\/schema.org\",\"@graph\":[{\"@type\":\"Article\",\"@id\":\"https:\\\/\\\/diariotextual.com\\\/inicio\\\/index.php\\\/2024\\\/03\\\/04\\\/gobernadores-anunciaran-la-creacion-de-una-agencia-de-desarrollo-patagonico\\\/#article\",\"isPartOf\":{\"@id\":\"https:\\\/\\\/diariotextual.com\\\/inicio\\\/index.php\\\/2024\\\/03\\\/04\\\/gobernadores-anunciaran-la-creacion-de-una-agencia-de-desarrollo-patagonico\\\/\"},\"author\":{\"name\":\"diario3\",\"@id\":\"https:\\\/\\\/diariotextual.com\\\/inicio\\\/#\\\/schema\\\/person\\\/a1b6f563e0ee944c60f98119389a4d9f\"},\"headline\":\"Gobernadores anunciar\u00e1n la creaci\u00f3n de una Agencia de Desarrollo Patag\u00f3nico\",\"datePublished\":\"2024-03-04T21:11:43+00:00\",\"dateModified\":\"2024-03-04T21:11:47+00:00\",\"mainEntityOfPage\":{\"@id\":\"https:\\\/\\\/diariotextual.com\\\/inicio\\\/index.php\\\/2024\\\/03\\\/04\\\/gobernadores-anunciaran-la-creacion-de-una-agencia-de-desarrollo-patagonico\\\/\"},\"wordCount\":597,\"publisher\":{\"@id\":\"https:\\\/\\\/diariotextual.com\\\/inicio\\\/#organization\"},\"image\":{\"@id\":\"https:\\\/\\\/diariotextual.com\\\/inicio\\\/index.php\\\/2024\\\/03\\\/04\\\/gobernadores-anunciaran-la-creacion-de-una-agencia-de-desarrollo-patagonico\\\/#primaryimage\"},\"thumbnailUrl\":\"https:\\\/\\\/diariotextual.com\\\/inicio\\\/wp-content\\\/uploads\\\/2024\\\/01\\\/gobernadoresdelapatagoniavillalaangosturaziliottodnumilei2024-3.jpg\",\"keywords\":[\"patagonia\"],\"articleSection\":[\"A - ES NOTICIA (van abajo)\",\"POLITICA\"],\"inLanguage\":\"es\"},{\"@type\":\"WebPage\",\"@id\":\"https:\\\/\\\/diariotextual.com\\\/inicio\\\/index.php\\\/2024\\\/03\\\/04\\\/gobernadores-anunciaran-la-creacion-de-una-agencia-de-desarrollo-patagonico\\\/\",\"url\":\"https:\\\/\\\/diariotextual.com\\\/inicio\\\/index.php\\\/2024\\\/03\\\/04\\\/gobernadores-anunciaran-la-creacion-de-una-agencia-de-desarrollo-patagonico\\\/\",\"name\":\"Gobernadores anunciar\u00e1n la creaci\u00f3n de una Agencia de Desarrollo Patag\u00f3nico - Diario Textual\",\"isPartOf\":{\"@id\":\"https:\\\/\\\/diariotextual.com\\\/inicio\\\/#website\"},\"primaryImageOfPage\":{\"@id\":\"https:\\\/\\\/diariotextual.com\\\/inicio\\\/index.php\\\/2024\\\/03\\\/04\\\/gobernadores-anunciaran-la-creacion-de-una-agencia-de-desarrollo-patagonico\\\/#primaryimage\"},\"image\":{\"@id\":\"https:\\\/\\\/diariotextual.com\\\/inicio\\\/index.php\\\/2024\\\/03\\\/04\\\/gobernadores-anunciaran-la-creacion-de-una-agencia-de-desarrollo-patagonico\\\/#primaryimage\"},\"thumbnailUrl\":\"https:\\\/\\\/diariotextual.com\\\/inicio\\\/wp-content\\\/uploads\\\/2024\\\/01\\\/gobernadoresdelapatagoniavillalaangosturaziliottodnumilei2024-3.jpg\",\"datePublished\":\"2024-03-04T21:11:43+00:00\",\"dateModified\":\"2024-03-04T21:11:47+00:00\",\"breadcrumb\":{\"@id\":\"https:\\\/\\\/diariotextual.com\\\/inicio\\\/index.php\\\/2024\\\/03\\\/04\\\/gobernadores-anunciaran-la-creacion-de-una-agencia-de-desarrollo-patagonico\\\/#breadcrumb\"},\"inLanguage\":\"es\",\"potentialAction\":[{\"@type\":\"ReadAction\",\"target\":[\"https:\\\/\\\/diariotextual.com\\\/inicio\\\/index.php\\\/2024\\\/03\\\/04\\\/gobernadores-anunciaran-la-creacion-de-una-agencia-de-desarrollo-patagonico\\\/\"]}]},{\"@type\":\"ImageObject\",\"inLanguage\":\"es\",\"@id\":\"https:\\\/\\\/diariotextual.com\\\/inicio\\\/index.php\\\/2024\\\/03\\\/04\\\/gobernadores-anunciaran-la-creacion-de-una-agencia-de-desarrollo-patagonico\\\/#primaryimage\",\"url\":\"https:\\\/\\\/diariotextual.com\\\/inicio\\\/wp-content\\\/uploads\\\/2024\\\/01\\\/gobernadoresdelapatagoniavillalaangosturaziliottodnumilei2024-3.jpg\",\"contentUrl\":\"https:\\\/\\\/diariotextual.com\\\/inicio\\\/wp-content\\\/uploads\\\/2024\\\/01\\\/gobernadoresdelapatagoniavillalaangosturaziliottodnumilei2024-3.jpg\",\"width\":1412,\"height\":895},{\"@type\":\"BreadcrumbList\",\"@id\":\"https:\\\/\\\/diariotextual.com\\\/inicio\\\/index.php\\\/2024\\\/03\\\/04\\\/gobernadores-anunciaran-la-creacion-de-una-agencia-de-desarrollo-patagonico\\\/#breadcrumb\",\"itemListElement\":[{\"@type\":\"ListItem\",\"position\":1,\"name\":\"Portada\",\"item\":\"https:\\\/\\\/diariotextual.com\\\/inicio\\\/\"},{\"@type\":\"ListItem\",\"position\":2,\"name\":\"Gobernadores anunciar\u00e1n la creaci\u00f3n de una Agencia de Desarrollo Patag\u00f3nico\"}]},{\"@type\":\"WebSite\",\"@id\":\"https:\\\/\\\/diariotextual.com\\\/inicio\\\/#website\",\"url\":\"https:\\\/\\\/diariotextual.com\\\/inicio\\\/\",\"name\":\"Diario Textual\",\"description\":\"\",\"publisher\":{\"@id\":\"https:\\\/\\\/diariotextual.com\\\/inicio\\\/#organization\"},\"potentialAction\":[{\"@type\":\"SearchAction\",\"target\":{\"@type\":\"EntryPoint\",\"urlTemplate\":\"https:\\\/\\\/diariotextual.com\\\/inicio\\\/?s={search_term_string}\"},\"query-input\":{\"@type\":\"PropertyValueSpecification\",\"valueRequired\":true,\"valueName\":\"search_term_string\"}}],\"inLanguage\":\"es\"},{\"@type\":\"Organization\",\"@id\":\"https:\\\/\\\/diariotextual.com\\\/inicio\\\/#organization\",\"name\":\"Diario Textual\",\"url\":\"https:\\\/\\\/diariotextual.com\\\/inicio\\\/\",\"logo\":{\"@type\":\"ImageObject\",\"inLanguage\":\"es\",\"@id\":\"https:\\\/\\\/diariotextual.com\\\/inicio\\\/#\\\/schema\\\/logo\\\/image\\\/\",\"url\":\"https:\\\/\\\/diariotextual.com\\\/inicio\\\/wp-content\\\/uploads\\\/2023\\\/05\\\/logotextual1.jpg\",\"contentUrl\":\"https:\\\/\\\/diariotextual.com\\\/inicio\\\/wp-content\\\/uploads\\\/2023\\\/05\\\/logotextual1.jpg\",\"width\":516,\"height\":76,\"caption\":\"Diario Textual\"},\"image\":{\"@id\":\"https:\\\/\\\/diariotextual.com\\\/inicio\\\/#\\\/schema\\\/logo\\\/image\\\/\"},\"sameAs\":[\"https:\\\/\\\/www.facebook.com\\\/eltextual\",\"https:\\\/\\\/x.com\\\/eltextual\",\"http:\\\/\\\/www.instagram.com\\\/eltextual\"]},{\"@type\":\"Person\",\"@id\":\"https:\\\/\\\/diariotextual.com\\\/inicio\\\/#\\\/schema\\\/person\\\/a1b6f563e0ee944c60f98119389a4d9f\",\"name\":\"diario3\",\"image\":{\"@type\":\"ImageObject\",\"inLanguage\":\"es\",\"@id\":\"https:\\\/\\\/secure.gravatar.com\\\/avatar\\\/5e7ee62c82fc04d9dd79d746a390d93c69c43223e5faeeb3ea9461ef752bfc5d?s=96&d=mm&r=g\",\"url\":\"https:\\\/\\\/secure.gravatar.com\\\/avatar\\\/5e7ee62c82fc04d9dd79d746a390d93c69c43223e5faeeb3ea9461ef752bfc5d?s=96&d=mm&r=g\",\"contentUrl\":\"https:\\\/\\\/secure.gravatar.com\\\/avatar\\\/5e7ee62c82fc04d9dd79d746a390d93c69c43223e5faeeb3ea9461ef752bfc5d?s=96&d=mm&r=g\",\"caption\":\"diario3\"},\"url\":\"https:\\\/\\\/diariotextual.com\\\/inicio\\\/index.php\\\/author\\\/diario3\\\/\"}]}<\/script>\n<!-- \/ Yoast SEO plugin. -->","yoast_head_json":{"title":"Gobernadores anunciar\u00e1n la creaci\u00f3n de una Agencia de Desarrollo Patag\u00f3nico - Diario Textual","robots":{"index":"index","follow":"follow","max-snippet":"max-snippet:-1","max-image-preview":"max-image-preview:large","max-video-preview":"max-video-preview:-1"},"canonical":"https:\/\/diariotextual.com\/inicio\/index.php\/2024\/03\/04\/gobernadores-anunciaran-la-creacion-de-una-agencia-de-desarrollo-patagonico\/","og_locale":"es_ES","og_type":"article","og_title":"Gobernadores anunciar\u00e1n la creaci\u00f3n de una Agencia de Desarrollo Patag\u00f3nico - Diario Textual","og_description":"Tras los cruces con el Gobierno nacional por el reparto de la coparticipaci\u00f3n, los gobernadores patag\u00f3nicos, entre ellos Sergio Ziliotto, que se dar\u00e1n cita el pr\u00f3ximo jueves 7 en una&hellip;","og_url":"https:\/\/diariotextual.com\/inicio\/index.php\/2024\/03\/04\/gobernadores-anunciaran-la-creacion-de-una-agencia-de-desarrollo-patagonico\/","og_site_name":"Diario Textual","article_publisher":"https:\/\/www.facebook.com\/eltextual","article_published_time":"2024-03-04T21:11:43+00:00","article_modified_time":"2024-03-04T21:11:47+00:00","og_image":[{"width":1412,"height":895,"url":"https:\/\/diariotextual.com\/inicio\/wp-content\/uploads\/2024\/01\/gobernadoresdelapatagoniavillalaangosturaziliottodnumilei2024-3.jpg","type":"image\/jpeg"}],"author":"diario3","twitter_card":"summary_large_image","twitter_creator":"@eltextual","twitter_site":"@eltextual","twitter_misc":{"Escrito por":"diario3","Tiempo de lectura":"3 minutos"},"schema":{"@context":"https:\/\/schema.org","@graph":[{"@type":"Article","@id":"https:\/\/diariotextual.com\/inicio\/index.php\/2024\/03\/04\/gobernadores-anunciaran-la-creacion-de-una-agencia-de-desarrollo-patagonico\/#article","isPartOf":{"@id":"https:\/\/diariotextual.com\/inicio\/index.php\/2024\/03\/04\/gobernadores-anunciaran-la-creacion-de-una-agencia-de-desarrollo-patagonico\/"},"author":{"name":"diario3","@id":"https:\/\/diariotextual.com\/inicio\/#\/schema\/person\/a1b6f563e0ee944c60f98119389a4d9f"},"headline":"Gobernadores anunciar\u00e1n la creaci\u00f3n de una Agencia de Desarrollo Patag\u00f3nico","datePublished":"2024-03-04T21:11:43+00:00","dateModified":"2024-03-04T21:11:47+00:00","mainEntityOfPage":{"@id":"https:\/\/diariotextual.com\/inicio\/index.php\/2024\/03\/04\/gobernadores-anunciaran-la-creacion-de-una-agencia-de-desarrollo-patagonico\/"},"wordCount":597,"publisher":{"@id":"https:\/\/diariotextual.com\/inicio\/#organization"},"image":{"@id":"https:\/\/diariotextual.com\/inicio\/index.php\/2024\/03\/04\/gobernadores-anunciaran-la-creacion-de-una-agencia-de-desarrollo-patagonico\/#primaryimage"},"thumbnailUrl":"https:\/\/diariotextual.com\/inicio\/wp-content\/uploads\/2024\/01\/gobernadoresdelapatagoniavillalaangosturaziliottodnumilei2024-3.jpg","keywords":["patagonia"],"articleSection":["A - ES NOTICIA (van abajo)","POLITICA"],"inLanguage":"es"},{"@type":"WebPage","@id":"https:\/\/diariotextual.com\/inicio\/index.php\/2024\/03\/04\/gobernadores-anunciaran-la-creacion-de-una-agencia-de-desarrollo-patagonico\/","url":"https:\/\/diariotextual.com\/inicio\/index.php\/2024\/03\/04\/gobernadores-anunciaran-la-creacion-de-una-agencia-de-desarrollo-patagonico\/","name":"Gobernadores anunciar\u00e1n la creaci\u00f3n de una Agencia de Desarrollo Patag\u00f3nico - Diario Textual","isPartOf":{"@id":"https:\/\/diariotextual.com\/inicio\/#website"},"primaryImageOfPage":{"@id":"https:\/\/diariotextual.com\/inicio\/index.php\/2024\/03\/04\/gobernadores-anunciaran-la-creacion-de-una-agencia-de-desarrollo-patagonico\/#primaryimage"},"image":{"@id":"https:\/\/diariotextual.com\/inicio\/index.php\/2024\/03\/04\/gobernadores-anunciaran-la-creacion-de-una-agencia-de-desarrollo-patagonico\/#primaryimage"},"thumbnailUrl":"https:\/\/diariotextual.com\/inicio\/wp-content\/uploads\/2024\/01\/gobernadoresdelapatagoniavillalaangosturaziliottodnumilei2024-3.jpg","datePublished":"2024-03-04T21:11:43+00:00","dateModified":"2024-03-04T21:11:47+00:00","breadcrumb":{"@id":"https:\/\/diariotextual.com\/inicio\/index.php\/2024\/03\/04\/gobernadores-anunciaran-la-creacion-de-una-agencia-de-desarrollo-patagonico\/#breadcrumb"},"inLanguage":"es","potentialAction":[{"@type":"ReadAction","target":["https:\/\/diariotextual.com\/inicio\/index.php\/2024\/03\/04\/gobernadores-anunciaran-la-creacion-de-una-agencia-de-desarrollo-patagonico\/"]}]},{"@type":"ImageObject","inLanguage":"es","@id":"https:\/\/diariotextual.com\/inicio\/index.php\/2024\/03\/04\/gobernadores-anunciaran-la-creacion-de-una-agencia-de-desarrollo-patagonico\/#primaryimage","url":"https:\/\/diariotextual.com\/inicio\/wp-content\/uploads\/2024\/01\/gobernadoresdelapatagoniavillalaangosturaziliottodnumilei2024-3.jpg","contentUrl":"https:\/\/diariotextual.com\/inicio\/wp-content\/uploads\/2024\/01\/gobernadoresdelapatagoniavillalaangosturaziliottodnumilei2024-3.jpg","width":1412,"height":895},{"@type":"BreadcrumbList","@id":"https:\/\/diariotextual.com\/inicio\/index.php\/2024\/03\/04\/gobernadores-anunciaran-la-creacion-de-una-agencia-de-desarrollo-patagonico\/#breadcrumb","itemListElement":[{"@type":"ListItem","position":1,"name":"Portada","item":"https:\/\/diariotextual.com\/inicio\/"},{"@type":"ListItem","position":2,"name":"Gobernadores anunciar\u00e1n la creaci\u00f3n de una Agencia de Desarrollo Patag\u00f3nico"}]},{"@type":"WebSite","@id":"https:\/\/diariotextual.com\/inicio\/#website","url":"https:\/\/diariotextual.com\/inicio\/","name":"Diario Textual","description":"","publisher":{"@id":"https:\/\/diariotextual.com\/inicio\/#organization"},"potentialAction":[{"@type":"SearchAction","target":{"@type":"EntryPoint","urlTemplate":"https:\/\/diariotextual.com\/inicio\/?s={search_term_string}"},"query-input":{"@type":"PropertyValueSpecification","valueRequired":true,"valueName":"search_term_string"}}],"inLanguage":"es"},{"@type":"Organization","@id":"https:\/\/diariotextual.com\/inicio\/#organization","name":"Diario Textual","url":"https:\/\/diariotextual.com\/inicio\/","logo":{"@type":"ImageObject","inLanguage":"es","@id":"https:\/\/diariotextual.com\/inicio\/#\/schema\/logo\/image\/","url":"https:\/\/diariotextual.com\/inicio\/wp-content\/uploads\/2023\/05\/logotextual1.jpg","contentUrl":"https:\/\/diariotextual.com\/inicio\/wp-content\/uploads\/2023\/05\/logotextual1.jpg","width":516,"height":76,"caption":"Diario Textual"},"image":{"@id":"https:\/\/diariotextual.com\/inicio\/#\/schema\/logo\/image\/"},"sameAs":["https:\/\/www.facebook.com\/eltextual","https:\/\/x.com\/eltextual","http:\/\/www.instagram.com\/eltextual"]},{"@type":"Person","@id":"https:\/\/diariotextual.com\/inicio\/#\/schema\/person\/a1b6f563e0ee944c60f98119389a4d9f","name":"diario3","image":{"@type":"ImageObject","inLanguage":"es","@id":"https:\/\/secure.gravatar.com\/avatar\/5e7ee62c82fc04d9dd79d746a390d93c69c43223e5faeeb3ea9461ef752bfc5d?s=96&d=mm&r=g","url":"https:\/\/secure.gravatar.com\/avatar\/5e7ee62c82fc04d9dd79d746a390d93c69c43223e5faeeb3ea9461ef752bfc5d?s=96&d=mm&r=g","contentUrl":"https:\/\/secure.gravatar.com\/avatar\/5e7ee62c82fc04d9dd79d746a390d93c69c43223e5faeeb3ea9461ef752bfc5d?s=96&d=mm&r=g","caption":"diario3"},"url":"https:\/\/diariotextual.com\/inicio\/index.php\/author\/diario3\/"}]}},"_links":{"self":[{"href":"https:\/\/diariotextual.com\/inicio\/index.php\/wp-json\/wp\/v2\/posts\/255888","targetHints":{"allow":["GET"]}}],"collection":[{"href":"https:\/\/diariotextual.com\/inicio\/index.php\/wp-json\/wp\/v2\/posts"}],"about":[{"href":"https:\/\/diariotextual.com\/inicio\/index.php\/wp-json\/wp\/v2\/types\/post"}],"author":[{"embeddable":true,"href":"https:\/\/diariotextual.com\/inicio\/index.php\/wp-json\/wp\/v2\/users\/5"}],"replies":[{"embeddable":true,"href":"https:\/\/diariotextual.com\/inicio\/index.php\/wp-json\/wp\/v2\/comments?post=255888"}],"version-history":[{"count":1,"href":"https:\/\/diariotextual.com\/inicio\/index.php\/wp-json\/wp\/v2\/posts\/255888\/revisions"}],"predecessor-version":[{"id":255889,"href":"https:\/\/diariotextual.com\/inicio\/index.php\/wp-json\/wp\/v2\/posts\/255888\/revisions\/255889"}],"wp:featuredmedia":[{"embeddable":true,"href":"https:\/\/diariotextual.com\/inicio\/index.php\/wp-json\/wp\/v2\/media\/250857"}],"wp:attachment":[{"href":"https:\/\/diariotextual.com\/inicio\/index.php\/wp-json\/wp\/v2\/media?parent=255888"}],"wp:term":[{"taxonomy":"category","embeddable":true,"href":"https:\/\/diariotextual.com\/inicio\/index.php\/wp-json\/wp\/v2\/categories?post=255888"},{"taxonomy":"post_tag","embeddable":true,"href":"https:\/\/diariotextual.com\/inicio\/index.php\/wp-json\/wp\/v2\/tags?post=255888"}],"curies":[{"name":"wp","href":"https:\/\/api.w.org\/{rel}","templated":true}]}}