{"id":255900,"date":"2024-03-04T19:46:32","date_gmt":"2024-03-04T22:46:32","guid":{"rendered":"https:\/\/diariotextual.com\/inicio\/?p=255900"},"modified":"2024-03-04T19:46:35","modified_gmt":"2024-03-04T22:46:35","slug":"pacto-fiscal-el-gobierno-convocara-a-gobernadores-y-ministros-de-economia","status":"publish","type":"post","link":"https:\/\/diariotextual.com\/inicio\/index.php\/2024\/03\/04\/pacto-fiscal-el-gobierno-convocara-a-gobernadores-y-ministros-de-economia\/","title":{"rendered":"Pacto fiscal: el Gobierno convocar\u00e1 a gobernadores y ministros de Econom\u00eda"},"content":{"rendered":"\n<p>Tras un encuentro entre el jefe de Gabinete, Nicol\u00e1s Posse y el ministro de Econom\u00eda, Luis Caputo, el Gobierno nacional decidi\u00f3 esta tarde hacer una convocatoria a las provincias para avanzar con el pacto fiscal.<\/p>\n\n\n\n<p>El <strong>primer acercamiento ser\u00e1 este mi\u00e9rcoles a partir de un encuentro con los titulares de las carteras econ\u00f3micas provinciales,<\/strong> una cita que ya estaba contemplada de antemano. Y<strong> trascendi\u00f3 tambi\u00e9n una convocatoria del ministro del Interior, Guillermo Francos, con gobernadores el pr\u00f3ximo viernes.<\/strong><\/p>\n\n\n\n<p>Se trata de la <strong>reuni\u00f3n de la Comisi\u00f3n Federal de Impuestos<\/strong>, un organismo t\u00e9cnico que se ocupa del control y la fiscalizaci\u00f3n de Relaciones Financieras. El encuentro estar\u00e1 liderado por el secretario de Hacienda, Carlos Guberman.<\/p>\n\n\n\n<p>Durante la cumbre de ministros se espera que comience la discusi\u00f3n sobre el pacto fiscal entre la Naci\u00f3n y las provincias, y el consecuente alivio financiero para estas \u00faltimas. En ese panorama, el Poder Ejecutivo adelant\u00f3 que intentar\u00e1 discutir nuevamente el proyecto de reforma de Ganancias, lo que podr\u00eda redundar en una recomposici\u00f3n de las arcas de las provincias, public\u00f3 el diario \u00c1mbito Financiero.<\/p>\n\n\n\n<p>La convocatoria a los ministros tiene como novedad que se llevar\u00e1 a cabo apenas d\u00edas despu\u00e9s de que el presidente Javier Milei invitase a los gobernadores a debatir nuevamente la ley \u00f3mnibus, luego del naufragio que sufriera el proyecto en Diputados a principios de febrero, en medio de las sesiones extraordinarias.<\/p>\n","protected":false},"excerpt":{"rendered":"<p>Tras un encuentro entre el jefe de Gabinete, Nicol\u00e1s Posse y el ministro de Econom\u00eda, Luis Caputo, el Gobierno nacional decidi\u00f3 esta tarde hacer una convocatoria a las provincias para&hellip;<\/p>\n","protected":false},"author":5,"featured_media":255903,"comment_status":"closed","ping_status":"open","sticky":false,"template":"","format":"standard","meta":{"_acf_changed":false,"footnotes":""},"categories":[1,8],"tags":[],"class_list":["post-255900","post","type-post","status-publish","format-standard","has-post-thumbnail","hentry","category-es-noticia","category-politica"],"acf":[],"yoast_head":"<!-- This site is optimized with the Yoast SEO plugin v27.5 - https:\/\/yoast.com\/product\/yoast-seo-wordpress\/ -->\n<title>Pacto fiscal: el Gobierno convocar\u00e1 a gobernadores y ministros de Econom\u00eda - Diario Textual<\/title>\n<meta name=\"robots\" content=\"index, follow, max-snippet:-1, max-image-preview:large, max-video-preview:-1\" \/>\n<link rel=\"canonical\" href=\"https:\/\/diariotextual.com\/inicio\/index.php\/2024\/03\/04\/pacto-fiscal-el-gobierno-convocara-a-gobernadores-y-ministros-de-economia\/\" \/>\n<meta property=\"og:locale\" content=\"es_ES\" \/>\n<meta property=\"og:type\" content=\"article\" \/>\n<meta property=\"og:title\" content=\"Pacto fiscal: el Gobierno convocar\u00e1 a gobernadores y ministros de Econom\u00eda - Diario Textual\" \/>\n<meta property=\"og:description\" content=\"Tras un encuentro entre el jefe de Gabinete, Nicol\u00e1s Posse y el ministro de Econom\u00eda, Luis Caputo, el Gobierno nacional decidi\u00f3 esta tarde hacer una convocatoria a las provincias para&hellip;\" \/>\n<meta property=\"og:url\" content=\"https:\/\/diariotextual.com\/inicio\/index.php\/2024\/03\/04\/pacto-fiscal-el-gobierno-convocara-a-gobernadores-y-ministros-de-economia\/\" \/>\n<meta property=\"og:site_name\" content=\"Diario Textual\" \/>\n<meta property=\"article:publisher\" content=\"https:\/\/www.facebook.com\/eltextual\" \/>\n<meta property=\"article:published_time\" content=\"2024-03-04T22:46:32+00:00\" \/>\n<meta property=\"article:modified_time\" content=\"2024-03-04T22:46:35+00:00\" \/>\n<meta property=\"og:image\" content=\"https:\/\/diariotextual.com\/inicio\/wp-content\/uploads\/2024\/03\/casarosada2024.jpg\" \/>\n\t<meta property=\"og:image:width\" content=\"900\" \/>\n\t<meta property=\"og:image:height\" content=\"600\" \/>\n\t<meta property=\"og:image:type\" content=\"image\/jpeg\" \/>\n<meta name=\"author\" content=\"diario3\" \/>\n<meta name=\"twitter:card\" content=\"summary_large_image\" \/>\n<meta name=\"twitter:creator\" content=\"@eltextual\" \/>\n<meta name=\"twitter:site\" content=\"@eltextual\" \/>\n<meta name=\"twitter:label1\" content=\"Escrito por\" \/>\n\t<meta name=\"twitter:data1\" content=\"diario3\" \/>\n\t<meta name=\"twitter:label2\" content=\"Tiempo de lectura\" \/>\n\t<meta name=\"twitter:data2\" content=\"2 minutos\" \/>\n<script type=\"application\/ld+json\" class=\"yoast-schema-graph\">{\"@context\":\"https:\\\/\\\/schema.org\",\"@graph\":[{\"@type\":\"Article\",\"@id\":\"https:\\\/\\\/diariotextual.com\\\/inicio\\\/index.php\\\/2024\\\/03\\\/04\\\/pacto-fiscal-el-gobierno-convocara-a-gobernadores-y-ministros-de-economia\\\/#article\",\"isPartOf\":{\"@id\":\"https:\\\/\\\/diariotextual.com\\\/inicio\\\/index.php\\\/2024\\\/03\\\/04\\\/pacto-fiscal-el-gobierno-convocara-a-gobernadores-y-ministros-de-economia\\\/\"},\"author\":{\"name\":\"diario3\",\"@id\":\"https:\\\/\\\/diariotextual.com\\\/inicio\\\/#\\\/schema\\\/person\\\/a1b6f563e0ee944c60f98119389a4d9f\"},\"headline\":\"Pacto fiscal: el Gobierno convocar\u00e1 a gobernadores y ministros de Econom\u00eda\",\"datePublished\":\"2024-03-04T22:46:32+00:00\",\"dateModified\":\"2024-03-04T22:46:35+00:00\",\"mainEntityOfPage\":{\"@id\":\"https:\\\/\\\/diariotextual.com\\\/inicio\\\/index.php\\\/2024\\\/03\\\/04\\\/pacto-fiscal-el-gobierno-convocara-a-gobernadores-y-ministros-de-economia\\\/\"},\"wordCount\":257,\"publisher\":{\"@id\":\"https:\\\/\\\/diariotextual.com\\\/inicio\\\/#organization\"},\"image\":{\"@id\":\"https:\\\/\\\/diariotextual.com\\\/inicio\\\/index.php\\\/2024\\\/03\\\/04\\\/pacto-fiscal-el-gobierno-convocara-a-gobernadores-y-ministros-de-economia\\\/#primaryimage\"},\"thumbnailUrl\":\"https:\\\/\\\/diariotextual.com\\\/inicio\\\/wp-content\\\/uploads\\\/2024\\\/03\\\/casarosada2024.jpg\",\"articleSection\":[\"A - ES NOTICIA (van abajo)\",\"POLITICA\"],\"inLanguage\":\"es\"},{\"@type\":\"WebPage\",\"@id\":\"https:\\\/\\\/diariotextual.com\\\/inicio\\\/index.php\\\/2024\\\/03\\\/04\\\/pacto-fiscal-el-gobierno-convocara-a-gobernadores-y-ministros-de-economia\\\/\",\"url\":\"https:\\\/\\\/diariotextual.com\\\/inicio\\\/index.php\\\/2024\\\/03\\\/04\\\/pacto-fiscal-el-gobierno-convocara-a-gobernadores-y-ministros-de-economia\\\/\",\"name\":\"Pacto fiscal: el Gobierno convocar\u00e1 a gobernadores y ministros de Econom\u00eda - Diario Textual\",\"isPartOf\":{\"@id\":\"https:\\\/\\\/diariotextual.com\\\/inicio\\\/#website\"},\"primaryImageOfPage\":{\"@id\":\"https:\\\/\\\/diariotextual.com\\\/inicio\\\/index.php\\\/2024\\\/03\\\/04\\\/pacto-fiscal-el-gobierno-convocara-a-gobernadores-y-ministros-de-economia\\\/#primaryimage\"},\"image\":{\"@id\":\"https:\\\/\\\/diariotextual.com\\\/inicio\\\/index.php\\\/2024\\\/03\\\/04\\\/pacto-fiscal-el-gobierno-convocara-a-gobernadores-y-ministros-de-economia\\\/#primaryimage\"},\"thumbnailUrl\":\"https:\\\/\\\/diariotextual.com\\\/inicio\\\/wp-content\\\/uploads\\\/2024\\\/03\\\/casarosada2024.jpg\",\"datePublished\":\"2024-03-04T22:46:32+00:00\",\"dateModified\":\"2024-03-04T22:46:35+00:00\",\"breadcrumb\":{\"@id\":\"https:\\\/\\\/diariotextual.com\\\/inicio\\\/index.php\\\/2024\\\/03\\\/04\\\/pacto-fiscal-el-gobierno-convocara-a-gobernadores-y-ministros-de-economia\\\/#breadcrumb\"},\"inLanguage\":\"es\",\"potentialAction\":[{\"@type\":\"ReadAction\",\"target\":[\"https:\\\/\\\/diariotextual.com\\\/inicio\\\/index.php\\\/2024\\\/03\\\/04\\\/pacto-fiscal-el-gobierno-convocara-a-gobernadores-y-ministros-de-economia\\\/\"]}]},{\"@type\":\"ImageObject\",\"inLanguage\":\"es\",\"@id\":\"https:\\\/\\\/diariotextual.com\\\/inicio\\\/index.php\\\/2024\\\/03\\\/04\\\/pacto-fiscal-el-gobierno-convocara-a-gobernadores-y-ministros-de-economia\\\/#primaryimage\",\"url\":\"https:\\\/\\\/diariotextual.com\\\/inicio\\\/wp-content\\\/uploads\\\/2024\\\/03\\\/casarosada2024.jpg\",\"contentUrl\":\"https:\\\/\\\/diariotextual.com\\\/inicio\\\/wp-content\\\/uploads\\\/2024\\\/03\\\/casarosada2024.jpg\",\"width\":900,\"height\":600},{\"@type\":\"BreadcrumbList\",\"@id\":\"https:\\\/\\\/diariotextual.com\\\/inicio\\\/index.php\\\/2024\\\/03\\\/04\\\/pacto-fiscal-el-gobierno-convocara-a-gobernadores-y-ministros-de-economia\\\/#breadcrumb\",\"itemListElement\":[{\"@type\":\"ListItem\",\"position\":1,\"name\":\"Portada\",\"item\":\"https:\\\/\\\/diariotextual.com\\\/inicio\\\/\"},{\"@type\":\"ListItem\",\"position\":2,\"name\":\"Pacto fiscal: el Gobierno convocar\u00e1 a gobernadores y ministros de Econom\u00eda\"}]},{\"@type\":\"WebSite\",\"@id\":\"https:\\\/\\\/diariotextual.com\\\/inicio\\\/#website\",\"url\":\"https:\\\/\\\/diariotextual.com\\\/inicio\\\/\",\"name\":\"Diario Textual\",\"description\":\"\",\"publisher\":{\"@id\":\"https:\\\/\\\/diariotextual.com\\\/inicio\\\/#organization\"},\"potentialAction\":[{\"@type\":\"SearchAction\",\"target\":{\"@type\":\"EntryPoint\",\"urlTemplate\":\"https:\\\/\\\/diariotextual.com\\\/inicio\\\/?s={search_term_string}\"},\"query-input\":{\"@type\":\"PropertyValueSpecification\",\"valueRequired\":true,\"valueName\":\"search_term_string\"}}],\"inLanguage\":\"es\"},{\"@type\":\"Organization\",\"@id\":\"https:\\\/\\\/diariotextual.com\\\/inicio\\\/#organization\",\"name\":\"Diario Textual\",\"url\":\"https:\\\/\\\/diariotextual.com\\\/inicio\\\/\",\"logo\":{\"@type\":\"ImageObject\",\"inLanguage\":\"es\",\"@id\":\"https:\\\/\\\/diariotextual.com\\\/inicio\\\/#\\\/schema\\\/logo\\\/image\\\/\",\"url\":\"https:\\\/\\\/diariotextual.com\\\/inicio\\\/wp-content\\\/uploads\\\/2023\\\/05\\\/logotextual1.jpg\",\"contentUrl\":\"https:\\\/\\\/diariotextual.com\\\/inicio\\\/wp-content\\\/uploads\\\/2023\\\/05\\\/logotextual1.jpg\",\"width\":516,\"height\":76,\"caption\":\"Diario Textual\"},\"image\":{\"@id\":\"https:\\\/\\\/diariotextual.com\\\/inicio\\\/#\\\/schema\\\/logo\\\/image\\\/\"},\"sameAs\":[\"https:\\\/\\\/www.facebook.com\\\/eltextual\",\"https:\\\/\\\/x.com\\\/eltextual\",\"http:\\\/\\\/www.instagram.com\\\/eltextual\"]},{\"@type\":\"Person\",\"@id\":\"https:\\\/\\\/diariotextual.com\\\/inicio\\\/#\\\/schema\\\/person\\\/a1b6f563e0ee944c60f98119389a4d9f\",\"name\":\"diario3\",\"image\":{\"@type\":\"ImageObject\",\"inLanguage\":\"es\",\"@id\":\"https:\\\/\\\/secure.gravatar.com\\\/avatar\\\/5e7ee62c82fc04d9dd79d746a390d93c69c43223e5faeeb3ea9461ef752bfc5d?s=96&d=mm&r=g\",\"url\":\"https:\\\/\\\/secure.gravatar.com\\\/avatar\\\/5e7ee62c82fc04d9dd79d746a390d93c69c43223e5faeeb3ea9461ef752bfc5d?s=96&d=mm&r=g\",\"contentUrl\":\"https:\\\/\\\/secure.gravatar.com\\\/avatar\\\/5e7ee62c82fc04d9dd79d746a390d93c69c43223e5faeeb3ea9461ef752bfc5d?s=96&d=mm&r=g\",\"caption\":\"diario3\"},\"url\":\"https:\\\/\\\/diariotextual.com\\\/inicio\\\/index.php\\\/author\\\/diario3\\\/\"}]}<\/script>\n<!-- \/ Yoast SEO plugin. -->","yoast_head_json":{"title":"Pacto fiscal: el Gobierno convocar\u00e1 a gobernadores y ministros de Econom\u00eda - Diario Textual","robots":{"index":"index","follow":"follow","max-snippet":"max-snippet:-1","max-image-preview":"max-image-preview:large","max-video-preview":"max-video-preview:-1"},"canonical":"https:\/\/diariotextual.com\/inicio\/index.php\/2024\/03\/04\/pacto-fiscal-el-gobierno-convocara-a-gobernadores-y-ministros-de-economia\/","og_locale":"es_ES","og_type":"article","og_title":"Pacto fiscal: el Gobierno convocar\u00e1 a gobernadores y ministros de Econom\u00eda - Diario Textual","og_description":"Tras un encuentro entre el jefe de Gabinete, Nicol\u00e1s Posse y el ministro de Econom\u00eda, Luis Caputo, el Gobierno nacional decidi\u00f3 esta tarde hacer una convocatoria a las provincias para&hellip;","og_url":"https:\/\/diariotextual.com\/inicio\/index.php\/2024\/03\/04\/pacto-fiscal-el-gobierno-convocara-a-gobernadores-y-ministros-de-economia\/","og_site_name":"Diario Textual","article_publisher":"https:\/\/www.facebook.com\/eltextual","article_published_time":"2024-03-04T22:46:32+00:00","article_modified_time":"2024-03-04T22:46:35+00:00","og_image":[{"width":900,"height":600,"url":"https:\/\/diariotextual.com\/inicio\/wp-content\/uploads\/2024\/03\/casarosada2024.jpg","type":"image\/jpeg"}],"author":"diario3","twitter_card":"summary_large_image","twitter_creator":"@eltextual","twitter_site":"@eltextual","twitter_misc":{"Escrito por":"diario3","Tiempo de lectura":"2 minutos"},"schema":{"@context":"https:\/\/schema.org","@graph":[{"@type":"Article","@id":"https:\/\/diariotextual.com\/inicio\/index.php\/2024\/03\/04\/pacto-fiscal-el-gobierno-convocara-a-gobernadores-y-ministros-de-economia\/#article","isPartOf":{"@id":"https:\/\/diariotextual.com\/inicio\/index.php\/2024\/03\/04\/pacto-fiscal-el-gobierno-convocara-a-gobernadores-y-ministros-de-economia\/"},"author":{"name":"diario3","@id":"https:\/\/diariotextual.com\/inicio\/#\/schema\/person\/a1b6f563e0ee944c60f98119389a4d9f"},"headline":"Pacto fiscal: el Gobierno convocar\u00e1 a gobernadores y ministros de Econom\u00eda","datePublished":"2024-03-04T22:46:32+00:00","dateModified":"2024-03-04T22:46:35+00:00","mainEntityOfPage":{"@id":"https:\/\/diariotextual.com\/inicio\/index.php\/2024\/03\/04\/pacto-fiscal-el-gobierno-convocara-a-gobernadores-y-ministros-de-economia\/"},"wordCount":257,"publisher":{"@id":"https:\/\/diariotextual.com\/inicio\/#organization"},"image":{"@id":"https:\/\/diariotextual.com\/inicio\/index.php\/2024\/03\/04\/pacto-fiscal-el-gobierno-convocara-a-gobernadores-y-ministros-de-economia\/#primaryimage"},"thumbnailUrl":"https:\/\/diariotextual.com\/inicio\/wp-content\/uploads\/2024\/03\/casarosada2024.jpg","articleSection":["A - ES NOTICIA (van abajo)","POLITICA"],"inLanguage":"es"},{"@type":"WebPage","@id":"https:\/\/diariotextual.com\/inicio\/index.php\/2024\/03\/04\/pacto-fiscal-el-gobierno-convocara-a-gobernadores-y-ministros-de-economia\/","url":"https:\/\/diariotextual.com\/inicio\/index.php\/2024\/03\/04\/pacto-fiscal-el-gobierno-convocara-a-gobernadores-y-ministros-de-economia\/","name":"Pacto fiscal: el Gobierno convocar\u00e1 a gobernadores y ministros de Econom\u00eda - Diario Textual","isPartOf":{"@id":"https:\/\/diariotextual.com\/inicio\/#website"},"primaryImageOfPage":{"@id":"https:\/\/diariotextual.com\/inicio\/index.php\/2024\/03\/04\/pacto-fiscal-el-gobierno-convocara-a-gobernadores-y-ministros-de-economia\/#primaryimage"},"image":{"@id":"https:\/\/diariotextual.com\/inicio\/index.php\/2024\/03\/04\/pacto-fiscal-el-gobierno-convocara-a-gobernadores-y-ministros-de-economia\/#primaryimage"},"thumbnailUrl":"https:\/\/diariotextual.com\/inicio\/wp-content\/uploads\/2024\/03\/casarosada2024.jpg","datePublished":"2024-03-04T22:46:32+00:00","dateModified":"2024-03-04T22:46:35+00:00","breadcrumb":{"@id":"https:\/\/diariotextual.com\/inicio\/index.php\/2024\/03\/04\/pacto-fiscal-el-gobierno-convocara-a-gobernadores-y-ministros-de-economia\/#breadcrumb"},"inLanguage":"es","potentialAction":[{"@type":"ReadAction","target":["https:\/\/diariotextual.com\/inicio\/index.php\/2024\/03\/04\/pacto-fiscal-el-gobierno-convocara-a-gobernadores-y-ministros-de-economia\/"]}]},{"@type":"ImageObject","inLanguage":"es","@id":"https:\/\/diariotextual.com\/inicio\/index.php\/2024\/03\/04\/pacto-fiscal-el-gobierno-convocara-a-gobernadores-y-ministros-de-economia\/#primaryimage","url":"https:\/\/diariotextual.com\/inicio\/wp-content\/uploads\/2024\/03\/casarosada2024.jpg","contentUrl":"https:\/\/diariotextual.com\/inicio\/wp-content\/uploads\/2024\/03\/casarosada2024.jpg","width":900,"height":600},{"@type":"BreadcrumbList","@id":"https:\/\/diariotextual.com\/inicio\/index.php\/2024\/03\/04\/pacto-fiscal-el-gobierno-convocara-a-gobernadores-y-ministros-de-economia\/#breadcrumb","itemListElement":[{"@type":"ListItem","position":1,"name":"Portada","item":"https:\/\/diariotextual.com\/inicio\/"},{"@type":"ListItem","position":2,"name":"Pacto fiscal: el Gobierno convocar\u00e1 a gobernadores y ministros de Econom\u00eda"}]},{"@type":"WebSite","@id":"https:\/\/diariotextual.com\/inicio\/#website","url":"https:\/\/diariotextual.com\/inicio\/","name":"Diario Textual","description":"","publisher":{"@id":"https:\/\/diariotextual.com\/inicio\/#organization"},"potentialAction":[{"@type":"SearchAction","target":{"@type":"EntryPoint","urlTemplate":"https:\/\/diariotextual.com\/inicio\/?s={search_term_string}"},"query-input":{"@type":"PropertyValueSpecification","valueRequired":true,"valueName":"search_term_string"}}],"inLanguage":"es"},{"@type":"Organization","@id":"https:\/\/diariotextual.com\/inicio\/#organization","name":"Diario Textual","url":"https:\/\/diariotextual.com\/inicio\/","logo":{"@type":"ImageObject","inLanguage":"es","@id":"https:\/\/diariotextual.com\/inicio\/#\/schema\/logo\/image\/","url":"https:\/\/diariotextual.com\/inicio\/wp-content\/uploads\/2023\/05\/logotextual1.jpg","contentUrl":"https:\/\/diariotextual.com\/inicio\/wp-content\/uploads\/2023\/05\/logotextual1.jpg","width":516,"height":76,"caption":"Diario Textual"},"image":{"@id":"https:\/\/diariotextual.com\/inicio\/#\/schema\/logo\/image\/"},"sameAs":["https:\/\/www.facebook.com\/eltextual","https:\/\/x.com\/eltextual","http:\/\/www.instagram.com\/eltextual"]},{"@type":"Person","@id":"https:\/\/diariotextual.com\/inicio\/#\/schema\/person\/a1b6f563e0ee944c60f98119389a4d9f","name":"diario3","image":{"@type":"ImageObject","inLanguage":"es","@id":"https:\/\/secure.gravatar.com\/avatar\/5e7ee62c82fc04d9dd79d746a390d93c69c43223e5faeeb3ea9461ef752bfc5d?s=96&d=mm&r=g","url":"https:\/\/secure.gravatar.com\/avatar\/5e7ee62c82fc04d9dd79d746a390d93c69c43223e5faeeb3ea9461ef752bfc5d?s=96&d=mm&r=g","contentUrl":"https:\/\/secure.gravatar.com\/avatar\/5e7ee62c82fc04d9dd79d746a390d93c69c43223e5faeeb3ea9461ef752bfc5d?s=96&d=mm&r=g","caption":"diario3"},"url":"https:\/\/diariotextual.com\/inicio\/index.php\/author\/diario3\/"}]}},"_links":{"self":[{"href":"https:\/\/diariotextual.com\/inicio\/index.php\/wp-json\/wp\/v2\/posts\/255900","targetHints":{"allow":["GET"]}}],"collection":[{"href":"https:\/\/diariotextual.com\/inicio\/index.php\/wp-json\/wp\/v2\/posts"}],"about":[{"href":"https:\/\/diariotextual.com\/inicio\/index.php\/wp-json\/wp\/v2\/types\/post"}],"author":[{"embeddable":true,"href":"https:\/\/diariotextual.com\/inicio\/index.php\/wp-json\/wp\/v2\/users\/5"}],"replies":[{"embeddable":true,"href":"https:\/\/diariotextual.com\/inicio\/index.php\/wp-json\/wp\/v2\/comments?post=255900"}],"version-history":[{"count":1,"href":"https:\/\/diariotextual.com\/inicio\/index.php\/wp-json\/wp\/v2\/posts\/255900\/revisions"}],"predecessor-version":[{"id":255904,"href":"https:\/\/diariotextual.com\/inicio\/index.php\/wp-json\/wp\/v2\/posts\/255900\/revisions\/255904"}],"wp:featuredmedia":[{"embeddable":true,"href":"https:\/\/diariotextual.com\/inicio\/index.php\/wp-json\/wp\/v2\/media\/255903"}],"wp:attachment":[{"href":"https:\/\/diariotextual.com\/inicio\/index.php\/wp-json\/wp\/v2\/media?parent=255900"}],"wp:term":[{"taxonomy":"category","embeddable":true,"href":"https:\/\/diariotextual.com\/inicio\/index.php\/wp-json\/wp\/v2\/categories?post=255900"},{"taxonomy":"post_tag","embeddable":true,"href":"https:\/\/diariotextual.com\/inicio\/index.php\/wp-json\/wp\/v2\/tags?post=255900"}],"curies":[{"name":"wp","href":"https:\/\/api.w.org\/{rel}","templated":true}]}}