{"id":255962,"date":"2024-03-05T08:09:03","date_gmt":"2024-03-05T11:09:03","guid":{"rendered":"https:\/\/diariotextual.com\/inicio\/?p=255962"},"modified":"2024-03-05T08:12:44","modified_gmt":"2024-03-05T11:12:44","slug":"concejales-del-pro-sobre-el-discurso-de-di-napoli-vivio-en-disney","status":"publish","type":"post","link":"https:\/\/diariotextual.com\/inicio\/index.php\/2024\/03\/05\/concejales-del-pro-sobre-el-discurso-de-di-napoli-vivio-en-disney\/","title":{"rendered":"Concejales del PRO sobre el discurso de Di N\u00e1poli: \u201cVivi\u00f3 en Disney\u201d"},"content":{"rendered":"\n<p>Los concejales del PRO cuestionaron al intendente Luciano di N\u00e1poli, luego del discurso de apertura de las sesiones ordinarias del Concejo Deliberante de Santa Rosa.<\/p>\n\n\n\n<figure class=\"wp-block-embed is-type-wp-embed is-provider-diario-textual wp-block-embed-diario-textual\"><div class=\"wp-block-embed__wrapper\">\n<blockquote class=\"wp-embedded-content\" data-secret=\"wcJle7qnNV\"><a href=\"https:\/\/diariotextual.com\/inicio\/index.php\/2024\/03\/04\/di-napoli-anuncio-una-estacion-de-servicios-municipal-gasoil-mas-barato-para-vehicuos-oficiales\/\">Di N\u00e1poli anunci\u00f3 una estaci\u00f3n de servicios municipal: gasoil m\u00e1s barato para veh\u00edculos oficiales<\/a><\/blockquote><iframe class=\"wp-embedded-content\" sandbox=\"allow-scripts\" security=\"restricted\" style=\"position: absolute; clip: rect(1px, 1px, 1px, 1px);\" title=\"\u00abDi N\u00e1poli anunci\u00f3 una estaci\u00f3n de servicios municipal: gasoil m\u00e1s barato para veh\u00edculos oficiales\u00bb \u2014 Diario Textual\" src=\"https:\/\/diariotextual.com\/inicio\/index.php\/2024\/03\/04\/di-napoli-anuncio-una-estacion-de-servicios-municipal-gasoil-mas-barato-para-vehicuos-oficiales\/embed\/#?secret=DRMhCu0S9U#?secret=wcJle7qnNV\" data-secret=\"wcJle7qnNV\" width=\"600\" height=\"338\" frameborder=\"0\" marginwidth=\"0\" marginheight=\"0\" scrolling=\"no\"><\/iframe>\n<\/div><\/figure>\n\n\n\n<p>\u201cLuego de escuchar el mensaje del intendente en el recinto del Concejo Deliberante, entendemos que vivi\u00f3 en Disney en los \u00faltimos cuatro a\u00f1os, ya que hoy se entera de las necesidades que los vecinos y vecinas de la ciudad tienen. Siendo Santa Rosa \u2013 Toay el conglomerado segundo en el r\u00e1nking de indigencia, con un 16,8%, en el 2023, cuando todav\u00eda Milei no era presidente\u201d, dijeron quienes ya se alinearon al Gobierno libertario.<\/p>\n\n\n\n<p>Di N\u00e1poli ratific\u00f3 anoche al \u201cEstado presente\u201d y, en ese marco, sostuvo que asistir\u00e1n a familias vulnerables, mantendr\u00e1 la gratuidad del boleto estudiantil y sostendr\u00e1n la obra p\u00fablica que se encuentra en marcha. \u201cAnte la crisis que afronta el pa\u00eds, vamos a acompa\u00f1ar m\u00e1s que nunca a las familias de Santa Rosa\u201d, dijo el jefe comunal.<\/p>\n\n\n\n<p>En el PRO lo cruzaron. \u201cSe jacta de la pol\u00edtica p\u00fablica social, pero en los n\u00fameros no se est\u00e1 viendo. Se jacta de estar cerca del ciudadano pero no puede afrontar el aporte al boleto de colectivos. Parece que tiene plata para todo menos para cuidarle el bolsillo a la gente\u201d, sostuvieron.<\/p>\n\n\n\n<p>\u201cCoincidimos en que es necesario profundizar el di\u00e1logo, que hasta el momento s\u00f3lo es de la boca para afuera. Esperamos que los proyectos que env\u00eda al Concejo sean presentados en tiempo y forma, que contemos con la informaci\u00f3n necesaria para estudiarlos y poder dar el tratamiento que se merecen\u201d, manifestaron. \u201cEs por eso que esperamos que ingresen los proyectos anunciados; como as\u00ed tambi\u00e9n se traten los proyectos que los bloques opositores presentamos; y trabajemos en conjunto como santarrose\u00f1os con rectitud y buena fe para sacar Santa Rosa adelante\u201d, finalizaron.<\/p>\n\n\n\n<p><\/p>\n","protected":false},"excerpt":{"rendered":"<p>Los concejales del PRO cuestionaron al intendente Luciano di N\u00e1poli, luego del discurso de apertura de las sesiones ordinarias del Concejo Deliberante de Santa Rosa. \u201cLuego de escuchar el mensaje&hellip;<\/p>\n","protected":false},"author":3,"featured_media":255927,"comment_status":"closed","ping_status":"open","sticky":false,"template":"","format":"standard","meta":{"_acf_changed":false,"footnotes":""},"categories":[1,8],"tags":[],"class_list":["post-255962","post","type-post","status-publish","format-standard","has-post-thumbnail","hentry","category-es-noticia","category-politica"],"acf":[],"yoast_head":"<!-- This site is optimized with the Yoast SEO plugin v27.5 - https:\/\/yoast.com\/product\/yoast-seo-wordpress\/ -->\n<title>Concejales del PRO sobre el discurso de Di N\u00e1poli: \u201cVivi\u00f3 en Disney\u201d - Diario Textual<\/title>\n<meta name=\"robots\" content=\"index, follow, max-snippet:-1, max-image-preview:large, max-video-preview:-1\" \/>\n<link rel=\"canonical\" href=\"https:\/\/diariotextual.com\/inicio\/index.php\/2024\/03\/05\/concejales-del-pro-sobre-el-discurso-de-di-napoli-vivio-en-disney\/\" \/>\n<meta property=\"og:locale\" content=\"es_ES\" \/>\n<meta property=\"og:type\" content=\"article\" \/>\n<meta property=\"og:title\" content=\"Concejales del PRO sobre el discurso de Di N\u00e1poli: \u201cVivi\u00f3 en Disney\u201d - Diario Textual\" \/>\n<meta property=\"og:description\" content=\"Los concejales del PRO cuestionaron al intendente Luciano di N\u00e1poli, luego del discurso de apertura de las sesiones ordinarias del Concejo Deliberante de Santa Rosa. \u201cLuego de escuchar el mensaje&hellip;\" \/>\n<meta property=\"og:url\" content=\"https:\/\/diariotextual.com\/inicio\/index.php\/2024\/03\/05\/concejales-del-pro-sobre-el-discurso-de-di-napoli-vivio-en-disney\/\" \/>\n<meta property=\"og:site_name\" content=\"Diario Textual\" \/>\n<meta property=\"article:publisher\" content=\"https:\/\/www.facebook.com\/eltextual\" \/>\n<meta property=\"article:published_time\" content=\"2024-03-05T11:09:03+00:00\" \/>\n<meta property=\"article:modified_time\" content=\"2024-03-05T11:12:44+00:00\" \/>\n<meta property=\"og:image\" content=\"https:\/\/diariotextual.com\/inicio\/wp-content\/uploads\/2024\/03\/dinapolilucianoconcejoaperturasesiones2024-1.jpg\" \/>\n\t<meta property=\"og:image:width\" content=\"1500\" \/>\n\t<meta property=\"og:image:height\" content=\"999\" \/>\n\t<meta property=\"og:image:type\" content=\"image\/jpeg\" \/>\n<meta name=\"author\" content=\"Diario1 Diario1\" \/>\n<meta name=\"twitter:card\" content=\"summary_large_image\" \/>\n<meta name=\"twitter:creator\" content=\"@eltextual\" \/>\n<meta name=\"twitter:site\" content=\"@eltextual\" \/>\n<meta name=\"twitter:label1\" content=\"Escrito por\" \/>\n\t<meta name=\"twitter:data1\" content=\"Diario1 Diario1\" \/>\n\t<meta name=\"twitter:label2\" content=\"Tiempo de lectura\" \/>\n\t<meta name=\"twitter:data2\" content=\"2 minutos\" \/>\n<script type=\"application\/ld+json\" class=\"yoast-schema-graph\">{\"@context\":\"https:\\\/\\\/schema.org\",\"@graph\":[{\"@type\":\"Article\",\"@id\":\"https:\\\/\\\/diariotextual.com\\\/inicio\\\/index.php\\\/2024\\\/03\\\/05\\\/concejales-del-pro-sobre-el-discurso-de-di-napoli-vivio-en-disney\\\/#article\",\"isPartOf\":{\"@id\":\"https:\\\/\\\/diariotextual.com\\\/inicio\\\/index.php\\\/2024\\\/03\\\/05\\\/concejales-del-pro-sobre-el-discurso-de-di-napoli-vivio-en-disney\\\/\"},\"author\":{\"name\":\"Diario1 Diario1\",\"@id\":\"https:\\\/\\\/diariotextual.com\\\/inicio\\\/#\\\/schema\\\/person\\\/418fc4093c33e86ed41562db3508f958\"},\"headline\":\"Concejales del PRO sobre el discurso de Di N\u00e1poli: \u201cVivi\u00f3 en Disney\u201d\",\"datePublished\":\"2024-03-05T11:09:03+00:00\",\"dateModified\":\"2024-03-05T11:12:44+00:00\",\"mainEntityOfPage\":{\"@id\":\"https:\\\/\\\/diariotextual.com\\\/inicio\\\/index.php\\\/2024\\\/03\\\/05\\\/concejales-del-pro-sobre-el-discurso-de-di-napoli-vivio-en-disney\\\/\"},\"wordCount\":332,\"publisher\":{\"@id\":\"https:\\\/\\\/diariotextual.com\\\/inicio\\\/#organization\"},\"image\":{\"@id\":\"https:\\\/\\\/diariotextual.com\\\/inicio\\\/index.php\\\/2024\\\/03\\\/05\\\/concejales-del-pro-sobre-el-discurso-de-di-napoli-vivio-en-disney\\\/#primaryimage\"},\"thumbnailUrl\":\"https:\\\/\\\/diariotextual.com\\\/inicio\\\/wp-content\\\/uploads\\\/2024\\\/03\\\/dinapolilucianoconcejoaperturasesiones2024-1.jpg\",\"articleSection\":[\"A - ES NOTICIA (van abajo)\",\"POLITICA\"],\"inLanguage\":\"es\"},{\"@type\":\"WebPage\",\"@id\":\"https:\\\/\\\/diariotextual.com\\\/inicio\\\/index.php\\\/2024\\\/03\\\/05\\\/concejales-del-pro-sobre-el-discurso-de-di-napoli-vivio-en-disney\\\/\",\"url\":\"https:\\\/\\\/diariotextual.com\\\/inicio\\\/index.php\\\/2024\\\/03\\\/05\\\/concejales-del-pro-sobre-el-discurso-de-di-napoli-vivio-en-disney\\\/\",\"name\":\"Concejales del PRO sobre el discurso de Di N\u00e1poli: \u201cVivi\u00f3 en Disney\u201d - Diario Textual\",\"isPartOf\":{\"@id\":\"https:\\\/\\\/diariotextual.com\\\/inicio\\\/#website\"},\"primaryImageOfPage\":{\"@id\":\"https:\\\/\\\/diariotextual.com\\\/inicio\\\/index.php\\\/2024\\\/03\\\/05\\\/concejales-del-pro-sobre-el-discurso-de-di-napoli-vivio-en-disney\\\/#primaryimage\"},\"image\":{\"@id\":\"https:\\\/\\\/diariotextual.com\\\/inicio\\\/index.php\\\/2024\\\/03\\\/05\\\/concejales-del-pro-sobre-el-discurso-de-di-napoli-vivio-en-disney\\\/#primaryimage\"},\"thumbnailUrl\":\"https:\\\/\\\/diariotextual.com\\\/inicio\\\/wp-content\\\/uploads\\\/2024\\\/03\\\/dinapolilucianoconcejoaperturasesiones2024-1.jpg\",\"datePublished\":\"2024-03-05T11:09:03+00:00\",\"dateModified\":\"2024-03-05T11:12:44+00:00\",\"breadcrumb\":{\"@id\":\"https:\\\/\\\/diariotextual.com\\\/inicio\\\/index.php\\\/2024\\\/03\\\/05\\\/concejales-del-pro-sobre-el-discurso-de-di-napoli-vivio-en-disney\\\/#breadcrumb\"},\"inLanguage\":\"es\",\"potentialAction\":[{\"@type\":\"ReadAction\",\"target\":[\"https:\\\/\\\/diariotextual.com\\\/inicio\\\/index.php\\\/2024\\\/03\\\/05\\\/concejales-del-pro-sobre-el-discurso-de-di-napoli-vivio-en-disney\\\/\"]}]},{\"@type\":\"ImageObject\",\"inLanguage\":\"es\",\"@id\":\"https:\\\/\\\/diariotextual.com\\\/inicio\\\/index.php\\\/2024\\\/03\\\/05\\\/concejales-del-pro-sobre-el-discurso-de-di-napoli-vivio-en-disney\\\/#primaryimage\",\"url\":\"https:\\\/\\\/diariotextual.com\\\/inicio\\\/wp-content\\\/uploads\\\/2024\\\/03\\\/dinapolilucianoconcejoaperturasesiones2024-1.jpg\",\"contentUrl\":\"https:\\\/\\\/diariotextual.com\\\/inicio\\\/wp-content\\\/uploads\\\/2024\\\/03\\\/dinapolilucianoconcejoaperturasesiones2024-1.jpg\",\"width\":1500,\"height\":999},{\"@type\":\"BreadcrumbList\",\"@id\":\"https:\\\/\\\/diariotextual.com\\\/inicio\\\/index.php\\\/2024\\\/03\\\/05\\\/concejales-del-pro-sobre-el-discurso-de-di-napoli-vivio-en-disney\\\/#breadcrumb\",\"itemListElement\":[{\"@type\":\"ListItem\",\"position\":1,\"name\":\"Portada\",\"item\":\"https:\\\/\\\/diariotextual.com\\\/inicio\\\/\"},{\"@type\":\"ListItem\",\"position\":2,\"name\":\"Concejales del PRO sobre el discurso de Di N\u00e1poli: \u201cVivi\u00f3 en Disney\u201d\"}]},{\"@type\":\"WebSite\",\"@id\":\"https:\\\/\\\/diariotextual.com\\\/inicio\\\/#website\",\"url\":\"https:\\\/\\\/diariotextual.com\\\/inicio\\\/\",\"name\":\"Diario Textual\",\"description\":\"\",\"publisher\":{\"@id\":\"https:\\\/\\\/diariotextual.com\\\/inicio\\\/#organization\"},\"potentialAction\":[{\"@type\":\"SearchAction\",\"target\":{\"@type\":\"EntryPoint\",\"urlTemplate\":\"https:\\\/\\\/diariotextual.com\\\/inicio\\\/?s={search_term_string}\"},\"query-input\":{\"@type\":\"PropertyValueSpecification\",\"valueRequired\":true,\"valueName\":\"search_term_string\"}}],\"inLanguage\":\"es\"},{\"@type\":\"Organization\",\"@id\":\"https:\\\/\\\/diariotextual.com\\\/inicio\\\/#organization\",\"name\":\"Diario Textual\",\"url\":\"https:\\\/\\\/diariotextual.com\\\/inicio\\\/\",\"logo\":{\"@type\":\"ImageObject\",\"inLanguage\":\"es\",\"@id\":\"https:\\\/\\\/diariotextual.com\\\/inicio\\\/#\\\/schema\\\/logo\\\/image\\\/\",\"url\":\"https:\\\/\\\/diariotextual.com\\\/inicio\\\/wp-content\\\/uploads\\\/2023\\\/05\\\/logotextual1.jpg\",\"contentUrl\":\"https:\\\/\\\/diariotextual.com\\\/inicio\\\/wp-content\\\/uploads\\\/2023\\\/05\\\/logotextual1.jpg\",\"width\":516,\"height\":76,\"caption\":\"Diario Textual\"},\"image\":{\"@id\":\"https:\\\/\\\/diariotextual.com\\\/inicio\\\/#\\\/schema\\\/logo\\\/image\\\/\"},\"sameAs\":[\"https:\\\/\\\/www.facebook.com\\\/eltextual\",\"https:\\\/\\\/x.com\\\/eltextual\",\"http:\\\/\\\/www.instagram.com\\\/eltextual\"]},{\"@type\":\"Person\",\"@id\":\"https:\\\/\\\/diariotextual.com\\\/inicio\\\/#\\\/schema\\\/person\\\/418fc4093c33e86ed41562db3508f958\",\"name\":\"Diario1 Diario1\",\"image\":{\"@type\":\"ImageObject\",\"inLanguage\":\"es\",\"@id\":\"https:\\\/\\\/secure.gravatar.com\\\/avatar\\\/9167d280179c85bc18be67aa7eda765854300033af4896dd779b608640f2ef7a?s=96&d=mm&r=g\",\"url\":\"https:\\\/\\\/secure.gravatar.com\\\/avatar\\\/9167d280179c85bc18be67aa7eda765854300033af4896dd779b608640f2ef7a?s=96&d=mm&r=g\",\"contentUrl\":\"https:\\\/\\\/secure.gravatar.com\\\/avatar\\\/9167d280179c85bc18be67aa7eda765854300033af4896dd779b608640f2ef7a?s=96&d=mm&r=g\",\"caption\":\"Diario1 Diario1\"},\"url\":\"https:\\\/\\\/diariotextual.com\\\/inicio\\\/index.php\\\/author\\\/diario1\\\/\"}]}<\/script>\n<!-- \/ Yoast SEO plugin. -->","yoast_head_json":{"title":"Concejales del PRO sobre el discurso de Di N\u00e1poli: \u201cVivi\u00f3 en Disney\u201d - Diario Textual","robots":{"index":"index","follow":"follow","max-snippet":"max-snippet:-1","max-image-preview":"max-image-preview:large","max-video-preview":"max-video-preview:-1"},"canonical":"https:\/\/diariotextual.com\/inicio\/index.php\/2024\/03\/05\/concejales-del-pro-sobre-el-discurso-de-di-napoli-vivio-en-disney\/","og_locale":"es_ES","og_type":"article","og_title":"Concejales del PRO sobre el discurso de Di N\u00e1poli: \u201cVivi\u00f3 en Disney\u201d - Diario Textual","og_description":"Los concejales del PRO cuestionaron al intendente Luciano di N\u00e1poli, luego del discurso de apertura de las sesiones ordinarias del Concejo Deliberante de Santa Rosa. \u201cLuego de escuchar el mensaje&hellip;","og_url":"https:\/\/diariotextual.com\/inicio\/index.php\/2024\/03\/05\/concejales-del-pro-sobre-el-discurso-de-di-napoli-vivio-en-disney\/","og_site_name":"Diario Textual","article_publisher":"https:\/\/www.facebook.com\/eltextual","article_published_time":"2024-03-05T11:09:03+00:00","article_modified_time":"2024-03-05T11:12:44+00:00","og_image":[{"width":1500,"height":999,"url":"https:\/\/diariotextual.com\/inicio\/wp-content\/uploads\/2024\/03\/dinapolilucianoconcejoaperturasesiones2024-1.jpg","type":"image\/jpeg"}],"author":"Diario1 Diario1","twitter_card":"summary_large_image","twitter_creator":"@eltextual","twitter_site":"@eltextual","twitter_misc":{"Escrito por":"Diario1 Diario1","Tiempo de lectura":"2 minutos"},"schema":{"@context":"https:\/\/schema.org","@graph":[{"@type":"Article","@id":"https:\/\/diariotextual.com\/inicio\/index.php\/2024\/03\/05\/concejales-del-pro-sobre-el-discurso-de-di-napoli-vivio-en-disney\/#article","isPartOf":{"@id":"https:\/\/diariotextual.com\/inicio\/index.php\/2024\/03\/05\/concejales-del-pro-sobre-el-discurso-de-di-napoli-vivio-en-disney\/"},"author":{"name":"Diario1 Diario1","@id":"https:\/\/diariotextual.com\/inicio\/#\/schema\/person\/418fc4093c33e86ed41562db3508f958"},"headline":"Concejales del PRO sobre el discurso de Di N\u00e1poli: \u201cVivi\u00f3 en Disney\u201d","datePublished":"2024-03-05T11:09:03+00:00","dateModified":"2024-03-05T11:12:44+00:00","mainEntityOfPage":{"@id":"https:\/\/diariotextual.com\/inicio\/index.php\/2024\/03\/05\/concejales-del-pro-sobre-el-discurso-de-di-napoli-vivio-en-disney\/"},"wordCount":332,"publisher":{"@id":"https:\/\/diariotextual.com\/inicio\/#organization"},"image":{"@id":"https:\/\/diariotextual.com\/inicio\/index.php\/2024\/03\/05\/concejales-del-pro-sobre-el-discurso-de-di-napoli-vivio-en-disney\/#primaryimage"},"thumbnailUrl":"https:\/\/diariotextual.com\/inicio\/wp-content\/uploads\/2024\/03\/dinapolilucianoconcejoaperturasesiones2024-1.jpg","articleSection":["A - ES NOTICIA (van abajo)","POLITICA"],"inLanguage":"es"},{"@type":"WebPage","@id":"https:\/\/diariotextual.com\/inicio\/index.php\/2024\/03\/05\/concejales-del-pro-sobre-el-discurso-de-di-napoli-vivio-en-disney\/","url":"https:\/\/diariotextual.com\/inicio\/index.php\/2024\/03\/05\/concejales-del-pro-sobre-el-discurso-de-di-napoli-vivio-en-disney\/","name":"Concejales del PRO sobre el discurso de Di N\u00e1poli: \u201cVivi\u00f3 en Disney\u201d - Diario Textual","isPartOf":{"@id":"https:\/\/diariotextual.com\/inicio\/#website"},"primaryImageOfPage":{"@id":"https:\/\/diariotextual.com\/inicio\/index.php\/2024\/03\/05\/concejales-del-pro-sobre-el-discurso-de-di-napoli-vivio-en-disney\/#primaryimage"},"image":{"@id":"https:\/\/diariotextual.com\/inicio\/index.php\/2024\/03\/05\/concejales-del-pro-sobre-el-discurso-de-di-napoli-vivio-en-disney\/#primaryimage"},"thumbnailUrl":"https:\/\/diariotextual.com\/inicio\/wp-content\/uploads\/2024\/03\/dinapolilucianoconcejoaperturasesiones2024-1.jpg","datePublished":"2024-03-05T11:09:03+00:00","dateModified":"2024-03-05T11:12:44+00:00","breadcrumb":{"@id":"https:\/\/diariotextual.com\/inicio\/index.php\/2024\/03\/05\/concejales-del-pro-sobre-el-discurso-de-di-napoli-vivio-en-disney\/#breadcrumb"},"inLanguage":"es","potentialAction":[{"@type":"ReadAction","target":["https:\/\/diariotextual.com\/inicio\/index.php\/2024\/03\/05\/concejales-del-pro-sobre-el-discurso-de-di-napoli-vivio-en-disney\/"]}]},{"@type":"ImageObject","inLanguage":"es","@id":"https:\/\/diariotextual.com\/inicio\/index.php\/2024\/03\/05\/concejales-del-pro-sobre-el-discurso-de-di-napoli-vivio-en-disney\/#primaryimage","url":"https:\/\/diariotextual.com\/inicio\/wp-content\/uploads\/2024\/03\/dinapolilucianoconcejoaperturasesiones2024-1.jpg","contentUrl":"https:\/\/diariotextual.com\/inicio\/wp-content\/uploads\/2024\/03\/dinapolilucianoconcejoaperturasesiones2024-1.jpg","width":1500,"height":999},{"@type":"BreadcrumbList","@id":"https:\/\/diariotextual.com\/inicio\/index.php\/2024\/03\/05\/concejales-del-pro-sobre-el-discurso-de-di-napoli-vivio-en-disney\/#breadcrumb","itemListElement":[{"@type":"ListItem","position":1,"name":"Portada","item":"https:\/\/diariotextual.com\/inicio\/"},{"@type":"ListItem","position":2,"name":"Concejales del PRO sobre el discurso de Di N\u00e1poli: \u201cVivi\u00f3 en Disney\u201d"}]},{"@type":"WebSite","@id":"https:\/\/diariotextual.com\/inicio\/#website","url":"https:\/\/diariotextual.com\/inicio\/","name":"Diario Textual","description":"","publisher":{"@id":"https:\/\/diariotextual.com\/inicio\/#organization"},"potentialAction":[{"@type":"SearchAction","target":{"@type":"EntryPoint","urlTemplate":"https:\/\/diariotextual.com\/inicio\/?s={search_term_string}"},"query-input":{"@type":"PropertyValueSpecification","valueRequired":true,"valueName":"search_term_string"}}],"inLanguage":"es"},{"@type":"Organization","@id":"https:\/\/diariotextual.com\/inicio\/#organization","name":"Diario Textual","url":"https:\/\/diariotextual.com\/inicio\/","logo":{"@type":"ImageObject","inLanguage":"es","@id":"https:\/\/diariotextual.com\/inicio\/#\/schema\/logo\/image\/","url":"https:\/\/diariotextual.com\/inicio\/wp-content\/uploads\/2023\/05\/logotextual1.jpg","contentUrl":"https:\/\/diariotextual.com\/inicio\/wp-content\/uploads\/2023\/05\/logotextual1.jpg","width":516,"height":76,"caption":"Diario Textual"},"image":{"@id":"https:\/\/diariotextual.com\/inicio\/#\/schema\/logo\/image\/"},"sameAs":["https:\/\/www.facebook.com\/eltextual","https:\/\/x.com\/eltextual","http:\/\/www.instagram.com\/eltextual"]},{"@type":"Person","@id":"https:\/\/diariotextual.com\/inicio\/#\/schema\/person\/418fc4093c33e86ed41562db3508f958","name":"Diario1 Diario1","image":{"@type":"ImageObject","inLanguage":"es","@id":"https:\/\/secure.gravatar.com\/avatar\/9167d280179c85bc18be67aa7eda765854300033af4896dd779b608640f2ef7a?s=96&d=mm&r=g","url":"https:\/\/secure.gravatar.com\/avatar\/9167d280179c85bc18be67aa7eda765854300033af4896dd779b608640f2ef7a?s=96&d=mm&r=g","contentUrl":"https:\/\/secure.gravatar.com\/avatar\/9167d280179c85bc18be67aa7eda765854300033af4896dd779b608640f2ef7a?s=96&d=mm&r=g","caption":"Diario1 Diario1"},"url":"https:\/\/diariotextual.com\/inicio\/index.php\/author\/diario1\/"}]}},"_links":{"self":[{"href":"https:\/\/diariotextual.com\/inicio\/index.php\/wp-json\/wp\/v2\/posts\/255962","targetHints":{"allow":["GET"]}}],"collection":[{"href":"https:\/\/diariotextual.com\/inicio\/index.php\/wp-json\/wp\/v2\/posts"}],"about":[{"href":"https:\/\/diariotextual.com\/inicio\/index.php\/wp-json\/wp\/v2\/types\/post"}],"author":[{"embeddable":true,"href":"https:\/\/diariotextual.com\/inicio\/index.php\/wp-json\/wp\/v2\/users\/3"}],"replies":[{"embeddable":true,"href":"https:\/\/diariotextual.com\/inicio\/index.php\/wp-json\/wp\/v2\/comments?post=255962"}],"version-history":[{"count":3,"href":"https:\/\/diariotextual.com\/inicio\/index.php\/wp-json\/wp\/v2\/posts\/255962\/revisions"}],"predecessor-version":[{"id":255968,"href":"https:\/\/diariotextual.com\/inicio\/index.php\/wp-json\/wp\/v2\/posts\/255962\/revisions\/255968"}],"wp:featuredmedia":[{"embeddable":true,"href":"https:\/\/diariotextual.com\/inicio\/index.php\/wp-json\/wp\/v2\/media\/255927"}],"wp:attachment":[{"href":"https:\/\/diariotextual.com\/inicio\/index.php\/wp-json\/wp\/v2\/media?parent=255962"}],"wp:term":[{"taxonomy":"category","embeddable":true,"href":"https:\/\/diariotextual.com\/inicio\/index.php\/wp-json\/wp\/v2\/categories?post=255962"},{"taxonomy":"post_tag","embeddable":true,"href":"https:\/\/diariotextual.com\/inicio\/index.php\/wp-json\/wp\/v2\/tags?post=255962"}],"curies":[{"name":"wp","href":"https:\/\/api.w.org\/{rel}","templated":true}]}}