{"id":255984,"date":"2024-03-05T19:49:00","date_gmt":"2024-03-05T22:49:00","guid":{"rendered":"https:\/\/diariotextual.com\/inicio\/?p=255984"},"modified":"2024-03-05T19:52:08","modified_gmt":"2024-03-05T22:52:08","slug":"milei-convoco-a-gobernadores-por-la-ley-omnibus-y-ganancias-dudas-de-la-participacion-de-ziliotto","status":"publish","type":"post","link":"https:\/\/diariotextual.com\/inicio\/index.php\/2024\/03\/05\/milei-convoco-a-gobernadores-por-la-ley-omnibus-y-ganancias-dudas-de-la-participacion-de-ziliotto\/","title":{"rendered":"Milei convoc\u00f3 a gobernadores por la ley \u00f3mnibus y Ganancias: dudas de la participaci\u00f3n de Ziliotto"},"content":{"rendered":"\n<p>La llamada <strong>Oficina de Presidencia <\/strong>inform\u00f3 en las \u00faltimas horas que convocar\u00e1 a los 23 gobernadores y al jefe de la ciudad de Buenos Aires a una reuni\u00f3n para este viernes 8 con el objetivo de insistir nuevamente con la aprobaci\u00f3n en el Congreso de la denominada<strong> ley \u00f3mnibus <\/strong>-o \u201cLey de bases\u201d- y la restauraci\u00f3n del <strong>Impuesto a las Ganancias<\/strong>, como paso previo a intentar firmar el<strong> Pacto de Mayo<\/strong>. Sin embargo, la invitaci\u00f3n -al menos hasta este martes a la ma\u00f1ana- no hab\u00eda llegado al gobernador <strong>Sergio Ziliotto<\/strong>, por lo que <strong>hab\u00eda ciertas dudas de su participaci\u00f3n<\/strong>, dijeron fuentes de <strong>Casa de Gobierno<\/strong> al ser consultadas por<strong> Diario Textual.<\/strong><\/p>\n\n\n\n<figure class=\"wp-block-embed is-type-wp-embed is-provider-diario-textual wp-block-embed-diario-textual\"><div class=\"wp-block-embed__wrapper\">\n<blockquote class=\"wp-embedded-content\" data-secret=\"zQn1OLoKqH\"><a href=\"https:\/\/diariotextual.com\/inicio\/index.php\/2024\/03\/05\/sigue-a-pleno-la-motosierra-de-milei-en-febrero-la-merma-de-transferencias-no-automaticas-a-la-pampa-fue-del-997\/\">Sigue a fondo la motosierra de Milei: en febrero la merma de transferencias no autom\u00e1ticas a La Pampa fue del 99,7%<\/a><\/blockquote><iframe class=\"wp-embedded-content\" sandbox=\"allow-scripts\" security=\"restricted\" style=\"position: absolute; clip: rect(1px, 1px, 1px, 1px);\" title=\"\u00abSigue a fondo la motosierra de Milei: en febrero la merma de transferencias no autom\u00e1ticas a La Pampa fue del 99,7%\u00bb \u2014 Diario Textual\" src=\"https:\/\/diariotextual.com\/inicio\/index.php\/2024\/03\/05\/sigue-a-pleno-la-motosierra-de-milei-en-febrero-la-merma-de-transferencias-no-automaticas-a-la-pampa-fue-del-997\/embed\/#?secret=RprAroiI85#?secret=zQn1OLoKqH\" data-secret=\"zQn1OLoKqH\" width=\"600\" height=\"338\" frameborder=\"0\" marginwidth=\"0\" marginheight=\"0\" scrolling=\"no\"><\/iframe>\n<\/div><\/figure>\n\n\n\n<p>Incluso,<strong> en la decisi\u00f3n de Ziliotto est\u00e1 pesando otro dato: es que medios porte\u00f1os est\u00e1n mencionando insistentemente la posibilidad de que directamente Milei no participe del encuentro.<\/strong><\/p>\n\n\n\n<p>Por lo pronto, hay quienes sostienen en la Casa Rosada que Milei pretender\u00eda avanzar con la ley \u00f3mnibus pero en una versi\u00f3n \u201ccompleta\u201d, que incluir\u00eda no solo el paquete fiscal, cap\u00edtulo que hab\u00eda sido retirado durante el debate parlamentario ante el rechazo opositor y las dudas de los aliados, sino tambi\u00e9n la restituci\u00f3n de la cuarta categor\u00eda de Ganancias. <\/p>\n\n\n\n<p>De concretarse, ser\u00eda un cambio fundamental respecto de lo que la Casa Rosada ven\u00eda barajando, que era retomar la ley \u00f3mnibus tal y c\u00f3mo qued\u00f3 a comienzos de febrero, ya diezmada en su contenido, inform\u00f3 el diario La Naci\u00f3n.<\/p>\n\n\n\n<p>El viernes, en la reuni\u00f3n de los gobernadores, se definir\u00eda si la ley \u00f3mnibus y el paquete fiscal regresan al Congreso juntos o en dos proyectos. <strong>Son iniciativas -incluso la restituci\u00f3n de Ganancias- que Ziliotto ha rechazado terminantemente porque, entre otros puntos, implican un brutal ajuste y habilitan tarifazos, cierre de empresas p\u00fablicas y p\u00e9rdidas de derechos laborales.<\/strong><\/p>\n\n\n\n<p>Milei ha dicho que la firma del Pacto de Mayo, que pretende hacerla en un acto en C\u00f3rdoba el 25 de mayo,<strong> estar\u00e1 supeditada a que los gobernadores avalen con sus legisladores la ley \u00f3mnibus.<\/strong> Para los opositores, es una<strong> extorsi\u00f3n.<\/strong><\/p>\n\n\n\n<figure class=\"wp-block-embed is-type-wp-embed is-provider-diario-textual wp-block-embed-diario-textual\"><div class=\"wp-block-embed__wrapper\">\n<blockquote class=\"wp-embedded-content\" data-secret=\"3HklMJLH11\"><a href=\"https:\/\/diariotextual.com\/inicio\/index.php\/2024\/03\/05\/milei-convoco-a-gobernadores-por-la-ley-omnibus-y-ganancias-dudas-de-la-participacion-de-ziliotto\/\">Milei convoc\u00f3 a gobernadores por la ley \u00f3mnibus y Ganancias: dudas de la participaci\u00f3n de Ziliotto<\/a><\/blockquote><iframe class=\"wp-embedded-content\" sandbox=\"allow-scripts\" security=\"restricted\" style=\"position: absolute; clip: rect(1px, 1px, 1px, 1px);\" title=\"\u00abMilei convoc\u00f3 a gobernadores por la ley \u00f3mnibus y Ganancias: dudas de la participaci\u00f3n de Ziliotto\u00bb \u2014 Diario Textual\" src=\"https:\/\/diariotextual.com\/inicio\/index.php\/2024\/03\/05\/milei-convoco-a-gobernadores-por-la-ley-omnibus-y-ganancias-dudas-de-la-participacion-de-ziliotto\/embed\/#?secret=sAE57drcSN#?secret=3HklMJLH11\" data-secret=\"3HklMJLH11\" width=\"600\" height=\"338\" frameborder=\"0\" marginwidth=\"0\" marginheight=\"0\" scrolling=\"no\"><\/iframe>\n<\/div><\/figure>\n\n\n\n<p>Se trata, en palabras de Milei, de \u201cun nuevo pacto fundacional\u201d, para ser consensuado con los 24 mandatarios de la Argentina, que contiene <strong>diez ideas fuerza<\/strong>: una virtual hoja de ruta que el primer mandatario ofreci\u00f3 a los l\u00edderes de las provincias para, supuestamente, poner en marcha el pa\u00eds y sacarlo de a\u00f1os de estancamiento. Entre otros puntos, <strong>se pretende discutir la coparticipaci\u00f3n, impulsar un compromiso a una reducci\u00f3n del gasto p\u00fablico y avanzar con la reforma laboral, previsional y pol\u00edtica.<\/strong><\/p>\n\n\n\n<p><strong>Ziliotto fue el primero de los gobernadores en poner en cuestionamiento el Pacto de Mayo<\/strong>. Ayer reiter\u00f3 que <strong>est\u00e1 abierto al di\u00e1logo, pero le avis\u00f3 a Milei que no firmar\u00e1 sin un debate genuino<\/strong>: dijo que, primero, el jefe de Estado deber\u00eda cumplir con las leyes y pactos vigentes. <strong>\u201cSi el presidente no cumple las leyes, \u00bfc\u00f3mo vamos a ir a un nuevo pacto?<\/strong>\u201d, se pregunt\u00f3 ante una consulta en la conferencia de prensa que dio en el Sal\u00f3n de Acuerdos. \u201cSiempre vamos a buscar el di\u00e1logo, pero cuando de enfrente hay una imposici\u00f3n se hace dif\u00edcil\u2026 Mi pregunta es por qu\u00e9 no cumplimos los pactos existentes. <strong>\u00bfC\u00f3mo voy a discutir una nueva coparticipaci\u00f3n si no me cumple con la actual?<\/strong>\u201d, sostuvo. Incluso<strong> record\u00f3 que Naci\u00f3n ya le adeuda a La Pampa unos 18 mil millones de pesos.<\/strong><\/p>\n\n\n\n<figure class=\"wp-block-embed is-type-wp-embed is-provider-diario-textual wp-block-embed-diario-textual\"><div class=\"wp-block-embed__wrapper\">\n<blockquote class=\"wp-embedded-content\" data-secret=\"6QHpen1UEy\"><a href=\"https:\/\/diariotextual.com\/inicio\/index.php\/2024\/03\/04\/ziliotto-explico-por-que-no-quiere-firmar-el-pacto-de-mayo-de-milei\/\">Ziliotto explic\u00f3 por qu\u00e9 no quiere firmar el Pacto de Mayo de Milei<\/a><\/blockquote><iframe class=\"wp-embedded-content\" sandbox=\"allow-scripts\" security=\"restricted\" style=\"position: absolute; clip: rect(1px, 1px, 1px, 1px);\" title=\"\u00abZiliotto explic\u00f3 por qu\u00e9 no quiere firmar el Pacto de Mayo de Milei\u00bb \u2014 Diario Textual\" src=\"https:\/\/diariotextual.com\/inicio\/index.php\/2024\/03\/04\/ziliotto-explico-por-que-no-quiere-firmar-el-pacto-de-mayo-de-milei\/embed\/#?secret=29r1JOL6Ft#?secret=6QHpen1UEy\" data-secret=\"6QHpen1UEy\" width=\"600\" height=\"338\" frameborder=\"0\" marginwidth=\"0\" marginheight=\"0\" scrolling=\"no\"><\/iframe>\n<\/div><\/figure>\n","protected":false},"excerpt":{"rendered":"<p>La llamada Oficina de Presidencia inform\u00f3 en las \u00faltimas horas que convocar\u00e1 a los 23 gobernadores y al jefe de la ciudad de Buenos Aires a una reuni\u00f3n para este&hellip;<\/p>\n","protected":false},"author":3,"featured_media":255664,"comment_status":"closed","ping_status":"open","sticky":false,"template":"","format":"standard","meta":{"_acf_changed":false,"footnotes":""},"categories":[1,8],"tags":[],"class_list":["post-255984","post","type-post","status-publish","format-standard","has-post-thumbnail","hentry","category-es-noticia","category-politica"],"acf":[],"yoast_head":"<!-- This site is optimized with the Yoast SEO plugin v27.5 - https:\/\/yoast.com\/product\/yoast-seo-wordpress\/ -->\n<title>Milei convoc\u00f3 a gobernadores por la ley \u00f3mnibus y Ganancias: dudas de la participaci\u00f3n de Ziliotto - Diario Textual<\/title>\n<meta name=\"robots\" content=\"index, follow, max-snippet:-1, max-image-preview:large, max-video-preview:-1\" \/>\n<link rel=\"canonical\" href=\"https:\/\/diariotextual.com\/inicio\/index.php\/2024\/03\/05\/milei-convoco-a-gobernadores-por-la-ley-omnibus-y-ganancias-dudas-de-la-participacion-de-ziliotto\/\" \/>\n<meta property=\"og:locale\" content=\"es_ES\" \/>\n<meta property=\"og:type\" content=\"article\" \/>\n<meta property=\"og:title\" content=\"Milei convoc\u00f3 a gobernadores por la ley \u00f3mnibus y Ganancias: dudas de la participaci\u00f3n de Ziliotto - Diario Textual\" \/>\n<meta property=\"og:description\" content=\"La llamada Oficina de Presidencia inform\u00f3 en las \u00faltimas horas que convocar\u00e1 a los 23 gobernadores y al jefe de la ciudad de Buenos Aires a una reuni\u00f3n para este&hellip;\" \/>\n<meta property=\"og:url\" content=\"https:\/\/diariotextual.com\/inicio\/index.php\/2024\/03\/05\/milei-convoco-a-gobernadores-por-la-ley-omnibus-y-ganancias-dudas-de-la-participacion-de-ziliotto\/\" \/>\n<meta property=\"og:site_name\" content=\"Diario Textual\" \/>\n<meta property=\"article:publisher\" content=\"https:\/\/www.facebook.com\/eltextual\" \/>\n<meta property=\"article:published_time\" content=\"2024-03-05T22:49:00+00:00\" \/>\n<meta property=\"article:modified_time\" content=\"2024-03-05T22:52:08+00:00\" \/>\n<meta property=\"og:image\" content=\"https:\/\/diariotextual.com\/inicio\/wp-content\/uploads\/2024\/03\/ziliottosergiogobernadoresmileiasamblea2024-12.jpg\" \/>\n\t<meta property=\"og:image:width\" content=\"1200\" \/>\n\t<meta property=\"og:image:height\" content=\"675\" \/>\n\t<meta property=\"og:image:type\" content=\"image\/jpeg\" \/>\n<meta name=\"author\" content=\"Diario1 Diario1\" \/>\n<meta name=\"twitter:card\" content=\"summary_large_image\" \/>\n<meta name=\"twitter:creator\" content=\"@eltextual\" \/>\n<meta name=\"twitter:site\" content=\"@eltextual\" \/>\n<meta name=\"twitter:label1\" content=\"Escrito por\" \/>\n\t<meta name=\"twitter:data1\" content=\"Diario1 Diario1\" \/>\n\t<meta name=\"twitter:label2\" content=\"Tiempo de lectura\" \/>\n\t<meta name=\"twitter:data2\" content=\"3 minutos\" \/>\n<script type=\"application\/ld+json\" class=\"yoast-schema-graph\">{\"@context\":\"https:\\\/\\\/schema.org\",\"@graph\":[{\"@type\":\"Article\",\"@id\":\"https:\\\/\\\/diariotextual.com\\\/inicio\\\/index.php\\\/2024\\\/03\\\/05\\\/milei-convoco-a-gobernadores-por-la-ley-omnibus-y-ganancias-dudas-de-la-participacion-de-ziliotto\\\/#article\",\"isPartOf\":{\"@id\":\"https:\\\/\\\/diariotextual.com\\\/inicio\\\/index.php\\\/2024\\\/03\\\/05\\\/milei-convoco-a-gobernadores-por-la-ley-omnibus-y-ganancias-dudas-de-la-participacion-de-ziliotto\\\/\"},\"author\":{\"name\":\"Diario1 Diario1\",\"@id\":\"https:\\\/\\\/diariotextual.com\\\/inicio\\\/#\\\/schema\\\/person\\\/418fc4093c33e86ed41562db3508f958\"},\"headline\":\"Milei convoc\u00f3 a gobernadores por la ley \u00f3mnibus y Ganancias: dudas de la participaci\u00f3n de Ziliotto\",\"datePublished\":\"2024-03-05T22:49:00+00:00\",\"dateModified\":\"2024-03-05T22:52:08+00:00\",\"mainEntityOfPage\":{\"@id\":\"https:\\\/\\\/diariotextual.com\\\/inicio\\\/index.php\\\/2024\\\/03\\\/05\\\/milei-convoco-a-gobernadores-por-la-ley-omnibus-y-ganancias-dudas-de-la-participacion-de-ziliotto\\\/\"},\"wordCount\":635,\"publisher\":{\"@id\":\"https:\\\/\\\/diariotextual.com\\\/inicio\\\/#organization\"},\"image\":{\"@id\":\"https:\\\/\\\/diariotextual.com\\\/inicio\\\/index.php\\\/2024\\\/03\\\/05\\\/milei-convoco-a-gobernadores-por-la-ley-omnibus-y-ganancias-dudas-de-la-participacion-de-ziliotto\\\/#primaryimage\"},\"thumbnailUrl\":\"https:\\\/\\\/diariotextual.com\\\/inicio\\\/wp-content\\\/uploads\\\/2024\\\/03\\\/ziliottosergiogobernadoresmileiasamblea2024-12.jpg\",\"articleSection\":[\"A - ES NOTICIA (van abajo)\",\"POLITICA\"],\"inLanguage\":\"es\"},{\"@type\":\"WebPage\",\"@id\":\"https:\\\/\\\/diariotextual.com\\\/inicio\\\/index.php\\\/2024\\\/03\\\/05\\\/milei-convoco-a-gobernadores-por-la-ley-omnibus-y-ganancias-dudas-de-la-participacion-de-ziliotto\\\/\",\"url\":\"https:\\\/\\\/diariotextual.com\\\/inicio\\\/index.php\\\/2024\\\/03\\\/05\\\/milei-convoco-a-gobernadores-por-la-ley-omnibus-y-ganancias-dudas-de-la-participacion-de-ziliotto\\\/\",\"name\":\"Milei convoc\u00f3 a gobernadores por la ley \u00f3mnibus y Ganancias: dudas de la participaci\u00f3n de Ziliotto - Diario Textual\",\"isPartOf\":{\"@id\":\"https:\\\/\\\/diariotextual.com\\\/inicio\\\/#website\"},\"primaryImageOfPage\":{\"@id\":\"https:\\\/\\\/diariotextual.com\\\/inicio\\\/index.php\\\/2024\\\/03\\\/05\\\/milei-convoco-a-gobernadores-por-la-ley-omnibus-y-ganancias-dudas-de-la-participacion-de-ziliotto\\\/#primaryimage\"},\"image\":{\"@id\":\"https:\\\/\\\/diariotextual.com\\\/inicio\\\/index.php\\\/2024\\\/03\\\/05\\\/milei-convoco-a-gobernadores-por-la-ley-omnibus-y-ganancias-dudas-de-la-participacion-de-ziliotto\\\/#primaryimage\"},\"thumbnailUrl\":\"https:\\\/\\\/diariotextual.com\\\/inicio\\\/wp-content\\\/uploads\\\/2024\\\/03\\\/ziliottosergiogobernadoresmileiasamblea2024-12.jpg\",\"datePublished\":\"2024-03-05T22:49:00+00:00\",\"dateModified\":\"2024-03-05T22:52:08+00:00\",\"breadcrumb\":{\"@id\":\"https:\\\/\\\/diariotextual.com\\\/inicio\\\/index.php\\\/2024\\\/03\\\/05\\\/milei-convoco-a-gobernadores-por-la-ley-omnibus-y-ganancias-dudas-de-la-participacion-de-ziliotto\\\/#breadcrumb\"},\"inLanguage\":\"es\",\"potentialAction\":[{\"@type\":\"ReadAction\",\"target\":[\"https:\\\/\\\/diariotextual.com\\\/inicio\\\/index.php\\\/2024\\\/03\\\/05\\\/milei-convoco-a-gobernadores-por-la-ley-omnibus-y-ganancias-dudas-de-la-participacion-de-ziliotto\\\/\"]}]},{\"@type\":\"ImageObject\",\"inLanguage\":\"es\",\"@id\":\"https:\\\/\\\/diariotextual.com\\\/inicio\\\/index.php\\\/2024\\\/03\\\/05\\\/milei-convoco-a-gobernadores-por-la-ley-omnibus-y-ganancias-dudas-de-la-participacion-de-ziliotto\\\/#primaryimage\",\"url\":\"https:\\\/\\\/diariotextual.com\\\/inicio\\\/wp-content\\\/uploads\\\/2024\\\/03\\\/ziliottosergiogobernadoresmileiasamblea2024-12.jpg\",\"contentUrl\":\"https:\\\/\\\/diariotextual.com\\\/inicio\\\/wp-content\\\/uploads\\\/2024\\\/03\\\/ziliottosergiogobernadoresmileiasamblea2024-12.jpg\",\"width\":1200,\"height\":675},{\"@type\":\"BreadcrumbList\",\"@id\":\"https:\\\/\\\/diariotextual.com\\\/inicio\\\/index.php\\\/2024\\\/03\\\/05\\\/milei-convoco-a-gobernadores-por-la-ley-omnibus-y-ganancias-dudas-de-la-participacion-de-ziliotto\\\/#breadcrumb\",\"itemListElement\":[{\"@type\":\"ListItem\",\"position\":1,\"name\":\"Portada\",\"item\":\"https:\\\/\\\/diariotextual.com\\\/inicio\\\/\"},{\"@type\":\"ListItem\",\"position\":2,\"name\":\"Milei convoc\u00f3 a gobernadores por la ley \u00f3mnibus y Ganancias: dudas de la participaci\u00f3n de Ziliotto\"}]},{\"@type\":\"WebSite\",\"@id\":\"https:\\\/\\\/diariotextual.com\\\/inicio\\\/#website\",\"url\":\"https:\\\/\\\/diariotextual.com\\\/inicio\\\/\",\"name\":\"Diario Textual\",\"description\":\"\",\"publisher\":{\"@id\":\"https:\\\/\\\/diariotextual.com\\\/inicio\\\/#organization\"},\"potentialAction\":[{\"@type\":\"SearchAction\",\"target\":{\"@type\":\"EntryPoint\",\"urlTemplate\":\"https:\\\/\\\/diariotextual.com\\\/inicio\\\/?s={search_term_string}\"},\"query-input\":{\"@type\":\"PropertyValueSpecification\",\"valueRequired\":true,\"valueName\":\"search_term_string\"}}],\"inLanguage\":\"es\"},{\"@type\":\"Organization\",\"@id\":\"https:\\\/\\\/diariotextual.com\\\/inicio\\\/#organization\",\"name\":\"Diario Textual\",\"url\":\"https:\\\/\\\/diariotextual.com\\\/inicio\\\/\",\"logo\":{\"@type\":\"ImageObject\",\"inLanguage\":\"es\",\"@id\":\"https:\\\/\\\/diariotextual.com\\\/inicio\\\/#\\\/schema\\\/logo\\\/image\\\/\",\"url\":\"https:\\\/\\\/diariotextual.com\\\/inicio\\\/wp-content\\\/uploads\\\/2023\\\/05\\\/logotextual1.jpg\",\"contentUrl\":\"https:\\\/\\\/diariotextual.com\\\/inicio\\\/wp-content\\\/uploads\\\/2023\\\/05\\\/logotextual1.jpg\",\"width\":516,\"height\":76,\"caption\":\"Diario Textual\"},\"image\":{\"@id\":\"https:\\\/\\\/diariotextual.com\\\/inicio\\\/#\\\/schema\\\/logo\\\/image\\\/\"},\"sameAs\":[\"https:\\\/\\\/www.facebook.com\\\/eltextual\",\"https:\\\/\\\/x.com\\\/eltextual\",\"http:\\\/\\\/www.instagram.com\\\/eltextual\"]},{\"@type\":\"Person\",\"@id\":\"https:\\\/\\\/diariotextual.com\\\/inicio\\\/#\\\/schema\\\/person\\\/418fc4093c33e86ed41562db3508f958\",\"name\":\"Diario1 Diario1\",\"image\":{\"@type\":\"ImageObject\",\"inLanguage\":\"es\",\"@id\":\"https:\\\/\\\/secure.gravatar.com\\\/avatar\\\/9167d280179c85bc18be67aa7eda765854300033af4896dd779b608640f2ef7a?s=96&d=mm&r=g\",\"url\":\"https:\\\/\\\/secure.gravatar.com\\\/avatar\\\/9167d280179c85bc18be67aa7eda765854300033af4896dd779b608640f2ef7a?s=96&d=mm&r=g\",\"contentUrl\":\"https:\\\/\\\/secure.gravatar.com\\\/avatar\\\/9167d280179c85bc18be67aa7eda765854300033af4896dd779b608640f2ef7a?s=96&d=mm&r=g\",\"caption\":\"Diario1 Diario1\"},\"url\":\"https:\\\/\\\/diariotextual.com\\\/inicio\\\/index.php\\\/author\\\/diario1\\\/\"}]}<\/script>\n<!-- \/ Yoast SEO plugin. -->","yoast_head_json":{"title":"Milei convoc\u00f3 a gobernadores por la ley \u00f3mnibus y Ganancias: dudas de la participaci\u00f3n de Ziliotto - Diario Textual","robots":{"index":"index","follow":"follow","max-snippet":"max-snippet:-1","max-image-preview":"max-image-preview:large","max-video-preview":"max-video-preview:-1"},"canonical":"https:\/\/diariotextual.com\/inicio\/index.php\/2024\/03\/05\/milei-convoco-a-gobernadores-por-la-ley-omnibus-y-ganancias-dudas-de-la-participacion-de-ziliotto\/","og_locale":"es_ES","og_type":"article","og_title":"Milei convoc\u00f3 a gobernadores por la ley \u00f3mnibus y Ganancias: dudas de la participaci\u00f3n de Ziliotto - Diario Textual","og_description":"La llamada Oficina de Presidencia inform\u00f3 en las \u00faltimas horas que convocar\u00e1 a los 23 gobernadores y al jefe de la ciudad de Buenos Aires a una reuni\u00f3n para este&hellip;","og_url":"https:\/\/diariotextual.com\/inicio\/index.php\/2024\/03\/05\/milei-convoco-a-gobernadores-por-la-ley-omnibus-y-ganancias-dudas-de-la-participacion-de-ziliotto\/","og_site_name":"Diario Textual","article_publisher":"https:\/\/www.facebook.com\/eltextual","article_published_time":"2024-03-05T22:49:00+00:00","article_modified_time":"2024-03-05T22:52:08+00:00","og_image":[{"width":1200,"height":675,"url":"https:\/\/diariotextual.com\/inicio\/wp-content\/uploads\/2024\/03\/ziliottosergiogobernadoresmileiasamblea2024-12.jpg","type":"image\/jpeg"}],"author":"Diario1 Diario1","twitter_card":"summary_large_image","twitter_creator":"@eltextual","twitter_site":"@eltextual","twitter_misc":{"Escrito por":"Diario1 Diario1","Tiempo de lectura":"3 minutos"},"schema":{"@context":"https:\/\/schema.org","@graph":[{"@type":"Article","@id":"https:\/\/diariotextual.com\/inicio\/index.php\/2024\/03\/05\/milei-convoco-a-gobernadores-por-la-ley-omnibus-y-ganancias-dudas-de-la-participacion-de-ziliotto\/#article","isPartOf":{"@id":"https:\/\/diariotextual.com\/inicio\/index.php\/2024\/03\/05\/milei-convoco-a-gobernadores-por-la-ley-omnibus-y-ganancias-dudas-de-la-participacion-de-ziliotto\/"},"author":{"name":"Diario1 Diario1","@id":"https:\/\/diariotextual.com\/inicio\/#\/schema\/person\/418fc4093c33e86ed41562db3508f958"},"headline":"Milei convoc\u00f3 a gobernadores por la ley \u00f3mnibus y Ganancias: dudas de la participaci\u00f3n de Ziliotto","datePublished":"2024-03-05T22:49:00+00:00","dateModified":"2024-03-05T22:52:08+00:00","mainEntityOfPage":{"@id":"https:\/\/diariotextual.com\/inicio\/index.php\/2024\/03\/05\/milei-convoco-a-gobernadores-por-la-ley-omnibus-y-ganancias-dudas-de-la-participacion-de-ziliotto\/"},"wordCount":635,"publisher":{"@id":"https:\/\/diariotextual.com\/inicio\/#organization"},"image":{"@id":"https:\/\/diariotextual.com\/inicio\/index.php\/2024\/03\/05\/milei-convoco-a-gobernadores-por-la-ley-omnibus-y-ganancias-dudas-de-la-participacion-de-ziliotto\/#primaryimage"},"thumbnailUrl":"https:\/\/diariotextual.com\/inicio\/wp-content\/uploads\/2024\/03\/ziliottosergiogobernadoresmileiasamblea2024-12.jpg","articleSection":["A - ES NOTICIA (van abajo)","POLITICA"],"inLanguage":"es"},{"@type":"WebPage","@id":"https:\/\/diariotextual.com\/inicio\/index.php\/2024\/03\/05\/milei-convoco-a-gobernadores-por-la-ley-omnibus-y-ganancias-dudas-de-la-participacion-de-ziliotto\/","url":"https:\/\/diariotextual.com\/inicio\/index.php\/2024\/03\/05\/milei-convoco-a-gobernadores-por-la-ley-omnibus-y-ganancias-dudas-de-la-participacion-de-ziliotto\/","name":"Milei convoc\u00f3 a gobernadores por la ley \u00f3mnibus y Ganancias: dudas de la participaci\u00f3n de Ziliotto - Diario Textual","isPartOf":{"@id":"https:\/\/diariotextual.com\/inicio\/#website"},"primaryImageOfPage":{"@id":"https:\/\/diariotextual.com\/inicio\/index.php\/2024\/03\/05\/milei-convoco-a-gobernadores-por-la-ley-omnibus-y-ganancias-dudas-de-la-participacion-de-ziliotto\/#primaryimage"},"image":{"@id":"https:\/\/diariotextual.com\/inicio\/index.php\/2024\/03\/05\/milei-convoco-a-gobernadores-por-la-ley-omnibus-y-ganancias-dudas-de-la-participacion-de-ziliotto\/#primaryimage"},"thumbnailUrl":"https:\/\/diariotextual.com\/inicio\/wp-content\/uploads\/2024\/03\/ziliottosergiogobernadoresmileiasamblea2024-12.jpg","datePublished":"2024-03-05T22:49:00+00:00","dateModified":"2024-03-05T22:52:08+00:00","breadcrumb":{"@id":"https:\/\/diariotextual.com\/inicio\/index.php\/2024\/03\/05\/milei-convoco-a-gobernadores-por-la-ley-omnibus-y-ganancias-dudas-de-la-participacion-de-ziliotto\/#breadcrumb"},"inLanguage":"es","potentialAction":[{"@type":"ReadAction","target":["https:\/\/diariotextual.com\/inicio\/index.php\/2024\/03\/05\/milei-convoco-a-gobernadores-por-la-ley-omnibus-y-ganancias-dudas-de-la-participacion-de-ziliotto\/"]}]},{"@type":"ImageObject","inLanguage":"es","@id":"https:\/\/diariotextual.com\/inicio\/index.php\/2024\/03\/05\/milei-convoco-a-gobernadores-por-la-ley-omnibus-y-ganancias-dudas-de-la-participacion-de-ziliotto\/#primaryimage","url":"https:\/\/diariotextual.com\/inicio\/wp-content\/uploads\/2024\/03\/ziliottosergiogobernadoresmileiasamblea2024-12.jpg","contentUrl":"https:\/\/diariotextual.com\/inicio\/wp-content\/uploads\/2024\/03\/ziliottosergiogobernadoresmileiasamblea2024-12.jpg","width":1200,"height":675},{"@type":"BreadcrumbList","@id":"https:\/\/diariotextual.com\/inicio\/index.php\/2024\/03\/05\/milei-convoco-a-gobernadores-por-la-ley-omnibus-y-ganancias-dudas-de-la-participacion-de-ziliotto\/#breadcrumb","itemListElement":[{"@type":"ListItem","position":1,"name":"Portada","item":"https:\/\/diariotextual.com\/inicio\/"},{"@type":"ListItem","position":2,"name":"Milei convoc\u00f3 a gobernadores por la ley \u00f3mnibus y Ganancias: dudas de la participaci\u00f3n de Ziliotto"}]},{"@type":"WebSite","@id":"https:\/\/diariotextual.com\/inicio\/#website","url":"https:\/\/diariotextual.com\/inicio\/","name":"Diario Textual","description":"","publisher":{"@id":"https:\/\/diariotextual.com\/inicio\/#organization"},"potentialAction":[{"@type":"SearchAction","target":{"@type":"EntryPoint","urlTemplate":"https:\/\/diariotextual.com\/inicio\/?s={search_term_string}"},"query-input":{"@type":"PropertyValueSpecification","valueRequired":true,"valueName":"search_term_string"}}],"inLanguage":"es"},{"@type":"Organization","@id":"https:\/\/diariotextual.com\/inicio\/#organization","name":"Diario Textual","url":"https:\/\/diariotextual.com\/inicio\/","logo":{"@type":"ImageObject","inLanguage":"es","@id":"https:\/\/diariotextual.com\/inicio\/#\/schema\/logo\/image\/","url":"https:\/\/diariotextual.com\/inicio\/wp-content\/uploads\/2023\/05\/logotextual1.jpg","contentUrl":"https:\/\/diariotextual.com\/inicio\/wp-content\/uploads\/2023\/05\/logotextual1.jpg","width":516,"height":76,"caption":"Diario Textual"},"image":{"@id":"https:\/\/diariotextual.com\/inicio\/#\/schema\/logo\/image\/"},"sameAs":["https:\/\/www.facebook.com\/eltextual","https:\/\/x.com\/eltextual","http:\/\/www.instagram.com\/eltextual"]},{"@type":"Person","@id":"https:\/\/diariotextual.com\/inicio\/#\/schema\/person\/418fc4093c33e86ed41562db3508f958","name":"Diario1 Diario1","image":{"@type":"ImageObject","inLanguage":"es","@id":"https:\/\/secure.gravatar.com\/avatar\/9167d280179c85bc18be67aa7eda765854300033af4896dd779b608640f2ef7a?s=96&d=mm&r=g","url":"https:\/\/secure.gravatar.com\/avatar\/9167d280179c85bc18be67aa7eda765854300033af4896dd779b608640f2ef7a?s=96&d=mm&r=g","contentUrl":"https:\/\/secure.gravatar.com\/avatar\/9167d280179c85bc18be67aa7eda765854300033af4896dd779b608640f2ef7a?s=96&d=mm&r=g","caption":"Diario1 Diario1"},"url":"https:\/\/diariotextual.com\/inicio\/index.php\/author\/diario1\/"}]}},"_links":{"self":[{"href":"https:\/\/diariotextual.com\/inicio\/index.php\/wp-json\/wp\/v2\/posts\/255984","targetHints":{"allow":["GET"]}}],"collection":[{"href":"https:\/\/diariotextual.com\/inicio\/index.php\/wp-json\/wp\/v2\/posts"}],"about":[{"href":"https:\/\/diariotextual.com\/inicio\/index.php\/wp-json\/wp\/v2\/types\/post"}],"author":[{"embeddable":true,"href":"https:\/\/diariotextual.com\/inicio\/index.php\/wp-json\/wp\/v2\/users\/3"}],"replies":[{"embeddable":true,"href":"https:\/\/diariotextual.com\/inicio\/index.php\/wp-json\/wp\/v2\/comments?post=255984"}],"version-history":[{"count":10,"href":"https:\/\/diariotextual.com\/inicio\/index.php\/wp-json\/wp\/v2\/posts\/255984\/revisions"}],"predecessor-version":[{"id":256023,"href":"https:\/\/diariotextual.com\/inicio\/index.php\/wp-json\/wp\/v2\/posts\/255984\/revisions\/256023"}],"wp:featuredmedia":[{"embeddable":true,"href":"https:\/\/diariotextual.com\/inicio\/index.php\/wp-json\/wp\/v2\/media\/255664"}],"wp:attachment":[{"href":"https:\/\/diariotextual.com\/inicio\/index.php\/wp-json\/wp\/v2\/media?parent=255984"}],"wp:term":[{"taxonomy":"category","embeddable":true,"href":"https:\/\/diariotextual.com\/inicio\/index.php\/wp-json\/wp\/v2\/categories?post=255984"},{"taxonomy":"post_tag","embeddable":true,"href":"https:\/\/diariotextual.com\/inicio\/index.php\/wp-json\/wp\/v2\/tags?post=255984"}],"curies":[{"name":"wp","href":"https:\/\/api.w.org\/{rel}","templated":true}]}}