{"id":256006,"date":"2024-03-05T14:46:29","date_gmt":"2024-03-05T17:46:29","guid":{"rendered":"https:\/\/diariotextual.com\/inicio\/?p=256006"},"modified":"2024-03-06T06:38:09","modified_gmt":"2024-03-06T09:38:09","slug":"milei-pronostico-una-inflacion-de-alrededor-del-15-para-febrero","status":"publish","type":"post","link":"https:\/\/diariotextual.com\/inicio\/index.php\/2024\/03\/05\/milei-pronostico-una-inflacion-de-alrededor-del-15-para-febrero\/","title":{"rendered":"Milei pronostic\u00f3 una inflaci\u00f3n de alrededor del 15% para febrero"},"content":{"rendered":"\n<p>El presidente Javier Milei lleg\u00f3 hoy a San Nicol\u00e1s, en la provincia de Buenos Aires, para participar de una muestra agropecuaria y, pronostic\u00f3 que la inflaci\u00f3n ser\u00e1 de alrededor del 15% para febrero.<\/p>\n\n\n\n<p>Seg\u00fan pudo reconstruir Infobae, el presidente lleg\u00f3 alrededor de las 12 del mediod\u00eda y particip\u00f3 de una conferencia privada para empresarios en el Auditorio de Agronegocios de la muestra. En la charla, de la cual tambi\u00e9n particip\u00f3 el diputado Jos\u00e9 Luis Espert, el presidente anticip\u00f3 que prev\u00e9n levantar el cepo cambiario a mediados de a\u00f1o y que estiman que la inflaci\u00f3n del mes de febrero rondar\u00e1 el 15%.<\/p>\n\n\n\n<p>\u201cAhora tenemos 9 mil millones de d\u00f3lares m\u00e1s, lo que ven es que el sistema est\u00e1 m\u00e1s sano. A consecuencia de este conjunto de medidas, se traslada a la inflaci\u00f3n. Cuando en diciembre dio 25% fue un \u00e9xito, porque la verdad que los precios se retrajeron a la segunda semana. Este mes parece que la inflaci\u00f3n va a estar en 15%\u201d, afirm\u00f3 seg\u00fan declaraciones que publica el dario local El Norte.<\/p>\n\n\n\n<p>Luego, Milei se retir\u00f3 ovacionado de all\u00ed por el p\u00fablico que estaba en la exposici\u00f3n. Lo acompa\u00f1aron al grito de \u201cviva la libertad, carajo\u201d, \u201cMilei presidente\u201d y \u201cLa casta tiene miedo\u201d. El p\u00fablico viv\u00f3 al Jefe de Estado durante m\u00e1s de 300 metros, hasta que la caravana se alej\u00f3 y se dirigi\u00f3 al stand de la Secretar\u00eda de Agricultura.<\/p>\n","protected":false},"excerpt":{"rendered":"<p>El presidente Javier Milei lleg\u00f3 hoy a San Nicol\u00e1s, en la provincia de Buenos Aires, para participar de una muestra agropecuaria y, pronostic\u00f3 que la inflaci\u00f3n ser\u00e1 de alrededor del&hellip;<\/p>\n","protected":false},"author":3,"featured_media":256009,"comment_status":"closed","ping_status":"open","sticky":false,"template":"","format":"standard","meta":{"_acf_changed":false,"footnotes":""},"categories":[1,8],"tags":[],"class_list":["post-256006","post","type-post","status-publish","format-standard","has-post-thumbnail","hentry","category-es-noticia","category-politica"],"acf":[],"yoast_head":"<!-- This site is optimized with the Yoast SEO plugin v27.5 - https:\/\/yoast.com\/product\/yoast-seo-wordpress\/ -->\n<title>Milei pronostic\u00f3 una inflaci\u00f3n de alrededor del 15% para febrero - Diario Textual<\/title>\n<meta name=\"robots\" content=\"index, follow, max-snippet:-1, max-image-preview:large, max-video-preview:-1\" \/>\n<link rel=\"canonical\" href=\"https:\/\/diariotextual.com\/inicio\/index.php\/2024\/03\/05\/milei-pronostico-una-inflacion-de-alrededor-del-15-para-febrero\/\" \/>\n<meta property=\"og:locale\" content=\"es_ES\" \/>\n<meta property=\"og:type\" content=\"article\" \/>\n<meta property=\"og:title\" content=\"Milei pronostic\u00f3 una inflaci\u00f3n de alrededor del 15% para febrero - Diario Textual\" \/>\n<meta property=\"og:description\" content=\"El presidente Javier Milei lleg\u00f3 hoy a San Nicol\u00e1s, en la provincia de Buenos Aires, para participar de una muestra agropecuaria y, pronostic\u00f3 que la inflaci\u00f3n ser\u00e1 de alrededor del&hellip;\" \/>\n<meta property=\"og:url\" content=\"https:\/\/diariotextual.com\/inicio\/index.php\/2024\/03\/05\/milei-pronostico-una-inflacion-de-alrededor-del-15-para-febrero\/\" \/>\n<meta property=\"og:site_name\" content=\"Diario Textual\" \/>\n<meta property=\"article:publisher\" content=\"https:\/\/www.facebook.com\/eltextual\" \/>\n<meta property=\"article:published_time\" content=\"2024-03-05T17:46:29+00:00\" \/>\n<meta property=\"article:modified_time\" content=\"2024-03-06T09:38:09+00:00\" \/>\n<meta property=\"og:image\" content=\"https:\/\/diariotextual.com\/inicio\/wp-content\/uploads\/2024\/03\/mileijavierexpoagro2024-7.jpg\" \/>\n\t<meta property=\"og:image:width\" content=\"1280\" \/>\n\t<meta property=\"og:image:height\" content=\"960\" \/>\n\t<meta property=\"og:image:type\" content=\"image\/jpeg\" \/>\n<meta name=\"author\" content=\"Diario1 Diario1\" \/>\n<meta name=\"twitter:card\" content=\"summary_large_image\" \/>\n<meta name=\"twitter:creator\" content=\"@eltextual\" \/>\n<meta name=\"twitter:site\" content=\"@eltextual\" \/>\n<meta name=\"twitter:label1\" content=\"Escrito por\" \/>\n\t<meta name=\"twitter:data1\" content=\"Diario1 Diario1\" \/>\n\t<meta name=\"twitter:label2\" content=\"Tiempo de lectura\" \/>\n\t<meta name=\"twitter:data2\" content=\"2 minutos\" \/>\n<script type=\"application\/ld+json\" class=\"yoast-schema-graph\">{\"@context\":\"https:\\\/\\\/schema.org\",\"@graph\":[{\"@type\":\"Article\",\"@id\":\"https:\\\/\\\/diariotextual.com\\\/inicio\\\/index.php\\\/2024\\\/03\\\/05\\\/milei-pronostico-una-inflacion-de-alrededor-del-15-para-febrero\\\/#article\",\"isPartOf\":{\"@id\":\"https:\\\/\\\/diariotextual.com\\\/inicio\\\/index.php\\\/2024\\\/03\\\/05\\\/milei-pronostico-una-inflacion-de-alrededor-del-15-para-febrero\\\/\"},\"author\":{\"name\":\"Diario1 Diario1\",\"@id\":\"https:\\\/\\\/diariotextual.com\\\/inicio\\\/#\\\/schema\\\/person\\\/418fc4093c33e86ed41562db3508f958\"},\"headline\":\"Milei pronostic\u00f3 una inflaci\u00f3n de alrededor del 15% para febrero\",\"datePublished\":\"2024-03-05T17:46:29+00:00\",\"dateModified\":\"2024-03-06T09:38:09+00:00\",\"mainEntityOfPage\":{\"@id\":\"https:\\\/\\\/diariotextual.com\\\/inicio\\\/index.php\\\/2024\\\/03\\\/05\\\/milei-pronostico-una-inflacion-de-alrededor-del-15-para-febrero\\\/\"},\"wordCount\":254,\"publisher\":{\"@id\":\"https:\\\/\\\/diariotextual.com\\\/inicio\\\/#organization\"},\"image\":{\"@id\":\"https:\\\/\\\/diariotextual.com\\\/inicio\\\/index.php\\\/2024\\\/03\\\/05\\\/milei-pronostico-una-inflacion-de-alrededor-del-15-para-febrero\\\/#primaryimage\"},\"thumbnailUrl\":\"https:\\\/\\\/diariotextual.com\\\/inicio\\\/wp-content\\\/uploads\\\/2024\\\/03\\\/mileijavierexpoagro2024-7.jpg\",\"articleSection\":[\"A - ES NOTICIA (van abajo)\",\"POLITICA\"],\"inLanguage\":\"es\"},{\"@type\":\"WebPage\",\"@id\":\"https:\\\/\\\/diariotextual.com\\\/inicio\\\/index.php\\\/2024\\\/03\\\/05\\\/milei-pronostico-una-inflacion-de-alrededor-del-15-para-febrero\\\/\",\"url\":\"https:\\\/\\\/diariotextual.com\\\/inicio\\\/index.php\\\/2024\\\/03\\\/05\\\/milei-pronostico-una-inflacion-de-alrededor-del-15-para-febrero\\\/\",\"name\":\"Milei pronostic\u00f3 una inflaci\u00f3n de alrededor del 15% para febrero - Diario Textual\",\"isPartOf\":{\"@id\":\"https:\\\/\\\/diariotextual.com\\\/inicio\\\/#website\"},\"primaryImageOfPage\":{\"@id\":\"https:\\\/\\\/diariotextual.com\\\/inicio\\\/index.php\\\/2024\\\/03\\\/05\\\/milei-pronostico-una-inflacion-de-alrededor-del-15-para-febrero\\\/#primaryimage\"},\"image\":{\"@id\":\"https:\\\/\\\/diariotextual.com\\\/inicio\\\/index.php\\\/2024\\\/03\\\/05\\\/milei-pronostico-una-inflacion-de-alrededor-del-15-para-febrero\\\/#primaryimage\"},\"thumbnailUrl\":\"https:\\\/\\\/diariotextual.com\\\/inicio\\\/wp-content\\\/uploads\\\/2024\\\/03\\\/mileijavierexpoagro2024-7.jpg\",\"datePublished\":\"2024-03-05T17:46:29+00:00\",\"dateModified\":\"2024-03-06T09:38:09+00:00\",\"breadcrumb\":{\"@id\":\"https:\\\/\\\/diariotextual.com\\\/inicio\\\/index.php\\\/2024\\\/03\\\/05\\\/milei-pronostico-una-inflacion-de-alrededor-del-15-para-febrero\\\/#breadcrumb\"},\"inLanguage\":\"es\",\"potentialAction\":[{\"@type\":\"ReadAction\",\"target\":[\"https:\\\/\\\/diariotextual.com\\\/inicio\\\/index.php\\\/2024\\\/03\\\/05\\\/milei-pronostico-una-inflacion-de-alrededor-del-15-para-febrero\\\/\"]}]},{\"@type\":\"ImageObject\",\"inLanguage\":\"es\",\"@id\":\"https:\\\/\\\/diariotextual.com\\\/inicio\\\/index.php\\\/2024\\\/03\\\/05\\\/milei-pronostico-una-inflacion-de-alrededor-del-15-para-febrero\\\/#primaryimage\",\"url\":\"https:\\\/\\\/diariotextual.com\\\/inicio\\\/wp-content\\\/uploads\\\/2024\\\/03\\\/mileijavierexpoagro2024-7.jpg\",\"contentUrl\":\"https:\\\/\\\/diariotextual.com\\\/inicio\\\/wp-content\\\/uploads\\\/2024\\\/03\\\/mileijavierexpoagro2024-7.jpg\",\"width\":1280,\"height\":960},{\"@type\":\"BreadcrumbList\",\"@id\":\"https:\\\/\\\/diariotextual.com\\\/inicio\\\/index.php\\\/2024\\\/03\\\/05\\\/milei-pronostico-una-inflacion-de-alrededor-del-15-para-febrero\\\/#breadcrumb\",\"itemListElement\":[{\"@type\":\"ListItem\",\"position\":1,\"name\":\"Portada\",\"item\":\"https:\\\/\\\/diariotextual.com\\\/inicio\\\/\"},{\"@type\":\"ListItem\",\"position\":2,\"name\":\"Milei pronostic\u00f3 una inflaci\u00f3n de alrededor del 15% para febrero\"}]},{\"@type\":\"WebSite\",\"@id\":\"https:\\\/\\\/diariotextual.com\\\/inicio\\\/#website\",\"url\":\"https:\\\/\\\/diariotextual.com\\\/inicio\\\/\",\"name\":\"Diario Textual\",\"description\":\"\",\"publisher\":{\"@id\":\"https:\\\/\\\/diariotextual.com\\\/inicio\\\/#organization\"},\"potentialAction\":[{\"@type\":\"SearchAction\",\"target\":{\"@type\":\"EntryPoint\",\"urlTemplate\":\"https:\\\/\\\/diariotextual.com\\\/inicio\\\/?s={search_term_string}\"},\"query-input\":{\"@type\":\"PropertyValueSpecification\",\"valueRequired\":true,\"valueName\":\"search_term_string\"}}],\"inLanguage\":\"es\"},{\"@type\":\"Organization\",\"@id\":\"https:\\\/\\\/diariotextual.com\\\/inicio\\\/#organization\",\"name\":\"Diario Textual\",\"url\":\"https:\\\/\\\/diariotextual.com\\\/inicio\\\/\",\"logo\":{\"@type\":\"ImageObject\",\"inLanguage\":\"es\",\"@id\":\"https:\\\/\\\/diariotextual.com\\\/inicio\\\/#\\\/schema\\\/logo\\\/image\\\/\",\"url\":\"https:\\\/\\\/diariotextual.com\\\/inicio\\\/wp-content\\\/uploads\\\/2023\\\/05\\\/logotextual1.jpg\",\"contentUrl\":\"https:\\\/\\\/diariotextual.com\\\/inicio\\\/wp-content\\\/uploads\\\/2023\\\/05\\\/logotextual1.jpg\",\"width\":516,\"height\":76,\"caption\":\"Diario Textual\"},\"image\":{\"@id\":\"https:\\\/\\\/diariotextual.com\\\/inicio\\\/#\\\/schema\\\/logo\\\/image\\\/\"},\"sameAs\":[\"https:\\\/\\\/www.facebook.com\\\/eltextual\",\"https:\\\/\\\/x.com\\\/eltextual\",\"http:\\\/\\\/www.instagram.com\\\/eltextual\"]},{\"@type\":\"Person\",\"@id\":\"https:\\\/\\\/diariotextual.com\\\/inicio\\\/#\\\/schema\\\/person\\\/418fc4093c33e86ed41562db3508f958\",\"name\":\"Diario1 Diario1\",\"image\":{\"@type\":\"ImageObject\",\"inLanguage\":\"es\",\"@id\":\"https:\\\/\\\/secure.gravatar.com\\\/avatar\\\/9167d280179c85bc18be67aa7eda765854300033af4896dd779b608640f2ef7a?s=96&d=mm&r=g\",\"url\":\"https:\\\/\\\/secure.gravatar.com\\\/avatar\\\/9167d280179c85bc18be67aa7eda765854300033af4896dd779b608640f2ef7a?s=96&d=mm&r=g\",\"contentUrl\":\"https:\\\/\\\/secure.gravatar.com\\\/avatar\\\/9167d280179c85bc18be67aa7eda765854300033af4896dd779b608640f2ef7a?s=96&d=mm&r=g\",\"caption\":\"Diario1 Diario1\"},\"url\":\"https:\\\/\\\/diariotextual.com\\\/inicio\\\/index.php\\\/author\\\/diario1\\\/\"}]}<\/script>\n<!-- \/ Yoast SEO plugin. -->","yoast_head_json":{"title":"Milei pronostic\u00f3 una inflaci\u00f3n de alrededor del 15% para febrero - Diario Textual","robots":{"index":"index","follow":"follow","max-snippet":"max-snippet:-1","max-image-preview":"max-image-preview:large","max-video-preview":"max-video-preview:-1"},"canonical":"https:\/\/diariotextual.com\/inicio\/index.php\/2024\/03\/05\/milei-pronostico-una-inflacion-de-alrededor-del-15-para-febrero\/","og_locale":"es_ES","og_type":"article","og_title":"Milei pronostic\u00f3 una inflaci\u00f3n de alrededor del 15% para febrero - Diario Textual","og_description":"El presidente Javier Milei lleg\u00f3 hoy a San Nicol\u00e1s, en la provincia de Buenos Aires, para participar de una muestra agropecuaria y, pronostic\u00f3 que la inflaci\u00f3n ser\u00e1 de alrededor del&hellip;","og_url":"https:\/\/diariotextual.com\/inicio\/index.php\/2024\/03\/05\/milei-pronostico-una-inflacion-de-alrededor-del-15-para-febrero\/","og_site_name":"Diario Textual","article_publisher":"https:\/\/www.facebook.com\/eltextual","article_published_time":"2024-03-05T17:46:29+00:00","article_modified_time":"2024-03-06T09:38:09+00:00","og_image":[{"width":1280,"height":960,"url":"https:\/\/diariotextual.com\/inicio\/wp-content\/uploads\/2024\/03\/mileijavierexpoagro2024-7.jpg","type":"image\/jpeg"}],"author":"Diario1 Diario1","twitter_card":"summary_large_image","twitter_creator":"@eltextual","twitter_site":"@eltextual","twitter_misc":{"Escrito por":"Diario1 Diario1","Tiempo de lectura":"2 minutos"},"schema":{"@context":"https:\/\/schema.org","@graph":[{"@type":"Article","@id":"https:\/\/diariotextual.com\/inicio\/index.php\/2024\/03\/05\/milei-pronostico-una-inflacion-de-alrededor-del-15-para-febrero\/#article","isPartOf":{"@id":"https:\/\/diariotextual.com\/inicio\/index.php\/2024\/03\/05\/milei-pronostico-una-inflacion-de-alrededor-del-15-para-febrero\/"},"author":{"name":"Diario1 Diario1","@id":"https:\/\/diariotextual.com\/inicio\/#\/schema\/person\/418fc4093c33e86ed41562db3508f958"},"headline":"Milei pronostic\u00f3 una inflaci\u00f3n de alrededor del 15% para febrero","datePublished":"2024-03-05T17:46:29+00:00","dateModified":"2024-03-06T09:38:09+00:00","mainEntityOfPage":{"@id":"https:\/\/diariotextual.com\/inicio\/index.php\/2024\/03\/05\/milei-pronostico-una-inflacion-de-alrededor-del-15-para-febrero\/"},"wordCount":254,"publisher":{"@id":"https:\/\/diariotextual.com\/inicio\/#organization"},"image":{"@id":"https:\/\/diariotextual.com\/inicio\/index.php\/2024\/03\/05\/milei-pronostico-una-inflacion-de-alrededor-del-15-para-febrero\/#primaryimage"},"thumbnailUrl":"https:\/\/diariotextual.com\/inicio\/wp-content\/uploads\/2024\/03\/mileijavierexpoagro2024-7.jpg","articleSection":["A - ES NOTICIA (van abajo)","POLITICA"],"inLanguage":"es"},{"@type":"WebPage","@id":"https:\/\/diariotextual.com\/inicio\/index.php\/2024\/03\/05\/milei-pronostico-una-inflacion-de-alrededor-del-15-para-febrero\/","url":"https:\/\/diariotextual.com\/inicio\/index.php\/2024\/03\/05\/milei-pronostico-una-inflacion-de-alrededor-del-15-para-febrero\/","name":"Milei pronostic\u00f3 una inflaci\u00f3n de alrededor del 15% para febrero - Diario Textual","isPartOf":{"@id":"https:\/\/diariotextual.com\/inicio\/#website"},"primaryImageOfPage":{"@id":"https:\/\/diariotextual.com\/inicio\/index.php\/2024\/03\/05\/milei-pronostico-una-inflacion-de-alrededor-del-15-para-febrero\/#primaryimage"},"image":{"@id":"https:\/\/diariotextual.com\/inicio\/index.php\/2024\/03\/05\/milei-pronostico-una-inflacion-de-alrededor-del-15-para-febrero\/#primaryimage"},"thumbnailUrl":"https:\/\/diariotextual.com\/inicio\/wp-content\/uploads\/2024\/03\/mileijavierexpoagro2024-7.jpg","datePublished":"2024-03-05T17:46:29+00:00","dateModified":"2024-03-06T09:38:09+00:00","breadcrumb":{"@id":"https:\/\/diariotextual.com\/inicio\/index.php\/2024\/03\/05\/milei-pronostico-una-inflacion-de-alrededor-del-15-para-febrero\/#breadcrumb"},"inLanguage":"es","potentialAction":[{"@type":"ReadAction","target":["https:\/\/diariotextual.com\/inicio\/index.php\/2024\/03\/05\/milei-pronostico-una-inflacion-de-alrededor-del-15-para-febrero\/"]}]},{"@type":"ImageObject","inLanguage":"es","@id":"https:\/\/diariotextual.com\/inicio\/index.php\/2024\/03\/05\/milei-pronostico-una-inflacion-de-alrededor-del-15-para-febrero\/#primaryimage","url":"https:\/\/diariotextual.com\/inicio\/wp-content\/uploads\/2024\/03\/mileijavierexpoagro2024-7.jpg","contentUrl":"https:\/\/diariotextual.com\/inicio\/wp-content\/uploads\/2024\/03\/mileijavierexpoagro2024-7.jpg","width":1280,"height":960},{"@type":"BreadcrumbList","@id":"https:\/\/diariotextual.com\/inicio\/index.php\/2024\/03\/05\/milei-pronostico-una-inflacion-de-alrededor-del-15-para-febrero\/#breadcrumb","itemListElement":[{"@type":"ListItem","position":1,"name":"Portada","item":"https:\/\/diariotextual.com\/inicio\/"},{"@type":"ListItem","position":2,"name":"Milei pronostic\u00f3 una inflaci\u00f3n de alrededor del 15% para febrero"}]},{"@type":"WebSite","@id":"https:\/\/diariotextual.com\/inicio\/#website","url":"https:\/\/diariotextual.com\/inicio\/","name":"Diario Textual","description":"","publisher":{"@id":"https:\/\/diariotextual.com\/inicio\/#organization"},"potentialAction":[{"@type":"SearchAction","target":{"@type":"EntryPoint","urlTemplate":"https:\/\/diariotextual.com\/inicio\/?s={search_term_string}"},"query-input":{"@type":"PropertyValueSpecification","valueRequired":true,"valueName":"search_term_string"}}],"inLanguage":"es"},{"@type":"Organization","@id":"https:\/\/diariotextual.com\/inicio\/#organization","name":"Diario Textual","url":"https:\/\/diariotextual.com\/inicio\/","logo":{"@type":"ImageObject","inLanguage":"es","@id":"https:\/\/diariotextual.com\/inicio\/#\/schema\/logo\/image\/","url":"https:\/\/diariotextual.com\/inicio\/wp-content\/uploads\/2023\/05\/logotextual1.jpg","contentUrl":"https:\/\/diariotextual.com\/inicio\/wp-content\/uploads\/2023\/05\/logotextual1.jpg","width":516,"height":76,"caption":"Diario Textual"},"image":{"@id":"https:\/\/diariotextual.com\/inicio\/#\/schema\/logo\/image\/"},"sameAs":["https:\/\/www.facebook.com\/eltextual","https:\/\/x.com\/eltextual","http:\/\/www.instagram.com\/eltextual"]},{"@type":"Person","@id":"https:\/\/diariotextual.com\/inicio\/#\/schema\/person\/418fc4093c33e86ed41562db3508f958","name":"Diario1 Diario1","image":{"@type":"ImageObject","inLanguage":"es","@id":"https:\/\/secure.gravatar.com\/avatar\/9167d280179c85bc18be67aa7eda765854300033af4896dd779b608640f2ef7a?s=96&d=mm&r=g","url":"https:\/\/secure.gravatar.com\/avatar\/9167d280179c85bc18be67aa7eda765854300033af4896dd779b608640f2ef7a?s=96&d=mm&r=g","contentUrl":"https:\/\/secure.gravatar.com\/avatar\/9167d280179c85bc18be67aa7eda765854300033af4896dd779b608640f2ef7a?s=96&d=mm&r=g","caption":"Diario1 Diario1"},"url":"https:\/\/diariotextual.com\/inicio\/index.php\/author\/diario1\/"}]}},"_links":{"self":[{"href":"https:\/\/diariotextual.com\/inicio\/index.php\/wp-json\/wp\/v2\/posts\/256006","targetHints":{"allow":["GET"]}}],"collection":[{"href":"https:\/\/diariotextual.com\/inicio\/index.php\/wp-json\/wp\/v2\/posts"}],"about":[{"href":"https:\/\/diariotextual.com\/inicio\/index.php\/wp-json\/wp\/v2\/types\/post"}],"author":[{"embeddable":true,"href":"https:\/\/diariotextual.com\/inicio\/index.php\/wp-json\/wp\/v2\/users\/3"}],"replies":[{"embeddable":true,"href":"https:\/\/diariotextual.com\/inicio\/index.php\/wp-json\/wp\/v2\/comments?post=256006"}],"version-history":[{"count":1,"href":"https:\/\/diariotextual.com\/inicio\/index.php\/wp-json\/wp\/v2\/posts\/256006\/revisions"}],"predecessor-version":[{"id":256007,"href":"https:\/\/diariotextual.com\/inicio\/index.php\/wp-json\/wp\/v2\/posts\/256006\/revisions\/256007"}],"wp:featuredmedia":[{"embeddable":true,"href":"https:\/\/diariotextual.com\/inicio\/index.php\/wp-json\/wp\/v2\/media\/256009"}],"wp:attachment":[{"href":"https:\/\/diariotextual.com\/inicio\/index.php\/wp-json\/wp\/v2\/media?parent=256006"}],"wp:term":[{"taxonomy":"category","embeddable":true,"href":"https:\/\/diariotextual.com\/inicio\/index.php\/wp-json\/wp\/v2\/categories?post=256006"},{"taxonomy":"post_tag","embeddable":true,"href":"https:\/\/diariotextual.com\/inicio\/index.php\/wp-json\/wp\/v2\/tags?post=256006"}],"curies":[{"name":"wp","href":"https:\/\/api.w.org\/{rel}","templated":true}]}}