{"id":256021,"date":"2024-03-05T19:50:55","date_gmt":"2024-03-05T22:50:55","guid":{"rendered":"https:\/\/diariotextual.com\/inicio\/?p=256021"},"modified":"2024-03-06T05:29:24","modified_gmt":"2024-03-06T08:29:24","slug":"llamativo-pedido-el-pro-y-co-instan-a-ziliotto-a-que-firme-las-ideas-de-la-libertad-del-pacto-de-mayo","status":"publish","type":"post","link":"https:\/\/diariotextual.com\/inicio\/index.php\/2024\/03\/05\/llamativo-pedido-el-pro-y-co-instan-a-ziliotto-a-que-firme-las-ideas-de-la-libertad-del-pacto-de-mayo\/","title":{"rendered":"Llamativo pedido: el PRO y CO \u201cinstan\u201d a Ziliotto a que firme las \u201cideas de la libertad\u201d del Pacto de Mayo"},"content":{"rendered":"\n<p><strong>En un llamativo proyecto de declaraci\u00f3n, los diputados provinciales del PRO y de Comunidad Organizaron pidieron que desde la Legislatura se \u201cinste\u201d al gobernador Sergio Ziliotto a que firme el llamado Pacto de Mayo, que impulsa el Gobierno de Javier Milei. La UCR, que hab\u00eda acordado con los otros dos bloques sumarse a la estrategia pol\u00edtica para marcarle la cancha al Ejecutivo provincial, no firm\u00f3 este proyecto.<\/strong><\/p>\n\n\n\n<p>El autor de la iniciativa es <strong>Enrique Juan<\/strong>, presidente del PRO y alineado a La Libertad Avanza. Seg\u00fan dijo, <strong>pretende que Ziliotto \u201capoye\u201d las \u201cideas de la libertad\u201d de Milei.<\/strong> Por lo pronto,<strong> Ziliotto ha dicho que est\u00e1 abierto al di\u00e1logo pero que no piensa en firmar un pacto si no se puede consensuar y si no se respetan los actuales acuerdos, como la coparticipaci\u00f3n que ha sido podada brutalmente.<\/strong><\/p>\n\n\n\n<p>Juan insisti\u00f3 en que debe firmar. \u201cLe pedimos al gobernador que opte por el di\u00e1logo y respete la voluntad de los pampeanos que se expresaron en las urnas en noviembre, apoyando las ideas de la libertad. Nuestra provincia tiene que ser parte de la nueva Argentina que se viene\u201d, escribi\u00f3 en X.<\/p>\n\n\n\n<p>Milei ha dicho que la firma del Pacto de Mayo, que pretende hacerla en un acto en C\u00f3rdoba el 25 de mayo,<strong>\u00a0estar\u00e1 supeditada a que los gobernadores avalen con sus legisladores la ley \u00f3mnibus.<\/strong>\u00a0Para los opositores, es una<strong>\u00a0extorsi\u00f3n.<\/strong><\/p>\n\n\n\n<p>Se trata, en palabras de Milei, de \u201cun nuevo pacto fundacional\u201d, para ser consensuado con los 24 mandatarios de la Argentina, que contiene&nbsp;<strong>diez ideas fuerza<\/strong>: una virtual hoja de ruta que el primer mandatario ofreci\u00f3 a los l\u00edderes de las provincias para, supuestamente, poner en marcha el pa\u00eds y sacarlo de a\u00f1os de estancamiento. Entre otros puntos,&nbsp;<strong>se pretende discutir la coparticipaci\u00f3n, impulsar un compromiso a una reducci\u00f3n del gasto p\u00fablico y avanzar con la reforma laboral, previsional y pol\u00edtica.<\/strong><\/p>\n\n\n\n<p><strong>Ziliotto fue el primero de los gobernadores en poner en cuestionamiento el Pacto de Mayo<\/strong>. Ayer reiter\u00f3 que&nbsp;<strong>est\u00e1 abierto al di\u00e1logo, pero le avis\u00f3 a Milei que no firmar\u00e1 sin un debate genuino<\/strong>: dijo que, primero, el jefe de Estado deber\u00eda cumplir con las leyes y pactos vigentes.&nbsp;<strong>\u201cSi el presidente no cumple las leyes, \u00bfc\u00f3mo vamos a ir a un nuevo pacto?<\/strong>\u201d, se pregunt\u00f3 ante una consulta en la conferencia de prensa que dio en el Sal\u00f3n de Acuerdos. \u201cSiempre vamos a buscar el di\u00e1logo, pero cuando de enfrente hay una imposici\u00f3n se hace dif\u00edcil\u2026 Mi pregunta es por qu\u00e9 no cumplimos los pactos existentes.&nbsp;<strong>\u00bfC\u00f3mo voy a discutir una nueva coparticipaci\u00f3n si no me cumple con la actual?<\/strong>\u201d, sostuvo. Incluso<strong>&nbsp;record\u00f3 que Naci\u00f3n ya le adeuda a La Pampa unos 18 mil millones de pesos.<\/strong><\/p>\n\n\n\n<p>Luego de la convocatoria que realiz\u00f3 Milei en la apertura de sesiones ordinaria, los miembros del Gabinete buscan avanzar en reuniones con los gobernadores para poner en com\u00fan el contenido de los 10 puntos anunciados por el Presidente. <strong>Si bien se esperaba concretar el encuentro este mismo viernes, el ministro Guillermo Francos aclar\u00f3 que se realizar\u00e1n en distintos grupos y en diferentes fechas para, m\u00e1s adelante, lograr juntar a todos los mandatarios que efectivamente firmar\u00e1n el acuerdo.<\/strong><\/p>\n","protected":false},"excerpt":{"rendered":"<p>En un llamativo proyecto de declaraci\u00f3n, los diputados provinciales del PRO y de Comunidad Organizaron pidieron que desde la Legislatura se \u201cinste\u201d al gobernador Sergio Ziliotto a que firme el&hellip;<\/p>\n","protected":false},"author":3,"featured_media":255594,"comment_status":"closed","ping_status":"open","sticky":false,"template":"","format":"standard","meta":{"_acf_changed":false,"footnotes":""},"categories":[1,8],"tags":[],"class_list":["post-256021","post","type-post","status-publish","format-standard","has-post-thumbnail","hentry","category-es-noticia","category-politica"],"acf":[],"yoast_head":"<!-- This site is optimized with the Yoast SEO plugin v27.5 - https:\/\/yoast.com\/product\/yoast-seo-wordpress\/ -->\n<title>Llamativo pedido: el PRO y CO \u201cinstan\u201d a Ziliotto a que firme las \u201cideas de la libertad\u201d del Pacto de Mayo - Diario Textual<\/title>\n<meta name=\"robots\" content=\"index, follow, max-snippet:-1, max-image-preview:large, max-video-preview:-1\" \/>\n<link rel=\"canonical\" href=\"https:\/\/diariotextual.com\/inicio\/index.php\/2024\/03\/05\/llamativo-pedido-el-pro-y-co-instan-a-ziliotto-a-que-firme-las-ideas-de-la-libertad-del-pacto-de-mayo\/\" \/>\n<meta property=\"og:locale\" content=\"es_ES\" \/>\n<meta property=\"og:type\" content=\"article\" \/>\n<meta property=\"og:title\" content=\"Llamativo pedido: el PRO y CO \u201cinstan\u201d a Ziliotto a que firme las \u201cideas de la libertad\u201d del Pacto de Mayo - Diario Textual\" \/>\n<meta property=\"og:description\" content=\"En un llamativo proyecto de declaraci\u00f3n, los diputados provinciales del PRO y de Comunidad Organizaron pidieron que desde la Legislatura se \u201cinste\u201d al gobernador Sergio Ziliotto a que firme el&hellip;\" \/>\n<meta property=\"og:url\" content=\"https:\/\/diariotextual.com\/inicio\/index.php\/2024\/03\/05\/llamativo-pedido-el-pro-y-co-instan-a-ziliotto-a-que-firme-las-ideas-de-la-libertad-del-pacto-de-mayo\/\" \/>\n<meta property=\"og:site_name\" content=\"Diario Textual\" \/>\n<meta property=\"article:publisher\" content=\"https:\/\/www.facebook.com\/eltextual\" \/>\n<meta property=\"article:published_time\" content=\"2024-03-05T22:50:55+00:00\" \/>\n<meta property=\"article:modified_time\" content=\"2024-03-06T08:29:24+00:00\" \/>\n<meta property=\"og:image\" content=\"https:\/\/diariotextual.com\/inicio\/wp-content\/uploads\/2024\/03\/ziliottosergiomayoraldiputadosaperturasesion2024-6.jpg\" \/>\n\t<meta property=\"og:image:width\" content=\"1500\" \/>\n\t<meta property=\"og:image:height\" content=\"1000\" \/>\n\t<meta property=\"og:image:type\" content=\"image\/jpeg\" \/>\n<meta name=\"author\" content=\"Diario1 Diario1\" \/>\n<meta name=\"twitter:card\" content=\"summary_large_image\" \/>\n<meta name=\"twitter:creator\" content=\"@eltextual\" \/>\n<meta name=\"twitter:site\" content=\"@eltextual\" \/>\n<meta name=\"twitter:label1\" content=\"Escrito por\" \/>\n\t<meta name=\"twitter:data1\" content=\"Diario1 Diario1\" \/>\n\t<meta name=\"twitter:label2\" content=\"Tiempo de lectura\" \/>\n\t<meta name=\"twitter:data2\" content=\"3 minutos\" \/>\n<script type=\"application\/ld+json\" class=\"yoast-schema-graph\">{\"@context\":\"https:\\\/\\\/schema.org\",\"@graph\":[{\"@type\":\"Article\",\"@id\":\"https:\\\/\\\/diariotextual.com\\\/inicio\\\/index.php\\\/2024\\\/03\\\/05\\\/llamativo-pedido-el-pro-y-co-instan-a-ziliotto-a-que-firme-las-ideas-de-la-libertad-del-pacto-de-mayo\\\/#article\",\"isPartOf\":{\"@id\":\"https:\\\/\\\/diariotextual.com\\\/inicio\\\/index.php\\\/2024\\\/03\\\/05\\\/llamativo-pedido-el-pro-y-co-instan-a-ziliotto-a-que-firme-las-ideas-de-la-libertad-del-pacto-de-mayo\\\/\"},\"author\":{\"name\":\"Diario1 Diario1\",\"@id\":\"https:\\\/\\\/diariotextual.com\\\/inicio\\\/#\\\/schema\\\/person\\\/418fc4093c33e86ed41562db3508f958\"},\"headline\":\"Llamativo pedido: el PRO y CO \u201cinstan\u201d a Ziliotto a que firme las \u201cideas de la libertad\u201d del Pacto de Mayo\",\"datePublished\":\"2024-03-05T22:50:55+00:00\",\"dateModified\":\"2024-03-06T08:29:24+00:00\",\"mainEntityOfPage\":{\"@id\":\"https:\\\/\\\/diariotextual.com\\\/inicio\\\/index.php\\\/2024\\\/03\\\/05\\\/llamativo-pedido-el-pro-y-co-instan-a-ziliotto-a-que-firme-las-ideas-de-la-libertad-del-pacto-de-mayo\\\/\"},\"wordCount\":579,\"publisher\":{\"@id\":\"https:\\\/\\\/diariotextual.com\\\/inicio\\\/#organization\"},\"image\":{\"@id\":\"https:\\\/\\\/diariotextual.com\\\/inicio\\\/index.php\\\/2024\\\/03\\\/05\\\/llamativo-pedido-el-pro-y-co-instan-a-ziliotto-a-que-firme-las-ideas-de-la-libertad-del-pacto-de-mayo\\\/#primaryimage\"},\"thumbnailUrl\":\"https:\\\/\\\/diariotextual.com\\\/inicio\\\/wp-content\\\/uploads\\\/2024\\\/03\\\/ziliottosergiomayoraldiputadosaperturasesion2024-6.jpg\",\"articleSection\":[\"A - ES NOTICIA (van abajo)\",\"POLITICA\"],\"inLanguage\":\"es\"},{\"@type\":\"WebPage\",\"@id\":\"https:\\\/\\\/diariotextual.com\\\/inicio\\\/index.php\\\/2024\\\/03\\\/05\\\/llamativo-pedido-el-pro-y-co-instan-a-ziliotto-a-que-firme-las-ideas-de-la-libertad-del-pacto-de-mayo\\\/\",\"url\":\"https:\\\/\\\/diariotextual.com\\\/inicio\\\/index.php\\\/2024\\\/03\\\/05\\\/llamativo-pedido-el-pro-y-co-instan-a-ziliotto-a-que-firme-las-ideas-de-la-libertad-del-pacto-de-mayo\\\/\",\"name\":\"Llamativo pedido: el PRO y CO \u201cinstan\u201d a Ziliotto a que firme las \u201cideas de la libertad\u201d del Pacto de Mayo - Diario Textual\",\"isPartOf\":{\"@id\":\"https:\\\/\\\/diariotextual.com\\\/inicio\\\/#website\"},\"primaryImageOfPage\":{\"@id\":\"https:\\\/\\\/diariotextual.com\\\/inicio\\\/index.php\\\/2024\\\/03\\\/05\\\/llamativo-pedido-el-pro-y-co-instan-a-ziliotto-a-que-firme-las-ideas-de-la-libertad-del-pacto-de-mayo\\\/#primaryimage\"},\"image\":{\"@id\":\"https:\\\/\\\/diariotextual.com\\\/inicio\\\/index.php\\\/2024\\\/03\\\/05\\\/llamativo-pedido-el-pro-y-co-instan-a-ziliotto-a-que-firme-las-ideas-de-la-libertad-del-pacto-de-mayo\\\/#primaryimage\"},\"thumbnailUrl\":\"https:\\\/\\\/diariotextual.com\\\/inicio\\\/wp-content\\\/uploads\\\/2024\\\/03\\\/ziliottosergiomayoraldiputadosaperturasesion2024-6.jpg\",\"datePublished\":\"2024-03-05T22:50:55+00:00\",\"dateModified\":\"2024-03-06T08:29:24+00:00\",\"breadcrumb\":{\"@id\":\"https:\\\/\\\/diariotextual.com\\\/inicio\\\/index.php\\\/2024\\\/03\\\/05\\\/llamativo-pedido-el-pro-y-co-instan-a-ziliotto-a-que-firme-las-ideas-de-la-libertad-del-pacto-de-mayo\\\/#breadcrumb\"},\"inLanguage\":\"es\",\"potentialAction\":[{\"@type\":\"ReadAction\",\"target\":[\"https:\\\/\\\/diariotextual.com\\\/inicio\\\/index.php\\\/2024\\\/03\\\/05\\\/llamativo-pedido-el-pro-y-co-instan-a-ziliotto-a-que-firme-las-ideas-de-la-libertad-del-pacto-de-mayo\\\/\"]}]},{\"@type\":\"ImageObject\",\"inLanguage\":\"es\",\"@id\":\"https:\\\/\\\/diariotextual.com\\\/inicio\\\/index.php\\\/2024\\\/03\\\/05\\\/llamativo-pedido-el-pro-y-co-instan-a-ziliotto-a-que-firme-las-ideas-de-la-libertad-del-pacto-de-mayo\\\/#primaryimage\",\"url\":\"https:\\\/\\\/diariotextual.com\\\/inicio\\\/wp-content\\\/uploads\\\/2024\\\/03\\\/ziliottosergiomayoraldiputadosaperturasesion2024-6.jpg\",\"contentUrl\":\"https:\\\/\\\/diariotextual.com\\\/inicio\\\/wp-content\\\/uploads\\\/2024\\\/03\\\/ziliottosergiomayoraldiputadosaperturasesion2024-6.jpg\",\"width\":1500,\"height\":1000},{\"@type\":\"BreadcrumbList\",\"@id\":\"https:\\\/\\\/diariotextual.com\\\/inicio\\\/index.php\\\/2024\\\/03\\\/05\\\/llamativo-pedido-el-pro-y-co-instan-a-ziliotto-a-que-firme-las-ideas-de-la-libertad-del-pacto-de-mayo\\\/#breadcrumb\",\"itemListElement\":[{\"@type\":\"ListItem\",\"position\":1,\"name\":\"Portada\",\"item\":\"https:\\\/\\\/diariotextual.com\\\/inicio\\\/\"},{\"@type\":\"ListItem\",\"position\":2,\"name\":\"Llamativo pedido: el PRO y CO \u201cinstan\u201d a Ziliotto a que firme las \u201cideas de la libertad\u201d del Pacto de Mayo\"}]},{\"@type\":\"WebSite\",\"@id\":\"https:\\\/\\\/diariotextual.com\\\/inicio\\\/#website\",\"url\":\"https:\\\/\\\/diariotextual.com\\\/inicio\\\/\",\"name\":\"Diario Textual\",\"description\":\"\",\"publisher\":{\"@id\":\"https:\\\/\\\/diariotextual.com\\\/inicio\\\/#organization\"},\"potentialAction\":[{\"@type\":\"SearchAction\",\"target\":{\"@type\":\"EntryPoint\",\"urlTemplate\":\"https:\\\/\\\/diariotextual.com\\\/inicio\\\/?s={search_term_string}\"},\"query-input\":{\"@type\":\"PropertyValueSpecification\",\"valueRequired\":true,\"valueName\":\"search_term_string\"}}],\"inLanguage\":\"es\"},{\"@type\":\"Organization\",\"@id\":\"https:\\\/\\\/diariotextual.com\\\/inicio\\\/#organization\",\"name\":\"Diario Textual\",\"url\":\"https:\\\/\\\/diariotextual.com\\\/inicio\\\/\",\"logo\":{\"@type\":\"ImageObject\",\"inLanguage\":\"es\",\"@id\":\"https:\\\/\\\/diariotextual.com\\\/inicio\\\/#\\\/schema\\\/logo\\\/image\\\/\",\"url\":\"https:\\\/\\\/diariotextual.com\\\/inicio\\\/wp-content\\\/uploads\\\/2023\\\/05\\\/logotextual1.jpg\",\"contentUrl\":\"https:\\\/\\\/diariotextual.com\\\/inicio\\\/wp-content\\\/uploads\\\/2023\\\/05\\\/logotextual1.jpg\",\"width\":516,\"height\":76,\"caption\":\"Diario Textual\"},\"image\":{\"@id\":\"https:\\\/\\\/diariotextual.com\\\/inicio\\\/#\\\/schema\\\/logo\\\/image\\\/\"},\"sameAs\":[\"https:\\\/\\\/www.facebook.com\\\/eltextual\",\"https:\\\/\\\/x.com\\\/eltextual\",\"http:\\\/\\\/www.instagram.com\\\/eltextual\"]},{\"@type\":\"Person\",\"@id\":\"https:\\\/\\\/diariotextual.com\\\/inicio\\\/#\\\/schema\\\/person\\\/418fc4093c33e86ed41562db3508f958\",\"name\":\"Diario1 Diario1\",\"image\":{\"@type\":\"ImageObject\",\"inLanguage\":\"es\",\"@id\":\"https:\\\/\\\/secure.gravatar.com\\\/avatar\\\/9167d280179c85bc18be67aa7eda765854300033af4896dd779b608640f2ef7a?s=96&d=mm&r=g\",\"url\":\"https:\\\/\\\/secure.gravatar.com\\\/avatar\\\/9167d280179c85bc18be67aa7eda765854300033af4896dd779b608640f2ef7a?s=96&d=mm&r=g\",\"contentUrl\":\"https:\\\/\\\/secure.gravatar.com\\\/avatar\\\/9167d280179c85bc18be67aa7eda765854300033af4896dd779b608640f2ef7a?s=96&d=mm&r=g\",\"caption\":\"Diario1 Diario1\"},\"url\":\"https:\\\/\\\/diariotextual.com\\\/inicio\\\/index.php\\\/author\\\/diario1\\\/\"}]}<\/script>\n<!-- \/ Yoast SEO plugin. -->","yoast_head_json":{"title":"Llamativo pedido: el PRO y CO \u201cinstan\u201d a Ziliotto a que firme las \u201cideas de la libertad\u201d del Pacto de Mayo - Diario Textual","robots":{"index":"index","follow":"follow","max-snippet":"max-snippet:-1","max-image-preview":"max-image-preview:large","max-video-preview":"max-video-preview:-1"},"canonical":"https:\/\/diariotextual.com\/inicio\/index.php\/2024\/03\/05\/llamativo-pedido-el-pro-y-co-instan-a-ziliotto-a-que-firme-las-ideas-de-la-libertad-del-pacto-de-mayo\/","og_locale":"es_ES","og_type":"article","og_title":"Llamativo pedido: el PRO y CO \u201cinstan\u201d a Ziliotto a que firme las \u201cideas de la libertad\u201d del Pacto de Mayo - Diario Textual","og_description":"En un llamativo proyecto de declaraci\u00f3n, los diputados provinciales del PRO y de Comunidad Organizaron pidieron que desde la Legislatura se \u201cinste\u201d al gobernador Sergio Ziliotto a que firme el&hellip;","og_url":"https:\/\/diariotextual.com\/inicio\/index.php\/2024\/03\/05\/llamativo-pedido-el-pro-y-co-instan-a-ziliotto-a-que-firme-las-ideas-de-la-libertad-del-pacto-de-mayo\/","og_site_name":"Diario Textual","article_publisher":"https:\/\/www.facebook.com\/eltextual","article_published_time":"2024-03-05T22:50:55+00:00","article_modified_time":"2024-03-06T08:29:24+00:00","og_image":[{"width":1500,"height":1000,"url":"https:\/\/diariotextual.com\/inicio\/wp-content\/uploads\/2024\/03\/ziliottosergiomayoraldiputadosaperturasesion2024-6.jpg","type":"image\/jpeg"}],"author":"Diario1 Diario1","twitter_card":"summary_large_image","twitter_creator":"@eltextual","twitter_site":"@eltextual","twitter_misc":{"Escrito por":"Diario1 Diario1","Tiempo de lectura":"3 minutos"},"schema":{"@context":"https:\/\/schema.org","@graph":[{"@type":"Article","@id":"https:\/\/diariotextual.com\/inicio\/index.php\/2024\/03\/05\/llamativo-pedido-el-pro-y-co-instan-a-ziliotto-a-que-firme-las-ideas-de-la-libertad-del-pacto-de-mayo\/#article","isPartOf":{"@id":"https:\/\/diariotextual.com\/inicio\/index.php\/2024\/03\/05\/llamativo-pedido-el-pro-y-co-instan-a-ziliotto-a-que-firme-las-ideas-de-la-libertad-del-pacto-de-mayo\/"},"author":{"name":"Diario1 Diario1","@id":"https:\/\/diariotextual.com\/inicio\/#\/schema\/person\/418fc4093c33e86ed41562db3508f958"},"headline":"Llamativo pedido: el PRO y CO \u201cinstan\u201d a Ziliotto a que firme las \u201cideas de la libertad\u201d del Pacto de Mayo","datePublished":"2024-03-05T22:50:55+00:00","dateModified":"2024-03-06T08:29:24+00:00","mainEntityOfPage":{"@id":"https:\/\/diariotextual.com\/inicio\/index.php\/2024\/03\/05\/llamativo-pedido-el-pro-y-co-instan-a-ziliotto-a-que-firme-las-ideas-de-la-libertad-del-pacto-de-mayo\/"},"wordCount":579,"publisher":{"@id":"https:\/\/diariotextual.com\/inicio\/#organization"},"image":{"@id":"https:\/\/diariotextual.com\/inicio\/index.php\/2024\/03\/05\/llamativo-pedido-el-pro-y-co-instan-a-ziliotto-a-que-firme-las-ideas-de-la-libertad-del-pacto-de-mayo\/#primaryimage"},"thumbnailUrl":"https:\/\/diariotextual.com\/inicio\/wp-content\/uploads\/2024\/03\/ziliottosergiomayoraldiputadosaperturasesion2024-6.jpg","articleSection":["A - ES NOTICIA (van abajo)","POLITICA"],"inLanguage":"es"},{"@type":"WebPage","@id":"https:\/\/diariotextual.com\/inicio\/index.php\/2024\/03\/05\/llamativo-pedido-el-pro-y-co-instan-a-ziliotto-a-que-firme-las-ideas-de-la-libertad-del-pacto-de-mayo\/","url":"https:\/\/diariotextual.com\/inicio\/index.php\/2024\/03\/05\/llamativo-pedido-el-pro-y-co-instan-a-ziliotto-a-que-firme-las-ideas-de-la-libertad-del-pacto-de-mayo\/","name":"Llamativo pedido: el PRO y CO \u201cinstan\u201d a Ziliotto a que firme las \u201cideas de la libertad\u201d del Pacto de Mayo - Diario Textual","isPartOf":{"@id":"https:\/\/diariotextual.com\/inicio\/#website"},"primaryImageOfPage":{"@id":"https:\/\/diariotextual.com\/inicio\/index.php\/2024\/03\/05\/llamativo-pedido-el-pro-y-co-instan-a-ziliotto-a-que-firme-las-ideas-de-la-libertad-del-pacto-de-mayo\/#primaryimage"},"image":{"@id":"https:\/\/diariotextual.com\/inicio\/index.php\/2024\/03\/05\/llamativo-pedido-el-pro-y-co-instan-a-ziliotto-a-que-firme-las-ideas-de-la-libertad-del-pacto-de-mayo\/#primaryimage"},"thumbnailUrl":"https:\/\/diariotextual.com\/inicio\/wp-content\/uploads\/2024\/03\/ziliottosergiomayoraldiputadosaperturasesion2024-6.jpg","datePublished":"2024-03-05T22:50:55+00:00","dateModified":"2024-03-06T08:29:24+00:00","breadcrumb":{"@id":"https:\/\/diariotextual.com\/inicio\/index.php\/2024\/03\/05\/llamativo-pedido-el-pro-y-co-instan-a-ziliotto-a-que-firme-las-ideas-de-la-libertad-del-pacto-de-mayo\/#breadcrumb"},"inLanguage":"es","potentialAction":[{"@type":"ReadAction","target":["https:\/\/diariotextual.com\/inicio\/index.php\/2024\/03\/05\/llamativo-pedido-el-pro-y-co-instan-a-ziliotto-a-que-firme-las-ideas-de-la-libertad-del-pacto-de-mayo\/"]}]},{"@type":"ImageObject","inLanguage":"es","@id":"https:\/\/diariotextual.com\/inicio\/index.php\/2024\/03\/05\/llamativo-pedido-el-pro-y-co-instan-a-ziliotto-a-que-firme-las-ideas-de-la-libertad-del-pacto-de-mayo\/#primaryimage","url":"https:\/\/diariotextual.com\/inicio\/wp-content\/uploads\/2024\/03\/ziliottosergiomayoraldiputadosaperturasesion2024-6.jpg","contentUrl":"https:\/\/diariotextual.com\/inicio\/wp-content\/uploads\/2024\/03\/ziliottosergiomayoraldiputadosaperturasesion2024-6.jpg","width":1500,"height":1000},{"@type":"BreadcrumbList","@id":"https:\/\/diariotextual.com\/inicio\/index.php\/2024\/03\/05\/llamativo-pedido-el-pro-y-co-instan-a-ziliotto-a-que-firme-las-ideas-de-la-libertad-del-pacto-de-mayo\/#breadcrumb","itemListElement":[{"@type":"ListItem","position":1,"name":"Portada","item":"https:\/\/diariotextual.com\/inicio\/"},{"@type":"ListItem","position":2,"name":"Llamativo pedido: el PRO y CO \u201cinstan\u201d a Ziliotto a que firme las \u201cideas de la libertad\u201d del Pacto de Mayo"}]},{"@type":"WebSite","@id":"https:\/\/diariotextual.com\/inicio\/#website","url":"https:\/\/diariotextual.com\/inicio\/","name":"Diario Textual","description":"","publisher":{"@id":"https:\/\/diariotextual.com\/inicio\/#organization"},"potentialAction":[{"@type":"SearchAction","target":{"@type":"EntryPoint","urlTemplate":"https:\/\/diariotextual.com\/inicio\/?s={search_term_string}"},"query-input":{"@type":"PropertyValueSpecification","valueRequired":true,"valueName":"search_term_string"}}],"inLanguage":"es"},{"@type":"Organization","@id":"https:\/\/diariotextual.com\/inicio\/#organization","name":"Diario Textual","url":"https:\/\/diariotextual.com\/inicio\/","logo":{"@type":"ImageObject","inLanguage":"es","@id":"https:\/\/diariotextual.com\/inicio\/#\/schema\/logo\/image\/","url":"https:\/\/diariotextual.com\/inicio\/wp-content\/uploads\/2023\/05\/logotextual1.jpg","contentUrl":"https:\/\/diariotextual.com\/inicio\/wp-content\/uploads\/2023\/05\/logotextual1.jpg","width":516,"height":76,"caption":"Diario Textual"},"image":{"@id":"https:\/\/diariotextual.com\/inicio\/#\/schema\/logo\/image\/"},"sameAs":["https:\/\/www.facebook.com\/eltextual","https:\/\/x.com\/eltextual","http:\/\/www.instagram.com\/eltextual"]},{"@type":"Person","@id":"https:\/\/diariotextual.com\/inicio\/#\/schema\/person\/418fc4093c33e86ed41562db3508f958","name":"Diario1 Diario1","image":{"@type":"ImageObject","inLanguage":"es","@id":"https:\/\/secure.gravatar.com\/avatar\/9167d280179c85bc18be67aa7eda765854300033af4896dd779b608640f2ef7a?s=96&d=mm&r=g","url":"https:\/\/secure.gravatar.com\/avatar\/9167d280179c85bc18be67aa7eda765854300033af4896dd779b608640f2ef7a?s=96&d=mm&r=g","contentUrl":"https:\/\/secure.gravatar.com\/avatar\/9167d280179c85bc18be67aa7eda765854300033af4896dd779b608640f2ef7a?s=96&d=mm&r=g","caption":"Diario1 Diario1"},"url":"https:\/\/diariotextual.com\/inicio\/index.php\/author\/diario1\/"}]}},"_links":{"self":[{"href":"https:\/\/diariotextual.com\/inicio\/index.php\/wp-json\/wp\/v2\/posts\/256021","targetHints":{"allow":["GET"]}}],"collection":[{"href":"https:\/\/diariotextual.com\/inicio\/index.php\/wp-json\/wp\/v2\/posts"}],"about":[{"href":"https:\/\/diariotextual.com\/inicio\/index.php\/wp-json\/wp\/v2\/types\/post"}],"author":[{"embeddable":true,"href":"https:\/\/diariotextual.com\/inicio\/index.php\/wp-json\/wp\/v2\/users\/3"}],"replies":[{"embeddable":true,"href":"https:\/\/diariotextual.com\/inicio\/index.php\/wp-json\/wp\/v2\/comments?post=256021"}],"version-history":[{"count":1,"href":"https:\/\/diariotextual.com\/inicio\/index.php\/wp-json\/wp\/v2\/posts\/256021\/revisions"}],"predecessor-version":[{"id":256022,"href":"https:\/\/diariotextual.com\/inicio\/index.php\/wp-json\/wp\/v2\/posts\/256021\/revisions\/256022"}],"wp:featuredmedia":[{"embeddable":true,"href":"https:\/\/diariotextual.com\/inicio\/index.php\/wp-json\/wp\/v2\/media\/255594"}],"wp:attachment":[{"href":"https:\/\/diariotextual.com\/inicio\/index.php\/wp-json\/wp\/v2\/media?parent=256021"}],"wp:term":[{"taxonomy":"category","embeddable":true,"href":"https:\/\/diariotextual.com\/inicio\/index.php\/wp-json\/wp\/v2\/categories?post=256021"},{"taxonomy":"post_tag","embeddable":true,"href":"https:\/\/diariotextual.com\/inicio\/index.php\/wp-json\/wp\/v2\/tags?post=256021"}],"curies":[{"name":"wp","href":"https:\/\/api.w.org\/{rel}","templated":true}]}}