{"id":256037,"date":"2024-03-06T05:29:10","date_gmt":"2024-03-06T08:29:10","guid":{"rendered":"https:\/\/diariotextual.com\/inicio\/?p=256037"},"modified":"2024-03-06T07:54:12","modified_gmt":"2024-03-06T10:54:12","slug":"el-gobierno-finalmente-convocara-a-los-gobernadores-por-etapas-para-discutir-el-pacto-de-mayo","status":"publish","type":"post","link":"https:\/\/diariotextual.com\/inicio\/index.php\/2024\/03\/06\/el-gobierno-finalmente-convocara-a-los-gobernadores-por-etapas-para-discutir-el-pacto-de-mayo\/","title":{"rendered":"El Gobierno finalmente convocar\u00e1 a los gobernadores por etapas para discutir el Pacto de Mayo"},"content":{"rendered":"\n<p>Luego de anunciar una convocatoria a todos los gobernadores para este viernes, el Gobierno nacional tom\u00f3 la decisi\u00f3n de invitar a los mandatarios provinciales por etapas y en grupos para discutir los puntos principales del Pacto de Mayo que podr\u00edan rubricar el 25 de mayo en C\u00f3rdoba. Las reuniones comenzar\u00e1n el viernes y seguir\u00e1n entre lunes y mi\u00e9rcoles de la pr\u00f3xima semana.<\/p>\n\n\n\n<p>El ministro del Interior, <strong>Guillermo Francos<\/strong>, confirm\u00f3 el cambio a ra\u00edz de las dificultades de algunos jefes provinciales para acudir al encuentro, por motivos de agenda, y debido a que otros, por el momento, se muestran reacios a asistir. Por caso, puso como ejemplo la situaci\u00f3n de los gobernadores de Mendoza y San Juan, Alfredo Cornejo y Marcelo Orrego, quienes dijo que est\u00e1n \u00aben una exposici\u00f3n minera importante en Canad\u00e1\u201d.<\/p>\n\n\n\n<p>\u201cHablaremos con unos primero y con otros despu\u00e9s, dependiendo de las agendas que tenga cada uno\u201d, aclar\u00f3 Francos en declaraciones al canal La Naci\u00f3n + este martes desde ExpoAgro. \u201cHay una predisposici\u00f3n muy marcada de los gobernadores de tratar de avanzar hacia este pacto del 25 de mayo\u201d, dijo. \u201cHay otros que no est\u00e1n y otros que no quieren venir, por lo que he escuchado\u201d, apunt\u00f3 en referencia a las palabras del gobernador Axel Kicillof, quien adelant\u00f3 que no asistir\u00e1 al encuentro en C\u00f3rdoba.<\/p>\n\n\n\n<p>El ministro confirm\u00f3 que los encuentros comenzar\u00e1n el viernes pero ser\u00e1 por etapas (y en grupos) y continuar\u00e1n hasta el mi\u00e9rcoles. Adem\u00e1s, se\u00f1al\u00f3 que, en principio, no estar\u00e1 presente el presidente Javier Milei ni el ministro de Econom\u00eda, Luis Caputo, quien viajar\u00e1 a Rep\u00fablica Dominicana para la Asamblea anual del Banco Interamericano de Desarrollo (BID). Por lo que las reuniones las encabezar\u00e1n junto con el jefe de Gabinete, Nicol\u00e1s Posse.<\/p>\n\n\n\n<figure class=\"wp-block-embed is-type-wp-embed is-provider-diario-textual wp-block-embed-diario-textual\"><div class=\"wp-block-embed__wrapper\">\n<blockquote class=\"wp-embedded-content\" data-secret=\"NEQrekauIf\"><a href=\"https:\/\/diariotextual.com\/inicio\/index.php\/2024\/03\/05\/llamativo-pedido-el-pro-y-co-instan-a-ziliotto-a-que-firme-las-ideas-de-la-libertad-del-pacto-de-mayo\/\">Llamativo pedido: el PRO y CO \u201cinstan\u201d a Ziliotto a que firme las \u201cideas de la libertad\u201d del Pacto de Mayo<\/a><\/blockquote><iframe class=\"wp-embedded-content\" sandbox=\"allow-scripts\" security=\"restricted\" style=\"position: absolute; clip: rect(1px, 1px, 1px, 1px);\" title=\"\u00abLlamativo pedido: el PRO y CO \u201cinstan\u201d a Ziliotto a que firme las \u201cideas de la libertad\u201d del Pacto de Mayo\u00bb \u2014 Diario Textual\" src=\"https:\/\/diariotextual.com\/inicio\/index.php\/2024\/03\/05\/llamativo-pedido-el-pro-y-co-instan-a-ziliotto-a-que-firme-las-ideas-de-la-libertad-del-pacto-de-mayo\/embed\/#?secret=kmJoheiR10#?secret=NEQrekauIf\" data-secret=\"NEQrekauIf\" width=\"600\" height=\"338\" frameborder=\"0\" marginwidth=\"0\" marginheight=\"0\" scrolling=\"no\"><\/iframe>\n<\/div><\/figure>\n","protected":false},"excerpt":{"rendered":"<p>Luego de anunciar una convocatoria a todos los gobernadores para este viernes, el Gobierno nacional tom\u00f3 la decisi\u00f3n de invitar a los mandatarios provinciales por etapas y en grupos para&hellip;<\/p>\n","protected":false},"author":3,"featured_media":254111,"comment_status":"closed","ping_status":"open","sticky":false,"template":"","format":"standard","meta":{"_acf_changed":false,"footnotes":""},"categories":[1,8],"tags":[],"class_list":["post-256037","post","type-post","status-publish","format-standard","has-post-thumbnail","hentry","category-es-noticia","category-politica"],"acf":[],"yoast_head":"<!-- This site is optimized with the Yoast SEO plugin v27.5 - https:\/\/yoast.com\/product\/yoast-seo-wordpress\/ -->\n<title>El Gobierno finalmente convocar\u00e1 a los gobernadores por etapas para discutir el Pacto de Mayo - Diario Textual<\/title>\n<meta name=\"robots\" content=\"index, follow, max-snippet:-1, max-image-preview:large, max-video-preview:-1\" \/>\n<link rel=\"canonical\" href=\"https:\/\/diariotextual.com\/inicio\/index.php\/2024\/03\/06\/el-gobierno-finalmente-convocara-a-los-gobernadores-por-etapas-para-discutir-el-pacto-de-mayo\/\" \/>\n<meta property=\"og:locale\" content=\"es_ES\" \/>\n<meta property=\"og:type\" content=\"article\" \/>\n<meta property=\"og:title\" content=\"El Gobierno finalmente convocar\u00e1 a los gobernadores por etapas para discutir el Pacto de Mayo - Diario Textual\" \/>\n<meta property=\"og:description\" content=\"Luego de anunciar una convocatoria a todos los gobernadores para este viernes, el Gobierno nacional tom\u00f3 la decisi\u00f3n de invitar a los mandatarios provinciales por etapas y en grupos para&hellip;\" \/>\n<meta property=\"og:url\" content=\"https:\/\/diariotextual.com\/inicio\/index.php\/2024\/03\/06\/el-gobierno-finalmente-convocara-a-los-gobernadores-por-etapas-para-discutir-el-pacto-de-mayo\/\" \/>\n<meta property=\"og:site_name\" content=\"Diario Textual\" \/>\n<meta property=\"article:publisher\" content=\"https:\/\/www.facebook.com\/eltextual\" \/>\n<meta property=\"article:published_time\" content=\"2024-03-06T08:29:10+00:00\" \/>\n<meta property=\"article:modified_time\" content=\"2024-03-06T10:54:12+00:00\" \/>\n<meta property=\"og:image\" content=\"https:\/\/diariotextual.com\/inicio\/wp-content\/uploads\/2024\/02\/francosguillermotelam2024-24.jpg\" \/>\n\t<meta property=\"og:image:width\" content=\"1200\" \/>\n\t<meta property=\"og:image:height\" content=\"675\" \/>\n\t<meta property=\"og:image:type\" content=\"image\/jpeg\" \/>\n<meta name=\"author\" content=\"Diario1 Diario1\" \/>\n<meta name=\"twitter:card\" content=\"summary_large_image\" \/>\n<meta name=\"twitter:creator\" content=\"@eltextual\" \/>\n<meta name=\"twitter:site\" content=\"@eltextual\" \/>\n<meta name=\"twitter:label1\" content=\"Escrito por\" \/>\n\t<meta name=\"twitter:data1\" content=\"Diario1 Diario1\" \/>\n\t<meta name=\"twitter:label2\" content=\"Tiempo de lectura\" \/>\n\t<meta name=\"twitter:data2\" content=\"2 minutos\" \/>\n<script type=\"application\/ld+json\" class=\"yoast-schema-graph\">{\"@context\":\"https:\\\/\\\/schema.org\",\"@graph\":[{\"@type\":\"Article\",\"@id\":\"https:\\\/\\\/diariotextual.com\\\/inicio\\\/index.php\\\/2024\\\/03\\\/06\\\/el-gobierno-finalmente-convocara-a-los-gobernadores-por-etapas-para-discutir-el-pacto-de-mayo\\\/#article\",\"isPartOf\":{\"@id\":\"https:\\\/\\\/diariotextual.com\\\/inicio\\\/index.php\\\/2024\\\/03\\\/06\\\/el-gobierno-finalmente-convocara-a-los-gobernadores-por-etapas-para-discutir-el-pacto-de-mayo\\\/\"},\"author\":{\"name\":\"Diario1 Diario1\",\"@id\":\"https:\\\/\\\/diariotextual.com\\\/inicio\\\/#\\\/schema\\\/person\\\/418fc4093c33e86ed41562db3508f958\"},\"headline\":\"El Gobierno finalmente convocar\u00e1 a los gobernadores por etapas para discutir el Pacto de Mayo\",\"datePublished\":\"2024-03-06T08:29:10+00:00\",\"dateModified\":\"2024-03-06T10:54:12+00:00\",\"mainEntityOfPage\":{\"@id\":\"https:\\\/\\\/diariotextual.com\\\/inicio\\\/index.php\\\/2024\\\/03\\\/06\\\/el-gobierno-finalmente-convocara-a-los-gobernadores-por-etapas-para-discutir-el-pacto-de-mayo\\\/\"},\"wordCount\":330,\"publisher\":{\"@id\":\"https:\\\/\\\/diariotextual.com\\\/inicio\\\/#organization\"},\"image\":{\"@id\":\"https:\\\/\\\/diariotextual.com\\\/inicio\\\/index.php\\\/2024\\\/03\\\/06\\\/el-gobierno-finalmente-convocara-a-los-gobernadores-por-etapas-para-discutir-el-pacto-de-mayo\\\/#primaryimage\"},\"thumbnailUrl\":\"https:\\\/\\\/diariotextual.com\\\/inicio\\\/wp-content\\\/uploads\\\/2024\\\/02\\\/francosguillermotelam2024-24.jpg\",\"articleSection\":[\"A - ES NOTICIA (van abajo)\",\"POLITICA\"],\"inLanguage\":\"es\"},{\"@type\":\"WebPage\",\"@id\":\"https:\\\/\\\/diariotextual.com\\\/inicio\\\/index.php\\\/2024\\\/03\\\/06\\\/el-gobierno-finalmente-convocara-a-los-gobernadores-por-etapas-para-discutir-el-pacto-de-mayo\\\/\",\"url\":\"https:\\\/\\\/diariotextual.com\\\/inicio\\\/index.php\\\/2024\\\/03\\\/06\\\/el-gobierno-finalmente-convocara-a-los-gobernadores-por-etapas-para-discutir-el-pacto-de-mayo\\\/\",\"name\":\"El Gobierno finalmente convocar\u00e1 a los gobernadores por etapas para discutir el Pacto de Mayo - Diario Textual\",\"isPartOf\":{\"@id\":\"https:\\\/\\\/diariotextual.com\\\/inicio\\\/#website\"},\"primaryImageOfPage\":{\"@id\":\"https:\\\/\\\/diariotextual.com\\\/inicio\\\/index.php\\\/2024\\\/03\\\/06\\\/el-gobierno-finalmente-convocara-a-los-gobernadores-por-etapas-para-discutir-el-pacto-de-mayo\\\/#primaryimage\"},\"image\":{\"@id\":\"https:\\\/\\\/diariotextual.com\\\/inicio\\\/index.php\\\/2024\\\/03\\\/06\\\/el-gobierno-finalmente-convocara-a-los-gobernadores-por-etapas-para-discutir-el-pacto-de-mayo\\\/#primaryimage\"},\"thumbnailUrl\":\"https:\\\/\\\/diariotextual.com\\\/inicio\\\/wp-content\\\/uploads\\\/2024\\\/02\\\/francosguillermotelam2024-24.jpg\",\"datePublished\":\"2024-03-06T08:29:10+00:00\",\"dateModified\":\"2024-03-06T10:54:12+00:00\",\"breadcrumb\":{\"@id\":\"https:\\\/\\\/diariotextual.com\\\/inicio\\\/index.php\\\/2024\\\/03\\\/06\\\/el-gobierno-finalmente-convocara-a-los-gobernadores-por-etapas-para-discutir-el-pacto-de-mayo\\\/#breadcrumb\"},\"inLanguage\":\"es\",\"potentialAction\":[{\"@type\":\"ReadAction\",\"target\":[\"https:\\\/\\\/diariotextual.com\\\/inicio\\\/index.php\\\/2024\\\/03\\\/06\\\/el-gobierno-finalmente-convocara-a-los-gobernadores-por-etapas-para-discutir-el-pacto-de-mayo\\\/\"]}]},{\"@type\":\"ImageObject\",\"inLanguage\":\"es\",\"@id\":\"https:\\\/\\\/diariotextual.com\\\/inicio\\\/index.php\\\/2024\\\/03\\\/06\\\/el-gobierno-finalmente-convocara-a-los-gobernadores-por-etapas-para-discutir-el-pacto-de-mayo\\\/#primaryimage\",\"url\":\"https:\\\/\\\/diariotextual.com\\\/inicio\\\/wp-content\\\/uploads\\\/2024\\\/02\\\/francosguillermotelam2024-24.jpg\",\"contentUrl\":\"https:\\\/\\\/diariotextual.com\\\/inicio\\\/wp-content\\\/uploads\\\/2024\\\/02\\\/francosguillermotelam2024-24.jpg\",\"width\":1200,\"height\":675},{\"@type\":\"BreadcrumbList\",\"@id\":\"https:\\\/\\\/diariotextual.com\\\/inicio\\\/index.php\\\/2024\\\/03\\\/06\\\/el-gobierno-finalmente-convocara-a-los-gobernadores-por-etapas-para-discutir-el-pacto-de-mayo\\\/#breadcrumb\",\"itemListElement\":[{\"@type\":\"ListItem\",\"position\":1,\"name\":\"Portada\",\"item\":\"https:\\\/\\\/diariotextual.com\\\/inicio\\\/\"},{\"@type\":\"ListItem\",\"position\":2,\"name\":\"El Gobierno finalmente convocar\u00e1 a los gobernadores por etapas para discutir el Pacto de Mayo\"}]},{\"@type\":\"WebSite\",\"@id\":\"https:\\\/\\\/diariotextual.com\\\/inicio\\\/#website\",\"url\":\"https:\\\/\\\/diariotextual.com\\\/inicio\\\/\",\"name\":\"Diario Textual\",\"description\":\"\",\"publisher\":{\"@id\":\"https:\\\/\\\/diariotextual.com\\\/inicio\\\/#organization\"},\"potentialAction\":[{\"@type\":\"SearchAction\",\"target\":{\"@type\":\"EntryPoint\",\"urlTemplate\":\"https:\\\/\\\/diariotextual.com\\\/inicio\\\/?s={search_term_string}\"},\"query-input\":{\"@type\":\"PropertyValueSpecification\",\"valueRequired\":true,\"valueName\":\"search_term_string\"}}],\"inLanguage\":\"es\"},{\"@type\":\"Organization\",\"@id\":\"https:\\\/\\\/diariotextual.com\\\/inicio\\\/#organization\",\"name\":\"Diario Textual\",\"url\":\"https:\\\/\\\/diariotextual.com\\\/inicio\\\/\",\"logo\":{\"@type\":\"ImageObject\",\"inLanguage\":\"es\",\"@id\":\"https:\\\/\\\/diariotextual.com\\\/inicio\\\/#\\\/schema\\\/logo\\\/image\\\/\",\"url\":\"https:\\\/\\\/diariotextual.com\\\/inicio\\\/wp-content\\\/uploads\\\/2023\\\/05\\\/logotextual1.jpg\",\"contentUrl\":\"https:\\\/\\\/diariotextual.com\\\/inicio\\\/wp-content\\\/uploads\\\/2023\\\/05\\\/logotextual1.jpg\",\"width\":516,\"height\":76,\"caption\":\"Diario Textual\"},\"image\":{\"@id\":\"https:\\\/\\\/diariotextual.com\\\/inicio\\\/#\\\/schema\\\/logo\\\/image\\\/\"},\"sameAs\":[\"https:\\\/\\\/www.facebook.com\\\/eltextual\",\"https:\\\/\\\/x.com\\\/eltextual\",\"http:\\\/\\\/www.instagram.com\\\/eltextual\"]},{\"@type\":\"Person\",\"@id\":\"https:\\\/\\\/diariotextual.com\\\/inicio\\\/#\\\/schema\\\/person\\\/418fc4093c33e86ed41562db3508f958\",\"name\":\"Diario1 Diario1\",\"image\":{\"@type\":\"ImageObject\",\"inLanguage\":\"es\",\"@id\":\"https:\\\/\\\/secure.gravatar.com\\\/avatar\\\/9167d280179c85bc18be67aa7eda765854300033af4896dd779b608640f2ef7a?s=96&d=mm&r=g\",\"url\":\"https:\\\/\\\/secure.gravatar.com\\\/avatar\\\/9167d280179c85bc18be67aa7eda765854300033af4896dd779b608640f2ef7a?s=96&d=mm&r=g\",\"contentUrl\":\"https:\\\/\\\/secure.gravatar.com\\\/avatar\\\/9167d280179c85bc18be67aa7eda765854300033af4896dd779b608640f2ef7a?s=96&d=mm&r=g\",\"caption\":\"Diario1 Diario1\"},\"url\":\"https:\\\/\\\/diariotextual.com\\\/inicio\\\/index.php\\\/author\\\/diario1\\\/\"}]}<\/script>\n<!-- \/ Yoast SEO plugin. -->","yoast_head_json":{"title":"El Gobierno finalmente convocar\u00e1 a los gobernadores por etapas para discutir el Pacto de Mayo - Diario Textual","robots":{"index":"index","follow":"follow","max-snippet":"max-snippet:-1","max-image-preview":"max-image-preview:large","max-video-preview":"max-video-preview:-1"},"canonical":"https:\/\/diariotextual.com\/inicio\/index.php\/2024\/03\/06\/el-gobierno-finalmente-convocara-a-los-gobernadores-por-etapas-para-discutir-el-pacto-de-mayo\/","og_locale":"es_ES","og_type":"article","og_title":"El Gobierno finalmente convocar\u00e1 a los gobernadores por etapas para discutir el Pacto de Mayo - Diario Textual","og_description":"Luego de anunciar una convocatoria a todos los gobernadores para este viernes, el Gobierno nacional tom\u00f3 la decisi\u00f3n de invitar a los mandatarios provinciales por etapas y en grupos para&hellip;","og_url":"https:\/\/diariotextual.com\/inicio\/index.php\/2024\/03\/06\/el-gobierno-finalmente-convocara-a-los-gobernadores-por-etapas-para-discutir-el-pacto-de-mayo\/","og_site_name":"Diario Textual","article_publisher":"https:\/\/www.facebook.com\/eltextual","article_published_time":"2024-03-06T08:29:10+00:00","article_modified_time":"2024-03-06T10:54:12+00:00","og_image":[{"width":1200,"height":675,"url":"https:\/\/diariotextual.com\/inicio\/wp-content\/uploads\/2024\/02\/francosguillermotelam2024-24.jpg","type":"image\/jpeg"}],"author":"Diario1 Diario1","twitter_card":"summary_large_image","twitter_creator":"@eltextual","twitter_site":"@eltextual","twitter_misc":{"Escrito por":"Diario1 Diario1","Tiempo de lectura":"2 minutos"},"schema":{"@context":"https:\/\/schema.org","@graph":[{"@type":"Article","@id":"https:\/\/diariotextual.com\/inicio\/index.php\/2024\/03\/06\/el-gobierno-finalmente-convocara-a-los-gobernadores-por-etapas-para-discutir-el-pacto-de-mayo\/#article","isPartOf":{"@id":"https:\/\/diariotextual.com\/inicio\/index.php\/2024\/03\/06\/el-gobierno-finalmente-convocara-a-los-gobernadores-por-etapas-para-discutir-el-pacto-de-mayo\/"},"author":{"name":"Diario1 Diario1","@id":"https:\/\/diariotextual.com\/inicio\/#\/schema\/person\/418fc4093c33e86ed41562db3508f958"},"headline":"El Gobierno finalmente convocar\u00e1 a los gobernadores por etapas para discutir el Pacto de Mayo","datePublished":"2024-03-06T08:29:10+00:00","dateModified":"2024-03-06T10:54:12+00:00","mainEntityOfPage":{"@id":"https:\/\/diariotextual.com\/inicio\/index.php\/2024\/03\/06\/el-gobierno-finalmente-convocara-a-los-gobernadores-por-etapas-para-discutir-el-pacto-de-mayo\/"},"wordCount":330,"publisher":{"@id":"https:\/\/diariotextual.com\/inicio\/#organization"},"image":{"@id":"https:\/\/diariotextual.com\/inicio\/index.php\/2024\/03\/06\/el-gobierno-finalmente-convocara-a-los-gobernadores-por-etapas-para-discutir-el-pacto-de-mayo\/#primaryimage"},"thumbnailUrl":"https:\/\/diariotextual.com\/inicio\/wp-content\/uploads\/2024\/02\/francosguillermotelam2024-24.jpg","articleSection":["A - ES NOTICIA (van abajo)","POLITICA"],"inLanguage":"es"},{"@type":"WebPage","@id":"https:\/\/diariotextual.com\/inicio\/index.php\/2024\/03\/06\/el-gobierno-finalmente-convocara-a-los-gobernadores-por-etapas-para-discutir-el-pacto-de-mayo\/","url":"https:\/\/diariotextual.com\/inicio\/index.php\/2024\/03\/06\/el-gobierno-finalmente-convocara-a-los-gobernadores-por-etapas-para-discutir-el-pacto-de-mayo\/","name":"El Gobierno finalmente convocar\u00e1 a los gobernadores por etapas para discutir el Pacto de Mayo - Diario Textual","isPartOf":{"@id":"https:\/\/diariotextual.com\/inicio\/#website"},"primaryImageOfPage":{"@id":"https:\/\/diariotextual.com\/inicio\/index.php\/2024\/03\/06\/el-gobierno-finalmente-convocara-a-los-gobernadores-por-etapas-para-discutir-el-pacto-de-mayo\/#primaryimage"},"image":{"@id":"https:\/\/diariotextual.com\/inicio\/index.php\/2024\/03\/06\/el-gobierno-finalmente-convocara-a-los-gobernadores-por-etapas-para-discutir-el-pacto-de-mayo\/#primaryimage"},"thumbnailUrl":"https:\/\/diariotextual.com\/inicio\/wp-content\/uploads\/2024\/02\/francosguillermotelam2024-24.jpg","datePublished":"2024-03-06T08:29:10+00:00","dateModified":"2024-03-06T10:54:12+00:00","breadcrumb":{"@id":"https:\/\/diariotextual.com\/inicio\/index.php\/2024\/03\/06\/el-gobierno-finalmente-convocara-a-los-gobernadores-por-etapas-para-discutir-el-pacto-de-mayo\/#breadcrumb"},"inLanguage":"es","potentialAction":[{"@type":"ReadAction","target":["https:\/\/diariotextual.com\/inicio\/index.php\/2024\/03\/06\/el-gobierno-finalmente-convocara-a-los-gobernadores-por-etapas-para-discutir-el-pacto-de-mayo\/"]}]},{"@type":"ImageObject","inLanguage":"es","@id":"https:\/\/diariotextual.com\/inicio\/index.php\/2024\/03\/06\/el-gobierno-finalmente-convocara-a-los-gobernadores-por-etapas-para-discutir-el-pacto-de-mayo\/#primaryimage","url":"https:\/\/diariotextual.com\/inicio\/wp-content\/uploads\/2024\/02\/francosguillermotelam2024-24.jpg","contentUrl":"https:\/\/diariotextual.com\/inicio\/wp-content\/uploads\/2024\/02\/francosguillermotelam2024-24.jpg","width":1200,"height":675},{"@type":"BreadcrumbList","@id":"https:\/\/diariotextual.com\/inicio\/index.php\/2024\/03\/06\/el-gobierno-finalmente-convocara-a-los-gobernadores-por-etapas-para-discutir-el-pacto-de-mayo\/#breadcrumb","itemListElement":[{"@type":"ListItem","position":1,"name":"Portada","item":"https:\/\/diariotextual.com\/inicio\/"},{"@type":"ListItem","position":2,"name":"El Gobierno finalmente convocar\u00e1 a los gobernadores por etapas para discutir el Pacto de Mayo"}]},{"@type":"WebSite","@id":"https:\/\/diariotextual.com\/inicio\/#website","url":"https:\/\/diariotextual.com\/inicio\/","name":"Diario Textual","description":"","publisher":{"@id":"https:\/\/diariotextual.com\/inicio\/#organization"},"potentialAction":[{"@type":"SearchAction","target":{"@type":"EntryPoint","urlTemplate":"https:\/\/diariotextual.com\/inicio\/?s={search_term_string}"},"query-input":{"@type":"PropertyValueSpecification","valueRequired":true,"valueName":"search_term_string"}}],"inLanguage":"es"},{"@type":"Organization","@id":"https:\/\/diariotextual.com\/inicio\/#organization","name":"Diario Textual","url":"https:\/\/diariotextual.com\/inicio\/","logo":{"@type":"ImageObject","inLanguage":"es","@id":"https:\/\/diariotextual.com\/inicio\/#\/schema\/logo\/image\/","url":"https:\/\/diariotextual.com\/inicio\/wp-content\/uploads\/2023\/05\/logotextual1.jpg","contentUrl":"https:\/\/diariotextual.com\/inicio\/wp-content\/uploads\/2023\/05\/logotextual1.jpg","width":516,"height":76,"caption":"Diario Textual"},"image":{"@id":"https:\/\/diariotextual.com\/inicio\/#\/schema\/logo\/image\/"},"sameAs":["https:\/\/www.facebook.com\/eltextual","https:\/\/x.com\/eltextual","http:\/\/www.instagram.com\/eltextual"]},{"@type":"Person","@id":"https:\/\/diariotextual.com\/inicio\/#\/schema\/person\/418fc4093c33e86ed41562db3508f958","name":"Diario1 Diario1","image":{"@type":"ImageObject","inLanguage":"es","@id":"https:\/\/secure.gravatar.com\/avatar\/9167d280179c85bc18be67aa7eda765854300033af4896dd779b608640f2ef7a?s=96&d=mm&r=g","url":"https:\/\/secure.gravatar.com\/avatar\/9167d280179c85bc18be67aa7eda765854300033af4896dd779b608640f2ef7a?s=96&d=mm&r=g","contentUrl":"https:\/\/secure.gravatar.com\/avatar\/9167d280179c85bc18be67aa7eda765854300033af4896dd779b608640f2ef7a?s=96&d=mm&r=g","caption":"Diario1 Diario1"},"url":"https:\/\/diariotextual.com\/inicio\/index.php\/author\/diario1\/"}]}},"_links":{"self":[{"href":"https:\/\/diariotextual.com\/inicio\/index.php\/wp-json\/wp\/v2\/posts\/256037","targetHints":{"allow":["GET"]}}],"collection":[{"href":"https:\/\/diariotextual.com\/inicio\/index.php\/wp-json\/wp\/v2\/posts"}],"about":[{"href":"https:\/\/diariotextual.com\/inicio\/index.php\/wp-json\/wp\/v2\/types\/post"}],"author":[{"embeddable":true,"href":"https:\/\/diariotextual.com\/inicio\/index.php\/wp-json\/wp\/v2\/users\/3"}],"replies":[{"embeddable":true,"href":"https:\/\/diariotextual.com\/inicio\/index.php\/wp-json\/wp\/v2\/comments?post=256037"}],"version-history":[{"count":3,"href":"https:\/\/diariotextual.com\/inicio\/index.php\/wp-json\/wp\/v2\/posts\/256037\/revisions"}],"predecessor-version":[{"id":256040,"href":"https:\/\/diariotextual.com\/inicio\/index.php\/wp-json\/wp\/v2\/posts\/256037\/revisions\/256040"}],"wp:featuredmedia":[{"embeddable":true,"href":"https:\/\/diariotextual.com\/inicio\/index.php\/wp-json\/wp\/v2\/media\/254111"}],"wp:attachment":[{"href":"https:\/\/diariotextual.com\/inicio\/index.php\/wp-json\/wp\/v2\/media?parent=256037"}],"wp:term":[{"taxonomy":"category","embeddable":true,"href":"https:\/\/diariotextual.com\/inicio\/index.php\/wp-json\/wp\/v2\/categories?post=256037"},{"taxonomy":"post_tag","embeddable":true,"href":"https:\/\/diariotextual.com\/inicio\/index.php\/wp-json\/wp\/v2\/tags?post=256037"}],"curies":[{"name":"wp","href":"https:\/\/api.w.org\/{rel}","templated":true}]}}