{"id":256129,"date":"2024-03-06T17:27:12","date_gmt":"2024-03-06T20:27:12","guid":{"rendered":"https:\/\/diariotextual.com\/inicio\/?p=256129"},"modified":"2024-03-06T21:11:13","modified_gmt":"2024-03-07T00:11:13","slug":"sappa-demosle-a-la-sociedad-lo-que-necesita-paz","status":"publish","type":"post","link":"https:\/\/diariotextual.com\/inicio\/index.php\/2024\/03\/06\/sappa-demosle-a-la-sociedad-lo-que-necesita-paz\/","title":{"rendered":"Sappa: \u201cD\u00e9mosle a la sociedad lo que necesita, paz\u201d"},"content":{"rendered":"\n<p>El <strong>presidente del Superior Tribunal de Justicia, Jos\u00e9 Roberto Sappa, encabez\u00f3 el acto de jura a cinco funcionarias\/as,<\/strong> quienes asumieron hoy sus cargos como sustitutos\/as en la judicatura y el Ministerio P\u00fablico Fiscal, todos ellos correspondientes a la Primera Circunscripci\u00f3n Judicial de Santa Rosa.<\/p>\n\n\n\n<p>El acto se realiz\u00f3 en el Centro Judicial y Sappa fue acompa\u00f1ado por el ministro del STJ, Hugo Oscar D\u00edaz, y el director general de Justicia, Marcos Gonz\u00e1lez. Adem\u00e1s asistieron jueces, juezas y fiscales\/as.<\/p>\n\n\n\n<p>Alicia Gabriela Gentile, que ven\u00eda desempe\u00f1\u00e1ndose como defensora civil sustituta, qued\u00f3 a cargo del Juzgado de la Familia, Ni\u00f1as, Ni\u00f1os y Adolescentes 1; Mar\u00eda Elena Gr\u00e9goire, secretaria del Tribunal de Impugnaci\u00f3n Penal, pas\u00f3 a ser jueza de control sustituta; la prosecretaria Cecilia Beatriz Olivieri fue nombrada como fiscala adjunta sustituta; Carolina Mu\u00f1oz tambi\u00e9n asumi\u00f3 como fiscala adjunta sustituta; y Fernando David Pallota jur\u00f3 como prosecretario sustituto de la Unidad de Atenci\u00f3n Primaria en el M.P.F.<\/p>\n\n\n\n<figure class=\"wp-block-image size-full\"><img fetchpriority=\"high\" decoding=\"async\" width=\"900\" height=\"600\" src=\"https:\/\/diariotextual.com\/inicio\/wp-content\/uploads\/2024\/03\/jurafuncionariosjudiciales2024.jpg\" alt=\"\" class=\"wp-image-256131\" srcset=\"https:\/\/diariotextual.com\/inicio\/wp-content\/uploads\/2024\/03\/jurafuncionariosjudiciales2024.jpg 900w, https:\/\/diariotextual.com\/inicio\/wp-content\/uploads\/2024\/03\/jurafuncionariosjudiciales2024-300x200.jpg 300w, https:\/\/diariotextual.com\/inicio\/wp-content\/uploads\/2024\/03\/jurafuncionariosjudiciales2024-768x512.jpg 768w, https:\/\/diariotextual.com\/inicio\/wp-content\/uploads\/2024\/03\/jurafuncionariosjudiciales2024-585x390.jpg 585w, https:\/\/diariotextual.com\/inicio\/wp-content\/uploads\/2024\/03\/jurafuncionariosjudiciales2024-263x175.jpg 263w\" sizes=\"(max-width: 900px) 100vw, 900px\" \/><\/figure>\n\n\n\n<p>Sappa, al hablar frente a un auditorio a pleno, expres\u00f3: <strong>\u201cEl Poder Judicial se exterioriza en cada uno de ustedes. Hoy la ciudadan\u00eda pampeana nos pide celeridad y prudencia y a\u00fan m\u00e1s en tiempos complejos. <\/strong>Por eso debemos ser prudentes en las acciones y en las declaraciones\u201d.<\/p>\n\n\n\n<p>\u201c<strong>Quien llega a la Justicia con un problema, tiene otros problemas, personales, sociales, econ\u00f3micos<\/strong> y hasta puede plantear cosas para las que no tenemos competencia \u2013agreg\u00f3\u2013. Por eso digo que <strong>hay que tener mayor prudencia, mayor empat\u00eda, mayor templanza y seguridad jur\u00eddica <\/strong>ante esta funci\u00f3n distinta que nos dio la sociedad\u201d.<\/p>\n\n\n\n<p>\u201cD\u00e9mosle a la sociedad lo que necesita, paz. <strong>Pongamos el hombro como la Justicia viene haci\u00e9ndolo desde hace 70 a\u00f1os y llevemos paz<\/strong>, que es lo que se est\u00e1 requiriendo\u201d, concluy\u00f3 Sappa.<\/p>\n\n\n\n<p>A partir de 2016 los aspirantes a cubrir cargos como sustitutos\/as tiene que cursar una capacitaci\u00f3n y rendir examen oral y escrito. Quienes pasan esos requisitos son incluidos por el Consejo de la Magistratura en el listado anual. Esa n\u00f3mina tiene luego que contar con la anuencia de la Legislatura provincial, para que luego el Poder Ejecutivo disponga las designaciones.\u200b<\/p>\n","protected":false},"excerpt":{"rendered":"<p>El presidente del Superior Tribunal de Justicia, Jos\u00e9 Roberto Sappa, encabez\u00f3 el acto de jura a cinco funcionarias\/as, quienes asumieron hoy sus cargos como sustitutos\/as en la judicatura y el&hellip;<\/p>\n","protected":false},"author":5,"featured_media":246510,"comment_status":"closed","ping_status":"open","sticky":false,"template":"","format":"standard","meta":{"_acf_changed":false,"footnotes":""},"categories":[1,8],"tags":[],"class_list":["post-256129","post","type-post","status-publish","format-standard","has-post-thumbnail","hentry","category-es-noticia","category-politica"],"acf":[],"yoast_head":"<!-- This site is optimized with the Yoast SEO plugin v27.5 - https:\/\/yoast.com\/product\/yoast-seo-wordpress\/ -->\n<title>Sappa: \u201cD\u00e9mosle a la sociedad lo que necesita, paz\u201d - Diario Textual<\/title>\n<meta name=\"robots\" content=\"index, follow, max-snippet:-1, max-image-preview:large, max-video-preview:-1\" \/>\n<link rel=\"canonical\" href=\"https:\/\/diariotextual.com\/inicio\/index.php\/2024\/03\/06\/sappa-demosle-a-la-sociedad-lo-que-necesita-paz\/\" \/>\n<meta property=\"og:locale\" content=\"es_ES\" \/>\n<meta property=\"og:type\" content=\"article\" \/>\n<meta property=\"og:title\" content=\"Sappa: \u201cD\u00e9mosle a la sociedad lo que necesita, paz\u201d - Diario Textual\" \/>\n<meta property=\"og:description\" content=\"El presidente del Superior Tribunal de Justicia, Jos\u00e9 Roberto Sappa, encabez\u00f3 el acto de jura a cinco funcionarias\/as, quienes asumieron hoy sus cargos como sustitutos\/as en la judicatura y el&hellip;\" \/>\n<meta property=\"og:url\" content=\"https:\/\/diariotextual.com\/inicio\/index.php\/2024\/03\/06\/sappa-demosle-a-la-sociedad-lo-que-necesita-paz\/\" \/>\n<meta property=\"og:site_name\" content=\"Diario Textual\" \/>\n<meta property=\"article:publisher\" content=\"https:\/\/www.facebook.com\/eltextual\" \/>\n<meta property=\"article:published_time\" content=\"2024-03-06T20:27:12+00:00\" \/>\n<meta property=\"article:modified_time\" content=\"2024-03-07T00:11:13+00:00\" \/>\n<meta property=\"og:image\" content=\"https:\/\/diariotextual.com\/inicio\/wp-content\/uploads\/2023\/12\/sappajosejuezstj2023-1.jpg\" \/>\n\t<meta property=\"og:image:width\" content=\"1600\" \/>\n\t<meta property=\"og:image:height\" content=\"1066\" \/>\n\t<meta property=\"og:image:type\" content=\"image\/jpeg\" \/>\n<meta name=\"author\" content=\"diario3\" \/>\n<meta name=\"twitter:card\" content=\"summary_large_image\" \/>\n<meta name=\"twitter:creator\" content=\"@eltextual\" \/>\n<meta name=\"twitter:site\" content=\"@eltextual\" \/>\n<meta name=\"twitter:label1\" content=\"Escrito por\" \/>\n\t<meta name=\"twitter:data1\" content=\"diario3\" \/>\n\t<meta name=\"twitter:label2\" content=\"Tiempo de lectura\" \/>\n\t<meta name=\"twitter:data2\" content=\"2 minutos\" \/>\n<script type=\"application\/ld+json\" class=\"yoast-schema-graph\">{\"@context\":\"https:\\\/\\\/schema.org\",\"@graph\":[{\"@type\":\"Article\",\"@id\":\"https:\\\/\\\/diariotextual.com\\\/inicio\\\/index.php\\\/2024\\\/03\\\/06\\\/sappa-demosle-a-la-sociedad-lo-que-necesita-paz\\\/#article\",\"isPartOf\":{\"@id\":\"https:\\\/\\\/diariotextual.com\\\/inicio\\\/index.php\\\/2024\\\/03\\\/06\\\/sappa-demosle-a-la-sociedad-lo-que-necesita-paz\\\/\"},\"author\":{\"name\":\"diario3\",\"@id\":\"https:\\\/\\\/diariotextual.com\\\/inicio\\\/#\\\/schema\\\/person\\\/a1b6f563e0ee944c60f98119389a4d9f\"},\"headline\":\"Sappa: \u201cD\u00e9mosle a la sociedad lo que necesita, paz\u201d\",\"datePublished\":\"2024-03-06T20:27:12+00:00\",\"dateModified\":\"2024-03-07T00:11:13+00:00\",\"mainEntityOfPage\":{\"@id\":\"https:\\\/\\\/diariotextual.com\\\/inicio\\\/index.php\\\/2024\\\/03\\\/06\\\/sappa-demosle-a-la-sociedad-lo-que-necesita-paz\\\/\"},\"wordCount\":384,\"publisher\":{\"@id\":\"https:\\\/\\\/diariotextual.com\\\/inicio\\\/#organization\"},\"image\":{\"@id\":\"https:\\\/\\\/diariotextual.com\\\/inicio\\\/index.php\\\/2024\\\/03\\\/06\\\/sappa-demosle-a-la-sociedad-lo-que-necesita-paz\\\/#primaryimage\"},\"thumbnailUrl\":\"https:\\\/\\\/diariotextual.com\\\/inicio\\\/wp-content\\\/uploads\\\/2023\\\/12\\\/sappajosejuezstj2023-1.jpg\",\"articleSection\":[\"A - ES NOTICIA (van abajo)\",\"POLITICA\"],\"inLanguage\":\"es\"},{\"@type\":\"WebPage\",\"@id\":\"https:\\\/\\\/diariotextual.com\\\/inicio\\\/index.php\\\/2024\\\/03\\\/06\\\/sappa-demosle-a-la-sociedad-lo-que-necesita-paz\\\/\",\"url\":\"https:\\\/\\\/diariotextual.com\\\/inicio\\\/index.php\\\/2024\\\/03\\\/06\\\/sappa-demosle-a-la-sociedad-lo-que-necesita-paz\\\/\",\"name\":\"Sappa: \u201cD\u00e9mosle a la sociedad lo que necesita, paz\u201d - Diario Textual\",\"isPartOf\":{\"@id\":\"https:\\\/\\\/diariotextual.com\\\/inicio\\\/#website\"},\"primaryImageOfPage\":{\"@id\":\"https:\\\/\\\/diariotextual.com\\\/inicio\\\/index.php\\\/2024\\\/03\\\/06\\\/sappa-demosle-a-la-sociedad-lo-que-necesita-paz\\\/#primaryimage\"},\"image\":{\"@id\":\"https:\\\/\\\/diariotextual.com\\\/inicio\\\/index.php\\\/2024\\\/03\\\/06\\\/sappa-demosle-a-la-sociedad-lo-que-necesita-paz\\\/#primaryimage\"},\"thumbnailUrl\":\"https:\\\/\\\/diariotextual.com\\\/inicio\\\/wp-content\\\/uploads\\\/2023\\\/12\\\/sappajosejuezstj2023-1.jpg\",\"datePublished\":\"2024-03-06T20:27:12+00:00\",\"dateModified\":\"2024-03-07T00:11:13+00:00\",\"breadcrumb\":{\"@id\":\"https:\\\/\\\/diariotextual.com\\\/inicio\\\/index.php\\\/2024\\\/03\\\/06\\\/sappa-demosle-a-la-sociedad-lo-que-necesita-paz\\\/#breadcrumb\"},\"inLanguage\":\"es\",\"potentialAction\":[{\"@type\":\"ReadAction\",\"target\":[\"https:\\\/\\\/diariotextual.com\\\/inicio\\\/index.php\\\/2024\\\/03\\\/06\\\/sappa-demosle-a-la-sociedad-lo-que-necesita-paz\\\/\"]}]},{\"@type\":\"ImageObject\",\"inLanguage\":\"es\",\"@id\":\"https:\\\/\\\/diariotextual.com\\\/inicio\\\/index.php\\\/2024\\\/03\\\/06\\\/sappa-demosle-a-la-sociedad-lo-que-necesita-paz\\\/#primaryimage\",\"url\":\"https:\\\/\\\/diariotextual.com\\\/inicio\\\/wp-content\\\/uploads\\\/2023\\\/12\\\/sappajosejuezstj2023-1.jpg\",\"contentUrl\":\"https:\\\/\\\/diariotextual.com\\\/inicio\\\/wp-content\\\/uploads\\\/2023\\\/12\\\/sappajosejuezstj2023-1.jpg\",\"width\":1600,\"height\":1066},{\"@type\":\"BreadcrumbList\",\"@id\":\"https:\\\/\\\/diariotextual.com\\\/inicio\\\/index.php\\\/2024\\\/03\\\/06\\\/sappa-demosle-a-la-sociedad-lo-que-necesita-paz\\\/#breadcrumb\",\"itemListElement\":[{\"@type\":\"ListItem\",\"position\":1,\"name\":\"Portada\",\"item\":\"https:\\\/\\\/diariotextual.com\\\/inicio\\\/\"},{\"@type\":\"ListItem\",\"position\":2,\"name\":\"Sappa: \u201cD\u00e9mosle a la sociedad lo que necesita, paz\u201d\"}]},{\"@type\":\"WebSite\",\"@id\":\"https:\\\/\\\/diariotextual.com\\\/inicio\\\/#website\",\"url\":\"https:\\\/\\\/diariotextual.com\\\/inicio\\\/\",\"name\":\"Diario Textual\",\"description\":\"\",\"publisher\":{\"@id\":\"https:\\\/\\\/diariotextual.com\\\/inicio\\\/#organization\"},\"potentialAction\":[{\"@type\":\"SearchAction\",\"target\":{\"@type\":\"EntryPoint\",\"urlTemplate\":\"https:\\\/\\\/diariotextual.com\\\/inicio\\\/?s={search_term_string}\"},\"query-input\":{\"@type\":\"PropertyValueSpecification\",\"valueRequired\":true,\"valueName\":\"search_term_string\"}}],\"inLanguage\":\"es\"},{\"@type\":\"Organization\",\"@id\":\"https:\\\/\\\/diariotextual.com\\\/inicio\\\/#organization\",\"name\":\"Diario Textual\",\"url\":\"https:\\\/\\\/diariotextual.com\\\/inicio\\\/\",\"logo\":{\"@type\":\"ImageObject\",\"inLanguage\":\"es\",\"@id\":\"https:\\\/\\\/diariotextual.com\\\/inicio\\\/#\\\/schema\\\/logo\\\/image\\\/\",\"url\":\"https:\\\/\\\/diariotextual.com\\\/inicio\\\/wp-content\\\/uploads\\\/2023\\\/05\\\/logotextual1.jpg\",\"contentUrl\":\"https:\\\/\\\/diariotextual.com\\\/inicio\\\/wp-content\\\/uploads\\\/2023\\\/05\\\/logotextual1.jpg\",\"width\":516,\"height\":76,\"caption\":\"Diario Textual\"},\"image\":{\"@id\":\"https:\\\/\\\/diariotextual.com\\\/inicio\\\/#\\\/schema\\\/logo\\\/image\\\/\"},\"sameAs\":[\"https:\\\/\\\/www.facebook.com\\\/eltextual\",\"https:\\\/\\\/x.com\\\/eltextual\",\"http:\\\/\\\/www.instagram.com\\\/eltextual\"]},{\"@type\":\"Person\",\"@id\":\"https:\\\/\\\/diariotextual.com\\\/inicio\\\/#\\\/schema\\\/person\\\/a1b6f563e0ee944c60f98119389a4d9f\",\"name\":\"diario3\",\"image\":{\"@type\":\"ImageObject\",\"inLanguage\":\"es\",\"@id\":\"https:\\\/\\\/secure.gravatar.com\\\/avatar\\\/5e7ee62c82fc04d9dd79d746a390d93c69c43223e5faeeb3ea9461ef752bfc5d?s=96&d=mm&r=g\",\"url\":\"https:\\\/\\\/secure.gravatar.com\\\/avatar\\\/5e7ee62c82fc04d9dd79d746a390d93c69c43223e5faeeb3ea9461ef752bfc5d?s=96&d=mm&r=g\",\"contentUrl\":\"https:\\\/\\\/secure.gravatar.com\\\/avatar\\\/5e7ee62c82fc04d9dd79d746a390d93c69c43223e5faeeb3ea9461ef752bfc5d?s=96&d=mm&r=g\",\"caption\":\"diario3\"},\"url\":\"https:\\\/\\\/diariotextual.com\\\/inicio\\\/index.php\\\/author\\\/diario3\\\/\"}]}<\/script>\n<!-- \/ Yoast SEO plugin. -->","yoast_head_json":{"title":"Sappa: \u201cD\u00e9mosle a la sociedad lo que necesita, paz\u201d - Diario Textual","robots":{"index":"index","follow":"follow","max-snippet":"max-snippet:-1","max-image-preview":"max-image-preview:large","max-video-preview":"max-video-preview:-1"},"canonical":"https:\/\/diariotextual.com\/inicio\/index.php\/2024\/03\/06\/sappa-demosle-a-la-sociedad-lo-que-necesita-paz\/","og_locale":"es_ES","og_type":"article","og_title":"Sappa: \u201cD\u00e9mosle a la sociedad lo que necesita, paz\u201d - Diario Textual","og_description":"El presidente del Superior Tribunal de Justicia, Jos\u00e9 Roberto Sappa, encabez\u00f3 el acto de jura a cinco funcionarias\/as, quienes asumieron hoy sus cargos como sustitutos\/as en la judicatura y el&hellip;","og_url":"https:\/\/diariotextual.com\/inicio\/index.php\/2024\/03\/06\/sappa-demosle-a-la-sociedad-lo-que-necesita-paz\/","og_site_name":"Diario Textual","article_publisher":"https:\/\/www.facebook.com\/eltextual","article_published_time":"2024-03-06T20:27:12+00:00","article_modified_time":"2024-03-07T00:11:13+00:00","og_image":[{"width":1600,"height":1066,"url":"https:\/\/diariotextual.com\/inicio\/wp-content\/uploads\/2023\/12\/sappajosejuezstj2023-1.jpg","type":"image\/jpeg"}],"author":"diario3","twitter_card":"summary_large_image","twitter_creator":"@eltextual","twitter_site":"@eltextual","twitter_misc":{"Escrito por":"diario3","Tiempo de lectura":"2 minutos"},"schema":{"@context":"https:\/\/schema.org","@graph":[{"@type":"Article","@id":"https:\/\/diariotextual.com\/inicio\/index.php\/2024\/03\/06\/sappa-demosle-a-la-sociedad-lo-que-necesita-paz\/#article","isPartOf":{"@id":"https:\/\/diariotextual.com\/inicio\/index.php\/2024\/03\/06\/sappa-demosle-a-la-sociedad-lo-que-necesita-paz\/"},"author":{"name":"diario3","@id":"https:\/\/diariotextual.com\/inicio\/#\/schema\/person\/a1b6f563e0ee944c60f98119389a4d9f"},"headline":"Sappa: \u201cD\u00e9mosle a la sociedad lo que necesita, paz\u201d","datePublished":"2024-03-06T20:27:12+00:00","dateModified":"2024-03-07T00:11:13+00:00","mainEntityOfPage":{"@id":"https:\/\/diariotextual.com\/inicio\/index.php\/2024\/03\/06\/sappa-demosle-a-la-sociedad-lo-que-necesita-paz\/"},"wordCount":384,"publisher":{"@id":"https:\/\/diariotextual.com\/inicio\/#organization"},"image":{"@id":"https:\/\/diariotextual.com\/inicio\/index.php\/2024\/03\/06\/sappa-demosle-a-la-sociedad-lo-que-necesita-paz\/#primaryimage"},"thumbnailUrl":"https:\/\/diariotextual.com\/inicio\/wp-content\/uploads\/2023\/12\/sappajosejuezstj2023-1.jpg","articleSection":["A - ES NOTICIA (van abajo)","POLITICA"],"inLanguage":"es"},{"@type":"WebPage","@id":"https:\/\/diariotextual.com\/inicio\/index.php\/2024\/03\/06\/sappa-demosle-a-la-sociedad-lo-que-necesita-paz\/","url":"https:\/\/diariotextual.com\/inicio\/index.php\/2024\/03\/06\/sappa-demosle-a-la-sociedad-lo-que-necesita-paz\/","name":"Sappa: \u201cD\u00e9mosle a la sociedad lo que necesita, paz\u201d - Diario Textual","isPartOf":{"@id":"https:\/\/diariotextual.com\/inicio\/#website"},"primaryImageOfPage":{"@id":"https:\/\/diariotextual.com\/inicio\/index.php\/2024\/03\/06\/sappa-demosle-a-la-sociedad-lo-que-necesita-paz\/#primaryimage"},"image":{"@id":"https:\/\/diariotextual.com\/inicio\/index.php\/2024\/03\/06\/sappa-demosle-a-la-sociedad-lo-que-necesita-paz\/#primaryimage"},"thumbnailUrl":"https:\/\/diariotextual.com\/inicio\/wp-content\/uploads\/2023\/12\/sappajosejuezstj2023-1.jpg","datePublished":"2024-03-06T20:27:12+00:00","dateModified":"2024-03-07T00:11:13+00:00","breadcrumb":{"@id":"https:\/\/diariotextual.com\/inicio\/index.php\/2024\/03\/06\/sappa-demosle-a-la-sociedad-lo-que-necesita-paz\/#breadcrumb"},"inLanguage":"es","potentialAction":[{"@type":"ReadAction","target":["https:\/\/diariotextual.com\/inicio\/index.php\/2024\/03\/06\/sappa-demosle-a-la-sociedad-lo-que-necesita-paz\/"]}]},{"@type":"ImageObject","inLanguage":"es","@id":"https:\/\/diariotextual.com\/inicio\/index.php\/2024\/03\/06\/sappa-demosle-a-la-sociedad-lo-que-necesita-paz\/#primaryimage","url":"https:\/\/diariotextual.com\/inicio\/wp-content\/uploads\/2023\/12\/sappajosejuezstj2023-1.jpg","contentUrl":"https:\/\/diariotextual.com\/inicio\/wp-content\/uploads\/2023\/12\/sappajosejuezstj2023-1.jpg","width":1600,"height":1066},{"@type":"BreadcrumbList","@id":"https:\/\/diariotextual.com\/inicio\/index.php\/2024\/03\/06\/sappa-demosle-a-la-sociedad-lo-que-necesita-paz\/#breadcrumb","itemListElement":[{"@type":"ListItem","position":1,"name":"Portada","item":"https:\/\/diariotextual.com\/inicio\/"},{"@type":"ListItem","position":2,"name":"Sappa: \u201cD\u00e9mosle a la sociedad lo que necesita, paz\u201d"}]},{"@type":"WebSite","@id":"https:\/\/diariotextual.com\/inicio\/#website","url":"https:\/\/diariotextual.com\/inicio\/","name":"Diario Textual","description":"","publisher":{"@id":"https:\/\/diariotextual.com\/inicio\/#organization"},"potentialAction":[{"@type":"SearchAction","target":{"@type":"EntryPoint","urlTemplate":"https:\/\/diariotextual.com\/inicio\/?s={search_term_string}"},"query-input":{"@type":"PropertyValueSpecification","valueRequired":true,"valueName":"search_term_string"}}],"inLanguage":"es"},{"@type":"Organization","@id":"https:\/\/diariotextual.com\/inicio\/#organization","name":"Diario Textual","url":"https:\/\/diariotextual.com\/inicio\/","logo":{"@type":"ImageObject","inLanguage":"es","@id":"https:\/\/diariotextual.com\/inicio\/#\/schema\/logo\/image\/","url":"https:\/\/diariotextual.com\/inicio\/wp-content\/uploads\/2023\/05\/logotextual1.jpg","contentUrl":"https:\/\/diariotextual.com\/inicio\/wp-content\/uploads\/2023\/05\/logotextual1.jpg","width":516,"height":76,"caption":"Diario Textual"},"image":{"@id":"https:\/\/diariotextual.com\/inicio\/#\/schema\/logo\/image\/"},"sameAs":["https:\/\/www.facebook.com\/eltextual","https:\/\/x.com\/eltextual","http:\/\/www.instagram.com\/eltextual"]},{"@type":"Person","@id":"https:\/\/diariotextual.com\/inicio\/#\/schema\/person\/a1b6f563e0ee944c60f98119389a4d9f","name":"diario3","image":{"@type":"ImageObject","inLanguage":"es","@id":"https:\/\/secure.gravatar.com\/avatar\/5e7ee62c82fc04d9dd79d746a390d93c69c43223e5faeeb3ea9461ef752bfc5d?s=96&d=mm&r=g","url":"https:\/\/secure.gravatar.com\/avatar\/5e7ee62c82fc04d9dd79d746a390d93c69c43223e5faeeb3ea9461ef752bfc5d?s=96&d=mm&r=g","contentUrl":"https:\/\/secure.gravatar.com\/avatar\/5e7ee62c82fc04d9dd79d746a390d93c69c43223e5faeeb3ea9461ef752bfc5d?s=96&d=mm&r=g","caption":"diario3"},"url":"https:\/\/diariotextual.com\/inicio\/index.php\/author\/diario3\/"}]}},"_links":{"self":[{"href":"https:\/\/diariotextual.com\/inicio\/index.php\/wp-json\/wp\/v2\/posts\/256129","targetHints":{"allow":["GET"]}}],"collection":[{"href":"https:\/\/diariotextual.com\/inicio\/index.php\/wp-json\/wp\/v2\/posts"}],"about":[{"href":"https:\/\/diariotextual.com\/inicio\/index.php\/wp-json\/wp\/v2\/types\/post"}],"author":[{"embeddable":true,"href":"https:\/\/diariotextual.com\/inicio\/index.php\/wp-json\/wp\/v2\/users\/5"}],"replies":[{"embeddable":true,"href":"https:\/\/diariotextual.com\/inicio\/index.php\/wp-json\/wp\/v2\/comments?post=256129"}],"version-history":[{"count":1,"href":"https:\/\/diariotextual.com\/inicio\/index.php\/wp-json\/wp\/v2\/posts\/256129\/revisions"}],"predecessor-version":[{"id":256132,"href":"https:\/\/diariotextual.com\/inicio\/index.php\/wp-json\/wp\/v2\/posts\/256129\/revisions\/256132"}],"wp:featuredmedia":[{"embeddable":true,"href":"https:\/\/diariotextual.com\/inicio\/index.php\/wp-json\/wp\/v2\/media\/246510"}],"wp:attachment":[{"href":"https:\/\/diariotextual.com\/inicio\/index.php\/wp-json\/wp\/v2\/media?parent=256129"}],"wp:term":[{"taxonomy":"category","embeddable":true,"href":"https:\/\/diariotextual.com\/inicio\/index.php\/wp-json\/wp\/v2\/categories?post=256129"},{"taxonomy":"post_tag","embeddable":true,"href":"https:\/\/diariotextual.com\/inicio\/index.php\/wp-json\/wp\/v2\/tags?post=256129"}],"curies":[{"name":"wp","href":"https:\/\/api.w.org\/{rel}","templated":true}]}}