{"id":256142,"date":"2024-03-06T18:32:39","date_gmt":"2024-03-06T21:32:39","guid":{"rendered":"https:\/\/diariotextual.com\/inicio\/?p=256142"},"modified":"2024-03-06T18:32:41","modified_gmt":"2024-03-06T21:32:41","slug":"el-bloque-pro-mid-adelanto-su-rechazo-al-aporte-solidario","status":"publish","type":"post","link":"https:\/\/diariotextual.com\/inicio\/index.php\/2024\/03\/06\/el-bloque-pro-mid-adelanto-su-rechazo-al-aporte-solidario\/","title":{"rendered":"El bloque PRO-MID adelant\u00f3 su rechazo al \u201caporte solidario\u201d"},"content":{"rendered":"\n<p>Los diputados provinciales del bloque PRO-MID, encabezado por la legisladora Mar\u00eda Laura Trapaglia, manifest\u00f3 su<strong> \u201cm\u00e1s en\u00e9rgico rechazo\u201d a la creaci\u00f3n del \u201caporte solidario\u201d, propuesto por el gobernador Sergio Ziliotto en la apertura de sesiones del 1\u00b0 de marzo.<\/strong><\/p>\n\n\n\n<p>\u201cEn primer lugar, no qued\u00f3 claro en la exposici\u00f3n del Gobernador, que se trate de un nuevo impuesto. Pero m\u00e1s all\u00e1 de eso, que consideramos que fue una omisi\u00f3n adrede por parte del Ejecutivo, dicho impuesto, en caso de entrar en vigencia, <strong>perjudicar\u00eda totalmente a la inversi\u00f3n y al \u00e1nimo de emprender, al penalizar el \u00e9xito econ\u00f3mico y la rentabilidad<\/strong>\u201d, explicaron desde el bloque opositor.<\/p>\n\n\n\n<p>Y agregaron: \u201cCreemos que a largo plazo el impuesto propuesto por Ziliotto generar\u00e1<strong> efectos negativos sobre la creaci\u00f3n de empleo y la actividad econ\u00f3mica\u201d.<\/strong><\/p>\n\n\n\n<figure class=\"wp-block-embed is-type-wp-embed is-provider-diario-textual wp-block-embed-diario-textual\"><div class=\"wp-block-embed__wrapper\">\n<blockquote class=\"wp-embedded-content\" data-secret=\"jblrxDEJwL\"><a href=\"https:\/\/diariotextual.com\/inicio\/index.php\/2024\/03\/04\/ziliotto-y-el-aporte-extraordinario-calculamos-recaudar-10-mil-millones\/\">Ziliotto: el \u201caporte extraordinario\u201d alcanzar\u00e1 a 4.000 contribuyentes y se recaudar\u00e1n $10 mil millones\u201d<\/a><\/blockquote><iframe class=\"wp-embedded-content\" sandbox=\"allow-scripts\" security=\"restricted\" style=\"position: absolute; clip: rect(1px, 1px, 1px, 1px);\" title=\"\u00abZiliotto: el \u201caporte extraordinario\u201d alcanzar\u00e1 a 4.000 contribuyentes y se recaudar\u00e1n $10 mil millones\u201d\u00bb \u2014 Diario Textual\" src=\"https:\/\/diariotextual.com\/inicio\/index.php\/2024\/03\/04\/ziliotto-y-el-aporte-extraordinario-calculamos-recaudar-10-mil-millones\/embed\/#?secret=yqNFK0YiWO#?secret=jblrxDEJwL\" data-secret=\"jblrxDEJwL\" width=\"600\" height=\"338\" frameborder=\"0\" marginwidth=\"0\" marginheight=\"0\" scrolling=\"no\"><\/iframe>\n<\/div><\/figure>\n\n\n\n<p>\u201cEl discurso de Ziliotto fue totalmente contradictorio. Seg\u00fan los datos vertidos por el Gobernador parecer\u00eda que La Pampa es una provincia modelo que se encuentra atravesando su mejor momento econ\u00f3mico, productivo y social fruto de las excelentes pol\u00edticas implementadas por \u00e9l y sus antecesores. Sin embargo, en el proyecto remitido a esta honorable C\u00e1mara de Diputados hace referencia a la grav\u00edsima crisis que se refleja en los \u00edndices de pobreza, indigencia, desempleo, inflaci\u00f3n, entre otros, los cuales utiliza como base para sustentar la necesidad de crear un nuevo impuesto destinado a financiar el Fondo Alimentario Extraordinario Provincial\u201d, reflej\u00f3 el comunicado de los diputados provinciales.<\/p>\n\n\n\n<p>\u201cLa eliminaci\u00f3n de cargos pol\u00edticos, la reasignaci\u00f3n de los recursos destinados a fideicomisos provinciales y un mejor uso del fondo antic\u00edclico, son algunas de las iniciativas que podr\u00edan generar un resultado m\u00e1s eficiente de las cuentas fiscales, sin necesidad de crear un nuevo impuesto\u201d, enfatizaron.<\/p>\n\n\n\n<p>Y finalizaron: \u201cCabe destacar que a pesar de los reiterados intentos por parte de este Bloque para lograr el acceso a la informaci\u00f3n respecto a la conformaci\u00f3n, monto, inversi\u00f3n, intereses y posterior destino de dicho Fondo antic\u00edclico el Poder Ejecutivo no ha remitido hasta el momento de forma clara y transparente la informaci\u00f3n requerida, lo cual falta al principio de rendici\u00f3n de cuentas que debiera regir en la provincia\u201d.<\/p>\n","protected":false},"excerpt":{"rendered":"<p>Los diputados provinciales del bloque PRO-MID, encabezado por la legisladora Mar\u00eda Laura Trapaglia, manifest\u00f3 su \u201cm\u00e1s en\u00e9rgico rechazo\u201d a la creaci\u00f3n del \u201caporte solidario\u201d, propuesto por el gobernador Sergio Ziliotto&hellip;<\/p>\n","protected":false},"author":5,"featured_media":256143,"comment_status":"closed","ping_status":"open","sticky":false,"template":"","format":"standard","meta":{"_acf_changed":false,"footnotes":""},"categories":[1,8],"tags":[4461],"class_list":["post-256142","post","type-post","status-publish","format-standard","has-post-thumbnail","hentry","category-es-noticia","category-politica","tag-aporte-solidario"],"acf":[],"yoast_head":"<!-- This site is optimized with the Yoast SEO plugin v27.5 - https:\/\/yoast.com\/product\/yoast-seo-wordpress\/ -->\n<title>El bloque PRO-MID adelant\u00f3 su rechazo al \u201caporte solidario\u201d - Diario Textual<\/title>\n<meta name=\"robots\" content=\"index, follow, max-snippet:-1, max-image-preview:large, max-video-preview:-1\" \/>\n<link rel=\"canonical\" href=\"https:\/\/diariotextual.com\/inicio\/index.php\/2024\/03\/06\/el-bloque-pro-mid-adelanto-su-rechazo-al-aporte-solidario\/\" \/>\n<meta property=\"og:locale\" content=\"es_ES\" \/>\n<meta property=\"og:type\" content=\"article\" \/>\n<meta property=\"og:title\" content=\"El bloque PRO-MID adelant\u00f3 su rechazo al \u201caporte solidario\u201d - Diario Textual\" \/>\n<meta property=\"og:description\" content=\"Los diputados provinciales del bloque PRO-MID, encabezado por la legisladora Mar\u00eda Laura Trapaglia, manifest\u00f3 su \u201cm\u00e1s en\u00e9rgico rechazo\u201d a la creaci\u00f3n del \u201caporte solidario\u201d, propuesto por el gobernador Sergio Ziliotto&hellip;\" \/>\n<meta property=\"og:url\" content=\"https:\/\/diariotextual.com\/inicio\/index.php\/2024\/03\/06\/el-bloque-pro-mid-adelanto-su-rechazo-al-aporte-solidario\/\" \/>\n<meta property=\"og:site_name\" content=\"Diario Textual\" \/>\n<meta property=\"article:publisher\" content=\"https:\/\/www.facebook.com\/eltextual\" \/>\n<meta property=\"article:published_time\" content=\"2024-03-06T21:32:39+00:00\" \/>\n<meta property=\"article:modified_time\" content=\"2024-03-06T21:32:41+00:00\" \/>\n<meta property=\"og:image\" content=\"https:\/\/diariotextual.com\/inicio\/wp-content\/uploads\/2024\/03\/bloquepromid2024.jpeg\" \/>\n\t<meta property=\"og:image:width\" content=\"900\" \/>\n\t<meta property=\"og:image:height\" content=\"506\" \/>\n\t<meta property=\"og:image:type\" content=\"image\/jpeg\" \/>\n<meta name=\"author\" content=\"diario3\" \/>\n<meta name=\"twitter:card\" content=\"summary_large_image\" \/>\n<meta name=\"twitter:creator\" content=\"@eltextual\" \/>\n<meta name=\"twitter:site\" content=\"@eltextual\" \/>\n<meta name=\"twitter:label1\" content=\"Escrito por\" \/>\n\t<meta name=\"twitter:data1\" content=\"diario3\" \/>\n\t<meta name=\"twitter:label2\" content=\"Tiempo de lectura\" \/>\n\t<meta name=\"twitter:data2\" content=\"2 minutos\" \/>\n<script type=\"application\/ld+json\" class=\"yoast-schema-graph\">{\"@context\":\"https:\\\/\\\/schema.org\",\"@graph\":[{\"@type\":\"Article\",\"@id\":\"https:\\\/\\\/diariotextual.com\\\/inicio\\\/index.php\\\/2024\\\/03\\\/06\\\/el-bloque-pro-mid-adelanto-su-rechazo-al-aporte-solidario\\\/#article\",\"isPartOf\":{\"@id\":\"https:\\\/\\\/diariotextual.com\\\/inicio\\\/index.php\\\/2024\\\/03\\\/06\\\/el-bloque-pro-mid-adelanto-su-rechazo-al-aporte-solidario\\\/\"},\"author\":{\"name\":\"diario3\",\"@id\":\"https:\\\/\\\/diariotextual.com\\\/inicio\\\/#\\\/schema\\\/person\\\/a1b6f563e0ee944c60f98119389a4d9f\"},\"headline\":\"El bloque PRO-MID adelant\u00f3 su rechazo al \u201caporte solidario\u201d\",\"datePublished\":\"2024-03-06T21:32:39+00:00\",\"dateModified\":\"2024-03-06T21:32:41+00:00\",\"mainEntityOfPage\":{\"@id\":\"https:\\\/\\\/diariotextual.com\\\/inicio\\\/index.php\\\/2024\\\/03\\\/06\\\/el-bloque-pro-mid-adelanto-su-rechazo-al-aporte-solidario\\\/\"},\"wordCount\":393,\"publisher\":{\"@id\":\"https:\\\/\\\/diariotextual.com\\\/inicio\\\/#organization\"},\"image\":{\"@id\":\"https:\\\/\\\/diariotextual.com\\\/inicio\\\/index.php\\\/2024\\\/03\\\/06\\\/el-bloque-pro-mid-adelanto-su-rechazo-al-aporte-solidario\\\/#primaryimage\"},\"thumbnailUrl\":\"https:\\\/\\\/diariotextual.com\\\/inicio\\\/wp-content\\\/uploads\\\/2024\\\/03\\\/bloquepromid2024.jpeg\",\"keywords\":[\"aporte solidario\"],\"articleSection\":[\"A - ES NOTICIA (van abajo)\",\"POLITICA\"],\"inLanguage\":\"es\"},{\"@type\":\"WebPage\",\"@id\":\"https:\\\/\\\/diariotextual.com\\\/inicio\\\/index.php\\\/2024\\\/03\\\/06\\\/el-bloque-pro-mid-adelanto-su-rechazo-al-aporte-solidario\\\/\",\"url\":\"https:\\\/\\\/diariotextual.com\\\/inicio\\\/index.php\\\/2024\\\/03\\\/06\\\/el-bloque-pro-mid-adelanto-su-rechazo-al-aporte-solidario\\\/\",\"name\":\"El bloque PRO-MID adelant\u00f3 su rechazo al \u201caporte solidario\u201d - Diario Textual\",\"isPartOf\":{\"@id\":\"https:\\\/\\\/diariotextual.com\\\/inicio\\\/#website\"},\"primaryImageOfPage\":{\"@id\":\"https:\\\/\\\/diariotextual.com\\\/inicio\\\/index.php\\\/2024\\\/03\\\/06\\\/el-bloque-pro-mid-adelanto-su-rechazo-al-aporte-solidario\\\/#primaryimage\"},\"image\":{\"@id\":\"https:\\\/\\\/diariotextual.com\\\/inicio\\\/index.php\\\/2024\\\/03\\\/06\\\/el-bloque-pro-mid-adelanto-su-rechazo-al-aporte-solidario\\\/#primaryimage\"},\"thumbnailUrl\":\"https:\\\/\\\/diariotextual.com\\\/inicio\\\/wp-content\\\/uploads\\\/2024\\\/03\\\/bloquepromid2024.jpeg\",\"datePublished\":\"2024-03-06T21:32:39+00:00\",\"dateModified\":\"2024-03-06T21:32:41+00:00\",\"breadcrumb\":{\"@id\":\"https:\\\/\\\/diariotextual.com\\\/inicio\\\/index.php\\\/2024\\\/03\\\/06\\\/el-bloque-pro-mid-adelanto-su-rechazo-al-aporte-solidario\\\/#breadcrumb\"},\"inLanguage\":\"es\",\"potentialAction\":[{\"@type\":\"ReadAction\",\"target\":[\"https:\\\/\\\/diariotextual.com\\\/inicio\\\/index.php\\\/2024\\\/03\\\/06\\\/el-bloque-pro-mid-adelanto-su-rechazo-al-aporte-solidario\\\/\"]}]},{\"@type\":\"ImageObject\",\"inLanguage\":\"es\",\"@id\":\"https:\\\/\\\/diariotextual.com\\\/inicio\\\/index.php\\\/2024\\\/03\\\/06\\\/el-bloque-pro-mid-adelanto-su-rechazo-al-aporte-solidario\\\/#primaryimage\",\"url\":\"https:\\\/\\\/diariotextual.com\\\/inicio\\\/wp-content\\\/uploads\\\/2024\\\/03\\\/bloquepromid2024.jpeg\",\"contentUrl\":\"https:\\\/\\\/diariotextual.com\\\/inicio\\\/wp-content\\\/uploads\\\/2024\\\/03\\\/bloquepromid2024.jpeg\",\"width\":900,\"height\":506},{\"@type\":\"BreadcrumbList\",\"@id\":\"https:\\\/\\\/diariotextual.com\\\/inicio\\\/index.php\\\/2024\\\/03\\\/06\\\/el-bloque-pro-mid-adelanto-su-rechazo-al-aporte-solidario\\\/#breadcrumb\",\"itemListElement\":[{\"@type\":\"ListItem\",\"position\":1,\"name\":\"Portada\",\"item\":\"https:\\\/\\\/diariotextual.com\\\/inicio\\\/\"},{\"@type\":\"ListItem\",\"position\":2,\"name\":\"El bloque PRO-MID adelant\u00f3 su rechazo al \u201caporte solidario\u201d\"}]},{\"@type\":\"WebSite\",\"@id\":\"https:\\\/\\\/diariotextual.com\\\/inicio\\\/#website\",\"url\":\"https:\\\/\\\/diariotextual.com\\\/inicio\\\/\",\"name\":\"Diario Textual\",\"description\":\"\",\"publisher\":{\"@id\":\"https:\\\/\\\/diariotextual.com\\\/inicio\\\/#organization\"},\"potentialAction\":[{\"@type\":\"SearchAction\",\"target\":{\"@type\":\"EntryPoint\",\"urlTemplate\":\"https:\\\/\\\/diariotextual.com\\\/inicio\\\/?s={search_term_string}\"},\"query-input\":{\"@type\":\"PropertyValueSpecification\",\"valueRequired\":true,\"valueName\":\"search_term_string\"}}],\"inLanguage\":\"es\"},{\"@type\":\"Organization\",\"@id\":\"https:\\\/\\\/diariotextual.com\\\/inicio\\\/#organization\",\"name\":\"Diario Textual\",\"url\":\"https:\\\/\\\/diariotextual.com\\\/inicio\\\/\",\"logo\":{\"@type\":\"ImageObject\",\"inLanguage\":\"es\",\"@id\":\"https:\\\/\\\/diariotextual.com\\\/inicio\\\/#\\\/schema\\\/logo\\\/image\\\/\",\"url\":\"https:\\\/\\\/diariotextual.com\\\/inicio\\\/wp-content\\\/uploads\\\/2023\\\/05\\\/logotextual1.jpg\",\"contentUrl\":\"https:\\\/\\\/diariotextual.com\\\/inicio\\\/wp-content\\\/uploads\\\/2023\\\/05\\\/logotextual1.jpg\",\"width\":516,\"height\":76,\"caption\":\"Diario Textual\"},\"image\":{\"@id\":\"https:\\\/\\\/diariotextual.com\\\/inicio\\\/#\\\/schema\\\/logo\\\/image\\\/\"},\"sameAs\":[\"https:\\\/\\\/www.facebook.com\\\/eltextual\",\"https:\\\/\\\/x.com\\\/eltextual\",\"http:\\\/\\\/www.instagram.com\\\/eltextual\"]},{\"@type\":\"Person\",\"@id\":\"https:\\\/\\\/diariotextual.com\\\/inicio\\\/#\\\/schema\\\/person\\\/a1b6f563e0ee944c60f98119389a4d9f\",\"name\":\"diario3\",\"image\":{\"@type\":\"ImageObject\",\"inLanguage\":\"es\",\"@id\":\"https:\\\/\\\/secure.gravatar.com\\\/avatar\\\/5e7ee62c82fc04d9dd79d746a390d93c69c43223e5faeeb3ea9461ef752bfc5d?s=96&d=mm&r=g\",\"url\":\"https:\\\/\\\/secure.gravatar.com\\\/avatar\\\/5e7ee62c82fc04d9dd79d746a390d93c69c43223e5faeeb3ea9461ef752bfc5d?s=96&d=mm&r=g\",\"contentUrl\":\"https:\\\/\\\/secure.gravatar.com\\\/avatar\\\/5e7ee62c82fc04d9dd79d746a390d93c69c43223e5faeeb3ea9461ef752bfc5d?s=96&d=mm&r=g\",\"caption\":\"diario3\"},\"url\":\"https:\\\/\\\/diariotextual.com\\\/inicio\\\/index.php\\\/author\\\/diario3\\\/\"}]}<\/script>\n<!-- \/ Yoast SEO plugin. -->","yoast_head_json":{"title":"El bloque PRO-MID adelant\u00f3 su rechazo al \u201caporte solidario\u201d - Diario Textual","robots":{"index":"index","follow":"follow","max-snippet":"max-snippet:-1","max-image-preview":"max-image-preview:large","max-video-preview":"max-video-preview:-1"},"canonical":"https:\/\/diariotextual.com\/inicio\/index.php\/2024\/03\/06\/el-bloque-pro-mid-adelanto-su-rechazo-al-aporte-solidario\/","og_locale":"es_ES","og_type":"article","og_title":"El bloque PRO-MID adelant\u00f3 su rechazo al \u201caporte solidario\u201d - Diario Textual","og_description":"Los diputados provinciales del bloque PRO-MID, encabezado por la legisladora Mar\u00eda Laura Trapaglia, manifest\u00f3 su \u201cm\u00e1s en\u00e9rgico rechazo\u201d a la creaci\u00f3n del \u201caporte solidario\u201d, propuesto por el gobernador Sergio Ziliotto&hellip;","og_url":"https:\/\/diariotextual.com\/inicio\/index.php\/2024\/03\/06\/el-bloque-pro-mid-adelanto-su-rechazo-al-aporte-solidario\/","og_site_name":"Diario Textual","article_publisher":"https:\/\/www.facebook.com\/eltextual","article_published_time":"2024-03-06T21:32:39+00:00","article_modified_time":"2024-03-06T21:32:41+00:00","og_image":[{"width":900,"height":506,"url":"https:\/\/diariotextual.com\/inicio\/wp-content\/uploads\/2024\/03\/bloquepromid2024.jpeg","type":"image\/jpeg"}],"author":"diario3","twitter_card":"summary_large_image","twitter_creator":"@eltextual","twitter_site":"@eltextual","twitter_misc":{"Escrito por":"diario3","Tiempo de lectura":"2 minutos"},"schema":{"@context":"https:\/\/schema.org","@graph":[{"@type":"Article","@id":"https:\/\/diariotextual.com\/inicio\/index.php\/2024\/03\/06\/el-bloque-pro-mid-adelanto-su-rechazo-al-aporte-solidario\/#article","isPartOf":{"@id":"https:\/\/diariotextual.com\/inicio\/index.php\/2024\/03\/06\/el-bloque-pro-mid-adelanto-su-rechazo-al-aporte-solidario\/"},"author":{"name":"diario3","@id":"https:\/\/diariotextual.com\/inicio\/#\/schema\/person\/a1b6f563e0ee944c60f98119389a4d9f"},"headline":"El bloque PRO-MID adelant\u00f3 su rechazo al \u201caporte solidario\u201d","datePublished":"2024-03-06T21:32:39+00:00","dateModified":"2024-03-06T21:32:41+00:00","mainEntityOfPage":{"@id":"https:\/\/diariotextual.com\/inicio\/index.php\/2024\/03\/06\/el-bloque-pro-mid-adelanto-su-rechazo-al-aporte-solidario\/"},"wordCount":393,"publisher":{"@id":"https:\/\/diariotextual.com\/inicio\/#organization"},"image":{"@id":"https:\/\/diariotextual.com\/inicio\/index.php\/2024\/03\/06\/el-bloque-pro-mid-adelanto-su-rechazo-al-aporte-solidario\/#primaryimage"},"thumbnailUrl":"https:\/\/diariotextual.com\/inicio\/wp-content\/uploads\/2024\/03\/bloquepromid2024.jpeg","keywords":["aporte solidario"],"articleSection":["A - ES NOTICIA (van abajo)","POLITICA"],"inLanguage":"es"},{"@type":"WebPage","@id":"https:\/\/diariotextual.com\/inicio\/index.php\/2024\/03\/06\/el-bloque-pro-mid-adelanto-su-rechazo-al-aporte-solidario\/","url":"https:\/\/diariotextual.com\/inicio\/index.php\/2024\/03\/06\/el-bloque-pro-mid-adelanto-su-rechazo-al-aporte-solidario\/","name":"El bloque PRO-MID adelant\u00f3 su rechazo al \u201caporte solidario\u201d - Diario Textual","isPartOf":{"@id":"https:\/\/diariotextual.com\/inicio\/#website"},"primaryImageOfPage":{"@id":"https:\/\/diariotextual.com\/inicio\/index.php\/2024\/03\/06\/el-bloque-pro-mid-adelanto-su-rechazo-al-aporte-solidario\/#primaryimage"},"image":{"@id":"https:\/\/diariotextual.com\/inicio\/index.php\/2024\/03\/06\/el-bloque-pro-mid-adelanto-su-rechazo-al-aporte-solidario\/#primaryimage"},"thumbnailUrl":"https:\/\/diariotextual.com\/inicio\/wp-content\/uploads\/2024\/03\/bloquepromid2024.jpeg","datePublished":"2024-03-06T21:32:39+00:00","dateModified":"2024-03-06T21:32:41+00:00","breadcrumb":{"@id":"https:\/\/diariotextual.com\/inicio\/index.php\/2024\/03\/06\/el-bloque-pro-mid-adelanto-su-rechazo-al-aporte-solidario\/#breadcrumb"},"inLanguage":"es","potentialAction":[{"@type":"ReadAction","target":["https:\/\/diariotextual.com\/inicio\/index.php\/2024\/03\/06\/el-bloque-pro-mid-adelanto-su-rechazo-al-aporte-solidario\/"]}]},{"@type":"ImageObject","inLanguage":"es","@id":"https:\/\/diariotextual.com\/inicio\/index.php\/2024\/03\/06\/el-bloque-pro-mid-adelanto-su-rechazo-al-aporte-solidario\/#primaryimage","url":"https:\/\/diariotextual.com\/inicio\/wp-content\/uploads\/2024\/03\/bloquepromid2024.jpeg","contentUrl":"https:\/\/diariotextual.com\/inicio\/wp-content\/uploads\/2024\/03\/bloquepromid2024.jpeg","width":900,"height":506},{"@type":"BreadcrumbList","@id":"https:\/\/diariotextual.com\/inicio\/index.php\/2024\/03\/06\/el-bloque-pro-mid-adelanto-su-rechazo-al-aporte-solidario\/#breadcrumb","itemListElement":[{"@type":"ListItem","position":1,"name":"Portada","item":"https:\/\/diariotextual.com\/inicio\/"},{"@type":"ListItem","position":2,"name":"El bloque PRO-MID adelant\u00f3 su rechazo al \u201caporte solidario\u201d"}]},{"@type":"WebSite","@id":"https:\/\/diariotextual.com\/inicio\/#website","url":"https:\/\/diariotextual.com\/inicio\/","name":"Diario Textual","description":"","publisher":{"@id":"https:\/\/diariotextual.com\/inicio\/#organization"},"potentialAction":[{"@type":"SearchAction","target":{"@type":"EntryPoint","urlTemplate":"https:\/\/diariotextual.com\/inicio\/?s={search_term_string}"},"query-input":{"@type":"PropertyValueSpecification","valueRequired":true,"valueName":"search_term_string"}}],"inLanguage":"es"},{"@type":"Organization","@id":"https:\/\/diariotextual.com\/inicio\/#organization","name":"Diario Textual","url":"https:\/\/diariotextual.com\/inicio\/","logo":{"@type":"ImageObject","inLanguage":"es","@id":"https:\/\/diariotextual.com\/inicio\/#\/schema\/logo\/image\/","url":"https:\/\/diariotextual.com\/inicio\/wp-content\/uploads\/2023\/05\/logotextual1.jpg","contentUrl":"https:\/\/diariotextual.com\/inicio\/wp-content\/uploads\/2023\/05\/logotextual1.jpg","width":516,"height":76,"caption":"Diario Textual"},"image":{"@id":"https:\/\/diariotextual.com\/inicio\/#\/schema\/logo\/image\/"},"sameAs":["https:\/\/www.facebook.com\/eltextual","https:\/\/x.com\/eltextual","http:\/\/www.instagram.com\/eltextual"]},{"@type":"Person","@id":"https:\/\/diariotextual.com\/inicio\/#\/schema\/person\/a1b6f563e0ee944c60f98119389a4d9f","name":"diario3","image":{"@type":"ImageObject","inLanguage":"es","@id":"https:\/\/secure.gravatar.com\/avatar\/5e7ee62c82fc04d9dd79d746a390d93c69c43223e5faeeb3ea9461ef752bfc5d?s=96&d=mm&r=g","url":"https:\/\/secure.gravatar.com\/avatar\/5e7ee62c82fc04d9dd79d746a390d93c69c43223e5faeeb3ea9461ef752bfc5d?s=96&d=mm&r=g","contentUrl":"https:\/\/secure.gravatar.com\/avatar\/5e7ee62c82fc04d9dd79d746a390d93c69c43223e5faeeb3ea9461ef752bfc5d?s=96&d=mm&r=g","caption":"diario3"},"url":"https:\/\/diariotextual.com\/inicio\/index.php\/author\/diario3\/"}]}},"_links":{"self":[{"href":"https:\/\/diariotextual.com\/inicio\/index.php\/wp-json\/wp\/v2\/posts\/256142","targetHints":{"allow":["GET"]}}],"collection":[{"href":"https:\/\/diariotextual.com\/inicio\/index.php\/wp-json\/wp\/v2\/posts"}],"about":[{"href":"https:\/\/diariotextual.com\/inicio\/index.php\/wp-json\/wp\/v2\/types\/post"}],"author":[{"embeddable":true,"href":"https:\/\/diariotextual.com\/inicio\/index.php\/wp-json\/wp\/v2\/users\/5"}],"replies":[{"embeddable":true,"href":"https:\/\/diariotextual.com\/inicio\/index.php\/wp-json\/wp\/v2\/comments?post=256142"}],"version-history":[{"count":1,"href":"https:\/\/diariotextual.com\/inicio\/index.php\/wp-json\/wp\/v2\/posts\/256142\/revisions"}],"predecessor-version":[{"id":256144,"href":"https:\/\/diariotextual.com\/inicio\/index.php\/wp-json\/wp\/v2\/posts\/256142\/revisions\/256144"}],"wp:featuredmedia":[{"embeddable":true,"href":"https:\/\/diariotextual.com\/inicio\/index.php\/wp-json\/wp\/v2\/media\/256143"}],"wp:attachment":[{"href":"https:\/\/diariotextual.com\/inicio\/index.php\/wp-json\/wp\/v2\/media?parent=256142"}],"wp:term":[{"taxonomy":"category","embeddable":true,"href":"https:\/\/diariotextual.com\/inicio\/index.php\/wp-json\/wp\/v2\/categories?post=256142"},{"taxonomy":"post_tag","embeddable":true,"href":"https:\/\/diariotextual.com\/inicio\/index.php\/wp-json\/wp\/v2\/tags?post=256142"}],"curies":[{"name":"wp","href":"https:\/\/api.w.org\/{rel}","templated":true}]}}