{"id":256158,"date":"2024-03-07T06:28:00","date_gmt":"2024-03-07T09:28:00","guid":{"rendered":"https:\/\/diariotextual.com\/inicio\/?p=256158"},"modified":"2024-03-07T16:09:15","modified_gmt":"2024-03-07T19:09:15","slug":"en-medio-de-la-tension-con-milei-se-reunen-en-puerto-madryn-los-gobernadores-de-la-patagonia","status":"publish","type":"post","link":"https:\/\/diariotextual.com\/inicio\/index.php\/2024\/03\/07\/en-medio-de-la-tension-con-milei-se-reunen-en-puerto-madryn-los-gobernadores-de-la-patagonia\/","title":{"rendered":"En medio de la tensi\u00f3n con Milei, se re\u00fanen en Puerto Madryn los gobernadores de la Patagonia"},"content":{"rendered":"\n<p>Los gobernadores de la Patagonia se reunir\u00e1n este jueves en Puerto Madryn (Chubut) para participar de un nuevo encuentro del Parlamento Patag\u00f3nico, un organismo deliberativo que re\u00fane a legisladores de toda la regi\u00f3n, y la creaci\u00f3n del Foro de Legisladores Nacionales.<\/p>\n\n\n\n<p>La cumbre est\u00e1 pautada desde enero, pero el cruce entre el gobernador Ignacio Torres y el presidente Javier Milei por el recorte de fondos coparticipables -el cual incluy\u00f3 una amenaza en el corte del suministro hidrocarbur\u00edfero del pa\u00eds- redefini\u00f3 la importancia del encuentro.<\/p>\n\n\n\n<p>A esto se le suma, que el c\u00f3nclave patag\u00f3nico ocurrir\u00e1 a escasas horas de la convocatoria a&nbsp;<strong>Casa Rosada&nbsp;<\/strong>para comenzar a discutir el&nbsp;<strong>Pacto de Mayo,&nbsp;<\/strong>que Milei anunci\u00f3 en su discurso en el Congreso.<\/p>\n\n\n\n<p>El evento comenzar\u00e1 a las 10 en el&nbsp;<strong>Hotel Rayentray<\/strong>&nbsp;y adem\u00e1s de Torres, Weretilneck y Figueroa estar\u00e1n presentes Claudio Vidal (Santa Cruz), Sergio Ziliotto (La Pampa), y Gustavo Melella (Tierra del Fuego).<\/p>\n\n\n\n<p>El eje de la cumbre estar\u00e1 puesto en el&nbsp;<strong>desarrollo regional<\/strong>. Se crear\u00e1 la Agencia de Desarrollo Patag\u00f3nico, enfocada en la explotaci\u00f3n y el aprovechamiento de recursos, especialmente los referidos a hidrocarburos, energ\u00eda, pesca y miner\u00eda. Pero tambi\u00e9n&nbsp;<strong>las nuevas tecnolog\u00edas enfocadas en la transici\u00f3n energ\u00e9tica, como el hidr\u00f3geno verde<\/strong>.<\/p>\n\n\n\n<p>Pero habr\u00e1 un apartado dedicado a Naci\u00f3n en el documento final: celebrar\u00e1n la convocatoria al di\u00e1logo por parte del presidente, pero habr\u00e1 ciertas reservas para fijar imposiciones.<\/p>\n\n\n\n<p>As\u00ed, se enviar\u00e1n se\u00f1ales claras al Gobierno:<strong>&nbsp;una defensa de los recursos naturales como propiedad de las provincias, un bloque de legisladores nacionales que responder\u00e1n directo a los gobernadores y una desmentida a Milei sobre el supuesto festival del gasto de las provincias<\/strong>: mostrar\u00e1n con n\u00fameros que los distritos derivan cada vez m\u00e1s recursos a Naci\u00f3n y al mismo tiempo absorben m\u00e1s servicios a prestar (con sus consecuentes erogaciones) desde las administraciones locales.<\/p>\n\n\n\n<p>Tambi\u00e9n se confeccionar\u00e1 un listado de obras importantes, que reclaman a Naci\u00f3n pero que pretenden asumir los gobiernos locales.<\/p>\n\n\n\n<p>Otros puntos a tratarse ser\u00e1n \u201c<strong>refundar la creaci\u00f3n de la regi\u00f3n patag\u00f3nica en el marco de lo que establece la Constituci\u00f3n\u201d Nacional\u201d<\/strong>. Hay que el tratado que dio constituci\u00f3n a la regi\u00f3n\u00a0establece la\u00a0<strong>Asamblea de Gobernadores<\/strong>, que ser\u00e1 el eje central del plenario en Madryn. Tambi\u00e9n se congregar\u00e1 el\u00a0<strong>Parlamento Patag\u00f3nico<\/strong>\u00a0que, org\u00e1nicamente, fue el \u00fanico \u00f3rgano que constituy\u00f3 y tuvo operatividad. Asimismo, se realizar\u00e1 el<strong>\u00a0Foro de Legisladores Nacionales<\/strong>\u00a0con la presencia de senadores y diputados.<\/p>\n\n\n\n<p><\/p>\n","protected":false},"excerpt":{"rendered":"<p>Los gobernadores de la Patagonia se reunir\u00e1n este jueves en Puerto Madryn (Chubut) para participar de un nuevo encuentro del Parlamento Patag\u00f3nico, un organismo deliberativo que re\u00fane a legisladores de&hellip;<\/p>\n","protected":false},"author":3,"featured_media":250880,"comment_status":"closed","ping_status":"open","sticky":false,"template":"","format":"standard","meta":{"_acf_changed":false,"footnotes":""},"categories":[8],"tags":[],"class_list":["post-256158","post","type-post","status-publish","format-standard","has-post-thumbnail","hentry","category-politica"],"acf":[],"yoast_head":"<!-- This site is optimized with the Yoast SEO plugin v27.5 - https:\/\/yoast.com\/product\/yoast-seo-wordpress\/ -->\n<title>En medio de la tensi\u00f3n con Milei, se re\u00fanen en Puerto Madryn los gobernadores de la Patagonia - Diario Textual<\/title>\n<meta name=\"robots\" content=\"index, follow, max-snippet:-1, max-image-preview:large, max-video-preview:-1\" \/>\n<link rel=\"canonical\" href=\"https:\/\/diariotextual.com\/inicio\/index.php\/2024\/03\/07\/en-medio-de-la-tension-con-milei-se-reunen-en-puerto-madryn-los-gobernadores-de-la-patagonia\/\" \/>\n<meta property=\"og:locale\" content=\"es_ES\" \/>\n<meta property=\"og:type\" content=\"article\" \/>\n<meta property=\"og:title\" content=\"En medio de la tensi\u00f3n con Milei, se re\u00fanen en Puerto Madryn los gobernadores de la Patagonia - Diario Textual\" \/>\n<meta property=\"og:description\" content=\"Los gobernadores de la Patagonia se reunir\u00e1n este jueves en Puerto Madryn (Chubut) para participar de un nuevo encuentro del Parlamento Patag\u00f3nico, un organismo deliberativo que re\u00fane a legisladores de&hellip;\" \/>\n<meta property=\"og:url\" content=\"https:\/\/diariotextual.com\/inicio\/index.php\/2024\/03\/07\/en-medio-de-la-tension-con-milei-se-reunen-en-puerto-madryn-los-gobernadores-de-la-patagonia\/\" \/>\n<meta property=\"og:site_name\" content=\"Diario Textual\" \/>\n<meta property=\"article:publisher\" content=\"https:\/\/www.facebook.com\/eltextual\" \/>\n<meta property=\"article:published_time\" content=\"2024-03-07T09:28:00+00:00\" \/>\n<meta property=\"article:modified_time\" content=\"2024-03-07T19:09:15+00:00\" \/>\n<meta property=\"og:image\" content=\"https:\/\/diariotextual.com\/inicio\/wp-content\/uploads\/2024\/01\/gobernadoresdelapatagoniavillalaangosturaziliottodnumilei2024-9.jpg\" \/>\n\t<meta property=\"og:image:width\" content=\"1600\" \/>\n\t<meta property=\"og:image:height\" content=\"1066\" \/>\n\t<meta property=\"og:image:type\" content=\"image\/jpeg\" \/>\n<meta name=\"author\" content=\"Diario1 Diario1\" \/>\n<meta name=\"twitter:card\" content=\"summary_large_image\" \/>\n<meta name=\"twitter:creator\" content=\"@eltextual\" \/>\n<meta name=\"twitter:site\" content=\"@eltextual\" \/>\n<meta name=\"twitter:label1\" content=\"Escrito por\" \/>\n\t<meta name=\"twitter:data1\" content=\"Diario1 Diario1\" \/>\n\t<meta name=\"twitter:label2\" content=\"Tiempo de lectura\" \/>\n\t<meta name=\"twitter:data2\" content=\"3 minutos\" \/>\n<script type=\"application\/ld+json\" class=\"yoast-schema-graph\">{\"@context\":\"https:\\\/\\\/schema.org\",\"@graph\":[{\"@type\":\"Article\",\"@id\":\"https:\\\/\\\/diariotextual.com\\\/inicio\\\/index.php\\\/2024\\\/03\\\/07\\\/en-medio-de-la-tension-con-milei-se-reunen-en-puerto-madryn-los-gobernadores-de-la-patagonia\\\/#article\",\"isPartOf\":{\"@id\":\"https:\\\/\\\/diariotextual.com\\\/inicio\\\/index.php\\\/2024\\\/03\\\/07\\\/en-medio-de-la-tension-con-milei-se-reunen-en-puerto-madryn-los-gobernadores-de-la-patagonia\\\/\"},\"author\":{\"name\":\"Diario1 Diario1\",\"@id\":\"https:\\\/\\\/diariotextual.com\\\/inicio\\\/#\\\/schema\\\/person\\\/418fc4093c33e86ed41562db3508f958\"},\"headline\":\"En medio de la tensi\u00f3n con Milei, se re\u00fanen en Puerto Madryn los gobernadores de la Patagonia\",\"datePublished\":\"2024-03-07T09:28:00+00:00\",\"dateModified\":\"2024-03-07T19:09:15+00:00\",\"mainEntityOfPage\":{\"@id\":\"https:\\\/\\\/diariotextual.com\\\/inicio\\\/index.php\\\/2024\\\/03\\\/07\\\/en-medio-de-la-tension-con-milei-se-reunen-en-puerto-madryn-los-gobernadores-de-la-patagonia\\\/\"},\"wordCount\":470,\"publisher\":{\"@id\":\"https:\\\/\\\/diariotextual.com\\\/inicio\\\/#organization\"},\"image\":{\"@id\":\"https:\\\/\\\/diariotextual.com\\\/inicio\\\/index.php\\\/2024\\\/03\\\/07\\\/en-medio-de-la-tension-con-milei-se-reunen-en-puerto-madryn-los-gobernadores-de-la-patagonia\\\/#primaryimage\"},\"thumbnailUrl\":\"https:\\\/\\\/diariotextual.com\\\/inicio\\\/wp-content\\\/uploads\\\/2024\\\/01\\\/gobernadoresdelapatagoniavillalaangosturaziliottodnumilei2024-9.jpg\",\"articleSection\":[\"POLITICA\"],\"inLanguage\":\"es\"},{\"@type\":\"WebPage\",\"@id\":\"https:\\\/\\\/diariotextual.com\\\/inicio\\\/index.php\\\/2024\\\/03\\\/07\\\/en-medio-de-la-tension-con-milei-se-reunen-en-puerto-madryn-los-gobernadores-de-la-patagonia\\\/\",\"url\":\"https:\\\/\\\/diariotextual.com\\\/inicio\\\/index.php\\\/2024\\\/03\\\/07\\\/en-medio-de-la-tension-con-milei-se-reunen-en-puerto-madryn-los-gobernadores-de-la-patagonia\\\/\",\"name\":\"En medio de la tensi\u00f3n con Milei, se re\u00fanen en Puerto Madryn los gobernadores de la Patagonia - Diario Textual\",\"isPartOf\":{\"@id\":\"https:\\\/\\\/diariotextual.com\\\/inicio\\\/#website\"},\"primaryImageOfPage\":{\"@id\":\"https:\\\/\\\/diariotextual.com\\\/inicio\\\/index.php\\\/2024\\\/03\\\/07\\\/en-medio-de-la-tension-con-milei-se-reunen-en-puerto-madryn-los-gobernadores-de-la-patagonia\\\/#primaryimage\"},\"image\":{\"@id\":\"https:\\\/\\\/diariotextual.com\\\/inicio\\\/index.php\\\/2024\\\/03\\\/07\\\/en-medio-de-la-tension-con-milei-se-reunen-en-puerto-madryn-los-gobernadores-de-la-patagonia\\\/#primaryimage\"},\"thumbnailUrl\":\"https:\\\/\\\/diariotextual.com\\\/inicio\\\/wp-content\\\/uploads\\\/2024\\\/01\\\/gobernadoresdelapatagoniavillalaangosturaziliottodnumilei2024-9.jpg\",\"datePublished\":\"2024-03-07T09:28:00+00:00\",\"dateModified\":\"2024-03-07T19:09:15+00:00\",\"breadcrumb\":{\"@id\":\"https:\\\/\\\/diariotextual.com\\\/inicio\\\/index.php\\\/2024\\\/03\\\/07\\\/en-medio-de-la-tension-con-milei-se-reunen-en-puerto-madryn-los-gobernadores-de-la-patagonia\\\/#breadcrumb\"},\"inLanguage\":\"es\",\"potentialAction\":[{\"@type\":\"ReadAction\",\"target\":[\"https:\\\/\\\/diariotextual.com\\\/inicio\\\/index.php\\\/2024\\\/03\\\/07\\\/en-medio-de-la-tension-con-milei-se-reunen-en-puerto-madryn-los-gobernadores-de-la-patagonia\\\/\"]}]},{\"@type\":\"ImageObject\",\"inLanguage\":\"es\",\"@id\":\"https:\\\/\\\/diariotextual.com\\\/inicio\\\/index.php\\\/2024\\\/03\\\/07\\\/en-medio-de-la-tension-con-milei-se-reunen-en-puerto-madryn-los-gobernadores-de-la-patagonia\\\/#primaryimage\",\"url\":\"https:\\\/\\\/diariotextual.com\\\/inicio\\\/wp-content\\\/uploads\\\/2024\\\/01\\\/gobernadoresdelapatagoniavillalaangosturaziliottodnumilei2024-9.jpg\",\"contentUrl\":\"https:\\\/\\\/diariotextual.com\\\/inicio\\\/wp-content\\\/uploads\\\/2024\\\/01\\\/gobernadoresdelapatagoniavillalaangosturaziliottodnumilei2024-9.jpg\",\"width\":1600,\"height\":1066},{\"@type\":\"BreadcrumbList\",\"@id\":\"https:\\\/\\\/diariotextual.com\\\/inicio\\\/index.php\\\/2024\\\/03\\\/07\\\/en-medio-de-la-tension-con-milei-se-reunen-en-puerto-madryn-los-gobernadores-de-la-patagonia\\\/#breadcrumb\",\"itemListElement\":[{\"@type\":\"ListItem\",\"position\":1,\"name\":\"Portada\",\"item\":\"https:\\\/\\\/diariotextual.com\\\/inicio\\\/\"},{\"@type\":\"ListItem\",\"position\":2,\"name\":\"En medio de la tensi\u00f3n con Milei, se re\u00fanen en Puerto Madryn los gobernadores de la Patagonia\"}]},{\"@type\":\"WebSite\",\"@id\":\"https:\\\/\\\/diariotextual.com\\\/inicio\\\/#website\",\"url\":\"https:\\\/\\\/diariotextual.com\\\/inicio\\\/\",\"name\":\"Diario Textual\",\"description\":\"\",\"publisher\":{\"@id\":\"https:\\\/\\\/diariotextual.com\\\/inicio\\\/#organization\"},\"potentialAction\":[{\"@type\":\"SearchAction\",\"target\":{\"@type\":\"EntryPoint\",\"urlTemplate\":\"https:\\\/\\\/diariotextual.com\\\/inicio\\\/?s={search_term_string}\"},\"query-input\":{\"@type\":\"PropertyValueSpecification\",\"valueRequired\":true,\"valueName\":\"search_term_string\"}}],\"inLanguage\":\"es\"},{\"@type\":\"Organization\",\"@id\":\"https:\\\/\\\/diariotextual.com\\\/inicio\\\/#organization\",\"name\":\"Diario Textual\",\"url\":\"https:\\\/\\\/diariotextual.com\\\/inicio\\\/\",\"logo\":{\"@type\":\"ImageObject\",\"inLanguage\":\"es\",\"@id\":\"https:\\\/\\\/diariotextual.com\\\/inicio\\\/#\\\/schema\\\/logo\\\/image\\\/\",\"url\":\"https:\\\/\\\/diariotextual.com\\\/inicio\\\/wp-content\\\/uploads\\\/2023\\\/05\\\/logotextual1.jpg\",\"contentUrl\":\"https:\\\/\\\/diariotextual.com\\\/inicio\\\/wp-content\\\/uploads\\\/2023\\\/05\\\/logotextual1.jpg\",\"width\":516,\"height\":76,\"caption\":\"Diario Textual\"},\"image\":{\"@id\":\"https:\\\/\\\/diariotextual.com\\\/inicio\\\/#\\\/schema\\\/logo\\\/image\\\/\"},\"sameAs\":[\"https:\\\/\\\/www.facebook.com\\\/eltextual\",\"https:\\\/\\\/x.com\\\/eltextual\",\"http:\\\/\\\/www.instagram.com\\\/eltextual\"]},{\"@type\":\"Person\",\"@id\":\"https:\\\/\\\/diariotextual.com\\\/inicio\\\/#\\\/schema\\\/person\\\/418fc4093c33e86ed41562db3508f958\",\"name\":\"Diario1 Diario1\",\"image\":{\"@type\":\"ImageObject\",\"inLanguage\":\"es\",\"@id\":\"https:\\\/\\\/secure.gravatar.com\\\/avatar\\\/9167d280179c85bc18be67aa7eda765854300033af4896dd779b608640f2ef7a?s=96&d=mm&r=g\",\"url\":\"https:\\\/\\\/secure.gravatar.com\\\/avatar\\\/9167d280179c85bc18be67aa7eda765854300033af4896dd779b608640f2ef7a?s=96&d=mm&r=g\",\"contentUrl\":\"https:\\\/\\\/secure.gravatar.com\\\/avatar\\\/9167d280179c85bc18be67aa7eda765854300033af4896dd779b608640f2ef7a?s=96&d=mm&r=g\",\"caption\":\"Diario1 Diario1\"},\"url\":\"https:\\\/\\\/diariotextual.com\\\/inicio\\\/index.php\\\/author\\\/diario1\\\/\"}]}<\/script>\n<!-- \/ Yoast SEO plugin. -->","yoast_head_json":{"title":"En medio de la tensi\u00f3n con Milei, se re\u00fanen en Puerto Madryn los gobernadores de la Patagonia - Diario Textual","robots":{"index":"index","follow":"follow","max-snippet":"max-snippet:-1","max-image-preview":"max-image-preview:large","max-video-preview":"max-video-preview:-1"},"canonical":"https:\/\/diariotextual.com\/inicio\/index.php\/2024\/03\/07\/en-medio-de-la-tension-con-milei-se-reunen-en-puerto-madryn-los-gobernadores-de-la-patagonia\/","og_locale":"es_ES","og_type":"article","og_title":"En medio de la tensi\u00f3n con Milei, se re\u00fanen en Puerto Madryn los gobernadores de la Patagonia - Diario Textual","og_description":"Los gobernadores de la Patagonia se reunir\u00e1n este jueves en Puerto Madryn (Chubut) para participar de un nuevo encuentro del Parlamento Patag\u00f3nico, un organismo deliberativo que re\u00fane a legisladores de&hellip;","og_url":"https:\/\/diariotextual.com\/inicio\/index.php\/2024\/03\/07\/en-medio-de-la-tension-con-milei-se-reunen-en-puerto-madryn-los-gobernadores-de-la-patagonia\/","og_site_name":"Diario Textual","article_publisher":"https:\/\/www.facebook.com\/eltextual","article_published_time":"2024-03-07T09:28:00+00:00","article_modified_time":"2024-03-07T19:09:15+00:00","og_image":[{"width":1600,"height":1066,"url":"https:\/\/diariotextual.com\/inicio\/wp-content\/uploads\/2024\/01\/gobernadoresdelapatagoniavillalaangosturaziliottodnumilei2024-9.jpg","type":"image\/jpeg"}],"author":"Diario1 Diario1","twitter_card":"summary_large_image","twitter_creator":"@eltextual","twitter_site":"@eltextual","twitter_misc":{"Escrito por":"Diario1 Diario1","Tiempo de lectura":"3 minutos"},"schema":{"@context":"https:\/\/schema.org","@graph":[{"@type":"Article","@id":"https:\/\/diariotextual.com\/inicio\/index.php\/2024\/03\/07\/en-medio-de-la-tension-con-milei-se-reunen-en-puerto-madryn-los-gobernadores-de-la-patagonia\/#article","isPartOf":{"@id":"https:\/\/diariotextual.com\/inicio\/index.php\/2024\/03\/07\/en-medio-de-la-tension-con-milei-se-reunen-en-puerto-madryn-los-gobernadores-de-la-patagonia\/"},"author":{"name":"Diario1 Diario1","@id":"https:\/\/diariotextual.com\/inicio\/#\/schema\/person\/418fc4093c33e86ed41562db3508f958"},"headline":"En medio de la tensi\u00f3n con Milei, se re\u00fanen en Puerto Madryn los gobernadores de la Patagonia","datePublished":"2024-03-07T09:28:00+00:00","dateModified":"2024-03-07T19:09:15+00:00","mainEntityOfPage":{"@id":"https:\/\/diariotextual.com\/inicio\/index.php\/2024\/03\/07\/en-medio-de-la-tension-con-milei-se-reunen-en-puerto-madryn-los-gobernadores-de-la-patagonia\/"},"wordCount":470,"publisher":{"@id":"https:\/\/diariotextual.com\/inicio\/#organization"},"image":{"@id":"https:\/\/diariotextual.com\/inicio\/index.php\/2024\/03\/07\/en-medio-de-la-tension-con-milei-se-reunen-en-puerto-madryn-los-gobernadores-de-la-patagonia\/#primaryimage"},"thumbnailUrl":"https:\/\/diariotextual.com\/inicio\/wp-content\/uploads\/2024\/01\/gobernadoresdelapatagoniavillalaangosturaziliottodnumilei2024-9.jpg","articleSection":["POLITICA"],"inLanguage":"es"},{"@type":"WebPage","@id":"https:\/\/diariotextual.com\/inicio\/index.php\/2024\/03\/07\/en-medio-de-la-tension-con-milei-se-reunen-en-puerto-madryn-los-gobernadores-de-la-patagonia\/","url":"https:\/\/diariotextual.com\/inicio\/index.php\/2024\/03\/07\/en-medio-de-la-tension-con-milei-se-reunen-en-puerto-madryn-los-gobernadores-de-la-patagonia\/","name":"En medio de la tensi\u00f3n con Milei, se re\u00fanen en Puerto Madryn los gobernadores de la Patagonia - Diario Textual","isPartOf":{"@id":"https:\/\/diariotextual.com\/inicio\/#website"},"primaryImageOfPage":{"@id":"https:\/\/diariotextual.com\/inicio\/index.php\/2024\/03\/07\/en-medio-de-la-tension-con-milei-se-reunen-en-puerto-madryn-los-gobernadores-de-la-patagonia\/#primaryimage"},"image":{"@id":"https:\/\/diariotextual.com\/inicio\/index.php\/2024\/03\/07\/en-medio-de-la-tension-con-milei-se-reunen-en-puerto-madryn-los-gobernadores-de-la-patagonia\/#primaryimage"},"thumbnailUrl":"https:\/\/diariotextual.com\/inicio\/wp-content\/uploads\/2024\/01\/gobernadoresdelapatagoniavillalaangosturaziliottodnumilei2024-9.jpg","datePublished":"2024-03-07T09:28:00+00:00","dateModified":"2024-03-07T19:09:15+00:00","breadcrumb":{"@id":"https:\/\/diariotextual.com\/inicio\/index.php\/2024\/03\/07\/en-medio-de-la-tension-con-milei-se-reunen-en-puerto-madryn-los-gobernadores-de-la-patagonia\/#breadcrumb"},"inLanguage":"es","potentialAction":[{"@type":"ReadAction","target":["https:\/\/diariotextual.com\/inicio\/index.php\/2024\/03\/07\/en-medio-de-la-tension-con-milei-se-reunen-en-puerto-madryn-los-gobernadores-de-la-patagonia\/"]}]},{"@type":"ImageObject","inLanguage":"es","@id":"https:\/\/diariotextual.com\/inicio\/index.php\/2024\/03\/07\/en-medio-de-la-tension-con-milei-se-reunen-en-puerto-madryn-los-gobernadores-de-la-patagonia\/#primaryimage","url":"https:\/\/diariotextual.com\/inicio\/wp-content\/uploads\/2024\/01\/gobernadoresdelapatagoniavillalaangosturaziliottodnumilei2024-9.jpg","contentUrl":"https:\/\/diariotextual.com\/inicio\/wp-content\/uploads\/2024\/01\/gobernadoresdelapatagoniavillalaangosturaziliottodnumilei2024-9.jpg","width":1600,"height":1066},{"@type":"BreadcrumbList","@id":"https:\/\/diariotextual.com\/inicio\/index.php\/2024\/03\/07\/en-medio-de-la-tension-con-milei-se-reunen-en-puerto-madryn-los-gobernadores-de-la-patagonia\/#breadcrumb","itemListElement":[{"@type":"ListItem","position":1,"name":"Portada","item":"https:\/\/diariotextual.com\/inicio\/"},{"@type":"ListItem","position":2,"name":"En medio de la tensi\u00f3n con Milei, se re\u00fanen en Puerto Madryn los gobernadores de la Patagonia"}]},{"@type":"WebSite","@id":"https:\/\/diariotextual.com\/inicio\/#website","url":"https:\/\/diariotextual.com\/inicio\/","name":"Diario Textual","description":"","publisher":{"@id":"https:\/\/diariotextual.com\/inicio\/#organization"},"potentialAction":[{"@type":"SearchAction","target":{"@type":"EntryPoint","urlTemplate":"https:\/\/diariotextual.com\/inicio\/?s={search_term_string}"},"query-input":{"@type":"PropertyValueSpecification","valueRequired":true,"valueName":"search_term_string"}}],"inLanguage":"es"},{"@type":"Organization","@id":"https:\/\/diariotextual.com\/inicio\/#organization","name":"Diario Textual","url":"https:\/\/diariotextual.com\/inicio\/","logo":{"@type":"ImageObject","inLanguage":"es","@id":"https:\/\/diariotextual.com\/inicio\/#\/schema\/logo\/image\/","url":"https:\/\/diariotextual.com\/inicio\/wp-content\/uploads\/2023\/05\/logotextual1.jpg","contentUrl":"https:\/\/diariotextual.com\/inicio\/wp-content\/uploads\/2023\/05\/logotextual1.jpg","width":516,"height":76,"caption":"Diario Textual"},"image":{"@id":"https:\/\/diariotextual.com\/inicio\/#\/schema\/logo\/image\/"},"sameAs":["https:\/\/www.facebook.com\/eltextual","https:\/\/x.com\/eltextual","http:\/\/www.instagram.com\/eltextual"]},{"@type":"Person","@id":"https:\/\/diariotextual.com\/inicio\/#\/schema\/person\/418fc4093c33e86ed41562db3508f958","name":"Diario1 Diario1","image":{"@type":"ImageObject","inLanguage":"es","@id":"https:\/\/secure.gravatar.com\/avatar\/9167d280179c85bc18be67aa7eda765854300033af4896dd779b608640f2ef7a?s=96&d=mm&r=g","url":"https:\/\/secure.gravatar.com\/avatar\/9167d280179c85bc18be67aa7eda765854300033af4896dd779b608640f2ef7a?s=96&d=mm&r=g","contentUrl":"https:\/\/secure.gravatar.com\/avatar\/9167d280179c85bc18be67aa7eda765854300033af4896dd779b608640f2ef7a?s=96&d=mm&r=g","caption":"Diario1 Diario1"},"url":"https:\/\/diariotextual.com\/inicio\/index.php\/author\/diario1\/"}]}},"_links":{"self":[{"href":"https:\/\/diariotextual.com\/inicio\/index.php\/wp-json\/wp\/v2\/posts\/256158","targetHints":{"allow":["GET"]}}],"collection":[{"href":"https:\/\/diariotextual.com\/inicio\/index.php\/wp-json\/wp\/v2\/posts"}],"about":[{"href":"https:\/\/diariotextual.com\/inicio\/index.php\/wp-json\/wp\/v2\/types\/post"}],"author":[{"embeddable":true,"href":"https:\/\/diariotextual.com\/inicio\/index.php\/wp-json\/wp\/v2\/users\/3"}],"replies":[{"embeddable":true,"href":"https:\/\/diariotextual.com\/inicio\/index.php\/wp-json\/wp\/v2\/comments?post=256158"}],"version-history":[{"count":1,"href":"https:\/\/diariotextual.com\/inicio\/index.php\/wp-json\/wp\/v2\/posts\/256158\/revisions"}],"predecessor-version":[{"id":256159,"href":"https:\/\/diariotextual.com\/inicio\/index.php\/wp-json\/wp\/v2\/posts\/256158\/revisions\/256159"}],"wp:featuredmedia":[{"embeddable":true,"href":"https:\/\/diariotextual.com\/inicio\/index.php\/wp-json\/wp\/v2\/media\/250880"}],"wp:attachment":[{"href":"https:\/\/diariotextual.com\/inicio\/index.php\/wp-json\/wp\/v2\/media?parent=256158"}],"wp:term":[{"taxonomy":"category","embeddable":true,"href":"https:\/\/diariotextual.com\/inicio\/index.php\/wp-json\/wp\/v2\/categories?post=256158"},{"taxonomy":"post_tag","embeddable":true,"href":"https:\/\/diariotextual.com\/inicio\/index.php\/wp-json\/wp\/v2\/tags?post=256158"}],"curies":[{"name":"wp","href":"https:\/\/api.w.org\/{rel}","templated":true}]}}