{"id":256249,"date":"2024-03-08T08:29:52","date_gmt":"2024-03-08T11:29:52","guid":{"rendered":"https:\/\/diariotextual.com\/inicio\/?p=256249"},"modified":"2024-03-08T09:53:15","modified_gmt":"2024-03-08T12:53:15","slug":"concurren-todos-los-gobernadores-a-la-convocatoria-por-el-pacto-de-mayo-ziliotto-va-a-escuchar","status":"publish","type":"post","link":"https:\/\/diariotextual.com\/inicio\/index.php\/2024\/03\/08\/concurren-todos-los-gobernadores-a-la-convocatoria-por-el-pacto-de-mayo-ziliotto-va-a-escuchar\/","title":{"rendered":"Concurren todos los gobernadores al llamado por el Pacto de Mayo: Ziliotto va a escuchar"},"content":{"rendered":"\n<p>Las 23 provincias y la Ciudad de Buenos Aires confirmaron la asistencia a la reuni\u00f3n a la que fueron convocados este viernes a la Casa Rosada, en el marco del<strong> Pacto de Mayo <\/strong>que anunci\u00f3 el viernes pasado el presidente Javier Milei. El pampeano <strong>Sergio Ziliotto<\/strong> concurrir\u00e1 a escuchar, pero ya reiter\u00f3 -junto a otros cinco mandatarios de la Patagonia- que un eventual acuerdo se debe hacer sin condicionamientos previos.<\/p>\n\n\n\n<p>El encuentro de los mandatarios provinciales ser\u00e1 con el jefe de Gabinete, Nicol\u00e1s Posse, y el ministro del Interior, Guillermo Francos. En dicha reuni\u00f3n, hay expectativa por establecer el comienzo de un acuerdo de aprobaci\u00f3n de la Ley Bases, tras su fracaso el mes pasado, as\u00ed como tambi\u00e9n los detalles del apartado fiscal que necesitan las provincias.<\/p>\n\n\n\n<p>Estos elementos forman parte del recientemente anunciado por Javier Milei, el Pacto de Mayo, en su discurso de apertura de sesiones el viernes pasado en el Congreso de la Naci\u00f3n.<\/p>\n\n\n\n<p>Los mandatarios provinciales, incluido el gobernador bonaerense&nbsp;<strong>Axel Kicillof,<\/strong>&nbsp;anunciaron su presencia. En tanto, tres provincias,&nbsp;<strong>La Rioja, Formosa y Mendoza<\/strong>&nbsp;enviar\u00e1n a sus vicegobernadores. En el caso de las dos primeras, se debe a diferencias con la gesti\u00f3n de Milei, mientras que por el lado de Alfredo Cornejo, estar\u00e1 ausente ya que se encuentra en Canad\u00e1, en el marco de una viaje con el objetivo de obtener inversiones mineras.<\/p>\n\n\n\n<p>Lo que a\u00fan se desconoce es si Javier Milei estar\u00e1 presente. Al darse esta confirmaci\u00f3n total por parte de todas la provincias,\u00a0<strong>el presidente podr\u00eda girar el volante y terminar concurriendo a la reuni\u00f3n<\/strong>, algo que hasta el momento era m\u00e1s negativo que afirmativo.<\/p>\n\n\n\n<figure class=\"wp-block-embed is-type-wp-embed is-provider-diario-textual wp-block-embed-diario-textual\"><div class=\"wp-block-embed__wrapper\">\n<blockquote class=\"wp-embedded-content\" data-secret=\"0IMqpYZyoo\"><a href=\"https:\/\/diariotextual.com\/inicio\/index.php\/2024\/03\/07\/gobernadores-patagonicos-marcan-la-cancha-a-milei-insisten-en-defender-los-recursos-de-las-provincias\/\">El mensaje de los gobernadores patag\u00f3nicos a Milei: \u201cEstamos dispuestos a los acuerdos si no son impuestos\u201d<\/a><\/blockquote><iframe class=\"wp-embedded-content\" sandbox=\"allow-scripts\" security=\"restricted\" style=\"position: absolute; clip: rect(1px, 1px, 1px, 1px);\" title=\"\u00abEl mensaje de los gobernadores patag\u00f3nicos a Milei: \u201cEstamos dispuestos a los acuerdos si no son impuestos\u201d\u00bb \u2014 Diario Textual\" src=\"https:\/\/diariotextual.com\/inicio\/index.php\/2024\/03\/07\/gobernadores-patagonicos-marcan-la-cancha-a-milei-insisten-en-defender-los-recursos-de-las-provincias\/embed\/#?secret=dhuHpwjCMm#?secret=0IMqpYZyoo\" data-secret=\"0IMqpYZyoo\" width=\"600\" height=\"338\" frameborder=\"0\" marginwidth=\"0\" marginheight=\"0\" scrolling=\"no\"><\/iframe>\n<\/div><\/figure>\n","protected":false},"excerpt":{"rendered":"<p>Las 23 provincias y la Ciudad de Buenos Aires confirmaron la asistencia a la reuni\u00f3n a la que fueron convocados este viernes a la Casa Rosada, en el marco del&hellip;<\/p>\n","protected":false},"author":3,"featured_media":255664,"comment_status":"closed","ping_status":"open","sticky":false,"template":"","format":"standard","meta":{"_acf_changed":false,"footnotes":""},"categories":[1,8],"tags":[],"class_list":["post-256249","post","type-post","status-publish","format-standard","has-post-thumbnail","hentry","category-es-noticia","category-politica"],"acf":[],"yoast_head":"<!-- This site is optimized with the Yoast SEO plugin v27.5 - https:\/\/yoast.com\/product\/yoast-seo-wordpress\/ -->\n<title>Concurren todos los gobernadores al llamado por el Pacto de Mayo: Ziliotto va a escuchar - Diario Textual<\/title>\n<meta name=\"robots\" content=\"index, follow, max-snippet:-1, max-image-preview:large, max-video-preview:-1\" \/>\n<link rel=\"canonical\" href=\"https:\/\/diariotextual.com\/inicio\/index.php\/2024\/03\/08\/concurren-todos-los-gobernadores-a-la-convocatoria-por-el-pacto-de-mayo-ziliotto-va-a-escuchar\/\" \/>\n<meta property=\"og:locale\" content=\"es_ES\" \/>\n<meta property=\"og:type\" content=\"article\" \/>\n<meta property=\"og:title\" content=\"Concurren todos los gobernadores al llamado por el Pacto de Mayo: Ziliotto va a escuchar - Diario Textual\" \/>\n<meta property=\"og:description\" content=\"Las 23 provincias y la Ciudad de Buenos Aires confirmaron la asistencia a la reuni\u00f3n a la que fueron convocados este viernes a la Casa Rosada, en el marco del&hellip;\" \/>\n<meta property=\"og:url\" content=\"https:\/\/diariotextual.com\/inicio\/index.php\/2024\/03\/08\/concurren-todos-los-gobernadores-a-la-convocatoria-por-el-pacto-de-mayo-ziliotto-va-a-escuchar\/\" \/>\n<meta property=\"og:site_name\" content=\"Diario Textual\" \/>\n<meta property=\"article:publisher\" content=\"https:\/\/www.facebook.com\/eltextual\" \/>\n<meta property=\"article:published_time\" content=\"2024-03-08T11:29:52+00:00\" \/>\n<meta property=\"article:modified_time\" content=\"2024-03-08T12:53:15+00:00\" \/>\n<meta property=\"og:image\" content=\"https:\/\/diariotextual.com\/inicio\/wp-content\/uploads\/2024\/03\/ziliottosergiogobernadoresmileiasamblea2024-12.jpg\" \/>\n\t<meta property=\"og:image:width\" content=\"1200\" \/>\n\t<meta property=\"og:image:height\" content=\"675\" \/>\n\t<meta property=\"og:image:type\" content=\"image\/jpeg\" \/>\n<meta name=\"author\" content=\"Diario1 Diario1\" \/>\n<meta name=\"twitter:card\" content=\"summary_large_image\" \/>\n<meta name=\"twitter:creator\" content=\"@eltextual\" \/>\n<meta name=\"twitter:site\" content=\"@eltextual\" \/>\n<meta name=\"twitter:label1\" content=\"Escrito por\" \/>\n\t<meta name=\"twitter:data1\" content=\"Diario1 Diario1\" \/>\n\t<meta name=\"twitter:label2\" content=\"Tiempo de lectura\" \/>\n\t<meta name=\"twitter:data2\" content=\"2 minutos\" \/>\n<script type=\"application\/ld+json\" class=\"yoast-schema-graph\">{\"@context\":\"https:\\\/\\\/schema.org\",\"@graph\":[{\"@type\":\"Article\",\"@id\":\"https:\\\/\\\/diariotextual.com\\\/inicio\\\/index.php\\\/2024\\\/03\\\/08\\\/concurren-todos-los-gobernadores-a-la-convocatoria-por-el-pacto-de-mayo-ziliotto-va-a-escuchar\\\/#article\",\"isPartOf\":{\"@id\":\"https:\\\/\\\/diariotextual.com\\\/inicio\\\/index.php\\\/2024\\\/03\\\/08\\\/concurren-todos-los-gobernadores-a-la-convocatoria-por-el-pacto-de-mayo-ziliotto-va-a-escuchar\\\/\"},\"author\":{\"name\":\"Diario1 Diario1\",\"@id\":\"https:\\\/\\\/diariotextual.com\\\/inicio\\\/#\\\/schema\\\/person\\\/418fc4093c33e86ed41562db3508f958\"},\"headline\":\"Concurren todos los gobernadores al llamado por el Pacto de Mayo: Ziliotto va a escuchar\",\"datePublished\":\"2024-03-08T11:29:52+00:00\",\"dateModified\":\"2024-03-08T12:53:15+00:00\",\"mainEntityOfPage\":{\"@id\":\"https:\\\/\\\/diariotextual.com\\\/inicio\\\/index.php\\\/2024\\\/03\\\/08\\\/concurren-todos-los-gobernadores-a-la-convocatoria-por-el-pacto-de-mayo-ziliotto-va-a-escuchar\\\/\"},\"wordCount\":309,\"publisher\":{\"@id\":\"https:\\\/\\\/diariotextual.com\\\/inicio\\\/#organization\"},\"image\":{\"@id\":\"https:\\\/\\\/diariotextual.com\\\/inicio\\\/index.php\\\/2024\\\/03\\\/08\\\/concurren-todos-los-gobernadores-a-la-convocatoria-por-el-pacto-de-mayo-ziliotto-va-a-escuchar\\\/#primaryimage\"},\"thumbnailUrl\":\"https:\\\/\\\/diariotextual.com\\\/inicio\\\/wp-content\\\/uploads\\\/2024\\\/03\\\/ziliottosergiogobernadoresmileiasamblea2024-12.jpg\",\"articleSection\":[\"A - ES NOTICIA (van abajo)\",\"POLITICA\"],\"inLanguage\":\"es\"},{\"@type\":\"WebPage\",\"@id\":\"https:\\\/\\\/diariotextual.com\\\/inicio\\\/index.php\\\/2024\\\/03\\\/08\\\/concurren-todos-los-gobernadores-a-la-convocatoria-por-el-pacto-de-mayo-ziliotto-va-a-escuchar\\\/\",\"url\":\"https:\\\/\\\/diariotextual.com\\\/inicio\\\/index.php\\\/2024\\\/03\\\/08\\\/concurren-todos-los-gobernadores-a-la-convocatoria-por-el-pacto-de-mayo-ziliotto-va-a-escuchar\\\/\",\"name\":\"Concurren todos los gobernadores al llamado por el Pacto de Mayo: Ziliotto va a escuchar - Diario Textual\",\"isPartOf\":{\"@id\":\"https:\\\/\\\/diariotextual.com\\\/inicio\\\/#website\"},\"primaryImageOfPage\":{\"@id\":\"https:\\\/\\\/diariotextual.com\\\/inicio\\\/index.php\\\/2024\\\/03\\\/08\\\/concurren-todos-los-gobernadores-a-la-convocatoria-por-el-pacto-de-mayo-ziliotto-va-a-escuchar\\\/#primaryimage\"},\"image\":{\"@id\":\"https:\\\/\\\/diariotextual.com\\\/inicio\\\/index.php\\\/2024\\\/03\\\/08\\\/concurren-todos-los-gobernadores-a-la-convocatoria-por-el-pacto-de-mayo-ziliotto-va-a-escuchar\\\/#primaryimage\"},\"thumbnailUrl\":\"https:\\\/\\\/diariotextual.com\\\/inicio\\\/wp-content\\\/uploads\\\/2024\\\/03\\\/ziliottosergiogobernadoresmileiasamblea2024-12.jpg\",\"datePublished\":\"2024-03-08T11:29:52+00:00\",\"dateModified\":\"2024-03-08T12:53:15+00:00\",\"breadcrumb\":{\"@id\":\"https:\\\/\\\/diariotextual.com\\\/inicio\\\/index.php\\\/2024\\\/03\\\/08\\\/concurren-todos-los-gobernadores-a-la-convocatoria-por-el-pacto-de-mayo-ziliotto-va-a-escuchar\\\/#breadcrumb\"},\"inLanguage\":\"es\",\"potentialAction\":[{\"@type\":\"ReadAction\",\"target\":[\"https:\\\/\\\/diariotextual.com\\\/inicio\\\/index.php\\\/2024\\\/03\\\/08\\\/concurren-todos-los-gobernadores-a-la-convocatoria-por-el-pacto-de-mayo-ziliotto-va-a-escuchar\\\/\"]}]},{\"@type\":\"ImageObject\",\"inLanguage\":\"es\",\"@id\":\"https:\\\/\\\/diariotextual.com\\\/inicio\\\/index.php\\\/2024\\\/03\\\/08\\\/concurren-todos-los-gobernadores-a-la-convocatoria-por-el-pacto-de-mayo-ziliotto-va-a-escuchar\\\/#primaryimage\",\"url\":\"https:\\\/\\\/diariotextual.com\\\/inicio\\\/wp-content\\\/uploads\\\/2024\\\/03\\\/ziliottosergiogobernadoresmileiasamblea2024-12.jpg\",\"contentUrl\":\"https:\\\/\\\/diariotextual.com\\\/inicio\\\/wp-content\\\/uploads\\\/2024\\\/03\\\/ziliottosergiogobernadoresmileiasamblea2024-12.jpg\",\"width\":1200,\"height\":675},{\"@type\":\"BreadcrumbList\",\"@id\":\"https:\\\/\\\/diariotextual.com\\\/inicio\\\/index.php\\\/2024\\\/03\\\/08\\\/concurren-todos-los-gobernadores-a-la-convocatoria-por-el-pacto-de-mayo-ziliotto-va-a-escuchar\\\/#breadcrumb\",\"itemListElement\":[{\"@type\":\"ListItem\",\"position\":1,\"name\":\"Portada\",\"item\":\"https:\\\/\\\/diariotextual.com\\\/inicio\\\/\"},{\"@type\":\"ListItem\",\"position\":2,\"name\":\"Concurren todos los gobernadores al llamado por el Pacto de Mayo: Ziliotto va a escuchar\"}]},{\"@type\":\"WebSite\",\"@id\":\"https:\\\/\\\/diariotextual.com\\\/inicio\\\/#website\",\"url\":\"https:\\\/\\\/diariotextual.com\\\/inicio\\\/\",\"name\":\"Diario Textual\",\"description\":\"\",\"publisher\":{\"@id\":\"https:\\\/\\\/diariotextual.com\\\/inicio\\\/#organization\"},\"potentialAction\":[{\"@type\":\"SearchAction\",\"target\":{\"@type\":\"EntryPoint\",\"urlTemplate\":\"https:\\\/\\\/diariotextual.com\\\/inicio\\\/?s={search_term_string}\"},\"query-input\":{\"@type\":\"PropertyValueSpecification\",\"valueRequired\":true,\"valueName\":\"search_term_string\"}}],\"inLanguage\":\"es\"},{\"@type\":\"Organization\",\"@id\":\"https:\\\/\\\/diariotextual.com\\\/inicio\\\/#organization\",\"name\":\"Diario Textual\",\"url\":\"https:\\\/\\\/diariotextual.com\\\/inicio\\\/\",\"logo\":{\"@type\":\"ImageObject\",\"inLanguage\":\"es\",\"@id\":\"https:\\\/\\\/diariotextual.com\\\/inicio\\\/#\\\/schema\\\/logo\\\/image\\\/\",\"url\":\"https:\\\/\\\/diariotextual.com\\\/inicio\\\/wp-content\\\/uploads\\\/2023\\\/05\\\/logotextual1.jpg\",\"contentUrl\":\"https:\\\/\\\/diariotextual.com\\\/inicio\\\/wp-content\\\/uploads\\\/2023\\\/05\\\/logotextual1.jpg\",\"width\":516,\"height\":76,\"caption\":\"Diario Textual\"},\"image\":{\"@id\":\"https:\\\/\\\/diariotextual.com\\\/inicio\\\/#\\\/schema\\\/logo\\\/image\\\/\"},\"sameAs\":[\"https:\\\/\\\/www.facebook.com\\\/eltextual\",\"https:\\\/\\\/x.com\\\/eltextual\",\"http:\\\/\\\/www.instagram.com\\\/eltextual\"]},{\"@type\":\"Person\",\"@id\":\"https:\\\/\\\/diariotextual.com\\\/inicio\\\/#\\\/schema\\\/person\\\/418fc4093c33e86ed41562db3508f958\",\"name\":\"Diario1 Diario1\",\"image\":{\"@type\":\"ImageObject\",\"inLanguage\":\"es\",\"@id\":\"https:\\\/\\\/secure.gravatar.com\\\/avatar\\\/9167d280179c85bc18be67aa7eda765854300033af4896dd779b608640f2ef7a?s=96&d=mm&r=g\",\"url\":\"https:\\\/\\\/secure.gravatar.com\\\/avatar\\\/9167d280179c85bc18be67aa7eda765854300033af4896dd779b608640f2ef7a?s=96&d=mm&r=g\",\"contentUrl\":\"https:\\\/\\\/secure.gravatar.com\\\/avatar\\\/9167d280179c85bc18be67aa7eda765854300033af4896dd779b608640f2ef7a?s=96&d=mm&r=g\",\"caption\":\"Diario1 Diario1\"},\"url\":\"https:\\\/\\\/diariotextual.com\\\/inicio\\\/index.php\\\/author\\\/diario1\\\/\"}]}<\/script>\n<!-- \/ Yoast SEO plugin. -->","yoast_head_json":{"title":"Concurren todos los gobernadores al llamado por el Pacto de Mayo: Ziliotto va a escuchar - Diario Textual","robots":{"index":"index","follow":"follow","max-snippet":"max-snippet:-1","max-image-preview":"max-image-preview:large","max-video-preview":"max-video-preview:-1"},"canonical":"https:\/\/diariotextual.com\/inicio\/index.php\/2024\/03\/08\/concurren-todos-los-gobernadores-a-la-convocatoria-por-el-pacto-de-mayo-ziliotto-va-a-escuchar\/","og_locale":"es_ES","og_type":"article","og_title":"Concurren todos los gobernadores al llamado por el Pacto de Mayo: Ziliotto va a escuchar - Diario Textual","og_description":"Las 23 provincias y la Ciudad de Buenos Aires confirmaron la asistencia a la reuni\u00f3n a la que fueron convocados este viernes a la Casa Rosada, en el marco del&hellip;","og_url":"https:\/\/diariotextual.com\/inicio\/index.php\/2024\/03\/08\/concurren-todos-los-gobernadores-a-la-convocatoria-por-el-pacto-de-mayo-ziliotto-va-a-escuchar\/","og_site_name":"Diario Textual","article_publisher":"https:\/\/www.facebook.com\/eltextual","article_published_time":"2024-03-08T11:29:52+00:00","article_modified_time":"2024-03-08T12:53:15+00:00","og_image":[{"width":1200,"height":675,"url":"https:\/\/diariotextual.com\/inicio\/wp-content\/uploads\/2024\/03\/ziliottosergiogobernadoresmileiasamblea2024-12.jpg","type":"image\/jpeg"}],"author":"Diario1 Diario1","twitter_card":"summary_large_image","twitter_creator":"@eltextual","twitter_site":"@eltextual","twitter_misc":{"Escrito por":"Diario1 Diario1","Tiempo de lectura":"2 minutos"},"schema":{"@context":"https:\/\/schema.org","@graph":[{"@type":"Article","@id":"https:\/\/diariotextual.com\/inicio\/index.php\/2024\/03\/08\/concurren-todos-los-gobernadores-a-la-convocatoria-por-el-pacto-de-mayo-ziliotto-va-a-escuchar\/#article","isPartOf":{"@id":"https:\/\/diariotextual.com\/inicio\/index.php\/2024\/03\/08\/concurren-todos-los-gobernadores-a-la-convocatoria-por-el-pacto-de-mayo-ziliotto-va-a-escuchar\/"},"author":{"name":"Diario1 Diario1","@id":"https:\/\/diariotextual.com\/inicio\/#\/schema\/person\/418fc4093c33e86ed41562db3508f958"},"headline":"Concurren todos los gobernadores al llamado por el Pacto de Mayo: Ziliotto va a escuchar","datePublished":"2024-03-08T11:29:52+00:00","dateModified":"2024-03-08T12:53:15+00:00","mainEntityOfPage":{"@id":"https:\/\/diariotextual.com\/inicio\/index.php\/2024\/03\/08\/concurren-todos-los-gobernadores-a-la-convocatoria-por-el-pacto-de-mayo-ziliotto-va-a-escuchar\/"},"wordCount":309,"publisher":{"@id":"https:\/\/diariotextual.com\/inicio\/#organization"},"image":{"@id":"https:\/\/diariotextual.com\/inicio\/index.php\/2024\/03\/08\/concurren-todos-los-gobernadores-a-la-convocatoria-por-el-pacto-de-mayo-ziliotto-va-a-escuchar\/#primaryimage"},"thumbnailUrl":"https:\/\/diariotextual.com\/inicio\/wp-content\/uploads\/2024\/03\/ziliottosergiogobernadoresmileiasamblea2024-12.jpg","articleSection":["A - ES NOTICIA (van abajo)","POLITICA"],"inLanguage":"es"},{"@type":"WebPage","@id":"https:\/\/diariotextual.com\/inicio\/index.php\/2024\/03\/08\/concurren-todos-los-gobernadores-a-la-convocatoria-por-el-pacto-de-mayo-ziliotto-va-a-escuchar\/","url":"https:\/\/diariotextual.com\/inicio\/index.php\/2024\/03\/08\/concurren-todos-los-gobernadores-a-la-convocatoria-por-el-pacto-de-mayo-ziliotto-va-a-escuchar\/","name":"Concurren todos los gobernadores al llamado por el Pacto de Mayo: Ziliotto va a escuchar - Diario Textual","isPartOf":{"@id":"https:\/\/diariotextual.com\/inicio\/#website"},"primaryImageOfPage":{"@id":"https:\/\/diariotextual.com\/inicio\/index.php\/2024\/03\/08\/concurren-todos-los-gobernadores-a-la-convocatoria-por-el-pacto-de-mayo-ziliotto-va-a-escuchar\/#primaryimage"},"image":{"@id":"https:\/\/diariotextual.com\/inicio\/index.php\/2024\/03\/08\/concurren-todos-los-gobernadores-a-la-convocatoria-por-el-pacto-de-mayo-ziliotto-va-a-escuchar\/#primaryimage"},"thumbnailUrl":"https:\/\/diariotextual.com\/inicio\/wp-content\/uploads\/2024\/03\/ziliottosergiogobernadoresmileiasamblea2024-12.jpg","datePublished":"2024-03-08T11:29:52+00:00","dateModified":"2024-03-08T12:53:15+00:00","breadcrumb":{"@id":"https:\/\/diariotextual.com\/inicio\/index.php\/2024\/03\/08\/concurren-todos-los-gobernadores-a-la-convocatoria-por-el-pacto-de-mayo-ziliotto-va-a-escuchar\/#breadcrumb"},"inLanguage":"es","potentialAction":[{"@type":"ReadAction","target":["https:\/\/diariotextual.com\/inicio\/index.php\/2024\/03\/08\/concurren-todos-los-gobernadores-a-la-convocatoria-por-el-pacto-de-mayo-ziliotto-va-a-escuchar\/"]}]},{"@type":"ImageObject","inLanguage":"es","@id":"https:\/\/diariotextual.com\/inicio\/index.php\/2024\/03\/08\/concurren-todos-los-gobernadores-a-la-convocatoria-por-el-pacto-de-mayo-ziliotto-va-a-escuchar\/#primaryimage","url":"https:\/\/diariotextual.com\/inicio\/wp-content\/uploads\/2024\/03\/ziliottosergiogobernadoresmileiasamblea2024-12.jpg","contentUrl":"https:\/\/diariotextual.com\/inicio\/wp-content\/uploads\/2024\/03\/ziliottosergiogobernadoresmileiasamblea2024-12.jpg","width":1200,"height":675},{"@type":"BreadcrumbList","@id":"https:\/\/diariotextual.com\/inicio\/index.php\/2024\/03\/08\/concurren-todos-los-gobernadores-a-la-convocatoria-por-el-pacto-de-mayo-ziliotto-va-a-escuchar\/#breadcrumb","itemListElement":[{"@type":"ListItem","position":1,"name":"Portada","item":"https:\/\/diariotextual.com\/inicio\/"},{"@type":"ListItem","position":2,"name":"Concurren todos los gobernadores al llamado por el Pacto de Mayo: Ziliotto va a escuchar"}]},{"@type":"WebSite","@id":"https:\/\/diariotextual.com\/inicio\/#website","url":"https:\/\/diariotextual.com\/inicio\/","name":"Diario Textual","description":"","publisher":{"@id":"https:\/\/diariotextual.com\/inicio\/#organization"},"potentialAction":[{"@type":"SearchAction","target":{"@type":"EntryPoint","urlTemplate":"https:\/\/diariotextual.com\/inicio\/?s={search_term_string}"},"query-input":{"@type":"PropertyValueSpecification","valueRequired":true,"valueName":"search_term_string"}}],"inLanguage":"es"},{"@type":"Organization","@id":"https:\/\/diariotextual.com\/inicio\/#organization","name":"Diario Textual","url":"https:\/\/diariotextual.com\/inicio\/","logo":{"@type":"ImageObject","inLanguage":"es","@id":"https:\/\/diariotextual.com\/inicio\/#\/schema\/logo\/image\/","url":"https:\/\/diariotextual.com\/inicio\/wp-content\/uploads\/2023\/05\/logotextual1.jpg","contentUrl":"https:\/\/diariotextual.com\/inicio\/wp-content\/uploads\/2023\/05\/logotextual1.jpg","width":516,"height":76,"caption":"Diario Textual"},"image":{"@id":"https:\/\/diariotextual.com\/inicio\/#\/schema\/logo\/image\/"},"sameAs":["https:\/\/www.facebook.com\/eltextual","https:\/\/x.com\/eltextual","http:\/\/www.instagram.com\/eltextual"]},{"@type":"Person","@id":"https:\/\/diariotextual.com\/inicio\/#\/schema\/person\/418fc4093c33e86ed41562db3508f958","name":"Diario1 Diario1","image":{"@type":"ImageObject","inLanguage":"es","@id":"https:\/\/secure.gravatar.com\/avatar\/9167d280179c85bc18be67aa7eda765854300033af4896dd779b608640f2ef7a?s=96&d=mm&r=g","url":"https:\/\/secure.gravatar.com\/avatar\/9167d280179c85bc18be67aa7eda765854300033af4896dd779b608640f2ef7a?s=96&d=mm&r=g","contentUrl":"https:\/\/secure.gravatar.com\/avatar\/9167d280179c85bc18be67aa7eda765854300033af4896dd779b608640f2ef7a?s=96&d=mm&r=g","caption":"Diario1 Diario1"},"url":"https:\/\/diariotextual.com\/inicio\/index.php\/author\/diario1\/"}]}},"_links":{"self":[{"href":"https:\/\/diariotextual.com\/inicio\/index.php\/wp-json\/wp\/v2\/posts\/256249","targetHints":{"allow":["GET"]}}],"collection":[{"href":"https:\/\/diariotextual.com\/inicio\/index.php\/wp-json\/wp\/v2\/posts"}],"about":[{"href":"https:\/\/diariotextual.com\/inicio\/index.php\/wp-json\/wp\/v2\/types\/post"}],"author":[{"embeddable":true,"href":"https:\/\/diariotextual.com\/inicio\/index.php\/wp-json\/wp\/v2\/users\/3"}],"replies":[{"embeddable":true,"href":"https:\/\/diariotextual.com\/inicio\/index.php\/wp-json\/wp\/v2\/comments?post=256249"}],"version-history":[{"count":4,"href":"https:\/\/diariotextual.com\/inicio\/index.php\/wp-json\/wp\/v2\/posts\/256249\/revisions"}],"predecessor-version":[{"id":256271,"href":"https:\/\/diariotextual.com\/inicio\/index.php\/wp-json\/wp\/v2\/posts\/256249\/revisions\/256271"}],"wp:featuredmedia":[{"embeddable":true,"href":"https:\/\/diariotextual.com\/inicio\/index.php\/wp-json\/wp\/v2\/media\/255664"}],"wp:attachment":[{"href":"https:\/\/diariotextual.com\/inicio\/index.php\/wp-json\/wp\/v2\/media?parent=256249"}],"wp:term":[{"taxonomy":"category","embeddable":true,"href":"https:\/\/diariotextual.com\/inicio\/index.php\/wp-json\/wp\/v2\/categories?post=256249"},{"taxonomy":"post_tag","embeddable":true,"href":"https:\/\/diariotextual.com\/inicio\/index.php\/wp-json\/wp\/v2\/tags?post=256249"}],"curies":[{"name":"wp","href":"https:\/\/api.w.org\/{rel}","templated":true}]}}