{"id":256331,"date":"2024-03-08T19:11:08","date_gmt":"2024-03-08T22:11:08","guid":{"rendered":"https:\/\/diariotextual.com\/inicio\/?p=256331"},"modified":"2024-03-09T08:25:05","modified_gmt":"2024-03-09T11:25:05","slug":"casa-rosada-pidio-a-los-gobernadores-reflotar-la-ley-bases-pero-no-hubo-acuerdo-sobre-ganancias","status":"publish","type":"post","link":"https:\/\/diariotextual.com\/inicio\/index.php\/2024\/03\/08\/casa-rosada-pidio-a-los-gobernadores-reflotar-la-ley-bases-pero-no-hubo-acuerdo-sobre-ganancias\/","title":{"rendered":"Casa Rosada pidi\u00f3 a los gobernadores reflotar la Ley Bases, pero no hubo acuerdo sobre Ganancias"},"content":{"rendered":"\n<p>Los dos ministros que\u00a0<strong>Javier Milei\u00a0<\/strong>eligi\u00f3 para reencauzar las relaciones con los partidos pol\u00edticos dialoguistas recibieron esta tarde a todos los representantes de las provincias en la Casa Rosada, que cumplieron con asistencia perfecta a pesar de las resistencias que hab\u00edan mostrado los opositores.\u00a0 El Gobierno les ofreci\u00f3 a los gobernadores aumentar la recaudaci\u00f3n a trav\u00e9s de la restituci\u00f3n y modificaci\u00f3n del Impuesto a las Ganancias, pero varios mandatarios mostraron disidencias y no hubo acuerdo.<\/p>\n\n\n\n<p>La primera reuni\u00f3n por el Pacto de Mayo comenz\u00f3 esta tarde a las 15.15 en la Casa Rosada y termin\u00f3 pasadas las 18.30. El encuentro fue presidido por el jefe de Gabinete,\u00a0<strong>Nicol\u00e1s Posse<\/strong>, y el ministro del Interior,\u00a0<strong>Guillermo Francos<\/strong>. En la delegaci\u00f3n de las provincias hubo asistencia perfecta, entre los\u00a0<strong>gobernadores<\/strong>\u00a0y los\u00a0<strong>vicegobernadores<\/strong>\u00a0que se presentaron al inicio del encuentro. El Gobierno calific\u00f3 la cumbre de \u201ccordial y positiva\u201d, seg\u00fan dijo el ministro Francos en conferencia de prensa.<\/p>\n\n\n\n<p>El objetivo principal del\u00a0<strong>Gobierno\u00a0<\/strong>es aprobar sin dilaciones, sobre todo, las privatizaciones y las\u00a0<strong>facultades extraordinarias\u00a0<\/strong>para el Ejecutivo. Durante casi cuatro horas, Francos y Posse escucharon los reclamos de los distritos y les plantearon como propuesta principal la\u00a0<strong>baja del piso de Ganancias, que implicar\u00eda un incremento de los ingresos coparticipables,\u00a0<\/strong>a cambio de apoyo legislativo a la versi\u00f3n \u201ccon consenso\u201d de la\u00a0<strong>ley \u00d3mnibus<\/strong>.<\/p>\n\n\n\n<p>Seg\u00fan afirmaron el porte\u00f1o&nbsp;<strong>Jorge Macri<\/strong>&nbsp;y el chubutense&nbsp;<strong>Ignacio Torres<\/strong>&nbsp;al cabo del encuentro, el Gobierno propuso <strong>reflotar la Ley Bases<\/strong> y restituir la cuarta categor\u00eda del&nbsp;<strong>impuesto a las Ganancias<\/strong>, pero un grupo de gobernadores se opuso a esta segunda posibilidad. Uno de los que se opone a la Ley Bases y a la restituci\u00f3n de Ganancias, precisamente, es el pampeano <strong>Sergio Ziliotto.<\/strong><\/p>\n\n\n\n<p>En tanto, acordaron armar&nbsp;<strong>dos comisiones<\/strong>: una para identificar los pedidos de las provincias y una segunda para establecer los proyectos que la Casa Rosada enviar\u00e1 al Congreso.<\/p>\n\n\n\n<p>Adem\u00e1s de Posse, que se ubic\u00f3 en la cabecera de la mesa, la delegaci\u00f3n oficial estaba integrada por el ministro Francos, el secretario de Hacienda,&nbsp;<strong>Carlos Guberman<\/strong>; el de Interior,&nbsp;<strong>Lisandro Catal\u00e1n<\/strong>; y el secretario ejecutivo de Gobierno,&nbsp;<strong>Jos\u00e9 Rolandi<\/strong>, informaron fuentes oficiales. El encuentro se desarrollaba en el sal\u00f3n Eva Per\u00f3n de la Casa Rosada.<\/p>\n\n\n\n<p>Por las provincias se presentaron los gobernadores de Santiago del Estero, Gerardo Zamora; de Misiones, Hugo Passalacqua; de San Luis, Claudio Poggi; de Neuqu\u00e9n, Rolando Figueroa; de Chaco, Leandro Zdero; de Jujuy, Carlos Sadir; de San Juan, Marcelo Orrego; de C\u00f3rdoba, Mart\u00edn Llaryora; de Tierra del Fuego, Gustavo Melella; de La Pampa, Sergio Ziliotto; de Buenos Aires, Axel Kicillof; de Chubut, Ignacio Torres; de Entre R\u00edos, Rogelio Frigerio; de R\u00edo Negro, Alberto Weretilneck; de Corrientes, Gustavo Vald\u00e9s; de Tucum\u00e1n, Osvaldo Jaldo; de Salta, Gustavo S\u00e1enz; y de Catamarca, Ra\u00fal Jalil, de Santa Cruz; Claudio Vidal.<\/p>\n\n\n\n<p>Tambi\u00e9n fueron de la partida las vicegobernadoras de La Rioja, Teresita Madera; de Mendoza, Hebe Casado, y de Santa Fe, Gisela Scaglia, el vicegobernador de Formosa, Eber Sol\u00eds; y el jefe de gobierno de la Ciudad Aut\u00f3noma de Buenos Aires, Jorge Macri.<\/p>\n\n\n\n<figure class=\"wp-block-embed is-type-wp-embed is-provider-diario-textual wp-block-embed-diario-textual\"><div class=\"wp-block-embed__wrapper\">\n<blockquote class=\"wp-embedded-content\" data-secret=\"20PhfnJ5gk\"><a href=\"https:\/\/diariotextual.com\/inicio\/index.php\/2024\/03\/08\/nuevo-mensaje-desde-la-patagonia-a-milei-piden-la-reposicion-de-los-fondos-coparticipables\/\">Nuevo mensaje desde la Patagonia a Milei: piden  \u201cla reposici\u00f3n\u201d de los fondos coparticipables<\/a><\/blockquote><iframe class=\"wp-embedded-content\" sandbox=\"allow-scripts\" security=\"restricted\" style=\"position: absolute; clip: rect(1px, 1px, 1px, 1px);\" title=\"\u00abNuevo mensaje desde la Patagonia a Milei: piden  \u201cla reposici\u00f3n\u201d de los fondos coparticipables\u00bb \u2014 Diario Textual\" src=\"https:\/\/diariotextual.com\/inicio\/index.php\/2024\/03\/08\/nuevo-mensaje-desde-la-patagonia-a-milei-piden-la-reposicion-de-los-fondos-coparticipables\/embed\/#?secret=jImH37xPU2#?secret=20PhfnJ5gk\" data-secret=\"20PhfnJ5gk\" width=\"600\" height=\"338\" frameborder=\"0\" marginwidth=\"0\" marginheight=\"0\" scrolling=\"no\"><\/iframe>\n<\/div><\/figure>\n","protected":false},"excerpt":{"rendered":"<p>Los dos ministros que\u00a0Javier Milei\u00a0eligi\u00f3 para reencauzar las relaciones con los partidos pol\u00edticos dialoguistas recibieron esta tarde a todos los representantes de las provincias en la Casa Rosada, que cumplieron&hellip;<\/p>\n","protected":false},"author":3,"featured_media":256336,"comment_status":"closed","ping_status":"open","sticky":false,"template":"","format":"standard","meta":{"_acf_changed":false,"footnotes":""},"categories":[8],"tags":[],"class_list":["post-256331","post","type-post","status-publish","format-standard","has-post-thumbnail","hentry","category-politica"],"acf":[],"yoast_head":"<!-- This site is optimized with the Yoast SEO plugin v27.5 - https:\/\/yoast.com\/product\/yoast-seo-wordpress\/ -->\n<title>Casa Rosada pidi\u00f3 a los gobernadores reflotar la Ley Bases, pero no hubo acuerdo sobre Ganancias - Diario Textual<\/title>\n<meta name=\"robots\" content=\"index, follow, max-snippet:-1, max-image-preview:large, max-video-preview:-1\" \/>\n<link rel=\"canonical\" href=\"https:\/\/diariotextual.com\/inicio\/index.php\/2024\/03\/08\/casa-rosada-pidio-a-los-gobernadores-reflotar-la-ley-bases-pero-no-hubo-acuerdo-sobre-ganancias\/\" \/>\n<meta property=\"og:locale\" content=\"es_ES\" \/>\n<meta property=\"og:type\" content=\"article\" \/>\n<meta property=\"og:title\" content=\"Casa Rosada pidi\u00f3 a los gobernadores reflotar la Ley Bases, pero no hubo acuerdo sobre Ganancias - Diario Textual\" \/>\n<meta property=\"og:description\" content=\"Los dos ministros que\u00a0Javier Milei\u00a0eligi\u00f3 para reencauzar las relaciones con los partidos pol\u00edticos dialoguistas recibieron esta tarde a todos los representantes de las provincias en la Casa Rosada, que cumplieron&hellip;\" \/>\n<meta property=\"og:url\" content=\"https:\/\/diariotextual.com\/inicio\/index.php\/2024\/03\/08\/casa-rosada-pidio-a-los-gobernadores-reflotar-la-ley-bases-pero-no-hubo-acuerdo-sobre-ganancias\/\" \/>\n<meta property=\"og:site_name\" content=\"Diario Textual\" \/>\n<meta property=\"article:publisher\" content=\"https:\/\/www.facebook.com\/eltextual\" \/>\n<meta property=\"article:published_time\" content=\"2024-03-08T22:11:08+00:00\" \/>\n<meta property=\"article:modified_time\" content=\"2024-03-09T11:25:05+00:00\" \/>\n<meta property=\"og:image\" content=\"https:\/\/diariotextual.com\/inicio\/wp-content\/uploads\/2024\/03\/gobernadorespossenicolaspactodemayo2024-6.jpg\" \/>\n\t<meta property=\"og:image:width\" content=\"1280\" \/>\n\t<meta property=\"og:image:height\" content=\"803\" \/>\n\t<meta property=\"og:image:type\" content=\"image\/jpeg\" \/>\n<meta name=\"author\" content=\"Diario1 Diario1\" \/>\n<meta name=\"twitter:card\" content=\"summary_large_image\" \/>\n<meta name=\"twitter:creator\" content=\"@eltextual\" \/>\n<meta name=\"twitter:site\" content=\"@eltextual\" \/>\n<meta name=\"twitter:label1\" content=\"Escrito por\" \/>\n\t<meta name=\"twitter:data1\" content=\"Diario1 Diario1\" \/>\n\t<meta name=\"twitter:label2\" content=\"Tiempo de lectura\" \/>\n\t<meta name=\"twitter:data2\" content=\"3 minutos\" \/>\n<script type=\"application\/ld+json\" class=\"yoast-schema-graph\">{\"@context\":\"https:\\\/\\\/schema.org\",\"@graph\":[{\"@type\":\"Article\",\"@id\":\"https:\\\/\\\/diariotextual.com\\\/inicio\\\/index.php\\\/2024\\\/03\\\/08\\\/casa-rosada-pidio-a-los-gobernadores-reflotar-la-ley-bases-pero-no-hubo-acuerdo-sobre-ganancias\\\/#article\",\"isPartOf\":{\"@id\":\"https:\\\/\\\/diariotextual.com\\\/inicio\\\/index.php\\\/2024\\\/03\\\/08\\\/casa-rosada-pidio-a-los-gobernadores-reflotar-la-ley-bases-pero-no-hubo-acuerdo-sobre-ganancias\\\/\"},\"author\":{\"name\":\"Diario1 Diario1\",\"@id\":\"https:\\\/\\\/diariotextual.com\\\/inicio\\\/#\\\/schema\\\/person\\\/418fc4093c33e86ed41562db3508f958\"},\"headline\":\"Casa Rosada pidi\u00f3 a los gobernadores reflotar la Ley Bases, pero no hubo acuerdo sobre Ganancias\",\"datePublished\":\"2024-03-08T22:11:08+00:00\",\"dateModified\":\"2024-03-09T11:25:05+00:00\",\"mainEntityOfPage\":{\"@id\":\"https:\\\/\\\/diariotextual.com\\\/inicio\\\/index.php\\\/2024\\\/03\\\/08\\\/casa-rosada-pidio-a-los-gobernadores-reflotar-la-ley-bases-pero-no-hubo-acuerdo-sobre-ganancias\\\/\"},\"wordCount\":573,\"publisher\":{\"@id\":\"https:\\\/\\\/diariotextual.com\\\/inicio\\\/#organization\"},\"image\":{\"@id\":\"https:\\\/\\\/diariotextual.com\\\/inicio\\\/index.php\\\/2024\\\/03\\\/08\\\/casa-rosada-pidio-a-los-gobernadores-reflotar-la-ley-bases-pero-no-hubo-acuerdo-sobre-ganancias\\\/#primaryimage\"},\"thumbnailUrl\":\"https:\\\/\\\/diariotextual.com\\\/inicio\\\/wp-content\\\/uploads\\\/2024\\\/03\\\/gobernadorespossenicolaspactodemayo2024-6.jpg\",\"articleSection\":[\"POLITICA\"],\"inLanguage\":\"es\"},{\"@type\":\"WebPage\",\"@id\":\"https:\\\/\\\/diariotextual.com\\\/inicio\\\/index.php\\\/2024\\\/03\\\/08\\\/casa-rosada-pidio-a-los-gobernadores-reflotar-la-ley-bases-pero-no-hubo-acuerdo-sobre-ganancias\\\/\",\"url\":\"https:\\\/\\\/diariotextual.com\\\/inicio\\\/index.php\\\/2024\\\/03\\\/08\\\/casa-rosada-pidio-a-los-gobernadores-reflotar-la-ley-bases-pero-no-hubo-acuerdo-sobre-ganancias\\\/\",\"name\":\"Casa Rosada pidi\u00f3 a los gobernadores reflotar la Ley Bases, pero no hubo acuerdo sobre Ganancias - Diario Textual\",\"isPartOf\":{\"@id\":\"https:\\\/\\\/diariotextual.com\\\/inicio\\\/#website\"},\"primaryImageOfPage\":{\"@id\":\"https:\\\/\\\/diariotextual.com\\\/inicio\\\/index.php\\\/2024\\\/03\\\/08\\\/casa-rosada-pidio-a-los-gobernadores-reflotar-la-ley-bases-pero-no-hubo-acuerdo-sobre-ganancias\\\/#primaryimage\"},\"image\":{\"@id\":\"https:\\\/\\\/diariotextual.com\\\/inicio\\\/index.php\\\/2024\\\/03\\\/08\\\/casa-rosada-pidio-a-los-gobernadores-reflotar-la-ley-bases-pero-no-hubo-acuerdo-sobre-ganancias\\\/#primaryimage\"},\"thumbnailUrl\":\"https:\\\/\\\/diariotextual.com\\\/inicio\\\/wp-content\\\/uploads\\\/2024\\\/03\\\/gobernadorespossenicolaspactodemayo2024-6.jpg\",\"datePublished\":\"2024-03-08T22:11:08+00:00\",\"dateModified\":\"2024-03-09T11:25:05+00:00\",\"breadcrumb\":{\"@id\":\"https:\\\/\\\/diariotextual.com\\\/inicio\\\/index.php\\\/2024\\\/03\\\/08\\\/casa-rosada-pidio-a-los-gobernadores-reflotar-la-ley-bases-pero-no-hubo-acuerdo-sobre-ganancias\\\/#breadcrumb\"},\"inLanguage\":\"es\",\"potentialAction\":[{\"@type\":\"ReadAction\",\"target\":[\"https:\\\/\\\/diariotextual.com\\\/inicio\\\/index.php\\\/2024\\\/03\\\/08\\\/casa-rosada-pidio-a-los-gobernadores-reflotar-la-ley-bases-pero-no-hubo-acuerdo-sobre-ganancias\\\/\"]}]},{\"@type\":\"ImageObject\",\"inLanguage\":\"es\",\"@id\":\"https:\\\/\\\/diariotextual.com\\\/inicio\\\/index.php\\\/2024\\\/03\\\/08\\\/casa-rosada-pidio-a-los-gobernadores-reflotar-la-ley-bases-pero-no-hubo-acuerdo-sobre-ganancias\\\/#primaryimage\",\"url\":\"https:\\\/\\\/diariotextual.com\\\/inicio\\\/wp-content\\\/uploads\\\/2024\\\/03\\\/gobernadorespossenicolaspactodemayo2024-6.jpg\",\"contentUrl\":\"https:\\\/\\\/diariotextual.com\\\/inicio\\\/wp-content\\\/uploads\\\/2024\\\/03\\\/gobernadorespossenicolaspactodemayo2024-6.jpg\",\"width\":1280,\"height\":803},{\"@type\":\"BreadcrumbList\",\"@id\":\"https:\\\/\\\/diariotextual.com\\\/inicio\\\/index.php\\\/2024\\\/03\\\/08\\\/casa-rosada-pidio-a-los-gobernadores-reflotar-la-ley-bases-pero-no-hubo-acuerdo-sobre-ganancias\\\/#breadcrumb\",\"itemListElement\":[{\"@type\":\"ListItem\",\"position\":1,\"name\":\"Portada\",\"item\":\"https:\\\/\\\/diariotextual.com\\\/inicio\\\/\"},{\"@type\":\"ListItem\",\"position\":2,\"name\":\"Casa Rosada pidi\u00f3 a los gobernadores reflotar la Ley Bases, pero no hubo acuerdo sobre Ganancias\"}]},{\"@type\":\"WebSite\",\"@id\":\"https:\\\/\\\/diariotextual.com\\\/inicio\\\/#website\",\"url\":\"https:\\\/\\\/diariotextual.com\\\/inicio\\\/\",\"name\":\"Diario Textual\",\"description\":\"\",\"publisher\":{\"@id\":\"https:\\\/\\\/diariotextual.com\\\/inicio\\\/#organization\"},\"potentialAction\":[{\"@type\":\"SearchAction\",\"target\":{\"@type\":\"EntryPoint\",\"urlTemplate\":\"https:\\\/\\\/diariotextual.com\\\/inicio\\\/?s={search_term_string}\"},\"query-input\":{\"@type\":\"PropertyValueSpecification\",\"valueRequired\":true,\"valueName\":\"search_term_string\"}}],\"inLanguage\":\"es\"},{\"@type\":\"Organization\",\"@id\":\"https:\\\/\\\/diariotextual.com\\\/inicio\\\/#organization\",\"name\":\"Diario Textual\",\"url\":\"https:\\\/\\\/diariotextual.com\\\/inicio\\\/\",\"logo\":{\"@type\":\"ImageObject\",\"inLanguage\":\"es\",\"@id\":\"https:\\\/\\\/diariotextual.com\\\/inicio\\\/#\\\/schema\\\/logo\\\/image\\\/\",\"url\":\"https:\\\/\\\/diariotextual.com\\\/inicio\\\/wp-content\\\/uploads\\\/2023\\\/05\\\/logotextual1.jpg\",\"contentUrl\":\"https:\\\/\\\/diariotextual.com\\\/inicio\\\/wp-content\\\/uploads\\\/2023\\\/05\\\/logotextual1.jpg\",\"width\":516,\"height\":76,\"caption\":\"Diario Textual\"},\"image\":{\"@id\":\"https:\\\/\\\/diariotextual.com\\\/inicio\\\/#\\\/schema\\\/logo\\\/image\\\/\"},\"sameAs\":[\"https:\\\/\\\/www.facebook.com\\\/eltextual\",\"https:\\\/\\\/x.com\\\/eltextual\",\"http:\\\/\\\/www.instagram.com\\\/eltextual\"]},{\"@type\":\"Person\",\"@id\":\"https:\\\/\\\/diariotextual.com\\\/inicio\\\/#\\\/schema\\\/person\\\/418fc4093c33e86ed41562db3508f958\",\"name\":\"Diario1 Diario1\",\"image\":{\"@type\":\"ImageObject\",\"inLanguage\":\"es\",\"@id\":\"https:\\\/\\\/secure.gravatar.com\\\/avatar\\\/9167d280179c85bc18be67aa7eda765854300033af4896dd779b608640f2ef7a?s=96&d=mm&r=g\",\"url\":\"https:\\\/\\\/secure.gravatar.com\\\/avatar\\\/9167d280179c85bc18be67aa7eda765854300033af4896dd779b608640f2ef7a?s=96&d=mm&r=g\",\"contentUrl\":\"https:\\\/\\\/secure.gravatar.com\\\/avatar\\\/9167d280179c85bc18be67aa7eda765854300033af4896dd779b608640f2ef7a?s=96&d=mm&r=g\",\"caption\":\"Diario1 Diario1\"},\"url\":\"https:\\\/\\\/diariotextual.com\\\/inicio\\\/index.php\\\/author\\\/diario1\\\/\"}]}<\/script>\n<!-- \/ Yoast SEO plugin. -->","yoast_head_json":{"title":"Casa Rosada pidi\u00f3 a los gobernadores reflotar la Ley Bases, pero no hubo acuerdo sobre Ganancias - Diario Textual","robots":{"index":"index","follow":"follow","max-snippet":"max-snippet:-1","max-image-preview":"max-image-preview:large","max-video-preview":"max-video-preview:-1"},"canonical":"https:\/\/diariotextual.com\/inicio\/index.php\/2024\/03\/08\/casa-rosada-pidio-a-los-gobernadores-reflotar-la-ley-bases-pero-no-hubo-acuerdo-sobre-ganancias\/","og_locale":"es_ES","og_type":"article","og_title":"Casa Rosada pidi\u00f3 a los gobernadores reflotar la Ley Bases, pero no hubo acuerdo sobre Ganancias - Diario Textual","og_description":"Los dos ministros que\u00a0Javier Milei\u00a0eligi\u00f3 para reencauzar las relaciones con los partidos pol\u00edticos dialoguistas recibieron esta tarde a todos los representantes de las provincias en la Casa Rosada, que cumplieron&hellip;","og_url":"https:\/\/diariotextual.com\/inicio\/index.php\/2024\/03\/08\/casa-rosada-pidio-a-los-gobernadores-reflotar-la-ley-bases-pero-no-hubo-acuerdo-sobre-ganancias\/","og_site_name":"Diario Textual","article_publisher":"https:\/\/www.facebook.com\/eltextual","article_published_time":"2024-03-08T22:11:08+00:00","article_modified_time":"2024-03-09T11:25:05+00:00","og_image":[{"width":1280,"height":803,"url":"https:\/\/diariotextual.com\/inicio\/wp-content\/uploads\/2024\/03\/gobernadorespossenicolaspactodemayo2024-6.jpg","type":"image\/jpeg"}],"author":"Diario1 Diario1","twitter_card":"summary_large_image","twitter_creator":"@eltextual","twitter_site":"@eltextual","twitter_misc":{"Escrito por":"Diario1 Diario1","Tiempo de lectura":"3 minutos"},"schema":{"@context":"https:\/\/schema.org","@graph":[{"@type":"Article","@id":"https:\/\/diariotextual.com\/inicio\/index.php\/2024\/03\/08\/casa-rosada-pidio-a-los-gobernadores-reflotar-la-ley-bases-pero-no-hubo-acuerdo-sobre-ganancias\/#article","isPartOf":{"@id":"https:\/\/diariotextual.com\/inicio\/index.php\/2024\/03\/08\/casa-rosada-pidio-a-los-gobernadores-reflotar-la-ley-bases-pero-no-hubo-acuerdo-sobre-ganancias\/"},"author":{"name":"Diario1 Diario1","@id":"https:\/\/diariotextual.com\/inicio\/#\/schema\/person\/418fc4093c33e86ed41562db3508f958"},"headline":"Casa Rosada pidi\u00f3 a los gobernadores reflotar la Ley Bases, pero no hubo acuerdo sobre Ganancias","datePublished":"2024-03-08T22:11:08+00:00","dateModified":"2024-03-09T11:25:05+00:00","mainEntityOfPage":{"@id":"https:\/\/diariotextual.com\/inicio\/index.php\/2024\/03\/08\/casa-rosada-pidio-a-los-gobernadores-reflotar-la-ley-bases-pero-no-hubo-acuerdo-sobre-ganancias\/"},"wordCount":573,"publisher":{"@id":"https:\/\/diariotextual.com\/inicio\/#organization"},"image":{"@id":"https:\/\/diariotextual.com\/inicio\/index.php\/2024\/03\/08\/casa-rosada-pidio-a-los-gobernadores-reflotar-la-ley-bases-pero-no-hubo-acuerdo-sobre-ganancias\/#primaryimage"},"thumbnailUrl":"https:\/\/diariotextual.com\/inicio\/wp-content\/uploads\/2024\/03\/gobernadorespossenicolaspactodemayo2024-6.jpg","articleSection":["POLITICA"],"inLanguage":"es"},{"@type":"WebPage","@id":"https:\/\/diariotextual.com\/inicio\/index.php\/2024\/03\/08\/casa-rosada-pidio-a-los-gobernadores-reflotar-la-ley-bases-pero-no-hubo-acuerdo-sobre-ganancias\/","url":"https:\/\/diariotextual.com\/inicio\/index.php\/2024\/03\/08\/casa-rosada-pidio-a-los-gobernadores-reflotar-la-ley-bases-pero-no-hubo-acuerdo-sobre-ganancias\/","name":"Casa Rosada pidi\u00f3 a los gobernadores reflotar la Ley Bases, pero no hubo acuerdo sobre Ganancias - Diario Textual","isPartOf":{"@id":"https:\/\/diariotextual.com\/inicio\/#website"},"primaryImageOfPage":{"@id":"https:\/\/diariotextual.com\/inicio\/index.php\/2024\/03\/08\/casa-rosada-pidio-a-los-gobernadores-reflotar-la-ley-bases-pero-no-hubo-acuerdo-sobre-ganancias\/#primaryimage"},"image":{"@id":"https:\/\/diariotextual.com\/inicio\/index.php\/2024\/03\/08\/casa-rosada-pidio-a-los-gobernadores-reflotar-la-ley-bases-pero-no-hubo-acuerdo-sobre-ganancias\/#primaryimage"},"thumbnailUrl":"https:\/\/diariotextual.com\/inicio\/wp-content\/uploads\/2024\/03\/gobernadorespossenicolaspactodemayo2024-6.jpg","datePublished":"2024-03-08T22:11:08+00:00","dateModified":"2024-03-09T11:25:05+00:00","breadcrumb":{"@id":"https:\/\/diariotextual.com\/inicio\/index.php\/2024\/03\/08\/casa-rosada-pidio-a-los-gobernadores-reflotar-la-ley-bases-pero-no-hubo-acuerdo-sobre-ganancias\/#breadcrumb"},"inLanguage":"es","potentialAction":[{"@type":"ReadAction","target":["https:\/\/diariotextual.com\/inicio\/index.php\/2024\/03\/08\/casa-rosada-pidio-a-los-gobernadores-reflotar-la-ley-bases-pero-no-hubo-acuerdo-sobre-ganancias\/"]}]},{"@type":"ImageObject","inLanguage":"es","@id":"https:\/\/diariotextual.com\/inicio\/index.php\/2024\/03\/08\/casa-rosada-pidio-a-los-gobernadores-reflotar-la-ley-bases-pero-no-hubo-acuerdo-sobre-ganancias\/#primaryimage","url":"https:\/\/diariotextual.com\/inicio\/wp-content\/uploads\/2024\/03\/gobernadorespossenicolaspactodemayo2024-6.jpg","contentUrl":"https:\/\/diariotextual.com\/inicio\/wp-content\/uploads\/2024\/03\/gobernadorespossenicolaspactodemayo2024-6.jpg","width":1280,"height":803},{"@type":"BreadcrumbList","@id":"https:\/\/diariotextual.com\/inicio\/index.php\/2024\/03\/08\/casa-rosada-pidio-a-los-gobernadores-reflotar-la-ley-bases-pero-no-hubo-acuerdo-sobre-ganancias\/#breadcrumb","itemListElement":[{"@type":"ListItem","position":1,"name":"Portada","item":"https:\/\/diariotextual.com\/inicio\/"},{"@type":"ListItem","position":2,"name":"Casa Rosada pidi\u00f3 a los gobernadores reflotar la Ley Bases, pero no hubo acuerdo sobre Ganancias"}]},{"@type":"WebSite","@id":"https:\/\/diariotextual.com\/inicio\/#website","url":"https:\/\/diariotextual.com\/inicio\/","name":"Diario Textual","description":"","publisher":{"@id":"https:\/\/diariotextual.com\/inicio\/#organization"},"potentialAction":[{"@type":"SearchAction","target":{"@type":"EntryPoint","urlTemplate":"https:\/\/diariotextual.com\/inicio\/?s={search_term_string}"},"query-input":{"@type":"PropertyValueSpecification","valueRequired":true,"valueName":"search_term_string"}}],"inLanguage":"es"},{"@type":"Organization","@id":"https:\/\/diariotextual.com\/inicio\/#organization","name":"Diario Textual","url":"https:\/\/diariotextual.com\/inicio\/","logo":{"@type":"ImageObject","inLanguage":"es","@id":"https:\/\/diariotextual.com\/inicio\/#\/schema\/logo\/image\/","url":"https:\/\/diariotextual.com\/inicio\/wp-content\/uploads\/2023\/05\/logotextual1.jpg","contentUrl":"https:\/\/diariotextual.com\/inicio\/wp-content\/uploads\/2023\/05\/logotextual1.jpg","width":516,"height":76,"caption":"Diario Textual"},"image":{"@id":"https:\/\/diariotextual.com\/inicio\/#\/schema\/logo\/image\/"},"sameAs":["https:\/\/www.facebook.com\/eltextual","https:\/\/x.com\/eltextual","http:\/\/www.instagram.com\/eltextual"]},{"@type":"Person","@id":"https:\/\/diariotextual.com\/inicio\/#\/schema\/person\/418fc4093c33e86ed41562db3508f958","name":"Diario1 Diario1","image":{"@type":"ImageObject","inLanguage":"es","@id":"https:\/\/secure.gravatar.com\/avatar\/9167d280179c85bc18be67aa7eda765854300033af4896dd779b608640f2ef7a?s=96&d=mm&r=g","url":"https:\/\/secure.gravatar.com\/avatar\/9167d280179c85bc18be67aa7eda765854300033af4896dd779b608640f2ef7a?s=96&d=mm&r=g","contentUrl":"https:\/\/secure.gravatar.com\/avatar\/9167d280179c85bc18be67aa7eda765854300033af4896dd779b608640f2ef7a?s=96&d=mm&r=g","caption":"Diario1 Diario1"},"url":"https:\/\/diariotextual.com\/inicio\/index.php\/author\/diario1\/"}]}},"_links":{"self":[{"href":"https:\/\/diariotextual.com\/inicio\/index.php\/wp-json\/wp\/v2\/posts\/256331","targetHints":{"allow":["GET"]}}],"collection":[{"href":"https:\/\/diariotextual.com\/inicio\/index.php\/wp-json\/wp\/v2\/posts"}],"about":[{"href":"https:\/\/diariotextual.com\/inicio\/index.php\/wp-json\/wp\/v2\/types\/post"}],"author":[{"embeddable":true,"href":"https:\/\/diariotextual.com\/inicio\/index.php\/wp-json\/wp\/v2\/users\/3"}],"replies":[{"embeddable":true,"href":"https:\/\/diariotextual.com\/inicio\/index.php\/wp-json\/wp\/v2\/comments?post=256331"}],"version-history":[{"count":7,"href":"https:\/\/diariotextual.com\/inicio\/index.php\/wp-json\/wp\/v2\/posts\/256331\/revisions"}],"predecessor-version":[{"id":256343,"href":"https:\/\/diariotextual.com\/inicio\/index.php\/wp-json\/wp\/v2\/posts\/256331\/revisions\/256343"}],"wp:featuredmedia":[{"embeddable":true,"href":"https:\/\/diariotextual.com\/inicio\/index.php\/wp-json\/wp\/v2\/media\/256336"}],"wp:attachment":[{"href":"https:\/\/diariotextual.com\/inicio\/index.php\/wp-json\/wp\/v2\/media?parent=256331"}],"wp:term":[{"taxonomy":"category","embeddable":true,"href":"https:\/\/diariotextual.com\/inicio\/index.php\/wp-json\/wp\/v2\/categories?post=256331"},{"taxonomy":"post_tag","embeddable":true,"href":"https:\/\/diariotextual.com\/inicio\/index.php\/wp-json\/wp\/v2\/tags?post=256331"}],"curies":[{"name":"wp","href":"https:\/\/api.w.org\/{rel}","templated":true}]}}