{"id":256356,"date":"2024-03-09T10:28:20","date_gmt":"2024-03-09T13:28:20","guid":{"rendered":"https:\/\/diariotextual.com\/inicio\/?p=256356"},"modified":"2024-03-09T11:55:08","modified_gmt":"2024-03-09T14:55:08","slug":"por-que-carlos-saul-menem-es-un-procer-argentino-segun-el-gobierno-de-milei","status":"publish","type":"post","link":"https:\/\/diariotextual.com\/inicio\/index.php\/2024\/03\/09\/por-que-carlos-saul-menem-es-un-procer-argentino-segun-el-gobierno-de-milei\/","title":{"rendered":"Por qu\u00e9 Carlos Sa\u00fal Menem es un pr\u00f3cer argentino, seg\u00fan el Gobierno de Milei"},"content":{"rendered":"\n<p>Este viernes, D\u00eda Internacional de la Mujer, el Gobierno desat\u00f3 una nueva pol\u00e9mica tras anunciar el cambio de nombre del Sal\u00f3n de las Mujeres, ahora rebautizado como Sal\u00f3n de los Pr\u00f3ceres, por decisi\u00f3n de la secretaria General de la Presidencia, Karina Milei.<\/p>\n\n\n\n<p>El anuncio lo hizo formalmente el vocero presidencial Manuel Adorni, en su habitual conferencia de prensa por las ma\u00f1anas.<\/p>\n\n\n\n<p>En horas de la tarde, a trav\u00e9s de las redes sociales, desde Casa Rosada compartieron un video mostrando m\u00e1s en detalle c\u00f3mo fue redise\u00f1ado este espacio.<\/p>\n\n\n\n<p>M\u00e1s tarde, Casa Rosada difundi\u00f3 la lista completa de los referentes:<\/p>\n\n\n\n<p><em>Jos\u00e9 de San Mart\u00edn<\/em><\/p>\n\n\n\n<p><em>Julio Argentino Roca<\/em><\/p>\n\n\n\n<p><em>Carlos Sa\u00fal Menem<\/em><\/p>\n\n\n\n<p><em>Mart\u00edn Miguel de G\u00fcemes<\/em><\/p>\n\n\n\n<p><em>Mariano Moreno<\/em><\/p>\n\n\n\n<p><em>Juan Bautista Alberdi<\/em><\/p>\n\n\n\n<p><em>Tumba del Soldado desconocido de Malvinas<\/em><\/p>\n\n\n\n<p><em>Carlos Pellegrini<\/em><\/p>\n\n\n\n<p><em>Domingo Faustino Sarmiento<\/em><\/p>\n\n\n\n<p><em>Manuel Belgrano<\/em><\/p>\n\n\n\n<p><em>Justo Jos\u00e9 de Urquiza<\/em><\/p>\n\n\n\n<p><em>Esteban Echeverr\u00eda<\/em><\/p>\n\n\n\n<p><em>Juan Bautista Cabral<\/em><\/p>\n\n\n\n<p><em>Bartolom\u00e9 Mitre<\/em><\/p>\n\n\n\n<p><em>Bernardino Rivadavia<\/em><\/p>\n\n\n\n<p><em>Hip\u00f3lito Bouchard<\/em><\/p>\n\n\n\n<p><em>Victorino de la Plaza<\/em><\/p>\n\n\n\n<p><em>Facundo Quiroga<\/em><\/p>\n\n\n\n<p><em>Nicol\u00e1s Avellaneda<\/em><\/p>\n\n\n\n<p><em>Guillermo Brown<\/em><\/p>\n\n\n\n<p><em>Francisco Moreno<\/em><\/p>\n\n\n\n<p><em>Cornelio Saavedra<\/em><\/p>\n\n\n\n<p>Entre los mencionados, muchos se sorprendieron el retrato del riojano Carlos Sa\u00fal Menem, condenado por tr\u00e1fico de armas, apareciera a la altura de San Mart\u00edn o Manuel Belgrano, fundadores de la Patria.<\/p>\n\n\n\n<p>En su cuenta de X, Casa Rosada lo describe como el presidente \u201cque m\u00e1s a\u00f1os gobern\u00f3 la Argentina de manera ininterrumpida\u201d.<\/p>\n\n\n\n<p>\u201cDemostr\u00f3 con gran determinaci\u00f3n pol\u00edtica y fervor patri\u00f3tico que Argentina pod\u00eda estar a la altura de las grandes potencias del mundo, luego de d\u00e9cadas de decadencia econ\u00f3mica y pol\u00edtica, impulsando la modernizaci\u00f3n de sus instituciones y la integraci\u00f3n en el mundo\u201d, agrega.<\/p>\n\n\n\n<p>Sostiene que fue un abogado y pol\u00edtico argentino, adem\u00e1s de dos veces gobernador de la provincia de La Rioja.<\/p>\n\n\n\n<p>Adem\u00e1s, considera que sus reformas \u201cpropiciaron el desarrollo de uno de los mayores per\u00edodos de prosperidad econ\u00f3mica soberana jam\u00e1s vistos en Argentina durante el siglo XX, y facilitaron una nueva unidad nacional despu\u00e9s de d\u00e9cadas de alt\u00edsimos niveles de tensi\u00f3n pol\u00edtica y social\u201d.<\/p>\n\n\n\n<p><\/p>\n\n\n\n<blockquote class=\"twitter-tweet\"><p lang=\"es\" dir=\"ltr\">SAL\u00d3N DE LOS PR\u00d3CERES ARGENTINOS.<br><br>Jos\u00e9 de San Mart\u00edn (1778-1850). Padre Fundador de la Patria, cuya valent\u00eda forj\u00f3 nuestra independencia. Comandante Supremo del Ej\u00e9rcito de los Andes, lider\u00f3 las haza\u00f1as en las batallas de San Lorenzo, Chacabuco y Maip\u00fa, logrando la libertad de\u2026 <a href=\"https:\/\/t.co\/FEOcmBUTpy\">pic.twitter.com\/FEOcmBUTpy<\/a><\/p>&mdash; Casa Rosada (@CasaRosada) <a href=\"https:\/\/twitter.com\/CasaRosada\/status\/1766250197502353894?ref_src=twsrc%5Etfw\">March 8, 2024<\/a><\/blockquote> <script async src=\"https:\/\/platform.twitter.com\/widgets.js\" charset=\"utf-8\"><\/script>\n\n\n\n<p><\/p>\n","protected":false},"excerpt":{"rendered":"<p>Este viernes, D\u00eda Internacional de la Mujer, el Gobierno desat\u00f3 una nueva pol\u00e9mica tras anunciar el cambio de nombre del Sal\u00f3n de las Mujeres, ahora rebautizado como Sal\u00f3n de los&hellip;<\/p>\n","protected":false},"author":3,"featured_media":22466,"comment_status":"closed","ping_status":"open","sticky":false,"template":"","format":"standard","meta":{"_acf_changed":false,"footnotes":""},"categories":[1,8],"tags":[],"class_list":["post-256356","post","type-post","status-publish","format-standard","has-post-thumbnail","hentry","category-es-noticia","category-politica"],"acf":[],"yoast_head":"<!-- This site is optimized with the Yoast SEO plugin v27.5 - https:\/\/yoast.com\/product\/yoast-seo-wordpress\/ -->\n<title>Por qu\u00e9 Carlos Sa\u00fal Menem es un pr\u00f3cer argentino, seg\u00fan el Gobierno de Milei - Diario Textual<\/title>\n<meta name=\"robots\" content=\"index, follow, max-snippet:-1, max-image-preview:large, max-video-preview:-1\" \/>\n<link rel=\"canonical\" href=\"https:\/\/diariotextual.com\/inicio\/index.php\/2024\/03\/09\/por-que-carlos-saul-menem-es-un-procer-argentino-segun-el-gobierno-de-milei\/\" \/>\n<meta property=\"og:locale\" content=\"es_ES\" \/>\n<meta property=\"og:type\" content=\"article\" \/>\n<meta property=\"og:title\" content=\"Por qu\u00e9 Carlos Sa\u00fal Menem es un pr\u00f3cer argentino, seg\u00fan el Gobierno de Milei - Diario Textual\" \/>\n<meta property=\"og:description\" content=\"Este viernes, D\u00eda Internacional de la Mujer, el Gobierno desat\u00f3 una nueva pol\u00e9mica tras anunciar el cambio de nombre del Sal\u00f3n de las Mujeres, ahora rebautizado como Sal\u00f3n de los&hellip;\" \/>\n<meta property=\"og:url\" content=\"https:\/\/diariotextual.com\/inicio\/index.php\/2024\/03\/09\/por-que-carlos-saul-menem-es-un-procer-argentino-segun-el-gobierno-de-milei\/\" \/>\n<meta property=\"og:site_name\" content=\"Diario Textual\" \/>\n<meta property=\"article:publisher\" content=\"https:\/\/www.facebook.com\/eltextual\" \/>\n<meta property=\"article:published_time\" content=\"2024-03-09T13:28:20+00:00\" \/>\n<meta property=\"article:modified_time\" content=\"2024-03-09T14:55:08+00:00\" \/>\n<meta property=\"og:image\" content=\"https:\/\/diariotextual.com\/inicio\/wp-content\/uploads\/2018\/10\/menemcarlos11.jpg\" \/>\n\t<meta property=\"og:image:width\" content=\"1100\" \/>\n\t<meta property=\"og:image:height\" content=\"733\" \/>\n\t<meta property=\"og:image:type\" content=\"image\/jpeg\" \/>\n<meta name=\"author\" content=\"Diario1 Diario1\" \/>\n<meta name=\"twitter:card\" content=\"summary_large_image\" \/>\n<meta name=\"twitter:creator\" content=\"@eltextual\" \/>\n<meta name=\"twitter:site\" content=\"@eltextual\" \/>\n<meta name=\"twitter:label1\" content=\"Escrito por\" \/>\n\t<meta name=\"twitter:data1\" content=\"Diario1 Diario1\" \/>\n\t<meta name=\"twitter:label2\" content=\"Tiempo de lectura\" \/>\n\t<meta name=\"twitter:data2\" content=\"2 minutos\" \/>\n<script type=\"application\/ld+json\" class=\"yoast-schema-graph\">{\"@context\":\"https:\\\/\\\/schema.org\",\"@graph\":[{\"@type\":\"Article\",\"@id\":\"https:\\\/\\\/diariotextual.com\\\/inicio\\\/index.php\\\/2024\\\/03\\\/09\\\/por-que-carlos-saul-menem-es-un-procer-argentino-segun-el-gobierno-de-milei\\\/#article\",\"isPartOf\":{\"@id\":\"https:\\\/\\\/diariotextual.com\\\/inicio\\\/index.php\\\/2024\\\/03\\\/09\\\/por-que-carlos-saul-menem-es-un-procer-argentino-segun-el-gobierno-de-milei\\\/\"},\"author\":{\"name\":\"Diario1 Diario1\",\"@id\":\"https:\\\/\\\/diariotextual.com\\\/inicio\\\/#\\\/schema\\\/person\\\/418fc4093c33e86ed41562db3508f958\"},\"headline\":\"Por qu\u00e9 Carlos Sa\u00fal Menem es un pr\u00f3cer argentino, seg\u00fan el Gobierno de Milei\",\"datePublished\":\"2024-03-09T13:28:20+00:00\",\"dateModified\":\"2024-03-09T14:55:08+00:00\",\"mainEntityOfPage\":{\"@id\":\"https:\\\/\\\/diariotextual.com\\\/inicio\\\/index.php\\\/2024\\\/03\\\/09\\\/por-que-carlos-saul-menem-es-un-procer-argentino-segun-el-gobierno-de-milei\\\/\"},\"wordCount\":435,\"publisher\":{\"@id\":\"https:\\\/\\\/diariotextual.com\\\/inicio\\\/#organization\"},\"image\":{\"@id\":\"https:\\\/\\\/diariotextual.com\\\/inicio\\\/index.php\\\/2024\\\/03\\\/09\\\/por-que-carlos-saul-menem-es-un-procer-argentino-segun-el-gobierno-de-milei\\\/#primaryimage\"},\"thumbnailUrl\":\"https:\\\/\\\/diariotextual.com\\\/inicio\\\/wp-content\\\/uploads\\\/2018\\\/10\\\/menemcarlos11.jpg\",\"articleSection\":[\"A - ES NOTICIA (van abajo)\",\"POLITICA\"],\"inLanguage\":\"es\"},{\"@type\":\"WebPage\",\"@id\":\"https:\\\/\\\/diariotextual.com\\\/inicio\\\/index.php\\\/2024\\\/03\\\/09\\\/por-que-carlos-saul-menem-es-un-procer-argentino-segun-el-gobierno-de-milei\\\/\",\"url\":\"https:\\\/\\\/diariotextual.com\\\/inicio\\\/index.php\\\/2024\\\/03\\\/09\\\/por-que-carlos-saul-menem-es-un-procer-argentino-segun-el-gobierno-de-milei\\\/\",\"name\":\"Por qu\u00e9 Carlos Sa\u00fal Menem es un pr\u00f3cer argentino, seg\u00fan el Gobierno de Milei - Diario Textual\",\"isPartOf\":{\"@id\":\"https:\\\/\\\/diariotextual.com\\\/inicio\\\/#website\"},\"primaryImageOfPage\":{\"@id\":\"https:\\\/\\\/diariotextual.com\\\/inicio\\\/index.php\\\/2024\\\/03\\\/09\\\/por-que-carlos-saul-menem-es-un-procer-argentino-segun-el-gobierno-de-milei\\\/#primaryimage\"},\"image\":{\"@id\":\"https:\\\/\\\/diariotextual.com\\\/inicio\\\/index.php\\\/2024\\\/03\\\/09\\\/por-que-carlos-saul-menem-es-un-procer-argentino-segun-el-gobierno-de-milei\\\/#primaryimage\"},\"thumbnailUrl\":\"https:\\\/\\\/diariotextual.com\\\/inicio\\\/wp-content\\\/uploads\\\/2018\\\/10\\\/menemcarlos11.jpg\",\"datePublished\":\"2024-03-09T13:28:20+00:00\",\"dateModified\":\"2024-03-09T14:55:08+00:00\",\"breadcrumb\":{\"@id\":\"https:\\\/\\\/diariotextual.com\\\/inicio\\\/index.php\\\/2024\\\/03\\\/09\\\/por-que-carlos-saul-menem-es-un-procer-argentino-segun-el-gobierno-de-milei\\\/#breadcrumb\"},\"inLanguage\":\"es\",\"potentialAction\":[{\"@type\":\"ReadAction\",\"target\":[\"https:\\\/\\\/diariotextual.com\\\/inicio\\\/index.php\\\/2024\\\/03\\\/09\\\/por-que-carlos-saul-menem-es-un-procer-argentino-segun-el-gobierno-de-milei\\\/\"]}]},{\"@type\":\"ImageObject\",\"inLanguage\":\"es\",\"@id\":\"https:\\\/\\\/diariotextual.com\\\/inicio\\\/index.php\\\/2024\\\/03\\\/09\\\/por-que-carlos-saul-menem-es-un-procer-argentino-segun-el-gobierno-de-milei\\\/#primaryimage\",\"url\":\"https:\\\/\\\/diariotextual.com\\\/inicio\\\/wp-content\\\/uploads\\\/2018\\\/10\\\/menemcarlos11.jpg\",\"contentUrl\":\"https:\\\/\\\/diariotextual.com\\\/inicio\\\/wp-content\\\/uploads\\\/2018\\\/10\\\/menemcarlos11.jpg\",\"width\":1100,\"height\":733},{\"@type\":\"BreadcrumbList\",\"@id\":\"https:\\\/\\\/diariotextual.com\\\/inicio\\\/index.php\\\/2024\\\/03\\\/09\\\/por-que-carlos-saul-menem-es-un-procer-argentino-segun-el-gobierno-de-milei\\\/#breadcrumb\",\"itemListElement\":[{\"@type\":\"ListItem\",\"position\":1,\"name\":\"Portada\",\"item\":\"https:\\\/\\\/diariotextual.com\\\/inicio\\\/\"},{\"@type\":\"ListItem\",\"position\":2,\"name\":\"Por qu\u00e9 Carlos Sa\u00fal Menem es un pr\u00f3cer argentino, seg\u00fan el Gobierno de Milei\"}]},{\"@type\":\"WebSite\",\"@id\":\"https:\\\/\\\/diariotextual.com\\\/inicio\\\/#website\",\"url\":\"https:\\\/\\\/diariotextual.com\\\/inicio\\\/\",\"name\":\"Diario Textual\",\"description\":\"\",\"publisher\":{\"@id\":\"https:\\\/\\\/diariotextual.com\\\/inicio\\\/#organization\"},\"potentialAction\":[{\"@type\":\"SearchAction\",\"target\":{\"@type\":\"EntryPoint\",\"urlTemplate\":\"https:\\\/\\\/diariotextual.com\\\/inicio\\\/?s={search_term_string}\"},\"query-input\":{\"@type\":\"PropertyValueSpecification\",\"valueRequired\":true,\"valueName\":\"search_term_string\"}}],\"inLanguage\":\"es\"},{\"@type\":\"Organization\",\"@id\":\"https:\\\/\\\/diariotextual.com\\\/inicio\\\/#organization\",\"name\":\"Diario Textual\",\"url\":\"https:\\\/\\\/diariotextual.com\\\/inicio\\\/\",\"logo\":{\"@type\":\"ImageObject\",\"inLanguage\":\"es\",\"@id\":\"https:\\\/\\\/diariotextual.com\\\/inicio\\\/#\\\/schema\\\/logo\\\/image\\\/\",\"url\":\"https:\\\/\\\/diariotextual.com\\\/inicio\\\/wp-content\\\/uploads\\\/2023\\\/05\\\/logotextual1.jpg\",\"contentUrl\":\"https:\\\/\\\/diariotextual.com\\\/inicio\\\/wp-content\\\/uploads\\\/2023\\\/05\\\/logotextual1.jpg\",\"width\":516,\"height\":76,\"caption\":\"Diario Textual\"},\"image\":{\"@id\":\"https:\\\/\\\/diariotextual.com\\\/inicio\\\/#\\\/schema\\\/logo\\\/image\\\/\"},\"sameAs\":[\"https:\\\/\\\/www.facebook.com\\\/eltextual\",\"https:\\\/\\\/x.com\\\/eltextual\",\"http:\\\/\\\/www.instagram.com\\\/eltextual\"]},{\"@type\":\"Person\",\"@id\":\"https:\\\/\\\/diariotextual.com\\\/inicio\\\/#\\\/schema\\\/person\\\/418fc4093c33e86ed41562db3508f958\",\"name\":\"Diario1 Diario1\",\"image\":{\"@type\":\"ImageObject\",\"inLanguage\":\"es\",\"@id\":\"https:\\\/\\\/secure.gravatar.com\\\/avatar\\\/9167d280179c85bc18be67aa7eda765854300033af4896dd779b608640f2ef7a?s=96&d=mm&r=g\",\"url\":\"https:\\\/\\\/secure.gravatar.com\\\/avatar\\\/9167d280179c85bc18be67aa7eda765854300033af4896dd779b608640f2ef7a?s=96&d=mm&r=g\",\"contentUrl\":\"https:\\\/\\\/secure.gravatar.com\\\/avatar\\\/9167d280179c85bc18be67aa7eda765854300033af4896dd779b608640f2ef7a?s=96&d=mm&r=g\",\"caption\":\"Diario1 Diario1\"},\"url\":\"https:\\\/\\\/diariotextual.com\\\/inicio\\\/index.php\\\/author\\\/diario1\\\/\"}]}<\/script>\n<!-- \/ Yoast SEO plugin. -->","yoast_head_json":{"title":"Por qu\u00e9 Carlos Sa\u00fal Menem es un pr\u00f3cer argentino, seg\u00fan el Gobierno de Milei - Diario Textual","robots":{"index":"index","follow":"follow","max-snippet":"max-snippet:-1","max-image-preview":"max-image-preview:large","max-video-preview":"max-video-preview:-1"},"canonical":"https:\/\/diariotextual.com\/inicio\/index.php\/2024\/03\/09\/por-que-carlos-saul-menem-es-un-procer-argentino-segun-el-gobierno-de-milei\/","og_locale":"es_ES","og_type":"article","og_title":"Por qu\u00e9 Carlos Sa\u00fal Menem es un pr\u00f3cer argentino, seg\u00fan el Gobierno de Milei - Diario Textual","og_description":"Este viernes, D\u00eda Internacional de la Mujer, el Gobierno desat\u00f3 una nueva pol\u00e9mica tras anunciar el cambio de nombre del Sal\u00f3n de las Mujeres, ahora rebautizado como Sal\u00f3n de los&hellip;","og_url":"https:\/\/diariotextual.com\/inicio\/index.php\/2024\/03\/09\/por-que-carlos-saul-menem-es-un-procer-argentino-segun-el-gobierno-de-milei\/","og_site_name":"Diario Textual","article_publisher":"https:\/\/www.facebook.com\/eltextual","article_published_time":"2024-03-09T13:28:20+00:00","article_modified_time":"2024-03-09T14:55:08+00:00","og_image":[{"width":1100,"height":733,"url":"https:\/\/diariotextual.com\/inicio\/wp-content\/uploads\/2018\/10\/menemcarlos11.jpg","type":"image\/jpeg"}],"author":"Diario1 Diario1","twitter_card":"summary_large_image","twitter_creator":"@eltextual","twitter_site":"@eltextual","twitter_misc":{"Escrito por":"Diario1 Diario1","Tiempo de lectura":"2 minutos"},"schema":{"@context":"https:\/\/schema.org","@graph":[{"@type":"Article","@id":"https:\/\/diariotextual.com\/inicio\/index.php\/2024\/03\/09\/por-que-carlos-saul-menem-es-un-procer-argentino-segun-el-gobierno-de-milei\/#article","isPartOf":{"@id":"https:\/\/diariotextual.com\/inicio\/index.php\/2024\/03\/09\/por-que-carlos-saul-menem-es-un-procer-argentino-segun-el-gobierno-de-milei\/"},"author":{"name":"Diario1 Diario1","@id":"https:\/\/diariotextual.com\/inicio\/#\/schema\/person\/418fc4093c33e86ed41562db3508f958"},"headline":"Por qu\u00e9 Carlos Sa\u00fal Menem es un pr\u00f3cer argentino, seg\u00fan el Gobierno de Milei","datePublished":"2024-03-09T13:28:20+00:00","dateModified":"2024-03-09T14:55:08+00:00","mainEntityOfPage":{"@id":"https:\/\/diariotextual.com\/inicio\/index.php\/2024\/03\/09\/por-que-carlos-saul-menem-es-un-procer-argentino-segun-el-gobierno-de-milei\/"},"wordCount":435,"publisher":{"@id":"https:\/\/diariotextual.com\/inicio\/#organization"},"image":{"@id":"https:\/\/diariotextual.com\/inicio\/index.php\/2024\/03\/09\/por-que-carlos-saul-menem-es-un-procer-argentino-segun-el-gobierno-de-milei\/#primaryimage"},"thumbnailUrl":"https:\/\/diariotextual.com\/inicio\/wp-content\/uploads\/2018\/10\/menemcarlos11.jpg","articleSection":["A - ES NOTICIA (van abajo)","POLITICA"],"inLanguage":"es"},{"@type":"WebPage","@id":"https:\/\/diariotextual.com\/inicio\/index.php\/2024\/03\/09\/por-que-carlos-saul-menem-es-un-procer-argentino-segun-el-gobierno-de-milei\/","url":"https:\/\/diariotextual.com\/inicio\/index.php\/2024\/03\/09\/por-que-carlos-saul-menem-es-un-procer-argentino-segun-el-gobierno-de-milei\/","name":"Por qu\u00e9 Carlos Sa\u00fal Menem es un pr\u00f3cer argentino, seg\u00fan el Gobierno de Milei - Diario Textual","isPartOf":{"@id":"https:\/\/diariotextual.com\/inicio\/#website"},"primaryImageOfPage":{"@id":"https:\/\/diariotextual.com\/inicio\/index.php\/2024\/03\/09\/por-que-carlos-saul-menem-es-un-procer-argentino-segun-el-gobierno-de-milei\/#primaryimage"},"image":{"@id":"https:\/\/diariotextual.com\/inicio\/index.php\/2024\/03\/09\/por-que-carlos-saul-menem-es-un-procer-argentino-segun-el-gobierno-de-milei\/#primaryimage"},"thumbnailUrl":"https:\/\/diariotextual.com\/inicio\/wp-content\/uploads\/2018\/10\/menemcarlos11.jpg","datePublished":"2024-03-09T13:28:20+00:00","dateModified":"2024-03-09T14:55:08+00:00","breadcrumb":{"@id":"https:\/\/diariotextual.com\/inicio\/index.php\/2024\/03\/09\/por-que-carlos-saul-menem-es-un-procer-argentino-segun-el-gobierno-de-milei\/#breadcrumb"},"inLanguage":"es","potentialAction":[{"@type":"ReadAction","target":["https:\/\/diariotextual.com\/inicio\/index.php\/2024\/03\/09\/por-que-carlos-saul-menem-es-un-procer-argentino-segun-el-gobierno-de-milei\/"]}]},{"@type":"ImageObject","inLanguage":"es","@id":"https:\/\/diariotextual.com\/inicio\/index.php\/2024\/03\/09\/por-que-carlos-saul-menem-es-un-procer-argentino-segun-el-gobierno-de-milei\/#primaryimage","url":"https:\/\/diariotextual.com\/inicio\/wp-content\/uploads\/2018\/10\/menemcarlos11.jpg","contentUrl":"https:\/\/diariotextual.com\/inicio\/wp-content\/uploads\/2018\/10\/menemcarlos11.jpg","width":1100,"height":733},{"@type":"BreadcrumbList","@id":"https:\/\/diariotextual.com\/inicio\/index.php\/2024\/03\/09\/por-que-carlos-saul-menem-es-un-procer-argentino-segun-el-gobierno-de-milei\/#breadcrumb","itemListElement":[{"@type":"ListItem","position":1,"name":"Portada","item":"https:\/\/diariotextual.com\/inicio\/"},{"@type":"ListItem","position":2,"name":"Por qu\u00e9 Carlos Sa\u00fal Menem es un pr\u00f3cer argentino, seg\u00fan el Gobierno de Milei"}]},{"@type":"WebSite","@id":"https:\/\/diariotextual.com\/inicio\/#website","url":"https:\/\/diariotextual.com\/inicio\/","name":"Diario Textual","description":"","publisher":{"@id":"https:\/\/diariotextual.com\/inicio\/#organization"},"potentialAction":[{"@type":"SearchAction","target":{"@type":"EntryPoint","urlTemplate":"https:\/\/diariotextual.com\/inicio\/?s={search_term_string}"},"query-input":{"@type":"PropertyValueSpecification","valueRequired":true,"valueName":"search_term_string"}}],"inLanguage":"es"},{"@type":"Organization","@id":"https:\/\/diariotextual.com\/inicio\/#organization","name":"Diario Textual","url":"https:\/\/diariotextual.com\/inicio\/","logo":{"@type":"ImageObject","inLanguage":"es","@id":"https:\/\/diariotextual.com\/inicio\/#\/schema\/logo\/image\/","url":"https:\/\/diariotextual.com\/inicio\/wp-content\/uploads\/2023\/05\/logotextual1.jpg","contentUrl":"https:\/\/diariotextual.com\/inicio\/wp-content\/uploads\/2023\/05\/logotextual1.jpg","width":516,"height":76,"caption":"Diario Textual"},"image":{"@id":"https:\/\/diariotextual.com\/inicio\/#\/schema\/logo\/image\/"},"sameAs":["https:\/\/www.facebook.com\/eltextual","https:\/\/x.com\/eltextual","http:\/\/www.instagram.com\/eltextual"]},{"@type":"Person","@id":"https:\/\/diariotextual.com\/inicio\/#\/schema\/person\/418fc4093c33e86ed41562db3508f958","name":"Diario1 Diario1","image":{"@type":"ImageObject","inLanguage":"es","@id":"https:\/\/secure.gravatar.com\/avatar\/9167d280179c85bc18be67aa7eda765854300033af4896dd779b608640f2ef7a?s=96&d=mm&r=g","url":"https:\/\/secure.gravatar.com\/avatar\/9167d280179c85bc18be67aa7eda765854300033af4896dd779b608640f2ef7a?s=96&d=mm&r=g","contentUrl":"https:\/\/secure.gravatar.com\/avatar\/9167d280179c85bc18be67aa7eda765854300033af4896dd779b608640f2ef7a?s=96&d=mm&r=g","caption":"Diario1 Diario1"},"url":"https:\/\/diariotextual.com\/inicio\/index.php\/author\/diario1\/"}]}},"_links":{"self":[{"href":"https:\/\/diariotextual.com\/inicio\/index.php\/wp-json\/wp\/v2\/posts\/256356","targetHints":{"allow":["GET"]}}],"collection":[{"href":"https:\/\/diariotextual.com\/inicio\/index.php\/wp-json\/wp\/v2\/posts"}],"about":[{"href":"https:\/\/diariotextual.com\/inicio\/index.php\/wp-json\/wp\/v2\/types\/post"}],"author":[{"embeddable":true,"href":"https:\/\/diariotextual.com\/inicio\/index.php\/wp-json\/wp\/v2\/users\/3"}],"replies":[{"embeddable":true,"href":"https:\/\/diariotextual.com\/inicio\/index.php\/wp-json\/wp\/v2\/comments?post=256356"}],"version-history":[{"count":1,"href":"https:\/\/diariotextual.com\/inicio\/index.php\/wp-json\/wp\/v2\/posts\/256356\/revisions"}],"predecessor-version":[{"id":256357,"href":"https:\/\/diariotextual.com\/inicio\/index.php\/wp-json\/wp\/v2\/posts\/256356\/revisions\/256357"}],"wp:featuredmedia":[{"embeddable":true,"href":"https:\/\/diariotextual.com\/inicio\/index.php\/wp-json\/wp\/v2\/media\/22466"}],"wp:attachment":[{"href":"https:\/\/diariotextual.com\/inicio\/index.php\/wp-json\/wp\/v2\/media?parent=256356"}],"wp:term":[{"taxonomy":"category","embeddable":true,"href":"https:\/\/diariotextual.com\/inicio\/index.php\/wp-json\/wp\/v2\/categories?post=256356"},{"taxonomy":"post_tag","embeddable":true,"href":"https:\/\/diariotextual.com\/inicio\/index.php\/wp-json\/wp\/v2\/tags?post=256356"}],"curies":[{"name":"wp","href":"https:\/\/api.w.org\/{rel}","templated":true}]}}