{"id":256435,"date":"2024-03-10T06:33:33","date_gmt":"2024-03-10T09:33:33","guid":{"rendered":"https:\/\/diariotextual.com\/inicio\/?p=256435"},"modified":"2024-03-10T06:33:35","modified_gmt":"2024-03-10T09:33:35","slug":"milei-anulo-su-aumento-de-sueldo-y-volvio-a-cargar-contra-cfk-y-si-le-asigno-una-jubilacion-minima","status":"publish","type":"post","link":"https:\/\/diariotextual.com\/inicio\/index.php\/2024\/03\/10\/milei-anulo-su-aumento-de-sueldo-y-volvio-a-cargar-contra-cfk-y-si-le-asigno-una-jubilacion-minima\/","title":{"rendered":"Milei anul\u00f3 su aumento de sueldo y volvi\u00f3 a cargar contra CFK: \u201c\u00bfY si le asigno una jubilaci\u00f3n m\u00ednima?\u201d"},"content":{"rendered":"\n<p>Seg\u00fan anticip\u00f3 el vocero presidencial, <strong>Manuel Adorn<\/strong>i, con una imagen en su cuenta oficial de X, <strong>el Gobierno anul\u00f3 el aumento del sueldo para los funcionarios del Poder Ejecutivo que se conoci\u00f3 durante la jornada del s\u00e1bado<\/strong> y que caus\u00f3 un fuerte intercambio en redes sociales entre el presidente <strong>Javier Milei <\/strong>y la expresidenta <strong>Cristina Kirchner<\/strong>. Con lo dispuesto, el valor de los sueldos del Presidente, la vicepresidenta y el gabinete volver\u00edan al estado del 31 de diciembre.<\/p>\n\n\n\n<p>El nuevo decreto que adelant\u00f3 Adorni estipula que, con la firma de Milei, se deroga el art\u00edculo 4 del Decreto N\u00b0 206 del 28 de febrero de 2024 y aclara que la medida rige desde el 1\u00b0 de febrero. El Gobierno hab\u00eda decidido en enero no incluir a los funcionarios del Poder Ejecutivo en el aumento a los trabajadores estatales, pero en febrero s\u00ed lo hizo, lo que implic\u00f3 un aumento de los salarios del mandatario y sus ministros del 48%.<\/p>\n\n\n\n<p>Adem\u00e1s, indica que se fijen las retribuciones de las Autoridades Superiores de las Jurisdicciones, Entidades y Organismos del Poder Ejecutivo nacional, incluidas las comprendidas en el Decreto N\u00b0 838\/94 y sus modificatorios, en el r\u00e9gimen del Decreto N\u00b0 1716\/92 y su normativa complementaria y en el Decreto N\u00b0 140\/07 y de los funcionarios con rango y jerarqu\u00eda equivalente, conforme los montos vigentes al 31 de diciembre de 2023.<\/p>\n\n\n\n<p>A su vez, mediante un comunicado de la Oficina del Presidente, se dio a conocer que la Casa Rosada decidi\u00f3 eliminar a trav\u00e9s del Decreto 235\/2024 \u201cla normativa establecida por Cristina Fern\u00e1ndez de Kirchner que vinculaba los aumentos de los trabajadores de la administraci\u00f3n p\u00fablica nacional a los sueldos de los funcionarios\u201d.\u00a0<strong>\u201cEsta medida fue dise\u00f1ada y ejecutada con el objetivo de proteger los bolsillos de la casta<\/strong>\u201d, indicaron en el escrito difundido en X.<\/p>\n\n\n\n<p>Asimismo, sostuvieron que \u201cla situaci\u00f3n heredada es cr\u00edtica y los argentinos est\u00e1n haciendo un sacrificio heroico\u201d.\u00a0<\/p>\n\n\n\n<p><strong>\u201cEs tiempo de que los pol\u00edticos paguen el costo del desfalco que han ocasionado<\/strong>\u201d, concluy\u00f3 el comunicado.<\/p>\n\n\n\n<p>A los pocos minutos, el presidente volvi\u00f3 a cargar contra Cristina Kirchner. \u201cHola Cristina. Acabo de anular los aumentos de sueldo de todo el gabinete nacional. Ya que la vi tan preocupada por las jubilaciones \u00bfQu\u00e9 le parece si le anulo los $ 14.000.000 que cobra usted de jubilaci\u00f3n de privilegio y le asigno una jubilaci\u00f3n m\u00ednima? Estimo no va a quejarse. Saludos\u201d, poste\u00f3 a medianoche el mandatario.<\/p>\n\n\n\n<p>El s\u00e1bado temprano, la diputada de Uni\u00f3n por la Patria y exministra de Desarrollo Social Victoria Tolosa Paz comparti\u00f3 una resoluci\u00f3n del Gobierno [el mencionado decreto 206 de febrero] en donde se otorgaba un aumento de casi el 48% a los funcionarios del Poder Ejecutivo. Esto fue repudiado en redes sociales en el marco del fuerte ajuste de salarios y elevada inflaci\u00f3n de los primeros meses del a\u00f1o.<\/p>\n\n\n\n<p>El presidente Javier Milei sali\u00f3 a aclarar en una serie de posteos en X que no estaba al tanto del aumento y que no iba en sinton\u00eda con las intenciones del oficialismo. Dijo que lo iba a derogar y explic\u00f3 que el aumento fue como resultado de un decreto firmado por Cristina Kirchner en 2010, que por orden ascendente deb\u00eda correr una diferencia escalonada entre los diferentes cargos de la administraci\u00f3n del Poder Ejecutivo. \u201cCada d\u00eda que pasa encontramos una nueva norma que favorec\u00eda a los pol\u00edticos y perjudicaba a los argentinos\u201d, afirm\u00f3 el mandatario.<\/p>\n\n\n\n<p>Al cabo de unas horas, la exvicepresidenta del gobierno de Alberto Fern\u00e1ndez sali\u00f3 al cruce. \u201cM\u00e1s casta y menos original no se consigue\u201d, apunt\u00f3 Cristina. <strong>\u201cLo hac\u00eda m\u00e1s valiente Presidente. Resulta que se descubre que usted y sus funcionarios se aumentaron el sueldo un 48%\u201d.<\/strong><\/p>\n\n\n\n<p>Adem\u00e1s, envi\u00f3 una \u00e1cida respuesta: \u201c\u00bfY no se le ocurre mejor excusa que echarme la culpa a m\u00ed, por un decreto que firm\u00e9 hace 14 a\u00f1os? Mejor ni le digo a qui\u00e9n me hace acordar, con esto de echarle la culpa a una mujer. M\u00e1s casta y menos original no se consigue\u201d.<\/p>\n","protected":false},"excerpt":{"rendered":"<p>Seg\u00fan anticip\u00f3 el vocero presidencial, Manuel Adorni, con una imagen en su cuenta oficial de X, el Gobierno anul\u00f3 el aumento del sueldo para los funcionarios del Poder Ejecutivo que&hellip;<\/p>\n","protected":false},"author":3,"featured_media":252083,"comment_status":"closed","ping_status":"open","sticky":false,"template":"","format":"standard","meta":{"_acf_changed":false,"footnotes":""},"categories":[1,8],"tags":[],"class_list":["post-256435","post","type-post","status-publish","format-standard","has-post-thumbnail","hentry","category-es-noticia","category-politica"],"acf":[],"yoast_head":"<!-- This site is optimized with the Yoast SEO plugin v27.5 - https:\/\/yoast.com\/product\/yoast-seo-wordpress\/ -->\n<title>Milei anul\u00f3 su aumento de sueldo y volvi\u00f3 a cargar contra CFK: \u201c\u00bfY si le asigno una jubilaci\u00f3n m\u00ednima?\u201d - Diario Textual<\/title>\n<meta name=\"robots\" content=\"index, follow, max-snippet:-1, max-image-preview:large, max-video-preview:-1\" \/>\n<link rel=\"canonical\" href=\"https:\/\/diariotextual.com\/inicio\/index.php\/2024\/03\/10\/milei-anulo-su-aumento-de-sueldo-y-volvio-a-cargar-contra-cfk-y-si-le-asigno-una-jubilacion-minima\/\" \/>\n<meta property=\"og:locale\" content=\"es_ES\" \/>\n<meta property=\"og:type\" content=\"article\" \/>\n<meta property=\"og:title\" content=\"Milei anul\u00f3 su aumento de sueldo y volvi\u00f3 a cargar contra CFK: \u201c\u00bfY si le asigno una jubilaci\u00f3n m\u00ednima?\u201d - Diario Textual\" \/>\n<meta property=\"og:description\" content=\"Seg\u00fan anticip\u00f3 el vocero presidencial, Manuel Adorni, con una imagen en su cuenta oficial de X, el Gobierno anul\u00f3 el aumento del sueldo para los funcionarios del Poder Ejecutivo que&hellip;\" \/>\n<meta property=\"og:url\" content=\"https:\/\/diariotextual.com\/inicio\/index.php\/2024\/03\/10\/milei-anulo-su-aumento-de-sueldo-y-volvio-a-cargar-contra-cfk-y-si-le-asigno-una-jubilacion-minima\/\" \/>\n<meta property=\"og:site_name\" content=\"Diario Textual\" \/>\n<meta property=\"article:publisher\" content=\"https:\/\/www.facebook.com\/eltextual\" \/>\n<meta property=\"article:published_time\" content=\"2024-03-10T09:33:33+00:00\" \/>\n<meta property=\"article:modified_time\" content=\"2024-03-10T09:33:35+00:00\" \/>\n<meta property=\"og:image\" content=\"https:\/\/diariotextual.com\/inicio\/wp-content\/uploads\/2024\/01\/mileijavier2024-55544.jpg\" \/>\n\t<meta property=\"og:image:width\" content=\"1139\" \/>\n\t<meta property=\"og:image:height\" content=\"720\" \/>\n\t<meta property=\"og:image:type\" content=\"image\/jpeg\" \/>\n<meta name=\"author\" content=\"Diario1 Diario1\" \/>\n<meta name=\"twitter:card\" content=\"summary_large_image\" \/>\n<meta name=\"twitter:creator\" content=\"@eltextual\" \/>\n<meta name=\"twitter:site\" content=\"@eltextual\" \/>\n<meta name=\"twitter:label1\" content=\"Escrito por\" \/>\n\t<meta name=\"twitter:data1\" content=\"Diario1 Diario1\" \/>\n\t<meta name=\"twitter:label2\" content=\"Tiempo de lectura\" \/>\n\t<meta name=\"twitter:data2\" content=\"4 minutos\" \/>\n<script type=\"application\/ld+json\" class=\"yoast-schema-graph\">{\"@context\":\"https:\\\/\\\/schema.org\",\"@graph\":[{\"@type\":\"Article\",\"@id\":\"https:\\\/\\\/diariotextual.com\\\/inicio\\\/index.php\\\/2024\\\/03\\\/10\\\/milei-anulo-su-aumento-de-sueldo-y-volvio-a-cargar-contra-cfk-y-si-le-asigno-una-jubilacion-minima\\\/#article\",\"isPartOf\":{\"@id\":\"https:\\\/\\\/diariotextual.com\\\/inicio\\\/index.php\\\/2024\\\/03\\\/10\\\/milei-anulo-su-aumento-de-sueldo-y-volvio-a-cargar-contra-cfk-y-si-le-asigno-una-jubilacion-minima\\\/\"},\"author\":{\"name\":\"Diario1 Diario1\",\"@id\":\"https:\\\/\\\/diariotextual.com\\\/inicio\\\/#\\\/schema\\\/person\\\/418fc4093c33e86ed41562db3508f958\"},\"headline\":\"Milei anul\u00f3 su aumento de sueldo y volvi\u00f3 a cargar contra CFK: \u201c\u00bfY si le asigno una jubilaci\u00f3n m\u00ednima?\u201d\",\"datePublished\":\"2024-03-10T09:33:33+00:00\",\"dateModified\":\"2024-03-10T09:33:35+00:00\",\"mainEntityOfPage\":{\"@id\":\"https:\\\/\\\/diariotextual.com\\\/inicio\\\/index.php\\\/2024\\\/03\\\/10\\\/milei-anulo-su-aumento-de-sueldo-y-volvio-a-cargar-contra-cfk-y-si-le-asigno-una-jubilacion-minima\\\/\"},\"wordCount\":703,\"publisher\":{\"@id\":\"https:\\\/\\\/diariotextual.com\\\/inicio\\\/#organization\"},\"image\":{\"@id\":\"https:\\\/\\\/diariotextual.com\\\/inicio\\\/index.php\\\/2024\\\/03\\\/10\\\/milei-anulo-su-aumento-de-sueldo-y-volvio-a-cargar-contra-cfk-y-si-le-asigno-una-jubilacion-minima\\\/#primaryimage\"},\"thumbnailUrl\":\"https:\\\/\\\/diariotextual.com\\\/inicio\\\/wp-content\\\/uploads\\\/2024\\\/01\\\/mileijavier2024-55544.jpg\",\"articleSection\":[\"A - ES NOTICIA (van abajo)\",\"POLITICA\"],\"inLanguage\":\"es\"},{\"@type\":\"WebPage\",\"@id\":\"https:\\\/\\\/diariotextual.com\\\/inicio\\\/index.php\\\/2024\\\/03\\\/10\\\/milei-anulo-su-aumento-de-sueldo-y-volvio-a-cargar-contra-cfk-y-si-le-asigno-una-jubilacion-minima\\\/\",\"url\":\"https:\\\/\\\/diariotextual.com\\\/inicio\\\/index.php\\\/2024\\\/03\\\/10\\\/milei-anulo-su-aumento-de-sueldo-y-volvio-a-cargar-contra-cfk-y-si-le-asigno-una-jubilacion-minima\\\/\",\"name\":\"Milei anul\u00f3 su aumento de sueldo y volvi\u00f3 a cargar contra CFK: \u201c\u00bfY si le asigno una jubilaci\u00f3n m\u00ednima?\u201d - Diario Textual\",\"isPartOf\":{\"@id\":\"https:\\\/\\\/diariotextual.com\\\/inicio\\\/#website\"},\"primaryImageOfPage\":{\"@id\":\"https:\\\/\\\/diariotextual.com\\\/inicio\\\/index.php\\\/2024\\\/03\\\/10\\\/milei-anulo-su-aumento-de-sueldo-y-volvio-a-cargar-contra-cfk-y-si-le-asigno-una-jubilacion-minima\\\/#primaryimage\"},\"image\":{\"@id\":\"https:\\\/\\\/diariotextual.com\\\/inicio\\\/index.php\\\/2024\\\/03\\\/10\\\/milei-anulo-su-aumento-de-sueldo-y-volvio-a-cargar-contra-cfk-y-si-le-asigno-una-jubilacion-minima\\\/#primaryimage\"},\"thumbnailUrl\":\"https:\\\/\\\/diariotextual.com\\\/inicio\\\/wp-content\\\/uploads\\\/2024\\\/01\\\/mileijavier2024-55544.jpg\",\"datePublished\":\"2024-03-10T09:33:33+00:00\",\"dateModified\":\"2024-03-10T09:33:35+00:00\",\"breadcrumb\":{\"@id\":\"https:\\\/\\\/diariotextual.com\\\/inicio\\\/index.php\\\/2024\\\/03\\\/10\\\/milei-anulo-su-aumento-de-sueldo-y-volvio-a-cargar-contra-cfk-y-si-le-asigno-una-jubilacion-minima\\\/#breadcrumb\"},\"inLanguage\":\"es\",\"potentialAction\":[{\"@type\":\"ReadAction\",\"target\":[\"https:\\\/\\\/diariotextual.com\\\/inicio\\\/index.php\\\/2024\\\/03\\\/10\\\/milei-anulo-su-aumento-de-sueldo-y-volvio-a-cargar-contra-cfk-y-si-le-asigno-una-jubilacion-minima\\\/\"]}]},{\"@type\":\"ImageObject\",\"inLanguage\":\"es\",\"@id\":\"https:\\\/\\\/diariotextual.com\\\/inicio\\\/index.php\\\/2024\\\/03\\\/10\\\/milei-anulo-su-aumento-de-sueldo-y-volvio-a-cargar-contra-cfk-y-si-le-asigno-una-jubilacion-minima\\\/#primaryimage\",\"url\":\"https:\\\/\\\/diariotextual.com\\\/inicio\\\/wp-content\\\/uploads\\\/2024\\\/01\\\/mileijavier2024-55544.jpg\",\"contentUrl\":\"https:\\\/\\\/diariotextual.com\\\/inicio\\\/wp-content\\\/uploads\\\/2024\\\/01\\\/mileijavier2024-55544.jpg\",\"width\":1139,\"height\":720},{\"@type\":\"BreadcrumbList\",\"@id\":\"https:\\\/\\\/diariotextual.com\\\/inicio\\\/index.php\\\/2024\\\/03\\\/10\\\/milei-anulo-su-aumento-de-sueldo-y-volvio-a-cargar-contra-cfk-y-si-le-asigno-una-jubilacion-minima\\\/#breadcrumb\",\"itemListElement\":[{\"@type\":\"ListItem\",\"position\":1,\"name\":\"Portada\",\"item\":\"https:\\\/\\\/diariotextual.com\\\/inicio\\\/\"},{\"@type\":\"ListItem\",\"position\":2,\"name\":\"Milei anul\u00f3 su aumento de sueldo y volvi\u00f3 a cargar contra CFK: \u201c\u00bfY si le asigno una jubilaci\u00f3n m\u00ednima?\u201d\"}]},{\"@type\":\"WebSite\",\"@id\":\"https:\\\/\\\/diariotextual.com\\\/inicio\\\/#website\",\"url\":\"https:\\\/\\\/diariotextual.com\\\/inicio\\\/\",\"name\":\"Diario Textual\",\"description\":\"\",\"publisher\":{\"@id\":\"https:\\\/\\\/diariotextual.com\\\/inicio\\\/#organization\"},\"potentialAction\":[{\"@type\":\"SearchAction\",\"target\":{\"@type\":\"EntryPoint\",\"urlTemplate\":\"https:\\\/\\\/diariotextual.com\\\/inicio\\\/?s={search_term_string}\"},\"query-input\":{\"@type\":\"PropertyValueSpecification\",\"valueRequired\":true,\"valueName\":\"search_term_string\"}}],\"inLanguage\":\"es\"},{\"@type\":\"Organization\",\"@id\":\"https:\\\/\\\/diariotextual.com\\\/inicio\\\/#organization\",\"name\":\"Diario Textual\",\"url\":\"https:\\\/\\\/diariotextual.com\\\/inicio\\\/\",\"logo\":{\"@type\":\"ImageObject\",\"inLanguage\":\"es\",\"@id\":\"https:\\\/\\\/diariotextual.com\\\/inicio\\\/#\\\/schema\\\/logo\\\/image\\\/\",\"url\":\"https:\\\/\\\/diariotextual.com\\\/inicio\\\/wp-content\\\/uploads\\\/2023\\\/05\\\/logotextual1.jpg\",\"contentUrl\":\"https:\\\/\\\/diariotextual.com\\\/inicio\\\/wp-content\\\/uploads\\\/2023\\\/05\\\/logotextual1.jpg\",\"width\":516,\"height\":76,\"caption\":\"Diario Textual\"},\"image\":{\"@id\":\"https:\\\/\\\/diariotextual.com\\\/inicio\\\/#\\\/schema\\\/logo\\\/image\\\/\"},\"sameAs\":[\"https:\\\/\\\/www.facebook.com\\\/eltextual\",\"https:\\\/\\\/x.com\\\/eltextual\",\"http:\\\/\\\/www.instagram.com\\\/eltextual\"]},{\"@type\":\"Person\",\"@id\":\"https:\\\/\\\/diariotextual.com\\\/inicio\\\/#\\\/schema\\\/person\\\/418fc4093c33e86ed41562db3508f958\",\"name\":\"Diario1 Diario1\",\"image\":{\"@type\":\"ImageObject\",\"inLanguage\":\"es\",\"@id\":\"https:\\\/\\\/secure.gravatar.com\\\/avatar\\\/9167d280179c85bc18be67aa7eda765854300033af4896dd779b608640f2ef7a?s=96&d=mm&r=g\",\"url\":\"https:\\\/\\\/secure.gravatar.com\\\/avatar\\\/9167d280179c85bc18be67aa7eda765854300033af4896dd779b608640f2ef7a?s=96&d=mm&r=g\",\"contentUrl\":\"https:\\\/\\\/secure.gravatar.com\\\/avatar\\\/9167d280179c85bc18be67aa7eda765854300033af4896dd779b608640f2ef7a?s=96&d=mm&r=g\",\"caption\":\"Diario1 Diario1\"},\"url\":\"https:\\\/\\\/diariotextual.com\\\/inicio\\\/index.php\\\/author\\\/diario1\\\/\"}]}<\/script>\n<!-- \/ Yoast SEO plugin. -->","yoast_head_json":{"title":"Milei anul\u00f3 su aumento de sueldo y volvi\u00f3 a cargar contra CFK: \u201c\u00bfY si le asigno una jubilaci\u00f3n m\u00ednima?\u201d - Diario Textual","robots":{"index":"index","follow":"follow","max-snippet":"max-snippet:-1","max-image-preview":"max-image-preview:large","max-video-preview":"max-video-preview:-1"},"canonical":"https:\/\/diariotextual.com\/inicio\/index.php\/2024\/03\/10\/milei-anulo-su-aumento-de-sueldo-y-volvio-a-cargar-contra-cfk-y-si-le-asigno-una-jubilacion-minima\/","og_locale":"es_ES","og_type":"article","og_title":"Milei anul\u00f3 su aumento de sueldo y volvi\u00f3 a cargar contra CFK: \u201c\u00bfY si le asigno una jubilaci\u00f3n m\u00ednima?\u201d - Diario Textual","og_description":"Seg\u00fan anticip\u00f3 el vocero presidencial, Manuel Adorni, con una imagen en su cuenta oficial de X, el Gobierno anul\u00f3 el aumento del sueldo para los funcionarios del Poder Ejecutivo que&hellip;","og_url":"https:\/\/diariotextual.com\/inicio\/index.php\/2024\/03\/10\/milei-anulo-su-aumento-de-sueldo-y-volvio-a-cargar-contra-cfk-y-si-le-asigno-una-jubilacion-minima\/","og_site_name":"Diario Textual","article_publisher":"https:\/\/www.facebook.com\/eltextual","article_published_time":"2024-03-10T09:33:33+00:00","article_modified_time":"2024-03-10T09:33:35+00:00","og_image":[{"width":1139,"height":720,"url":"https:\/\/diariotextual.com\/inicio\/wp-content\/uploads\/2024\/01\/mileijavier2024-55544.jpg","type":"image\/jpeg"}],"author":"Diario1 Diario1","twitter_card":"summary_large_image","twitter_creator":"@eltextual","twitter_site":"@eltextual","twitter_misc":{"Escrito por":"Diario1 Diario1","Tiempo de lectura":"4 minutos"},"schema":{"@context":"https:\/\/schema.org","@graph":[{"@type":"Article","@id":"https:\/\/diariotextual.com\/inicio\/index.php\/2024\/03\/10\/milei-anulo-su-aumento-de-sueldo-y-volvio-a-cargar-contra-cfk-y-si-le-asigno-una-jubilacion-minima\/#article","isPartOf":{"@id":"https:\/\/diariotextual.com\/inicio\/index.php\/2024\/03\/10\/milei-anulo-su-aumento-de-sueldo-y-volvio-a-cargar-contra-cfk-y-si-le-asigno-una-jubilacion-minima\/"},"author":{"name":"Diario1 Diario1","@id":"https:\/\/diariotextual.com\/inicio\/#\/schema\/person\/418fc4093c33e86ed41562db3508f958"},"headline":"Milei anul\u00f3 su aumento de sueldo y volvi\u00f3 a cargar contra CFK: \u201c\u00bfY si le asigno una jubilaci\u00f3n m\u00ednima?\u201d","datePublished":"2024-03-10T09:33:33+00:00","dateModified":"2024-03-10T09:33:35+00:00","mainEntityOfPage":{"@id":"https:\/\/diariotextual.com\/inicio\/index.php\/2024\/03\/10\/milei-anulo-su-aumento-de-sueldo-y-volvio-a-cargar-contra-cfk-y-si-le-asigno-una-jubilacion-minima\/"},"wordCount":703,"publisher":{"@id":"https:\/\/diariotextual.com\/inicio\/#organization"},"image":{"@id":"https:\/\/diariotextual.com\/inicio\/index.php\/2024\/03\/10\/milei-anulo-su-aumento-de-sueldo-y-volvio-a-cargar-contra-cfk-y-si-le-asigno-una-jubilacion-minima\/#primaryimage"},"thumbnailUrl":"https:\/\/diariotextual.com\/inicio\/wp-content\/uploads\/2024\/01\/mileijavier2024-55544.jpg","articleSection":["A - ES NOTICIA (van abajo)","POLITICA"],"inLanguage":"es"},{"@type":"WebPage","@id":"https:\/\/diariotextual.com\/inicio\/index.php\/2024\/03\/10\/milei-anulo-su-aumento-de-sueldo-y-volvio-a-cargar-contra-cfk-y-si-le-asigno-una-jubilacion-minima\/","url":"https:\/\/diariotextual.com\/inicio\/index.php\/2024\/03\/10\/milei-anulo-su-aumento-de-sueldo-y-volvio-a-cargar-contra-cfk-y-si-le-asigno-una-jubilacion-minima\/","name":"Milei anul\u00f3 su aumento de sueldo y volvi\u00f3 a cargar contra CFK: \u201c\u00bfY si le asigno una jubilaci\u00f3n m\u00ednima?\u201d - Diario Textual","isPartOf":{"@id":"https:\/\/diariotextual.com\/inicio\/#website"},"primaryImageOfPage":{"@id":"https:\/\/diariotextual.com\/inicio\/index.php\/2024\/03\/10\/milei-anulo-su-aumento-de-sueldo-y-volvio-a-cargar-contra-cfk-y-si-le-asigno-una-jubilacion-minima\/#primaryimage"},"image":{"@id":"https:\/\/diariotextual.com\/inicio\/index.php\/2024\/03\/10\/milei-anulo-su-aumento-de-sueldo-y-volvio-a-cargar-contra-cfk-y-si-le-asigno-una-jubilacion-minima\/#primaryimage"},"thumbnailUrl":"https:\/\/diariotextual.com\/inicio\/wp-content\/uploads\/2024\/01\/mileijavier2024-55544.jpg","datePublished":"2024-03-10T09:33:33+00:00","dateModified":"2024-03-10T09:33:35+00:00","breadcrumb":{"@id":"https:\/\/diariotextual.com\/inicio\/index.php\/2024\/03\/10\/milei-anulo-su-aumento-de-sueldo-y-volvio-a-cargar-contra-cfk-y-si-le-asigno-una-jubilacion-minima\/#breadcrumb"},"inLanguage":"es","potentialAction":[{"@type":"ReadAction","target":["https:\/\/diariotextual.com\/inicio\/index.php\/2024\/03\/10\/milei-anulo-su-aumento-de-sueldo-y-volvio-a-cargar-contra-cfk-y-si-le-asigno-una-jubilacion-minima\/"]}]},{"@type":"ImageObject","inLanguage":"es","@id":"https:\/\/diariotextual.com\/inicio\/index.php\/2024\/03\/10\/milei-anulo-su-aumento-de-sueldo-y-volvio-a-cargar-contra-cfk-y-si-le-asigno-una-jubilacion-minima\/#primaryimage","url":"https:\/\/diariotextual.com\/inicio\/wp-content\/uploads\/2024\/01\/mileijavier2024-55544.jpg","contentUrl":"https:\/\/diariotextual.com\/inicio\/wp-content\/uploads\/2024\/01\/mileijavier2024-55544.jpg","width":1139,"height":720},{"@type":"BreadcrumbList","@id":"https:\/\/diariotextual.com\/inicio\/index.php\/2024\/03\/10\/milei-anulo-su-aumento-de-sueldo-y-volvio-a-cargar-contra-cfk-y-si-le-asigno-una-jubilacion-minima\/#breadcrumb","itemListElement":[{"@type":"ListItem","position":1,"name":"Portada","item":"https:\/\/diariotextual.com\/inicio\/"},{"@type":"ListItem","position":2,"name":"Milei anul\u00f3 su aumento de sueldo y volvi\u00f3 a cargar contra CFK: \u201c\u00bfY si le asigno una jubilaci\u00f3n m\u00ednima?\u201d"}]},{"@type":"WebSite","@id":"https:\/\/diariotextual.com\/inicio\/#website","url":"https:\/\/diariotextual.com\/inicio\/","name":"Diario Textual","description":"","publisher":{"@id":"https:\/\/diariotextual.com\/inicio\/#organization"},"potentialAction":[{"@type":"SearchAction","target":{"@type":"EntryPoint","urlTemplate":"https:\/\/diariotextual.com\/inicio\/?s={search_term_string}"},"query-input":{"@type":"PropertyValueSpecification","valueRequired":true,"valueName":"search_term_string"}}],"inLanguage":"es"},{"@type":"Organization","@id":"https:\/\/diariotextual.com\/inicio\/#organization","name":"Diario Textual","url":"https:\/\/diariotextual.com\/inicio\/","logo":{"@type":"ImageObject","inLanguage":"es","@id":"https:\/\/diariotextual.com\/inicio\/#\/schema\/logo\/image\/","url":"https:\/\/diariotextual.com\/inicio\/wp-content\/uploads\/2023\/05\/logotextual1.jpg","contentUrl":"https:\/\/diariotextual.com\/inicio\/wp-content\/uploads\/2023\/05\/logotextual1.jpg","width":516,"height":76,"caption":"Diario Textual"},"image":{"@id":"https:\/\/diariotextual.com\/inicio\/#\/schema\/logo\/image\/"},"sameAs":["https:\/\/www.facebook.com\/eltextual","https:\/\/x.com\/eltextual","http:\/\/www.instagram.com\/eltextual"]},{"@type":"Person","@id":"https:\/\/diariotextual.com\/inicio\/#\/schema\/person\/418fc4093c33e86ed41562db3508f958","name":"Diario1 Diario1","image":{"@type":"ImageObject","inLanguage":"es","@id":"https:\/\/secure.gravatar.com\/avatar\/9167d280179c85bc18be67aa7eda765854300033af4896dd779b608640f2ef7a?s=96&d=mm&r=g","url":"https:\/\/secure.gravatar.com\/avatar\/9167d280179c85bc18be67aa7eda765854300033af4896dd779b608640f2ef7a?s=96&d=mm&r=g","contentUrl":"https:\/\/secure.gravatar.com\/avatar\/9167d280179c85bc18be67aa7eda765854300033af4896dd779b608640f2ef7a?s=96&d=mm&r=g","caption":"Diario1 Diario1"},"url":"https:\/\/diariotextual.com\/inicio\/index.php\/author\/diario1\/"}]}},"_links":{"self":[{"href":"https:\/\/diariotextual.com\/inicio\/index.php\/wp-json\/wp\/v2\/posts\/256435","targetHints":{"allow":["GET"]}}],"collection":[{"href":"https:\/\/diariotextual.com\/inicio\/index.php\/wp-json\/wp\/v2\/posts"}],"about":[{"href":"https:\/\/diariotextual.com\/inicio\/index.php\/wp-json\/wp\/v2\/types\/post"}],"author":[{"embeddable":true,"href":"https:\/\/diariotextual.com\/inicio\/index.php\/wp-json\/wp\/v2\/users\/3"}],"replies":[{"embeddable":true,"href":"https:\/\/diariotextual.com\/inicio\/index.php\/wp-json\/wp\/v2\/comments?post=256435"}],"version-history":[{"count":1,"href":"https:\/\/diariotextual.com\/inicio\/index.php\/wp-json\/wp\/v2\/posts\/256435\/revisions"}],"predecessor-version":[{"id":256436,"href":"https:\/\/diariotextual.com\/inicio\/index.php\/wp-json\/wp\/v2\/posts\/256435\/revisions\/256436"}],"wp:featuredmedia":[{"embeddable":true,"href":"https:\/\/diariotextual.com\/inicio\/index.php\/wp-json\/wp\/v2\/media\/252083"}],"wp:attachment":[{"href":"https:\/\/diariotextual.com\/inicio\/index.php\/wp-json\/wp\/v2\/media?parent=256435"}],"wp:term":[{"taxonomy":"category","embeddable":true,"href":"https:\/\/diariotextual.com\/inicio\/index.php\/wp-json\/wp\/v2\/categories?post=256435"},{"taxonomy":"post_tag","embeddable":true,"href":"https:\/\/diariotextual.com\/inicio\/index.php\/wp-json\/wp\/v2\/tags?post=256435"}],"curies":[{"name":"wp","href":"https:\/\/api.w.org\/{rel}","templated":true}]}}