{"id":25664,"date":"2018-11-01T19:50:39","date_gmt":"2018-11-01T22:50:39","guid":{"rendered":"http:\/\/diariotextual.com\/inicio\/?p=25664"},"modified":"2018-11-01T19:50:39","modified_gmt":"2018-11-01T22:50:39","slug":"inauguraron-nueva-sede-del-registro-civil-molas","status":"publish","type":"post","link":"https:\/\/diariotextual.com\/inicio\/index.php\/2018\/11\/01\/inauguraron-nueva-sede-del-registro-civil-molas\/","title":{"rendered":"Inauguraron nueva sede del Registro Civil, en el Molas"},"content":{"rendered":"<p>Esta ma\u00f1ana se inauguraron las refacciones y ampliaciones de las oficinas del Registro Civil, en el Hospital Lucio Molas. Con una inversi\u00f3n cercana a los 9 millones de pesos, se refaccionaron totalmente las instalaciones, de alrededor de 100 metros cuadrados, y se realizaron ampliaciones por 200 metros m\u00e1s.<\/p>\n<p>En el acto se efectu\u00f3 el tradicional corte de cintas y descubrimiento de placa recordatoria, con la presencia de los ministros de Gobierno y Justicia, Daniel Bensus\u00e1n, y de Salud, Mario Kohan, los subsecretarios de Justicia y Registro P\u00fablico, Diego \u00c1lvarez; de Salud, Gustavo Vera; y de Obras y Servicios P\u00fablicos, Juan Carlos Guzm\u00e1n, adem\u00e1s de otras autoridades y el personal de esta sede<\/p>\n<p>\u201cEstamos acercando este servicio a donde viven los vecinos, buscando mejorar la accesibilidad y la simplificaci\u00f3n de tr\u00e1mites. Con iniciativas de este tipo evitamos que, para estos tr\u00e1mites, uno deba trasladarse hasta el centro\u201d, dijo Bensus\u00e1n.<\/p>\n<p>Los hospitales Lucio Molas y Evita, en Santa Rosa, y Gobernador Centeno, de General Pico, tienen sus respectivas oficinas de atenci\u00f3n del Registro Civil, adem\u00e1s de llevar el Registro Civil M\u00f3vil a los distintos centros de salud.<\/p>\n<p>\u201cLa obra que hoy inauguramos llev\u00f3 una inversi\u00f3n del estado provincial de alrededor de 9 millones de pesos. Se repar\u00f3 todo el edificio, pero tambi\u00e9n se realiz\u00f3 una importante ampliaci\u00f3n de la superficie cubierta. Esto es muy importante: se refaccionaron cerca de 100 metros cuadrados, pero se le agregaron doscientos metros m\u00e1s. De esta manera logramos que tanto las personas que vengan a realizar sus tr\u00e1mites, como los agentes p\u00fablicos puedan interactuar con amplitud y comodidad\u201d, agreg\u00f3 Bensus\u00e1n.<\/p>\n<p>\u201cHoy damos un paso m\u00e1s para que los tr\u00e1mites sean m\u00e1s simples y estemos mas cerca de la gente: acercamos el tr\u00e1mite documentario, y de una manera simple y c\u00f3moda para el vecino. Presentamos hoy un centro totalmente digitalizado, con tres puestos de toma de tr\u00e1mite documentario\u201d, dijo tambi\u00e9n.<\/p>\n<p>\u201cEn La Pampa, el tr\u00e1mite de Inscripci\u00f3n del Nacimiento de nuestros hijos es totalmente gratis. No hay barrera que impida que accedan a su Derecho a la Identidad. Es importante la presencia de las oficinas en los centros de salud, porque aporta al trabajo conjunto en la confecci\u00f3n de estad\u00edsticas sanitarias. A pesar de la situaci\u00f3n econ\u00f3mica por las pol\u00edticas nacionales, el gobierno de Carlos Verna sigue invirtiendo para que todos los pampeanos tengan acceso a sus derechos en forma equitativa\u201d, concluy\u00f3 el ministro.<\/p>\n<p>En este centro se podr\u00e1n expedir partidas de nacimientos y defunciones, certificados de libre deuda alimentario, rectificaciones administrativas, inscripci\u00f3n en extra\u00f1a jurisdicci\u00f3n, autorizaci\u00f3n de viajes. El Registro Civil del Molas inscribe un promedio de mil quinientos (1500) nacimientos y trescientos treinta (330) defunciones al a\u00f1o, habiendo tomado en lo que va del a\u00f1o aproximadamente mil doscientos (1200) tr\u00e1mites documentarios, dependiendo de la concurrencia del interesado sin necesidad de requerir turno para su atenci\u00f3n.<\/p>\n<p>La oficina mantiene un servicio de guardias pasivas las veinticuatro horas a fin de atender las urgencias documentarias solicitadas por la Unidad de Cuidado Intensivo Neonatal y el de Terapia Intensiva del Hospital como as\u00ed tambi\u00e9n aquellas requeridas por el Ministerio P\u00fablico Fiscal de la Provincia, realizando un trabajo interdisciplinario durante todo el a\u00f1o.<\/p>\n<p>En lo que va del a\u00f1o se han hecho 35 mil DNI en toda la provincia y m\u00e1s de 10 mil solo en Santa Rosa. Desde el inicio de esta gesti\u00f3n se hicieron m\u00e1s de 100 mil documentos.<\/p>\n<p>&nbsp;<\/p>\n<p>&nbsp;<\/p>\n","protected":false},"excerpt":{"rendered":"<p>Esta ma\u00f1ana se inauguraron las refacciones y ampliaciones de las oficinas del Registro Civil, en el Hospital Lucio Molas. Con una inversi\u00f3n cercana a los 9 millones de pesos, se&hellip;<\/p>\n","protected":false},"author":3,"featured_media":25666,"comment_status":"closed","ping_status":"open","sticky":false,"template":"","format":"standard","meta":{"_acf_changed":false,"footnotes":""},"categories":[4,12],"tags":[],"class_list":["post-25664","post","type-post","status-publish","format-standard","has-post-thumbnail","hentry","category-destacadas","category-sociedad"],"acf":[],"yoast_head":"<!-- This site is optimized with the Yoast SEO plugin v27.5 - https:\/\/yoast.com\/product\/yoast-seo-wordpress\/ -->\n<title>Inauguraron nueva sede del Registro Civil, en el Molas - Diario Textual<\/title>\n<meta name=\"robots\" content=\"index, follow, max-snippet:-1, max-image-preview:large, max-video-preview:-1\" \/>\n<link rel=\"canonical\" href=\"https:\/\/diariotextual.com\/inicio\/index.php\/2018\/11\/01\/inauguraron-nueva-sede-del-registro-civil-molas\/\" \/>\n<meta property=\"og:locale\" content=\"es_ES\" \/>\n<meta property=\"og:type\" content=\"article\" \/>\n<meta property=\"og:title\" content=\"Inauguraron nueva sede del Registro Civil, en el Molas - Diario Textual\" \/>\n<meta property=\"og:description\" content=\"Esta ma\u00f1ana se inauguraron las refacciones y ampliaciones de las oficinas del Registro Civil, en el Hospital Lucio Molas. Con una inversi\u00f3n cercana a los 9 millones de pesos, se&hellip;\" \/>\n<meta property=\"og:url\" content=\"https:\/\/diariotextual.com\/inicio\/index.php\/2018\/11\/01\/inauguraron-nueva-sede-del-registro-civil-molas\/\" \/>\n<meta property=\"og:site_name\" content=\"Diario Textual\" \/>\n<meta property=\"article:publisher\" content=\"https:\/\/www.facebook.com\/eltextual\" \/>\n<meta property=\"article:published_time\" content=\"2018-11-01T22:50:39+00:00\" \/>\n<meta property=\"og:image\" content=\"https:\/\/diariotextual.com\/inicio\/wp-content\/uploads\/2018\/11\/registrocivilmolasinauguracion2018-1.jpg\" \/>\n\t<meta property=\"og:image:width\" content=\"1000\" \/>\n\t<meta property=\"og:image:height\" content=\"731\" \/>\n\t<meta property=\"og:image:type\" content=\"image\/jpeg\" \/>\n<meta name=\"author\" content=\"Diario1 Diario1\" \/>\n<meta name=\"twitter:card\" content=\"summary_large_image\" \/>\n<meta name=\"twitter:creator\" content=\"@eltextual\" \/>\n<meta name=\"twitter:site\" content=\"@eltextual\" \/>\n<meta name=\"twitter:label1\" content=\"Escrito por\" \/>\n\t<meta name=\"twitter:data1\" content=\"Diario1 Diario1\" \/>\n\t<meta name=\"twitter:label2\" content=\"Tiempo de lectura\" \/>\n\t<meta name=\"twitter:data2\" content=\"3 minutos\" \/>\n<script type=\"application\/ld+json\" class=\"yoast-schema-graph\">{\"@context\":\"https:\\\/\\\/schema.org\",\"@graph\":[{\"@type\":\"Article\",\"@id\":\"https:\\\/\\\/diariotextual.com\\\/inicio\\\/index.php\\\/2018\\\/11\\\/01\\\/inauguraron-nueva-sede-del-registro-civil-molas\\\/#article\",\"isPartOf\":{\"@id\":\"https:\\\/\\\/diariotextual.com\\\/inicio\\\/index.php\\\/2018\\\/11\\\/01\\\/inauguraron-nueva-sede-del-registro-civil-molas\\\/\"},\"author\":{\"name\":\"Diario1 Diario1\",\"@id\":\"https:\\\/\\\/diariotextual.com\\\/inicio\\\/#\\\/schema\\\/person\\\/418fc4093c33e86ed41562db3508f958\"},\"headline\":\"Inauguraron nueva sede del Registro Civil, en el Molas\",\"datePublished\":\"2018-11-01T22:50:39+00:00\",\"mainEntityOfPage\":{\"@id\":\"https:\\\/\\\/diariotextual.com\\\/inicio\\\/index.php\\\/2018\\\/11\\\/01\\\/inauguraron-nueva-sede-del-registro-civil-molas\\\/\"},\"wordCount\":613,\"publisher\":{\"@id\":\"https:\\\/\\\/diariotextual.com\\\/inicio\\\/#organization\"},\"image\":{\"@id\":\"https:\\\/\\\/diariotextual.com\\\/inicio\\\/index.php\\\/2018\\\/11\\\/01\\\/inauguraron-nueva-sede-del-registro-civil-molas\\\/#primaryimage\"},\"thumbnailUrl\":\"https:\\\/\\\/diariotextual.com\\\/inicio\\\/wp-content\\\/uploads\\\/2018\\\/11\\\/registrocivilmolasinauguracion2018-1.jpg\",\"articleSection\":[\"A - DESTACADAS (mod 16)\",\"SOCIEDAD\"],\"inLanguage\":\"es\"},{\"@type\":\"WebPage\",\"@id\":\"https:\\\/\\\/diariotextual.com\\\/inicio\\\/index.php\\\/2018\\\/11\\\/01\\\/inauguraron-nueva-sede-del-registro-civil-molas\\\/\",\"url\":\"https:\\\/\\\/diariotextual.com\\\/inicio\\\/index.php\\\/2018\\\/11\\\/01\\\/inauguraron-nueva-sede-del-registro-civil-molas\\\/\",\"name\":\"Inauguraron nueva sede del Registro Civil, en el Molas - Diario Textual\",\"isPartOf\":{\"@id\":\"https:\\\/\\\/diariotextual.com\\\/inicio\\\/#website\"},\"primaryImageOfPage\":{\"@id\":\"https:\\\/\\\/diariotextual.com\\\/inicio\\\/index.php\\\/2018\\\/11\\\/01\\\/inauguraron-nueva-sede-del-registro-civil-molas\\\/#primaryimage\"},\"image\":{\"@id\":\"https:\\\/\\\/diariotextual.com\\\/inicio\\\/index.php\\\/2018\\\/11\\\/01\\\/inauguraron-nueva-sede-del-registro-civil-molas\\\/#primaryimage\"},\"thumbnailUrl\":\"https:\\\/\\\/diariotextual.com\\\/inicio\\\/wp-content\\\/uploads\\\/2018\\\/11\\\/registrocivilmolasinauguracion2018-1.jpg\",\"datePublished\":\"2018-11-01T22:50:39+00:00\",\"breadcrumb\":{\"@id\":\"https:\\\/\\\/diariotextual.com\\\/inicio\\\/index.php\\\/2018\\\/11\\\/01\\\/inauguraron-nueva-sede-del-registro-civil-molas\\\/#breadcrumb\"},\"inLanguage\":\"es\",\"potentialAction\":[{\"@type\":\"ReadAction\",\"target\":[\"https:\\\/\\\/diariotextual.com\\\/inicio\\\/index.php\\\/2018\\\/11\\\/01\\\/inauguraron-nueva-sede-del-registro-civil-molas\\\/\"]}]},{\"@type\":\"ImageObject\",\"inLanguage\":\"es\",\"@id\":\"https:\\\/\\\/diariotextual.com\\\/inicio\\\/index.php\\\/2018\\\/11\\\/01\\\/inauguraron-nueva-sede-del-registro-civil-molas\\\/#primaryimage\",\"url\":\"https:\\\/\\\/diariotextual.com\\\/inicio\\\/wp-content\\\/uploads\\\/2018\\\/11\\\/registrocivilmolasinauguracion2018-1.jpg\",\"contentUrl\":\"https:\\\/\\\/diariotextual.com\\\/inicio\\\/wp-content\\\/uploads\\\/2018\\\/11\\\/registrocivilmolasinauguracion2018-1.jpg\",\"width\":1000,\"height\":731},{\"@type\":\"BreadcrumbList\",\"@id\":\"https:\\\/\\\/diariotextual.com\\\/inicio\\\/index.php\\\/2018\\\/11\\\/01\\\/inauguraron-nueva-sede-del-registro-civil-molas\\\/#breadcrumb\",\"itemListElement\":[{\"@type\":\"ListItem\",\"position\":1,\"name\":\"Portada\",\"item\":\"https:\\\/\\\/diariotextual.com\\\/inicio\\\/\"},{\"@type\":\"ListItem\",\"position\":2,\"name\":\"Inauguraron nueva sede del Registro Civil, en el Molas\"}]},{\"@type\":\"WebSite\",\"@id\":\"https:\\\/\\\/diariotextual.com\\\/inicio\\\/#website\",\"url\":\"https:\\\/\\\/diariotextual.com\\\/inicio\\\/\",\"name\":\"Diario Textual\",\"description\":\"\",\"publisher\":{\"@id\":\"https:\\\/\\\/diariotextual.com\\\/inicio\\\/#organization\"},\"potentialAction\":[{\"@type\":\"SearchAction\",\"target\":{\"@type\":\"EntryPoint\",\"urlTemplate\":\"https:\\\/\\\/diariotextual.com\\\/inicio\\\/?s={search_term_string}\"},\"query-input\":{\"@type\":\"PropertyValueSpecification\",\"valueRequired\":true,\"valueName\":\"search_term_string\"}}],\"inLanguage\":\"es\"},{\"@type\":\"Organization\",\"@id\":\"https:\\\/\\\/diariotextual.com\\\/inicio\\\/#organization\",\"name\":\"Diario Textual\",\"url\":\"https:\\\/\\\/diariotextual.com\\\/inicio\\\/\",\"logo\":{\"@type\":\"ImageObject\",\"inLanguage\":\"es\",\"@id\":\"https:\\\/\\\/diariotextual.com\\\/inicio\\\/#\\\/schema\\\/logo\\\/image\\\/\",\"url\":\"https:\\\/\\\/diariotextual.com\\\/inicio\\\/wp-content\\\/uploads\\\/2023\\\/05\\\/logotextual1.jpg\",\"contentUrl\":\"https:\\\/\\\/diariotextual.com\\\/inicio\\\/wp-content\\\/uploads\\\/2023\\\/05\\\/logotextual1.jpg\",\"width\":516,\"height\":76,\"caption\":\"Diario Textual\"},\"image\":{\"@id\":\"https:\\\/\\\/diariotextual.com\\\/inicio\\\/#\\\/schema\\\/logo\\\/image\\\/\"},\"sameAs\":[\"https:\\\/\\\/www.facebook.com\\\/eltextual\",\"https:\\\/\\\/x.com\\\/eltextual\",\"http:\\\/\\\/www.instagram.com\\\/eltextual\"]},{\"@type\":\"Person\",\"@id\":\"https:\\\/\\\/diariotextual.com\\\/inicio\\\/#\\\/schema\\\/person\\\/418fc4093c33e86ed41562db3508f958\",\"name\":\"Diario1 Diario1\",\"image\":{\"@type\":\"ImageObject\",\"inLanguage\":\"es\",\"@id\":\"https:\\\/\\\/secure.gravatar.com\\\/avatar\\\/9167d280179c85bc18be67aa7eda765854300033af4896dd779b608640f2ef7a?s=96&d=mm&r=g\",\"url\":\"https:\\\/\\\/secure.gravatar.com\\\/avatar\\\/9167d280179c85bc18be67aa7eda765854300033af4896dd779b608640f2ef7a?s=96&d=mm&r=g\",\"contentUrl\":\"https:\\\/\\\/secure.gravatar.com\\\/avatar\\\/9167d280179c85bc18be67aa7eda765854300033af4896dd779b608640f2ef7a?s=96&d=mm&r=g\",\"caption\":\"Diario1 Diario1\"},\"url\":\"https:\\\/\\\/diariotextual.com\\\/inicio\\\/index.php\\\/author\\\/diario1\\\/\"}]}<\/script>\n<!-- \/ Yoast SEO plugin. -->","yoast_head_json":{"title":"Inauguraron nueva sede del Registro Civil, en el Molas - Diario Textual","robots":{"index":"index","follow":"follow","max-snippet":"max-snippet:-1","max-image-preview":"max-image-preview:large","max-video-preview":"max-video-preview:-1"},"canonical":"https:\/\/diariotextual.com\/inicio\/index.php\/2018\/11\/01\/inauguraron-nueva-sede-del-registro-civil-molas\/","og_locale":"es_ES","og_type":"article","og_title":"Inauguraron nueva sede del Registro Civil, en el Molas - Diario Textual","og_description":"Esta ma\u00f1ana se inauguraron las refacciones y ampliaciones de las oficinas del Registro Civil, en el Hospital Lucio Molas. Con una inversi\u00f3n cercana a los 9 millones de pesos, se&hellip;","og_url":"https:\/\/diariotextual.com\/inicio\/index.php\/2018\/11\/01\/inauguraron-nueva-sede-del-registro-civil-molas\/","og_site_name":"Diario Textual","article_publisher":"https:\/\/www.facebook.com\/eltextual","article_published_time":"2018-11-01T22:50:39+00:00","og_image":[{"width":1000,"height":731,"url":"https:\/\/diariotextual.com\/inicio\/wp-content\/uploads\/2018\/11\/registrocivilmolasinauguracion2018-1.jpg","type":"image\/jpeg"}],"author":"Diario1 Diario1","twitter_card":"summary_large_image","twitter_creator":"@eltextual","twitter_site":"@eltextual","twitter_misc":{"Escrito por":"Diario1 Diario1","Tiempo de lectura":"3 minutos"},"schema":{"@context":"https:\/\/schema.org","@graph":[{"@type":"Article","@id":"https:\/\/diariotextual.com\/inicio\/index.php\/2018\/11\/01\/inauguraron-nueva-sede-del-registro-civil-molas\/#article","isPartOf":{"@id":"https:\/\/diariotextual.com\/inicio\/index.php\/2018\/11\/01\/inauguraron-nueva-sede-del-registro-civil-molas\/"},"author":{"name":"Diario1 Diario1","@id":"https:\/\/diariotextual.com\/inicio\/#\/schema\/person\/418fc4093c33e86ed41562db3508f958"},"headline":"Inauguraron nueva sede del Registro Civil, en el Molas","datePublished":"2018-11-01T22:50:39+00:00","mainEntityOfPage":{"@id":"https:\/\/diariotextual.com\/inicio\/index.php\/2018\/11\/01\/inauguraron-nueva-sede-del-registro-civil-molas\/"},"wordCount":613,"publisher":{"@id":"https:\/\/diariotextual.com\/inicio\/#organization"},"image":{"@id":"https:\/\/diariotextual.com\/inicio\/index.php\/2018\/11\/01\/inauguraron-nueva-sede-del-registro-civil-molas\/#primaryimage"},"thumbnailUrl":"https:\/\/diariotextual.com\/inicio\/wp-content\/uploads\/2018\/11\/registrocivilmolasinauguracion2018-1.jpg","articleSection":["A - DESTACADAS (mod 16)","SOCIEDAD"],"inLanguage":"es"},{"@type":"WebPage","@id":"https:\/\/diariotextual.com\/inicio\/index.php\/2018\/11\/01\/inauguraron-nueva-sede-del-registro-civil-molas\/","url":"https:\/\/diariotextual.com\/inicio\/index.php\/2018\/11\/01\/inauguraron-nueva-sede-del-registro-civil-molas\/","name":"Inauguraron nueva sede del Registro Civil, en el Molas - Diario Textual","isPartOf":{"@id":"https:\/\/diariotextual.com\/inicio\/#website"},"primaryImageOfPage":{"@id":"https:\/\/diariotextual.com\/inicio\/index.php\/2018\/11\/01\/inauguraron-nueva-sede-del-registro-civil-molas\/#primaryimage"},"image":{"@id":"https:\/\/diariotextual.com\/inicio\/index.php\/2018\/11\/01\/inauguraron-nueva-sede-del-registro-civil-molas\/#primaryimage"},"thumbnailUrl":"https:\/\/diariotextual.com\/inicio\/wp-content\/uploads\/2018\/11\/registrocivilmolasinauguracion2018-1.jpg","datePublished":"2018-11-01T22:50:39+00:00","breadcrumb":{"@id":"https:\/\/diariotextual.com\/inicio\/index.php\/2018\/11\/01\/inauguraron-nueva-sede-del-registro-civil-molas\/#breadcrumb"},"inLanguage":"es","potentialAction":[{"@type":"ReadAction","target":["https:\/\/diariotextual.com\/inicio\/index.php\/2018\/11\/01\/inauguraron-nueva-sede-del-registro-civil-molas\/"]}]},{"@type":"ImageObject","inLanguage":"es","@id":"https:\/\/diariotextual.com\/inicio\/index.php\/2018\/11\/01\/inauguraron-nueva-sede-del-registro-civil-molas\/#primaryimage","url":"https:\/\/diariotextual.com\/inicio\/wp-content\/uploads\/2018\/11\/registrocivilmolasinauguracion2018-1.jpg","contentUrl":"https:\/\/diariotextual.com\/inicio\/wp-content\/uploads\/2018\/11\/registrocivilmolasinauguracion2018-1.jpg","width":1000,"height":731},{"@type":"BreadcrumbList","@id":"https:\/\/diariotextual.com\/inicio\/index.php\/2018\/11\/01\/inauguraron-nueva-sede-del-registro-civil-molas\/#breadcrumb","itemListElement":[{"@type":"ListItem","position":1,"name":"Portada","item":"https:\/\/diariotextual.com\/inicio\/"},{"@type":"ListItem","position":2,"name":"Inauguraron nueva sede del Registro Civil, en el Molas"}]},{"@type":"WebSite","@id":"https:\/\/diariotextual.com\/inicio\/#website","url":"https:\/\/diariotextual.com\/inicio\/","name":"Diario Textual","description":"","publisher":{"@id":"https:\/\/diariotextual.com\/inicio\/#organization"},"potentialAction":[{"@type":"SearchAction","target":{"@type":"EntryPoint","urlTemplate":"https:\/\/diariotextual.com\/inicio\/?s={search_term_string}"},"query-input":{"@type":"PropertyValueSpecification","valueRequired":true,"valueName":"search_term_string"}}],"inLanguage":"es"},{"@type":"Organization","@id":"https:\/\/diariotextual.com\/inicio\/#organization","name":"Diario Textual","url":"https:\/\/diariotextual.com\/inicio\/","logo":{"@type":"ImageObject","inLanguage":"es","@id":"https:\/\/diariotextual.com\/inicio\/#\/schema\/logo\/image\/","url":"https:\/\/diariotextual.com\/inicio\/wp-content\/uploads\/2023\/05\/logotextual1.jpg","contentUrl":"https:\/\/diariotextual.com\/inicio\/wp-content\/uploads\/2023\/05\/logotextual1.jpg","width":516,"height":76,"caption":"Diario Textual"},"image":{"@id":"https:\/\/diariotextual.com\/inicio\/#\/schema\/logo\/image\/"},"sameAs":["https:\/\/www.facebook.com\/eltextual","https:\/\/x.com\/eltextual","http:\/\/www.instagram.com\/eltextual"]},{"@type":"Person","@id":"https:\/\/diariotextual.com\/inicio\/#\/schema\/person\/418fc4093c33e86ed41562db3508f958","name":"Diario1 Diario1","image":{"@type":"ImageObject","inLanguage":"es","@id":"https:\/\/secure.gravatar.com\/avatar\/9167d280179c85bc18be67aa7eda765854300033af4896dd779b608640f2ef7a?s=96&d=mm&r=g","url":"https:\/\/secure.gravatar.com\/avatar\/9167d280179c85bc18be67aa7eda765854300033af4896dd779b608640f2ef7a?s=96&d=mm&r=g","contentUrl":"https:\/\/secure.gravatar.com\/avatar\/9167d280179c85bc18be67aa7eda765854300033af4896dd779b608640f2ef7a?s=96&d=mm&r=g","caption":"Diario1 Diario1"},"url":"https:\/\/diariotextual.com\/inicio\/index.php\/author\/diario1\/"}]}},"_links":{"self":[{"href":"https:\/\/diariotextual.com\/inicio\/index.php\/wp-json\/wp\/v2\/posts\/25664","targetHints":{"allow":["GET"]}}],"collection":[{"href":"https:\/\/diariotextual.com\/inicio\/index.php\/wp-json\/wp\/v2\/posts"}],"about":[{"href":"https:\/\/diariotextual.com\/inicio\/index.php\/wp-json\/wp\/v2\/types\/post"}],"author":[{"embeddable":true,"href":"https:\/\/diariotextual.com\/inicio\/index.php\/wp-json\/wp\/v2\/users\/3"}],"replies":[{"embeddable":true,"href":"https:\/\/diariotextual.com\/inicio\/index.php\/wp-json\/wp\/v2\/comments?post=25664"}],"version-history":[{"count":2,"href":"https:\/\/diariotextual.com\/inicio\/index.php\/wp-json\/wp\/v2\/posts\/25664\/revisions"}],"predecessor-version":[{"id":25667,"href":"https:\/\/diariotextual.com\/inicio\/index.php\/wp-json\/wp\/v2\/posts\/25664\/revisions\/25667"}],"wp:featuredmedia":[{"embeddable":true,"href":"https:\/\/diariotextual.com\/inicio\/index.php\/wp-json\/wp\/v2\/media\/25666"}],"wp:attachment":[{"href":"https:\/\/diariotextual.com\/inicio\/index.php\/wp-json\/wp\/v2\/media?parent=25664"}],"wp:term":[{"taxonomy":"category","embeddable":true,"href":"https:\/\/diariotextual.com\/inicio\/index.php\/wp-json\/wp\/v2\/categories?post=25664"},{"taxonomy":"post_tag","embeddable":true,"href":"https:\/\/diariotextual.com\/inicio\/index.php\/wp-json\/wp\/v2\/tags?post=25664"}],"curies":[{"name":"wp","href":"https:\/\/api.w.org\/{rel}","templated":true}]}}