{"id":256778,"date":"2024-03-13T05:37:50","date_gmt":"2024-03-13T08:37:50","guid":{"rendered":"https:\/\/diariotextual.com\/inicio\/?p=256778"},"modified":"2024-03-13T19:58:26","modified_gmt":"2024-03-13T22:58:26","slug":"villarruel-convoco-finalmente-a-una-sesion-para-tratar-el-dnu-se-expone-a-una-derrota","status":"publish","type":"post","link":"https:\/\/diariotextual.com\/inicio\/index.php\/2024\/03\/13\/villarruel-convoco-finalmente-a-una-sesion-para-tratar-el-dnu-se-expone-a-una-derrota\/","title":{"rendered":"Villarruel convoc\u00f3 finalmente a una sesi\u00f3n para tratar el DNU: se expone a una derrota"},"content":{"rendered":"\n<p>Se agot\u00f3 el tiempo de espera. Tras dilatar el tema durante semanas,&nbsp;<strong>Victoria Villarruel&nbsp;<\/strong>cedi\u00f3 a las presiones de la oposici\u00f3n y convoc\u00f3, finalmente, a una sesi\u00f3n para tratar el mega DNU este jueves en el Senado.&nbsp;<strong>La inclusi\u00f3n en el temario del decretazo desregulador de Javier Milei fue una sorpresa: Villarruel se resist\u00eda a incluirlo, sabedora de que una vez que el tema llegase al recinto el rechazo ser\u00eda inevitable.<\/strong>&nbsp;Pero el malestar generado por las idas y vueltas sobre las&nbsp;<strong>dietas&nbsp;<\/strong>de los legisladores llev\u00f3 a que la vice presidenta se quedara&nbsp;<strong>sin ox\u00edgeno<\/strong>&nbsp;para continuar resistiendo.<\/p>\n\n\n\n<p>Es as\u00ed que, este&nbsp;<strong>jueves<\/strong>&nbsp;a las 11, Milei se enfrentar\u00e1 a una nueva derrota legislativa. Una derrota que ser\u00e1 a\u00fan m\u00e1s devastadora que la de la Ley \u00d3mnibus, ya que se estima que el<strong>&nbsp;rechazo al DNU ronda, por estas horas, casi los dos tercios del recinto<\/strong>. La gran inc\u00f3gnita es qu\u00e9 har\u00e1 el&nbsp;<strong>radicalismo<\/strong>, que se encuentra en una encrucijada que podr\u00eda derivar en una ruptura del partido, public\u00f3 P\u00e1gina\/12.<\/p>\n\n\n\n<p>Temprano a la ma\u00f1ana, el panorama en el Senado era otro. El temporal hab\u00eda retrasado todos los vuelos a Ciudad de Buenos Aires y, por unas horas,&nbsp;<strong>la lluvia amenazaba lograr lo que las negociaciones con los gobernadores no hab\u00edan logrado: dilatar, por unos d\u00edas m\u00e1s, la ca\u00edda del DNU en el Senado<\/strong>. Uni\u00f3n por la Patria hac\u00eda cuentas y se mord\u00eda las u\u00f1as: hab\u00eda demasiadas ausencias como para poder garantizarse una mayor\u00eda en el recinto. Y es que, originalmente, la estrategia del peronismo no conceb\u00eda que Villarruel pudiera incluir el mega DNU en el temario. UxP, en realidad, apostaba a forzar el tratamiento en el recinto cuando el oficialismo convocara su primera sesi\u00f3n. Necesitaban una mayor\u00eda fuerte para tratar el tema sobre tablas, ya que se anticipaba una furiosa discusi\u00f3n t\u00e9cnica respecto de si eran o no necesarios los dos tercios del recinto, y las ausencias por culpa de la lluvia los ten\u00edan preocupados.<\/p>\n\n\n\n<p>Con el correr de las horas, sin embargo, los vuelos comenzaron a despegar y los aliados del oficialismo que iban llegando al Senado comenzaron a presionar a Villarruel para que incluyera el DNU en la sesi\u00f3n del jueves. La relaci\u00f3n con estos \u201caliados\u201d -es decir, la delicada \u201cmayor\u00eda\u201d compuesta por<strong>&nbsp;PRO, radicales y bancadas provinciales<\/strong>&nbsp;que Villarruel hab\u00eda logrado construir para dejar de lado al peronismo- se hab\u00eda ido erosionando en los \u00faltimos d\u00edas, fundamentalmente debido a la marcha atr\u00e1s que Milei orden\u00f3 contra el aumento a las dietas de los legisladores. La relaci\u00f3n ven\u00eda tensa de antes por culpa de los insultos presidenciales y las amenazas de cerrar el Congreso y el lunes, finalmente,&nbsp;<strong>la firma que Villarruel estamp\u00f3 en la resoluci\u00f3n que retrotra\u00eda los aumentos fue la gota que colm\u00f3 el vaso<\/strong>. Ya a la tarde, derrotados, en LLA comenzaron a advertir: \u201cHay 42 senadores que pidieron el tratamiento del DNU. El PJ nunca quiso charlar nada con nosotros, pero otros bloques que s\u00ed y en defensa de la institucionalidad no qued\u00f3 otra que convocar\u201d.<\/p>\n\n\n\n<p>Tarde a la noche sali\u00f3, finalmente, la convocatoria. La sesi\u00f3n comenzar\u00e1 el jueves a las 11 de la ma\u00f1ana y, adem\u00e1s del DNU 70\/2023, contar\u00e1 con otras iniciativas en el temario. Una es la&nbsp;reforma de la<strong>&nbsp;ley de lavado de activos<\/strong>&nbsp;que pide el Grupo de Acci\u00f3n Financiera Internacional (GAFI) que ya tiene media sanci\u00f3n de la C\u00e1mara de Diputados. Tambi\u00e9n la autorizaci\u00f3n al presidente para viajar al exterior, as\u00ed como varios tratados internacionales para evitar la doble imposici\u00f3n.<\/p>\n\n\n\n<p><strong>La frutilla del postre, sin embargo, ser\u00e1 el tratamiento del DNU que modifica y deroga decenas de leyes<\/strong>\u00a0<strong>-como la de Alquileres, la de Tierras, la de G\u00f3ndolas-, plantea una reforma laboral regresiva -suspendida por la Justicia- y habilita la desregulaci\u00f3n de las prepagas. LLA no tiene el n\u00famero para aprobarlo, por lo que el jueves Milei sufrir\u00e1 una enorme derrota.<\/strong>\u00a0<strong>Se espera que casi dos tercios del recinto lo voten en contra:\u00a0<\/strong>los 33 de UxP, pero tambi\u00e9n los dos santacruce\u00f1os que responden a Claudio Vidal, el entrerriano Edgardo Kueider, el correntino \u201cCamau\u201d Esp\u00ednola, la rionegrina M\u00f3nica Silva y los misioneros. Habr\u00e1, a su vez, algunos votos radicales en contra, lo que podr\u00e1 generar una ruptura adentro de la UCR.\u00a0<\/p>\n\n\n\n<p><\/p>\n","protected":false},"excerpt":{"rendered":"<p>Se agot\u00f3 el tiempo de espera. Tras dilatar el tema durante semanas,&nbsp;Victoria Villarruel&nbsp;cedi\u00f3 a las presiones de la oposici\u00f3n y convoc\u00f3, finalmente, a una sesi\u00f3n para tratar el mega DNU&hellip;<\/p>\n","protected":false},"author":3,"featured_media":254923,"comment_status":"closed","ping_status":"open","sticky":false,"template":"","format":"standard","meta":{"_acf_changed":false,"footnotes":""},"categories":[8],"tags":[],"class_list":["post-256778","post","type-post","status-publish","format-standard","has-post-thumbnail","hentry","category-politica"],"acf":[],"yoast_head":"<!-- This site is optimized with the Yoast SEO plugin v27.5 - https:\/\/yoast.com\/product\/yoast-seo-wordpress\/ -->\n<title>Villarruel convoc\u00f3 finalmente a una sesi\u00f3n para tratar el DNU: se expone a una derrota - Diario Textual<\/title>\n<meta name=\"robots\" content=\"index, follow, max-snippet:-1, max-image-preview:large, max-video-preview:-1\" \/>\n<link rel=\"canonical\" href=\"https:\/\/diariotextual.com\/inicio\/index.php\/2024\/03\/13\/villarruel-convoco-finalmente-a-una-sesion-para-tratar-el-dnu-se-expone-a-una-derrota\/\" \/>\n<meta property=\"og:locale\" content=\"es_ES\" \/>\n<meta property=\"og:type\" content=\"article\" \/>\n<meta property=\"og:title\" content=\"Villarruel convoc\u00f3 finalmente a una sesi\u00f3n para tratar el DNU: se expone a una derrota - Diario Textual\" \/>\n<meta property=\"og:description\" content=\"Se agot\u00f3 el tiempo de espera. Tras dilatar el tema durante semanas,&nbsp;Victoria Villarruel&nbsp;cedi\u00f3 a las presiones de la oposici\u00f3n y convoc\u00f3, finalmente, a una sesi\u00f3n para tratar el mega DNU&hellip;\" \/>\n<meta property=\"og:url\" content=\"https:\/\/diariotextual.com\/inicio\/index.php\/2024\/03\/13\/villarruel-convoco-finalmente-a-una-sesion-para-tratar-el-dnu-se-expone-a-una-derrota\/\" \/>\n<meta property=\"og:site_name\" content=\"Diario Textual\" \/>\n<meta property=\"article:publisher\" content=\"https:\/\/www.facebook.com\/eltextual\" \/>\n<meta property=\"article:published_time\" content=\"2024-03-13T08:37:50+00:00\" \/>\n<meta property=\"article:modified_time\" content=\"2024-03-13T22:58:26+00:00\" \/>\n<meta property=\"og:image\" content=\"https:\/\/diariotextual.com\/inicio\/wp-content\/uploads\/2024\/02\/villarruelvictoria2024-1.jpg\" \/>\n\t<meta property=\"og:image:width\" content=\"1868\" \/>\n\t<meta property=\"og:image:height\" content=\"1267\" \/>\n\t<meta property=\"og:image:type\" content=\"image\/jpeg\" \/>\n<meta name=\"author\" content=\"Diario1 Diario1\" \/>\n<meta name=\"twitter:card\" content=\"summary_large_image\" \/>\n<meta name=\"twitter:creator\" content=\"@eltextual\" \/>\n<meta name=\"twitter:site\" content=\"@eltextual\" \/>\n<meta name=\"twitter:label1\" content=\"Escrito por\" \/>\n\t<meta name=\"twitter:data1\" content=\"Diario1 Diario1\" \/>\n\t<meta name=\"twitter:label2\" content=\"Tiempo de lectura\" \/>\n\t<meta name=\"twitter:data2\" content=\"4 minutos\" \/>\n<script type=\"application\/ld+json\" class=\"yoast-schema-graph\">{\"@context\":\"https:\\\/\\\/schema.org\",\"@graph\":[{\"@type\":\"Article\",\"@id\":\"https:\\\/\\\/diariotextual.com\\\/inicio\\\/index.php\\\/2024\\\/03\\\/13\\\/villarruel-convoco-finalmente-a-una-sesion-para-tratar-el-dnu-se-expone-a-una-derrota\\\/#article\",\"isPartOf\":{\"@id\":\"https:\\\/\\\/diariotextual.com\\\/inicio\\\/index.php\\\/2024\\\/03\\\/13\\\/villarruel-convoco-finalmente-a-una-sesion-para-tratar-el-dnu-se-expone-a-una-derrota\\\/\"},\"author\":{\"name\":\"Diario1 Diario1\",\"@id\":\"https:\\\/\\\/diariotextual.com\\\/inicio\\\/#\\\/schema\\\/person\\\/418fc4093c33e86ed41562db3508f958\"},\"headline\":\"Villarruel convoc\u00f3 finalmente a una sesi\u00f3n para tratar el DNU: se expone a una derrota\",\"datePublished\":\"2024-03-13T08:37:50+00:00\",\"dateModified\":\"2024-03-13T22:58:26+00:00\",\"mainEntityOfPage\":{\"@id\":\"https:\\\/\\\/diariotextual.com\\\/inicio\\\/index.php\\\/2024\\\/03\\\/13\\\/villarruel-convoco-finalmente-a-una-sesion-para-tratar-el-dnu-se-expone-a-una-derrota\\\/\"},\"wordCount\":790,\"publisher\":{\"@id\":\"https:\\\/\\\/diariotextual.com\\\/inicio\\\/#organization\"},\"image\":{\"@id\":\"https:\\\/\\\/diariotextual.com\\\/inicio\\\/index.php\\\/2024\\\/03\\\/13\\\/villarruel-convoco-finalmente-a-una-sesion-para-tratar-el-dnu-se-expone-a-una-derrota\\\/#primaryimage\"},\"thumbnailUrl\":\"https:\\\/\\\/diariotextual.com\\\/inicio\\\/wp-content\\\/uploads\\\/2024\\\/02\\\/villarruelvictoria2024-1.jpg\",\"articleSection\":[\"POLITICA\"],\"inLanguage\":\"es\"},{\"@type\":\"WebPage\",\"@id\":\"https:\\\/\\\/diariotextual.com\\\/inicio\\\/index.php\\\/2024\\\/03\\\/13\\\/villarruel-convoco-finalmente-a-una-sesion-para-tratar-el-dnu-se-expone-a-una-derrota\\\/\",\"url\":\"https:\\\/\\\/diariotextual.com\\\/inicio\\\/index.php\\\/2024\\\/03\\\/13\\\/villarruel-convoco-finalmente-a-una-sesion-para-tratar-el-dnu-se-expone-a-una-derrota\\\/\",\"name\":\"Villarruel convoc\u00f3 finalmente a una sesi\u00f3n para tratar el DNU: se expone a una derrota - Diario Textual\",\"isPartOf\":{\"@id\":\"https:\\\/\\\/diariotextual.com\\\/inicio\\\/#website\"},\"primaryImageOfPage\":{\"@id\":\"https:\\\/\\\/diariotextual.com\\\/inicio\\\/index.php\\\/2024\\\/03\\\/13\\\/villarruel-convoco-finalmente-a-una-sesion-para-tratar-el-dnu-se-expone-a-una-derrota\\\/#primaryimage\"},\"image\":{\"@id\":\"https:\\\/\\\/diariotextual.com\\\/inicio\\\/index.php\\\/2024\\\/03\\\/13\\\/villarruel-convoco-finalmente-a-una-sesion-para-tratar-el-dnu-se-expone-a-una-derrota\\\/#primaryimage\"},\"thumbnailUrl\":\"https:\\\/\\\/diariotextual.com\\\/inicio\\\/wp-content\\\/uploads\\\/2024\\\/02\\\/villarruelvictoria2024-1.jpg\",\"datePublished\":\"2024-03-13T08:37:50+00:00\",\"dateModified\":\"2024-03-13T22:58:26+00:00\",\"breadcrumb\":{\"@id\":\"https:\\\/\\\/diariotextual.com\\\/inicio\\\/index.php\\\/2024\\\/03\\\/13\\\/villarruel-convoco-finalmente-a-una-sesion-para-tratar-el-dnu-se-expone-a-una-derrota\\\/#breadcrumb\"},\"inLanguage\":\"es\",\"potentialAction\":[{\"@type\":\"ReadAction\",\"target\":[\"https:\\\/\\\/diariotextual.com\\\/inicio\\\/index.php\\\/2024\\\/03\\\/13\\\/villarruel-convoco-finalmente-a-una-sesion-para-tratar-el-dnu-se-expone-a-una-derrota\\\/\"]}]},{\"@type\":\"ImageObject\",\"inLanguage\":\"es\",\"@id\":\"https:\\\/\\\/diariotextual.com\\\/inicio\\\/index.php\\\/2024\\\/03\\\/13\\\/villarruel-convoco-finalmente-a-una-sesion-para-tratar-el-dnu-se-expone-a-una-derrota\\\/#primaryimage\",\"url\":\"https:\\\/\\\/diariotextual.com\\\/inicio\\\/wp-content\\\/uploads\\\/2024\\\/02\\\/villarruelvictoria2024-1.jpg\",\"contentUrl\":\"https:\\\/\\\/diariotextual.com\\\/inicio\\\/wp-content\\\/uploads\\\/2024\\\/02\\\/villarruelvictoria2024-1.jpg\",\"width\":1868,\"height\":1267,\"caption\":\"Ceremonia de asunci\u00f3n y traspaso de mando presidencial, en el Congreso de la Naci\u00f3n, el 10 de Diciembre de 2023 en Buenos Aires, Argentina. Fotos: Juan Carlos Cardenas\\\/ Comunicaci\u00f3n Senado.\"},{\"@type\":\"BreadcrumbList\",\"@id\":\"https:\\\/\\\/diariotextual.com\\\/inicio\\\/index.php\\\/2024\\\/03\\\/13\\\/villarruel-convoco-finalmente-a-una-sesion-para-tratar-el-dnu-se-expone-a-una-derrota\\\/#breadcrumb\",\"itemListElement\":[{\"@type\":\"ListItem\",\"position\":1,\"name\":\"Portada\",\"item\":\"https:\\\/\\\/diariotextual.com\\\/inicio\\\/\"},{\"@type\":\"ListItem\",\"position\":2,\"name\":\"Villarruel convoc\u00f3 finalmente a una sesi\u00f3n para tratar el DNU: se expone a una derrota\"}]},{\"@type\":\"WebSite\",\"@id\":\"https:\\\/\\\/diariotextual.com\\\/inicio\\\/#website\",\"url\":\"https:\\\/\\\/diariotextual.com\\\/inicio\\\/\",\"name\":\"Diario Textual\",\"description\":\"\",\"publisher\":{\"@id\":\"https:\\\/\\\/diariotextual.com\\\/inicio\\\/#organization\"},\"potentialAction\":[{\"@type\":\"SearchAction\",\"target\":{\"@type\":\"EntryPoint\",\"urlTemplate\":\"https:\\\/\\\/diariotextual.com\\\/inicio\\\/?s={search_term_string}\"},\"query-input\":{\"@type\":\"PropertyValueSpecification\",\"valueRequired\":true,\"valueName\":\"search_term_string\"}}],\"inLanguage\":\"es\"},{\"@type\":\"Organization\",\"@id\":\"https:\\\/\\\/diariotextual.com\\\/inicio\\\/#organization\",\"name\":\"Diario Textual\",\"url\":\"https:\\\/\\\/diariotextual.com\\\/inicio\\\/\",\"logo\":{\"@type\":\"ImageObject\",\"inLanguage\":\"es\",\"@id\":\"https:\\\/\\\/diariotextual.com\\\/inicio\\\/#\\\/schema\\\/logo\\\/image\\\/\",\"url\":\"https:\\\/\\\/diariotextual.com\\\/inicio\\\/wp-content\\\/uploads\\\/2023\\\/05\\\/logotextual1.jpg\",\"contentUrl\":\"https:\\\/\\\/diariotextual.com\\\/inicio\\\/wp-content\\\/uploads\\\/2023\\\/05\\\/logotextual1.jpg\",\"width\":516,\"height\":76,\"caption\":\"Diario Textual\"},\"image\":{\"@id\":\"https:\\\/\\\/diariotextual.com\\\/inicio\\\/#\\\/schema\\\/logo\\\/image\\\/\"},\"sameAs\":[\"https:\\\/\\\/www.facebook.com\\\/eltextual\",\"https:\\\/\\\/x.com\\\/eltextual\",\"http:\\\/\\\/www.instagram.com\\\/eltextual\"]},{\"@type\":\"Person\",\"@id\":\"https:\\\/\\\/diariotextual.com\\\/inicio\\\/#\\\/schema\\\/person\\\/418fc4093c33e86ed41562db3508f958\",\"name\":\"Diario1 Diario1\",\"image\":{\"@type\":\"ImageObject\",\"inLanguage\":\"es\",\"@id\":\"https:\\\/\\\/secure.gravatar.com\\\/avatar\\\/9167d280179c85bc18be67aa7eda765854300033af4896dd779b608640f2ef7a?s=96&d=mm&r=g\",\"url\":\"https:\\\/\\\/secure.gravatar.com\\\/avatar\\\/9167d280179c85bc18be67aa7eda765854300033af4896dd779b608640f2ef7a?s=96&d=mm&r=g\",\"contentUrl\":\"https:\\\/\\\/secure.gravatar.com\\\/avatar\\\/9167d280179c85bc18be67aa7eda765854300033af4896dd779b608640f2ef7a?s=96&d=mm&r=g\",\"caption\":\"Diario1 Diario1\"},\"url\":\"https:\\\/\\\/diariotextual.com\\\/inicio\\\/index.php\\\/author\\\/diario1\\\/\"}]}<\/script>\n<!-- \/ Yoast SEO plugin. -->","yoast_head_json":{"title":"Villarruel convoc\u00f3 finalmente a una sesi\u00f3n para tratar el DNU: se expone a una derrota - Diario Textual","robots":{"index":"index","follow":"follow","max-snippet":"max-snippet:-1","max-image-preview":"max-image-preview:large","max-video-preview":"max-video-preview:-1"},"canonical":"https:\/\/diariotextual.com\/inicio\/index.php\/2024\/03\/13\/villarruel-convoco-finalmente-a-una-sesion-para-tratar-el-dnu-se-expone-a-una-derrota\/","og_locale":"es_ES","og_type":"article","og_title":"Villarruel convoc\u00f3 finalmente a una sesi\u00f3n para tratar el DNU: se expone a una derrota - Diario Textual","og_description":"Se agot\u00f3 el tiempo de espera. Tras dilatar el tema durante semanas,&nbsp;Victoria Villarruel&nbsp;cedi\u00f3 a las presiones de la oposici\u00f3n y convoc\u00f3, finalmente, a una sesi\u00f3n para tratar el mega DNU&hellip;","og_url":"https:\/\/diariotextual.com\/inicio\/index.php\/2024\/03\/13\/villarruel-convoco-finalmente-a-una-sesion-para-tratar-el-dnu-se-expone-a-una-derrota\/","og_site_name":"Diario Textual","article_publisher":"https:\/\/www.facebook.com\/eltextual","article_published_time":"2024-03-13T08:37:50+00:00","article_modified_time":"2024-03-13T22:58:26+00:00","og_image":[{"width":1868,"height":1267,"url":"https:\/\/diariotextual.com\/inicio\/wp-content\/uploads\/2024\/02\/villarruelvictoria2024-1.jpg","type":"image\/jpeg"}],"author":"Diario1 Diario1","twitter_card":"summary_large_image","twitter_creator":"@eltextual","twitter_site":"@eltextual","twitter_misc":{"Escrito por":"Diario1 Diario1","Tiempo de lectura":"4 minutos"},"schema":{"@context":"https:\/\/schema.org","@graph":[{"@type":"Article","@id":"https:\/\/diariotextual.com\/inicio\/index.php\/2024\/03\/13\/villarruel-convoco-finalmente-a-una-sesion-para-tratar-el-dnu-se-expone-a-una-derrota\/#article","isPartOf":{"@id":"https:\/\/diariotextual.com\/inicio\/index.php\/2024\/03\/13\/villarruel-convoco-finalmente-a-una-sesion-para-tratar-el-dnu-se-expone-a-una-derrota\/"},"author":{"name":"Diario1 Diario1","@id":"https:\/\/diariotextual.com\/inicio\/#\/schema\/person\/418fc4093c33e86ed41562db3508f958"},"headline":"Villarruel convoc\u00f3 finalmente a una sesi\u00f3n para tratar el DNU: se expone a una derrota","datePublished":"2024-03-13T08:37:50+00:00","dateModified":"2024-03-13T22:58:26+00:00","mainEntityOfPage":{"@id":"https:\/\/diariotextual.com\/inicio\/index.php\/2024\/03\/13\/villarruel-convoco-finalmente-a-una-sesion-para-tratar-el-dnu-se-expone-a-una-derrota\/"},"wordCount":790,"publisher":{"@id":"https:\/\/diariotextual.com\/inicio\/#organization"},"image":{"@id":"https:\/\/diariotextual.com\/inicio\/index.php\/2024\/03\/13\/villarruel-convoco-finalmente-a-una-sesion-para-tratar-el-dnu-se-expone-a-una-derrota\/#primaryimage"},"thumbnailUrl":"https:\/\/diariotextual.com\/inicio\/wp-content\/uploads\/2024\/02\/villarruelvictoria2024-1.jpg","articleSection":["POLITICA"],"inLanguage":"es"},{"@type":"WebPage","@id":"https:\/\/diariotextual.com\/inicio\/index.php\/2024\/03\/13\/villarruel-convoco-finalmente-a-una-sesion-para-tratar-el-dnu-se-expone-a-una-derrota\/","url":"https:\/\/diariotextual.com\/inicio\/index.php\/2024\/03\/13\/villarruel-convoco-finalmente-a-una-sesion-para-tratar-el-dnu-se-expone-a-una-derrota\/","name":"Villarruel convoc\u00f3 finalmente a una sesi\u00f3n para tratar el DNU: se expone a una derrota - Diario Textual","isPartOf":{"@id":"https:\/\/diariotextual.com\/inicio\/#website"},"primaryImageOfPage":{"@id":"https:\/\/diariotextual.com\/inicio\/index.php\/2024\/03\/13\/villarruel-convoco-finalmente-a-una-sesion-para-tratar-el-dnu-se-expone-a-una-derrota\/#primaryimage"},"image":{"@id":"https:\/\/diariotextual.com\/inicio\/index.php\/2024\/03\/13\/villarruel-convoco-finalmente-a-una-sesion-para-tratar-el-dnu-se-expone-a-una-derrota\/#primaryimage"},"thumbnailUrl":"https:\/\/diariotextual.com\/inicio\/wp-content\/uploads\/2024\/02\/villarruelvictoria2024-1.jpg","datePublished":"2024-03-13T08:37:50+00:00","dateModified":"2024-03-13T22:58:26+00:00","breadcrumb":{"@id":"https:\/\/diariotextual.com\/inicio\/index.php\/2024\/03\/13\/villarruel-convoco-finalmente-a-una-sesion-para-tratar-el-dnu-se-expone-a-una-derrota\/#breadcrumb"},"inLanguage":"es","potentialAction":[{"@type":"ReadAction","target":["https:\/\/diariotextual.com\/inicio\/index.php\/2024\/03\/13\/villarruel-convoco-finalmente-a-una-sesion-para-tratar-el-dnu-se-expone-a-una-derrota\/"]}]},{"@type":"ImageObject","inLanguage":"es","@id":"https:\/\/diariotextual.com\/inicio\/index.php\/2024\/03\/13\/villarruel-convoco-finalmente-a-una-sesion-para-tratar-el-dnu-se-expone-a-una-derrota\/#primaryimage","url":"https:\/\/diariotextual.com\/inicio\/wp-content\/uploads\/2024\/02\/villarruelvictoria2024-1.jpg","contentUrl":"https:\/\/diariotextual.com\/inicio\/wp-content\/uploads\/2024\/02\/villarruelvictoria2024-1.jpg","width":1868,"height":1267,"caption":"Ceremonia de asunci\u00f3n y traspaso de mando presidencial, en el Congreso de la Naci\u00f3n, el 10 de Diciembre de 2023 en Buenos Aires, Argentina. Fotos: Juan Carlos Cardenas\/ Comunicaci\u00f3n Senado."},{"@type":"BreadcrumbList","@id":"https:\/\/diariotextual.com\/inicio\/index.php\/2024\/03\/13\/villarruel-convoco-finalmente-a-una-sesion-para-tratar-el-dnu-se-expone-a-una-derrota\/#breadcrumb","itemListElement":[{"@type":"ListItem","position":1,"name":"Portada","item":"https:\/\/diariotextual.com\/inicio\/"},{"@type":"ListItem","position":2,"name":"Villarruel convoc\u00f3 finalmente a una sesi\u00f3n para tratar el DNU: se expone a una derrota"}]},{"@type":"WebSite","@id":"https:\/\/diariotextual.com\/inicio\/#website","url":"https:\/\/diariotextual.com\/inicio\/","name":"Diario Textual","description":"","publisher":{"@id":"https:\/\/diariotextual.com\/inicio\/#organization"},"potentialAction":[{"@type":"SearchAction","target":{"@type":"EntryPoint","urlTemplate":"https:\/\/diariotextual.com\/inicio\/?s={search_term_string}"},"query-input":{"@type":"PropertyValueSpecification","valueRequired":true,"valueName":"search_term_string"}}],"inLanguage":"es"},{"@type":"Organization","@id":"https:\/\/diariotextual.com\/inicio\/#organization","name":"Diario Textual","url":"https:\/\/diariotextual.com\/inicio\/","logo":{"@type":"ImageObject","inLanguage":"es","@id":"https:\/\/diariotextual.com\/inicio\/#\/schema\/logo\/image\/","url":"https:\/\/diariotextual.com\/inicio\/wp-content\/uploads\/2023\/05\/logotextual1.jpg","contentUrl":"https:\/\/diariotextual.com\/inicio\/wp-content\/uploads\/2023\/05\/logotextual1.jpg","width":516,"height":76,"caption":"Diario Textual"},"image":{"@id":"https:\/\/diariotextual.com\/inicio\/#\/schema\/logo\/image\/"},"sameAs":["https:\/\/www.facebook.com\/eltextual","https:\/\/x.com\/eltextual","http:\/\/www.instagram.com\/eltextual"]},{"@type":"Person","@id":"https:\/\/diariotextual.com\/inicio\/#\/schema\/person\/418fc4093c33e86ed41562db3508f958","name":"Diario1 Diario1","image":{"@type":"ImageObject","inLanguage":"es","@id":"https:\/\/secure.gravatar.com\/avatar\/9167d280179c85bc18be67aa7eda765854300033af4896dd779b608640f2ef7a?s=96&d=mm&r=g","url":"https:\/\/secure.gravatar.com\/avatar\/9167d280179c85bc18be67aa7eda765854300033af4896dd779b608640f2ef7a?s=96&d=mm&r=g","contentUrl":"https:\/\/secure.gravatar.com\/avatar\/9167d280179c85bc18be67aa7eda765854300033af4896dd779b608640f2ef7a?s=96&d=mm&r=g","caption":"Diario1 Diario1"},"url":"https:\/\/diariotextual.com\/inicio\/index.php\/author\/diario1\/"}]}},"_links":{"self":[{"href":"https:\/\/diariotextual.com\/inicio\/index.php\/wp-json\/wp\/v2\/posts\/256778","targetHints":{"allow":["GET"]}}],"collection":[{"href":"https:\/\/diariotextual.com\/inicio\/index.php\/wp-json\/wp\/v2\/posts"}],"about":[{"href":"https:\/\/diariotextual.com\/inicio\/index.php\/wp-json\/wp\/v2\/types\/post"}],"author":[{"embeddable":true,"href":"https:\/\/diariotextual.com\/inicio\/index.php\/wp-json\/wp\/v2\/users\/3"}],"replies":[{"embeddable":true,"href":"https:\/\/diariotextual.com\/inicio\/index.php\/wp-json\/wp\/v2\/comments?post=256778"}],"version-history":[{"count":1,"href":"https:\/\/diariotextual.com\/inicio\/index.php\/wp-json\/wp\/v2\/posts\/256778\/revisions"}],"predecessor-version":[{"id":256779,"href":"https:\/\/diariotextual.com\/inicio\/index.php\/wp-json\/wp\/v2\/posts\/256778\/revisions\/256779"}],"wp:featuredmedia":[{"embeddable":true,"href":"https:\/\/diariotextual.com\/inicio\/index.php\/wp-json\/wp\/v2\/media\/254923"}],"wp:attachment":[{"href":"https:\/\/diariotextual.com\/inicio\/index.php\/wp-json\/wp\/v2\/media?parent=256778"}],"wp:term":[{"taxonomy":"category","embeddable":true,"href":"https:\/\/diariotextual.com\/inicio\/index.php\/wp-json\/wp\/v2\/categories?post=256778"},{"taxonomy":"post_tag","embeddable":true,"href":"https:\/\/diariotextual.com\/inicio\/index.php\/wp-json\/wp\/v2\/tags?post=256778"}],"curies":[{"name":"wp","href":"https:\/\/api.w.org\/{rel}","templated":true}]}}